{"id":15441,"date":"2025-12-21T09:52:58","date_gmt":"2025-12-21T06:52:58","guid":{"rendered":"https:\/\/memurunsesi.net\/?p=15441"},"modified":"2025-12-21T09:53:41","modified_gmt":"2025-12-21T06:53:41","slug":"acil-serviste-hayat-kurtariyor-daglarda-pedal-ceviriyor","status":"publish","type":"post","link":"https:\/\/memurunsesi.net\/index.php\/2025\/12\/21\/acil-serviste-hayat-kurtariyor-daglarda-pedal-ceviriyor\/","title":{"rendered":"Acil serviste hayat kurtar\u0131yor, da\u011flarda pedal \u00e7eviriyor"},"content":{"rendered":"<p><img  title=\"\" fetchpriority=\"high\" decoding=\"async\" class=\"size-large wp-image-15443\" src=\"https:\/\/memurunsesi.net\/wp-content\/uploads\/2025\/12\/dr-1024x768.jpg\"  alt=\"dr-1024x768 Acil serviste hayat kurtar\u0131yor, da\u011flarda pedal \u00e7eviriyor\"  width=\"640\" height=\"480\" srcset=\"https:\/\/memurunsesi.net\/wp-content\/uploads\/2025\/12\/dr-1024x768.jpg 1024w, https:\/\/memurunsesi.net\/wp-content\/uploads\/2025\/12\/dr-300x225.jpg 300w, https:\/\/memurunsesi.net\/wp-content\/uploads\/2025\/12\/dr-768x576.jpg 768w, https:\/\/memurunsesi.net\/wp-content\/uploads\/2025\/12\/dr-1536x1152.jpg 1536w, https:\/\/memurunsesi.net\/wp-content\/uploads\/2025\/12\/dr-2048x1536.jpg 2048w\" sizes=\"(max-width: 640px) 100vw, 640px\" \/><\/p>\n<p>Giresun&#8217;un Eynesil il\u00e7e Devlet Hastanesi acil servisinde g\u00f6rev yapan 28 ya\u015f\u0131ndaki doktor Semih G\u00fcrel, yo\u011fun ge\u00e7en 24 saatlik n\u00f6betlerin ard\u0131ndan da\u011f bisikletine atlayarak Karadeniz&#8217;in zorlu co\u011frafyas\u0131nda kilometrelerce pedal \u00e7eviriyor. Kar, ya\u011fmur ve sis demeden y\u00fcksek rak\u0131ml\u0131 yaylalara uzanan yolculuklar\u0131yla dikkat \u00e7eken G\u00fcrel, hem mesle\u011fi hem de do\u011fa tutkusuyla sosyal medyada ilgi oda\u011f\u0131 oluyor.<br \/>\nGiresun&#8217;un Eynesil il\u00e7esinde Devlet Hastanesi acil servisinde g\u00f6rev yapan 28 ya\u015f\u0131ndaki doktor Semih G\u00fcrel, insanlar\u0131n en zor anlar\u0131na tan\u0131kl\u0131k etti\u011fi 24 saatlik n\u00f6betlerin ard\u0131ndan, yorgunlu\u011funu Karadeniz&#8217;in sisli da\u011f yollar\u0131nda pedal \u00e7evirerek at\u0131yor. Beyaz \u00f6nl\u00fc\u011f\u00fcn\u00fc \u00e7\u0131kar\u0131p kask\u0131n\u0131 takan G\u00fcrel, kar, ya\u011fmur ve so\u011fu\u011fa ald\u0131rmadan yaylalara uzanan yolculuklar\u0131yla hem kendini hem de izleyenleri derinden etkiliyor. Ankara&#8217;dan yakla\u015f\u0131k 1,5 y\u0131l \u00f6nce Giresun&#8217;a atanan Dr. Semih G\u00fcrel, \u015fehir hayat\u0131nda scooter kulland\u0131\u011f\u0131n\u0131, Karadeniz&#8217;e gelince ise bu co\u011frafyan\u0131n ruhuna uygun bir da\u011f bisikleti ald\u0131\u011f\u0131n\u0131 s\u00f6yl\u00fcyor. Acil serviste ge\u00e7en yo\u011fun ve stresli saatlerin ard\u0131ndan bisikletine binmenin kendisi i\u00e7in sadece bir spor de\u011fil, bir nefes alma an\u0131 oldu\u011funu dile getiren G\u00fcrel, da\u011f tepe demeden yollara d\u00fc\u015f\u00fcyor.<br \/>\nBazen 5-6 saati bulan s\u00fcr\u00fc\u015flerinde y\u00fcksek rak\u0131ml\u0131 yaylalara \u00e7\u0131kan G\u00fcrel, karla kapl\u0131 patikalarda, ya\u011fmur alt\u0131nda ve sisin i\u00e7inde pedal \u00e7eviriyor. Do\u011fayla ba\u015f ba\u015fa kald\u0131\u011f\u0131 bu yolculuklar\u0131 kask kameras\u0131yla kayda alan gen\u00e7 doktor, g\u00f6r\u00fcnt\u00fcleri sosyal medya hesab\u0131nda payla\u015f\u0131yor. \u0130nsan hayat\u0131na dokundu\u011fu saatlerin ard\u0131ndan do\u011fan\u0131n kalbine s\u0131\u011f\u0131nan Semih G\u00fcrel, bisikletin kendisi i\u00e7in bir terapi oldu\u011funu vurguluyor. Zorlu g\u00f6rev temposunun a\u011f\u0131rl\u0131\u011f\u0131n\u0131 her pedalda biraz daha geride b\u0131rakan G\u00fcrel&#8217;in Karadeniz&#8217;in zorlu ama bir o kadar da etkileyici do\u011fas\u0131nda yapt\u0131\u011f\u0131 yolculuklar, takip\u00e7ilerine hem ilham veriyor hem de b\u00f6lgenin do\u011fal g\u00fczelliklerini g\u00f6zler \u00f6n\u00fcne seriyor.<br \/>\nAnkara&#8217;dan 1,5 y\u0131l \u00f6nce Giresun&#8217;un Eynesil il\u00e7esine atand\u0131\u011f\u0131n\u0131 belirten Semih G\u00fcrel, &#8220;Orada scoter s\u00fcr\u00fcc\u00fcs\u00fcyd\u00fcm. Buraya gelince co\u011frafyaya uygun da\u011f bisikleti ald\u0131m. 1,5 y\u0131ld\u0131r bo\u015f g\u00fcn\u00fcmde da\u011f bay\u0131r geziyorum. Acil serviste 24 saatlik n\u00f6betlerden sonra kafa da\u011f\u0131tma ama\u00e7l\u0131 spontane geziler d\u00fczenliyorum&#8221; dedi.<\/p>\n<p>&#8220;Bir taraf\u0131m ye\u015fil bir taraf\u0131m mavi&#8221;<br \/>\nYol boyunca bir taraf\u0131n mavi di\u011fer taraf\u0131n ye\u015fil olmas\u0131n\u0131n g\u00fczel hissettirdi\u011fini kaydeden G\u00fcrel, &#8220;Buras\u0131 bir sahil il\u00e7esi ama 2 kilometre \u00f6tesi hep y\u00fckselti ba\u015fl\u0131yor. Da\u011fl\u0131k bir alan. Sahil boyu gezdikten sonra i\u00e7eri girsek y\u00fcksel engebe, \u00e7ukur, tepe ba\u015fl\u0131yor. Ona uygun bir bisiklet almak istedim. Hava ko\u015fullar\u0131 zorlu oluyor ancak bisiklet s\u00fcrmemize engel olmuyor. Bisikletin jant\u0131 kara uygun. Karda zorlanm\u0131yorum. Mekanik bir alet tamiri kolay. Bazen yolculuklar\u0131m 4-5 saat s\u00fcrebiliyor. Zirveye \u00e7\u0131kt\u0131\u011f\u0131m zaman sahile ini\u015f ger\u00e7ekle\u015ftiriyorum. \u0130ni\u015fler 1-2 saat s\u00fcr\u00fcyor. Yolda \u00e7ok fazla yaban hayvan\u0131 \u00f6l\u00fcl\u00fcleri ile kar\u015f\u0131la\u015f\u0131yorum. Yoldayken trafikte renkli g\u00f6r\u00fcnt\u00fcler g\u00f6r\u00fcyorum. Yol boyunca bir taraf\u0131n mavi bir taraf\u0131n ye\u015fil olmas\u0131 \u00e7ok g\u00fczel hissettiriyor. Bu b\u00f6lge \u00e7ok sulak bir alan. Yol boyunca \u015felaleler, deniz manzaras\u0131 ve dereler g\u00fczel manzaralar olu\u015fturuyor&#8221; \u015feklinde konu\u015ftu.<\/p>\n<p>&#8220;Hayalim d\u00fcnya turu&#8221;<br \/>\nBisikletin kendisine enerji verdi\u011fini kaydeden G\u00fcrel, &#8220;Bisiklet beni yormuyor a\u00e7\u0131k\u00e7as\u0131 enerji veriyor. \u00c7ok kez mesai sonras\u0131 n\u00f6betten \u00e7\u0131k\u0131p uyumadan bisikletle uzun turlar att\u0131\u011f\u0131m olmu\u015ftur. Bisiklet \u00e7ok sa\u011fl\u0131kl\u0131 bir spor. V\u00fccuttaki bir\u00e7ok kas\u0131 \u00e7al\u0131\u015ft\u0131r\u0131yor. Ba\u015fta bacak kas\u0131 dahil olmak \u00fczere \u00fcst v\u00fccudu da \u00e7al\u0131\u015ft\u0131r\u0131yor. Bu 14 kilograml\u0131k bir bisiklet. Sadece bunu ta\u015f\u0131mak bile y\u00fck ta\u015f\u0131tm\u0131\u015f oluyor yani kol, g\u00f6\u011f\u00fcs, s\u0131rt kaslar\u0131 \u00e7al\u0131\u015f\u0131yor. Bel anatomisine \u00e7ok iyi geliyor. Dizlere, men\u00fcsk\u00fcse yani her \u015feye \u00e7ok iyi geliyor. En \u00f6nemlisi de psikolojiye \u00e7ok iyi geliyor. Trabzon, G\u00fcm\u00fc\u015fhane ve Giresun aras\u0131 gezdim. Bundan sonra hayalim bir T\u00fcrkiye turu ondan sonraki hayalim ise d\u00fcnya turu&#8221; ifadelerini kulland\u0131.<\/p>\n<p>21.12.2025<\/p>\n","protected":false},"excerpt":{"rendered":"<p>Giresun&#8217;un Eynesil il\u00e7e Devlet Hastanesi acil servisinde g\u00f6rev yapan 28 ya\u015f\u0131ndaki doktor Semih G\u00fcrel, yo\u011fun ge\u00e7en 24 saatlik n\u00f6betlerin ard\u0131ndan da\u011f bisikletine atlayarak Karadeniz&#8217;in zorlu co\u011frafyas\u0131nda kilometrelerce pedal \u00e7eviriyor. Kar, ya\u011fmur ve sis demeden y\u00fcksek rak\u0131ml\u0131 yaylalara uzanan yolculuklar\u0131yla dikkat \u00e7eken G\u00fcrel, hem mesle\u011fi hem de do\u011fa tutkusuyla sosyal medyada ilgi oda\u011f\u0131 oluyor. Giresun&#8217;un Eynesil [&hellip;]<\/p>\n","protected":false},"author":1,"featured_media":15442,"comment_status":"open","ping_status":"open","sticky":false,"template":"","format":"standard","meta":{"footnotes":""},"categories":[1],"tags":[646,645],"class_list":["post-15441","post","type-post","status-publish","format-standard","has-post-thumbnail","hentry","category-genel","tag-daglarda-pedal-ceviriyor","tag-hayat-kurtariyor"],"yoast_head":"<!-- This site is optimized with the Yoast SEO plugin v27.4 - https:\/\/yoast.com\/product\/yoast-seo-wordpress\/ -->\n<title>Acil serviste hayat kurtar\u0131yor, da\u011flarda pedal \u00e7eviriyor - Memurun Sesi<\/title>\n<meta name=\"description\" content=\"Acil serviste hayat kurtar\u0131yor, da\u011flarda pedal \u00e7eviriyor\" \/>\n<meta name=\"robots\" content=\"index, follow, max-snippet:-1, max-image-preview:large, max-video-preview:-1\" \/>\n<link rel=\"canonical\" href=\"https:\/\/memurunsesi.net\/index.php\/2025\/12\/21\/acil-serviste-hayat-kurtariyor-daglarda-pedal-ceviriyor\/\" \/>\n<meta property=\"og:locale\" content=\"tr_TR\" \/>\n<meta property=\"og:type\" content=\"article\" \/>\n<meta property=\"og:title\" content=\"Acil serviste hayat kurtar\u0131yor, da\u011flarda pedal \u00e7eviriyor - Memurun Sesi\" \/>\n<meta property=\"og:description\" content=\"Acil serviste hayat kurtar\u0131yor, da\u011flarda pedal \u00e7eviriyor\" \/>\n<meta property=\"og:url\" content=\"https:\/\/memurunsesi.net\/index.php\/2025\/12\/21\/acil-serviste-hayat-kurtariyor-daglarda-pedal-ceviriyor\/\" \/>\n<meta property=\"og:site_name\" content=\"Memurun Sesi\" \/>\n<meta property=\"article:publisher\" content=\"https:\/\/www.facebook.com\/unipersen\/?locale=tr_TR\" \/>\n<meta property=\"article:published_time\" content=\"2025-12-21T06:52:58+00:00\" \/>\n<meta property=\"article:modified_time\" content=\"2025-12-21T06:53:41+00:00\" \/>\n<meta property=\"og:image\" content=\"https:\/\/memurunsesi.net\/wp-content\/uploads\/2025\/12\/doktor.jpg\" \/>\n\t<meta property=\"og:image:width\" content=\"1600\" \/>\n\t<meta property=\"og:image:height\" content=\"1200\" \/>\n\t<meta property=\"og:image:type\" content=\"image\/jpeg\" \/>\n<meta name=\"author\" content=\"Memurun Sesi Haber Merkezi\" \/>\n<meta name=\"twitter:card\" content=\"summary_large_image\" \/>\n<meta name=\"twitter:creator\" content=\"@unipersen\" \/>\n<meta name=\"twitter:site\" content=\"@unipersen\" \/>\n<meta name=\"twitter:label1\" content=\"Yazan:\" \/>\n\t<meta name=\"twitter:data1\" content=\"Memurun Sesi Haber Merkezi\" \/>\n\t<meta name=\"twitter:label2\" content=\"Tahmini okuma s\u00fcresi\" \/>\n\t<meta name=\"twitter:data2\" content=\"4 dakika\" \/>\n<script type=\"application\/ld+json\" class=\"yoast-schema-graph\">{\"@context\":\"https:\\\/\\\/schema.org\",\"@graph\":[{\"@type\":\"Article\",\"@id\":\"https:\\\/\\\/memurunsesi.net\\\/index.php\\\/2025\\\/12\\\/21\\\/acil-serviste-hayat-kurtariyor-daglarda-pedal-ceviriyor\\\/#article\",\"isPartOf\":{\"@id\":\"https:\\\/\\\/memurunsesi.net\\\/index.php\\\/2025\\\/12\\\/21\\\/acil-serviste-hayat-kurtariyor-daglarda-pedal-ceviriyor\\\/\"},\"author\":{\"name\":\"Memurun Sesi Haber Merkezi\",\"@id\":\"https:\\\/\\\/memurunsesi.net\\\/#\\\/schema\\\/person\\\/f21c2d73b89f6ee1d80b0a1803e38587\"},\"headline\":\"Acil serviste hayat kurtar\u0131yor, da\u011flarda pedal \u00e7eviriyor\",\"datePublished\":\"2025-12-21T06:52:58+00:00\",\"dateModified\":\"2025-12-21T06:53:41+00:00\",\"mainEntityOfPage\":{\"@id\":\"https:\\\/\\\/memurunsesi.net\\\/index.php\\\/2025\\\/12\\\/21\\\/acil-serviste-hayat-kurtariyor-daglarda-pedal-ceviriyor\\\/\"},\"wordCount\":732,\"commentCount\":0,\"publisher\":{\"@id\":\"https:\\\/\\\/memurunsesi.net\\\/#organization\"},\"image\":{\"@id\":\"https:\\\/\\\/memurunsesi.net\\\/index.php\\\/2025\\\/12\\\/21\\\/acil-serviste-hayat-kurtariyor-daglarda-pedal-ceviriyor\\\/#primaryimage\"},\"thumbnailUrl\":\"https:\\\/\\\/memurunsesi.net\\\/wp-content\\\/uploads\\\/2025\\\/12\\\/doktor.jpg\",\"keywords\":[\"da\u011flarda pedal \u00e7eviriyor\",\"hayat kurtar\u0131yor\"],\"inLanguage\":\"tr\",\"potentialAction\":[{\"@type\":\"CommentAction\",\"name\":\"Comment\",\"target\":[\"https:\\\/\\\/memurunsesi.net\\\/index.php\\\/2025\\\/12\\\/21\\\/acil-serviste-hayat-kurtariyor-daglarda-pedal-ceviriyor\\\/#respond\"]}]},{\"@type\":\"WebPage\",\"@id\":\"https:\\\/\\\/memurunsesi.net\\\/index.php\\\/2025\\\/12\\\/21\\\/acil-serviste-hayat-kurtariyor-daglarda-pedal-ceviriyor\\\/\",\"url\":\"https:\\\/\\\/memurunsesi.net\\\/index.php\\\/2025\\\/12\\\/21\\\/acil-serviste-hayat-kurtariyor-daglarda-pedal-ceviriyor\\\/\",\"name\":\"Acil serviste hayat kurtar\u0131yor, da\u011flarda pedal \u00e7eviriyor - Memurun Sesi\",\"isPartOf\":{\"@id\":\"https:\\\/\\\/memurunsesi.net\\\/#website\"},\"primaryImageOfPage\":{\"@id\":\"https:\\\/\\\/memurunsesi.net\\\/index.php\\\/2025\\\/12\\\/21\\\/acil-serviste-hayat-kurtariyor-daglarda-pedal-ceviriyor\\\/#primaryimage\"},\"image\":{\"@id\":\"https:\\\/\\\/memurunsesi.net\\\/index.php\\\/2025\\\/12\\\/21\\\/acil-serviste-hayat-kurtariyor-daglarda-pedal-ceviriyor\\\/#primaryimage\"},\"thumbnailUrl\":\"https:\\\/\\\/memurunsesi.net\\\/wp-content\\\/uploads\\\/2025\\\/12\\\/doktor.jpg\",\"datePublished\":\"2025-12-21T06:52:58+00:00\",\"dateModified\":\"2025-12-21T06:53:41+00:00\",\"description\":\"Acil serviste hayat kurtar\u0131yor, da\u011flarda pedal \u00e7eviriyor\",\"breadcrumb\":{\"@id\":\"https:\\\/\\\/memurunsesi.net\\\/index.php\\\/2025\\\/12\\\/21\\\/acil-serviste-hayat-kurtariyor-daglarda-pedal-ceviriyor\\\/#breadcrumb\"},\"inLanguage\":\"tr\",\"potentialAction\":[{\"@type\":\"ReadAction\",\"target\":[\"https:\\\/\\\/memurunsesi.net\\\/index.php\\\/2025\\\/12\\\/21\\\/acil-serviste-hayat-kurtariyor-daglarda-pedal-ceviriyor\\\/\"]}]},{\"@type\":\"ImageObject\",\"inLanguage\":\"tr\",\"@id\":\"https:\\\/\\\/memurunsesi.net\\\/index.php\\\/2025\\\/12\\\/21\\\/acil-serviste-hayat-kurtariyor-daglarda-pedal-ceviriyor\\\/#primaryimage\",\"url\":\"https:\\\/\\\/memurunsesi.net\\\/wp-content\\\/uploads\\\/2025\\\/12\\\/doktor.jpg\",\"contentUrl\":\"https:\\\/\\\/memurunsesi.net\\\/wp-content\\\/uploads\\\/2025\\\/12\\\/doktor.jpg\",\"width\":1600,\"height\":1200,\"caption\":\"G\u0130RESUN'UN EYNES\u0130L DEVLET HASTANES\u0130 AC\u0130L SERV\u0130S\u0130NDE G\u00d6REV YAPAN 28 YA\u015eINDAK\u0130 DOKTOR SEM\u0130H G\u00dcREL, YO\u011eUN GE\u00c7EN 24 SAATL\u0130K N\u00d6BETLER\u0130N ARDINDAN DA\u011e B\u0130S\u0130KLET\u0130NE ATLAYARAK KARADEN\u0130Z'\u0130N ZORLU CO\u011eRAFYASINDA K\u0130LOMETRELERCE PEDAL \u00c7EV\u0130R\u0130YOR. KAR, YA\u011eMUR VE S\u0130S DEMEDEN Y\u00dcKSEK RAKIMLI YAYLALARA UZANAN YOLCULUKLARIYLA D\u0130KKAT \u00c7EKEN G\u00dcREL, HEM MESLE\u011e\u0130 HEM DE DO\u011eA TUTKUSUYLA SOSYAL MEDYADA \u0130LG\u0130 ODA\u011eI OLUYOR. (OZAN K\u00d6SE - TOLGA \u015eAH\u0130N\\\/TRABZON-\u0130HA) Giresun'un Eynesil il\u00e7e Devlet Hastanesi acil servisinde g\u00f6rev yapan 28 ya\u015f\u0131ndaki doktor Semih G\u00fcrel, yo\u011fun ge\u00e7en 24 saatlik n\u00f6betlerin ard\u0131ndan da\u011f bisikletine atlayarak Karadeniz'in zorlu co\u011frafyas\u0131nda kilometrelerce pedal \u00e7eviriyor. Kar, ya\u011fmur ve sis demeden y\u00fcksek rak\u0131ml\u0131 yaylalara uzanan yolculuklar\u0131yla dikkat \u00e7eken G\u00fcrel, hem mesle\u011fi hem de do\u011fa tutkusuyla sosyal medyada ilgi oda\u011f\u0131 oluyor.\"},{\"@type\":\"BreadcrumbList\",\"@id\":\"https:\\\/\\\/memurunsesi.net\\\/index.php\\\/2025\\\/12\\\/21\\\/acil-serviste-hayat-kurtariyor-daglarda-pedal-ceviriyor\\\/#breadcrumb\",\"itemListElement\":[{\"@type\":\"ListItem\",\"position\":1,\"name\":\"Anasayfa\",\"item\":\"https:\\\/\\\/memurunsesi.net\\\/\"},{\"@type\":\"ListItem\",\"position\":2,\"name\":\"Acil serviste hayat kurtar\u0131yor, da\u011flarda pedal \u00e7eviriyor\"}]},{\"@type\":\"WebSite\",\"@id\":\"https:\\\/\\\/memurunsesi.net\\\/#website\",\"url\":\"https:\\\/\\\/memurunsesi.net\\\/\",\"name\":\"Memurun Sesi\",\"description\":\"G\u00fcncel ve Do\u011fru Haber\",\"publisher\":{\"@id\":\"https:\\\/\\\/memurunsesi.net\\\/#organization\"},\"potentialAction\":[{\"@type\":\"SearchAction\",\"target\":{\"@type\":\"EntryPoint\",\"urlTemplate\":\"https:\\\/\\\/memurunsesi.net\\\/?s={search_term_string}\"},\"query-input\":{\"@type\":\"PropertyValueSpecification\",\"valueRequired\":true,\"valueName\":\"search_term_string\"}}],\"inLanguage\":\"tr\"},{\"@type\":\"Organization\",\"@id\":\"https:\\\/\\\/memurunsesi.net\\\/#organization\",\"name\":\"Memurun Sesi\",\"url\":\"https:\\\/\\\/memurunsesi.net\\\/\",\"logo\":{\"@type\":\"ImageObject\",\"inLanguage\":\"tr\",\"@id\":\"https:\\\/\\\/memurunsesi.net\\\/#\\\/schema\\\/logo\\\/image\\\/\",\"url\":\"https:\\\/\\\/memurunsesi.net\\\/wp-content\\\/uploads\\\/2025\\\/11\\\/cropped-MEMURUN-SESI.png\",\"contentUrl\":\"https:\\\/\\\/memurunsesi.net\\\/wp-content\\\/uploads\\\/2025\\\/11\\\/cropped-MEMURUN-SESI.png\",\"width\":238,\"height\":57,\"caption\":\"Memurun Sesi\"},\"image\":{\"@id\":\"https:\\\/\\\/memurunsesi.net\\\/#\\\/schema\\\/logo\\\/image\\\/\"},\"sameAs\":[\"https:\\\/\\\/www.facebook.com\\\/unipersen\\\/?locale=tr_TR\",\"https:\\\/\\\/x.com\\\/unipersen\"]},{\"@type\":\"Person\",\"@id\":\"https:\\\/\\\/memurunsesi.net\\\/#\\\/schema\\\/person\\\/f21c2d73b89f6ee1d80b0a1803e38587\",\"name\":\"Memurun Sesi Haber Merkezi\",\"image\":{\"@type\":\"ImageObject\",\"inLanguage\":\"tr\",\"@id\":\"https:\\\/\\\/secure.gravatar.com\\\/avatar\\\/6cf0505f452ee753f485014986fab09a434671d2b919ee76fc541025c5876a70?s=96&d=mm&r=g\",\"url\":\"https:\\\/\\\/secure.gravatar.com\\\/avatar\\\/6cf0505f452ee753f485014986fab09a434671d2b919ee76fc541025c5876a70?s=96&d=mm&r=g\",\"contentUrl\":\"https:\\\/\\\/secure.gravatar.com\\\/avatar\\\/6cf0505f452ee753f485014986fab09a434671d2b919ee76fc541025c5876a70?s=96&d=mm&r=g\",\"caption\":\"Memurun Sesi Haber Merkezi\"},\"sameAs\":[\"https:\\\/\\\/memurunsesi.net\"],\"url\":\"https:\\\/\\\/memurunsesi.net\\\/index.php\\\/author\\\/uniper\\\/\"}]}<\/script>\n<!-- \/ Yoast SEO plugin. -->","yoast_head_json":{"title":"Acil serviste hayat kurtar\u0131yor, da\u011flarda pedal \u00e7eviriyor - Memurun Sesi","description":"Acil serviste hayat kurtar\u0131yor, da\u011flarda pedal \u00e7eviriyor","robots":{"index":"index","follow":"follow","max-snippet":"max-snippet:-1","max-image-preview":"max-image-preview:large","max-video-preview":"max-video-preview:-1"},"canonical":"https:\/\/memurunsesi.net\/index.php\/2025\/12\/21\/acil-serviste-hayat-kurtariyor-daglarda-pedal-ceviriyor\/","og_locale":"tr_TR","og_type":"article","og_title":"Acil serviste hayat kurtar\u0131yor, da\u011flarda pedal \u00e7eviriyor - Memurun Sesi","og_description":"Acil serviste hayat kurtar\u0131yor, da\u011flarda pedal \u00e7eviriyor","og_url":"https:\/\/memurunsesi.net\/index.php\/2025\/12\/21\/acil-serviste-hayat-kurtariyor-daglarda-pedal-ceviriyor\/","og_site_name":"Memurun Sesi","article_publisher":"https:\/\/www.facebook.com\/unipersen\/?locale=tr_TR","article_published_time":"2025-12-21T06:52:58+00:00","article_modified_time":"2025-12-21T06:53:41+00:00","og_image":[{"width":1600,"height":1200,"url":"https:\/\/memurunsesi.net\/wp-content\/uploads\/2025\/12\/doktor.jpg","type":"image\/jpeg"}],"author":"Memurun Sesi Haber Merkezi","twitter_card":"summary_large_image","twitter_creator":"@unipersen","twitter_site":"@unipersen","twitter_misc":{"Yazan:":"Memurun Sesi Haber Merkezi","Tahmini okuma s\u00fcresi":"4 dakika"},"schema":{"@context":"https:\/\/schema.org","@graph":[{"@type":"Article","@id":"https:\/\/memurunsesi.net\/index.php\/2025\/12\/21\/acil-serviste-hayat-kurtariyor-daglarda-pedal-ceviriyor\/#article","isPartOf":{"@id":"https:\/\/memurunsesi.net\/index.php\/2025\/12\/21\/acil-serviste-hayat-kurtariyor-daglarda-pedal-ceviriyor\/"},"author":{"name":"Memurun Sesi Haber Merkezi","@id":"https:\/\/memurunsesi.net\/#\/schema\/person\/f21c2d73b89f6ee1d80b0a1803e38587"},"headline":"Acil serviste hayat kurtar\u0131yor, da\u011flarda pedal \u00e7eviriyor","datePublished":"2025-12-21T06:52:58+00:00","dateModified":"2025-12-21T06:53:41+00:00","mainEntityOfPage":{"@id":"https:\/\/memurunsesi.net\/index.php\/2025\/12\/21\/acil-serviste-hayat-kurtariyor-daglarda-pedal-ceviriyor\/"},"wordCount":732,"commentCount":0,"publisher":{"@id":"https:\/\/memurunsesi.net\/#organization"},"image":{"@id":"https:\/\/memurunsesi.net\/index.php\/2025\/12\/21\/acil-serviste-hayat-kurtariyor-daglarda-pedal-ceviriyor\/#primaryimage"},"thumbnailUrl":"https:\/\/memurunsesi.net\/wp-content\/uploads\/2025\/12\/doktor.jpg","keywords":["da\u011flarda pedal \u00e7eviriyor","hayat kurtar\u0131yor"],"inLanguage":"tr","potentialAction":[{"@type":"CommentAction","name":"Comment","target":["https:\/\/memurunsesi.net\/index.php\/2025\/12\/21\/acil-serviste-hayat-kurtariyor-daglarda-pedal-ceviriyor\/#respond"]}]},{"@type":"WebPage","@id":"https:\/\/memurunsesi.net\/index.php\/2025\/12\/21\/acil-serviste-hayat-kurtariyor-daglarda-pedal-ceviriyor\/","url":"https:\/\/memurunsesi.net\/index.php\/2025\/12\/21\/acil-serviste-hayat-kurtariyor-daglarda-pedal-ceviriyor\/","name":"Acil serviste hayat kurtar\u0131yor, da\u011flarda pedal \u00e7eviriyor - Memurun Sesi","isPartOf":{"@id":"https:\/\/memurunsesi.net\/#website"},"primaryImageOfPage":{"@id":"https:\/\/memurunsesi.net\/index.php\/2025\/12\/21\/acil-serviste-hayat-kurtariyor-daglarda-pedal-ceviriyor\/#primaryimage"},"image":{"@id":"https:\/\/memurunsesi.net\/index.php\/2025\/12\/21\/acil-serviste-hayat-kurtariyor-daglarda-pedal-ceviriyor\/#primaryimage"},"thumbnailUrl":"https:\/\/memurunsesi.net\/wp-content\/uploads\/2025\/12\/doktor.jpg","datePublished":"2025-12-21T06:52:58+00:00","dateModified":"2025-12-21T06:53:41+00:00","description":"Acil serviste hayat kurtar\u0131yor, da\u011flarda pedal \u00e7eviriyor","breadcrumb":{"@id":"https:\/\/memurunsesi.net\/index.php\/2025\/12\/21\/acil-serviste-hayat-kurtariyor-daglarda-pedal-ceviriyor\/#breadcrumb"},"inLanguage":"tr","potentialAction":[{"@type":"ReadAction","target":["https:\/\/memurunsesi.net\/index.php\/2025\/12\/21\/acil-serviste-hayat-kurtariyor-daglarda-pedal-ceviriyor\/"]}]},{"@type":"ImageObject","inLanguage":"tr","@id":"https:\/\/memurunsesi.net\/index.php\/2025\/12\/21\/acil-serviste-hayat-kurtariyor-daglarda-pedal-ceviriyor\/#primaryimage","url":"https:\/\/memurunsesi.net\/wp-content\/uploads\/2025\/12\/doktor.jpg","contentUrl":"https:\/\/memurunsesi.net\/wp-content\/uploads\/2025\/12\/doktor.jpg","width":1600,"height":1200,"caption":"G\u0130RESUN'UN EYNES\u0130L DEVLET HASTANES\u0130 AC\u0130L SERV\u0130S\u0130NDE G\u00d6REV YAPAN 28 YA\u015eINDAK\u0130 DOKTOR SEM\u0130H G\u00dcREL, YO\u011eUN GE\u00c7EN 24 SAATL\u0130K N\u00d6BETLER\u0130N ARDINDAN DA\u011e B\u0130S\u0130KLET\u0130NE ATLAYARAK KARADEN\u0130Z'\u0130N ZORLU CO\u011eRAFYASINDA K\u0130LOMETRELERCE PEDAL \u00c7EV\u0130R\u0130YOR. KAR, YA\u011eMUR VE S\u0130S DEMEDEN Y\u00dcKSEK RAKIMLI YAYLALARA UZANAN YOLCULUKLARIYLA D\u0130KKAT \u00c7EKEN G\u00dcREL, HEM MESLE\u011e\u0130 HEM DE DO\u011eA TUTKUSUYLA SOSYAL MEDYADA \u0130LG\u0130 ODA\u011eI OLUYOR. (OZAN K\u00d6SE - TOLGA \u015eAH\u0130N\/TRABZON-\u0130HA) Giresun'un Eynesil il\u00e7e Devlet Hastanesi acil servisinde g\u00f6rev yapan 28 ya\u015f\u0131ndaki doktor Semih G\u00fcrel, yo\u011fun ge\u00e7en 24 saatlik n\u00f6betlerin ard\u0131ndan da\u011f bisikletine atlayarak Karadeniz'in zorlu co\u011frafyas\u0131nda kilometrelerce pedal \u00e7eviriyor. Kar, ya\u011fmur ve sis demeden y\u00fcksek rak\u0131ml\u0131 yaylalara uzanan yolculuklar\u0131yla dikkat \u00e7eken G\u00fcrel, hem mesle\u011fi hem de do\u011fa tutkusuyla sosyal medyada ilgi oda\u011f\u0131 oluyor."},{"@type":"BreadcrumbList","@id":"https:\/\/memurunsesi.net\/index.php\/2025\/12\/21\/acil-serviste-hayat-kurtariyor-daglarda-pedal-ceviriyor\/#breadcrumb","itemListElement":[{"@type":"ListItem","position":1,"name":"Anasayfa","item":"https:\/\/memurunsesi.net\/"},{"@type":"ListItem","position":2,"name":"Acil serviste hayat kurtar\u0131yor, da\u011flarda pedal \u00e7eviriyor"}]},{"@type":"WebSite","@id":"https:\/\/memurunsesi.net\/#website","url":"https:\/\/memurunsesi.net\/","name":"Memurun Sesi","description":"G\u00fcncel ve Do\u011fru Haber","publisher":{"@id":"https:\/\/memurunsesi.net\/#organization"},"potentialAction":[{"@type":"SearchAction","target":{"@type":"EntryPoint","urlTemplate":"https:\/\/memurunsesi.net\/?s={search_term_string}"},"query-input":{"@type":"PropertyValueSpecification","valueRequired":true,"valueName":"search_term_string"}}],"inLanguage":"tr"},{"@type":"Organization","@id":"https:\/\/memurunsesi.net\/#organization","name":"Memurun Sesi","url":"https:\/\/memurunsesi.net\/","logo":{"@type":"ImageObject","inLanguage":"tr","@id":"https:\/\/memurunsesi.net\/#\/schema\/logo\/image\/","url":"https:\/\/memurunsesi.net\/wp-content\/uploads\/2025\/11\/cropped-MEMURUN-SESI.png","contentUrl":"https:\/\/memurunsesi.net\/wp-content\/uploads\/2025\/11\/cropped-MEMURUN-SESI.png","width":238,"height":57,"caption":"Memurun Sesi"},"image":{"@id":"https:\/\/memurunsesi.net\/#\/schema\/logo\/image\/"},"sameAs":["https:\/\/www.facebook.com\/unipersen\/?locale=tr_TR","https:\/\/x.com\/unipersen"]},{"@type":"Person","@id":"https:\/\/memurunsesi.net\/#\/schema\/person\/f21c2d73b89f6ee1d80b0a1803e38587","name":"Memurun Sesi Haber Merkezi","image":{"@type":"ImageObject","inLanguage":"tr","@id":"https:\/\/secure.gravatar.com\/avatar\/6cf0505f452ee753f485014986fab09a434671d2b919ee76fc541025c5876a70?s=96&d=mm&r=g","url":"https:\/\/secure.gravatar.com\/avatar\/6cf0505f452ee753f485014986fab09a434671d2b919ee76fc541025c5876a70?s=96&d=mm&r=g","contentUrl":"https:\/\/secure.gravatar.com\/avatar\/6cf0505f452ee753f485014986fab09a434671d2b919ee76fc541025c5876a70?s=96&d=mm&r=g","caption":"Memurun Sesi Haber Merkezi"},"sameAs":["https:\/\/memurunsesi.net"],"url":"https:\/\/memurunsesi.net\/index.php\/author\/uniper\/"}]}},"_links":{"self":[{"href":"https:\/\/memurunsesi.net\/index.php\/wp-json\/wp\/v2\/posts\/15441","targetHints":{"allow":["GET"]}}],"collection":[{"href":"https:\/\/memurunsesi.net\/index.php\/wp-json\/wp\/v2\/posts"}],"about":[{"href":"https:\/\/memurunsesi.net\/index.php\/wp-json\/wp\/v2\/types\/post"}],"author":[{"embeddable":true,"href":"https:\/\/memurunsesi.net\/index.php\/wp-json\/wp\/v2\/users\/1"}],"replies":[{"embeddable":true,"href":"https:\/\/memurunsesi.net\/index.php\/wp-json\/wp\/v2\/comments?post=15441"}],"version-history":[{"count":2,"href":"https:\/\/memurunsesi.net\/index.php\/wp-json\/wp\/v2\/posts\/15441\/revisions"}],"predecessor-version":[{"id":15445,"href":"https:\/\/memurunsesi.net\/index.php\/wp-json\/wp\/v2\/posts\/15441\/revisions\/15445"}],"wp:featuredmedia":[{"embeddable":true,"href":"https:\/\/memurunsesi.net\/index.php\/wp-json\/wp\/v2\/media\/15442"}],"wp:attachment":[{"href":"https:\/\/memurunsesi.net\/index.php\/wp-json\/wp\/v2\/media?parent=15441"}],"wp:term":[{"taxonomy":"category","embeddable":true,"href":"https:\/\/memurunsesi.net\/index.php\/wp-json\/wp\/v2\/categories?post=15441"},{"taxonomy":"post_tag","embeddable":true,"href":"https:\/\/memurunsesi.net\/index.php\/wp-json\/wp\/v2\/tags?post=15441"}],"curies":[{"name":"wp","href":"https:\/\/api.w.org\/{rel}","templated":true}]}}