{"id":15452,"date":"2025-12-21T10:02:13","date_gmt":"2025-12-21T07:02:13","guid":{"rendered":"https:\/\/memurunsesi.net\/?p=15452"},"modified":"2025-12-21T10:02:13","modified_gmt":"2025-12-21T07:02:13","slug":"kargoyu-aracindan-inmeden-bahceye-firlatti","status":"publish","type":"post","link":"https:\/\/memurunsesi.net\/index.php\/2025\/12\/21\/kargoyu-aracindan-inmeden-bahceye-firlatti\/","title":{"rendered":"Kargoyu arac\u0131ndan inmeden bah\u00e7eye f\u0131rlatt\u0131"},"content":{"rendered":"<p>&#8211; O anlar saniye saniye g\u00fcvenlik kameras\u0131nca kaydedildi<\/p>\n<p>Adana&#8217;da bir kargocu, m\u00fc\u015fterisine teslim edece\u011fi kargoyu arac\u0131ndan inmeden bah\u00e7eye f\u0131rlatt\u0131. O anlar g\u00fcvenlik kameras\u0131nca kaydedildi.<br \/>\nOlay, 18 Aral\u0131k&#8217;ta merkez Seyhan il\u00e7esine ba\u011fl\u0131 Narl\u0131ca Mahallesi&#8217;nde meydana geldi. \u0130nternetten bir \u00fcr\u00fcn sipari\u015f eden Sinem \u015eahin (20), kargosunu teslim alaca\u011f\u0131 g\u00fcn evde olmad\u0131\u011f\u0131 i\u00e7in kargocudan \u00fcr\u00fcn\u00fcn\u00fc m\u00fcstakil evinin giri\u015f kap\u0131s\u0131na b\u0131rakmas\u0131n\u0131 istedi. Eve geldi\u011finde kargosunun kap\u0131 yerine bah\u00e7enin ortas\u0131nda oldu\u011funu fark eden \u015eahin, durumdan \u015f\u00fcphelendi.<\/p>\n<p>G\u00fcvenlik kameras\u0131 kaydetti<br \/>\nEvinin g\u00fcvenlik kameras\u0131n\u0131 inceleyen \u015eahin, kargocunun, adrese geldi\u011finde arac\u0131ndan inmeden kargoyu bah\u00e7eye f\u0131rlatt\u0131\u011f\u0131n\u0131 g\u00f6rd\u00fc. G\u00f6r\u00fcnt\u00fcleri sosyal medyada payla\u015fan Sinem \u015eahin&#8217;in videosu viral oldu. \u015eahin, &#8220;Kargomu getirmek i\u00e7in kargocu beni arad\u0131, evde olmad\u0131\u011f\u0131m\u0131 s\u00f6yledim ve kap\u0131ya b\u0131rakmas\u0131n\u0131 rica ettim. Kargomu eve gelince kap\u0131 yerine bah\u00e7ede g\u00f6r\u00fcnce g\u00fcvenlik kameras\u0131na bakt\u0131m ve kargocunun temass\u0131z teslimat yapt\u0131\u011f\u0131n\u0131 g\u00f6rd\u00fcm. Videoyu payla\u015f\u0131nca \u00e7ok fazla izlendi. Kargocuyla da g\u00f6r\u00fc\u015ft\u00fcm ve videonun tuttu\u011funu, e\u011flenceli bir video oldu\u011funu s\u00f6yledi&#8221; ifadelerini kulland\u0131.<br \/>\n\u00dcr\u00fcn\u00fcn\u00fcn k\u0131r\u0131lacak bir \u00fcr\u00fcn olmad\u0131\u011f\u0131n\u0131 ancak kargocular\u0131n dikkatli olmas\u0131 gerekti\u011fini de belirten \u015eahin, &#8220;Kargomda k\u0131r\u0131lacak bir \u00fcr\u00fcn yoktu ancak k\u0131r\u0131lacak bir \u00fcr\u00fcn de olabilirdi. Kargocular\u0131n daha dikkatli olmas\u0131 gerek&#8221; dedi.<\/p>\n<p>21.12.2025<\/p>\n","protected":false},"excerpt":{"rendered":"<p>&#8211; O anlar saniye saniye g\u00fcvenlik kameras\u0131nca kaydedildi Adana&#8217;da bir kargocu, m\u00fc\u015fterisine teslim edece\u011fi kargoyu arac\u0131ndan inmeden bah\u00e7eye f\u0131rlatt\u0131. O anlar g\u00fcvenlik kameras\u0131nca kaydedildi. Olay, 18 Aral\u0131k&#8217;ta merkez Seyhan il\u00e7esine ba\u011fl\u0131 Narl\u0131ca Mahallesi&#8217;nde meydana geldi. \u0130nternetten bir \u00fcr\u00fcn sipari\u015f eden Sinem \u015eahin (20), kargosunu teslim alaca\u011f\u0131 g\u00fcn evde olmad\u0131\u011f\u0131 i\u00e7in kargocudan \u00fcr\u00fcn\u00fcn\u00fc m\u00fcstakil evinin giri\u015f [&hellip;]<\/p>\n","protected":false},"author":1,"featured_media":15453,"comment_status":"open","ping_status":"open","sticky":false,"template":"","format":"standard","meta":{"footnotes":""},"categories":[1],"tags":[649],"class_list":["post-15452","post","type-post","status-publish","format-standard","has-post-thumbnail","hentry","category-genel","tag-kargocudan-yeni-kargo-dagitim-metodu"],"yoast_head":"<!-- This site is optimized with the Yoast SEO plugin v27.4 - https:\/\/yoast.com\/product\/yoast-seo-wordpress\/ -->\n<title>Kargoyu arac\u0131ndan inmeden bah\u00e7eye f\u0131rlatt\u0131 - Memurun Sesi<\/title>\n<meta name=\"description\" content=\"Kargoyu arac\u0131ndan inmeden bah\u00e7eye f\u0131rlatt\u0131\" \/>\n<meta name=\"robots\" content=\"index, follow, max-snippet:-1, max-image-preview:large, max-video-preview:-1\" \/>\n<link rel=\"canonical\" href=\"https:\/\/memurunsesi.net\/index.php\/2025\/12\/21\/kargoyu-aracindan-inmeden-bahceye-firlatti\/\" \/>\n<meta property=\"og:locale\" content=\"tr_TR\" \/>\n<meta property=\"og:type\" content=\"article\" \/>\n<meta property=\"og:title\" content=\"Kargoyu arac\u0131ndan inmeden bah\u00e7eye f\u0131rlatt\u0131 - Memurun Sesi\" \/>\n<meta property=\"og:description\" content=\"Kargoyu arac\u0131ndan inmeden bah\u00e7eye f\u0131rlatt\u0131\" \/>\n<meta property=\"og:url\" content=\"https:\/\/memurunsesi.net\/index.php\/2025\/12\/21\/kargoyu-aracindan-inmeden-bahceye-firlatti\/\" \/>\n<meta property=\"og:site_name\" content=\"Memurun Sesi\" \/>\n<meta property=\"article:publisher\" content=\"https:\/\/www.facebook.com\/unipersen\/?locale=tr_TR\" \/>\n<meta property=\"article:published_time\" content=\"2025-12-21T07:02:13+00:00\" \/>\n<meta property=\"og:image\" content=\"https:\/\/memurunsesi.net\/wp-content\/uploads\/2025\/12\/kargo-scaled.jpg\" \/>\n\t<meta property=\"og:image:width\" content=\"2560\" \/>\n\t<meta property=\"og:image:height\" content=\"1920\" \/>\n\t<meta property=\"og:image:type\" content=\"image\/jpeg\" \/>\n<meta name=\"author\" content=\"Memurun Sesi Haber Merkezi\" \/>\n<meta name=\"twitter:card\" content=\"summary_large_image\" \/>\n<meta name=\"twitter:creator\" content=\"@unipersen\" \/>\n<meta name=\"twitter:site\" content=\"@unipersen\" \/>\n<meta name=\"twitter:label1\" content=\"Yazan:\" \/>\n\t<meta name=\"twitter:data1\" content=\"Memurun Sesi Haber Merkezi\" \/>\n\t<meta name=\"twitter:label2\" content=\"Tahmini okuma s\u00fcresi\" \/>\n\t<meta name=\"twitter:data2\" content=\"2 dakika\" \/>\n<script type=\"application\/ld+json\" class=\"yoast-schema-graph\">{\"@context\":\"https:\\\/\\\/schema.org\",\"@graph\":[{\"@type\":\"Article\",\"@id\":\"https:\\\/\\\/memurunsesi.net\\\/index.php\\\/2025\\\/12\\\/21\\\/kargoyu-aracindan-inmeden-bahceye-firlatti\\\/#article\",\"isPartOf\":{\"@id\":\"https:\\\/\\\/memurunsesi.net\\\/index.php\\\/2025\\\/12\\\/21\\\/kargoyu-aracindan-inmeden-bahceye-firlatti\\\/\"},\"author\":{\"name\":\"Memurun Sesi Haber Merkezi\",\"@id\":\"https:\\\/\\\/memurunsesi.net\\\/#\\\/schema\\\/person\\\/f21c2d73b89f6ee1d80b0a1803e38587\"},\"headline\":\"Kargoyu arac\u0131ndan inmeden bah\u00e7eye f\u0131rlatt\u0131\",\"datePublished\":\"2025-12-21T07:02:13+00:00\",\"mainEntityOfPage\":{\"@id\":\"https:\\\/\\\/memurunsesi.net\\\/index.php\\\/2025\\\/12\\\/21\\\/kargoyu-aracindan-inmeden-bahceye-firlatti\\\/\"},\"wordCount\":266,\"commentCount\":0,\"publisher\":{\"@id\":\"https:\\\/\\\/memurunsesi.net\\\/#organization\"},\"image\":{\"@id\":\"https:\\\/\\\/memurunsesi.net\\\/index.php\\\/2025\\\/12\\\/21\\\/kargoyu-aracindan-inmeden-bahceye-firlatti\\\/#primaryimage\"},\"thumbnailUrl\":\"https:\\\/\\\/memurunsesi.net\\\/wp-content\\\/uploads\\\/2025\\\/12\\\/kargo-scaled.jpg\",\"keywords\":[\"Kargocudan yeni kargo da\u011f\u0131t\u0131m metodu\"],\"inLanguage\":\"tr\",\"potentialAction\":[{\"@type\":\"CommentAction\",\"name\":\"Comment\",\"target\":[\"https:\\\/\\\/memurunsesi.net\\\/index.php\\\/2025\\\/12\\\/21\\\/kargoyu-aracindan-inmeden-bahceye-firlatti\\\/#respond\"]}]},{\"@type\":\"WebPage\",\"@id\":\"https:\\\/\\\/memurunsesi.net\\\/index.php\\\/2025\\\/12\\\/21\\\/kargoyu-aracindan-inmeden-bahceye-firlatti\\\/\",\"url\":\"https:\\\/\\\/memurunsesi.net\\\/index.php\\\/2025\\\/12\\\/21\\\/kargoyu-aracindan-inmeden-bahceye-firlatti\\\/\",\"name\":\"Kargoyu arac\u0131ndan inmeden bah\u00e7eye f\u0131rlatt\u0131 - Memurun Sesi\",\"isPartOf\":{\"@id\":\"https:\\\/\\\/memurunsesi.net\\\/#website\"},\"primaryImageOfPage\":{\"@id\":\"https:\\\/\\\/memurunsesi.net\\\/index.php\\\/2025\\\/12\\\/21\\\/kargoyu-aracindan-inmeden-bahceye-firlatti\\\/#primaryimage\"},\"image\":{\"@id\":\"https:\\\/\\\/memurunsesi.net\\\/index.php\\\/2025\\\/12\\\/21\\\/kargoyu-aracindan-inmeden-bahceye-firlatti\\\/#primaryimage\"},\"thumbnailUrl\":\"https:\\\/\\\/memurunsesi.net\\\/wp-content\\\/uploads\\\/2025\\\/12\\\/kargo-scaled.jpg\",\"datePublished\":\"2025-12-21T07:02:13+00:00\",\"description\":\"Kargoyu arac\u0131ndan inmeden bah\u00e7eye f\u0131rlatt\u0131\",\"breadcrumb\":{\"@id\":\"https:\\\/\\\/memurunsesi.net\\\/index.php\\\/2025\\\/12\\\/21\\\/kargoyu-aracindan-inmeden-bahceye-firlatti\\\/#breadcrumb\"},\"inLanguage\":\"tr\",\"potentialAction\":[{\"@type\":\"ReadAction\",\"target\":[\"https:\\\/\\\/memurunsesi.net\\\/index.php\\\/2025\\\/12\\\/21\\\/kargoyu-aracindan-inmeden-bahceye-firlatti\\\/\"]}]},{\"@type\":\"ImageObject\",\"inLanguage\":\"tr\",\"@id\":\"https:\\\/\\\/memurunsesi.net\\\/index.php\\\/2025\\\/12\\\/21\\\/kargoyu-aracindan-inmeden-bahceye-firlatti\\\/#primaryimage\",\"url\":\"https:\\\/\\\/memurunsesi.net\\\/wp-content\\\/uploads\\\/2025\\\/12\\\/kargo-scaled.jpg\",\"contentUrl\":\"https:\\\/\\\/memurunsesi.net\\\/wp-content\\\/uploads\\\/2025\\\/12\\\/kargo-scaled.jpg\",\"width\":2560,\"height\":1920,\"caption\":\"ADANA'DA B\u0130R KARGOCU, M\u00dc\u015eTER\u0130S\u0130 S\u0130NEM \u015eAH\u0130N'E (20) TESL\u0130M EDECE\u011e\u0130 KARGOYU ARACINDAN DAH\u0130 \u0130NMEDEN BAH\u00c7EYE FIRLATTI. (EL\u0130F AY\u015eENUR \u0130\u015eLED\u0130C\u0130 - UMUTCAN \u0130\u015eLED\u0130C\u0130\\\/ADANA-\u0130HA) Adana'da bir kargocu, m\u00fc\u015fterisine teslim edece\u011fi kargoyu arac\u0131ndan inmeden bah\u00e7eye f\u0131rlatt\u0131. O anlar g\u00fcvenlik kameras\u0131nca kaydedildi.\"},{\"@type\":\"BreadcrumbList\",\"@id\":\"https:\\\/\\\/memurunsesi.net\\\/index.php\\\/2025\\\/12\\\/21\\\/kargoyu-aracindan-inmeden-bahceye-firlatti\\\/#breadcrumb\",\"itemListElement\":[{\"@type\":\"ListItem\",\"position\":1,\"name\":\"Anasayfa\",\"item\":\"https:\\\/\\\/memurunsesi.net\\\/\"},{\"@type\":\"ListItem\",\"position\":2,\"name\":\"Kargoyu arac\u0131ndan inmeden bah\u00e7eye f\u0131rlatt\u0131\"}]},{\"@type\":\"WebSite\",\"@id\":\"https:\\\/\\\/memurunsesi.net\\\/#website\",\"url\":\"https:\\\/\\\/memurunsesi.net\\\/\",\"name\":\"Memurun Sesi\",\"description\":\"G\u00fcncel ve Do\u011fru Haber\",\"publisher\":{\"@id\":\"https:\\\/\\\/memurunsesi.net\\\/#organization\"},\"potentialAction\":[{\"@type\":\"SearchAction\",\"target\":{\"@type\":\"EntryPoint\",\"urlTemplate\":\"https:\\\/\\\/memurunsesi.net\\\/?s={search_term_string}\"},\"query-input\":{\"@type\":\"PropertyValueSpecification\",\"valueRequired\":true,\"valueName\":\"search_term_string\"}}],\"inLanguage\":\"tr\"},{\"@type\":\"Organization\",\"@id\":\"https:\\\/\\\/memurunsesi.net\\\/#organization\",\"name\":\"Memurun Sesi\",\"url\":\"https:\\\/\\\/memurunsesi.net\\\/\",\"logo\":{\"@type\":\"ImageObject\",\"inLanguage\":\"tr\",\"@id\":\"https:\\\/\\\/memurunsesi.net\\\/#\\\/schema\\\/logo\\\/image\\\/\",\"url\":\"https:\\\/\\\/memurunsesi.net\\\/wp-content\\\/uploads\\\/2025\\\/11\\\/cropped-MEMURUN-SESI.png\",\"contentUrl\":\"https:\\\/\\\/memurunsesi.net\\\/wp-content\\\/uploads\\\/2025\\\/11\\\/cropped-MEMURUN-SESI.png\",\"width\":238,\"height\":57,\"caption\":\"Memurun Sesi\"},\"image\":{\"@id\":\"https:\\\/\\\/memurunsesi.net\\\/#\\\/schema\\\/logo\\\/image\\\/\"},\"sameAs\":[\"https:\\\/\\\/www.facebook.com\\\/unipersen\\\/?locale=tr_TR\",\"https:\\\/\\\/x.com\\\/unipersen\"]},{\"@type\":\"Person\",\"@id\":\"https:\\\/\\\/memurunsesi.net\\\/#\\\/schema\\\/person\\\/f21c2d73b89f6ee1d80b0a1803e38587\",\"name\":\"Memurun Sesi Haber Merkezi\",\"image\":{\"@type\":\"ImageObject\",\"inLanguage\":\"tr\",\"@id\":\"https:\\\/\\\/secure.gravatar.com\\\/avatar\\\/6cf0505f452ee753f485014986fab09a434671d2b919ee76fc541025c5876a70?s=96&d=mm&r=g\",\"url\":\"https:\\\/\\\/secure.gravatar.com\\\/avatar\\\/6cf0505f452ee753f485014986fab09a434671d2b919ee76fc541025c5876a70?s=96&d=mm&r=g\",\"contentUrl\":\"https:\\\/\\\/secure.gravatar.com\\\/avatar\\\/6cf0505f452ee753f485014986fab09a434671d2b919ee76fc541025c5876a70?s=96&d=mm&r=g\",\"caption\":\"Memurun Sesi Haber Merkezi\"},\"sameAs\":[\"https:\\\/\\\/memurunsesi.net\"],\"url\":\"https:\\\/\\\/memurunsesi.net\\\/index.php\\\/author\\\/uniper\\\/\"}]}<\/script>\n<!-- \/ Yoast SEO plugin. -->","yoast_head_json":{"title":"Kargoyu arac\u0131ndan inmeden bah\u00e7eye f\u0131rlatt\u0131 - Memurun Sesi","description":"Kargoyu arac\u0131ndan inmeden bah\u00e7eye f\u0131rlatt\u0131","robots":{"index":"index","follow":"follow","max-snippet":"max-snippet:-1","max-image-preview":"max-image-preview:large","max-video-preview":"max-video-preview:-1"},"canonical":"https:\/\/memurunsesi.net\/index.php\/2025\/12\/21\/kargoyu-aracindan-inmeden-bahceye-firlatti\/","og_locale":"tr_TR","og_type":"article","og_title":"Kargoyu arac\u0131ndan inmeden bah\u00e7eye f\u0131rlatt\u0131 - Memurun Sesi","og_description":"Kargoyu arac\u0131ndan inmeden bah\u00e7eye f\u0131rlatt\u0131","og_url":"https:\/\/memurunsesi.net\/index.php\/2025\/12\/21\/kargoyu-aracindan-inmeden-bahceye-firlatti\/","og_site_name":"Memurun Sesi","article_publisher":"https:\/\/www.facebook.com\/unipersen\/?locale=tr_TR","article_published_time":"2025-12-21T07:02:13+00:00","og_image":[{"width":2560,"height":1920,"url":"https:\/\/memurunsesi.net\/wp-content\/uploads\/2025\/12\/kargo-scaled.jpg","type":"image\/jpeg"}],"author":"Memurun Sesi Haber Merkezi","twitter_card":"summary_large_image","twitter_creator":"@unipersen","twitter_site":"@unipersen","twitter_misc":{"Yazan:":"Memurun Sesi Haber Merkezi","Tahmini okuma s\u00fcresi":"2 dakika"},"schema":{"@context":"https:\/\/schema.org","@graph":[{"@type":"Article","@id":"https:\/\/memurunsesi.net\/index.php\/2025\/12\/21\/kargoyu-aracindan-inmeden-bahceye-firlatti\/#article","isPartOf":{"@id":"https:\/\/memurunsesi.net\/index.php\/2025\/12\/21\/kargoyu-aracindan-inmeden-bahceye-firlatti\/"},"author":{"name":"Memurun Sesi Haber Merkezi","@id":"https:\/\/memurunsesi.net\/#\/schema\/person\/f21c2d73b89f6ee1d80b0a1803e38587"},"headline":"Kargoyu arac\u0131ndan inmeden bah\u00e7eye f\u0131rlatt\u0131","datePublished":"2025-12-21T07:02:13+00:00","mainEntityOfPage":{"@id":"https:\/\/memurunsesi.net\/index.php\/2025\/12\/21\/kargoyu-aracindan-inmeden-bahceye-firlatti\/"},"wordCount":266,"commentCount":0,"publisher":{"@id":"https:\/\/memurunsesi.net\/#organization"},"image":{"@id":"https:\/\/memurunsesi.net\/index.php\/2025\/12\/21\/kargoyu-aracindan-inmeden-bahceye-firlatti\/#primaryimage"},"thumbnailUrl":"https:\/\/memurunsesi.net\/wp-content\/uploads\/2025\/12\/kargo-scaled.jpg","keywords":["Kargocudan yeni kargo da\u011f\u0131t\u0131m metodu"],"inLanguage":"tr","potentialAction":[{"@type":"CommentAction","name":"Comment","target":["https:\/\/memurunsesi.net\/index.php\/2025\/12\/21\/kargoyu-aracindan-inmeden-bahceye-firlatti\/#respond"]}]},{"@type":"WebPage","@id":"https:\/\/memurunsesi.net\/index.php\/2025\/12\/21\/kargoyu-aracindan-inmeden-bahceye-firlatti\/","url":"https:\/\/memurunsesi.net\/index.php\/2025\/12\/21\/kargoyu-aracindan-inmeden-bahceye-firlatti\/","name":"Kargoyu arac\u0131ndan inmeden bah\u00e7eye f\u0131rlatt\u0131 - Memurun Sesi","isPartOf":{"@id":"https:\/\/memurunsesi.net\/#website"},"primaryImageOfPage":{"@id":"https:\/\/memurunsesi.net\/index.php\/2025\/12\/21\/kargoyu-aracindan-inmeden-bahceye-firlatti\/#primaryimage"},"image":{"@id":"https:\/\/memurunsesi.net\/index.php\/2025\/12\/21\/kargoyu-aracindan-inmeden-bahceye-firlatti\/#primaryimage"},"thumbnailUrl":"https:\/\/memurunsesi.net\/wp-content\/uploads\/2025\/12\/kargo-scaled.jpg","datePublished":"2025-12-21T07:02:13+00:00","description":"Kargoyu arac\u0131ndan inmeden bah\u00e7eye f\u0131rlatt\u0131","breadcrumb":{"@id":"https:\/\/memurunsesi.net\/index.php\/2025\/12\/21\/kargoyu-aracindan-inmeden-bahceye-firlatti\/#breadcrumb"},"inLanguage":"tr","potentialAction":[{"@type":"ReadAction","target":["https:\/\/memurunsesi.net\/index.php\/2025\/12\/21\/kargoyu-aracindan-inmeden-bahceye-firlatti\/"]}]},{"@type":"ImageObject","inLanguage":"tr","@id":"https:\/\/memurunsesi.net\/index.php\/2025\/12\/21\/kargoyu-aracindan-inmeden-bahceye-firlatti\/#primaryimage","url":"https:\/\/memurunsesi.net\/wp-content\/uploads\/2025\/12\/kargo-scaled.jpg","contentUrl":"https:\/\/memurunsesi.net\/wp-content\/uploads\/2025\/12\/kargo-scaled.jpg","width":2560,"height":1920,"caption":"ADANA'DA B\u0130R KARGOCU, M\u00dc\u015eTER\u0130S\u0130 S\u0130NEM \u015eAH\u0130N'E (20) TESL\u0130M EDECE\u011e\u0130 KARGOYU ARACINDAN DAH\u0130 \u0130NMEDEN BAH\u00c7EYE FIRLATTI. (EL\u0130F AY\u015eENUR \u0130\u015eLED\u0130C\u0130 - UMUTCAN \u0130\u015eLED\u0130C\u0130\/ADANA-\u0130HA) Adana'da bir kargocu, m\u00fc\u015fterisine teslim edece\u011fi kargoyu arac\u0131ndan inmeden bah\u00e7eye f\u0131rlatt\u0131. O anlar g\u00fcvenlik kameras\u0131nca kaydedildi."},{"@type":"BreadcrumbList","@id":"https:\/\/memurunsesi.net\/index.php\/2025\/12\/21\/kargoyu-aracindan-inmeden-bahceye-firlatti\/#breadcrumb","itemListElement":[{"@type":"ListItem","position":1,"name":"Anasayfa","item":"https:\/\/memurunsesi.net\/"},{"@type":"ListItem","position":2,"name":"Kargoyu arac\u0131ndan inmeden bah\u00e7eye f\u0131rlatt\u0131"}]},{"@type":"WebSite","@id":"https:\/\/memurunsesi.net\/#website","url":"https:\/\/memurunsesi.net\/","name":"Memurun Sesi","description":"G\u00fcncel ve Do\u011fru Haber","publisher":{"@id":"https:\/\/memurunsesi.net\/#organization"},"potentialAction":[{"@type":"SearchAction","target":{"@type":"EntryPoint","urlTemplate":"https:\/\/memurunsesi.net\/?s={search_term_string}"},"query-input":{"@type":"PropertyValueSpecification","valueRequired":true,"valueName":"search_term_string"}}],"inLanguage":"tr"},{"@type":"Organization","@id":"https:\/\/memurunsesi.net\/#organization","name":"Memurun Sesi","url":"https:\/\/memurunsesi.net\/","logo":{"@type":"ImageObject","inLanguage":"tr","@id":"https:\/\/memurunsesi.net\/#\/schema\/logo\/image\/","url":"https:\/\/memurunsesi.net\/wp-content\/uploads\/2025\/11\/cropped-MEMURUN-SESI.png","contentUrl":"https:\/\/memurunsesi.net\/wp-content\/uploads\/2025\/11\/cropped-MEMURUN-SESI.png","width":238,"height":57,"caption":"Memurun Sesi"},"image":{"@id":"https:\/\/memurunsesi.net\/#\/schema\/logo\/image\/"},"sameAs":["https:\/\/www.facebook.com\/unipersen\/?locale=tr_TR","https:\/\/x.com\/unipersen"]},{"@type":"Person","@id":"https:\/\/memurunsesi.net\/#\/schema\/person\/f21c2d73b89f6ee1d80b0a1803e38587","name":"Memurun Sesi Haber Merkezi","image":{"@type":"ImageObject","inLanguage":"tr","@id":"https:\/\/secure.gravatar.com\/avatar\/6cf0505f452ee753f485014986fab09a434671d2b919ee76fc541025c5876a70?s=96&d=mm&r=g","url":"https:\/\/secure.gravatar.com\/avatar\/6cf0505f452ee753f485014986fab09a434671d2b919ee76fc541025c5876a70?s=96&d=mm&r=g","contentUrl":"https:\/\/secure.gravatar.com\/avatar\/6cf0505f452ee753f485014986fab09a434671d2b919ee76fc541025c5876a70?s=96&d=mm&r=g","caption":"Memurun Sesi Haber Merkezi"},"sameAs":["https:\/\/memurunsesi.net"],"url":"https:\/\/memurunsesi.net\/index.php\/author\/uniper\/"}]}},"_links":{"self":[{"href":"https:\/\/memurunsesi.net\/index.php\/wp-json\/wp\/v2\/posts\/15452","targetHints":{"allow":["GET"]}}],"collection":[{"href":"https:\/\/memurunsesi.net\/index.php\/wp-json\/wp\/v2\/posts"}],"about":[{"href":"https:\/\/memurunsesi.net\/index.php\/wp-json\/wp\/v2\/types\/post"}],"author":[{"embeddable":true,"href":"https:\/\/memurunsesi.net\/index.php\/wp-json\/wp\/v2\/users\/1"}],"replies":[{"embeddable":true,"href":"https:\/\/memurunsesi.net\/index.php\/wp-json\/wp\/v2\/comments?post=15452"}],"version-history":[{"count":1,"href":"https:\/\/memurunsesi.net\/index.php\/wp-json\/wp\/v2\/posts\/15452\/revisions"}],"predecessor-version":[{"id":15454,"href":"https:\/\/memurunsesi.net\/index.php\/wp-json\/wp\/v2\/posts\/15452\/revisions\/15454"}],"wp:featuredmedia":[{"embeddable":true,"href":"https:\/\/memurunsesi.net\/index.php\/wp-json\/wp\/v2\/media\/15453"}],"wp:attachment":[{"href":"https:\/\/memurunsesi.net\/index.php\/wp-json\/wp\/v2\/media?parent=15452"}],"wp:term":[{"taxonomy":"category","embeddable":true,"href":"https:\/\/memurunsesi.net\/index.php\/wp-json\/wp\/v2\/categories?post=15452"},{"taxonomy":"post_tag","embeddable":true,"href":"https:\/\/memurunsesi.net\/index.php\/wp-json\/wp\/v2\/tags?post=15452"}],"curies":[{"name":"wp","href":"https:\/\/api.w.org\/{rel}","templated":true}]}}