{"id":15458,"date":"2025-12-21T10:06:54","date_gmt":"2025-12-21T07:06:54","guid":{"rendered":"https:\/\/memurunsesi.net\/?p=15458"},"modified":"2025-12-21T10:06:54","modified_gmt":"2025-12-21T07:06:54","slug":"saglik-bilimleri-universitesi-rektorlugunden","status":"publish","type":"post","link":"https:\/\/memurunsesi.net\/index.php\/2025\/12\/21\/saglik-bilimleri-universitesi-rektorlugunden\/","title":{"rendered":"Sa\u011fl\u0131k\u00a0Bilimleri\u00a0\u00dcniversitesi\u00a0Rekt\u00f6rl\u00fc\u011f\u00fcnden:"},"content":{"rendered":"<div>\u00d6\u011eRET\u0130M ELEMANI ALIM \u0130LANI<\/div>\n<div>\n&#8220;\u00dcniversitemizin a\u015fa\u011f\u0131daki tabloda bilgileri bulunan birimlerine 09 Kas\u0131m 2018 tarihli ve 30590 say\u0131l\u0131 Resm\u00ee Gazete&#8217;de yay\u0131mlanan &#8220;\u00d6\u011fretim \u00dcyesi D\u0131\u015f\u0131ndaki \u00d6\u011fretim Eleman\u0131 Kadrolar\u0131na Yap\u0131lacak \u00a0Atamalarda Uygulanacak Merkezi \u00a0S\u0131nav \u00a0\u0130le \u00a0Giri\u015f \u00a0S\u0131navlar\u0131na \u00a0\u0130li\u015fkin \u00a0Usul \u00a0ve \u00a0Esaslar \u00a0Hakk\u0131nda Y\u00f6netmelik&#8221; h\u00fck\u00fcmleri uyar\u0131nca \u00d6\u011fretim G\u00f6revlisi ve Ara\u015ft\u0131rma g\u00f6revlisi al\u0131nacakt\u0131r.<\/div>\n<p><strong>GENEL VE \u00d6ZEL \u015eARTLAR<\/strong><\/p>\n<div>1- 657 say\u0131l\u0131 Devlet Memurlar\u0131 Kanunu&#8217;nun 48. maddesinde belirtilen \u015fartlar\u0131 ta\u015f\u0131mak.<br \/>\n2- ALES&#8217;ten en az 70, Y\u00fcksek\u00f6\u011fretim Kurulu taraf\u0131ndan kabul edilen merkezi yabanc\u0131 dil s\u0131nav\u0131ndan en az 50 puan veya e\u015fde\u011ferlili\u011fi kabul edilen bir \u00a0s\u0131navdan \u00a0bu puan \u00a0muadili \u00a0bir \u00a0puan \u00a0alm\u0131\u015f \u00a0olmak \u00a0gerekir. \u00a0Merkezi s\u0131nav \u00a0muafiyetinden \u00a0yararlanmay\u0131 \u00a0talep \u00a0edenlerin \u00a0\u00f6n \u00a0de\u011ferlendirme \u00a0ve \u00a0nihai de\u011ferlendirme a\u015famalar\u0131nda ALES puan\u0131 70 olarak kabul edilir.<br \/>\n3- \u00d6n de\u011ferlendirme ve nihai de\u011ferlendirme a\u015famalar\u0131nda lisans mezuniyeti notunun hesaplanmas\u0131nda kullan\u0131lacak 4\u2019l\u00fck ve 5\u2019lik not sistemlerinin 100\u2019l\u00fck not sistemine e\u015fde\u011ferlili\u011finin belirlenmesinde Y\u00fcksek\u00f6\u011fretim Kurulunun e\u015fde\u011ferlik tablosu esas al\u0131n\u0131r.<br \/>\n4- \u00d6\u011fretim g\u00f6revlisi kadrosuna ba\u015fvuracak adaylarda en az tezli y\u00fcksek lisans derecesine sahip olmak veya lisans ve y\u00fcksek lisans derecesini birlikte veren programlardan mezun olmak \u015fart\u0131 aran\u0131r.<br \/>\n5- Ara\u015ft\u0131rma g\u00f6revlisi kadrolar\u0131na yap\u0131lacak ba\u015fvurularda tezli y\u00fcksek lisans, doktora veya sanatta yeterlilik e\u011fitimi \u00f6\u011frencisi olmak \u015fart\u0131 aran\u0131r.<br \/>\nAdaylar\u0131n lisans\u00fcst\u00fc azami e\u011fitim s\u00fcresini a\u015fmam\u0131\u015f olmas\u0131 gerekmektedir.<br \/>\n6- Ara\u015ft\u0131rma g\u00f6revlisi kadrolar\u0131na 2547 say\u0131l\u0131 Kanun&#8217;un 50. maddesinin (d) f\u0131kras\u0131 uyar\u0131nca atama yap\u0131lacakt\u0131r.<br \/>\n7- Meslek y\u00fcksekokullar\u0131nda ilan edilen kadrolar yabanc\u0131 dil \u015fart\u0131ndan muaft\u0131r.<br \/>\n8- Doktora veya t\u0131pta, di\u015f hekimli\u011finde, eczac\u0131l\u0131kta ve veteriner hekimlikte uzmanl\u0131k ya da sanatta yeterlik e\u011fitimini tamamlam\u0131\u015f olanlarda, meslek y\u00fcksekokullar\u0131n\u0131n Y\u00fcksek\u00f6\u011fretim \u00a0Kurulu \u00a0taraf\u0131ndan \u00a0belirlenen \u00a0uzmanl\u0131k alanlar\u0131na \u00a0atanacak \u00a0olanlarda, \u00a0y\u00fcksek\u00f6\u011fretim \u00a0kuramlar\u0131nda \u00a0\u00f6\u011fretim \u00a0eleman\u0131 kadrolar\u0131nda \u00e7al\u0131\u015fm\u0131\u015f veya \u00e7al\u0131\u015fmakta olanlarda ALES \u015fart\u0131 aranmaz.<\/div>\n<p><strong>SINAV TAKV\u0130M\u0130<\/strong><\/p>\n<table dir=\"ltr\" border=\"6\" cellspacing=\"2\" cellpadding=\"3\" data-sheets-baot=\"1\" data-sheets-root=\"1\">\n<tbody>\n<tr>\n<td><strong>\u0130lan Yay\u0131m Tarihi<\/strong><\/td>\n<td>19.12.2025<\/td>\n<td><strong>\u00d6n De\u011ferlendirme Sonucu A\u00e7\u0131klanma Tarihi<\/strong><\/td>\n<td>08.01.2026<\/td>\n<\/tr>\n<tr>\n<td><strong>Ba\u015fvuru Ba\u015flang\u0131\u00e7 Tarih\u00ee<\/strong><\/td>\n<td>19.12.2025<\/td>\n<td><strong>Giri\u015f S\u0131nav\u0131 Tarihi<\/strong><\/td>\n<td>13.01.2026<\/td>\n<\/tr>\n<tr>\n<td><strong>Son Ba\u015fvuru Tarihi<\/strong><\/td>\n<td>02.01.2026<\/td>\n<td colspan=\"1\" rowspan=\"2\"><strong>Nihai De\u011ferlendirme Sonucu A\u00e7\u0131klama Tarihi<\/strong><\/td>\n<td colspan=\"1\" rowspan=\"2\">16.01.2026<\/td>\n<\/tr>\n<tr>\n<td><strong>Sonu\u00e7lar\u0131n \u0130lan Edilece\u011fi \u0130nternet Sitesi<\/strong><\/td>\n<td><a href=\"http:\/\/www.sbu.edu.tr\/\" target=\"_blank\" rel=\"noopener\">http:\/\/www.sbu.edu.tr<\/a><\/td>\n<\/tr>\n<\/tbody>\n<\/table>\n<p>&nbsp;<\/p>\n<table dir=\"ltr\" border=\"6\" cellspacing=\"2\" cellpadding=\"3\" data-sheets-baot=\"1\" data-sheets-root=\"1\">\n<tbody>\n<tr>\n<td colspan=\"8\" rowspan=\"1\"><strong>\u0130LAN ED\u0130LEN KADROLARA A\u0130T B\u0130LG\u0130LER<\/strong><\/td>\n<\/tr>\n<tr>\n<td><strong>SIRA NO<\/strong><\/td>\n<td><strong>B\u0130R\u0130M<\/strong><\/td>\n<td><strong>B\u00d6L\u00dcM<\/strong><\/td>\n<td><strong>ANAB\u0130L\u0130M DALI \/<br \/>\nPROGRAM<\/strong><\/td>\n<td><strong>\u00dcNVAN<\/strong><\/td>\n<td><strong>DRC<\/strong><\/td>\n<td><strong>ADET<\/strong><\/td>\n<td><strong>ARANAN \u015eARTLAR<\/strong><\/td>\n<\/tr>\n<tr>\n<td>1<\/td>\n<td>Arnavutk\u00f6y Dar\u00fclaceze Sa\u011fl\u0131k Hizmetleri Meslek Y\u00fcksekokulu<\/td>\n<td>Terapi ve Rehabilitasyon<\/td>\n<td>Fizyoterapi<\/td>\n<td>\u00d6\u011fretim G\u00f6revlisi (Ders Verecek)<\/td>\n<td>3<\/td>\n<td>1<\/td>\n<td>Fizyoterapi ve Rehabilitasyon lisans mezunu olup sa\u011fl\u0131k alan\u0131nda tezli y\u00fcksek lisans yapm\u0131\u015f olmak. Fizyoterapi ve Rehabilitasyon alan\u0131nda en az \u00fc\u00e7 y\u0131l \u00e7al\u0131\u015fm\u0131\u015f olmak.<\/td>\n<\/tr>\n<tr>\n<td>2<\/td>\n<td>Arnavutk\u00f6y Dar\u00fclaceze Sa\u011fl\u0131k Hizmetleri Meslek Y\u00fcksekokulu<\/td>\n<td>Terapi ve Rehabilitasyon<\/td>\n<td>Fizyoterapi<\/td>\n<td>\u00d6\u011fretim G\u00f6revlisi (Ders Verecek)<\/td>\n<td>3<\/td>\n<td>1<\/td>\n<td>Fizyoterapi ve Rehabilitasyon lisans mezunu olup sa\u011fl\u0131k alan\u0131nda tezli y\u00fcksek lisans yapm\u0131\u015f olmak. Fizyoterapi ve Rehabilitasyon alan\u0131nda en az \u00fc\u00e7 y\u0131l \u00e7al\u0131\u015fm\u0131\u015f olmak.<\/td>\n<\/tr>\n<tr>\n<td>3<\/td>\n<td>G\u00fclhane Di\u015f Hekimli\u011fi Fak\u00fcltesi<\/td>\n<td>Klinik Bilimler<\/td>\n<td>Protetik Di\u015f Tedavisi<\/td>\n<td>\u00d6\u011fretim G\u00f6revlisi (Uygulamal\u0131 Birim)<\/td>\n<td>2<\/td>\n<td>1<\/td>\n<td>Di\u015f Hekimli\u011fi Fak\u00fcltesi mezunu olup temporamandibuler eklem hastal\u0131klar\u0131nda d\u00fc\u015f\u00fck yo\u011funluklu lazer uygulamas\u0131 ile ilgili e\u011fitim alm\u0131\u015f olmak. Alan\u0131nda en az bir y\u0131l \u00e7al\u0131\u015fm\u0131\u015f olmak.<\/td>\n<\/tr>\n<tr>\n<td>4<\/td>\n<td>G\u00fclhane Sa\u011fl\u0131k Meslek<br \/>\nY\u00fcksekokulu<\/td>\n<td>T\u0131bbi Hizmetler ve<br \/>\nTeknikler<\/td>\n<td>Ortopedik Protez<br \/>\nve Ortez<\/td>\n<td>\u00d6\u011fretim G\u00f6revlisi<br \/>\n(Ders Verecek)<\/td>\n<td>5<\/td>\n<td>1<\/td>\n<td>Ortez Protez lisans mezunu olup Ortez-Protez program\u0131nda tezli y\u00fcksek lisans yapm\u0131\u015f olmak.<\/td>\n<\/tr>\n<tr>\n<td>5<\/td>\n<td>Hamidiye Di\u015f Hekimli\u011fi<br \/>\nFak\u00fcltesi<\/td>\n<td>Klinik Bilimler<\/td>\n<td>Ortodonti<\/td>\n<td>\u00d6\u011fretim G\u00f6revlisi<br \/>\n(Uygulamal\u0131 Birim)<\/td>\n<td>4<\/td>\n<td>1<\/td>\n<td>Di\u015f Hekimli\u011fi Fak\u00fcltesi mezunu olup Ortodonti program\u0131nda doktora yap\u0131yor olmak.<\/td>\n<\/tr>\n<tr>\n<td>6<\/td>\n<td>Hamidiye Di\u015f Hekimli\u011fi Fak\u00fcltesi<\/td>\n<td>Klinik Bilimler<\/td>\n<td>A\u011f\u0131z, Di\u015f ve \u00c7ene Cerrahisi<\/td>\n<td>\u00d6\u011fretim G\u00f6revlisi (Uygulamal\u0131 Birim)<\/td>\n<td>2<\/td>\n<td>1<\/td>\n<td>Di\u015f Hekimli\u011fi Fak\u00fcltesi mezunu olup A\u011f\u0131z, Di\u015f ve \u00c7ene Cerrahisi program\u0131nda doktora yap\u0131yor olmak.<\/td>\n<\/tr>\n<tr>\n<td>7<\/td>\n<td>Hamidiye Eczac\u0131l\u0131k Fak\u00fcltesi<\/td>\n<td>Eczac\u0131l\u0131k<br \/>\nTeknolojisi<\/td>\n<td>Radyofarmasi<\/td>\n<td>Ara\u015ft\u0131rma G\u00f6revlisi<\/td>\n<td>4<\/td>\n<td>1<\/td>\n<td>Eczac\u0131l\u0131k Fak\u00fcltesi mezunu olup Radyofarmasi veya Farmas\u00f6tik Teknoloji program\u0131nda doktora yap\u0131yor olmak.<\/td>\n<\/tr>\n<tr>\n<td>8<\/td>\n<td>Hamidiye Eczac\u0131l\u0131k Fak\u00fcltesi<\/td>\n<td>Eczac\u0131l\u0131k<br \/>\nTeknolojisi<\/td>\n<td>Farmas\u00f6tik<br \/>\nTeknoloji<\/td>\n<td>Ara\u015ft\u0131rma G\u00f6revlisi<\/td>\n<td>4<\/td>\n<td>1<\/td>\n<td>Eczac\u0131l\u0131k Fak\u00fcltesi mezunu olup Farmas\u00f6tik Teknoloji program\u0131nda doktora yap\u0131yor olmak.<\/td>\n<\/tr>\n<tr>\n<td>9<\/td>\n<td>Hamidiye Sa\u011fl\u0131k Hizmetleri Meslek Y\u00fcksekokulu<\/td>\n<td>Sa\u011fl\u0131k Bak\u0131m Hizmetleri<\/td>\n<td>Evde Hasta Bak\u0131m\u0131<\/td>\n<td>\u00d6\u011fretim G\u00f6revlisi (Ders Verecek)<\/td>\n<td>4<\/td>\n<td>1<\/td>\n<td>Hem\u015firelik lisans mezunu olup Evde Hasta Bak\u0131m\u0131 veya Hem\u015firelikte E\u011fitim program\u0131nda doktora yapm\u0131\u015f olmak.<br \/>\nY\u00fcksek\u00f6\u011fretim kurumlar\u0131nda \u00e7al\u0131\u015fm\u0131\u015f olmak.<\/td>\n<\/tr>\n<tr>\n<td>10<\/td>\n<td>Hamidiye Sa\u011fl\u0131k Hizmetleri Meslek Y\u00fcksekokulu<\/td>\n<td>T\u0131bbi Hizmetler ve Teknikler<\/td>\n<td>Optisyenlik<\/td>\n<td>\u00d6\u011fretim G\u00f6revlisi (Ders Verecek)<\/td>\n<td>5<\/td>\n<td>1<\/td>\n<td>Fizik M\u00fchendisli\u011fi veya Fizik B\u00f6l\u00fcm\u00fc lisans mezunu olup Fizik programlar\u0131ndan herhangi birinde doktora yapm\u0131\u015f olmak.<\/td>\n<\/tr>\n<\/tbody>\n<\/table>\n<p><strong>D\u0130\u011eER A\u00c7IKLAMALAR VE \u00d6NEML\u0130 HUSUSLAR<\/strong><\/p>\n<div>1- Adaylar son ba\u015fvuru tarihi mesai saati bitimine kadar bu ilan\u0131n ilgili birimlerine \u015fahsen veya posta ile ba\u015fvuruda bulunacaklard\u0131r. \u0130lgili birimlere yap\u0131lmayan, s\u00fcresi i\u00e7inde yap\u0131lmayan veya eksik belgeyle yap\u0131lan ba\u015fvurular ile internet \u00fczerinden yap\u0131lacak ba\u015fvurular i\u015fleme al\u0131nmayacakt\u0131r.<br \/>\n2- Adaylar ayn\u0131 ilan d\u00f6nemi i\u00e7erisinde \u00f6zel \u015fartlar\u0131n\u0131 ta\u015f\u0131d\u0131\u011f\u0131 sadece bir ilana ba\u015fvurabilecektir. Birden fazla ilana ba\u015fvurusu bulundu\u011fu tespit edilen adaylar\u0131n ba\u015fvurular\u0131 iptal edilecektir.<br \/>\n3- Asl\u0131 veya resmi kurumlarca onaylanm\u0131\u015f sureti istenilen belgelerin asl\u0131 olmayan veya onays\u0131z bir belge olmas\u0131 durumunda adaylar de\u011ferlendirmeye al\u0131nmayacakt\u0131r.<br \/>\n4- Yurtd\u0131\u015f\u0131ndan al\u0131nm\u0131\u015f diplomalar\u0131n Y\u00fcksek\u00f6\u011fretim Kurulu Ba\u015fkanl\u0131\u011f\u0131nca denkli\u011finin onayland\u0131\u011f\u0131n\u0131 g\u00f6sterir belgenin asl\u0131n\u0131n veya onayl\u0131 suretinin istenen belgelere eklenmesi gerekmektedir.<br \/>\n5- \u0130landa yer alacak \u00f6zel \u015fartlara g\u00f6re \u00f6\u011fretim g\u00f6revlisi kadrolar\u0131na ba\u015fvuracak adaylar\u0131n ilave istenen ko\u015fullara g\u00f6re (sertifika, kurs belgesi &#8230;vb.) kan\u0131tlayan belgeleri ba\u015fvurular\u0131na eklemeleri zorunludur.<br \/>\n6- \u00dcniversitemiz \u00a0s\u0131nav \u00a0takviminde \u00a0zorunlu \u00a0hallerde \u00a0de\u011fi\u015fiklik \u00a0yapma \u00a0ve \u00a0ilan\u0131n \u00a0her \u00a0a\u015famas\u0131nda \u00a0iptal \u00a0etme \u00a0hakk\u0131n\u0131 \u00a0sakl\u0131 \u00a0tutar. \u00a0\u00dcniversite \u00a0web sayfas\u0131ndan yap\u0131lan t\u00fcm duyurular tebligat mahiyetindedir. Ki\u015filere ayr\u0131ca yaz\u0131l\u0131 tebligat yap\u0131lmaz.<\/p>\n<p><strong>\u00d6\u011fretim G\u00f6revlisi ve Ara\u015ft\u0131rma G\u00f6revlisi Kadrolar\u0131na Ba\u015fvuruda \u0130stenen Belgeler<\/strong><br \/>\n1- Ba\u015fvuru Formu. (http:\/\/www.sbu.edu.tr\/ adresinden temin edilebilir.)<br \/>\n2- Akademik \u00f6zge\u00e7mi\u015f.<br \/>\n3- N\u00fcfus C\u00fczdan\u0131 fotokopisi.<br \/>\n4- Son alt\u0131 ay i\u00e7erisinde \u00e7ekilmi\u015f iki (2) adet foto\u011fraf.<br \/>\n5- ALES ve Yabanc\u0131 Dil Sonu\u00e7 Belgesi.<br \/>\n6- Doktora \/ Lisans \/ Y\u00fcksek Lisans mezuniyet belgeleri (e-Devlet&#8217;ten al\u0131nabilir) veya Denklik Belgesi (Noter onayl\u0131)<br \/>\n7- Lisans \/ Y\u00fcksekokul Transkript Belgesi. (Asl\u0131n\u0131 ibraz etmek \u015fart\u0131yla fotokopisi)<br \/>\n8- Erkek adaylar i\u00e7in askerlikle ilgili terhis, tecilli veya muaf oldu\u011funu belirten Askerlik Belgesi.<br \/>\n9- Alan\u0131nda i\u015f tecr\u00fcbesini g\u00f6sterir belge. (SGK belgesi ile birlikte \u0131slak imzal\u0131 veya elektronik imzal\u0131 olmal\u0131d\u0131r.)<br \/>\n10- Hizmet Belgesi (Halen bir kamu kurumunda \u00e7al\u0131\u015fmakta olanlar ile ayr\u0131lm\u0131\u015f olanlar \u0131slak imzal\u0131 veya elektronik imzal\u0131 olmal\u0131d\u0131r.) \u0130lanla ilgili ayr\u0131nt\u0131l\u0131 bilgilere \u00dcniversitemizin\u00a0<strong><a href=\"http:\/\/www.sbu.edu.tr\/\" target=\"_blank\" rel=\"noopener\">http:\/\/www.sbu.edu.tr\/<\/a><\/strong>\u00a0adresinden veya 02167778777 numaral\u0131 telefondan ula\u015f\u0131labilir.<\/div>\n","protected":false},"excerpt":{"rendered":"<p>\u00d6\u011eRET\u0130M ELEMANI ALIM \u0130LANI &#8220;\u00dcniversitemizin a\u015fa\u011f\u0131daki tabloda bilgileri bulunan birimlerine 09 Kas\u0131m 2018 tarihli ve 30590 say\u0131l\u0131 Resm\u00ee Gazete&#8217;de yay\u0131mlanan &#8220;\u00d6\u011fretim \u00dcyesi D\u0131\u015f\u0131ndaki \u00d6\u011fretim Eleman\u0131 Kadrolar\u0131na Yap\u0131lacak \u00a0Atamalarda Uygulanacak Merkezi \u00a0S\u0131nav \u00a0\u0130le \u00a0Giri\u015f \u00a0S\u0131navlar\u0131na \u00a0\u0130li\u015fkin \u00a0Usul \u00a0ve \u00a0Esaslar \u00a0Hakk\u0131nda Y\u00f6netmelik&#8221; h\u00fck\u00fcmleri uyar\u0131nca \u00d6\u011fretim G\u00f6revlisi ve Ara\u015ft\u0131rma g\u00f6revlisi al\u0131nacakt\u0131r. GENEL VE \u00d6ZEL \u015eARTLAR 1- 657 say\u0131l\u0131 [&hellip;]<\/p>\n","protected":false},"author":1,"featured_media":15459,"comment_status":"open","ping_status":"open","sticky":false,"template":"","format":"standard","meta":{"footnotes":""},"categories":[55],"tags":[114],"class_list":["post-15458","post","type-post","status-publish","format-standard","has-post-thumbnail","hentry","category-is-ilanlari","tag-is-ilani"],"yoast_head":"<!-- This site is optimized with the Yoast SEO plugin v27.4 - https:\/\/yoast.com\/product\/yoast-seo-wordpress\/ -->\n<title>Sa\u011fl\u0131k\u00a0Bilimleri\u00a0\u00dcniversitesi\u00a0Rekt\u00f6rl\u00fc\u011f\u00fcnden: - Memurun Sesi<\/title>\n<meta name=\"robots\" content=\"index, follow, max-snippet:-1, max-image-preview:large, max-video-preview:-1\" \/>\n<link rel=\"canonical\" href=\"https:\/\/memurunsesi.net\/index.php\/2025\/12\/21\/saglik-bilimleri-universitesi-rektorlugunden\/\" \/>\n<meta property=\"og:locale\" content=\"tr_TR\" \/>\n<meta property=\"og:type\" content=\"article\" \/>\n<meta property=\"og:title\" content=\"Sa\u011fl\u0131k\u00a0Bilimleri\u00a0\u00dcniversitesi\u00a0Rekt\u00f6rl\u00fc\u011f\u00fcnden: - Memurun Sesi\" \/>\n<meta property=\"og:description\" content=\"\u00d6\u011eRET\u0130M ELEMANI ALIM \u0130LANI &#8220;\u00dcniversitemizin a\u015fa\u011f\u0131daki tabloda bilgileri bulunan birimlerine 09 Kas\u0131m 2018 tarihli ve 30590 say\u0131l\u0131 Resm\u00ee Gazete&#8217;de yay\u0131mlanan &#8220;\u00d6\u011fretim \u00dcyesi D\u0131\u015f\u0131ndaki \u00d6\u011fretim Eleman\u0131 Kadrolar\u0131na Yap\u0131lacak \u00a0Atamalarda Uygulanacak Merkezi \u00a0S\u0131nav \u00a0\u0130le \u00a0Giri\u015f \u00a0S\u0131navlar\u0131na \u00a0\u0130li\u015fkin \u00a0Usul \u00a0ve \u00a0Esaslar \u00a0Hakk\u0131nda Y\u00f6netmelik&#8221; h\u00fck\u00fcmleri uyar\u0131nca \u00d6\u011fretim G\u00f6revlisi ve Ara\u015ft\u0131rma g\u00f6revlisi al\u0131nacakt\u0131r. GENEL VE \u00d6ZEL \u015eARTLAR 1- 657 say\u0131l\u0131 [&hellip;]\" \/>\n<meta property=\"og:url\" content=\"https:\/\/memurunsesi.net\/index.php\/2025\/12\/21\/saglik-bilimleri-universitesi-rektorlugunden\/\" \/>\n<meta property=\"og:site_name\" content=\"Memurun Sesi\" \/>\n<meta property=\"article:publisher\" content=\"https:\/\/www.facebook.com\/unipersen\/?locale=tr_TR\" \/>\n<meta property=\"article:published_time\" content=\"2025-12-21T07:06:54+00:00\" \/>\n<meta property=\"og:image\" content=\"https:\/\/memurunsesi.net\/wp-content\/uploads\/2025\/12\/saglik.webp\" \/>\n\t<meta property=\"og:image:width\" content=\"124\" \/>\n\t<meta property=\"og:image:height\" content=\"124\" \/>\n\t<meta property=\"og:image:type\" content=\"image\/webp\" \/>\n<meta name=\"author\" content=\"Memurun Sesi Haber Merkezi\" \/>\n<meta name=\"twitter:card\" content=\"summary_large_image\" \/>\n<meta name=\"twitter:creator\" content=\"@unipersen\" \/>\n<meta name=\"twitter:site\" content=\"@unipersen\" \/>\n<meta name=\"twitter:label1\" content=\"Yazan:\" \/>\n\t<meta name=\"twitter:data1\" content=\"Memurun Sesi Haber Merkezi\" \/>\n\t<meta name=\"twitter:label2\" content=\"Tahmini okuma s\u00fcresi\" \/>\n\t<meta name=\"twitter:data2\" content=\"6 dakika\" \/>\n<script type=\"application\/ld+json\" class=\"yoast-schema-graph\">{\"@context\":\"https:\\\/\\\/schema.org\",\"@graph\":[{\"@type\":\"Article\",\"@id\":\"https:\\\/\\\/memurunsesi.net\\\/index.php\\\/2025\\\/12\\\/21\\\/saglik-bilimleri-universitesi-rektorlugunden\\\/#article\",\"isPartOf\":{\"@id\":\"https:\\\/\\\/memurunsesi.net\\\/index.php\\\/2025\\\/12\\\/21\\\/saglik-bilimleri-universitesi-rektorlugunden\\\/\"},\"author\":{\"name\":\"Memurun Sesi Haber Merkezi\",\"@id\":\"https:\\\/\\\/memurunsesi.net\\\/#\\\/schema\\\/person\\\/f21c2d73b89f6ee1d80b0a1803e38587\"},\"headline\":\"Sa\u011fl\u0131k\u00a0Bilimleri\u00a0\u00dcniversitesi\u00a0Rekt\u00f6rl\u00fc\u011f\u00fcnden:\",\"datePublished\":\"2025-12-21T07:06:54+00:00\",\"mainEntityOfPage\":{\"@id\":\"https:\\\/\\\/memurunsesi.net\\\/index.php\\\/2025\\\/12\\\/21\\\/saglik-bilimleri-universitesi-rektorlugunden\\\/\"},\"wordCount\":1240,\"commentCount\":0,\"publisher\":{\"@id\":\"https:\\\/\\\/memurunsesi.net\\\/#organization\"},\"image\":{\"@id\":\"https:\\\/\\\/memurunsesi.net\\\/index.php\\\/2025\\\/12\\\/21\\\/saglik-bilimleri-universitesi-rektorlugunden\\\/#primaryimage\"},\"thumbnailUrl\":\"https:\\\/\\\/memurunsesi.net\\\/wp-content\\\/uploads\\\/2025\\\/12\\\/saglik.webp\",\"keywords\":[\"i\u015f ilan\u0131\"],\"articleSection\":[\"\u0130\u015f \u0130lanlar\u0131\"],\"inLanguage\":\"tr\",\"potentialAction\":[{\"@type\":\"CommentAction\",\"name\":\"Comment\",\"target\":[\"https:\\\/\\\/memurunsesi.net\\\/index.php\\\/2025\\\/12\\\/21\\\/saglik-bilimleri-universitesi-rektorlugunden\\\/#respond\"]}]},{\"@type\":\"WebPage\",\"@id\":\"https:\\\/\\\/memurunsesi.net\\\/index.php\\\/2025\\\/12\\\/21\\\/saglik-bilimleri-universitesi-rektorlugunden\\\/\",\"url\":\"https:\\\/\\\/memurunsesi.net\\\/index.php\\\/2025\\\/12\\\/21\\\/saglik-bilimleri-universitesi-rektorlugunden\\\/\",\"name\":\"Sa\u011fl\u0131k\u00a0Bilimleri\u00a0\u00dcniversitesi\u00a0Rekt\u00f6rl\u00fc\u011f\u00fcnden: - Memurun Sesi\",\"isPartOf\":{\"@id\":\"https:\\\/\\\/memurunsesi.net\\\/#website\"},\"primaryImageOfPage\":{\"@id\":\"https:\\\/\\\/memurunsesi.net\\\/index.php\\\/2025\\\/12\\\/21\\\/saglik-bilimleri-universitesi-rektorlugunden\\\/#primaryimage\"},\"image\":{\"@id\":\"https:\\\/\\\/memurunsesi.net\\\/index.php\\\/2025\\\/12\\\/21\\\/saglik-bilimleri-universitesi-rektorlugunden\\\/#primaryimage\"},\"thumbnailUrl\":\"https:\\\/\\\/memurunsesi.net\\\/wp-content\\\/uploads\\\/2025\\\/12\\\/saglik.webp\",\"datePublished\":\"2025-12-21T07:06:54+00:00\",\"breadcrumb\":{\"@id\":\"https:\\\/\\\/memurunsesi.net\\\/index.php\\\/2025\\\/12\\\/21\\\/saglik-bilimleri-universitesi-rektorlugunden\\\/#breadcrumb\"},\"inLanguage\":\"tr\",\"potentialAction\":[{\"@type\":\"ReadAction\",\"target\":[\"https:\\\/\\\/memurunsesi.net\\\/index.php\\\/2025\\\/12\\\/21\\\/saglik-bilimleri-universitesi-rektorlugunden\\\/\"]}]},{\"@type\":\"ImageObject\",\"inLanguage\":\"tr\",\"@id\":\"https:\\\/\\\/memurunsesi.net\\\/index.php\\\/2025\\\/12\\\/21\\\/saglik-bilimleri-universitesi-rektorlugunden\\\/#primaryimage\",\"url\":\"https:\\\/\\\/memurunsesi.net\\\/wp-content\\\/uploads\\\/2025\\\/12\\\/saglik.webp\",\"contentUrl\":\"https:\\\/\\\/memurunsesi.net\\\/wp-content\\\/uploads\\\/2025\\\/12\\\/saglik.webp\",\"width\":124,\"height\":124},{\"@type\":\"BreadcrumbList\",\"@id\":\"https:\\\/\\\/memurunsesi.net\\\/index.php\\\/2025\\\/12\\\/21\\\/saglik-bilimleri-universitesi-rektorlugunden\\\/#breadcrumb\",\"itemListElement\":[{\"@type\":\"ListItem\",\"position\":1,\"name\":\"Anasayfa\",\"item\":\"https:\\\/\\\/memurunsesi.net\\\/\"},{\"@type\":\"ListItem\",\"position\":2,\"name\":\"Sa\u011fl\u0131k\u00a0Bilimleri\u00a0\u00dcniversitesi\u00a0Rekt\u00f6rl\u00fc\u011f\u00fcnden:\"}]},{\"@type\":\"WebSite\",\"@id\":\"https:\\\/\\\/memurunsesi.net\\\/#website\",\"url\":\"https:\\\/\\\/memurunsesi.net\\\/\",\"name\":\"Memurun Sesi\",\"description\":\"G\u00fcncel ve Do\u011fru Haber\",\"publisher\":{\"@id\":\"https:\\\/\\\/memurunsesi.net\\\/#organization\"},\"potentialAction\":[{\"@type\":\"SearchAction\",\"target\":{\"@type\":\"EntryPoint\",\"urlTemplate\":\"https:\\\/\\\/memurunsesi.net\\\/?s={search_term_string}\"},\"query-input\":{\"@type\":\"PropertyValueSpecification\",\"valueRequired\":true,\"valueName\":\"search_term_string\"}}],\"inLanguage\":\"tr\"},{\"@type\":\"Organization\",\"@id\":\"https:\\\/\\\/memurunsesi.net\\\/#organization\",\"name\":\"Memurun Sesi\",\"url\":\"https:\\\/\\\/memurunsesi.net\\\/\",\"logo\":{\"@type\":\"ImageObject\",\"inLanguage\":\"tr\",\"@id\":\"https:\\\/\\\/memurunsesi.net\\\/#\\\/schema\\\/logo\\\/image\\\/\",\"url\":\"https:\\\/\\\/memurunsesi.net\\\/wp-content\\\/uploads\\\/2025\\\/11\\\/cropped-MEMURUN-SESI.png\",\"contentUrl\":\"https:\\\/\\\/memurunsesi.net\\\/wp-content\\\/uploads\\\/2025\\\/11\\\/cropped-MEMURUN-SESI.png\",\"width\":238,\"height\":57,\"caption\":\"Memurun Sesi\"},\"image\":{\"@id\":\"https:\\\/\\\/memurunsesi.net\\\/#\\\/schema\\\/logo\\\/image\\\/\"},\"sameAs\":[\"https:\\\/\\\/www.facebook.com\\\/unipersen\\\/?locale=tr_TR\",\"https:\\\/\\\/x.com\\\/unipersen\"]},{\"@type\":\"Person\",\"@id\":\"https:\\\/\\\/memurunsesi.net\\\/#\\\/schema\\\/person\\\/f21c2d73b89f6ee1d80b0a1803e38587\",\"name\":\"Memurun Sesi Haber Merkezi\",\"image\":{\"@type\":\"ImageObject\",\"inLanguage\":\"tr\",\"@id\":\"https:\\\/\\\/secure.gravatar.com\\\/avatar\\\/6cf0505f452ee753f485014986fab09a434671d2b919ee76fc541025c5876a70?s=96&d=mm&r=g\",\"url\":\"https:\\\/\\\/secure.gravatar.com\\\/avatar\\\/6cf0505f452ee753f485014986fab09a434671d2b919ee76fc541025c5876a70?s=96&d=mm&r=g\",\"contentUrl\":\"https:\\\/\\\/secure.gravatar.com\\\/avatar\\\/6cf0505f452ee753f485014986fab09a434671d2b919ee76fc541025c5876a70?s=96&d=mm&r=g\",\"caption\":\"Memurun Sesi Haber Merkezi\"},\"sameAs\":[\"https:\\\/\\\/memurunsesi.net\"],\"url\":\"https:\\\/\\\/memurunsesi.net\\\/index.php\\\/author\\\/uniper\\\/\"}]}<\/script>\n<!-- \/ Yoast SEO plugin. -->","yoast_head_json":{"title":"Sa\u011fl\u0131k\u00a0Bilimleri\u00a0\u00dcniversitesi\u00a0Rekt\u00f6rl\u00fc\u011f\u00fcnden: - Memurun Sesi","robots":{"index":"index","follow":"follow","max-snippet":"max-snippet:-1","max-image-preview":"max-image-preview:large","max-video-preview":"max-video-preview:-1"},"canonical":"https:\/\/memurunsesi.net\/index.php\/2025\/12\/21\/saglik-bilimleri-universitesi-rektorlugunden\/","og_locale":"tr_TR","og_type":"article","og_title":"Sa\u011fl\u0131k\u00a0Bilimleri\u00a0\u00dcniversitesi\u00a0Rekt\u00f6rl\u00fc\u011f\u00fcnden: - Memurun Sesi","og_description":"\u00d6\u011eRET\u0130M ELEMANI ALIM \u0130LANI &#8220;\u00dcniversitemizin a\u015fa\u011f\u0131daki tabloda bilgileri bulunan birimlerine 09 Kas\u0131m 2018 tarihli ve 30590 say\u0131l\u0131 Resm\u00ee Gazete&#8217;de yay\u0131mlanan &#8220;\u00d6\u011fretim \u00dcyesi D\u0131\u015f\u0131ndaki \u00d6\u011fretim Eleman\u0131 Kadrolar\u0131na Yap\u0131lacak \u00a0Atamalarda Uygulanacak Merkezi \u00a0S\u0131nav \u00a0\u0130le \u00a0Giri\u015f \u00a0S\u0131navlar\u0131na \u00a0\u0130li\u015fkin \u00a0Usul \u00a0ve \u00a0Esaslar \u00a0Hakk\u0131nda Y\u00f6netmelik&#8221; h\u00fck\u00fcmleri uyar\u0131nca \u00d6\u011fretim G\u00f6revlisi ve Ara\u015ft\u0131rma g\u00f6revlisi al\u0131nacakt\u0131r. GENEL VE \u00d6ZEL \u015eARTLAR 1- 657 say\u0131l\u0131 [&hellip;]","og_url":"https:\/\/memurunsesi.net\/index.php\/2025\/12\/21\/saglik-bilimleri-universitesi-rektorlugunden\/","og_site_name":"Memurun Sesi","article_publisher":"https:\/\/www.facebook.com\/unipersen\/?locale=tr_TR","article_published_time":"2025-12-21T07:06:54+00:00","og_image":[{"width":124,"height":124,"url":"https:\/\/memurunsesi.net\/wp-content\/uploads\/2025\/12\/saglik.webp","type":"image\/webp"}],"author":"Memurun Sesi Haber Merkezi","twitter_card":"summary_large_image","twitter_creator":"@unipersen","twitter_site":"@unipersen","twitter_misc":{"Yazan:":"Memurun Sesi Haber Merkezi","Tahmini okuma s\u00fcresi":"6 dakika"},"schema":{"@context":"https:\/\/schema.org","@graph":[{"@type":"Article","@id":"https:\/\/memurunsesi.net\/index.php\/2025\/12\/21\/saglik-bilimleri-universitesi-rektorlugunden\/#article","isPartOf":{"@id":"https:\/\/memurunsesi.net\/index.php\/2025\/12\/21\/saglik-bilimleri-universitesi-rektorlugunden\/"},"author":{"name":"Memurun Sesi Haber Merkezi","@id":"https:\/\/memurunsesi.net\/#\/schema\/person\/f21c2d73b89f6ee1d80b0a1803e38587"},"headline":"Sa\u011fl\u0131k\u00a0Bilimleri\u00a0\u00dcniversitesi\u00a0Rekt\u00f6rl\u00fc\u011f\u00fcnden:","datePublished":"2025-12-21T07:06:54+00:00","mainEntityOfPage":{"@id":"https:\/\/memurunsesi.net\/index.php\/2025\/12\/21\/saglik-bilimleri-universitesi-rektorlugunden\/"},"wordCount":1240,"commentCount":0,"publisher":{"@id":"https:\/\/memurunsesi.net\/#organization"},"image":{"@id":"https:\/\/memurunsesi.net\/index.php\/2025\/12\/21\/saglik-bilimleri-universitesi-rektorlugunden\/#primaryimage"},"thumbnailUrl":"https:\/\/memurunsesi.net\/wp-content\/uploads\/2025\/12\/saglik.webp","keywords":["i\u015f ilan\u0131"],"articleSection":["\u0130\u015f \u0130lanlar\u0131"],"inLanguage":"tr","potentialAction":[{"@type":"CommentAction","name":"Comment","target":["https:\/\/memurunsesi.net\/index.php\/2025\/12\/21\/saglik-bilimleri-universitesi-rektorlugunden\/#respond"]}]},{"@type":"WebPage","@id":"https:\/\/memurunsesi.net\/index.php\/2025\/12\/21\/saglik-bilimleri-universitesi-rektorlugunden\/","url":"https:\/\/memurunsesi.net\/index.php\/2025\/12\/21\/saglik-bilimleri-universitesi-rektorlugunden\/","name":"Sa\u011fl\u0131k\u00a0Bilimleri\u00a0\u00dcniversitesi\u00a0Rekt\u00f6rl\u00fc\u011f\u00fcnden: - Memurun Sesi","isPartOf":{"@id":"https:\/\/memurunsesi.net\/#website"},"primaryImageOfPage":{"@id":"https:\/\/memurunsesi.net\/index.php\/2025\/12\/21\/saglik-bilimleri-universitesi-rektorlugunden\/#primaryimage"},"image":{"@id":"https:\/\/memurunsesi.net\/index.php\/2025\/12\/21\/saglik-bilimleri-universitesi-rektorlugunden\/#primaryimage"},"thumbnailUrl":"https:\/\/memurunsesi.net\/wp-content\/uploads\/2025\/12\/saglik.webp","datePublished":"2025-12-21T07:06:54+00:00","breadcrumb":{"@id":"https:\/\/memurunsesi.net\/index.php\/2025\/12\/21\/saglik-bilimleri-universitesi-rektorlugunden\/#breadcrumb"},"inLanguage":"tr","potentialAction":[{"@type":"ReadAction","target":["https:\/\/memurunsesi.net\/index.php\/2025\/12\/21\/saglik-bilimleri-universitesi-rektorlugunden\/"]}]},{"@type":"ImageObject","inLanguage":"tr","@id":"https:\/\/memurunsesi.net\/index.php\/2025\/12\/21\/saglik-bilimleri-universitesi-rektorlugunden\/#primaryimage","url":"https:\/\/memurunsesi.net\/wp-content\/uploads\/2025\/12\/saglik.webp","contentUrl":"https:\/\/memurunsesi.net\/wp-content\/uploads\/2025\/12\/saglik.webp","width":124,"height":124},{"@type":"BreadcrumbList","@id":"https:\/\/memurunsesi.net\/index.php\/2025\/12\/21\/saglik-bilimleri-universitesi-rektorlugunden\/#breadcrumb","itemListElement":[{"@type":"ListItem","position":1,"name":"Anasayfa","item":"https:\/\/memurunsesi.net\/"},{"@type":"ListItem","position":2,"name":"Sa\u011fl\u0131k\u00a0Bilimleri\u00a0\u00dcniversitesi\u00a0Rekt\u00f6rl\u00fc\u011f\u00fcnden:"}]},{"@type":"WebSite","@id":"https:\/\/memurunsesi.net\/#website","url":"https:\/\/memurunsesi.net\/","name":"Memurun Sesi","description":"G\u00fcncel ve Do\u011fru Haber","publisher":{"@id":"https:\/\/memurunsesi.net\/#organization"},"potentialAction":[{"@type":"SearchAction","target":{"@type":"EntryPoint","urlTemplate":"https:\/\/memurunsesi.net\/?s={search_term_string}"},"query-input":{"@type":"PropertyValueSpecification","valueRequired":true,"valueName":"search_term_string"}}],"inLanguage":"tr"},{"@type":"Organization","@id":"https:\/\/memurunsesi.net\/#organization","name":"Memurun Sesi","url":"https:\/\/memurunsesi.net\/","logo":{"@type":"ImageObject","inLanguage":"tr","@id":"https:\/\/memurunsesi.net\/#\/schema\/logo\/image\/","url":"https:\/\/memurunsesi.net\/wp-content\/uploads\/2025\/11\/cropped-MEMURUN-SESI.png","contentUrl":"https:\/\/memurunsesi.net\/wp-content\/uploads\/2025\/11\/cropped-MEMURUN-SESI.png","width":238,"height":57,"caption":"Memurun Sesi"},"image":{"@id":"https:\/\/memurunsesi.net\/#\/schema\/logo\/image\/"},"sameAs":["https:\/\/www.facebook.com\/unipersen\/?locale=tr_TR","https:\/\/x.com\/unipersen"]},{"@type":"Person","@id":"https:\/\/memurunsesi.net\/#\/schema\/person\/f21c2d73b89f6ee1d80b0a1803e38587","name":"Memurun Sesi Haber Merkezi","image":{"@type":"ImageObject","inLanguage":"tr","@id":"https:\/\/secure.gravatar.com\/avatar\/6cf0505f452ee753f485014986fab09a434671d2b919ee76fc541025c5876a70?s=96&d=mm&r=g","url":"https:\/\/secure.gravatar.com\/avatar\/6cf0505f452ee753f485014986fab09a434671d2b919ee76fc541025c5876a70?s=96&d=mm&r=g","contentUrl":"https:\/\/secure.gravatar.com\/avatar\/6cf0505f452ee753f485014986fab09a434671d2b919ee76fc541025c5876a70?s=96&d=mm&r=g","caption":"Memurun Sesi Haber Merkezi"},"sameAs":["https:\/\/memurunsesi.net"],"url":"https:\/\/memurunsesi.net\/index.php\/author\/uniper\/"}]}},"_links":{"self":[{"href":"https:\/\/memurunsesi.net\/index.php\/wp-json\/wp\/v2\/posts\/15458","targetHints":{"allow":["GET"]}}],"collection":[{"href":"https:\/\/memurunsesi.net\/index.php\/wp-json\/wp\/v2\/posts"}],"about":[{"href":"https:\/\/memurunsesi.net\/index.php\/wp-json\/wp\/v2\/types\/post"}],"author":[{"embeddable":true,"href":"https:\/\/memurunsesi.net\/index.php\/wp-json\/wp\/v2\/users\/1"}],"replies":[{"embeddable":true,"href":"https:\/\/memurunsesi.net\/index.php\/wp-json\/wp\/v2\/comments?post=15458"}],"version-history":[{"count":1,"href":"https:\/\/memurunsesi.net\/index.php\/wp-json\/wp\/v2\/posts\/15458\/revisions"}],"predecessor-version":[{"id":15460,"href":"https:\/\/memurunsesi.net\/index.php\/wp-json\/wp\/v2\/posts\/15458\/revisions\/15460"}],"wp:featuredmedia":[{"embeddable":true,"href":"https:\/\/memurunsesi.net\/index.php\/wp-json\/wp\/v2\/media\/15459"}],"wp:attachment":[{"href":"https:\/\/memurunsesi.net\/index.php\/wp-json\/wp\/v2\/media?parent=15458"}],"wp:term":[{"taxonomy":"category","embeddable":true,"href":"https:\/\/memurunsesi.net\/index.php\/wp-json\/wp\/v2\/categories?post=15458"},{"taxonomy":"post_tag","embeddable":true,"href":"https:\/\/memurunsesi.net\/index.php\/wp-json\/wp\/v2\/tags?post=15458"}],"curies":[{"name":"wp","href":"https:\/\/api.w.org\/{rel}","templated":true}]}}