{"id":15467,"date":"2025-12-21T10:13:46","date_gmt":"2025-12-21T07:13:46","guid":{"rendered":"https:\/\/memurunsesi.net\/?p=15467"},"modified":"2025-12-21T10:13:46","modified_gmt":"2025-12-21T07:13:46","slug":"kars-ardahan-igdir-memleket-gunleri-arnavutkoyde-kardeslik-koprusune-donustu","status":"publish","type":"post","link":"https:\/\/memurunsesi.net\/index.php\/2025\/12\/21\/kars-ardahan-igdir-memleket-gunleri-arnavutkoyde-kardeslik-koprusune-donustu\/","title":{"rendered":"Kars-Ardahan-I\u011fd\u0131r Memleket G\u00fcnleri Arnavutk\u00f6y&#8217;de karde\u015flik k\u00f6pr\u00fcs\u00fcne d\u00f6n\u00fc\u015ft\u00fc"},"content":{"rendered":"<p>Arnavutk\u00f6y \u015eehir Park\u0131&#8217;nda, Kars, Ardahan ve I\u011fd\u0131r&#8217;\u0131n k\u00f6kl\u00fc k\u00fclt\u00fcr\u00fc, y\u00f6resel lezzetleri ve sahne programlar\u0131yla \u00fc\u00e7 g\u00fcn s\u00fcrecek Memleket G\u00fcnleri yo\u011fun kat\u0131l\u0131mla ba\u015flad\u0131.<br \/>\nArnavutk\u00f6y Belediyesi&#8217;nce d\u00fczenlenen Kars, Ardahan, I\u011fd\u0131r Memleket G\u00fcnleri&#8217;nin a\u00e7\u0131l\u0131\u015f program\u0131 Arnavutk\u00f6y \u015eehir Park\u0131&#8217;nda ger\u00e7ekle\u015ftirildi. Programa Arnavutk\u00f6y Kaymakam\u0131 Mahmut Hersanl\u0131o\u011flu, Arnavutk\u00f6y Belediye Ba\u015fkan\u0131 Mustafa Candaro\u011flu, sivil toplum kurulu\u015flar\u0131 ve dernek ba\u015fkanlar\u0131 ile \u00e7ok say\u0131da vatanda\u015f kat\u0131ld\u0131. Kars, Ardahan ve I\u011fd\u0131r&#8217;\u0131n kadim k\u00fclt\u00fcr\u00fcn\u00fc Arnavutk\u00f6y&#8217;e ta\u015f\u0131yan etkinlik alan\u0131nda y\u00f6resel \u00fcr\u00fcn stantlar\u0131, el sanatlar\u0131 sergileri ve k\u00fclt\u00fcrel sunumlarla renkli bir atmosfer olu\u015fturuldu. Kars&#8217;\u0131n y\u00f6resel mutfa\u011f\u0131, Ardahan&#8217;\u0131n do\u011fal \u00fcr\u00fcnleri ve I\u011fd\u0131r&#8217;\u0131n bereketli topraklar\u0131ndan \u00e7\u0131kan lezzetler ziyaret\u00e7ilerle bulu\u015ftu. Vatanda\u015flar, \u00fc\u00e7 g\u00fcn boyunca Do\u011fu Anadolu&#8217;nun zengin mutfak k\u00fclt\u00fcr\u00fcn\u00fc ve geleneklerini yak\u0131ndan tan\u0131ma imkan\u0131 buldu.<\/p>\n<p>Kaymakam Ersanl\u0131o\u011flu: &#8220;Bu co\u011frafya T\u00fcrkiye&#8217;nin birlik foto\u011fraf\u0131d\u0131r&#8221;<br \/>\nProgramda konu\u015fan Arnavutk\u00f6y Kaymakam\u0131 Mahmut Ersanl\u0131o\u011flu, Kars, Ardahan ve I\u011fd\u0131r&#8217;\u0131n serhat illeri olarak g\u00fc\u00e7l\u00fc bir tarihsel haf\u0131zaya ve birlik k\u00fclt\u00fcr\u00fcne sahip oldu\u011funu vurgulad\u0131. B\u00f6lgenin farkl\u0131 etnik ve inan\u00e7 gruplar\u0131n\u0131 y\u00fczy\u0131llard\u0131r ayn\u0131 potada bulu\u015fturdu\u011funu belirten Ersanl\u0131o\u011flu, Memleket G\u00fcnleri&#8217;nin bu karde\u015flik ruhunu g\u00fc\u00e7lendiren \u00f6nemli organizasyonlardan biri oldu\u011funu ifade etti.<\/p>\n<p>Ba\u015fkan Candaro\u011flu: &#8220;12 haftad\u0131r Anadolu&#8217;nun renklerini Arnavutk\u00f6y&#8217;de ya\u015fad\u0131k&#8221;<br \/>\nArnavutk\u00f6y Belediye Ba\u015fkan\u0131 Mustafa Candaro\u011flu ise konu\u015fmas\u0131nda Memleket G\u00fcnleri&#8217;nin 12 hafta boyunca Arnavutk\u00f6y&#8217;\u00fc T\u00fcrkiye&#8217;nin d\u00f6rt bir yan\u0131ndan gelen k\u00fclt\u00fcrlerin bulu\u015fma noktas\u0131 haline getirdi\u011fini s\u00f6yledi. Bu hafta Kars, Ardahan ve I\u011fd\u0131r&#8217;\u0131 a\u011f\u0131rlamaktan b\u00fcy\u00fck mutluluk duyduklar\u0131n\u0131 belirten Ba\u015fkan Candaro\u011flu, &#8220;Bu \u00fc\u00e7 kadim \u015fehir, vatan sevgisinin, fedak\u00e2rl\u0131\u011f\u0131n ve g\u00fc\u00e7l\u00fc k\u00fclt\u00fcrel miras\u0131n sembol\u00fcd\u00fcr. Bug\u00fcn bu de\u011ferleri Arnavutk\u00f6y&#8217;de hep birlikte ya\u015f\u0131yoruz&#8221; dedi.<br \/>\nMemleket G\u00fcnleri ile ama\u00e7lar\u0131n\u0131n unutulmaya y\u00fcz tutan kom\u015fuluk ve hem\u015fehrilik ba\u011flar\u0131n\u0131 yeniden canland\u0131rmak oldu\u011funu vurgulayan Candaro\u011flu, her hafta alan\u0131 dolduran vatanda\u015flar\u0131n memleket sevgisinin ne kadar g\u00fc\u00e7l\u00fc oldu\u011funu g\u00f6sterdi\u011fini ifade etti. Programlar\u0131n fiziken sona ermesine ra\u011fmen kurulan g\u00f6n\u00fcl k\u00f6pr\u00fclerinin kal\u0131c\u0131 olaca\u011f\u0131n\u0131 belirten Belediye Ba\u015fkan\u0131 Mustafa Candaro\u011flu, organizasyona katk\u0131 sunan dernek ba\u015fkanlar\u0131na, hem\u015ferilere ve eme\u011fi ge\u00e7en herkese te\u015fekk\u00fcr etti.<br \/>\nEtkinlikler pazar g\u00fcn\u00fcne kadar s\u00fcrecek<br \/>\nKars-Ardahan-I\u011fd\u0131r Memleket G\u00fcnleri, pazar ak\u015fam\u0131na kadar Arnavutk\u00f6y \u015eehir Park\u0131&#8217;nda y\u00f6resel lezzetler, k\u00fclt\u00fcrel etkinlikler ve sahne programlar\u0131yla devam edecek. Organizasyon, \u0130stanbul&#8217;un d\u00f6rt bir yan\u0131ndan gelen ziyaret\u00e7ileri karde\u015flik ve dayan\u0131\u015fma atmosferinde bir araya getirmeyi s\u00fcrd\u00fcrecek.<\/p>\n<p>21.12.2025<\/p>\n","protected":false},"excerpt":{"rendered":"<p>Arnavutk\u00f6y \u015eehir Park\u0131&#8217;nda, Kars, Ardahan ve I\u011fd\u0131r&#8217;\u0131n k\u00f6kl\u00fc k\u00fclt\u00fcr\u00fc, y\u00f6resel lezzetleri ve sahne programlar\u0131yla \u00fc\u00e7 g\u00fcn s\u00fcrecek Memleket G\u00fcnleri yo\u011fun kat\u0131l\u0131mla ba\u015flad\u0131. Arnavutk\u00f6y Belediyesi&#8217;nce d\u00fczenlenen Kars, Ardahan, I\u011fd\u0131r Memleket G\u00fcnleri&#8217;nin a\u00e7\u0131l\u0131\u015f program\u0131 Arnavutk\u00f6y \u015eehir Park\u0131&#8217;nda ger\u00e7ekle\u015ftirildi. Programa Arnavutk\u00f6y Kaymakam\u0131 Mahmut Hersanl\u0131o\u011flu, Arnavutk\u00f6y Belediye Ba\u015fkan\u0131 Mustafa Candaro\u011flu, sivil toplum kurulu\u015flar\u0131 ve dernek ba\u015fkanlar\u0131 ile \u00e7ok say\u0131da [&hellip;]<\/p>\n","protected":false},"author":1,"featured_media":15468,"comment_status":"open","ping_status":"open","sticky":false,"template":"","format":"standard","meta":{"footnotes":""},"categories":[1],"tags":[651,650],"class_list":["post-15467","post","type-post","status-publish","format-standard","has-post-thumbnail","hentry","category-genel","tag-kardeslik-koprusune-donustu","tag-memleket-gunleri"],"yoast_head":"<!-- This site is optimized with the Yoast SEO plugin v27.4 - https:\/\/yoast.com\/product\/yoast-seo-wordpress\/ -->\n<title>Kars-Ardahan-I\u011fd\u0131r Memleket G\u00fcnleri Arnavutk\u00f6y&#039;de karde\u015flik k\u00f6pr\u00fcs\u00fcne d\u00f6n\u00fc\u015ft\u00fc - Memurun Sesi<\/title>\n<meta name=\"description\" content=\"Kars-Ardahan-I\u011fd\u0131r Memleket G\u00fcnleri Arnavutk\u00f6y&#039;de karde\u015flik k\u00f6pr\u00fcs\u00fcne d\u00f6n\u00fc\u015ft\u00fc\" \/>\n<meta name=\"robots\" content=\"index, follow, max-snippet:-1, max-image-preview:large, max-video-preview:-1\" \/>\n<link rel=\"canonical\" href=\"https:\/\/memurunsesi.net\/index.php\/2025\/12\/21\/kars-ardahan-igdir-memleket-gunleri-arnavutkoyde-kardeslik-koprusune-donustu\/\" \/>\n<meta property=\"og:locale\" content=\"tr_TR\" \/>\n<meta property=\"og:type\" content=\"article\" \/>\n<meta property=\"og:title\" content=\"Kars-Ardahan-I\u011fd\u0131r Memleket G\u00fcnleri Arnavutk\u00f6y&#039;de karde\u015flik k\u00f6pr\u00fcs\u00fcne d\u00f6n\u00fc\u015ft\u00fc - Memurun Sesi\" \/>\n<meta property=\"og:description\" content=\"Kars-Ardahan-I\u011fd\u0131r Memleket G\u00fcnleri Arnavutk\u00f6y&#039;de karde\u015flik k\u00f6pr\u00fcs\u00fcne d\u00f6n\u00fc\u015ft\u00fc\" \/>\n<meta property=\"og:url\" content=\"https:\/\/memurunsesi.net\/index.php\/2025\/12\/21\/kars-ardahan-igdir-memleket-gunleri-arnavutkoyde-kardeslik-koprusune-donustu\/\" \/>\n<meta property=\"og:site_name\" content=\"Memurun Sesi\" \/>\n<meta property=\"article:publisher\" content=\"https:\/\/www.facebook.com\/unipersen\/?locale=tr_TR\" \/>\n<meta property=\"article:published_time\" content=\"2025-12-21T07:13:46+00:00\" \/>\n<meta property=\"og:image\" content=\"https:\/\/memurunsesi.net\/wp-content\/uploads\/2025\/12\/kardeslik.jpg\" \/>\n\t<meta property=\"og:image:width\" content=\"2048\" \/>\n\t<meta property=\"og:image:height\" content=\"1365\" \/>\n\t<meta property=\"og:image:type\" content=\"image\/jpeg\" \/>\n<meta name=\"author\" content=\"Memurun Sesi Haber Merkezi\" \/>\n<meta name=\"twitter:card\" content=\"summary_large_image\" \/>\n<meta name=\"twitter:creator\" content=\"@unipersen\" \/>\n<meta name=\"twitter:site\" content=\"@unipersen\" \/>\n<meta name=\"twitter:label1\" content=\"Yazan:\" \/>\n\t<meta name=\"twitter:data1\" content=\"Memurun Sesi Haber Merkezi\" \/>\n\t<meta name=\"twitter:label2\" content=\"Tahmini okuma s\u00fcresi\" \/>\n\t<meta name=\"twitter:data2\" content=\"3 dakika\" \/>\n<script type=\"application\/ld+json\" class=\"yoast-schema-graph\">{\"@context\":\"https:\\\/\\\/schema.org\",\"@graph\":[{\"@type\":\"Article\",\"@id\":\"https:\\\/\\\/memurunsesi.net\\\/index.php\\\/2025\\\/12\\\/21\\\/kars-ardahan-igdir-memleket-gunleri-arnavutkoyde-kardeslik-koprusune-donustu\\\/#article\",\"isPartOf\":{\"@id\":\"https:\\\/\\\/memurunsesi.net\\\/index.php\\\/2025\\\/12\\\/21\\\/kars-ardahan-igdir-memleket-gunleri-arnavutkoyde-kardeslik-koprusune-donustu\\\/\"},\"author\":{\"name\":\"Memurun Sesi Haber Merkezi\",\"@id\":\"https:\\\/\\\/memurunsesi.net\\\/#\\\/schema\\\/person\\\/f21c2d73b89f6ee1d80b0a1803e38587\"},\"headline\":\"Kars-Ardahan-I\u011fd\u0131r Memleket G\u00fcnleri Arnavutk\u00f6y&#8217;de karde\u015flik k\u00f6pr\u00fcs\u00fcne d\u00f6n\u00fc\u015ft\u00fc\",\"datePublished\":\"2025-12-21T07:13:46+00:00\",\"mainEntityOfPage\":{\"@id\":\"https:\\\/\\\/memurunsesi.net\\\/index.php\\\/2025\\\/12\\\/21\\\/kars-ardahan-igdir-memleket-gunleri-arnavutkoyde-kardeslik-koprusune-donustu\\\/\"},\"wordCount\":548,\"commentCount\":0,\"publisher\":{\"@id\":\"https:\\\/\\\/memurunsesi.net\\\/#organization\"},\"image\":{\"@id\":\"https:\\\/\\\/memurunsesi.net\\\/index.php\\\/2025\\\/12\\\/21\\\/kars-ardahan-igdir-memleket-gunleri-arnavutkoyde-kardeslik-koprusune-donustu\\\/#primaryimage\"},\"thumbnailUrl\":\"https:\\\/\\\/memurunsesi.net\\\/wp-content\\\/uploads\\\/2025\\\/12\\\/kardeslik.jpg\",\"keywords\":[\"karde\u015flik k\u00f6pr\u00fcs\u00fcne d\u00f6n\u00fc\u015ft\u00fc\",\"Memleket G\u00fcnleri\"],\"inLanguage\":\"tr\",\"potentialAction\":[{\"@type\":\"CommentAction\",\"name\":\"Comment\",\"target\":[\"https:\\\/\\\/memurunsesi.net\\\/index.php\\\/2025\\\/12\\\/21\\\/kars-ardahan-igdir-memleket-gunleri-arnavutkoyde-kardeslik-koprusune-donustu\\\/#respond\"]}]},{\"@type\":\"WebPage\",\"@id\":\"https:\\\/\\\/memurunsesi.net\\\/index.php\\\/2025\\\/12\\\/21\\\/kars-ardahan-igdir-memleket-gunleri-arnavutkoyde-kardeslik-koprusune-donustu\\\/\",\"url\":\"https:\\\/\\\/memurunsesi.net\\\/index.php\\\/2025\\\/12\\\/21\\\/kars-ardahan-igdir-memleket-gunleri-arnavutkoyde-kardeslik-koprusune-donustu\\\/\",\"name\":\"Kars-Ardahan-I\u011fd\u0131r Memleket G\u00fcnleri Arnavutk\u00f6y'de karde\u015flik k\u00f6pr\u00fcs\u00fcne d\u00f6n\u00fc\u015ft\u00fc - Memurun Sesi\",\"isPartOf\":{\"@id\":\"https:\\\/\\\/memurunsesi.net\\\/#website\"},\"primaryImageOfPage\":{\"@id\":\"https:\\\/\\\/memurunsesi.net\\\/index.php\\\/2025\\\/12\\\/21\\\/kars-ardahan-igdir-memleket-gunleri-arnavutkoyde-kardeslik-koprusune-donustu\\\/#primaryimage\"},\"image\":{\"@id\":\"https:\\\/\\\/memurunsesi.net\\\/index.php\\\/2025\\\/12\\\/21\\\/kars-ardahan-igdir-memleket-gunleri-arnavutkoyde-kardeslik-koprusune-donustu\\\/#primaryimage\"},\"thumbnailUrl\":\"https:\\\/\\\/memurunsesi.net\\\/wp-content\\\/uploads\\\/2025\\\/12\\\/kardeslik.jpg\",\"datePublished\":\"2025-12-21T07:13:46+00:00\",\"description\":\"Kars-Ardahan-I\u011fd\u0131r Memleket G\u00fcnleri Arnavutk\u00f6y'de karde\u015flik k\u00f6pr\u00fcs\u00fcne d\u00f6n\u00fc\u015ft\u00fc\",\"breadcrumb\":{\"@id\":\"https:\\\/\\\/memurunsesi.net\\\/index.php\\\/2025\\\/12\\\/21\\\/kars-ardahan-igdir-memleket-gunleri-arnavutkoyde-kardeslik-koprusune-donustu\\\/#breadcrumb\"},\"inLanguage\":\"tr\",\"potentialAction\":[{\"@type\":\"ReadAction\",\"target\":[\"https:\\\/\\\/memurunsesi.net\\\/index.php\\\/2025\\\/12\\\/21\\\/kars-ardahan-igdir-memleket-gunleri-arnavutkoyde-kardeslik-koprusune-donustu\\\/\"]}]},{\"@type\":\"ImageObject\",\"inLanguage\":\"tr\",\"@id\":\"https:\\\/\\\/memurunsesi.net\\\/index.php\\\/2025\\\/12\\\/21\\\/kars-ardahan-igdir-memleket-gunleri-arnavutkoyde-kardeslik-koprusune-donustu\\\/#primaryimage\",\"url\":\"https:\\\/\\\/memurunsesi.net\\\/wp-content\\\/uploads\\\/2025\\\/12\\\/kardeslik.jpg\",\"contentUrl\":\"https:\\\/\\\/memurunsesi.net\\\/wp-content\\\/uploads\\\/2025\\\/12\\\/kardeslik.jpg\",\"width\":2048,\"height\":1365,\"caption\":\"KARS-ARDAHAN-I\u011eDIR MEMLEKET G\u00dcNLER\u0130 ARNAVUTK\u00d6Y'DE KARDE\u015eL\u0130K K\u00d6PR\u00dcS\u00dcNE D\u00d6N\u00dc\u015eT\u00dc (BATUHAN TOPRAK\\\/\u0130STANBUL-\u0130HA) Arnavutk\u00f6y \u015eehir Park\u0131'nda, Kars, Ardahan ve I\u011fd\u0131r'\u0131n k\u00f6kl\u00fc k\u00fclt\u00fcr\u00fc, y\u00f6resel lezzetleri ve sahne programlar\u0131yla \u00fc\u00e7 g\u00fcn s\u00fcrecek Memleket G\u00fcnleri yo\u011fun kat\u0131l\u0131mla ba\u015flad\u0131.\"},{\"@type\":\"BreadcrumbList\",\"@id\":\"https:\\\/\\\/memurunsesi.net\\\/index.php\\\/2025\\\/12\\\/21\\\/kars-ardahan-igdir-memleket-gunleri-arnavutkoyde-kardeslik-koprusune-donustu\\\/#breadcrumb\",\"itemListElement\":[{\"@type\":\"ListItem\",\"position\":1,\"name\":\"Anasayfa\",\"item\":\"https:\\\/\\\/memurunsesi.net\\\/\"},{\"@type\":\"ListItem\",\"position\":2,\"name\":\"Kars-Ardahan-I\u011fd\u0131r Memleket G\u00fcnleri Arnavutk\u00f6y&#8217;de karde\u015flik k\u00f6pr\u00fcs\u00fcne d\u00f6n\u00fc\u015ft\u00fc\"}]},{\"@type\":\"WebSite\",\"@id\":\"https:\\\/\\\/memurunsesi.net\\\/#website\",\"url\":\"https:\\\/\\\/memurunsesi.net\\\/\",\"name\":\"Memurun Sesi\",\"description\":\"G\u00fcncel ve Do\u011fru Haber\",\"publisher\":{\"@id\":\"https:\\\/\\\/memurunsesi.net\\\/#organization\"},\"potentialAction\":[{\"@type\":\"SearchAction\",\"target\":{\"@type\":\"EntryPoint\",\"urlTemplate\":\"https:\\\/\\\/memurunsesi.net\\\/?s={search_term_string}\"},\"query-input\":{\"@type\":\"PropertyValueSpecification\",\"valueRequired\":true,\"valueName\":\"search_term_string\"}}],\"inLanguage\":\"tr\"},{\"@type\":\"Organization\",\"@id\":\"https:\\\/\\\/memurunsesi.net\\\/#organization\",\"name\":\"Memurun Sesi\",\"url\":\"https:\\\/\\\/memurunsesi.net\\\/\",\"logo\":{\"@type\":\"ImageObject\",\"inLanguage\":\"tr\",\"@id\":\"https:\\\/\\\/memurunsesi.net\\\/#\\\/schema\\\/logo\\\/image\\\/\",\"url\":\"https:\\\/\\\/memurunsesi.net\\\/wp-content\\\/uploads\\\/2025\\\/11\\\/cropped-MEMURUN-SESI.png\",\"contentUrl\":\"https:\\\/\\\/memurunsesi.net\\\/wp-content\\\/uploads\\\/2025\\\/11\\\/cropped-MEMURUN-SESI.png\",\"width\":238,\"height\":57,\"caption\":\"Memurun Sesi\"},\"image\":{\"@id\":\"https:\\\/\\\/memurunsesi.net\\\/#\\\/schema\\\/logo\\\/image\\\/\"},\"sameAs\":[\"https:\\\/\\\/www.facebook.com\\\/unipersen\\\/?locale=tr_TR\",\"https:\\\/\\\/x.com\\\/unipersen\"]},{\"@type\":\"Person\",\"@id\":\"https:\\\/\\\/memurunsesi.net\\\/#\\\/schema\\\/person\\\/f21c2d73b89f6ee1d80b0a1803e38587\",\"name\":\"Memurun Sesi Haber Merkezi\",\"image\":{\"@type\":\"ImageObject\",\"inLanguage\":\"tr\",\"@id\":\"https:\\\/\\\/secure.gravatar.com\\\/avatar\\\/6cf0505f452ee753f485014986fab09a434671d2b919ee76fc541025c5876a70?s=96&d=mm&r=g\",\"url\":\"https:\\\/\\\/secure.gravatar.com\\\/avatar\\\/6cf0505f452ee753f485014986fab09a434671d2b919ee76fc541025c5876a70?s=96&d=mm&r=g\",\"contentUrl\":\"https:\\\/\\\/secure.gravatar.com\\\/avatar\\\/6cf0505f452ee753f485014986fab09a434671d2b919ee76fc541025c5876a70?s=96&d=mm&r=g\",\"caption\":\"Memurun Sesi Haber Merkezi\"},\"sameAs\":[\"https:\\\/\\\/memurunsesi.net\"],\"url\":\"https:\\\/\\\/memurunsesi.net\\\/index.php\\\/author\\\/uniper\\\/\"}]}<\/script>\n<!-- \/ Yoast SEO plugin. -->","yoast_head_json":{"title":"Kars-Ardahan-I\u011fd\u0131r Memleket G\u00fcnleri Arnavutk\u00f6y'de karde\u015flik k\u00f6pr\u00fcs\u00fcne d\u00f6n\u00fc\u015ft\u00fc - Memurun Sesi","description":"Kars-Ardahan-I\u011fd\u0131r Memleket G\u00fcnleri Arnavutk\u00f6y'de karde\u015flik k\u00f6pr\u00fcs\u00fcne d\u00f6n\u00fc\u015ft\u00fc","robots":{"index":"index","follow":"follow","max-snippet":"max-snippet:-1","max-image-preview":"max-image-preview:large","max-video-preview":"max-video-preview:-1"},"canonical":"https:\/\/memurunsesi.net\/index.php\/2025\/12\/21\/kars-ardahan-igdir-memleket-gunleri-arnavutkoyde-kardeslik-koprusune-donustu\/","og_locale":"tr_TR","og_type":"article","og_title":"Kars-Ardahan-I\u011fd\u0131r Memleket G\u00fcnleri Arnavutk\u00f6y'de karde\u015flik k\u00f6pr\u00fcs\u00fcne d\u00f6n\u00fc\u015ft\u00fc - Memurun Sesi","og_description":"Kars-Ardahan-I\u011fd\u0131r Memleket G\u00fcnleri Arnavutk\u00f6y'de karde\u015flik k\u00f6pr\u00fcs\u00fcne d\u00f6n\u00fc\u015ft\u00fc","og_url":"https:\/\/memurunsesi.net\/index.php\/2025\/12\/21\/kars-ardahan-igdir-memleket-gunleri-arnavutkoyde-kardeslik-koprusune-donustu\/","og_site_name":"Memurun Sesi","article_publisher":"https:\/\/www.facebook.com\/unipersen\/?locale=tr_TR","article_published_time":"2025-12-21T07:13:46+00:00","og_image":[{"width":2048,"height":1365,"url":"https:\/\/memurunsesi.net\/wp-content\/uploads\/2025\/12\/kardeslik.jpg","type":"image\/jpeg"}],"author":"Memurun Sesi Haber Merkezi","twitter_card":"summary_large_image","twitter_creator":"@unipersen","twitter_site":"@unipersen","twitter_misc":{"Yazan:":"Memurun Sesi Haber Merkezi","Tahmini okuma s\u00fcresi":"3 dakika"},"schema":{"@context":"https:\/\/schema.org","@graph":[{"@type":"Article","@id":"https:\/\/memurunsesi.net\/index.php\/2025\/12\/21\/kars-ardahan-igdir-memleket-gunleri-arnavutkoyde-kardeslik-koprusune-donustu\/#article","isPartOf":{"@id":"https:\/\/memurunsesi.net\/index.php\/2025\/12\/21\/kars-ardahan-igdir-memleket-gunleri-arnavutkoyde-kardeslik-koprusune-donustu\/"},"author":{"name":"Memurun Sesi Haber Merkezi","@id":"https:\/\/memurunsesi.net\/#\/schema\/person\/f21c2d73b89f6ee1d80b0a1803e38587"},"headline":"Kars-Ardahan-I\u011fd\u0131r Memleket G\u00fcnleri Arnavutk\u00f6y&#8217;de karde\u015flik k\u00f6pr\u00fcs\u00fcne d\u00f6n\u00fc\u015ft\u00fc","datePublished":"2025-12-21T07:13:46+00:00","mainEntityOfPage":{"@id":"https:\/\/memurunsesi.net\/index.php\/2025\/12\/21\/kars-ardahan-igdir-memleket-gunleri-arnavutkoyde-kardeslik-koprusune-donustu\/"},"wordCount":548,"commentCount":0,"publisher":{"@id":"https:\/\/memurunsesi.net\/#organization"},"image":{"@id":"https:\/\/memurunsesi.net\/index.php\/2025\/12\/21\/kars-ardahan-igdir-memleket-gunleri-arnavutkoyde-kardeslik-koprusune-donustu\/#primaryimage"},"thumbnailUrl":"https:\/\/memurunsesi.net\/wp-content\/uploads\/2025\/12\/kardeslik.jpg","keywords":["karde\u015flik k\u00f6pr\u00fcs\u00fcne d\u00f6n\u00fc\u015ft\u00fc","Memleket G\u00fcnleri"],"inLanguage":"tr","potentialAction":[{"@type":"CommentAction","name":"Comment","target":["https:\/\/memurunsesi.net\/index.php\/2025\/12\/21\/kars-ardahan-igdir-memleket-gunleri-arnavutkoyde-kardeslik-koprusune-donustu\/#respond"]}]},{"@type":"WebPage","@id":"https:\/\/memurunsesi.net\/index.php\/2025\/12\/21\/kars-ardahan-igdir-memleket-gunleri-arnavutkoyde-kardeslik-koprusune-donustu\/","url":"https:\/\/memurunsesi.net\/index.php\/2025\/12\/21\/kars-ardahan-igdir-memleket-gunleri-arnavutkoyde-kardeslik-koprusune-donustu\/","name":"Kars-Ardahan-I\u011fd\u0131r Memleket G\u00fcnleri Arnavutk\u00f6y'de karde\u015flik k\u00f6pr\u00fcs\u00fcne d\u00f6n\u00fc\u015ft\u00fc - Memurun Sesi","isPartOf":{"@id":"https:\/\/memurunsesi.net\/#website"},"primaryImageOfPage":{"@id":"https:\/\/memurunsesi.net\/index.php\/2025\/12\/21\/kars-ardahan-igdir-memleket-gunleri-arnavutkoyde-kardeslik-koprusune-donustu\/#primaryimage"},"image":{"@id":"https:\/\/memurunsesi.net\/index.php\/2025\/12\/21\/kars-ardahan-igdir-memleket-gunleri-arnavutkoyde-kardeslik-koprusune-donustu\/#primaryimage"},"thumbnailUrl":"https:\/\/memurunsesi.net\/wp-content\/uploads\/2025\/12\/kardeslik.jpg","datePublished":"2025-12-21T07:13:46+00:00","description":"Kars-Ardahan-I\u011fd\u0131r Memleket G\u00fcnleri Arnavutk\u00f6y'de karde\u015flik k\u00f6pr\u00fcs\u00fcne d\u00f6n\u00fc\u015ft\u00fc","breadcrumb":{"@id":"https:\/\/memurunsesi.net\/index.php\/2025\/12\/21\/kars-ardahan-igdir-memleket-gunleri-arnavutkoyde-kardeslik-koprusune-donustu\/#breadcrumb"},"inLanguage":"tr","potentialAction":[{"@type":"ReadAction","target":["https:\/\/memurunsesi.net\/index.php\/2025\/12\/21\/kars-ardahan-igdir-memleket-gunleri-arnavutkoyde-kardeslik-koprusune-donustu\/"]}]},{"@type":"ImageObject","inLanguage":"tr","@id":"https:\/\/memurunsesi.net\/index.php\/2025\/12\/21\/kars-ardahan-igdir-memleket-gunleri-arnavutkoyde-kardeslik-koprusune-donustu\/#primaryimage","url":"https:\/\/memurunsesi.net\/wp-content\/uploads\/2025\/12\/kardeslik.jpg","contentUrl":"https:\/\/memurunsesi.net\/wp-content\/uploads\/2025\/12\/kardeslik.jpg","width":2048,"height":1365,"caption":"KARS-ARDAHAN-I\u011eDIR MEMLEKET G\u00dcNLER\u0130 ARNAVUTK\u00d6Y'DE KARDE\u015eL\u0130K K\u00d6PR\u00dcS\u00dcNE D\u00d6N\u00dc\u015eT\u00dc (BATUHAN TOPRAK\/\u0130STANBUL-\u0130HA) Arnavutk\u00f6y \u015eehir Park\u0131'nda, Kars, Ardahan ve I\u011fd\u0131r'\u0131n k\u00f6kl\u00fc k\u00fclt\u00fcr\u00fc, y\u00f6resel lezzetleri ve sahne programlar\u0131yla \u00fc\u00e7 g\u00fcn s\u00fcrecek Memleket G\u00fcnleri yo\u011fun kat\u0131l\u0131mla ba\u015flad\u0131."},{"@type":"BreadcrumbList","@id":"https:\/\/memurunsesi.net\/index.php\/2025\/12\/21\/kars-ardahan-igdir-memleket-gunleri-arnavutkoyde-kardeslik-koprusune-donustu\/#breadcrumb","itemListElement":[{"@type":"ListItem","position":1,"name":"Anasayfa","item":"https:\/\/memurunsesi.net\/"},{"@type":"ListItem","position":2,"name":"Kars-Ardahan-I\u011fd\u0131r Memleket G\u00fcnleri Arnavutk\u00f6y&#8217;de karde\u015flik k\u00f6pr\u00fcs\u00fcne d\u00f6n\u00fc\u015ft\u00fc"}]},{"@type":"WebSite","@id":"https:\/\/memurunsesi.net\/#website","url":"https:\/\/memurunsesi.net\/","name":"Memurun Sesi","description":"G\u00fcncel ve Do\u011fru Haber","publisher":{"@id":"https:\/\/memurunsesi.net\/#organization"},"potentialAction":[{"@type":"SearchAction","target":{"@type":"EntryPoint","urlTemplate":"https:\/\/memurunsesi.net\/?s={search_term_string}"},"query-input":{"@type":"PropertyValueSpecification","valueRequired":true,"valueName":"search_term_string"}}],"inLanguage":"tr"},{"@type":"Organization","@id":"https:\/\/memurunsesi.net\/#organization","name":"Memurun Sesi","url":"https:\/\/memurunsesi.net\/","logo":{"@type":"ImageObject","inLanguage":"tr","@id":"https:\/\/memurunsesi.net\/#\/schema\/logo\/image\/","url":"https:\/\/memurunsesi.net\/wp-content\/uploads\/2025\/11\/cropped-MEMURUN-SESI.png","contentUrl":"https:\/\/memurunsesi.net\/wp-content\/uploads\/2025\/11\/cropped-MEMURUN-SESI.png","width":238,"height":57,"caption":"Memurun Sesi"},"image":{"@id":"https:\/\/memurunsesi.net\/#\/schema\/logo\/image\/"},"sameAs":["https:\/\/www.facebook.com\/unipersen\/?locale=tr_TR","https:\/\/x.com\/unipersen"]},{"@type":"Person","@id":"https:\/\/memurunsesi.net\/#\/schema\/person\/f21c2d73b89f6ee1d80b0a1803e38587","name":"Memurun Sesi Haber Merkezi","image":{"@type":"ImageObject","inLanguage":"tr","@id":"https:\/\/secure.gravatar.com\/avatar\/6cf0505f452ee753f485014986fab09a434671d2b919ee76fc541025c5876a70?s=96&d=mm&r=g","url":"https:\/\/secure.gravatar.com\/avatar\/6cf0505f452ee753f485014986fab09a434671d2b919ee76fc541025c5876a70?s=96&d=mm&r=g","contentUrl":"https:\/\/secure.gravatar.com\/avatar\/6cf0505f452ee753f485014986fab09a434671d2b919ee76fc541025c5876a70?s=96&d=mm&r=g","caption":"Memurun Sesi Haber Merkezi"},"sameAs":["https:\/\/memurunsesi.net"],"url":"https:\/\/memurunsesi.net\/index.php\/author\/uniper\/"}]}},"_links":{"self":[{"href":"https:\/\/memurunsesi.net\/index.php\/wp-json\/wp\/v2\/posts\/15467","targetHints":{"allow":["GET"]}}],"collection":[{"href":"https:\/\/memurunsesi.net\/index.php\/wp-json\/wp\/v2\/posts"}],"about":[{"href":"https:\/\/memurunsesi.net\/index.php\/wp-json\/wp\/v2\/types\/post"}],"author":[{"embeddable":true,"href":"https:\/\/memurunsesi.net\/index.php\/wp-json\/wp\/v2\/users\/1"}],"replies":[{"embeddable":true,"href":"https:\/\/memurunsesi.net\/index.php\/wp-json\/wp\/v2\/comments?post=15467"}],"version-history":[{"count":1,"href":"https:\/\/memurunsesi.net\/index.php\/wp-json\/wp\/v2\/posts\/15467\/revisions"}],"predecessor-version":[{"id":15469,"href":"https:\/\/memurunsesi.net\/index.php\/wp-json\/wp\/v2\/posts\/15467\/revisions\/15469"}],"wp:featuredmedia":[{"embeddable":true,"href":"https:\/\/memurunsesi.net\/index.php\/wp-json\/wp\/v2\/media\/15468"}],"wp:attachment":[{"href":"https:\/\/memurunsesi.net\/index.php\/wp-json\/wp\/v2\/media?parent=15467"}],"wp:term":[{"taxonomy":"category","embeddable":true,"href":"https:\/\/memurunsesi.net\/index.php\/wp-json\/wp\/v2\/categories?post=15467"},{"taxonomy":"post_tag","embeddable":true,"href":"https:\/\/memurunsesi.net\/index.php\/wp-json\/wp\/v2\/tags?post=15467"}],"curies":[{"name":"wp","href":"https:\/\/api.w.org\/{rel}","templated":true}]}}