{"id":15476,"date":"2025-12-21T10:25:22","date_gmt":"2025-12-21T07:25:22","guid":{"rendered":"https:\/\/memurunsesi.net\/?p=15476"},"modified":"2025-12-21T10:25:22","modified_gmt":"2025-12-21T07:25:22","slug":"gorunmeyen-emek-eksik-duzenleme-ve-adalet-arayisi","status":"publish","type":"post","link":"https:\/\/memurunsesi.net\/index.php\/2025\/12\/21\/gorunmeyen-emek-eksik-duzenleme-ve-adalet-arayisi\/","title":{"rendered":"G\u00f6r\u00fcnmeyen Emek, Eksik D\u00fczenleme ve Adalet Aray\u0131\u015f\u0131"},"content":{"rendered":"<h3 data-start=\"315\" data-end=\"369\">\u00a0 \u00a0Y\u00fcksek \u00d6\u011fretim Tazminat\u0131<\/h3>\n<p data-start=\"385\" data-end=\"851\">\u00a0 \u00a0\u00dcniversiteler yaln\u0131zca akademik \u00fcretimin yap\u0131ld\u0131\u011f\u0131 kurumlar de\u011fil; ayn\u0131 zamanda karma\u015f\u0131k idari, mali, teknik ve lojistik s\u00fcre\u00e7lerin kesintisiz bi\u00e7imde y\u00fcr\u00fct\u00fclmesi gereken b\u00fcy\u00fck kamu organizasyonlar\u0131d\u0131r. Bu yap\u0131n\u0131n omurgas\u0131n\u0131 ise <strong data-start=\"614\" data-end=\"644\">\u00fcniversite idari personeli<\/strong> olu\u015fturmaktad\u0131r. Buna ra\u011fmen, y\u00fcksek\u00f6\u011fretim sistemine \u00f6zg\u00fc mali d\u00fczenlemeler incelendi\u011finde idari personelin uzun y\u0131llard\u0131r <strong data-start=\"769\" data-end=\"796\">Y\u00fcksek\u00f6\u011fretim Tazminat\u0131<\/strong> kapsam\u0131nda yeterince dikkate al\u0131nmad\u0131\u011f\u0131 g\u00f6r\u00fclmektedir.<\/p>\n","protected":false},"excerpt":{"rendered":"<p>\u00a0 \u00a0Y\u00fcksek \u00d6\u011fretim Tazminat\u0131 \u00a0 \u00a0\u00dcniversiteler yaln\u0131zca akademik \u00fcretimin yap\u0131ld\u0131\u011f\u0131 kurumlar de\u011fil; ayn\u0131 zamanda karma\u015f\u0131k idari, mali, teknik ve lojistik s\u00fcre\u00e7lerin kesintisiz bi\u00e7imde y\u00fcr\u00fct\u00fclmesi gereken b\u00fcy\u00fck kamu organizasyonlar\u0131d\u0131r. Bu yap\u0131n\u0131n omurgas\u0131n\u0131 ise \u00fcniversite idari personeli olu\u015fturmaktad\u0131r. Buna ra\u011fmen, y\u00fcksek\u00f6\u011fretim sistemine \u00f6zg\u00fc mali d\u00fczenlemeler incelendi\u011finde idari personelin uzun y\u0131llard\u0131r Y\u00fcksek\u00f6\u011fretim Tazminat\u0131 kapsam\u0131nda yeterince dikkate al\u0131nmad\u0131\u011f\u0131 g\u00f6r\u00fclmektedir.<\/p>\n","protected":false},"author":1,"featured_media":15477,"comment_status":"open","ping_status":"open","sticky":false,"template":"","format":"standard","meta":{"footnotes":""},"categories":[47],"tags":[652],"class_list":["post-15476","post","type-post","status-publish","format-standard","has-post-thumbnail","hentry","category-universiteden-haberler","tag-yuksek-ogretim-tazminati"],"yoast_head":"<!-- This site is optimized with the Yoast SEO plugin v27.4 - https:\/\/yoast.com\/product\/yoast-seo-wordpress\/ -->\n<title>G\u00f6r\u00fcnmeyen Emek, Eksik D\u00fczenleme ve Adalet Aray\u0131\u015f\u0131 - Memurun Sesi<\/title>\n<meta name=\"description\" content=\"Y\u00fcksek \u00d6\u011fretim Tazminat\u0131\" \/>\n<meta name=\"robots\" content=\"index, follow, max-snippet:-1, max-image-preview:large, max-video-preview:-1\" \/>\n<link rel=\"canonical\" href=\"https:\/\/memurunsesi.net\/index.php\/2025\/12\/21\/gorunmeyen-emek-eksik-duzenleme-ve-adalet-arayisi\/\" \/>\n<meta property=\"og:locale\" content=\"tr_TR\" \/>\n<meta property=\"og:type\" content=\"article\" \/>\n<meta property=\"og:title\" content=\"G\u00f6r\u00fcnmeyen Emek, Eksik D\u00fczenleme ve Adalet Aray\u0131\u015f\u0131 - Memurun Sesi\" \/>\n<meta property=\"og:description\" content=\"Y\u00fcksek \u00d6\u011fretim Tazminat\u0131\" \/>\n<meta property=\"og:url\" content=\"https:\/\/memurunsesi.net\/index.php\/2025\/12\/21\/gorunmeyen-emek-eksik-duzenleme-ve-adalet-arayisi\/\" \/>\n<meta property=\"og:site_name\" content=\"Memurun Sesi\" \/>\n<meta property=\"article:publisher\" content=\"https:\/\/www.facebook.com\/unipersen\/?locale=tr_TR\" \/>\n<meta property=\"article:published_time\" content=\"2025-12-21T07:25:22+00:00\" \/>\n<meta property=\"og:image\" content=\"https:\/\/memurunsesi.net\/wp-content\/uploads\/2025\/12\/memur1-1.jpg\" \/>\n\t<meta property=\"og:image:width\" content=\"1600\" \/>\n\t<meta property=\"og:image:height\" content=\"1200\" \/>\n\t<meta property=\"og:image:type\" content=\"image\/jpeg\" \/>\n<meta name=\"author\" content=\"Memurun Sesi Haber Merkezi\" \/>\n<meta name=\"twitter:card\" content=\"summary_large_image\" \/>\n<meta name=\"twitter:creator\" content=\"@unipersen\" \/>\n<meta name=\"twitter:site\" content=\"@unipersen\" \/>\n<meta name=\"twitter:label1\" content=\"Yazan:\" \/>\n\t<meta name=\"twitter:data1\" content=\"Memurun Sesi Haber Merkezi\" \/>\n\t<meta name=\"twitter:label2\" content=\"Tahmini okuma s\u00fcresi\" \/>\n\t<meta name=\"twitter:data2\" content=\"1 dakika\" \/>\n<script type=\"application\/ld+json\" class=\"yoast-schema-graph\">{\"@context\":\"https:\\\/\\\/schema.org\",\"@graph\":[{\"@type\":\"Article\",\"@id\":\"https:\\\/\\\/memurunsesi.net\\\/index.php\\\/2025\\\/12\\\/21\\\/gorunmeyen-emek-eksik-duzenleme-ve-adalet-arayisi\\\/#article\",\"isPartOf\":{\"@id\":\"https:\\\/\\\/memurunsesi.net\\\/index.php\\\/2025\\\/12\\\/21\\\/gorunmeyen-emek-eksik-duzenleme-ve-adalet-arayisi\\\/\"},\"author\":{\"name\":\"Memurun Sesi Haber Merkezi\",\"@id\":\"https:\\\/\\\/memurunsesi.net\\\/#\\\/schema\\\/person\\\/f21c2d73b89f6ee1d80b0a1803e38587\"},\"headline\":\"G\u00f6r\u00fcnmeyen Emek, Eksik D\u00fczenleme ve Adalet Aray\u0131\u015f\u0131\",\"datePublished\":\"2025-12-21T07:25:22+00:00\",\"mainEntityOfPage\":{\"@id\":\"https:\\\/\\\/memurunsesi.net\\\/index.php\\\/2025\\\/12\\\/21\\\/gorunmeyen-emek-eksik-duzenleme-ve-adalet-arayisi\\\/\"},\"wordCount\":96,\"commentCount\":0,\"publisher\":{\"@id\":\"https:\\\/\\\/memurunsesi.net\\\/#organization\"},\"image\":{\"@id\":\"https:\\\/\\\/memurunsesi.net\\\/index.php\\\/2025\\\/12\\\/21\\\/gorunmeyen-emek-eksik-duzenleme-ve-adalet-arayisi\\\/#primaryimage\"},\"thumbnailUrl\":\"https:\\\/\\\/memurunsesi.net\\\/wp-content\\\/uploads\\\/2025\\\/12\\\/memur1-1.jpg\",\"keywords\":[\"Y\u00fcksek \u00d6\u011fretim Tazminat\u0131\"],\"articleSection\":[\"\u00dcniversiteden Haberler\"],\"inLanguage\":\"tr\",\"potentialAction\":[{\"@type\":\"CommentAction\",\"name\":\"Comment\",\"target\":[\"https:\\\/\\\/memurunsesi.net\\\/index.php\\\/2025\\\/12\\\/21\\\/gorunmeyen-emek-eksik-duzenleme-ve-adalet-arayisi\\\/#respond\"]}]},{\"@type\":\"WebPage\",\"@id\":\"https:\\\/\\\/memurunsesi.net\\\/index.php\\\/2025\\\/12\\\/21\\\/gorunmeyen-emek-eksik-duzenleme-ve-adalet-arayisi\\\/\",\"url\":\"https:\\\/\\\/memurunsesi.net\\\/index.php\\\/2025\\\/12\\\/21\\\/gorunmeyen-emek-eksik-duzenleme-ve-adalet-arayisi\\\/\",\"name\":\"G\u00f6r\u00fcnmeyen Emek, Eksik D\u00fczenleme ve Adalet Aray\u0131\u015f\u0131 - Memurun Sesi\",\"isPartOf\":{\"@id\":\"https:\\\/\\\/memurunsesi.net\\\/#website\"},\"primaryImageOfPage\":{\"@id\":\"https:\\\/\\\/memurunsesi.net\\\/index.php\\\/2025\\\/12\\\/21\\\/gorunmeyen-emek-eksik-duzenleme-ve-adalet-arayisi\\\/#primaryimage\"},\"image\":{\"@id\":\"https:\\\/\\\/memurunsesi.net\\\/index.php\\\/2025\\\/12\\\/21\\\/gorunmeyen-emek-eksik-duzenleme-ve-adalet-arayisi\\\/#primaryimage\"},\"thumbnailUrl\":\"https:\\\/\\\/memurunsesi.net\\\/wp-content\\\/uploads\\\/2025\\\/12\\\/memur1-1.jpg\",\"datePublished\":\"2025-12-21T07:25:22+00:00\",\"description\":\"Y\u00fcksek \u00d6\u011fretim Tazminat\u0131\",\"breadcrumb\":{\"@id\":\"https:\\\/\\\/memurunsesi.net\\\/index.php\\\/2025\\\/12\\\/21\\\/gorunmeyen-emek-eksik-duzenleme-ve-adalet-arayisi\\\/#breadcrumb\"},\"inLanguage\":\"tr\",\"potentialAction\":[{\"@type\":\"ReadAction\",\"target\":[\"https:\\\/\\\/memurunsesi.net\\\/index.php\\\/2025\\\/12\\\/21\\\/gorunmeyen-emek-eksik-duzenleme-ve-adalet-arayisi\\\/\"]}]},{\"@type\":\"ImageObject\",\"inLanguage\":\"tr\",\"@id\":\"https:\\\/\\\/memurunsesi.net\\\/index.php\\\/2025\\\/12\\\/21\\\/gorunmeyen-emek-eksik-duzenleme-ve-adalet-arayisi\\\/#primaryimage\",\"url\":\"https:\\\/\\\/memurunsesi.net\\\/wp-content\\\/uploads\\\/2025\\\/12\\\/memur1-1.jpg\",\"contentUrl\":\"https:\\\/\\\/memurunsesi.net\\\/wp-content\\\/uploads\\\/2025\\\/12\\\/memur1-1.jpg\",\"width\":1600,\"height\":1200},{\"@type\":\"BreadcrumbList\",\"@id\":\"https:\\\/\\\/memurunsesi.net\\\/index.php\\\/2025\\\/12\\\/21\\\/gorunmeyen-emek-eksik-duzenleme-ve-adalet-arayisi\\\/#breadcrumb\",\"itemListElement\":[{\"@type\":\"ListItem\",\"position\":1,\"name\":\"Anasayfa\",\"item\":\"https:\\\/\\\/memurunsesi.net\\\/\"},{\"@type\":\"ListItem\",\"position\":2,\"name\":\"G\u00f6r\u00fcnmeyen Emek, Eksik D\u00fczenleme ve Adalet Aray\u0131\u015f\u0131\"}]},{\"@type\":\"WebSite\",\"@id\":\"https:\\\/\\\/memurunsesi.net\\\/#website\",\"url\":\"https:\\\/\\\/memurunsesi.net\\\/\",\"name\":\"Memurun Sesi\",\"description\":\"G\u00fcncel ve Do\u011fru Haber\",\"publisher\":{\"@id\":\"https:\\\/\\\/memurunsesi.net\\\/#organization\"},\"potentialAction\":[{\"@type\":\"SearchAction\",\"target\":{\"@type\":\"EntryPoint\",\"urlTemplate\":\"https:\\\/\\\/memurunsesi.net\\\/?s={search_term_string}\"},\"query-input\":{\"@type\":\"PropertyValueSpecification\",\"valueRequired\":true,\"valueName\":\"search_term_string\"}}],\"inLanguage\":\"tr\"},{\"@type\":\"Organization\",\"@id\":\"https:\\\/\\\/memurunsesi.net\\\/#organization\",\"name\":\"Memurun Sesi\",\"url\":\"https:\\\/\\\/memurunsesi.net\\\/\",\"logo\":{\"@type\":\"ImageObject\",\"inLanguage\":\"tr\",\"@id\":\"https:\\\/\\\/memurunsesi.net\\\/#\\\/schema\\\/logo\\\/image\\\/\",\"url\":\"https:\\\/\\\/memurunsesi.net\\\/wp-content\\\/uploads\\\/2025\\\/11\\\/cropped-MEMURUN-SESI.png\",\"contentUrl\":\"https:\\\/\\\/memurunsesi.net\\\/wp-content\\\/uploads\\\/2025\\\/11\\\/cropped-MEMURUN-SESI.png\",\"width\":238,\"height\":57,\"caption\":\"Memurun Sesi\"},\"image\":{\"@id\":\"https:\\\/\\\/memurunsesi.net\\\/#\\\/schema\\\/logo\\\/image\\\/\"},\"sameAs\":[\"https:\\\/\\\/www.facebook.com\\\/unipersen\\\/?locale=tr_TR\",\"https:\\\/\\\/x.com\\\/unipersen\"]},{\"@type\":\"Person\",\"@id\":\"https:\\\/\\\/memurunsesi.net\\\/#\\\/schema\\\/person\\\/f21c2d73b89f6ee1d80b0a1803e38587\",\"name\":\"Memurun Sesi Haber Merkezi\",\"image\":{\"@type\":\"ImageObject\",\"inLanguage\":\"tr\",\"@id\":\"https:\\\/\\\/secure.gravatar.com\\\/avatar\\\/6cf0505f452ee753f485014986fab09a434671d2b919ee76fc541025c5876a70?s=96&d=mm&r=g\",\"url\":\"https:\\\/\\\/secure.gravatar.com\\\/avatar\\\/6cf0505f452ee753f485014986fab09a434671d2b919ee76fc541025c5876a70?s=96&d=mm&r=g\",\"contentUrl\":\"https:\\\/\\\/secure.gravatar.com\\\/avatar\\\/6cf0505f452ee753f485014986fab09a434671d2b919ee76fc541025c5876a70?s=96&d=mm&r=g\",\"caption\":\"Memurun Sesi Haber Merkezi\"},\"sameAs\":[\"https:\\\/\\\/memurunsesi.net\"],\"url\":\"https:\\\/\\\/memurunsesi.net\\\/index.php\\\/author\\\/uniper\\\/\"}]}<\/script>\n<!-- \/ Yoast SEO plugin. -->","yoast_head_json":{"title":"G\u00f6r\u00fcnmeyen Emek, Eksik D\u00fczenleme ve Adalet Aray\u0131\u015f\u0131 - Memurun Sesi","description":"Y\u00fcksek \u00d6\u011fretim Tazminat\u0131","robots":{"index":"index","follow":"follow","max-snippet":"max-snippet:-1","max-image-preview":"max-image-preview:large","max-video-preview":"max-video-preview:-1"},"canonical":"https:\/\/memurunsesi.net\/index.php\/2025\/12\/21\/gorunmeyen-emek-eksik-duzenleme-ve-adalet-arayisi\/","og_locale":"tr_TR","og_type":"article","og_title":"G\u00f6r\u00fcnmeyen Emek, Eksik D\u00fczenleme ve Adalet Aray\u0131\u015f\u0131 - Memurun Sesi","og_description":"Y\u00fcksek \u00d6\u011fretim Tazminat\u0131","og_url":"https:\/\/memurunsesi.net\/index.php\/2025\/12\/21\/gorunmeyen-emek-eksik-duzenleme-ve-adalet-arayisi\/","og_site_name":"Memurun Sesi","article_publisher":"https:\/\/www.facebook.com\/unipersen\/?locale=tr_TR","article_published_time":"2025-12-21T07:25:22+00:00","og_image":[{"width":1600,"height":1200,"url":"https:\/\/memurunsesi.net\/wp-content\/uploads\/2025\/12\/memur1-1.jpg","type":"image\/jpeg"}],"author":"Memurun Sesi Haber Merkezi","twitter_card":"summary_large_image","twitter_creator":"@unipersen","twitter_site":"@unipersen","twitter_misc":{"Yazan:":"Memurun Sesi Haber Merkezi","Tahmini okuma s\u00fcresi":"1 dakika"},"schema":{"@context":"https:\/\/schema.org","@graph":[{"@type":"Article","@id":"https:\/\/memurunsesi.net\/index.php\/2025\/12\/21\/gorunmeyen-emek-eksik-duzenleme-ve-adalet-arayisi\/#article","isPartOf":{"@id":"https:\/\/memurunsesi.net\/index.php\/2025\/12\/21\/gorunmeyen-emek-eksik-duzenleme-ve-adalet-arayisi\/"},"author":{"name":"Memurun Sesi Haber Merkezi","@id":"https:\/\/memurunsesi.net\/#\/schema\/person\/f21c2d73b89f6ee1d80b0a1803e38587"},"headline":"G\u00f6r\u00fcnmeyen Emek, Eksik D\u00fczenleme ve Adalet Aray\u0131\u015f\u0131","datePublished":"2025-12-21T07:25:22+00:00","mainEntityOfPage":{"@id":"https:\/\/memurunsesi.net\/index.php\/2025\/12\/21\/gorunmeyen-emek-eksik-duzenleme-ve-adalet-arayisi\/"},"wordCount":96,"commentCount":0,"publisher":{"@id":"https:\/\/memurunsesi.net\/#organization"},"image":{"@id":"https:\/\/memurunsesi.net\/index.php\/2025\/12\/21\/gorunmeyen-emek-eksik-duzenleme-ve-adalet-arayisi\/#primaryimage"},"thumbnailUrl":"https:\/\/memurunsesi.net\/wp-content\/uploads\/2025\/12\/memur1-1.jpg","keywords":["Y\u00fcksek \u00d6\u011fretim Tazminat\u0131"],"articleSection":["\u00dcniversiteden Haberler"],"inLanguage":"tr","potentialAction":[{"@type":"CommentAction","name":"Comment","target":["https:\/\/memurunsesi.net\/index.php\/2025\/12\/21\/gorunmeyen-emek-eksik-duzenleme-ve-adalet-arayisi\/#respond"]}]},{"@type":"WebPage","@id":"https:\/\/memurunsesi.net\/index.php\/2025\/12\/21\/gorunmeyen-emek-eksik-duzenleme-ve-adalet-arayisi\/","url":"https:\/\/memurunsesi.net\/index.php\/2025\/12\/21\/gorunmeyen-emek-eksik-duzenleme-ve-adalet-arayisi\/","name":"G\u00f6r\u00fcnmeyen Emek, Eksik D\u00fczenleme ve Adalet Aray\u0131\u015f\u0131 - Memurun Sesi","isPartOf":{"@id":"https:\/\/memurunsesi.net\/#website"},"primaryImageOfPage":{"@id":"https:\/\/memurunsesi.net\/index.php\/2025\/12\/21\/gorunmeyen-emek-eksik-duzenleme-ve-adalet-arayisi\/#primaryimage"},"image":{"@id":"https:\/\/memurunsesi.net\/index.php\/2025\/12\/21\/gorunmeyen-emek-eksik-duzenleme-ve-adalet-arayisi\/#primaryimage"},"thumbnailUrl":"https:\/\/memurunsesi.net\/wp-content\/uploads\/2025\/12\/memur1-1.jpg","datePublished":"2025-12-21T07:25:22+00:00","description":"Y\u00fcksek \u00d6\u011fretim Tazminat\u0131","breadcrumb":{"@id":"https:\/\/memurunsesi.net\/index.php\/2025\/12\/21\/gorunmeyen-emek-eksik-duzenleme-ve-adalet-arayisi\/#breadcrumb"},"inLanguage":"tr","potentialAction":[{"@type":"ReadAction","target":["https:\/\/memurunsesi.net\/index.php\/2025\/12\/21\/gorunmeyen-emek-eksik-duzenleme-ve-adalet-arayisi\/"]}]},{"@type":"ImageObject","inLanguage":"tr","@id":"https:\/\/memurunsesi.net\/index.php\/2025\/12\/21\/gorunmeyen-emek-eksik-duzenleme-ve-adalet-arayisi\/#primaryimage","url":"https:\/\/memurunsesi.net\/wp-content\/uploads\/2025\/12\/memur1-1.jpg","contentUrl":"https:\/\/memurunsesi.net\/wp-content\/uploads\/2025\/12\/memur1-1.jpg","width":1600,"height":1200},{"@type":"BreadcrumbList","@id":"https:\/\/memurunsesi.net\/index.php\/2025\/12\/21\/gorunmeyen-emek-eksik-duzenleme-ve-adalet-arayisi\/#breadcrumb","itemListElement":[{"@type":"ListItem","position":1,"name":"Anasayfa","item":"https:\/\/memurunsesi.net\/"},{"@type":"ListItem","position":2,"name":"G\u00f6r\u00fcnmeyen Emek, Eksik D\u00fczenleme ve Adalet Aray\u0131\u015f\u0131"}]},{"@type":"WebSite","@id":"https:\/\/memurunsesi.net\/#website","url":"https:\/\/memurunsesi.net\/","name":"Memurun Sesi","description":"G\u00fcncel ve Do\u011fru Haber","publisher":{"@id":"https:\/\/memurunsesi.net\/#organization"},"potentialAction":[{"@type":"SearchAction","target":{"@type":"EntryPoint","urlTemplate":"https:\/\/memurunsesi.net\/?s={search_term_string}"},"query-input":{"@type":"PropertyValueSpecification","valueRequired":true,"valueName":"search_term_string"}}],"inLanguage":"tr"},{"@type":"Organization","@id":"https:\/\/memurunsesi.net\/#organization","name":"Memurun Sesi","url":"https:\/\/memurunsesi.net\/","logo":{"@type":"ImageObject","inLanguage":"tr","@id":"https:\/\/memurunsesi.net\/#\/schema\/logo\/image\/","url":"https:\/\/memurunsesi.net\/wp-content\/uploads\/2025\/11\/cropped-MEMURUN-SESI.png","contentUrl":"https:\/\/memurunsesi.net\/wp-content\/uploads\/2025\/11\/cropped-MEMURUN-SESI.png","width":238,"height":57,"caption":"Memurun Sesi"},"image":{"@id":"https:\/\/memurunsesi.net\/#\/schema\/logo\/image\/"},"sameAs":["https:\/\/www.facebook.com\/unipersen\/?locale=tr_TR","https:\/\/x.com\/unipersen"]},{"@type":"Person","@id":"https:\/\/memurunsesi.net\/#\/schema\/person\/f21c2d73b89f6ee1d80b0a1803e38587","name":"Memurun Sesi Haber Merkezi","image":{"@type":"ImageObject","inLanguage":"tr","@id":"https:\/\/secure.gravatar.com\/avatar\/6cf0505f452ee753f485014986fab09a434671d2b919ee76fc541025c5876a70?s=96&d=mm&r=g","url":"https:\/\/secure.gravatar.com\/avatar\/6cf0505f452ee753f485014986fab09a434671d2b919ee76fc541025c5876a70?s=96&d=mm&r=g","contentUrl":"https:\/\/secure.gravatar.com\/avatar\/6cf0505f452ee753f485014986fab09a434671d2b919ee76fc541025c5876a70?s=96&d=mm&r=g","caption":"Memurun Sesi Haber Merkezi"},"sameAs":["https:\/\/memurunsesi.net"],"url":"https:\/\/memurunsesi.net\/index.php\/author\/uniper\/"}]}},"_links":{"self":[{"href":"https:\/\/memurunsesi.net\/index.php\/wp-json\/wp\/v2\/posts\/15476","targetHints":{"allow":["GET"]}}],"collection":[{"href":"https:\/\/memurunsesi.net\/index.php\/wp-json\/wp\/v2\/posts"}],"about":[{"href":"https:\/\/memurunsesi.net\/index.php\/wp-json\/wp\/v2\/types\/post"}],"author":[{"embeddable":true,"href":"https:\/\/memurunsesi.net\/index.php\/wp-json\/wp\/v2\/users\/1"}],"replies":[{"embeddable":true,"href":"https:\/\/memurunsesi.net\/index.php\/wp-json\/wp\/v2\/comments?post=15476"}],"version-history":[{"count":2,"href":"https:\/\/memurunsesi.net\/index.php\/wp-json\/wp\/v2\/posts\/15476\/revisions"}],"predecessor-version":[{"id":15479,"href":"https:\/\/memurunsesi.net\/index.php\/wp-json\/wp\/v2\/posts\/15476\/revisions\/15479"}],"wp:featuredmedia":[{"embeddable":true,"href":"https:\/\/memurunsesi.net\/index.php\/wp-json\/wp\/v2\/media\/15477"}],"wp:attachment":[{"href":"https:\/\/memurunsesi.net\/index.php\/wp-json\/wp\/v2\/media?parent=15476"}],"wp:term":[{"taxonomy":"category","embeddable":true,"href":"https:\/\/memurunsesi.net\/index.php\/wp-json\/wp\/v2\/categories?post=15476"},{"taxonomy":"post_tag","embeddable":true,"href":"https:\/\/memurunsesi.net\/index.php\/wp-json\/wp\/v2\/tags?post=15476"}],"curies":[{"name":"wp","href":"https:\/\/api.w.org\/{rel}","templated":true}]}}