{"id":15480,"date":"2025-12-21T12:06:19","date_gmt":"2025-12-21T09:06:19","guid":{"rendered":"https:\/\/memurunsesi.net\/?p=15480"},"modified":"2025-12-21T12:07:14","modified_gmt":"2025-12-21T09:07:14","slug":"yuksekogretim-kimin-emegiyle-yuruyor","status":"publish","type":"post","link":"https:\/\/memurunsesi.net\/index.php\/2025\/12\/21\/yuksekogretim-kimin-emegiyle-yuruyor\/","title":{"rendered":"\u00dcniversite \u0130dari Personel Sendikas\u0131 Genel Ba\u015fkan Vekili Erdem YAL\u00c7IN:"},"content":{"rendered":"<p data-start=\"249\" data-end=\"325\"><strong data-start=\"249\" data-end=\"325\">\u201cY\u00fcksek\u00f6\u011fretim Tazminat\u0131 Bir Ayr\u0131cal\u0131k De\u011fil, \u0130dari Personelin Hakk\u0131d\u0131r\u201d<\/strong><\/p>\n<p data-start=\"327\" data-end=\"682\"><strong data-start=\"327\" data-end=\"399\">\u00dcniversite \u0130dari Personel Sendikas\u0131 Genel Ba\u015fkan Vekili Erdem YAL\u00c7IN<\/strong>, \u00fcniversite idari personelinin y\u0131llard\u0131r g\u00f6rmezden gelinen Y\u00fcksek\u00f6\u011fretim Tazminat\u0131 talebine ili\u015fkin \u00f6nemli a\u00e7\u0131klamalarda bulundu. YAL\u00c7IN, y\u00fcksek\u00f6\u011fretim hizmetinin bir b\u00fct\u00fcn oldu\u011funu vurgulayarak, idari personelin bu tazminat kapsam\u0131na al\u0131nmas\u0131n\u0131n bir zorunluluk oldu\u011funu ifade etti.<\/p>\n<h3 data-start=\"684\" data-end=\"761\"><em data-start=\"688\" data-end=\"761\">\u00dcniversiteler denildi\u011finde neden sadece akademik kadrolar akla geliyor?<\/em><\/h3>\n<p data-start=\"763\" data-end=\"1162\">\u00dcniversiteler denildi\u011finde \u00e7o\u011fu zaman yaln\u0131zca akademik kadrolar g\u00fcndeme geliyor. Oysa y\u00fcksek\u00f6\u011fretim; derslikten s\u0131nav takvimine, b\u00fct\u00e7eden \u00f6\u011frenci kay\u0131tlar\u0131na, personel i\u015flemlerinden bilgi sistemlerine kadar \u00e7ok b\u00fcy\u00fck bir idari eme\u011fin \u00fczerinde y\u00fckselir. Bu eme\u011fin ad\u0131 \u00fcniversite idari personelidir. Ne yaz\u0131k ki bu emek, Y\u00fcksek\u00f6\u011fretim Tazminat\u0131 s\u00f6z konusu oldu\u011funda y\u0131llard\u0131r g\u00f6rmezden gelinmektedir.<\/p>\n<h3 data-start=\"1164\" data-end=\"1227\"><em data-start=\"1168\" data-end=\"1227\">Y\u00fcksek\u00f6\u011fretim Tazminat\u0131na ili\u015fkin temel itiraz\u0131n\u0131z nedir?<\/em><\/h3>\n<p data-start=\"1229\" data-end=\"1687\">Y\u00fcksek\u00f6\u011fretim Tazminat\u0131, mevcut mevzuatta a\u011f\u0131rl\u0131kl\u0131 olarak akademik personeli kapsayan bir d\u00fczenleme olarak uygulan\u0131yor. Ancak burada temel bir soruyu sormak zorunday\u0131z: Y\u00fcksek\u00f6\u011fretim hizmeti yaln\u0131zca akademik faaliyetlerden mi ibarettir? Elbette hay\u0131r. Akademik \u00fcretimin ger\u00e7ekle\u015febilmesi i\u00e7in idari s\u00fcre\u00e7lerin kusursuz i\u015flemesi gerekir. Bu s\u00fcre\u00e7lerin tamam\u0131 idari personel taraf\u0131ndan y\u00fcr\u00fct\u00fclmektedir. Dolay\u0131s\u0131yla yap\u0131lan d\u00fczenleme eksiktir ve adaletsizdir.<\/p>\n<h3 data-start=\"1689\" data-end=\"1749\"><em data-start=\"1693\" data-end=\"1749\">Bu durum \u00fcniversitelerde nas\u0131l bir tabloya yol a\u00e7\u0131yor?<\/em><\/h3>\n<p data-start=\"1751\" data-end=\"2183\">Ayn\u0131 kurumda, ayn\u0131 hedef i\u00e7in, ayn\u0131 kamu sorumlulu\u011fu bilinciyle \u00e7al\u0131\u015fan personel gruplar\u0131 aras\u0131nda ciddi bir mali ayr\u0131m ortaya \u00e7\u0131kmaktad\u0131r. \u00dcniversitelerde kay\u0131t d\u00f6nemlerinde sabahlara kadar \u00e7al\u0131\u015fan, s\u0131nav s\u00fcre\u00e7lerinde yo\u011fun mesai yapan, b\u00fct\u00e7e y\u0131lsonlar\u0131nda a\u011f\u0131r mali sorumluluklar \u00fcstlenen idari personel; t\u00fcm bu y\u00fck\u00fc ta\u015f\u0131rken y\u00fcksek\u00f6\u011fretime \u00f6zg\u00fc bir tazminattan yararlanamamaktad\u0131r. Bu durum a\u00e7\u0131k\u00e7a \u00fccret adaletini zedelemektedir.<\/p>\n<h3 data-start=\"2185\" data-end=\"2229\"><em data-start=\"2189\" data-end=\"2229\">Sorunun etkileri yaln\u0131zca ekonomik mi?<\/em><\/h3>\n<p data-start=\"2231\" data-end=\"2596\">Kesinlikle hay\u0131r. Bu mesele sadece bir maa\u015f ya da ek \u00f6deme meselesi de\u011fildir. Ayn\u0131 zamanda \u00e7al\u0131\u015fma bar\u0131\u015f\u0131n\u0131 bozan, kurumsal aidiyeti zay\u0131flatan ve motivasyonu d\u00fc\u015f\u00fcren yap\u0131sal bir sorundur. \u00c7a\u011fda\u015f kamu y\u00f6netimi anlay\u0131\u015f\u0131; eme\u011fin g\u00f6r\u00fcn\u00fcr oldu\u011fu, sorumlulu\u011fun kar\u015f\u0131l\u0131k buldu\u011fu bir sistemi zorunlu k\u0131lar. \u00dcniversitelerde bu anlay\u0131\u015ftan uzak bir tabloyla kar\u015f\u0131 kar\u015f\u0131yay\u0131z.<\/p>\n<h3 data-start=\"2598\" data-end=\"2673\"><em data-start=\"2602\" data-end=\"2673\">\u0130dari personelin \u00fcniversitelere katk\u0131s\u0131n\u0131 nas\u0131l de\u011ferlendiriyorsunuz?<\/em><\/h3>\n<p data-start=\"2675\" data-end=\"3078\">\u00dcniversite idari personeli; akademik faaliyetlerin altyap\u0131s\u0131n\u0131 kurar, mevzuata uygunlu\u011fu sa\u011flar, kamu kaynaklar\u0131n\u0131n etkin ve do\u011fru kullan\u0131lmas\u0131n\u0131 temin eder. \u00d6\u011frenci memnuniyetinden kurumsal i\u015fleyi\u015fe kadar pek \u00e7ok alanda belirleyici rol oynar. Bu katk\u0131n\u0131n yok say\u0131lmas\u0131, y\u00fcksek\u00f6\u011fretim hizmetini par\u00e7alara ay\u0131rmak anlam\u0131na gelir. Oysa y\u00fcksek\u00f6\u011fretim bir b\u00fct\u00fcnd\u00fcr ve bu b\u00fct\u00fcn\u00fcn her par\u00e7as\u0131 e\u015fit de\u011ferdedir.<\/p>\n<h3 data-start=\"3080\" data-end=\"3107\"><em data-start=\"3084\" data-end=\"3107\">\u00c7\u00f6z\u00fcm \u00f6neriniz nedir?<\/em><\/h3>\n<p data-start=\"3109\" data-end=\"3431\">\u00c7\u00f6z\u00fcm son derece a\u00e7\u0131kt\u0131r. Y\u00fcksek\u00f6\u011fretim Tazminat\u0131, \u00fcniversitelerde g\u00f6rev yapan idari personeli de kapsayacak \u015fekilde yeniden d\u00fczenlenmelidir. Bu d\u00fczenleme; g\u00f6rev, unvan ve sorumluluk esas\u0131na g\u00f6re kademeli bi\u00e7imde yap\u0131labilir. Ayr\u0131ca bu talep, toplu s\u00f6zle\u015fme s\u00fcre\u00e7lerinin temel ve vazge\u00e7ilmez ba\u015fl\u0131klar\u0131ndan biri olmal\u0131d\u0131r.<\/p>\n<h3 data-start=\"3433\" data-end=\"3473\"><em data-start=\"3437\" data-end=\"3473\">Son olarak ne s\u00f6ylemek istersiniz?<\/em><\/h3>\n<p data-start=\"3475\" data-end=\"3708\">Bu bir ayr\u0131cal\u0131k talebi de\u011fildir. Bu, hakkaniyet talebidir. \u00dcniversiteler yaln\u0131zca akademisyenlerin de\u011fil; idari personelin de eme\u011fiyle ayakta durmaktad\u0131r. Eme\u011fin kar\u015f\u0131l\u0131k bulmad\u0131\u011f\u0131 bir sistemin s\u00fcrd\u00fcr\u00fclebilir olmas\u0131 m\u00fcmk\u00fcn de\u011fildir.<\/p>\n<p data-start=\"3710\" data-end=\"3840\">Y\u00fcksek\u00f6\u011fretim kimin eme\u011fiyle y\u00fcr\u00fcyor sorusunun cevab\u0131 nettir: <strong data-start=\"3772\" data-end=\"3789\">Hep birlikte.<\/strong><br data-start=\"3789\" data-end=\"3792\" \/>O halde mali haklar da bu ger\u00e7e\u011fi yans\u0131tmal\u0131d\u0131r.<\/p>\n","protected":false},"excerpt":{"rendered":"<p>\u201cY\u00fcksek\u00f6\u011fretim Tazminat\u0131 Bir Ayr\u0131cal\u0131k De\u011fil, \u0130dari Personelin Hakk\u0131d\u0131r\u201d \u00dcniversite \u0130dari Personel Sendikas\u0131 Genel Ba\u015fkan Vekili Erdem YAL\u00c7IN, \u00fcniversite idari personelinin y\u0131llard\u0131r g\u00f6rmezden gelinen Y\u00fcksek\u00f6\u011fretim Tazminat\u0131 talebine ili\u015fkin \u00f6nemli a\u00e7\u0131klamalarda bulundu. YAL\u00c7IN, y\u00fcksek\u00f6\u011fretim hizmetinin bir b\u00fct\u00fcn oldu\u011funu vurgulayarak, idari personelin bu tazminat kapsam\u0131na al\u0131nmas\u0131n\u0131n bir zorunluluk oldu\u011funu ifade etti. \u00dcniversiteler denildi\u011finde neden sadece akademik kadrolar akla [&hellip;]<\/p>\n","protected":false},"author":1,"featured_media":15482,"comment_status":"open","ping_status":"open","sticky":false,"template":"","format":"standard","meta":{"footnotes":""},"categories":[47],"tags":[652],"class_list":["post-15480","post","type-post","status-publish","format-standard","has-post-thumbnail","hentry","category-universiteden-haberler","tag-yuksek-ogretim-tazminati"],"yoast_head":"<!-- This site is optimized with the Yoast SEO plugin v27.4 - https:\/\/yoast.com\/product\/yoast-seo-wordpress\/ -->\n<title>\u00dcniversite \u0130dari Personel Sendikas\u0131 Genel Ba\u015fkan Vekili Erdem YAL\u00c7IN: - Memurun Sesi<\/title>\n<meta name=\"description\" content=\"Y\u00fcksek\u00f6\u011fretim Kimin Eme\u011fiyle Y\u00fcr\u00fcyor?\" \/>\n<meta name=\"robots\" content=\"index, follow, max-snippet:-1, max-image-preview:large, max-video-preview:-1\" \/>\n<link rel=\"canonical\" href=\"https:\/\/memurunsesi.net\/index.php\/2025\/12\/21\/yuksekogretim-kimin-emegiyle-yuruyor\/\" \/>\n<meta property=\"og:locale\" content=\"tr_TR\" \/>\n<meta property=\"og:type\" content=\"article\" \/>\n<meta property=\"og:title\" content=\"\u00dcniversite \u0130dari Personel Sendikas\u0131 Genel Ba\u015fkan Vekili Erdem YAL\u00c7IN: - Memurun Sesi\" \/>\n<meta property=\"og:description\" content=\"Y\u00fcksek\u00f6\u011fretim Kimin Eme\u011fiyle Y\u00fcr\u00fcyor?\" \/>\n<meta property=\"og:url\" content=\"https:\/\/memurunsesi.net\/index.php\/2025\/12\/21\/yuksekogretim-kimin-emegiyle-yuruyor\/\" \/>\n<meta property=\"og:site_name\" content=\"Memurun Sesi\" \/>\n<meta property=\"article:publisher\" content=\"https:\/\/www.facebook.com\/unipersen\/?locale=tr_TR\" \/>\n<meta property=\"article:published_time\" content=\"2025-12-21T09:06:19+00:00\" \/>\n<meta property=\"article:modified_time\" content=\"2025-12-21T09:07:14+00:00\" \/>\n<meta name=\"author\" content=\"Memurun Sesi Haber Merkezi\" \/>\n<meta name=\"twitter:card\" content=\"summary_large_image\" \/>\n<meta name=\"twitter:creator\" content=\"@unipersen\" \/>\n<meta name=\"twitter:site\" content=\"@unipersen\" \/>\n<meta name=\"twitter:label1\" content=\"Yazan:\" \/>\n\t<meta name=\"twitter:data1\" content=\"Memurun Sesi Haber Merkezi\" \/>\n\t<meta name=\"twitter:label2\" content=\"Tahmini okuma s\u00fcresi\" \/>\n\t<meta name=\"twitter:data2\" content=\"3 dakika\" \/>\n<script type=\"application\/ld+json\" class=\"yoast-schema-graph\">{\"@context\":\"https:\\\/\\\/schema.org\",\"@graph\":[{\"@type\":\"Article\",\"@id\":\"https:\\\/\\\/memurunsesi.net\\\/index.php\\\/2025\\\/12\\\/21\\\/yuksekogretim-kimin-emegiyle-yuruyor\\\/#article\",\"isPartOf\":{\"@id\":\"https:\\\/\\\/memurunsesi.net\\\/index.php\\\/2025\\\/12\\\/21\\\/yuksekogretim-kimin-emegiyle-yuruyor\\\/\"},\"author\":{\"name\":\"Memurun Sesi Haber Merkezi\",\"@id\":\"https:\\\/\\\/memurunsesi.net\\\/#\\\/schema\\\/person\\\/f21c2d73b89f6ee1d80b0a1803e38587\"},\"headline\":\"\u00dcniversite \u0130dari Personel Sendikas\u0131 Genel Ba\u015fkan Vekili Erdem YAL\u00c7IN:\",\"datePublished\":\"2025-12-21T09:06:19+00:00\",\"dateModified\":\"2025-12-21T09:07:14+00:00\",\"mainEntityOfPage\":{\"@id\":\"https:\\\/\\\/memurunsesi.net\\\/index.php\\\/2025\\\/12\\\/21\\\/yuksekogretim-kimin-emegiyle-yuruyor\\\/\"},\"wordCount\":657,\"commentCount\":0,\"publisher\":{\"@id\":\"https:\\\/\\\/memurunsesi.net\\\/#organization\"},\"image\":{\"@id\":\"https:\\\/\\\/memurunsesi.net\\\/index.php\\\/2025\\\/12\\\/21\\\/yuksekogretim-kimin-emegiyle-yuruyor\\\/#primaryimage\"},\"thumbnailUrl\":\"https:\\\/\\\/memurunsesi.net\\\/wp-content\\\/uploads\\\/2025\\\/12\\\/erdem-yalcin.avif\",\"keywords\":[\"Y\u00fcksek \u00d6\u011fretim Tazminat\u0131\"],\"articleSection\":[\"\u00dcniversiteden Haberler\"],\"inLanguage\":\"tr\",\"potentialAction\":[{\"@type\":\"CommentAction\",\"name\":\"Comment\",\"target\":[\"https:\\\/\\\/memurunsesi.net\\\/index.php\\\/2025\\\/12\\\/21\\\/yuksekogretim-kimin-emegiyle-yuruyor\\\/#respond\"]}]},{\"@type\":\"WebPage\",\"@id\":\"https:\\\/\\\/memurunsesi.net\\\/index.php\\\/2025\\\/12\\\/21\\\/yuksekogretim-kimin-emegiyle-yuruyor\\\/\",\"url\":\"https:\\\/\\\/memurunsesi.net\\\/index.php\\\/2025\\\/12\\\/21\\\/yuksekogretim-kimin-emegiyle-yuruyor\\\/\",\"name\":\"\u00dcniversite \u0130dari Personel Sendikas\u0131 Genel Ba\u015fkan Vekili Erdem YAL\u00c7IN: - Memurun Sesi\",\"isPartOf\":{\"@id\":\"https:\\\/\\\/memurunsesi.net\\\/#website\"},\"primaryImageOfPage\":{\"@id\":\"https:\\\/\\\/memurunsesi.net\\\/index.php\\\/2025\\\/12\\\/21\\\/yuksekogretim-kimin-emegiyle-yuruyor\\\/#primaryimage\"},\"image\":{\"@id\":\"https:\\\/\\\/memurunsesi.net\\\/index.php\\\/2025\\\/12\\\/21\\\/yuksekogretim-kimin-emegiyle-yuruyor\\\/#primaryimage\"},\"thumbnailUrl\":\"https:\\\/\\\/memurunsesi.net\\\/wp-content\\\/uploads\\\/2025\\\/12\\\/erdem-yalcin.avif\",\"datePublished\":\"2025-12-21T09:06:19+00:00\",\"dateModified\":\"2025-12-21T09:07:14+00:00\",\"description\":\"Y\u00fcksek\u00f6\u011fretim Kimin Eme\u011fiyle Y\u00fcr\u00fcyor?\",\"breadcrumb\":{\"@id\":\"https:\\\/\\\/memurunsesi.net\\\/index.php\\\/2025\\\/12\\\/21\\\/yuksekogretim-kimin-emegiyle-yuruyor\\\/#breadcrumb\"},\"inLanguage\":\"tr\",\"potentialAction\":[{\"@type\":\"ReadAction\",\"target\":[\"https:\\\/\\\/memurunsesi.net\\\/index.php\\\/2025\\\/12\\\/21\\\/yuksekogretim-kimin-emegiyle-yuruyor\\\/\"]}]},{\"@type\":\"ImageObject\",\"inLanguage\":\"tr\",\"@id\":\"https:\\\/\\\/memurunsesi.net\\\/index.php\\\/2025\\\/12\\\/21\\\/yuksekogretim-kimin-emegiyle-yuruyor\\\/#primaryimage\",\"url\":\"https:\\\/\\\/memurunsesi.net\\\/wp-content\\\/uploads\\\/2025\\\/12\\\/erdem-yalcin.avif\",\"contentUrl\":\"https:\\\/\\\/memurunsesi.net\\\/wp-content\\\/uploads\\\/2025\\\/12\\\/erdem-yalcin.avif\",\"width\":613,\"height\":613},{\"@type\":\"BreadcrumbList\",\"@id\":\"https:\\\/\\\/memurunsesi.net\\\/index.php\\\/2025\\\/12\\\/21\\\/yuksekogretim-kimin-emegiyle-yuruyor\\\/#breadcrumb\",\"itemListElement\":[{\"@type\":\"ListItem\",\"position\":1,\"name\":\"Anasayfa\",\"item\":\"https:\\\/\\\/memurunsesi.net\\\/\"},{\"@type\":\"ListItem\",\"position\":2,\"name\":\"\u00dcniversite \u0130dari Personel Sendikas\u0131 Genel Ba\u015fkan Vekili Erdem YAL\u00c7IN:\"}]},{\"@type\":\"WebSite\",\"@id\":\"https:\\\/\\\/memurunsesi.net\\\/#website\",\"url\":\"https:\\\/\\\/memurunsesi.net\\\/\",\"name\":\"Memurun Sesi\",\"description\":\"G\u00fcncel ve Do\u011fru Haber\",\"publisher\":{\"@id\":\"https:\\\/\\\/memurunsesi.net\\\/#organization\"},\"potentialAction\":[{\"@type\":\"SearchAction\",\"target\":{\"@type\":\"EntryPoint\",\"urlTemplate\":\"https:\\\/\\\/memurunsesi.net\\\/?s={search_term_string}\"},\"query-input\":{\"@type\":\"PropertyValueSpecification\",\"valueRequired\":true,\"valueName\":\"search_term_string\"}}],\"inLanguage\":\"tr\"},{\"@type\":\"Organization\",\"@id\":\"https:\\\/\\\/memurunsesi.net\\\/#organization\",\"name\":\"Memurun Sesi\",\"url\":\"https:\\\/\\\/memurunsesi.net\\\/\",\"logo\":{\"@type\":\"ImageObject\",\"inLanguage\":\"tr\",\"@id\":\"https:\\\/\\\/memurunsesi.net\\\/#\\\/schema\\\/logo\\\/image\\\/\",\"url\":\"https:\\\/\\\/memurunsesi.net\\\/wp-content\\\/uploads\\\/2025\\\/11\\\/cropped-MEMURUN-SESI.png\",\"contentUrl\":\"https:\\\/\\\/memurunsesi.net\\\/wp-content\\\/uploads\\\/2025\\\/11\\\/cropped-MEMURUN-SESI.png\",\"width\":238,\"height\":57,\"caption\":\"Memurun Sesi\"},\"image\":{\"@id\":\"https:\\\/\\\/memurunsesi.net\\\/#\\\/schema\\\/logo\\\/image\\\/\"},\"sameAs\":[\"https:\\\/\\\/www.facebook.com\\\/unipersen\\\/?locale=tr_TR\",\"https:\\\/\\\/x.com\\\/unipersen\"]},{\"@type\":\"Person\",\"@id\":\"https:\\\/\\\/memurunsesi.net\\\/#\\\/schema\\\/person\\\/f21c2d73b89f6ee1d80b0a1803e38587\",\"name\":\"Memurun Sesi Haber Merkezi\",\"image\":{\"@type\":\"ImageObject\",\"inLanguage\":\"tr\",\"@id\":\"https:\\\/\\\/secure.gravatar.com\\\/avatar\\\/6cf0505f452ee753f485014986fab09a434671d2b919ee76fc541025c5876a70?s=96&d=mm&r=g\",\"url\":\"https:\\\/\\\/secure.gravatar.com\\\/avatar\\\/6cf0505f452ee753f485014986fab09a434671d2b919ee76fc541025c5876a70?s=96&d=mm&r=g\",\"contentUrl\":\"https:\\\/\\\/secure.gravatar.com\\\/avatar\\\/6cf0505f452ee753f485014986fab09a434671d2b919ee76fc541025c5876a70?s=96&d=mm&r=g\",\"caption\":\"Memurun Sesi Haber Merkezi\"},\"sameAs\":[\"https:\\\/\\\/memurunsesi.net\"],\"url\":\"https:\\\/\\\/memurunsesi.net\\\/index.php\\\/author\\\/uniper\\\/\"}]}<\/script>\n<!-- \/ Yoast SEO plugin. -->","yoast_head_json":{"title":"\u00dcniversite \u0130dari Personel Sendikas\u0131 Genel Ba\u015fkan Vekili Erdem YAL\u00c7IN: - Memurun Sesi","description":"Y\u00fcksek\u00f6\u011fretim Kimin Eme\u011fiyle Y\u00fcr\u00fcyor?","robots":{"index":"index","follow":"follow","max-snippet":"max-snippet:-1","max-image-preview":"max-image-preview:large","max-video-preview":"max-video-preview:-1"},"canonical":"https:\/\/memurunsesi.net\/index.php\/2025\/12\/21\/yuksekogretim-kimin-emegiyle-yuruyor\/","og_locale":"tr_TR","og_type":"article","og_title":"\u00dcniversite \u0130dari Personel Sendikas\u0131 Genel Ba\u015fkan Vekili Erdem YAL\u00c7IN: - Memurun Sesi","og_description":"Y\u00fcksek\u00f6\u011fretim Kimin Eme\u011fiyle Y\u00fcr\u00fcyor?","og_url":"https:\/\/memurunsesi.net\/index.php\/2025\/12\/21\/yuksekogretim-kimin-emegiyle-yuruyor\/","og_site_name":"Memurun Sesi","article_publisher":"https:\/\/www.facebook.com\/unipersen\/?locale=tr_TR","article_published_time":"2025-12-21T09:06:19+00:00","article_modified_time":"2025-12-21T09:07:14+00:00","author":"Memurun Sesi Haber Merkezi","twitter_card":"summary_large_image","twitter_creator":"@unipersen","twitter_site":"@unipersen","twitter_misc":{"Yazan:":"Memurun Sesi Haber Merkezi","Tahmini okuma s\u00fcresi":"3 dakika"},"schema":{"@context":"https:\/\/schema.org","@graph":[{"@type":"Article","@id":"https:\/\/memurunsesi.net\/index.php\/2025\/12\/21\/yuksekogretim-kimin-emegiyle-yuruyor\/#article","isPartOf":{"@id":"https:\/\/memurunsesi.net\/index.php\/2025\/12\/21\/yuksekogretim-kimin-emegiyle-yuruyor\/"},"author":{"name":"Memurun Sesi Haber Merkezi","@id":"https:\/\/memurunsesi.net\/#\/schema\/person\/f21c2d73b89f6ee1d80b0a1803e38587"},"headline":"\u00dcniversite \u0130dari Personel Sendikas\u0131 Genel Ba\u015fkan Vekili Erdem YAL\u00c7IN:","datePublished":"2025-12-21T09:06:19+00:00","dateModified":"2025-12-21T09:07:14+00:00","mainEntityOfPage":{"@id":"https:\/\/memurunsesi.net\/index.php\/2025\/12\/21\/yuksekogretim-kimin-emegiyle-yuruyor\/"},"wordCount":657,"commentCount":0,"publisher":{"@id":"https:\/\/memurunsesi.net\/#organization"},"image":{"@id":"https:\/\/memurunsesi.net\/index.php\/2025\/12\/21\/yuksekogretim-kimin-emegiyle-yuruyor\/#primaryimage"},"thumbnailUrl":"https:\/\/memurunsesi.net\/wp-content\/uploads\/2025\/12\/erdem-yalcin.avif","keywords":["Y\u00fcksek \u00d6\u011fretim Tazminat\u0131"],"articleSection":["\u00dcniversiteden Haberler"],"inLanguage":"tr","potentialAction":[{"@type":"CommentAction","name":"Comment","target":["https:\/\/memurunsesi.net\/index.php\/2025\/12\/21\/yuksekogretim-kimin-emegiyle-yuruyor\/#respond"]}]},{"@type":"WebPage","@id":"https:\/\/memurunsesi.net\/index.php\/2025\/12\/21\/yuksekogretim-kimin-emegiyle-yuruyor\/","url":"https:\/\/memurunsesi.net\/index.php\/2025\/12\/21\/yuksekogretim-kimin-emegiyle-yuruyor\/","name":"\u00dcniversite \u0130dari Personel Sendikas\u0131 Genel Ba\u015fkan Vekili Erdem YAL\u00c7IN: - Memurun Sesi","isPartOf":{"@id":"https:\/\/memurunsesi.net\/#website"},"primaryImageOfPage":{"@id":"https:\/\/memurunsesi.net\/index.php\/2025\/12\/21\/yuksekogretim-kimin-emegiyle-yuruyor\/#primaryimage"},"image":{"@id":"https:\/\/memurunsesi.net\/index.php\/2025\/12\/21\/yuksekogretim-kimin-emegiyle-yuruyor\/#primaryimage"},"thumbnailUrl":"https:\/\/memurunsesi.net\/wp-content\/uploads\/2025\/12\/erdem-yalcin.avif","datePublished":"2025-12-21T09:06:19+00:00","dateModified":"2025-12-21T09:07:14+00:00","description":"Y\u00fcksek\u00f6\u011fretim Kimin Eme\u011fiyle Y\u00fcr\u00fcyor?","breadcrumb":{"@id":"https:\/\/memurunsesi.net\/index.php\/2025\/12\/21\/yuksekogretim-kimin-emegiyle-yuruyor\/#breadcrumb"},"inLanguage":"tr","potentialAction":[{"@type":"ReadAction","target":["https:\/\/memurunsesi.net\/index.php\/2025\/12\/21\/yuksekogretim-kimin-emegiyle-yuruyor\/"]}]},{"@type":"ImageObject","inLanguage":"tr","@id":"https:\/\/memurunsesi.net\/index.php\/2025\/12\/21\/yuksekogretim-kimin-emegiyle-yuruyor\/#primaryimage","url":"https:\/\/memurunsesi.net\/wp-content\/uploads\/2025\/12\/erdem-yalcin.avif","contentUrl":"https:\/\/memurunsesi.net\/wp-content\/uploads\/2025\/12\/erdem-yalcin.avif","width":613,"height":613},{"@type":"BreadcrumbList","@id":"https:\/\/memurunsesi.net\/index.php\/2025\/12\/21\/yuksekogretim-kimin-emegiyle-yuruyor\/#breadcrumb","itemListElement":[{"@type":"ListItem","position":1,"name":"Anasayfa","item":"https:\/\/memurunsesi.net\/"},{"@type":"ListItem","position":2,"name":"\u00dcniversite \u0130dari Personel Sendikas\u0131 Genel Ba\u015fkan Vekili Erdem YAL\u00c7IN:"}]},{"@type":"WebSite","@id":"https:\/\/memurunsesi.net\/#website","url":"https:\/\/memurunsesi.net\/","name":"Memurun Sesi","description":"G\u00fcncel ve Do\u011fru Haber","publisher":{"@id":"https:\/\/memurunsesi.net\/#organization"},"potentialAction":[{"@type":"SearchAction","target":{"@type":"EntryPoint","urlTemplate":"https:\/\/memurunsesi.net\/?s={search_term_string}"},"query-input":{"@type":"PropertyValueSpecification","valueRequired":true,"valueName":"search_term_string"}}],"inLanguage":"tr"},{"@type":"Organization","@id":"https:\/\/memurunsesi.net\/#organization","name":"Memurun Sesi","url":"https:\/\/memurunsesi.net\/","logo":{"@type":"ImageObject","inLanguage":"tr","@id":"https:\/\/memurunsesi.net\/#\/schema\/logo\/image\/","url":"https:\/\/memurunsesi.net\/wp-content\/uploads\/2025\/11\/cropped-MEMURUN-SESI.png","contentUrl":"https:\/\/memurunsesi.net\/wp-content\/uploads\/2025\/11\/cropped-MEMURUN-SESI.png","width":238,"height":57,"caption":"Memurun Sesi"},"image":{"@id":"https:\/\/memurunsesi.net\/#\/schema\/logo\/image\/"},"sameAs":["https:\/\/www.facebook.com\/unipersen\/?locale=tr_TR","https:\/\/x.com\/unipersen"]},{"@type":"Person","@id":"https:\/\/memurunsesi.net\/#\/schema\/person\/f21c2d73b89f6ee1d80b0a1803e38587","name":"Memurun Sesi Haber Merkezi","image":{"@type":"ImageObject","inLanguage":"tr","@id":"https:\/\/secure.gravatar.com\/avatar\/6cf0505f452ee753f485014986fab09a434671d2b919ee76fc541025c5876a70?s=96&d=mm&r=g","url":"https:\/\/secure.gravatar.com\/avatar\/6cf0505f452ee753f485014986fab09a434671d2b919ee76fc541025c5876a70?s=96&d=mm&r=g","contentUrl":"https:\/\/secure.gravatar.com\/avatar\/6cf0505f452ee753f485014986fab09a434671d2b919ee76fc541025c5876a70?s=96&d=mm&r=g","caption":"Memurun Sesi Haber Merkezi"},"sameAs":["https:\/\/memurunsesi.net"],"url":"https:\/\/memurunsesi.net\/index.php\/author\/uniper\/"}]}},"_links":{"self":[{"href":"https:\/\/memurunsesi.net\/index.php\/wp-json\/wp\/v2\/posts\/15480","targetHints":{"allow":["GET"]}}],"collection":[{"href":"https:\/\/memurunsesi.net\/index.php\/wp-json\/wp\/v2\/posts"}],"about":[{"href":"https:\/\/memurunsesi.net\/index.php\/wp-json\/wp\/v2\/types\/post"}],"author":[{"embeddable":true,"href":"https:\/\/memurunsesi.net\/index.php\/wp-json\/wp\/v2\/users\/1"}],"replies":[{"embeddable":true,"href":"https:\/\/memurunsesi.net\/index.php\/wp-json\/wp\/v2\/comments?post=15480"}],"version-history":[{"count":2,"href":"https:\/\/memurunsesi.net\/index.php\/wp-json\/wp\/v2\/posts\/15480\/revisions"}],"predecessor-version":[{"id":15484,"href":"https:\/\/memurunsesi.net\/index.php\/wp-json\/wp\/v2\/posts\/15480\/revisions\/15484"}],"wp:featuredmedia":[{"embeddable":true,"href":"https:\/\/memurunsesi.net\/index.php\/wp-json\/wp\/v2\/media\/15482"}],"wp:attachment":[{"href":"https:\/\/memurunsesi.net\/index.php\/wp-json\/wp\/v2\/media?parent=15480"}],"wp:term":[{"taxonomy":"category","embeddable":true,"href":"https:\/\/memurunsesi.net\/index.php\/wp-json\/wp\/v2\/categories?post=15480"},{"taxonomy":"post_tag","embeddable":true,"href":"https:\/\/memurunsesi.net\/index.php\/wp-json\/wp\/v2\/tags?post=15480"}],"curies":[{"name":"wp","href":"https:\/\/api.w.org\/{rel}","templated":true}]}}