{"id":15526,"date":"2025-12-24T07:45:50","date_gmt":"2025-12-24T04:45:50","guid":{"rendered":"https:\/\/memurunsesi.net\/?p=15526"},"modified":"2025-12-24T07:45:50","modified_gmt":"2025-12-24T04:45:50","slug":"esenler-belediyesinin-duzenledigi-6-esenler-film-festivali-odulleri-sahiplerini-buldu","status":"publish","type":"post","link":"https:\/\/memurunsesi.net\/index.php\/2025\/12\/24\/esenler-belediyesinin-duzenledigi-6-esenler-film-festivali-odulleri-sahiplerini-buldu\/","title":{"rendered":"Esenler Belediyesi&#8217;nin d\u00fczenledi\u011fi &#8216;6. Esenler Film Festivali&#8217; \u00f6d\u00fclleri sahiplerini buldu"},"content":{"rendered":"<p>Esenler Belediyesi taraf\u0131ndan bu y\u0131l 6.\u2019s\u0131 d\u00fczenlenen &#8216;Esenler Film Festivali\u2019nde &#8220;K\u0131sa Film Yar\u0131\u015fmas\u0131&#8221; ve &#8220;K\u0131sa Film Yap\u0131m Deste\u011fi&#8221; \u00f6d\u00fclleri sahiplerini buldu.<br \/>\nEsenler Belediyesi taraf\u0131ndan d\u00fczenlenen 6. Esenler Film Festivali, kapan\u0131\u015f ve \u00f6d\u00fcl t\u00f6renine ev sahipli\u011fi yapt\u0131. &#8220;Dijital Hayat&#8221; temas\u0131yla sinemaseverlere unutulmaz bir deneyim ya\u015fatan festivalde, &#8220;K\u0131sa Film Yar\u0131\u015fmas\u0131&#8221; ve \u2018K\u0131sa Film Yap\u0131m Deste\u011fi\u2019 \u00f6d\u00fclleri sahiplerine verildi. Beyo\u011flu&#8217;ndaki bir sinemada ger\u00e7ekle\u015fen festivale, Esenler Belediye Ba\u015fkan\u0131 Mehmet Tevfik G\u00f6ksu, Y\u00f6netmen Senarist ve Yap\u0131mc\u0131 Reis \u00c7elik, G\u00f6r\u00fcnt\u00fc Y\u00f6netmeni Cevahir \u015eahin, Yazar Cihan Akta\u015f, Oyuncu Hakan Karsak, Oyuncu Nursel K\u00f6se ve sanatseverler kat\u0131ld\u0131.<br \/>\nA\u00e7\u0131l\u0131\u015f konu\u015fmalar\u0131n\u0131n ard\u0131ndan k\u00fcrs\u00fcye salondakilere seslenen Esenler Belediye Ba\u015fkan\u0131 Mehmet Tevfik G\u00f6ksu, &#8220;\u0130nsan\u0131 di\u011fer canlardan ay\u0131ran temel \u00f6zellik adalet anlay\u0131\u015f\u0131, do\u011fruyla yanl\u0131\u015f\u0131 birbirinden ay\u0131rt etme yetene\u011fidir. \u0130\u015fte insan yanl\u0131\u015fla do\u011fruyu birbirinden ay\u0131rt etme yetene\u011fine sahip oldu\u011fu i\u00e7in ak\u0131m sahiptir. Ak\u0131l sahibi oldu\u011fu i\u00e7in de nefes ald\u0131\u011f\u0131 g\u00fcnden itibar ya\u015fad\u0131\u011f\u0131 her bir hayat\u0131n hik\u00e2yesinde sorumluluklar ta\u015f\u0131r. Bu sorumluluklar\u0131 ta\u015f\u0131rken baz\u0131n\u0131z duygular\u0131m\u0131zla hareket ederiz. Baz\u0131lar\u0131m\u0131z ak\u0131llar\u0131m\u0131zla hareket ederiz. Baz\u0131lar\u0131m\u0131z inan\u00e7lar\u0131m\u0131zla, de\u011ferlerimizle hareket ederiz. Ama hepimizin dayand\u0131\u011f\u0131 ve bakt\u0131\u011f\u0131 bir yer vard\u0131r. Hepimiz bir \u015fehir aray\u0131\u015f\u0131nday\u0131z. \u0130yiyi aramak isteriz. G\u00fczele ula\u015fmak isteriz. Do\u011fruya ula\u015fmak isteriz. Hakikate ula\u015fmak isteriz. Hepimiz hep iyi ve g\u00fczelin yan\u0131nda yer alarak kendimizi orada bir yer bi\u00e7eriz. Bunu bazen i\u015f ortam\u0131nda arar\u0131z. Bazen beyaz perdede arar\u0131z. Bazen okulda arar\u0131z, bazen makalede arar\u0131z, bazen resim yaparken arar\u0131z. Ama kendimizi resim yaparken de en iyinin g\u00fczeli yan\u0131nda isteriz. Makale yazarken de kendimizi iyi bir g\u00fczelin yan\u0131nda yazar\u0131z. Beyaz perdede sinemay\u0131 izlerken de kendimizi iyi ve g\u00fczel olan\u0131n yan\u0131nda buluruz&#8221; dedi.<br \/>\nG\u00f6ksu\u2019nun konu\u015fmalar\u0131n\u0131n ard\u0131ndan festivale kat\u0131lan yar\u0131\u015fmac\u0131lar\u0131n \u00f6d\u00fclleri takdim edildi.<\/p>\n<p>23.12.2025<\/p>\n","protected":false},"excerpt":{"rendered":"<p>Esenler Belediyesi taraf\u0131ndan bu y\u0131l 6.\u2019s\u0131 d\u00fczenlenen &#8216;Esenler Film Festivali\u2019nde &#8220;K\u0131sa Film Yar\u0131\u015fmas\u0131&#8221; ve &#8220;K\u0131sa Film Yap\u0131m Deste\u011fi&#8221; \u00f6d\u00fclleri sahiplerini buldu. Esenler Belediyesi taraf\u0131ndan d\u00fczenlenen 6. Esenler Film Festivali, kapan\u0131\u015f ve \u00f6d\u00fcl t\u00f6renine ev sahipli\u011fi yapt\u0131. &#8220;Dijital Hayat&#8221; temas\u0131yla sinemaseverlere unutulmaz bir deneyim ya\u015fatan festivalde, &#8220;K\u0131sa Film Yar\u0131\u015fmas\u0131&#8221; ve \u2018K\u0131sa Film Yap\u0131m Deste\u011fi\u2019 \u00f6d\u00fclleri sahiplerine [&hellip;]<\/p>\n","protected":false},"author":1,"featured_media":15527,"comment_status":"open","ping_status":"open","sticky":false,"template":"","format":"standard","meta":{"footnotes":""},"categories":[50],"tags":[664],"class_list":["post-15526","post","type-post","status-publish","format-standard","has-post-thumbnail","hentry","category-tum-haberler","tag-film-festivali"],"yoast_head":"<!-- This site is optimized with the Yoast SEO plugin v27.4 - https:\/\/yoast.com\/product\/yoast-seo-wordpress\/ -->\n<title>Esenler Belediyesi&#039;nin d\u00fczenledi\u011fi &#039;6. Esenler Film Festivali&#039; \u00f6d\u00fclleri sahiplerini buldu - Memurun Sesi<\/title>\n<meta name=\"description\" content=\"Esenler Belediyesi&#039;nin d\u00fczenledi\u011fi &#039;6. Esenler Film Festivali&#039; \u00f6d\u00fclleri sahiplerini buldu\" \/>\n<meta name=\"robots\" content=\"index, follow, max-snippet:-1, max-image-preview:large, max-video-preview:-1\" \/>\n<link rel=\"canonical\" href=\"https:\/\/memurunsesi.net\/index.php\/2025\/12\/24\/esenler-belediyesinin-duzenledigi-6-esenler-film-festivali-odulleri-sahiplerini-buldu\/\" \/>\n<meta property=\"og:locale\" content=\"tr_TR\" \/>\n<meta property=\"og:type\" content=\"article\" \/>\n<meta property=\"og:title\" content=\"Esenler Belediyesi&#039;nin d\u00fczenledi\u011fi &#039;6. Esenler Film Festivali&#039; \u00f6d\u00fclleri sahiplerini buldu - Memurun Sesi\" \/>\n<meta property=\"og:description\" content=\"Esenler Belediyesi&#039;nin d\u00fczenledi\u011fi &#039;6. Esenler Film Festivali&#039; \u00f6d\u00fclleri sahiplerini buldu\" \/>\n<meta property=\"og:url\" content=\"https:\/\/memurunsesi.net\/index.php\/2025\/12\/24\/esenler-belediyesinin-duzenledigi-6-esenler-film-festivali-odulleri-sahiplerini-buldu\/\" \/>\n<meta property=\"og:site_name\" content=\"Memurun Sesi\" \/>\n<meta property=\"article:publisher\" content=\"https:\/\/www.facebook.com\/unipersen\/?locale=tr_TR\" \/>\n<meta property=\"article:published_time\" content=\"2025-12-24T04:45:50+00:00\" \/>\n<meta property=\"og:image\" content=\"https:\/\/memurunsesi.net\/wp-content\/uploads\/2025\/12\/Film-Festivali-scaled.jpg\" \/>\n\t<meta property=\"og:image:width\" content=\"2560\" \/>\n\t<meta property=\"og:image:height\" content=\"1920\" \/>\n\t<meta property=\"og:image:type\" content=\"image\/jpeg\" \/>\n<meta name=\"author\" content=\"Memurun Sesi Haber Merkezi\" \/>\n<meta name=\"twitter:card\" content=\"summary_large_image\" \/>\n<meta name=\"twitter:creator\" content=\"@unipersen\" \/>\n<meta name=\"twitter:site\" content=\"@unipersen\" \/>\n<meta name=\"twitter:label1\" content=\"Yazan:\" \/>\n\t<meta name=\"twitter:data1\" content=\"Memurun Sesi Haber Merkezi\" \/>\n\t<meta name=\"twitter:label2\" content=\"Tahmini okuma s\u00fcresi\" \/>\n\t<meta name=\"twitter:data2\" content=\"2 dakika\" \/>\n<script type=\"application\/ld+json\" class=\"yoast-schema-graph\">{\"@context\":\"https:\\\/\\\/schema.org\",\"@graph\":[{\"@type\":\"Article\",\"@id\":\"https:\\\/\\\/memurunsesi.net\\\/index.php\\\/2025\\\/12\\\/24\\\/esenler-belediyesinin-duzenledigi-6-esenler-film-festivali-odulleri-sahiplerini-buldu\\\/#article\",\"isPartOf\":{\"@id\":\"https:\\\/\\\/memurunsesi.net\\\/index.php\\\/2025\\\/12\\\/24\\\/esenler-belediyesinin-duzenledigi-6-esenler-film-festivali-odulleri-sahiplerini-buldu\\\/\"},\"author\":{\"name\":\"Memurun Sesi Haber Merkezi\",\"@id\":\"https:\\\/\\\/memurunsesi.net\\\/#\\\/schema\\\/person\\\/f21c2d73b89f6ee1d80b0a1803e38587\"},\"headline\":\"Esenler Belediyesi&#8217;nin d\u00fczenledi\u011fi &#8216;6. Esenler Film Festivali&#8217; \u00f6d\u00fclleri sahiplerini buldu\",\"datePublished\":\"2025-12-24T04:45:50+00:00\",\"mainEntityOfPage\":{\"@id\":\"https:\\\/\\\/memurunsesi.net\\\/index.php\\\/2025\\\/12\\\/24\\\/esenler-belediyesinin-duzenledigi-6-esenler-film-festivali-odulleri-sahiplerini-buldu\\\/\"},\"wordCount\":388,\"commentCount\":0,\"publisher\":{\"@id\":\"https:\\\/\\\/memurunsesi.net\\\/#organization\"},\"image\":{\"@id\":\"https:\\\/\\\/memurunsesi.net\\\/index.php\\\/2025\\\/12\\\/24\\\/esenler-belediyesinin-duzenledigi-6-esenler-film-festivali-odulleri-sahiplerini-buldu\\\/#primaryimage\"},\"thumbnailUrl\":\"https:\\\/\\\/memurunsesi.net\\\/wp-content\\\/uploads\\\/2025\\\/12\\\/Film-Festivali-scaled.jpg\",\"keywords\":[\"Film Festivali\"],\"articleSection\":[\"T\u00fcm Haberler\"],\"inLanguage\":\"tr\",\"potentialAction\":[{\"@type\":\"CommentAction\",\"name\":\"Comment\",\"target\":[\"https:\\\/\\\/memurunsesi.net\\\/index.php\\\/2025\\\/12\\\/24\\\/esenler-belediyesinin-duzenledigi-6-esenler-film-festivali-odulleri-sahiplerini-buldu\\\/#respond\"]}]},{\"@type\":\"WebPage\",\"@id\":\"https:\\\/\\\/memurunsesi.net\\\/index.php\\\/2025\\\/12\\\/24\\\/esenler-belediyesinin-duzenledigi-6-esenler-film-festivali-odulleri-sahiplerini-buldu\\\/\",\"url\":\"https:\\\/\\\/memurunsesi.net\\\/index.php\\\/2025\\\/12\\\/24\\\/esenler-belediyesinin-duzenledigi-6-esenler-film-festivali-odulleri-sahiplerini-buldu\\\/\",\"name\":\"Esenler Belediyesi'nin d\u00fczenledi\u011fi '6. Esenler Film Festivali' \u00f6d\u00fclleri sahiplerini buldu - Memurun Sesi\",\"isPartOf\":{\"@id\":\"https:\\\/\\\/memurunsesi.net\\\/#website\"},\"primaryImageOfPage\":{\"@id\":\"https:\\\/\\\/memurunsesi.net\\\/index.php\\\/2025\\\/12\\\/24\\\/esenler-belediyesinin-duzenledigi-6-esenler-film-festivali-odulleri-sahiplerini-buldu\\\/#primaryimage\"},\"image\":{\"@id\":\"https:\\\/\\\/memurunsesi.net\\\/index.php\\\/2025\\\/12\\\/24\\\/esenler-belediyesinin-duzenledigi-6-esenler-film-festivali-odulleri-sahiplerini-buldu\\\/#primaryimage\"},\"thumbnailUrl\":\"https:\\\/\\\/memurunsesi.net\\\/wp-content\\\/uploads\\\/2025\\\/12\\\/Film-Festivali-scaled.jpg\",\"datePublished\":\"2025-12-24T04:45:50+00:00\",\"description\":\"Esenler Belediyesi'nin d\u00fczenledi\u011fi '6. Esenler Film Festivali' \u00f6d\u00fclleri sahiplerini buldu\",\"breadcrumb\":{\"@id\":\"https:\\\/\\\/memurunsesi.net\\\/index.php\\\/2025\\\/12\\\/24\\\/esenler-belediyesinin-duzenledigi-6-esenler-film-festivali-odulleri-sahiplerini-buldu\\\/#breadcrumb\"},\"inLanguage\":\"tr\",\"potentialAction\":[{\"@type\":\"ReadAction\",\"target\":[\"https:\\\/\\\/memurunsesi.net\\\/index.php\\\/2025\\\/12\\\/24\\\/esenler-belediyesinin-duzenledigi-6-esenler-film-festivali-odulleri-sahiplerini-buldu\\\/\"]}]},{\"@type\":\"ImageObject\",\"inLanguage\":\"tr\",\"@id\":\"https:\\\/\\\/memurunsesi.net\\\/index.php\\\/2025\\\/12\\\/24\\\/esenler-belediyesinin-duzenledigi-6-esenler-film-festivali-odulleri-sahiplerini-buldu\\\/#primaryimage\",\"url\":\"https:\\\/\\\/memurunsesi.net\\\/wp-content\\\/uploads\\\/2025\\\/12\\\/Film-Festivali-scaled.jpg\",\"contentUrl\":\"https:\\\/\\\/memurunsesi.net\\\/wp-content\\\/uploads\\\/2025\\\/12\\\/Film-Festivali-scaled.jpg\",\"width\":2560,\"height\":1920,\"caption\":\"ESENLER BELED\u0130YES\u0130 TARAFINDAN, BU YIL 6.'SI D\u00dcZENLENEN 'ESENLER F\u0130LM FEST\u0130VAL\u0130'NDE, \\\"KISA F\u0130LM YARI\u015eMASI\\\" VE \\\"KISA F\u0130LM YAPIM DESTE\u011e\u0130\\\" \u00d6D\u00dcLLER\u0130 SAH\u0130PLER\u0130N\u0130 BULDU. (\u0130HSAN ATE\u015eMEN\\\/\u0130STANBUL-\u0130HA) Esenler Belediyesi taraf\u0131ndan bu y\u0131l 6.'s\u0131 d\u00fczenlenen 'Esenler Film Festivali'nde \\\"K\u0131sa Film Yar\u0131\u015fmas\u0131\\\" ve \\\"K\u0131sa Film Yap\u0131m Deste\u011fi\\\" \u00f6d\u00fclleri sahiplerini buldu.\"},{\"@type\":\"BreadcrumbList\",\"@id\":\"https:\\\/\\\/memurunsesi.net\\\/index.php\\\/2025\\\/12\\\/24\\\/esenler-belediyesinin-duzenledigi-6-esenler-film-festivali-odulleri-sahiplerini-buldu\\\/#breadcrumb\",\"itemListElement\":[{\"@type\":\"ListItem\",\"position\":1,\"name\":\"Anasayfa\",\"item\":\"https:\\\/\\\/memurunsesi.net\\\/\"},{\"@type\":\"ListItem\",\"position\":2,\"name\":\"Esenler Belediyesi&#8217;nin d\u00fczenledi\u011fi &#8216;6. Esenler Film Festivali&#8217; \u00f6d\u00fclleri sahiplerini buldu\"}]},{\"@type\":\"WebSite\",\"@id\":\"https:\\\/\\\/memurunsesi.net\\\/#website\",\"url\":\"https:\\\/\\\/memurunsesi.net\\\/\",\"name\":\"Memurun Sesi\",\"description\":\"G\u00fcncel ve Do\u011fru Haber\",\"publisher\":{\"@id\":\"https:\\\/\\\/memurunsesi.net\\\/#organization\"},\"potentialAction\":[{\"@type\":\"SearchAction\",\"target\":{\"@type\":\"EntryPoint\",\"urlTemplate\":\"https:\\\/\\\/memurunsesi.net\\\/?s={search_term_string}\"},\"query-input\":{\"@type\":\"PropertyValueSpecification\",\"valueRequired\":true,\"valueName\":\"search_term_string\"}}],\"inLanguage\":\"tr\"},{\"@type\":\"Organization\",\"@id\":\"https:\\\/\\\/memurunsesi.net\\\/#organization\",\"name\":\"Memurun Sesi\",\"url\":\"https:\\\/\\\/memurunsesi.net\\\/\",\"logo\":{\"@type\":\"ImageObject\",\"inLanguage\":\"tr\",\"@id\":\"https:\\\/\\\/memurunsesi.net\\\/#\\\/schema\\\/logo\\\/image\\\/\",\"url\":\"https:\\\/\\\/memurunsesi.net\\\/wp-content\\\/uploads\\\/2025\\\/11\\\/cropped-MEMURUN-SESI.png\",\"contentUrl\":\"https:\\\/\\\/memurunsesi.net\\\/wp-content\\\/uploads\\\/2025\\\/11\\\/cropped-MEMURUN-SESI.png\",\"width\":238,\"height\":57,\"caption\":\"Memurun Sesi\"},\"image\":{\"@id\":\"https:\\\/\\\/memurunsesi.net\\\/#\\\/schema\\\/logo\\\/image\\\/\"},\"sameAs\":[\"https:\\\/\\\/www.facebook.com\\\/unipersen\\\/?locale=tr_TR\",\"https:\\\/\\\/x.com\\\/unipersen\"]},{\"@type\":\"Person\",\"@id\":\"https:\\\/\\\/memurunsesi.net\\\/#\\\/schema\\\/person\\\/f21c2d73b89f6ee1d80b0a1803e38587\",\"name\":\"Memurun Sesi Haber Merkezi\",\"image\":{\"@type\":\"ImageObject\",\"inLanguage\":\"tr\",\"@id\":\"https:\\\/\\\/secure.gravatar.com\\\/avatar\\\/6cf0505f452ee753f485014986fab09a434671d2b919ee76fc541025c5876a70?s=96&d=mm&r=g\",\"url\":\"https:\\\/\\\/secure.gravatar.com\\\/avatar\\\/6cf0505f452ee753f485014986fab09a434671d2b919ee76fc541025c5876a70?s=96&d=mm&r=g\",\"contentUrl\":\"https:\\\/\\\/secure.gravatar.com\\\/avatar\\\/6cf0505f452ee753f485014986fab09a434671d2b919ee76fc541025c5876a70?s=96&d=mm&r=g\",\"caption\":\"Memurun Sesi Haber Merkezi\"},\"sameAs\":[\"https:\\\/\\\/memurunsesi.net\"],\"url\":\"https:\\\/\\\/memurunsesi.net\\\/index.php\\\/author\\\/uniper\\\/\"}]}<\/script>\n<!-- \/ Yoast SEO plugin. -->","yoast_head_json":{"title":"Esenler Belediyesi'nin d\u00fczenledi\u011fi '6. Esenler Film Festivali' \u00f6d\u00fclleri sahiplerini buldu - Memurun Sesi","description":"Esenler Belediyesi'nin d\u00fczenledi\u011fi '6. Esenler Film Festivali' \u00f6d\u00fclleri sahiplerini buldu","robots":{"index":"index","follow":"follow","max-snippet":"max-snippet:-1","max-image-preview":"max-image-preview:large","max-video-preview":"max-video-preview:-1"},"canonical":"https:\/\/memurunsesi.net\/index.php\/2025\/12\/24\/esenler-belediyesinin-duzenledigi-6-esenler-film-festivali-odulleri-sahiplerini-buldu\/","og_locale":"tr_TR","og_type":"article","og_title":"Esenler Belediyesi'nin d\u00fczenledi\u011fi '6. Esenler Film Festivali' \u00f6d\u00fclleri sahiplerini buldu - Memurun Sesi","og_description":"Esenler Belediyesi'nin d\u00fczenledi\u011fi '6. Esenler Film Festivali' \u00f6d\u00fclleri sahiplerini buldu","og_url":"https:\/\/memurunsesi.net\/index.php\/2025\/12\/24\/esenler-belediyesinin-duzenledigi-6-esenler-film-festivali-odulleri-sahiplerini-buldu\/","og_site_name":"Memurun Sesi","article_publisher":"https:\/\/www.facebook.com\/unipersen\/?locale=tr_TR","article_published_time":"2025-12-24T04:45:50+00:00","og_image":[{"width":2560,"height":1920,"url":"https:\/\/memurunsesi.net\/wp-content\/uploads\/2025\/12\/Film-Festivali-scaled.jpg","type":"image\/jpeg"}],"author":"Memurun Sesi Haber Merkezi","twitter_card":"summary_large_image","twitter_creator":"@unipersen","twitter_site":"@unipersen","twitter_misc":{"Yazan:":"Memurun Sesi Haber Merkezi","Tahmini okuma s\u00fcresi":"2 dakika"},"schema":{"@context":"https:\/\/schema.org","@graph":[{"@type":"Article","@id":"https:\/\/memurunsesi.net\/index.php\/2025\/12\/24\/esenler-belediyesinin-duzenledigi-6-esenler-film-festivali-odulleri-sahiplerini-buldu\/#article","isPartOf":{"@id":"https:\/\/memurunsesi.net\/index.php\/2025\/12\/24\/esenler-belediyesinin-duzenledigi-6-esenler-film-festivali-odulleri-sahiplerini-buldu\/"},"author":{"name":"Memurun Sesi Haber Merkezi","@id":"https:\/\/memurunsesi.net\/#\/schema\/person\/f21c2d73b89f6ee1d80b0a1803e38587"},"headline":"Esenler Belediyesi&#8217;nin d\u00fczenledi\u011fi &#8216;6. Esenler Film Festivali&#8217; \u00f6d\u00fclleri sahiplerini buldu","datePublished":"2025-12-24T04:45:50+00:00","mainEntityOfPage":{"@id":"https:\/\/memurunsesi.net\/index.php\/2025\/12\/24\/esenler-belediyesinin-duzenledigi-6-esenler-film-festivali-odulleri-sahiplerini-buldu\/"},"wordCount":388,"commentCount":0,"publisher":{"@id":"https:\/\/memurunsesi.net\/#organization"},"image":{"@id":"https:\/\/memurunsesi.net\/index.php\/2025\/12\/24\/esenler-belediyesinin-duzenledigi-6-esenler-film-festivali-odulleri-sahiplerini-buldu\/#primaryimage"},"thumbnailUrl":"https:\/\/memurunsesi.net\/wp-content\/uploads\/2025\/12\/Film-Festivali-scaled.jpg","keywords":["Film Festivali"],"articleSection":["T\u00fcm Haberler"],"inLanguage":"tr","potentialAction":[{"@type":"CommentAction","name":"Comment","target":["https:\/\/memurunsesi.net\/index.php\/2025\/12\/24\/esenler-belediyesinin-duzenledigi-6-esenler-film-festivali-odulleri-sahiplerini-buldu\/#respond"]}]},{"@type":"WebPage","@id":"https:\/\/memurunsesi.net\/index.php\/2025\/12\/24\/esenler-belediyesinin-duzenledigi-6-esenler-film-festivali-odulleri-sahiplerini-buldu\/","url":"https:\/\/memurunsesi.net\/index.php\/2025\/12\/24\/esenler-belediyesinin-duzenledigi-6-esenler-film-festivali-odulleri-sahiplerini-buldu\/","name":"Esenler Belediyesi'nin d\u00fczenledi\u011fi '6. Esenler Film Festivali' \u00f6d\u00fclleri sahiplerini buldu - Memurun Sesi","isPartOf":{"@id":"https:\/\/memurunsesi.net\/#website"},"primaryImageOfPage":{"@id":"https:\/\/memurunsesi.net\/index.php\/2025\/12\/24\/esenler-belediyesinin-duzenledigi-6-esenler-film-festivali-odulleri-sahiplerini-buldu\/#primaryimage"},"image":{"@id":"https:\/\/memurunsesi.net\/index.php\/2025\/12\/24\/esenler-belediyesinin-duzenledigi-6-esenler-film-festivali-odulleri-sahiplerini-buldu\/#primaryimage"},"thumbnailUrl":"https:\/\/memurunsesi.net\/wp-content\/uploads\/2025\/12\/Film-Festivali-scaled.jpg","datePublished":"2025-12-24T04:45:50+00:00","description":"Esenler Belediyesi'nin d\u00fczenledi\u011fi '6. Esenler Film Festivali' \u00f6d\u00fclleri sahiplerini buldu","breadcrumb":{"@id":"https:\/\/memurunsesi.net\/index.php\/2025\/12\/24\/esenler-belediyesinin-duzenledigi-6-esenler-film-festivali-odulleri-sahiplerini-buldu\/#breadcrumb"},"inLanguage":"tr","potentialAction":[{"@type":"ReadAction","target":["https:\/\/memurunsesi.net\/index.php\/2025\/12\/24\/esenler-belediyesinin-duzenledigi-6-esenler-film-festivali-odulleri-sahiplerini-buldu\/"]}]},{"@type":"ImageObject","inLanguage":"tr","@id":"https:\/\/memurunsesi.net\/index.php\/2025\/12\/24\/esenler-belediyesinin-duzenledigi-6-esenler-film-festivali-odulleri-sahiplerini-buldu\/#primaryimage","url":"https:\/\/memurunsesi.net\/wp-content\/uploads\/2025\/12\/Film-Festivali-scaled.jpg","contentUrl":"https:\/\/memurunsesi.net\/wp-content\/uploads\/2025\/12\/Film-Festivali-scaled.jpg","width":2560,"height":1920,"caption":"ESENLER BELED\u0130YES\u0130 TARAFINDAN, BU YIL 6.'SI D\u00dcZENLENEN 'ESENLER F\u0130LM FEST\u0130VAL\u0130'NDE, \"KISA F\u0130LM YARI\u015eMASI\" VE \"KISA F\u0130LM YAPIM DESTE\u011e\u0130\" \u00d6D\u00dcLLER\u0130 SAH\u0130PLER\u0130N\u0130 BULDU. (\u0130HSAN ATE\u015eMEN\/\u0130STANBUL-\u0130HA) Esenler Belediyesi taraf\u0131ndan bu y\u0131l 6.'s\u0131 d\u00fczenlenen 'Esenler Film Festivali'nde \"K\u0131sa Film Yar\u0131\u015fmas\u0131\" ve \"K\u0131sa Film Yap\u0131m Deste\u011fi\" \u00f6d\u00fclleri sahiplerini buldu."},{"@type":"BreadcrumbList","@id":"https:\/\/memurunsesi.net\/index.php\/2025\/12\/24\/esenler-belediyesinin-duzenledigi-6-esenler-film-festivali-odulleri-sahiplerini-buldu\/#breadcrumb","itemListElement":[{"@type":"ListItem","position":1,"name":"Anasayfa","item":"https:\/\/memurunsesi.net\/"},{"@type":"ListItem","position":2,"name":"Esenler Belediyesi&#8217;nin d\u00fczenledi\u011fi &#8216;6. Esenler Film Festivali&#8217; \u00f6d\u00fclleri sahiplerini buldu"}]},{"@type":"WebSite","@id":"https:\/\/memurunsesi.net\/#website","url":"https:\/\/memurunsesi.net\/","name":"Memurun Sesi","description":"G\u00fcncel ve Do\u011fru Haber","publisher":{"@id":"https:\/\/memurunsesi.net\/#organization"},"potentialAction":[{"@type":"SearchAction","target":{"@type":"EntryPoint","urlTemplate":"https:\/\/memurunsesi.net\/?s={search_term_string}"},"query-input":{"@type":"PropertyValueSpecification","valueRequired":true,"valueName":"search_term_string"}}],"inLanguage":"tr"},{"@type":"Organization","@id":"https:\/\/memurunsesi.net\/#organization","name":"Memurun Sesi","url":"https:\/\/memurunsesi.net\/","logo":{"@type":"ImageObject","inLanguage":"tr","@id":"https:\/\/memurunsesi.net\/#\/schema\/logo\/image\/","url":"https:\/\/memurunsesi.net\/wp-content\/uploads\/2025\/11\/cropped-MEMURUN-SESI.png","contentUrl":"https:\/\/memurunsesi.net\/wp-content\/uploads\/2025\/11\/cropped-MEMURUN-SESI.png","width":238,"height":57,"caption":"Memurun Sesi"},"image":{"@id":"https:\/\/memurunsesi.net\/#\/schema\/logo\/image\/"},"sameAs":["https:\/\/www.facebook.com\/unipersen\/?locale=tr_TR","https:\/\/x.com\/unipersen"]},{"@type":"Person","@id":"https:\/\/memurunsesi.net\/#\/schema\/person\/f21c2d73b89f6ee1d80b0a1803e38587","name":"Memurun Sesi Haber Merkezi","image":{"@type":"ImageObject","inLanguage":"tr","@id":"https:\/\/secure.gravatar.com\/avatar\/6cf0505f452ee753f485014986fab09a434671d2b919ee76fc541025c5876a70?s=96&d=mm&r=g","url":"https:\/\/secure.gravatar.com\/avatar\/6cf0505f452ee753f485014986fab09a434671d2b919ee76fc541025c5876a70?s=96&d=mm&r=g","contentUrl":"https:\/\/secure.gravatar.com\/avatar\/6cf0505f452ee753f485014986fab09a434671d2b919ee76fc541025c5876a70?s=96&d=mm&r=g","caption":"Memurun Sesi Haber Merkezi"},"sameAs":["https:\/\/memurunsesi.net"],"url":"https:\/\/memurunsesi.net\/index.php\/author\/uniper\/"}]}},"_links":{"self":[{"href":"https:\/\/memurunsesi.net\/index.php\/wp-json\/wp\/v2\/posts\/15526","targetHints":{"allow":["GET"]}}],"collection":[{"href":"https:\/\/memurunsesi.net\/index.php\/wp-json\/wp\/v2\/posts"}],"about":[{"href":"https:\/\/memurunsesi.net\/index.php\/wp-json\/wp\/v2\/types\/post"}],"author":[{"embeddable":true,"href":"https:\/\/memurunsesi.net\/index.php\/wp-json\/wp\/v2\/users\/1"}],"replies":[{"embeddable":true,"href":"https:\/\/memurunsesi.net\/index.php\/wp-json\/wp\/v2\/comments?post=15526"}],"version-history":[{"count":1,"href":"https:\/\/memurunsesi.net\/index.php\/wp-json\/wp\/v2\/posts\/15526\/revisions"}],"predecessor-version":[{"id":15528,"href":"https:\/\/memurunsesi.net\/index.php\/wp-json\/wp\/v2\/posts\/15526\/revisions\/15528"}],"wp:featuredmedia":[{"embeddable":true,"href":"https:\/\/memurunsesi.net\/index.php\/wp-json\/wp\/v2\/media\/15527"}],"wp:attachment":[{"href":"https:\/\/memurunsesi.net\/index.php\/wp-json\/wp\/v2\/media?parent=15526"}],"wp:term":[{"taxonomy":"category","embeddable":true,"href":"https:\/\/memurunsesi.net\/index.php\/wp-json\/wp\/v2\/categories?post=15526"},{"taxonomy":"post_tag","embeddable":true,"href":"https:\/\/memurunsesi.net\/index.php\/wp-json\/wp\/v2\/tags?post=15526"}],"curies":[{"name":"wp","href":"https:\/\/api.w.org\/{rel}","templated":true}]}}