{"id":15530,"date":"2025-12-24T07:47:45","date_gmt":"2025-12-24T04:47:45","guid":{"rendered":"https:\/\/memurunsesi.net\/?p=15530"},"modified":"2025-12-24T07:47:45","modified_gmt":"2025-12-24T04:47:45","slug":"tokatta-otomobil-su-kanalina-dustu-1-yarali","status":"publish","type":"post","link":"https:\/\/memurunsesi.net\/index.php\/2025\/12\/24\/tokatta-otomobil-su-kanalina-dustu-1-yarali\/","title":{"rendered":"Tokat&#8217;ta otomobil su kanal\u0131na d\u00fc\u015ft\u00fc: 1 yaral\u0131"},"content":{"rendered":"<p>Tokat&#8217;ta kontrolden \u00e7\u0131kan otomobilin su kanal\u0131na d\u00fc\u015ft\u00fc\u011f\u00fc kazada 1 ki\u015fi yaraland\u0131.<br \/>\nKaza, Gezirlik Mahallesi&#8217;nde meydana geldi. \u0130ddiaya g\u00f6re, E.K. (27) idaresindeki 60 HY 966 plakal\u0131 otomobil, s\u00fcr\u00fcc\u00fcs\u00fcn\u00fcn direksiyon hakimiyetini kaybetmesi sonucu ara\u00e7 yol kenar\u0131ndaki su kanal\u0131na d\u00fc\u015ft\u00fc. Su kanal\u0131n\u0131n bo\u015f olmas\u0131 muhtemel faciay\u0131 \u00f6nledi. Kazada yaralanan s\u00fcr\u00fcc\u00fc, ihbar \u00fczerine olay yerine sevk edilen sa\u011fl\u0131k ekiplerince Tokat Devlet Hastanesi&#8217;ne kald\u0131r\u0131ld\u0131. E.K.&#8217;nin sa\u011fl\u0131k durumunun iyi oldu\u011fu \u00f6\u011frenilirken, kazayla ilgili inceleme ba\u015flat\u0131ld\u0131.<\/p>\n<p>23.12.2025<\/p>\n","protected":false},"excerpt":{"rendered":"<p>Tokat&#8217;ta kontrolden \u00e7\u0131kan otomobilin su kanal\u0131na d\u00fc\u015ft\u00fc\u011f\u00fc kazada 1 ki\u015fi yaraland\u0131. Kaza, Gezirlik Mahallesi&#8217;nde meydana geldi. \u0130ddiaya g\u00f6re, E.K. (27) idaresindeki 60 HY 966 plakal\u0131 otomobil, s\u00fcr\u00fcc\u00fcs\u00fcn\u00fcn direksiyon hakimiyetini kaybetmesi sonucu ara\u00e7 yol kenar\u0131ndaki su kanal\u0131na d\u00fc\u015ft\u00fc. Su kanal\u0131n\u0131n bo\u015f olmas\u0131 muhtemel faciay\u0131 \u00f6nledi. Kazada yaralanan s\u00fcr\u00fcc\u00fc, ihbar \u00fczerine olay yerine sevk edilen sa\u011fl\u0131k ekiplerince [&hellip;]<\/p>\n","protected":false},"author":1,"featured_media":15531,"comment_status":"open","ping_status":"open","sticky":false,"template":"","format":"standard","meta":{"footnotes":""},"categories":[50],"tags":[665],"class_list":["post-15530","post","type-post","status-publish","format-standard","has-post-thumbnail","hentry","category-tum-haberler","tag-otomobil-su-kanalina-dustu"],"yoast_head":"<!-- This site is optimized with the Yoast SEO plugin v27.4 - https:\/\/yoast.com\/product\/yoast-seo-wordpress\/ -->\n<title>Tokat&#039;ta otomobil su kanal\u0131na d\u00fc\u015ft\u00fc: 1 yaral\u0131 - Memurun Sesi<\/title>\n<meta name=\"description\" content=\"Tokat&#039;ta otomobil su kanal\u0131na d\u00fc\u015ft\u00fc: 1 yaral\u0131\" \/>\n<meta name=\"robots\" content=\"index, follow, max-snippet:-1, max-image-preview:large, max-video-preview:-1\" \/>\n<link rel=\"canonical\" href=\"https:\/\/memurunsesi.net\/index.php\/2025\/12\/24\/tokatta-otomobil-su-kanalina-dustu-1-yarali\/\" \/>\n<meta property=\"og:locale\" content=\"tr_TR\" \/>\n<meta property=\"og:type\" content=\"article\" \/>\n<meta property=\"og:title\" content=\"Tokat&#039;ta otomobil su kanal\u0131na d\u00fc\u015ft\u00fc: 1 yaral\u0131 - Memurun Sesi\" \/>\n<meta property=\"og:description\" content=\"Tokat&#039;ta otomobil su kanal\u0131na d\u00fc\u015ft\u00fc: 1 yaral\u0131\" \/>\n<meta property=\"og:url\" content=\"https:\/\/memurunsesi.net\/index.php\/2025\/12\/24\/tokatta-otomobil-su-kanalina-dustu-1-yarali\/\" \/>\n<meta property=\"og:site_name\" content=\"Memurun Sesi\" \/>\n<meta property=\"article:publisher\" content=\"https:\/\/www.facebook.com\/unipersen\/?locale=tr_TR\" \/>\n<meta property=\"article:published_time\" content=\"2025-12-24T04:47:45+00:00\" \/>\n<meta property=\"og:image\" content=\"https:\/\/memurunsesi.net\/wp-content\/uploads\/2025\/12\/su-scaled.jpg\" \/>\n\t<meta property=\"og:image:width\" content=\"2560\" \/>\n\t<meta property=\"og:image:height\" content=\"2149\" \/>\n\t<meta property=\"og:image:type\" content=\"image\/jpeg\" \/>\n<meta name=\"author\" content=\"Memurun Sesi Haber Merkezi\" \/>\n<meta name=\"twitter:card\" content=\"summary_large_image\" \/>\n<meta name=\"twitter:creator\" content=\"@unipersen\" \/>\n<meta name=\"twitter:site\" content=\"@unipersen\" \/>\n<meta name=\"twitter:label1\" content=\"Yazan:\" \/>\n\t<meta name=\"twitter:data1\" content=\"Memurun Sesi Haber Merkezi\" \/>\n\t<meta name=\"twitter:label2\" content=\"Tahmini okuma s\u00fcresi\" \/>\n\t<meta name=\"twitter:data2\" content=\"1 dakika\" \/>\n<script type=\"application\/ld+json\" class=\"yoast-schema-graph\">{\"@context\":\"https:\\\/\\\/schema.org\",\"@graph\":[{\"@type\":\"Article\",\"@id\":\"https:\\\/\\\/memurunsesi.net\\\/index.php\\\/2025\\\/12\\\/24\\\/tokatta-otomobil-su-kanalina-dustu-1-yarali\\\/#article\",\"isPartOf\":{\"@id\":\"https:\\\/\\\/memurunsesi.net\\\/index.php\\\/2025\\\/12\\\/24\\\/tokatta-otomobil-su-kanalina-dustu-1-yarali\\\/\"},\"author\":{\"name\":\"Memurun Sesi Haber Merkezi\",\"@id\":\"https:\\\/\\\/memurunsesi.net\\\/#\\\/schema\\\/person\\\/f21c2d73b89f6ee1d80b0a1803e38587\"},\"headline\":\"Tokat&#8217;ta otomobil su kanal\u0131na d\u00fc\u015ft\u00fc: 1 yaral\u0131\",\"datePublished\":\"2025-12-24T04:47:45+00:00\",\"mainEntityOfPage\":{\"@id\":\"https:\\\/\\\/memurunsesi.net\\\/index.php\\\/2025\\\/12\\\/24\\\/tokatta-otomobil-su-kanalina-dustu-1-yarali\\\/\"},\"wordCount\":105,\"commentCount\":0,\"publisher\":{\"@id\":\"https:\\\/\\\/memurunsesi.net\\\/#organization\"},\"image\":{\"@id\":\"https:\\\/\\\/memurunsesi.net\\\/index.php\\\/2025\\\/12\\\/24\\\/tokatta-otomobil-su-kanalina-dustu-1-yarali\\\/#primaryimage\"},\"thumbnailUrl\":\"https:\\\/\\\/memurunsesi.net\\\/wp-content\\\/uploads\\\/2025\\\/12\\\/su-scaled.jpg\",\"keywords\":[\"otomobil su kanal\u0131na d\u00fc\u015ft\u00fc\"],\"articleSection\":[\"T\u00fcm Haberler\"],\"inLanguage\":\"tr\",\"potentialAction\":[{\"@type\":\"CommentAction\",\"name\":\"Comment\",\"target\":[\"https:\\\/\\\/memurunsesi.net\\\/index.php\\\/2025\\\/12\\\/24\\\/tokatta-otomobil-su-kanalina-dustu-1-yarali\\\/#respond\"]}]},{\"@type\":\"WebPage\",\"@id\":\"https:\\\/\\\/memurunsesi.net\\\/index.php\\\/2025\\\/12\\\/24\\\/tokatta-otomobil-su-kanalina-dustu-1-yarali\\\/\",\"url\":\"https:\\\/\\\/memurunsesi.net\\\/index.php\\\/2025\\\/12\\\/24\\\/tokatta-otomobil-su-kanalina-dustu-1-yarali\\\/\",\"name\":\"Tokat'ta otomobil su kanal\u0131na d\u00fc\u015ft\u00fc: 1 yaral\u0131 - Memurun Sesi\",\"isPartOf\":{\"@id\":\"https:\\\/\\\/memurunsesi.net\\\/#website\"},\"primaryImageOfPage\":{\"@id\":\"https:\\\/\\\/memurunsesi.net\\\/index.php\\\/2025\\\/12\\\/24\\\/tokatta-otomobil-su-kanalina-dustu-1-yarali\\\/#primaryimage\"},\"image\":{\"@id\":\"https:\\\/\\\/memurunsesi.net\\\/index.php\\\/2025\\\/12\\\/24\\\/tokatta-otomobil-su-kanalina-dustu-1-yarali\\\/#primaryimage\"},\"thumbnailUrl\":\"https:\\\/\\\/memurunsesi.net\\\/wp-content\\\/uploads\\\/2025\\\/12\\\/su-scaled.jpg\",\"datePublished\":\"2025-12-24T04:47:45+00:00\",\"description\":\"Tokat'ta otomobil su kanal\u0131na d\u00fc\u015ft\u00fc: 1 yaral\u0131\",\"breadcrumb\":{\"@id\":\"https:\\\/\\\/memurunsesi.net\\\/index.php\\\/2025\\\/12\\\/24\\\/tokatta-otomobil-su-kanalina-dustu-1-yarali\\\/#breadcrumb\"},\"inLanguage\":\"tr\",\"potentialAction\":[{\"@type\":\"ReadAction\",\"target\":[\"https:\\\/\\\/memurunsesi.net\\\/index.php\\\/2025\\\/12\\\/24\\\/tokatta-otomobil-su-kanalina-dustu-1-yarali\\\/\"]}]},{\"@type\":\"ImageObject\",\"inLanguage\":\"tr\",\"@id\":\"https:\\\/\\\/memurunsesi.net\\\/index.php\\\/2025\\\/12\\\/24\\\/tokatta-otomobil-su-kanalina-dustu-1-yarali\\\/#primaryimage\",\"url\":\"https:\\\/\\\/memurunsesi.net\\\/wp-content\\\/uploads\\\/2025\\\/12\\\/su-scaled.jpg\",\"contentUrl\":\"https:\\\/\\\/memurunsesi.net\\\/wp-content\\\/uploads\\\/2025\\\/12\\\/su-scaled.jpg\",\"width\":2560,\"height\":2149,\"caption\":\"TOKAT (\u0130HA) - TOKAT'TA AK\u015eAM SAATLER\u0130NDE MEYDANA GELEN TRAF\u0130K KAZASINDA B\u0130R OTOMOB\u0130L SU KANALINA D\u00dc\u015eT\u00dc. (YAS\u0130N KIRAS\\\/TOKAT-\u0130HA) Tokat'ta kontrolden \u00e7\u0131kan otomobilin su kanal\u0131na d\u00fc\u015ft\u00fc\u011f\u00fc kazada 1 ki\u015fi yaraland\u0131.\"},{\"@type\":\"BreadcrumbList\",\"@id\":\"https:\\\/\\\/memurunsesi.net\\\/index.php\\\/2025\\\/12\\\/24\\\/tokatta-otomobil-su-kanalina-dustu-1-yarali\\\/#breadcrumb\",\"itemListElement\":[{\"@type\":\"ListItem\",\"position\":1,\"name\":\"Anasayfa\",\"item\":\"https:\\\/\\\/memurunsesi.net\\\/\"},{\"@type\":\"ListItem\",\"position\":2,\"name\":\"Tokat&#8217;ta otomobil su kanal\u0131na d\u00fc\u015ft\u00fc: 1 yaral\u0131\"}]},{\"@type\":\"WebSite\",\"@id\":\"https:\\\/\\\/memurunsesi.net\\\/#website\",\"url\":\"https:\\\/\\\/memurunsesi.net\\\/\",\"name\":\"Memurun Sesi\",\"description\":\"G\u00fcncel ve Do\u011fru Haber\",\"publisher\":{\"@id\":\"https:\\\/\\\/memurunsesi.net\\\/#organization\"},\"potentialAction\":[{\"@type\":\"SearchAction\",\"target\":{\"@type\":\"EntryPoint\",\"urlTemplate\":\"https:\\\/\\\/memurunsesi.net\\\/?s={search_term_string}\"},\"query-input\":{\"@type\":\"PropertyValueSpecification\",\"valueRequired\":true,\"valueName\":\"search_term_string\"}}],\"inLanguage\":\"tr\"},{\"@type\":\"Organization\",\"@id\":\"https:\\\/\\\/memurunsesi.net\\\/#organization\",\"name\":\"Memurun Sesi\",\"url\":\"https:\\\/\\\/memurunsesi.net\\\/\",\"logo\":{\"@type\":\"ImageObject\",\"inLanguage\":\"tr\",\"@id\":\"https:\\\/\\\/memurunsesi.net\\\/#\\\/schema\\\/logo\\\/image\\\/\",\"url\":\"https:\\\/\\\/memurunsesi.net\\\/wp-content\\\/uploads\\\/2025\\\/11\\\/cropped-MEMURUN-SESI.png\",\"contentUrl\":\"https:\\\/\\\/memurunsesi.net\\\/wp-content\\\/uploads\\\/2025\\\/11\\\/cropped-MEMURUN-SESI.png\",\"width\":238,\"height\":57,\"caption\":\"Memurun Sesi\"},\"image\":{\"@id\":\"https:\\\/\\\/memurunsesi.net\\\/#\\\/schema\\\/logo\\\/image\\\/\"},\"sameAs\":[\"https:\\\/\\\/www.facebook.com\\\/unipersen\\\/?locale=tr_TR\",\"https:\\\/\\\/x.com\\\/unipersen\"]},{\"@type\":\"Person\",\"@id\":\"https:\\\/\\\/memurunsesi.net\\\/#\\\/schema\\\/person\\\/f21c2d73b89f6ee1d80b0a1803e38587\",\"name\":\"Memurun Sesi Haber Merkezi\",\"image\":{\"@type\":\"ImageObject\",\"inLanguage\":\"tr\",\"@id\":\"https:\\\/\\\/secure.gravatar.com\\\/avatar\\\/6cf0505f452ee753f485014986fab09a434671d2b919ee76fc541025c5876a70?s=96&d=mm&r=g\",\"url\":\"https:\\\/\\\/secure.gravatar.com\\\/avatar\\\/6cf0505f452ee753f485014986fab09a434671d2b919ee76fc541025c5876a70?s=96&d=mm&r=g\",\"contentUrl\":\"https:\\\/\\\/secure.gravatar.com\\\/avatar\\\/6cf0505f452ee753f485014986fab09a434671d2b919ee76fc541025c5876a70?s=96&d=mm&r=g\",\"caption\":\"Memurun Sesi Haber Merkezi\"},\"sameAs\":[\"https:\\\/\\\/memurunsesi.net\"],\"url\":\"https:\\\/\\\/memurunsesi.net\\\/index.php\\\/author\\\/uniper\\\/\"}]}<\/script>\n<!-- \/ Yoast SEO plugin. -->","yoast_head_json":{"title":"Tokat'ta otomobil su kanal\u0131na d\u00fc\u015ft\u00fc: 1 yaral\u0131 - Memurun Sesi","description":"Tokat'ta otomobil su kanal\u0131na d\u00fc\u015ft\u00fc: 1 yaral\u0131","robots":{"index":"index","follow":"follow","max-snippet":"max-snippet:-1","max-image-preview":"max-image-preview:large","max-video-preview":"max-video-preview:-1"},"canonical":"https:\/\/memurunsesi.net\/index.php\/2025\/12\/24\/tokatta-otomobil-su-kanalina-dustu-1-yarali\/","og_locale":"tr_TR","og_type":"article","og_title":"Tokat'ta otomobil su kanal\u0131na d\u00fc\u015ft\u00fc: 1 yaral\u0131 - Memurun Sesi","og_description":"Tokat'ta otomobil su kanal\u0131na d\u00fc\u015ft\u00fc: 1 yaral\u0131","og_url":"https:\/\/memurunsesi.net\/index.php\/2025\/12\/24\/tokatta-otomobil-su-kanalina-dustu-1-yarali\/","og_site_name":"Memurun Sesi","article_publisher":"https:\/\/www.facebook.com\/unipersen\/?locale=tr_TR","article_published_time":"2025-12-24T04:47:45+00:00","og_image":[{"width":2560,"height":2149,"url":"https:\/\/memurunsesi.net\/wp-content\/uploads\/2025\/12\/su-scaled.jpg","type":"image\/jpeg"}],"author":"Memurun Sesi Haber Merkezi","twitter_card":"summary_large_image","twitter_creator":"@unipersen","twitter_site":"@unipersen","twitter_misc":{"Yazan:":"Memurun Sesi Haber Merkezi","Tahmini okuma s\u00fcresi":"1 dakika"},"schema":{"@context":"https:\/\/schema.org","@graph":[{"@type":"Article","@id":"https:\/\/memurunsesi.net\/index.php\/2025\/12\/24\/tokatta-otomobil-su-kanalina-dustu-1-yarali\/#article","isPartOf":{"@id":"https:\/\/memurunsesi.net\/index.php\/2025\/12\/24\/tokatta-otomobil-su-kanalina-dustu-1-yarali\/"},"author":{"name":"Memurun Sesi Haber Merkezi","@id":"https:\/\/memurunsesi.net\/#\/schema\/person\/f21c2d73b89f6ee1d80b0a1803e38587"},"headline":"Tokat&#8217;ta otomobil su kanal\u0131na d\u00fc\u015ft\u00fc: 1 yaral\u0131","datePublished":"2025-12-24T04:47:45+00:00","mainEntityOfPage":{"@id":"https:\/\/memurunsesi.net\/index.php\/2025\/12\/24\/tokatta-otomobil-su-kanalina-dustu-1-yarali\/"},"wordCount":105,"commentCount":0,"publisher":{"@id":"https:\/\/memurunsesi.net\/#organization"},"image":{"@id":"https:\/\/memurunsesi.net\/index.php\/2025\/12\/24\/tokatta-otomobil-su-kanalina-dustu-1-yarali\/#primaryimage"},"thumbnailUrl":"https:\/\/memurunsesi.net\/wp-content\/uploads\/2025\/12\/su-scaled.jpg","keywords":["otomobil su kanal\u0131na d\u00fc\u015ft\u00fc"],"articleSection":["T\u00fcm Haberler"],"inLanguage":"tr","potentialAction":[{"@type":"CommentAction","name":"Comment","target":["https:\/\/memurunsesi.net\/index.php\/2025\/12\/24\/tokatta-otomobil-su-kanalina-dustu-1-yarali\/#respond"]}]},{"@type":"WebPage","@id":"https:\/\/memurunsesi.net\/index.php\/2025\/12\/24\/tokatta-otomobil-su-kanalina-dustu-1-yarali\/","url":"https:\/\/memurunsesi.net\/index.php\/2025\/12\/24\/tokatta-otomobil-su-kanalina-dustu-1-yarali\/","name":"Tokat'ta otomobil su kanal\u0131na d\u00fc\u015ft\u00fc: 1 yaral\u0131 - Memurun Sesi","isPartOf":{"@id":"https:\/\/memurunsesi.net\/#website"},"primaryImageOfPage":{"@id":"https:\/\/memurunsesi.net\/index.php\/2025\/12\/24\/tokatta-otomobil-su-kanalina-dustu-1-yarali\/#primaryimage"},"image":{"@id":"https:\/\/memurunsesi.net\/index.php\/2025\/12\/24\/tokatta-otomobil-su-kanalina-dustu-1-yarali\/#primaryimage"},"thumbnailUrl":"https:\/\/memurunsesi.net\/wp-content\/uploads\/2025\/12\/su-scaled.jpg","datePublished":"2025-12-24T04:47:45+00:00","description":"Tokat'ta otomobil su kanal\u0131na d\u00fc\u015ft\u00fc: 1 yaral\u0131","breadcrumb":{"@id":"https:\/\/memurunsesi.net\/index.php\/2025\/12\/24\/tokatta-otomobil-su-kanalina-dustu-1-yarali\/#breadcrumb"},"inLanguage":"tr","potentialAction":[{"@type":"ReadAction","target":["https:\/\/memurunsesi.net\/index.php\/2025\/12\/24\/tokatta-otomobil-su-kanalina-dustu-1-yarali\/"]}]},{"@type":"ImageObject","inLanguage":"tr","@id":"https:\/\/memurunsesi.net\/index.php\/2025\/12\/24\/tokatta-otomobil-su-kanalina-dustu-1-yarali\/#primaryimage","url":"https:\/\/memurunsesi.net\/wp-content\/uploads\/2025\/12\/su-scaled.jpg","contentUrl":"https:\/\/memurunsesi.net\/wp-content\/uploads\/2025\/12\/su-scaled.jpg","width":2560,"height":2149,"caption":"TOKAT (\u0130HA) - TOKAT'TA AK\u015eAM SAATLER\u0130NDE MEYDANA GELEN TRAF\u0130K KAZASINDA B\u0130R OTOMOB\u0130L SU KANALINA D\u00dc\u015eT\u00dc. (YAS\u0130N KIRAS\/TOKAT-\u0130HA) Tokat'ta kontrolden \u00e7\u0131kan otomobilin su kanal\u0131na d\u00fc\u015ft\u00fc\u011f\u00fc kazada 1 ki\u015fi yaraland\u0131."},{"@type":"BreadcrumbList","@id":"https:\/\/memurunsesi.net\/index.php\/2025\/12\/24\/tokatta-otomobil-su-kanalina-dustu-1-yarali\/#breadcrumb","itemListElement":[{"@type":"ListItem","position":1,"name":"Anasayfa","item":"https:\/\/memurunsesi.net\/"},{"@type":"ListItem","position":2,"name":"Tokat&#8217;ta otomobil su kanal\u0131na d\u00fc\u015ft\u00fc: 1 yaral\u0131"}]},{"@type":"WebSite","@id":"https:\/\/memurunsesi.net\/#website","url":"https:\/\/memurunsesi.net\/","name":"Memurun Sesi","description":"G\u00fcncel ve Do\u011fru Haber","publisher":{"@id":"https:\/\/memurunsesi.net\/#organization"},"potentialAction":[{"@type":"SearchAction","target":{"@type":"EntryPoint","urlTemplate":"https:\/\/memurunsesi.net\/?s={search_term_string}"},"query-input":{"@type":"PropertyValueSpecification","valueRequired":true,"valueName":"search_term_string"}}],"inLanguage":"tr"},{"@type":"Organization","@id":"https:\/\/memurunsesi.net\/#organization","name":"Memurun Sesi","url":"https:\/\/memurunsesi.net\/","logo":{"@type":"ImageObject","inLanguage":"tr","@id":"https:\/\/memurunsesi.net\/#\/schema\/logo\/image\/","url":"https:\/\/memurunsesi.net\/wp-content\/uploads\/2025\/11\/cropped-MEMURUN-SESI.png","contentUrl":"https:\/\/memurunsesi.net\/wp-content\/uploads\/2025\/11\/cropped-MEMURUN-SESI.png","width":238,"height":57,"caption":"Memurun Sesi"},"image":{"@id":"https:\/\/memurunsesi.net\/#\/schema\/logo\/image\/"},"sameAs":["https:\/\/www.facebook.com\/unipersen\/?locale=tr_TR","https:\/\/x.com\/unipersen"]},{"@type":"Person","@id":"https:\/\/memurunsesi.net\/#\/schema\/person\/f21c2d73b89f6ee1d80b0a1803e38587","name":"Memurun Sesi Haber Merkezi","image":{"@type":"ImageObject","inLanguage":"tr","@id":"https:\/\/secure.gravatar.com\/avatar\/6cf0505f452ee753f485014986fab09a434671d2b919ee76fc541025c5876a70?s=96&d=mm&r=g","url":"https:\/\/secure.gravatar.com\/avatar\/6cf0505f452ee753f485014986fab09a434671d2b919ee76fc541025c5876a70?s=96&d=mm&r=g","contentUrl":"https:\/\/secure.gravatar.com\/avatar\/6cf0505f452ee753f485014986fab09a434671d2b919ee76fc541025c5876a70?s=96&d=mm&r=g","caption":"Memurun Sesi Haber Merkezi"},"sameAs":["https:\/\/memurunsesi.net"],"url":"https:\/\/memurunsesi.net\/index.php\/author\/uniper\/"}]}},"_links":{"self":[{"href":"https:\/\/memurunsesi.net\/index.php\/wp-json\/wp\/v2\/posts\/15530","targetHints":{"allow":["GET"]}}],"collection":[{"href":"https:\/\/memurunsesi.net\/index.php\/wp-json\/wp\/v2\/posts"}],"about":[{"href":"https:\/\/memurunsesi.net\/index.php\/wp-json\/wp\/v2\/types\/post"}],"author":[{"embeddable":true,"href":"https:\/\/memurunsesi.net\/index.php\/wp-json\/wp\/v2\/users\/1"}],"replies":[{"embeddable":true,"href":"https:\/\/memurunsesi.net\/index.php\/wp-json\/wp\/v2\/comments?post=15530"}],"version-history":[{"count":1,"href":"https:\/\/memurunsesi.net\/index.php\/wp-json\/wp\/v2\/posts\/15530\/revisions"}],"predecessor-version":[{"id":15532,"href":"https:\/\/memurunsesi.net\/index.php\/wp-json\/wp\/v2\/posts\/15530\/revisions\/15532"}],"wp:featuredmedia":[{"embeddable":true,"href":"https:\/\/memurunsesi.net\/index.php\/wp-json\/wp\/v2\/media\/15531"}],"wp:attachment":[{"href":"https:\/\/memurunsesi.net\/index.php\/wp-json\/wp\/v2\/media?parent=15530"}],"wp:term":[{"taxonomy":"category","embeddable":true,"href":"https:\/\/memurunsesi.net\/index.php\/wp-json\/wp\/v2\/categories?post=15530"},{"taxonomy":"post_tag","embeddable":true,"href":"https:\/\/memurunsesi.net\/index.php\/wp-json\/wp\/v2\/tags?post=15530"}],"curies":[{"name":"wp","href":"https:\/\/api.w.org\/{rel}","templated":true}]}}