{"id":15536,"date":"2025-12-24T07:51:27","date_gmt":"2025-12-24T04:51:27","guid":{"rendered":"https:\/\/memurunsesi.net\/?p=15536"},"modified":"2025-12-24T07:51:27","modified_gmt":"2025-12-24T04:51:27","slug":"masalsi-yolculugun-son-duragi-turistik-dogu-ekspresi-karsta-coskuyla-karsilandi","status":"publish","type":"post","link":"https:\/\/memurunsesi.net\/index.php\/2025\/12\/24\/masalsi-yolculugun-son-duragi-turistik-dogu-ekspresi-karsta-coskuyla-karsilandi\/","title":{"rendered":"Masals\u0131 yolculu\u011fun son dura\u011f\u0131: Turistik Do\u011fu Ekspresi Kars\u2019ta co\u015fkuyla kar\u015f\u0131land\u0131"},"content":{"rendered":"<p>T\u00fcrkiye\u2019nin en prestijli demiryolu rotalar\u0131ndan biri olan ve Ankara\u2019dan yola \u00e7\u0131kan Turistik Do\u011fu Ekspresi, k\u0131\u015f sezonunun en yo\u011fun seferlerinden birini tamamlayarak son dura\u011f\u0131 olan Kars\u2019a ula\u015ft\u0131.<br \/>\nYakla\u015f\u0131k bin 300 kilometrelik etkileyici bir parkuru geride b\u0131rakan tren, Kars Gar\u0131\u2019nda b\u00fcy\u00fck bir co\u015fkuyla kar\u015f\u0131land\u0131. Yolcular\u0131 Kars Gar\u0131\u2019nda kar\u015f\u0131layan Vali Ziya Polat, yolculara ho\u015f geldin dileklerini ileterek karanfil takdim etti.<br \/>\nKars\u2019a Ankara\u2019da geldi\u011fini ifade eden \u0130rem B\u00fc\u011fr\u00fc, &#8220;Ankara\u2019da Kars\u2019a turistik tren ile geldik. Her \u015fey \u00e7ok g\u00fczeldi. \u00c7ok g\u00fczel kar\u015f\u0131land\u0131k. Kars halk\u0131na te\u015fekk\u00fcr ediyorum&#8221; dedi.<\/p>\n<p>&#8220;Sevgi dolu s\u0131cak bir kar\u015f\u0131lama ile bu ayaz\u0131 hi\u00e7 hissetmedik&#8221;<br \/>\nTuristik Do\u011fu Ekspresi ile Kars\u2019a gelen TCDD Ta\u015f\u0131mac\u0131l\u0131k Genel M\u00fcd\u00fcr Yard\u0131mc\u0131s\u0131 \u015eems \u00c7ak\u0131ro\u011flu, &#8220;Biz Kars\u2019a trenimizi d\u00fcn Ankara\u2019dan 13.55\u2019de yola \u00e7\u0131kard\u0131k. Y\u00fczlerce ki\u015fiyle beraber inan\u0131lmaz keyifli, ne\u015feli bir yolculukla buraya kadar geldik. \u00d6ncesinde Erzincan\u2019a u\u011frad\u0131k. Erzurum\u2019a u\u011frad\u0131k. Kars\u2019a geldik, inan\u0131lmaz sevgi dolu s\u0131cak bir kar\u015f\u0131lama ile bu ayaz\u0131 hi\u00e7 hissetmedik. \u00c7ok te\u015fekk\u00fcr ediyorum&#8221; diye konu\u015ftu.<br \/>\nKars\u2019\u0131n marka \u015fehir oldu\u011funu dikkat \u00e7eken Vali Ziya Polat, &#8220;Kars\u2019\u0131n so\u011fuk gecesinde s\u0131cak bir kar\u015f\u0131lama ile Turistik Do\u011fu Ekspresi Kars\u2019a, Kars\u2019ta Turistik Do\u011fu Ekspresi\u2019ne kavu\u015ftu. Tabi Kars\u2019\u0131n en \u00f6nemli turizm markalar\u0131ndan biri olan Turistik Do\u011fu Ekspresi buraya yolcu edenlere te\u015fekk\u00fcr ediyoruz. Gazi Kars\u2019\u0131m\u0131z Ani, \u00c7\u0131ld\u0131r, Sar\u0131kam\u0131\u015f, \u015eehitler diyar\u0131 Balt\u0131k mimarisi ile bu b\u00f6lgenin, \u00fclkemizin en \u00f6nemli turizm destinasyonlar\u0131ndan biri art\u0131k, bu turizm merkezi olma yolunda tabi ki Turistik Do\u011fu Ekspresi ba\u015flang\u0131\u00e7 noktas\u0131, buraya \u00e7ok b\u00fcy\u00fck bir marka katt\u0131\u011f\u0131n\u0131 hepimiz biliyoruz. Kars\u2019a gelen misafirlerimize ho\u015f geldiniz diyoruz&#8221; \u015feklinde konu\u015ftu.<br \/>\nDaha sonra gar binas\u0131na ge\u00e7en yolcular\u0131 burada a\u015f\u0131klar t\u00fcrk\u00fcleriyle kar\u015f\u0131lad\u0131. Yolcular son olarak \u00e7\u0131k\u0131\u015ft\u0131 ate\u015fle yak\u0131lan Kars yaz\u0131s\u0131yla otellerine u\u011furland\u0131.<br \/>\n\u00d6te yandan, Turistik Do\u011fu Ekspresi\u2019nin \u015fehre geli\u015fiyle birlikte Kars\u2019taki otellerde doluluk oranlar\u0131 y\u00fczde 100 seviyesine ula\u015ft\u0131. Geceyi Kars\u2019ta ge\u00e7irecek olan yolcular sabah\u0131n \u0131\u015f\u0131klar\u0131yla s\u0131ras\u0131yla UNESCO D\u00fcnya Miras Listesi\u2019ndeki tarihi \u015fehir Ani \u00d6ren Yerini gezecek. Donmu\u015f \u00c7\u0131ld\u0131r G\u00f6l\u00fc \u00fczerinde atl\u0131 k\u0131zak keyfi yapacak. Kars Mutfa\u011f\u0131n\u0131n olmazsa olmaz\u0131 Kaz eti ve gibi y\u00f6resel lezzetlerin tad\u0131na bakacak.<\/p>\n<p>24.12.2025<\/p>\n","protected":false},"excerpt":{"rendered":"<p>T\u00fcrkiye\u2019nin en prestijli demiryolu rotalar\u0131ndan biri olan ve Ankara\u2019dan yola \u00e7\u0131kan Turistik Do\u011fu Ekspresi, k\u0131\u015f sezonunun en yo\u011fun seferlerinden birini tamamlayarak son dura\u011f\u0131 olan Kars\u2019a ula\u015ft\u0131. Yakla\u015f\u0131k bin 300 kilometrelik etkileyici bir parkuru geride b\u0131rakan tren, Kars Gar\u0131\u2019nda b\u00fcy\u00fck bir co\u015fkuyla kar\u015f\u0131land\u0131. Yolcular\u0131 Kars Gar\u0131\u2019nda kar\u015f\u0131layan Vali Ziya Polat, yolculara ho\u015f geldin dileklerini ileterek karanfil [&hellip;]<\/p>\n","protected":false},"author":1,"featured_media":15537,"comment_status":"open","ping_status":"open","sticky":false,"template":"","format":"standard","meta":{"footnotes":""},"categories":[1],"tags":[668,669],"class_list":["post-15536","post","type-post","status-publish","format-standard","has-post-thumbnail","hentry","category-genel","tag-masalsi-yolculugun-son-duragi","tag-turistik-dogu-ekspresi-karsta-coskuyla-karsilandi"],"yoast_head":"<!-- This site is optimized with the Yoast SEO plugin v27.4 - https:\/\/yoast.com\/product\/yoast-seo-wordpress\/ -->\n<title>Masals\u0131 yolculu\u011fun son dura\u011f\u0131: Turistik Do\u011fu Ekspresi Kars\u2019ta co\u015fkuyla kar\u015f\u0131land\u0131 - Memurun Sesi<\/title>\n<meta name=\"description\" content=\"Masals\u0131 yolculu\u011fun son dura\u011f\u0131, Turistik Do\u011fu Ekspresi Kars\u2019ta co\u015fkuyla kar\u015f\u0131land\u0131\" \/>\n<meta name=\"robots\" content=\"index, follow, max-snippet:-1, max-image-preview:large, max-video-preview:-1\" \/>\n<link rel=\"canonical\" href=\"https:\/\/memurunsesi.net\/index.php\/2025\/12\/24\/masalsi-yolculugun-son-duragi-turistik-dogu-ekspresi-karsta-coskuyla-karsilandi\/\" \/>\n<meta property=\"og:locale\" content=\"tr_TR\" \/>\n<meta property=\"og:type\" content=\"article\" \/>\n<meta property=\"og:title\" content=\"Masals\u0131 yolculu\u011fun son dura\u011f\u0131: Turistik Do\u011fu Ekspresi Kars\u2019ta co\u015fkuyla kar\u015f\u0131land\u0131 - Memurun Sesi\" \/>\n<meta property=\"og:description\" content=\"Masals\u0131 yolculu\u011fun son dura\u011f\u0131, Turistik Do\u011fu Ekspresi Kars\u2019ta co\u015fkuyla kar\u015f\u0131land\u0131\" \/>\n<meta property=\"og:url\" content=\"https:\/\/memurunsesi.net\/index.php\/2025\/12\/24\/masalsi-yolculugun-son-duragi-turistik-dogu-ekspresi-karsta-coskuyla-karsilandi\/\" \/>\n<meta property=\"og:site_name\" content=\"Memurun Sesi\" \/>\n<meta property=\"article:publisher\" content=\"https:\/\/www.facebook.com\/unipersen\/?locale=tr_TR\" \/>\n<meta property=\"article:published_time\" content=\"2025-12-24T04:51:27+00:00\" \/>\n<meta property=\"og:image\" content=\"https:\/\/memurunsesi.net\/wp-content\/uploads\/2025\/12\/tren.jpg\" \/>\n\t<meta property=\"og:image:width\" content=\"1600\" \/>\n\t<meta property=\"og:image:height\" content=\"1062\" \/>\n\t<meta property=\"og:image:type\" content=\"image\/jpeg\" \/>\n<meta name=\"author\" content=\"Memurun Sesi Haber Merkezi\" \/>\n<meta name=\"twitter:card\" content=\"summary_large_image\" \/>\n<meta name=\"twitter:creator\" content=\"@unipersen\" \/>\n<meta name=\"twitter:site\" content=\"@unipersen\" \/>\n<meta name=\"twitter:label1\" content=\"Yazan:\" \/>\n\t<meta name=\"twitter:data1\" content=\"Memurun Sesi Haber Merkezi\" \/>\n\t<meta name=\"twitter:label2\" content=\"Tahmini okuma s\u00fcresi\" \/>\n\t<meta name=\"twitter:data2\" content=\"3 dakika\" \/>\n<script type=\"application\/ld+json\" class=\"yoast-schema-graph\">{\"@context\":\"https:\\\/\\\/schema.org\",\"@graph\":[{\"@type\":\"Article\",\"@id\":\"https:\\\/\\\/memurunsesi.net\\\/index.php\\\/2025\\\/12\\\/24\\\/masalsi-yolculugun-son-duragi-turistik-dogu-ekspresi-karsta-coskuyla-karsilandi\\\/#article\",\"isPartOf\":{\"@id\":\"https:\\\/\\\/memurunsesi.net\\\/index.php\\\/2025\\\/12\\\/24\\\/masalsi-yolculugun-son-duragi-turistik-dogu-ekspresi-karsta-coskuyla-karsilandi\\\/\"},\"author\":{\"name\":\"Memurun Sesi Haber Merkezi\",\"@id\":\"https:\\\/\\\/memurunsesi.net\\\/#\\\/schema\\\/person\\\/f21c2d73b89f6ee1d80b0a1803e38587\"},\"headline\":\"Masals\u0131 yolculu\u011fun son dura\u011f\u0131: Turistik Do\u011fu Ekspresi Kars\u2019ta co\u015fkuyla kar\u015f\u0131land\u0131\",\"datePublished\":\"2025-12-24T04:51:27+00:00\",\"mainEntityOfPage\":{\"@id\":\"https:\\\/\\\/memurunsesi.net\\\/index.php\\\/2025\\\/12\\\/24\\\/masalsi-yolculugun-son-duragi-turistik-dogu-ekspresi-karsta-coskuyla-karsilandi\\\/\"},\"wordCount\":451,\"commentCount\":0,\"publisher\":{\"@id\":\"https:\\\/\\\/memurunsesi.net\\\/#organization\"},\"image\":{\"@id\":\"https:\\\/\\\/memurunsesi.net\\\/index.php\\\/2025\\\/12\\\/24\\\/masalsi-yolculugun-son-duragi-turistik-dogu-ekspresi-karsta-coskuyla-karsilandi\\\/#primaryimage\"},\"thumbnailUrl\":\"https:\\\/\\\/memurunsesi.net\\\/wp-content\\\/uploads\\\/2025\\\/12\\\/tren.jpg\",\"keywords\":[\"Masals\u0131 yolculu\u011fun son dura\u011f\u0131\",\"Turistik Do\u011fu Ekspresi Kars\u2019ta co\u015fkuyla kar\u015f\u0131land\u0131\"],\"inLanguage\":\"tr\",\"potentialAction\":[{\"@type\":\"CommentAction\",\"name\":\"Comment\",\"target\":[\"https:\\\/\\\/memurunsesi.net\\\/index.php\\\/2025\\\/12\\\/24\\\/masalsi-yolculugun-son-duragi-turistik-dogu-ekspresi-karsta-coskuyla-karsilandi\\\/#respond\"]}]},{\"@type\":\"WebPage\",\"@id\":\"https:\\\/\\\/memurunsesi.net\\\/index.php\\\/2025\\\/12\\\/24\\\/masalsi-yolculugun-son-duragi-turistik-dogu-ekspresi-karsta-coskuyla-karsilandi\\\/\",\"url\":\"https:\\\/\\\/memurunsesi.net\\\/index.php\\\/2025\\\/12\\\/24\\\/masalsi-yolculugun-son-duragi-turistik-dogu-ekspresi-karsta-coskuyla-karsilandi\\\/\",\"name\":\"Masals\u0131 yolculu\u011fun son dura\u011f\u0131: Turistik Do\u011fu Ekspresi Kars\u2019ta co\u015fkuyla kar\u015f\u0131land\u0131 - Memurun Sesi\",\"isPartOf\":{\"@id\":\"https:\\\/\\\/memurunsesi.net\\\/#website\"},\"primaryImageOfPage\":{\"@id\":\"https:\\\/\\\/memurunsesi.net\\\/index.php\\\/2025\\\/12\\\/24\\\/masalsi-yolculugun-son-duragi-turistik-dogu-ekspresi-karsta-coskuyla-karsilandi\\\/#primaryimage\"},\"image\":{\"@id\":\"https:\\\/\\\/memurunsesi.net\\\/index.php\\\/2025\\\/12\\\/24\\\/masalsi-yolculugun-son-duragi-turistik-dogu-ekspresi-karsta-coskuyla-karsilandi\\\/#primaryimage\"},\"thumbnailUrl\":\"https:\\\/\\\/memurunsesi.net\\\/wp-content\\\/uploads\\\/2025\\\/12\\\/tren.jpg\",\"datePublished\":\"2025-12-24T04:51:27+00:00\",\"description\":\"Masals\u0131 yolculu\u011fun son dura\u011f\u0131, Turistik Do\u011fu Ekspresi Kars\u2019ta co\u015fkuyla kar\u015f\u0131land\u0131\",\"breadcrumb\":{\"@id\":\"https:\\\/\\\/memurunsesi.net\\\/index.php\\\/2025\\\/12\\\/24\\\/masalsi-yolculugun-son-duragi-turistik-dogu-ekspresi-karsta-coskuyla-karsilandi\\\/#breadcrumb\"},\"inLanguage\":\"tr\",\"potentialAction\":[{\"@type\":\"ReadAction\",\"target\":[\"https:\\\/\\\/memurunsesi.net\\\/index.php\\\/2025\\\/12\\\/24\\\/masalsi-yolculugun-son-duragi-turistik-dogu-ekspresi-karsta-coskuyla-karsilandi\\\/\"]}]},{\"@type\":\"ImageObject\",\"inLanguage\":\"tr\",\"@id\":\"https:\\\/\\\/memurunsesi.net\\\/index.php\\\/2025\\\/12\\\/24\\\/masalsi-yolculugun-son-duragi-turistik-dogu-ekspresi-karsta-coskuyla-karsilandi\\\/#primaryimage\",\"url\":\"https:\\\/\\\/memurunsesi.net\\\/wp-content\\\/uploads\\\/2025\\\/12\\\/tren.jpg\",\"contentUrl\":\"https:\\\/\\\/memurunsesi.net\\\/wp-content\\\/uploads\\\/2025\\\/12\\\/tren.jpg\",\"width\":1600,\"height\":1062,\"caption\":\"MASALSI YOLCULU\u011eUN SON DURA\u011eI: TUR\u0130ST\u0130K DO\u011eU EKSPRES\u0130 KARS'TA CO\u015eKUYLA KAR\u015eILANDI(I\u015eIK \u00c7APANO\u011eLU\\\/KARS-\u0130HA) (I\u015eIK \u00c7APANO\u011eLU\\\/KARS-\u0130HA) T\u00fcrkiye'nin en prestijli demiryolu rotalar\u0131ndan biri olan ve Ankara'dan yola \u00e7\u0131kan Turistik Do\u011fu Ekspresi, k\u0131\u015f sezonunun en yo\u011fun seferlerinden birini tamamlayarak son dura\u011f\u0131 olan Kars'a ula\u015ft\u0131.\"},{\"@type\":\"BreadcrumbList\",\"@id\":\"https:\\\/\\\/memurunsesi.net\\\/index.php\\\/2025\\\/12\\\/24\\\/masalsi-yolculugun-son-duragi-turistik-dogu-ekspresi-karsta-coskuyla-karsilandi\\\/#breadcrumb\",\"itemListElement\":[{\"@type\":\"ListItem\",\"position\":1,\"name\":\"Anasayfa\",\"item\":\"https:\\\/\\\/memurunsesi.net\\\/\"},{\"@type\":\"ListItem\",\"position\":2,\"name\":\"Masals\u0131 yolculu\u011fun son dura\u011f\u0131: Turistik Do\u011fu Ekspresi Kars\u2019ta co\u015fkuyla kar\u015f\u0131land\u0131\"}]},{\"@type\":\"WebSite\",\"@id\":\"https:\\\/\\\/memurunsesi.net\\\/#website\",\"url\":\"https:\\\/\\\/memurunsesi.net\\\/\",\"name\":\"Memurun Sesi\",\"description\":\"G\u00fcncel ve Do\u011fru Haber\",\"publisher\":{\"@id\":\"https:\\\/\\\/memurunsesi.net\\\/#organization\"},\"potentialAction\":[{\"@type\":\"SearchAction\",\"target\":{\"@type\":\"EntryPoint\",\"urlTemplate\":\"https:\\\/\\\/memurunsesi.net\\\/?s={search_term_string}\"},\"query-input\":{\"@type\":\"PropertyValueSpecification\",\"valueRequired\":true,\"valueName\":\"search_term_string\"}}],\"inLanguage\":\"tr\"},{\"@type\":\"Organization\",\"@id\":\"https:\\\/\\\/memurunsesi.net\\\/#organization\",\"name\":\"Memurun Sesi\",\"url\":\"https:\\\/\\\/memurunsesi.net\\\/\",\"logo\":{\"@type\":\"ImageObject\",\"inLanguage\":\"tr\",\"@id\":\"https:\\\/\\\/memurunsesi.net\\\/#\\\/schema\\\/logo\\\/image\\\/\",\"url\":\"https:\\\/\\\/memurunsesi.net\\\/wp-content\\\/uploads\\\/2025\\\/11\\\/cropped-MEMURUN-SESI.png\",\"contentUrl\":\"https:\\\/\\\/memurunsesi.net\\\/wp-content\\\/uploads\\\/2025\\\/11\\\/cropped-MEMURUN-SESI.png\",\"width\":238,\"height\":57,\"caption\":\"Memurun Sesi\"},\"image\":{\"@id\":\"https:\\\/\\\/memurunsesi.net\\\/#\\\/schema\\\/logo\\\/image\\\/\"},\"sameAs\":[\"https:\\\/\\\/www.facebook.com\\\/unipersen\\\/?locale=tr_TR\",\"https:\\\/\\\/x.com\\\/unipersen\"]},{\"@type\":\"Person\",\"@id\":\"https:\\\/\\\/memurunsesi.net\\\/#\\\/schema\\\/person\\\/f21c2d73b89f6ee1d80b0a1803e38587\",\"name\":\"Memurun Sesi Haber Merkezi\",\"image\":{\"@type\":\"ImageObject\",\"inLanguage\":\"tr\",\"@id\":\"https:\\\/\\\/secure.gravatar.com\\\/avatar\\\/6cf0505f452ee753f485014986fab09a434671d2b919ee76fc541025c5876a70?s=96&d=mm&r=g\",\"url\":\"https:\\\/\\\/secure.gravatar.com\\\/avatar\\\/6cf0505f452ee753f485014986fab09a434671d2b919ee76fc541025c5876a70?s=96&d=mm&r=g\",\"contentUrl\":\"https:\\\/\\\/secure.gravatar.com\\\/avatar\\\/6cf0505f452ee753f485014986fab09a434671d2b919ee76fc541025c5876a70?s=96&d=mm&r=g\",\"caption\":\"Memurun Sesi Haber Merkezi\"},\"sameAs\":[\"https:\\\/\\\/memurunsesi.net\"],\"url\":\"https:\\\/\\\/memurunsesi.net\\\/index.php\\\/author\\\/uniper\\\/\"}]}<\/script>\n<!-- \/ Yoast SEO plugin. -->","yoast_head_json":{"title":"Masals\u0131 yolculu\u011fun son dura\u011f\u0131: Turistik Do\u011fu Ekspresi Kars\u2019ta co\u015fkuyla kar\u015f\u0131land\u0131 - Memurun Sesi","description":"Masals\u0131 yolculu\u011fun son dura\u011f\u0131, Turistik Do\u011fu Ekspresi Kars\u2019ta co\u015fkuyla kar\u015f\u0131land\u0131","robots":{"index":"index","follow":"follow","max-snippet":"max-snippet:-1","max-image-preview":"max-image-preview:large","max-video-preview":"max-video-preview:-1"},"canonical":"https:\/\/memurunsesi.net\/index.php\/2025\/12\/24\/masalsi-yolculugun-son-duragi-turistik-dogu-ekspresi-karsta-coskuyla-karsilandi\/","og_locale":"tr_TR","og_type":"article","og_title":"Masals\u0131 yolculu\u011fun son dura\u011f\u0131: Turistik Do\u011fu Ekspresi Kars\u2019ta co\u015fkuyla kar\u015f\u0131land\u0131 - Memurun Sesi","og_description":"Masals\u0131 yolculu\u011fun son dura\u011f\u0131, Turistik Do\u011fu Ekspresi Kars\u2019ta co\u015fkuyla kar\u015f\u0131land\u0131","og_url":"https:\/\/memurunsesi.net\/index.php\/2025\/12\/24\/masalsi-yolculugun-son-duragi-turistik-dogu-ekspresi-karsta-coskuyla-karsilandi\/","og_site_name":"Memurun Sesi","article_publisher":"https:\/\/www.facebook.com\/unipersen\/?locale=tr_TR","article_published_time":"2025-12-24T04:51:27+00:00","og_image":[{"width":1600,"height":1062,"url":"https:\/\/memurunsesi.net\/wp-content\/uploads\/2025\/12\/tren.jpg","type":"image\/jpeg"}],"author":"Memurun Sesi Haber Merkezi","twitter_card":"summary_large_image","twitter_creator":"@unipersen","twitter_site":"@unipersen","twitter_misc":{"Yazan:":"Memurun Sesi Haber Merkezi","Tahmini okuma s\u00fcresi":"3 dakika"},"schema":{"@context":"https:\/\/schema.org","@graph":[{"@type":"Article","@id":"https:\/\/memurunsesi.net\/index.php\/2025\/12\/24\/masalsi-yolculugun-son-duragi-turistik-dogu-ekspresi-karsta-coskuyla-karsilandi\/#article","isPartOf":{"@id":"https:\/\/memurunsesi.net\/index.php\/2025\/12\/24\/masalsi-yolculugun-son-duragi-turistik-dogu-ekspresi-karsta-coskuyla-karsilandi\/"},"author":{"name":"Memurun Sesi Haber Merkezi","@id":"https:\/\/memurunsesi.net\/#\/schema\/person\/f21c2d73b89f6ee1d80b0a1803e38587"},"headline":"Masals\u0131 yolculu\u011fun son dura\u011f\u0131: Turistik Do\u011fu Ekspresi Kars\u2019ta co\u015fkuyla kar\u015f\u0131land\u0131","datePublished":"2025-12-24T04:51:27+00:00","mainEntityOfPage":{"@id":"https:\/\/memurunsesi.net\/index.php\/2025\/12\/24\/masalsi-yolculugun-son-duragi-turistik-dogu-ekspresi-karsta-coskuyla-karsilandi\/"},"wordCount":451,"commentCount":0,"publisher":{"@id":"https:\/\/memurunsesi.net\/#organization"},"image":{"@id":"https:\/\/memurunsesi.net\/index.php\/2025\/12\/24\/masalsi-yolculugun-son-duragi-turistik-dogu-ekspresi-karsta-coskuyla-karsilandi\/#primaryimage"},"thumbnailUrl":"https:\/\/memurunsesi.net\/wp-content\/uploads\/2025\/12\/tren.jpg","keywords":["Masals\u0131 yolculu\u011fun son dura\u011f\u0131","Turistik Do\u011fu Ekspresi Kars\u2019ta co\u015fkuyla kar\u015f\u0131land\u0131"],"inLanguage":"tr","potentialAction":[{"@type":"CommentAction","name":"Comment","target":["https:\/\/memurunsesi.net\/index.php\/2025\/12\/24\/masalsi-yolculugun-son-duragi-turistik-dogu-ekspresi-karsta-coskuyla-karsilandi\/#respond"]}]},{"@type":"WebPage","@id":"https:\/\/memurunsesi.net\/index.php\/2025\/12\/24\/masalsi-yolculugun-son-duragi-turistik-dogu-ekspresi-karsta-coskuyla-karsilandi\/","url":"https:\/\/memurunsesi.net\/index.php\/2025\/12\/24\/masalsi-yolculugun-son-duragi-turistik-dogu-ekspresi-karsta-coskuyla-karsilandi\/","name":"Masals\u0131 yolculu\u011fun son dura\u011f\u0131: Turistik Do\u011fu Ekspresi Kars\u2019ta co\u015fkuyla kar\u015f\u0131land\u0131 - Memurun Sesi","isPartOf":{"@id":"https:\/\/memurunsesi.net\/#website"},"primaryImageOfPage":{"@id":"https:\/\/memurunsesi.net\/index.php\/2025\/12\/24\/masalsi-yolculugun-son-duragi-turistik-dogu-ekspresi-karsta-coskuyla-karsilandi\/#primaryimage"},"image":{"@id":"https:\/\/memurunsesi.net\/index.php\/2025\/12\/24\/masalsi-yolculugun-son-duragi-turistik-dogu-ekspresi-karsta-coskuyla-karsilandi\/#primaryimage"},"thumbnailUrl":"https:\/\/memurunsesi.net\/wp-content\/uploads\/2025\/12\/tren.jpg","datePublished":"2025-12-24T04:51:27+00:00","description":"Masals\u0131 yolculu\u011fun son dura\u011f\u0131, Turistik Do\u011fu Ekspresi Kars\u2019ta co\u015fkuyla kar\u015f\u0131land\u0131","breadcrumb":{"@id":"https:\/\/memurunsesi.net\/index.php\/2025\/12\/24\/masalsi-yolculugun-son-duragi-turistik-dogu-ekspresi-karsta-coskuyla-karsilandi\/#breadcrumb"},"inLanguage":"tr","potentialAction":[{"@type":"ReadAction","target":["https:\/\/memurunsesi.net\/index.php\/2025\/12\/24\/masalsi-yolculugun-son-duragi-turistik-dogu-ekspresi-karsta-coskuyla-karsilandi\/"]}]},{"@type":"ImageObject","inLanguage":"tr","@id":"https:\/\/memurunsesi.net\/index.php\/2025\/12\/24\/masalsi-yolculugun-son-duragi-turistik-dogu-ekspresi-karsta-coskuyla-karsilandi\/#primaryimage","url":"https:\/\/memurunsesi.net\/wp-content\/uploads\/2025\/12\/tren.jpg","contentUrl":"https:\/\/memurunsesi.net\/wp-content\/uploads\/2025\/12\/tren.jpg","width":1600,"height":1062,"caption":"MASALSI YOLCULU\u011eUN SON DURA\u011eI: TUR\u0130ST\u0130K DO\u011eU EKSPRES\u0130 KARS'TA CO\u015eKUYLA KAR\u015eILANDI(I\u015eIK \u00c7APANO\u011eLU\/KARS-\u0130HA) (I\u015eIK \u00c7APANO\u011eLU\/KARS-\u0130HA) T\u00fcrkiye'nin en prestijli demiryolu rotalar\u0131ndan biri olan ve Ankara'dan yola \u00e7\u0131kan Turistik Do\u011fu Ekspresi, k\u0131\u015f sezonunun en yo\u011fun seferlerinden birini tamamlayarak son dura\u011f\u0131 olan Kars'a ula\u015ft\u0131."},{"@type":"BreadcrumbList","@id":"https:\/\/memurunsesi.net\/index.php\/2025\/12\/24\/masalsi-yolculugun-son-duragi-turistik-dogu-ekspresi-karsta-coskuyla-karsilandi\/#breadcrumb","itemListElement":[{"@type":"ListItem","position":1,"name":"Anasayfa","item":"https:\/\/memurunsesi.net\/"},{"@type":"ListItem","position":2,"name":"Masals\u0131 yolculu\u011fun son dura\u011f\u0131: Turistik Do\u011fu Ekspresi Kars\u2019ta co\u015fkuyla kar\u015f\u0131land\u0131"}]},{"@type":"WebSite","@id":"https:\/\/memurunsesi.net\/#website","url":"https:\/\/memurunsesi.net\/","name":"Memurun Sesi","description":"G\u00fcncel ve Do\u011fru Haber","publisher":{"@id":"https:\/\/memurunsesi.net\/#organization"},"potentialAction":[{"@type":"SearchAction","target":{"@type":"EntryPoint","urlTemplate":"https:\/\/memurunsesi.net\/?s={search_term_string}"},"query-input":{"@type":"PropertyValueSpecification","valueRequired":true,"valueName":"search_term_string"}}],"inLanguage":"tr"},{"@type":"Organization","@id":"https:\/\/memurunsesi.net\/#organization","name":"Memurun Sesi","url":"https:\/\/memurunsesi.net\/","logo":{"@type":"ImageObject","inLanguage":"tr","@id":"https:\/\/memurunsesi.net\/#\/schema\/logo\/image\/","url":"https:\/\/memurunsesi.net\/wp-content\/uploads\/2025\/11\/cropped-MEMURUN-SESI.png","contentUrl":"https:\/\/memurunsesi.net\/wp-content\/uploads\/2025\/11\/cropped-MEMURUN-SESI.png","width":238,"height":57,"caption":"Memurun Sesi"},"image":{"@id":"https:\/\/memurunsesi.net\/#\/schema\/logo\/image\/"},"sameAs":["https:\/\/www.facebook.com\/unipersen\/?locale=tr_TR","https:\/\/x.com\/unipersen"]},{"@type":"Person","@id":"https:\/\/memurunsesi.net\/#\/schema\/person\/f21c2d73b89f6ee1d80b0a1803e38587","name":"Memurun Sesi Haber Merkezi","image":{"@type":"ImageObject","inLanguage":"tr","@id":"https:\/\/secure.gravatar.com\/avatar\/6cf0505f452ee753f485014986fab09a434671d2b919ee76fc541025c5876a70?s=96&d=mm&r=g","url":"https:\/\/secure.gravatar.com\/avatar\/6cf0505f452ee753f485014986fab09a434671d2b919ee76fc541025c5876a70?s=96&d=mm&r=g","contentUrl":"https:\/\/secure.gravatar.com\/avatar\/6cf0505f452ee753f485014986fab09a434671d2b919ee76fc541025c5876a70?s=96&d=mm&r=g","caption":"Memurun Sesi Haber Merkezi"},"sameAs":["https:\/\/memurunsesi.net"],"url":"https:\/\/memurunsesi.net\/index.php\/author\/uniper\/"}]}},"_links":{"self":[{"href":"https:\/\/memurunsesi.net\/index.php\/wp-json\/wp\/v2\/posts\/15536","targetHints":{"allow":["GET"]}}],"collection":[{"href":"https:\/\/memurunsesi.net\/index.php\/wp-json\/wp\/v2\/posts"}],"about":[{"href":"https:\/\/memurunsesi.net\/index.php\/wp-json\/wp\/v2\/types\/post"}],"author":[{"embeddable":true,"href":"https:\/\/memurunsesi.net\/index.php\/wp-json\/wp\/v2\/users\/1"}],"replies":[{"embeddable":true,"href":"https:\/\/memurunsesi.net\/index.php\/wp-json\/wp\/v2\/comments?post=15536"}],"version-history":[{"count":1,"href":"https:\/\/memurunsesi.net\/index.php\/wp-json\/wp\/v2\/posts\/15536\/revisions"}],"predecessor-version":[{"id":15538,"href":"https:\/\/memurunsesi.net\/index.php\/wp-json\/wp\/v2\/posts\/15536\/revisions\/15538"}],"wp:featuredmedia":[{"embeddable":true,"href":"https:\/\/memurunsesi.net\/index.php\/wp-json\/wp\/v2\/media\/15537"}],"wp:attachment":[{"href":"https:\/\/memurunsesi.net\/index.php\/wp-json\/wp\/v2\/media?parent=15536"}],"wp:term":[{"taxonomy":"category","embeddable":true,"href":"https:\/\/memurunsesi.net\/index.php\/wp-json\/wp\/v2\/categories?post=15536"},{"taxonomy":"post_tag","embeddable":true,"href":"https:\/\/memurunsesi.net\/index.php\/wp-json\/wp\/v2\/tags?post=15536"}],"curies":[{"name":"wp","href":"https:\/\/api.w.org\/{rel}","templated":true}]}}