{"id":15579,"date":"2025-12-26T10:31:38","date_gmt":"2025-12-26T07:31:38","guid":{"rendered":"https:\/\/memurunsesi.net\/?p=15579"},"modified":"2025-12-26T10:31:38","modified_gmt":"2025-12-26T07:31:38","slug":"jandarmadan-silah-operasyonu-30-tabanca-27-av-tufegi-ele-gecirildi","status":"publish","type":"post","link":"https:\/\/memurunsesi.net\/index.php\/2025\/12\/26\/jandarmadan-silah-operasyonu-30-tabanca-27-av-tufegi-ele-gecirildi\/","title":{"rendered":"Jandarmadan Silah Operasyonu: 30 tabanca, 27 av t\u00fcfe\u011fi ele ge\u00e7irildi"},"content":{"rendered":"<p>Antalya&#8217;n\u0131n Manavgat il\u00e7esinde il\u00e7e Jandarma Komutanl\u0131\u011f\u0131na ba\u011fl\u0131 ekipler taraf\u0131ndan silah ka\u00e7ak\u00e7\u0131l\u0131\u011f\u0131yla m\u00fccadele kapsam\u0131nda ger\u00e7ekle\u015ftirilen operasyonda \u00e7ok say\u0131da tabanca, t\u00fcfek ve bu silahlara ait fi\u015fek ele ge\u00e7irildi.<br \/>\nManavgat \u0130l\u00e7e Jandarma Komutanl\u0131\u011f\u0131na ba\u011fl\u0131 Merkez Karakol Komutanl\u0131\u011f\u0131 ve Jandarman\u0131n Dedektifleri (JASAT) ekiplerince silah ka\u00e7ak\u00e7\u0131l\u0131\u011f\u0131yla m\u00fccadele kapsam\u0131nda geni\u015f \u00e7apl\u0131 bir operasyon ger\u00e7ekle\u015ftirildi. Manavgat Cumhuriyet Ba\u015fsavc\u0131l\u0131\u011f\u0131&#8217;n\u0131n talimatlar\u0131 ve koordinesinde planl\u0131 faaliyetler kapsam\u0131nda y\u00fcr\u00fct\u00fclen, Bomba ve M\u00fchimmat arama k\u00f6peklerinin de e\u015flik etti\u011fi operasyonlarda 23 ikamet, 9 i\u015fyeri, 23 \u015fah\u0131s ve 9 ara\u00e7ta e\u015f zamanl\u0131 arama ger\u00e7ekle\u015ftirildi.<\/p>\n<p>30 tabanca, 27 av t\u00fcfe\u011fi ve \u00e7ok say\u0131da m\u00fchimmat ele ge\u00e7irildi<br \/>\nBelirlenen adreslere yap\u0131lan operasyonda yap\u0131lan aramalar sonucunda 30 adet tabanca, 27 adet av t\u00fcfe\u011fi, 30 adet tabanca \u015farj\u00f6r\u00fc, 1.173 adet tabanca fi\u015fe\u011fi, 334 adet av t\u00fcfe\u011fi fi\u015fe\u011fi, 10 gram esrar maddesi ve 1 adet esrar \u00f6\u011f\u00fct\u00fcc\u00fc ele ge\u00e7irildi. Manavgat Cumhuriyet Ba\u015fsavc\u0131l\u0131\u011f\u0131 taraf\u0131ndan y\u00fcr\u00fct\u00fclen soru\u015fturma \u00e7er\u00e7evesinde, aramalarda ad\u0131 ge\u00e7en 23 \u015fah\u0131s hakk\u0131nda adli i\u015flem ba\u015flat\u0131ld\u0131\u011f\u0131 \u00f6\u011frenildi.<\/p>\n<p>26.12.2025<\/p>\n","protected":false},"excerpt":{"rendered":"<p>Antalya&#8217;n\u0131n Manavgat il\u00e7esinde il\u00e7e Jandarma Komutanl\u0131\u011f\u0131na ba\u011fl\u0131 ekipler taraf\u0131ndan silah ka\u00e7ak\u00e7\u0131l\u0131\u011f\u0131yla m\u00fccadele kapsam\u0131nda ger\u00e7ekle\u015ftirilen operasyonda \u00e7ok say\u0131da tabanca, t\u00fcfek ve bu silahlara ait fi\u015fek ele ge\u00e7irildi. Manavgat \u0130l\u00e7e Jandarma Komutanl\u0131\u011f\u0131na ba\u011fl\u0131 Merkez Karakol Komutanl\u0131\u011f\u0131 ve Jandarman\u0131n Dedektifleri (JASAT) ekiplerince silah ka\u00e7ak\u00e7\u0131l\u0131\u011f\u0131yla m\u00fccadele kapsam\u0131nda geni\u015f \u00e7apl\u0131 bir operasyon ger\u00e7ekle\u015ftirildi. Manavgat Cumhuriyet Ba\u015fsavc\u0131l\u0131\u011f\u0131&#8217;n\u0131n talimatlar\u0131 ve koordinesinde planl\u0131 [&hellip;]<\/p>\n","protected":false},"author":1,"featured_media":15580,"comment_status":"open","ping_status":"open","sticky":false,"template":"","format":"standard","meta":{"footnotes":""},"categories":[45],"tags":[],"class_list":["post-15579","post","type-post","status-publish","format-standard","has-post-thumbnail","hentry","category-gundem"],"yoast_head":"<!-- This site is optimized with the Yoast SEO plugin v27.4 - https:\/\/yoast.com\/product\/yoast-seo-wordpress\/ -->\n<title>Jandarmadan Silah Operasyonu: 30 tabanca, 27 av t\u00fcfe\u011fi ele ge\u00e7irildi - Memurun Sesi<\/title>\n<meta name=\"description\" content=\"Jandarmadan Silah Operasyonu: 30 tabanca, 27 av t\u00fcfe\u011fi ele ge\u00e7irildi\" \/>\n<meta name=\"robots\" content=\"index, follow, max-snippet:-1, max-image-preview:large, max-video-preview:-1\" \/>\n<link rel=\"canonical\" href=\"https:\/\/memurunsesi.net\/index.php\/2025\/12\/26\/jandarmadan-silah-operasyonu-30-tabanca-27-av-tufegi-ele-gecirildi\/\" \/>\n<meta property=\"og:locale\" content=\"tr_TR\" \/>\n<meta property=\"og:type\" content=\"article\" \/>\n<meta property=\"og:title\" content=\"Jandarmadan Silah Operasyonu: 30 tabanca, 27 av t\u00fcfe\u011fi ele ge\u00e7irildi - Memurun Sesi\" \/>\n<meta property=\"og:description\" content=\"Jandarmadan Silah Operasyonu: 30 tabanca, 27 av t\u00fcfe\u011fi ele ge\u00e7irildi\" \/>\n<meta property=\"og:url\" content=\"https:\/\/memurunsesi.net\/index.php\/2025\/12\/26\/jandarmadan-silah-operasyonu-30-tabanca-27-av-tufegi-ele-gecirildi\/\" \/>\n<meta property=\"og:site_name\" content=\"Memurun Sesi\" \/>\n<meta property=\"article:publisher\" content=\"https:\/\/www.facebook.com\/unipersen\/?locale=tr_TR\" \/>\n<meta property=\"article:published_time\" content=\"2025-12-26T07:31:38+00:00\" \/>\n<meta property=\"og:image\" content=\"https:\/\/memurunsesi.net\/wp-content\/uploads\/2025\/12\/jandarma-2.jpg\" \/>\n\t<meta property=\"og:image:width\" content=\"1600\" \/>\n\t<meta property=\"og:image:height\" content=\"900\" \/>\n\t<meta property=\"og:image:type\" content=\"image\/jpeg\" \/>\n<meta name=\"author\" content=\"Memurun Sesi Haber Merkezi\" \/>\n<meta name=\"twitter:card\" content=\"summary_large_image\" \/>\n<meta name=\"twitter:creator\" content=\"@unipersen\" \/>\n<meta name=\"twitter:site\" content=\"@unipersen\" \/>\n<meta name=\"twitter:label1\" content=\"Yazan:\" \/>\n\t<meta name=\"twitter:data1\" content=\"Memurun Sesi Haber Merkezi\" \/>\n\t<meta name=\"twitter:label2\" content=\"Tahmini okuma s\u00fcresi\" \/>\n\t<meta name=\"twitter:data2\" content=\"2 dakika\" \/>\n<script type=\"application\/ld+json\" class=\"yoast-schema-graph\">{\"@context\":\"https:\\\/\\\/schema.org\",\"@graph\":[{\"@type\":\"Article\",\"@id\":\"https:\\\/\\\/memurunsesi.net\\\/index.php\\\/2025\\\/12\\\/26\\\/jandarmadan-silah-operasyonu-30-tabanca-27-av-tufegi-ele-gecirildi\\\/#article\",\"isPartOf\":{\"@id\":\"https:\\\/\\\/memurunsesi.net\\\/index.php\\\/2025\\\/12\\\/26\\\/jandarmadan-silah-operasyonu-30-tabanca-27-av-tufegi-ele-gecirildi\\\/\"},\"author\":{\"name\":\"Memurun Sesi Haber Merkezi\",\"@id\":\"https:\\\/\\\/memurunsesi.net\\\/#\\\/schema\\\/person\\\/f21c2d73b89f6ee1d80b0a1803e38587\"},\"headline\":\"Jandarmadan Silah Operasyonu: 30 tabanca, 27 av t\u00fcfe\u011fi ele ge\u00e7irildi\",\"datePublished\":\"2025-12-26T07:31:38+00:00\",\"mainEntityOfPage\":{\"@id\":\"https:\\\/\\\/memurunsesi.net\\\/index.php\\\/2025\\\/12\\\/26\\\/jandarmadan-silah-operasyonu-30-tabanca-27-av-tufegi-ele-gecirildi\\\/\"},\"wordCount\":221,\"commentCount\":0,\"publisher\":{\"@id\":\"https:\\\/\\\/memurunsesi.net\\\/#organization\"},\"image\":{\"@id\":\"https:\\\/\\\/memurunsesi.net\\\/index.php\\\/2025\\\/12\\\/26\\\/jandarmadan-silah-operasyonu-30-tabanca-27-av-tufegi-ele-gecirildi\\\/#primaryimage\"},\"thumbnailUrl\":\"https:\\\/\\\/memurunsesi.net\\\/wp-content\\\/uploads\\\/2025\\\/12\\\/jandarma-2.jpg\",\"articleSection\":[\"G\u00fcndem\"],\"inLanguage\":\"tr\",\"potentialAction\":[{\"@type\":\"CommentAction\",\"name\":\"Comment\",\"target\":[\"https:\\\/\\\/memurunsesi.net\\\/index.php\\\/2025\\\/12\\\/26\\\/jandarmadan-silah-operasyonu-30-tabanca-27-av-tufegi-ele-gecirildi\\\/#respond\"]}]},{\"@type\":\"WebPage\",\"@id\":\"https:\\\/\\\/memurunsesi.net\\\/index.php\\\/2025\\\/12\\\/26\\\/jandarmadan-silah-operasyonu-30-tabanca-27-av-tufegi-ele-gecirildi\\\/\",\"url\":\"https:\\\/\\\/memurunsesi.net\\\/index.php\\\/2025\\\/12\\\/26\\\/jandarmadan-silah-operasyonu-30-tabanca-27-av-tufegi-ele-gecirildi\\\/\",\"name\":\"Jandarmadan Silah Operasyonu: 30 tabanca, 27 av t\u00fcfe\u011fi ele ge\u00e7irildi - Memurun Sesi\",\"isPartOf\":{\"@id\":\"https:\\\/\\\/memurunsesi.net\\\/#website\"},\"primaryImageOfPage\":{\"@id\":\"https:\\\/\\\/memurunsesi.net\\\/index.php\\\/2025\\\/12\\\/26\\\/jandarmadan-silah-operasyonu-30-tabanca-27-av-tufegi-ele-gecirildi\\\/#primaryimage\"},\"image\":{\"@id\":\"https:\\\/\\\/memurunsesi.net\\\/index.php\\\/2025\\\/12\\\/26\\\/jandarmadan-silah-operasyonu-30-tabanca-27-av-tufegi-ele-gecirildi\\\/#primaryimage\"},\"thumbnailUrl\":\"https:\\\/\\\/memurunsesi.net\\\/wp-content\\\/uploads\\\/2025\\\/12\\\/jandarma-2.jpg\",\"datePublished\":\"2025-12-26T07:31:38+00:00\",\"description\":\"Jandarmadan Silah Operasyonu: 30 tabanca, 27 av t\u00fcfe\u011fi ele ge\u00e7irildi\",\"breadcrumb\":{\"@id\":\"https:\\\/\\\/memurunsesi.net\\\/index.php\\\/2025\\\/12\\\/26\\\/jandarmadan-silah-operasyonu-30-tabanca-27-av-tufegi-ele-gecirildi\\\/#breadcrumb\"},\"inLanguage\":\"tr\",\"potentialAction\":[{\"@type\":\"ReadAction\",\"target\":[\"https:\\\/\\\/memurunsesi.net\\\/index.php\\\/2025\\\/12\\\/26\\\/jandarmadan-silah-operasyonu-30-tabanca-27-av-tufegi-ele-gecirildi\\\/\"]}]},{\"@type\":\"ImageObject\",\"inLanguage\":\"tr\",\"@id\":\"https:\\\/\\\/memurunsesi.net\\\/index.php\\\/2025\\\/12\\\/26\\\/jandarmadan-silah-operasyonu-30-tabanca-27-av-tufegi-ele-gecirildi\\\/#primaryimage\",\"url\":\"https:\\\/\\\/memurunsesi.net\\\/wp-content\\\/uploads\\\/2025\\\/12\\\/jandarma-2.jpg\",\"contentUrl\":\"https:\\\/\\\/memurunsesi.net\\\/wp-content\\\/uploads\\\/2025\\\/12\\\/jandarma-2.jpg\",\"width\":1600,\"height\":900},{\"@type\":\"BreadcrumbList\",\"@id\":\"https:\\\/\\\/memurunsesi.net\\\/index.php\\\/2025\\\/12\\\/26\\\/jandarmadan-silah-operasyonu-30-tabanca-27-av-tufegi-ele-gecirildi\\\/#breadcrumb\",\"itemListElement\":[{\"@type\":\"ListItem\",\"position\":1,\"name\":\"Anasayfa\",\"item\":\"https:\\\/\\\/memurunsesi.net\\\/\"},{\"@type\":\"ListItem\",\"position\":2,\"name\":\"Jandarmadan Silah Operasyonu: 30 tabanca, 27 av t\u00fcfe\u011fi ele ge\u00e7irildi\"}]},{\"@type\":\"WebSite\",\"@id\":\"https:\\\/\\\/memurunsesi.net\\\/#website\",\"url\":\"https:\\\/\\\/memurunsesi.net\\\/\",\"name\":\"Memurun Sesi\",\"description\":\"G\u00fcncel ve Do\u011fru Haber\",\"publisher\":{\"@id\":\"https:\\\/\\\/memurunsesi.net\\\/#organization\"},\"potentialAction\":[{\"@type\":\"SearchAction\",\"target\":{\"@type\":\"EntryPoint\",\"urlTemplate\":\"https:\\\/\\\/memurunsesi.net\\\/?s={search_term_string}\"},\"query-input\":{\"@type\":\"PropertyValueSpecification\",\"valueRequired\":true,\"valueName\":\"search_term_string\"}}],\"inLanguage\":\"tr\"},{\"@type\":\"Organization\",\"@id\":\"https:\\\/\\\/memurunsesi.net\\\/#organization\",\"name\":\"Memurun Sesi\",\"url\":\"https:\\\/\\\/memurunsesi.net\\\/\",\"logo\":{\"@type\":\"ImageObject\",\"inLanguage\":\"tr\",\"@id\":\"https:\\\/\\\/memurunsesi.net\\\/#\\\/schema\\\/logo\\\/image\\\/\",\"url\":\"https:\\\/\\\/memurunsesi.net\\\/wp-content\\\/uploads\\\/2025\\\/11\\\/cropped-MEMURUN-SESI.png\",\"contentUrl\":\"https:\\\/\\\/memurunsesi.net\\\/wp-content\\\/uploads\\\/2025\\\/11\\\/cropped-MEMURUN-SESI.png\",\"width\":238,\"height\":57,\"caption\":\"Memurun Sesi\"},\"image\":{\"@id\":\"https:\\\/\\\/memurunsesi.net\\\/#\\\/schema\\\/logo\\\/image\\\/\"},\"sameAs\":[\"https:\\\/\\\/www.facebook.com\\\/unipersen\\\/?locale=tr_TR\",\"https:\\\/\\\/x.com\\\/unipersen\"]},{\"@type\":\"Person\",\"@id\":\"https:\\\/\\\/memurunsesi.net\\\/#\\\/schema\\\/person\\\/f21c2d73b89f6ee1d80b0a1803e38587\",\"name\":\"Memurun Sesi Haber Merkezi\",\"image\":{\"@type\":\"ImageObject\",\"inLanguage\":\"tr\",\"@id\":\"https:\\\/\\\/secure.gravatar.com\\\/avatar\\\/6cf0505f452ee753f485014986fab09a434671d2b919ee76fc541025c5876a70?s=96&d=mm&r=g\",\"url\":\"https:\\\/\\\/secure.gravatar.com\\\/avatar\\\/6cf0505f452ee753f485014986fab09a434671d2b919ee76fc541025c5876a70?s=96&d=mm&r=g\",\"contentUrl\":\"https:\\\/\\\/secure.gravatar.com\\\/avatar\\\/6cf0505f452ee753f485014986fab09a434671d2b919ee76fc541025c5876a70?s=96&d=mm&r=g\",\"caption\":\"Memurun Sesi Haber Merkezi\"},\"sameAs\":[\"https:\\\/\\\/memurunsesi.net\"],\"url\":\"https:\\\/\\\/memurunsesi.net\\\/index.php\\\/author\\\/uniper\\\/\"}]}<\/script>\n<!-- \/ Yoast SEO plugin. -->","yoast_head_json":{"title":"Jandarmadan Silah Operasyonu: 30 tabanca, 27 av t\u00fcfe\u011fi ele ge\u00e7irildi - Memurun Sesi","description":"Jandarmadan Silah Operasyonu: 30 tabanca, 27 av t\u00fcfe\u011fi ele ge\u00e7irildi","robots":{"index":"index","follow":"follow","max-snippet":"max-snippet:-1","max-image-preview":"max-image-preview:large","max-video-preview":"max-video-preview:-1"},"canonical":"https:\/\/memurunsesi.net\/index.php\/2025\/12\/26\/jandarmadan-silah-operasyonu-30-tabanca-27-av-tufegi-ele-gecirildi\/","og_locale":"tr_TR","og_type":"article","og_title":"Jandarmadan Silah Operasyonu: 30 tabanca, 27 av t\u00fcfe\u011fi ele ge\u00e7irildi - Memurun Sesi","og_description":"Jandarmadan Silah Operasyonu: 30 tabanca, 27 av t\u00fcfe\u011fi ele ge\u00e7irildi","og_url":"https:\/\/memurunsesi.net\/index.php\/2025\/12\/26\/jandarmadan-silah-operasyonu-30-tabanca-27-av-tufegi-ele-gecirildi\/","og_site_name":"Memurun Sesi","article_publisher":"https:\/\/www.facebook.com\/unipersen\/?locale=tr_TR","article_published_time":"2025-12-26T07:31:38+00:00","og_image":[{"width":1600,"height":900,"url":"https:\/\/memurunsesi.net\/wp-content\/uploads\/2025\/12\/jandarma-2.jpg","type":"image\/jpeg"}],"author":"Memurun Sesi Haber Merkezi","twitter_card":"summary_large_image","twitter_creator":"@unipersen","twitter_site":"@unipersen","twitter_misc":{"Yazan:":"Memurun Sesi Haber Merkezi","Tahmini okuma s\u00fcresi":"2 dakika"},"schema":{"@context":"https:\/\/schema.org","@graph":[{"@type":"Article","@id":"https:\/\/memurunsesi.net\/index.php\/2025\/12\/26\/jandarmadan-silah-operasyonu-30-tabanca-27-av-tufegi-ele-gecirildi\/#article","isPartOf":{"@id":"https:\/\/memurunsesi.net\/index.php\/2025\/12\/26\/jandarmadan-silah-operasyonu-30-tabanca-27-av-tufegi-ele-gecirildi\/"},"author":{"name":"Memurun Sesi Haber Merkezi","@id":"https:\/\/memurunsesi.net\/#\/schema\/person\/f21c2d73b89f6ee1d80b0a1803e38587"},"headline":"Jandarmadan Silah Operasyonu: 30 tabanca, 27 av t\u00fcfe\u011fi ele ge\u00e7irildi","datePublished":"2025-12-26T07:31:38+00:00","mainEntityOfPage":{"@id":"https:\/\/memurunsesi.net\/index.php\/2025\/12\/26\/jandarmadan-silah-operasyonu-30-tabanca-27-av-tufegi-ele-gecirildi\/"},"wordCount":221,"commentCount":0,"publisher":{"@id":"https:\/\/memurunsesi.net\/#organization"},"image":{"@id":"https:\/\/memurunsesi.net\/index.php\/2025\/12\/26\/jandarmadan-silah-operasyonu-30-tabanca-27-av-tufegi-ele-gecirildi\/#primaryimage"},"thumbnailUrl":"https:\/\/memurunsesi.net\/wp-content\/uploads\/2025\/12\/jandarma-2.jpg","articleSection":["G\u00fcndem"],"inLanguage":"tr","potentialAction":[{"@type":"CommentAction","name":"Comment","target":["https:\/\/memurunsesi.net\/index.php\/2025\/12\/26\/jandarmadan-silah-operasyonu-30-tabanca-27-av-tufegi-ele-gecirildi\/#respond"]}]},{"@type":"WebPage","@id":"https:\/\/memurunsesi.net\/index.php\/2025\/12\/26\/jandarmadan-silah-operasyonu-30-tabanca-27-av-tufegi-ele-gecirildi\/","url":"https:\/\/memurunsesi.net\/index.php\/2025\/12\/26\/jandarmadan-silah-operasyonu-30-tabanca-27-av-tufegi-ele-gecirildi\/","name":"Jandarmadan Silah Operasyonu: 30 tabanca, 27 av t\u00fcfe\u011fi ele ge\u00e7irildi - Memurun Sesi","isPartOf":{"@id":"https:\/\/memurunsesi.net\/#website"},"primaryImageOfPage":{"@id":"https:\/\/memurunsesi.net\/index.php\/2025\/12\/26\/jandarmadan-silah-operasyonu-30-tabanca-27-av-tufegi-ele-gecirildi\/#primaryimage"},"image":{"@id":"https:\/\/memurunsesi.net\/index.php\/2025\/12\/26\/jandarmadan-silah-operasyonu-30-tabanca-27-av-tufegi-ele-gecirildi\/#primaryimage"},"thumbnailUrl":"https:\/\/memurunsesi.net\/wp-content\/uploads\/2025\/12\/jandarma-2.jpg","datePublished":"2025-12-26T07:31:38+00:00","description":"Jandarmadan Silah Operasyonu: 30 tabanca, 27 av t\u00fcfe\u011fi ele ge\u00e7irildi","breadcrumb":{"@id":"https:\/\/memurunsesi.net\/index.php\/2025\/12\/26\/jandarmadan-silah-operasyonu-30-tabanca-27-av-tufegi-ele-gecirildi\/#breadcrumb"},"inLanguage":"tr","potentialAction":[{"@type":"ReadAction","target":["https:\/\/memurunsesi.net\/index.php\/2025\/12\/26\/jandarmadan-silah-operasyonu-30-tabanca-27-av-tufegi-ele-gecirildi\/"]}]},{"@type":"ImageObject","inLanguage":"tr","@id":"https:\/\/memurunsesi.net\/index.php\/2025\/12\/26\/jandarmadan-silah-operasyonu-30-tabanca-27-av-tufegi-ele-gecirildi\/#primaryimage","url":"https:\/\/memurunsesi.net\/wp-content\/uploads\/2025\/12\/jandarma-2.jpg","contentUrl":"https:\/\/memurunsesi.net\/wp-content\/uploads\/2025\/12\/jandarma-2.jpg","width":1600,"height":900},{"@type":"BreadcrumbList","@id":"https:\/\/memurunsesi.net\/index.php\/2025\/12\/26\/jandarmadan-silah-operasyonu-30-tabanca-27-av-tufegi-ele-gecirildi\/#breadcrumb","itemListElement":[{"@type":"ListItem","position":1,"name":"Anasayfa","item":"https:\/\/memurunsesi.net\/"},{"@type":"ListItem","position":2,"name":"Jandarmadan Silah Operasyonu: 30 tabanca, 27 av t\u00fcfe\u011fi ele ge\u00e7irildi"}]},{"@type":"WebSite","@id":"https:\/\/memurunsesi.net\/#website","url":"https:\/\/memurunsesi.net\/","name":"Memurun Sesi","description":"G\u00fcncel ve Do\u011fru Haber","publisher":{"@id":"https:\/\/memurunsesi.net\/#organization"},"potentialAction":[{"@type":"SearchAction","target":{"@type":"EntryPoint","urlTemplate":"https:\/\/memurunsesi.net\/?s={search_term_string}"},"query-input":{"@type":"PropertyValueSpecification","valueRequired":true,"valueName":"search_term_string"}}],"inLanguage":"tr"},{"@type":"Organization","@id":"https:\/\/memurunsesi.net\/#organization","name":"Memurun Sesi","url":"https:\/\/memurunsesi.net\/","logo":{"@type":"ImageObject","inLanguage":"tr","@id":"https:\/\/memurunsesi.net\/#\/schema\/logo\/image\/","url":"https:\/\/memurunsesi.net\/wp-content\/uploads\/2025\/11\/cropped-MEMURUN-SESI.png","contentUrl":"https:\/\/memurunsesi.net\/wp-content\/uploads\/2025\/11\/cropped-MEMURUN-SESI.png","width":238,"height":57,"caption":"Memurun Sesi"},"image":{"@id":"https:\/\/memurunsesi.net\/#\/schema\/logo\/image\/"},"sameAs":["https:\/\/www.facebook.com\/unipersen\/?locale=tr_TR","https:\/\/x.com\/unipersen"]},{"@type":"Person","@id":"https:\/\/memurunsesi.net\/#\/schema\/person\/f21c2d73b89f6ee1d80b0a1803e38587","name":"Memurun Sesi Haber Merkezi","image":{"@type":"ImageObject","inLanguage":"tr","@id":"https:\/\/secure.gravatar.com\/avatar\/6cf0505f452ee753f485014986fab09a434671d2b919ee76fc541025c5876a70?s=96&d=mm&r=g","url":"https:\/\/secure.gravatar.com\/avatar\/6cf0505f452ee753f485014986fab09a434671d2b919ee76fc541025c5876a70?s=96&d=mm&r=g","contentUrl":"https:\/\/secure.gravatar.com\/avatar\/6cf0505f452ee753f485014986fab09a434671d2b919ee76fc541025c5876a70?s=96&d=mm&r=g","caption":"Memurun Sesi Haber Merkezi"},"sameAs":["https:\/\/memurunsesi.net"],"url":"https:\/\/memurunsesi.net\/index.php\/author\/uniper\/"}]}},"_links":{"self":[{"href":"https:\/\/memurunsesi.net\/index.php\/wp-json\/wp\/v2\/posts\/15579","targetHints":{"allow":["GET"]}}],"collection":[{"href":"https:\/\/memurunsesi.net\/index.php\/wp-json\/wp\/v2\/posts"}],"about":[{"href":"https:\/\/memurunsesi.net\/index.php\/wp-json\/wp\/v2\/types\/post"}],"author":[{"embeddable":true,"href":"https:\/\/memurunsesi.net\/index.php\/wp-json\/wp\/v2\/users\/1"}],"replies":[{"embeddable":true,"href":"https:\/\/memurunsesi.net\/index.php\/wp-json\/wp\/v2\/comments?post=15579"}],"version-history":[{"count":1,"href":"https:\/\/memurunsesi.net\/index.php\/wp-json\/wp\/v2\/posts\/15579\/revisions"}],"predecessor-version":[{"id":15581,"href":"https:\/\/memurunsesi.net\/index.php\/wp-json\/wp\/v2\/posts\/15579\/revisions\/15581"}],"wp:featuredmedia":[{"embeddable":true,"href":"https:\/\/memurunsesi.net\/index.php\/wp-json\/wp\/v2\/media\/15580"}],"wp:attachment":[{"href":"https:\/\/memurunsesi.net\/index.php\/wp-json\/wp\/v2\/media?parent=15579"}],"wp:term":[{"taxonomy":"category","embeddable":true,"href":"https:\/\/memurunsesi.net\/index.php\/wp-json\/wp\/v2\/categories?post=15579"},{"taxonomy":"post_tag","embeddable":true,"href":"https:\/\/memurunsesi.net\/index.php\/wp-json\/wp\/v2\/tags?post=15579"}],"curies":[{"name":"wp","href":"https:\/\/api.w.org\/{rel}","templated":true}]}}