{"id":15586,"date":"2025-12-26T10:36:59","date_gmt":"2025-12-26T07:36:59","guid":{"rendered":"https:\/\/memurunsesi.net\/?p=15586"},"modified":"2025-12-26T10:36:59","modified_gmt":"2025-12-26T07:36:59","slug":"otobusten-46-bin-silah-parcasi-cikmisti-6-supheli-adliyeye-sevk-edildi","status":"publish","type":"post","link":"https:\/\/memurunsesi.net\/index.php\/2025\/12\/26\/otobusten-46-bin-silah-parcasi-cikmisti-6-supheli-adliyeye-sevk-edildi\/","title":{"rendered":"Otob\u00fcsten 46 bin silah par\u00e7as\u0131 \u00e7\u0131km\u0131\u015ft\u0131, 6 \u015f\u00fcpheli adliyeye sevk edildi"},"content":{"rendered":"<p>D\u00fczce&#8217;de durdurulan yolcu otob\u00fcs\u00fcnde, \u0130stanbul&#8217;a sevkiyat\u0131 yap\u0131lan 46 bin 655 silah par\u00e7as\u0131 ele ge\u00e7irilmesine ili\u015fkin g\u00f6zalt\u0131na al\u0131nan 6 \u015f\u00fcpheli adliyeye sevk edildi.<br \/>\nD\u00fczce Cumhuriyet Ba\u015fsavc\u0131l\u0131\u011f\u0131 koordinesinde \u0130l Emniyet M\u00fcd\u00fcrl\u00fc\u011f\u00fc Ka\u00e7ak\u00e7\u0131l\u0131k ve Organize Su\u00e7larla M\u00fccadele (KOM) \u015eube M\u00fcd\u00fcrl\u00fc\u011f\u00fc ekipleri, kentte faaliyet g\u00f6steren silah ka\u00e7ak\u00e7\u0131lar\u0131na y\u00f6nelik yakla\u015f\u0131k 23 ayd\u0131r s\u00fcrd\u00fcr\u00fclen teknik ve fiziki takibin ard\u0131ndan operasyon i\u00e7in d\u00fc\u011fmeye bast\u0131.<br \/>\n\u015e\u00fcphelilerin D\u00fczce&#8217;den \u0130stanbul&#8217;a \u00e7ok say\u0131da silah par\u00e7as\u0131 sevkiyat\u0131 yapaca\u011f\u0131 bilgisi \u00fczerine harekete ge\u00e7en ekipler, \u015f\u00fcphelilerden M.E.K.&#8217;ye ait Toku\u015flar Mahallesi&#8217;ndeki i\u015f yeri, otomobil ve yolcu otob\u00fcs\u00fcn\u00fc takibe ald\u0131. \u0130\u015f yerinden silah par\u00e7alar\u0131n\u0131n koliler ve torbalar i\u00e7erisinde otob\u00fcse y\u00fcklendi\u011fi tespit edildi. Otoyolda durdurulan ara\u00e7larda yap\u0131lan aramalarda, toplam 46 bin 655 silah par\u00e7as\u0131 ele ge\u00e7irildi. Ele ge\u00e7irilen malzemeler aras\u0131nda; 2 bin 115 tabanca alt g\u00f6vdesi, 2 bin 100 \u00fcst kapak tak\u0131m\u0131, 2 bin 100 namlu, 2 bin 100 tabanca i\u011fnesi, 2 bin emniyet mandal\u0131, 2 bin 100 mekanizma yata\u011f\u0131, 2 bin 100 \u00fcst kapak tutucu, 2 bin 100 \u00fcst kapak d\u00fc\u015f\u00fcrme mandal\u0131, 2 bin 100 i\u011fne kontrol pimi, 2 bin 100 arpac\u0131k, 2 bin 50 tetik tutucu, 2 bin 50 i\u011fne tutucu gibi di\u011fer tamamlay\u0131c\u0131 par\u00e7alar ile 1 adet silah yap\u0131m\u0131nda kullan\u0131lan \u00e7ok ama\u00e7l\u0131 torna tezgah\u0131 yer ald\u0131.<br \/>\nAyr\u0131ca, aramada 3 adet ruhsats\u0131z tabanca ile bu silahlara ait \u00e7ok say\u0131da fi\u015fek ele ge\u00e7irildi. Ekipler, ele ge\u00e7irilen malzemelerin birle\u015ftirilmesi durumunda yakla\u015f\u0131k 2 bin 100 ruhsats\u0131z tabanca \u00fcretilebilece\u011fini belirledi.<\/p>\n<p>Adliyeye sevk edildiler<br \/>\nOperasyon kapsam\u0131nda \u015f\u00fcpheliler M.E.K., A.\u00d6., M.C.\u00d6., \u0130.\u0130., D.D. ve otob\u00fcs \u015fof\u00f6r\u00fc Z.D. g\u00f6zalt\u0131na al\u0131nd\u0131. \u015e\u00fcpheliler, emniyette tamamlanan i\u015flemlerinin ard\u0131ndan bug\u00fcn adliyeye sevk edildi.<\/p>\n<p>26.12.2025<\/p>\n","protected":false},"excerpt":{"rendered":"<p>D\u00fczce&#8217;de durdurulan yolcu otob\u00fcs\u00fcnde, \u0130stanbul&#8217;a sevkiyat\u0131 yap\u0131lan 46 bin 655 silah par\u00e7as\u0131 ele ge\u00e7irilmesine ili\u015fkin g\u00f6zalt\u0131na al\u0131nan 6 \u015f\u00fcpheli adliyeye sevk edildi. D\u00fczce Cumhuriyet Ba\u015fsavc\u0131l\u0131\u011f\u0131 koordinesinde \u0130l Emniyet M\u00fcd\u00fcrl\u00fc\u011f\u00fc Ka\u00e7ak\u00e7\u0131l\u0131k ve Organize Su\u00e7larla M\u00fccadele (KOM) \u015eube M\u00fcd\u00fcrl\u00fc\u011f\u00fc ekipleri, kentte faaliyet g\u00f6steren silah ka\u00e7ak\u00e7\u0131lar\u0131na y\u00f6nelik yakla\u015f\u0131k 23 ayd\u0131r s\u00fcrd\u00fcr\u00fclen teknik ve fiziki takibin ard\u0131ndan operasyon i\u00e7in [&hellip;]<\/p>\n","protected":false},"author":1,"featured_media":15587,"comment_status":"open","ping_status":"open","sticky":false,"template":"","format":"standard","meta":{"footnotes":""},"categories":[50],"tags":[685],"class_list":["post-15586","post","type-post","status-publish","format-standard","has-post-thumbnail","hentry","category-tum-haberler","tag-supheliler-adliyeye-sevk-edildi"],"yoast_head":"<!-- This site is optimized with the Yoast SEO plugin v27.4 - https:\/\/yoast.com\/product\/yoast-seo-wordpress\/ -->\n<title>Otob\u00fcsten 46 bin silah par\u00e7as\u0131 \u00e7\u0131km\u0131\u015ft\u0131, 6 \u015f\u00fcpheli adliyeye sevk edildi - Memurun Sesi<\/title>\n<meta name=\"description\" content=\"Otob\u00fcsten 46 bin silah par\u00e7as\u0131 \u00e7\u0131km\u0131\u015ft\u0131, 6 \u015f\u00fcpheli adliyeye sevk edildi\" \/>\n<meta name=\"robots\" content=\"index, follow, max-snippet:-1, max-image-preview:large, max-video-preview:-1\" \/>\n<link rel=\"canonical\" href=\"https:\/\/memurunsesi.net\/index.php\/2025\/12\/26\/otobusten-46-bin-silah-parcasi-cikmisti-6-supheli-adliyeye-sevk-edildi\/\" \/>\n<meta property=\"og:locale\" content=\"tr_TR\" \/>\n<meta property=\"og:type\" content=\"article\" \/>\n<meta property=\"og:title\" content=\"Otob\u00fcsten 46 bin silah par\u00e7as\u0131 \u00e7\u0131km\u0131\u015ft\u0131, 6 \u015f\u00fcpheli adliyeye sevk edildi - Memurun Sesi\" \/>\n<meta property=\"og:description\" content=\"Otob\u00fcsten 46 bin silah par\u00e7as\u0131 \u00e7\u0131km\u0131\u015ft\u0131, 6 \u015f\u00fcpheli adliyeye sevk edildi\" \/>\n<meta property=\"og:url\" content=\"https:\/\/memurunsesi.net\/index.php\/2025\/12\/26\/otobusten-46-bin-silah-parcasi-cikmisti-6-supheli-adliyeye-sevk-edildi\/\" \/>\n<meta property=\"og:site_name\" content=\"Memurun Sesi\" \/>\n<meta property=\"article:publisher\" content=\"https:\/\/www.facebook.com\/unipersen\/?locale=tr_TR\" \/>\n<meta property=\"article:published_time\" content=\"2025-12-26T07:36:59+00:00\" \/>\n<meta property=\"og:image\" content=\"https:\/\/memurunsesi.net\/wp-content\/uploads\/2025\/12\/supheli-3.jpg\" \/>\n\t<meta property=\"og:image:width\" content=\"1599\" \/>\n\t<meta property=\"og:image:height\" content=\"1066\" \/>\n\t<meta property=\"og:image:type\" content=\"image\/jpeg\" \/>\n<meta name=\"author\" content=\"Memurun Sesi Haber Merkezi\" \/>\n<meta name=\"twitter:card\" content=\"summary_large_image\" \/>\n<meta name=\"twitter:creator\" content=\"@unipersen\" \/>\n<meta name=\"twitter:site\" content=\"@unipersen\" \/>\n<meta name=\"twitter:label1\" content=\"Yazan:\" \/>\n\t<meta name=\"twitter:data1\" content=\"Memurun Sesi Haber Merkezi\" \/>\n\t<meta name=\"twitter:label2\" content=\"Tahmini okuma s\u00fcresi\" \/>\n\t<meta name=\"twitter:data2\" content=\"2 dakika\" \/>\n<script type=\"application\/ld+json\" class=\"yoast-schema-graph\">{\"@context\":\"https:\\\/\\\/schema.org\",\"@graph\":[{\"@type\":\"Article\",\"@id\":\"https:\\\/\\\/memurunsesi.net\\\/index.php\\\/2025\\\/12\\\/26\\\/otobusten-46-bin-silah-parcasi-cikmisti-6-supheli-adliyeye-sevk-edildi\\\/#article\",\"isPartOf\":{\"@id\":\"https:\\\/\\\/memurunsesi.net\\\/index.php\\\/2025\\\/12\\\/26\\\/otobusten-46-bin-silah-parcasi-cikmisti-6-supheli-adliyeye-sevk-edildi\\\/\"},\"author\":{\"name\":\"Memurun Sesi Haber Merkezi\",\"@id\":\"https:\\\/\\\/memurunsesi.net\\\/#\\\/schema\\\/person\\\/f21c2d73b89f6ee1d80b0a1803e38587\"},\"headline\":\"Otob\u00fcsten 46 bin silah par\u00e7as\u0131 \u00e7\u0131km\u0131\u015ft\u0131, 6 \u015f\u00fcpheli adliyeye sevk edildi\",\"datePublished\":\"2025-12-26T07:36:59+00:00\",\"mainEntityOfPage\":{\"@id\":\"https:\\\/\\\/memurunsesi.net\\\/index.php\\\/2025\\\/12\\\/26\\\/otobusten-46-bin-silah-parcasi-cikmisti-6-supheli-adliyeye-sevk-edildi\\\/\"},\"wordCount\":325,\"commentCount\":0,\"publisher\":{\"@id\":\"https:\\\/\\\/memurunsesi.net\\\/#organization\"},\"image\":{\"@id\":\"https:\\\/\\\/memurunsesi.net\\\/index.php\\\/2025\\\/12\\\/26\\\/otobusten-46-bin-silah-parcasi-cikmisti-6-supheli-adliyeye-sevk-edildi\\\/#primaryimage\"},\"thumbnailUrl\":\"https:\\\/\\\/memurunsesi.net\\\/wp-content\\\/uploads\\\/2025\\\/12\\\/supheli-3.jpg\",\"keywords\":[\"\u015f\u00fcpheliler adliyeye sevk edildi\"],\"articleSection\":[\"T\u00fcm Haberler\"],\"inLanguage\":\"tr\",\"potentialAction\":[{\"@type\":\"CommentAction\",\"name\":\"Comment\",\"target\":[\"https:\\\/\\\/memurunsesi.net\\\/index.php\\\/2025\\\/12\\\/26\\\/otobusten-46-bin-silah-parcasi-cikmisti-6-supheli-adliyeye-sevk-edildi\\\/#respond\"]}]},{\"@type\":\"WebPage\",\"@id\":\"https:\\\/\\\/memurunsesi.net\\\/index.php\\\/2025\\\/12\\\/26\\\/otobusten-46-bin-silah-parcasi-cikmisti-6-supheli-adliyeye-sevk-edildi\\\/\",\"url\":\"https:\\\/\\\/memurunsesi.net\\\/index.php\\\/2025\\\/12\\\/26\\\/otobusten-46-bin-silah-parcasi-cikmisti-6-supheli-adliyeye-sevk-edildi\\\/\",\"name\":\"Otob\u00fcsten 46 bin silah par\u00e7as\u0131 \u00e7\u0131km\u0131\u015ft\u0131, 6 \u015f\u00fcpheli adliyeye sevk edildi - Memurun Sesi\",\"isPartOf\":{\"@id\":\"https:\\\/\\\/memurunsesi.net\\\/#website\"},\"primaryImageOfPage\":{\"@id\":\"https:\\\/\\\/memurunsesi.net\\\/index.php\\\/2025\\\/12\\\/26\\\/otobusten-46-bin-silah-parcasi-cikmisti-6-supheli-adliyeye-sevk-edildi\\\/#primaryimage\"},\"image\":{\"@id\":\"https:\\\/\\\/memurunsesi.net\\\/index.php\\\/2025\\\/12\\\/26\\\/otobusten-46-bin-silah-parcasi-cikmisti-6-supheli-adliyeye-sevk-edildi\\\/#primaryimage\"},\"thumbnailUrl\":\"https:\\\/\\\/memurunsesi.net\\\/wp-content\\\/uploads\\\/2025\\\/12\\\/supheli-3.jpg\",\"datePublished\":\"2025-12-26T07:36:59+00:00\",\"description\":\"Otob\u00fcsten 46 bin silah par\u00e7as\u0131 \u00e7\u0131km\u0131\u015ft\u0131, 6 \u015f\u00fcpheli adliyeye sevk edildi\",\"breadcrumb\":{\"@id\":\"https:\\\/\\\/memurunsesi.net\\\/index.php\\\/2025\\\/12\\\/26\\\/otobusten-46-bin-silah-parcasi-cikmisti-6-supheli-adliyeye-sevk-edildi\\\/#breadcrumb\"},\"inLanguage\":\"tr\",\"potentialAction\":[{\"@type\":\"ReadAction\",\"target\":[\"https:\\\/\\\/memurunsesi.net\\\/index.php\\\/2025\\\/12\\\/26\\\/otobusten-46-bin-silah-parcasi-cikmisti-6-supheli-adliyeye-sevk-edildi\\\/\"]}]},{\"@type\":\"ImageObject\",\"inLanguage\":\"tr\",\"@id\":\"https:\\\/\\\/memurunsesi.net\\\/index.php\\\/2025\\\/12\\\/26\\\/otobusten-46-bin-silah-parcasi-cikmisti-6-supheli-adliyeye-sevk-edildi\\\/#primaryimage\",\"url\":\"https:\\\/\\\/memurunsesi.net\\\/wp-content\\\/uploads\\\/2025\\\/12\\\/supheli-3.jpg\",\"contentUrl\":\"https:\\\/\\\/memurunsesi.net\\\/wp-content\\\/uploads\\\/2025\\\/12\\\/supheli-3.jpg\",\"width\":1599,\"height\":1066,\"caption\":\"D\u00dcZCE'DE DURDURULAN YOLCU OTOB\u00dcS\u00dcNDE, \u0130STANBUL'A SEVK\u0130YATI YAPILAN 46 B\u0130N 655 S\u0130LAH PAR\u00c7ASI ELE GE\u00c7\u0130R\u0130LMES\u0130NE \u0130L\u0130\u015eK\u0130N G\u00d6ZALTINA ALINAN 6 \u015e\u00dcPHEL\u0130 ADL\u0130YEYE SEVK ED\u0130LD\u0130. (TEZCAN SOLMAZ\\\/D\u00dcZCE-\u0130HA) D\u00fczce'de durdurulan yolcu otob\u00fcs\u00fcnde, \u0130stanbul'a sevkiyat\u0131 yap\u0131lan 46 bin 655 silah par\u00e7as\u0131 ele ge\u00e7irilmesine ili\u015fkin g\u00f6zalt\u0131na al\u0131nan 6 \u015f\u00fcpheli adliyeye sevk edildi.\"},{\"@type\":\"BreadcrumbList\",\"@id\":\"https:\\\/\\\/memurunsesi.net\\\/index.php\\\/2025\\\/12\\\/26\\\/otobusten-46-bin-silah-parcasi-cikmisti-6-supheli-adliyeye-sevk-edildi\\\/#breadcrumb\",\"itemListElement\":[{\"@type\":\"ListItem\",\"position\":1,\"name\":\"Anasayfa\",\"item\":\"https:\\\/\\\/memurunsesi.net\\\/\"},{\"@type\":\"ListItem\",\"position\":2,\"name\":\"Otob\u00fcsten 46 bin silah par\u00e7as\u0131 \u00e7\u0131km\u0131\u015ft\u0131, 6 \u015f\u00fcpheli adliyeye sevk edildi\"}]},{\"@type\":\"WebSite\",\"@id\":\"https:\\\/\\\/memurunsesi.net\\\/#website\",\"url\":\"https:\\\/\\\/memurunsesi.net\\\/\",\"name\":\"Memurun Sesi\",\"description\":\"G\u00fcncel ve Do\u011fru Haber\",\"publisher\":{\"@id\":\"https:\\\/\\\/memurunsesi.net\\\/#organization\"},\"potentialAction\":[{\"@type\":\"SearchAction\",\"target\":{\"@type\":\"EntryPoint\",\"urlTemplate\":\"https:\\\/\\\/memurunsesi.net\\\/?s={search_term_string}\"},\"query-input\":{\"@type\":\"PropertyValueSpecification\",\"valueRequired\":true,\"valueName\":\"search_term_string\"}}],\"inLanguage\":\"tr\"},{\"@type\":\"Organization\",\"@id\":\"https:\\\/\\\/memurunsesi.net\\\/#organization\",\"name\":\"Memurun Sesi\",\"url\":\"https:\\\/\\\/memurunsesi.net\\\/\",\"logo\":{\"@type\":\"ImageObject\",\"inLanguage\":\"tr\",\"@id\":\"https:\\\/\\\/memurunsesi.net\\\/#\\\/schema\\\/logo\\\/image\\\/\",\"url\":\"https:\\\/\\\/memurunsesi.net\\\/wp-content\\\/uploads\\\/2025\\\/11\\\/cropped-MEMURUN-SESI.png\",\"contentUrl\":\"https:\\\/\\\/memurunsesi.net\\\/wp-content\\\/uploads\\\/2025\\\/11\\\/cropped-MEMURUN-SESI.png\",\"width\":238,\"height\":57,\"caption\":\"Memurun Sesi\"},\"image\":{\"@id\":\"https:\\\/\\\/memurunsesi.net\\\/#\\\/schema\\\/logo\\\/image\\\/\"},\"sameAs\":[\"https:\\\/\\\/www.facebook.com\\\/unipersen\\\/?locale=tr_TR\",\"https:\\\/\\\/x.com\\\/unipersen\"]},{\"@type\":\"Person\",\"@id\":\"https:\\\/\\\/memurunsesi.net\\\/#\\\/schema\\\/person\\\/f21c2d73b89f6ee1d80b0a1803e38587\",\"name\":\"Memurun Sesi Haber Merkezi\",\"image\":{\"@type\":\"ImageObject\",\"inLanguage\":\"tr\",\"@id\":\"https:\\\/\\\/secure.gravatar.com\\\/avatar\\\/6cf0505f452ee753f485014986fab09a434671d2b919ee76fc541025c5876a70?s=96&d=mm&r=g\",\"url\":\"https:\\\/\\\/secure.gravatar.com\\\/avatar\\\/6cf0505f452ee753f485014986fab09a434671d2b919ee76fc541025c5876a70?s=96&d=mm&r=g\",\"contentUrl\":\"https:\\\/\\\/secure.gravatar.com\\\/avatar\\\/6cf0505f452ee753f485014986fab09a434671d2b919ee76fc541025c5876a70?s=96&d=mm&r=g\",\"caption\":\"Memurun Sesi Haber Merkezi\"},\"sameAs\":[\"https:\\\/\\\/memurunsesi.net\"],\"url\":\"https:\\\/\\\/memurunsesi.net\\\/index.php\\\/author\\\/uniper\\\/\"}]}<\/script>\n<!-- \/ Yoast SEO plugin. -->","yoast_head_json":{"title":"Otob\u00fcsten 46 bin silah par\u00e7as\u0131 \u00e7\u0131km\u0131\u015ft\u0131, 6 \u015f\u00fcpheli adliyeye sevk edildi - Memurun Sesi","description":"Otob\u00fcsten 46 bin silah par\u00e7as\u0131 \u00e7\u0131km\u0131\u015ft\u0131, 6 \u015f\u00fcpheli adliyeye sevk edildi","robots":{"index":"index","follow":"follow","max-snippet":"max-snippet:-1","max-image-preview":"max-image-preview:large","max-video-preview":"max-video-preview:-1"},"canonical":"https:\/\/memurunsesi.net\/index.php\/2025\/12\/26\/otobusten-46-bin-silah-parcasi-cikmisti-6-supheli-adliyeye-sevk-edildi\/","og_locale":"tr_TR","og_type":"article","og_title":"Otob\u00fcsten 46 bin silah par\u00e7as\u0131 \u00e7\u0131km\u0131\u015ft\u0131, 6 \u015f\u00fcpheli adliyeye sevk edildi - Memurun Sesi","og_description":"Otob\u00fcsten 46 bin silah par\u00e7as\u0131 \u00e7\u0131km\u0131\u015ft\u0131, 6 \u015f\u00fcpheli adliyeye sevk edildi","og_url":"https:\/\/memurunsesi.net\/index.php\/2025\/12\/26\/otobusten-46-bin-silah-parcasi-cikmisti-6-supheli-adliyeye-sevk-edildi\/","og_site_name":"Memurun Sesi","article_publisher":"https:\/\/www.facebook.com\/unipersen\/?locale=tr_TR","article_published_time":"2025-12-26T07:36:59+00:00","og_image":[{"width":1599,"height":1066,"url":"https:\/\/memurunsesi.net\/wp-content\/uploads\/2025\/12\/supheli-3.jpg","type":"image\/jpeg"}],"author":"Memurun Sesi Haber Merkezi","twitter_card":"summary_large_image","twitter_creator":"@unipersen","twitter_site":"@unipersen","twitter_misc":{"Yazan:":"Memurun Sesi Haber Merkezi","Tahmini okuma s\u00fcresi":"2 dakika"},"schema":{"@context":"https:\/\/schema.org","@graph":[{"@type":"Article","@id":"https:\/\/memurunsesi.net\/index.php\/2025\/12\/26\/otobusten-46-bin-silah-parcasi-cikmisti-6-supheli-adliyeye-sevk-edildi\/#article","isPartOf":{"@id":"https:\/\/memurunsesi.net\/index.php\/2025\/12\/26\/otobusten-46-bin-silah-parcasi-cikmisti-6-supheli-adliyeye-sevk-edildi\/"},"author":{"name":"Memurun Sesi Haber Merkezi","@id":"https:\/\/memurunsesi.net\/#\/schema\/person\/f21c2d73b89f6ee1d80b0a1803e38587"},"headline":"Otob\u00fcsten 46 bin silah par\u00e7as\u0131 \u00e7\u0131km\u0131\u015ft\u0131, 6 \u015f\u00fcpheli adliyeye sevk edildi","datePublished":"2025-12-26T07:36:59+00:00","mainEntityOfPage":{"@id":"https:\/\/memurunsesi.net\/index.php\/2025\/12\/26\/otobusten-46-bin-silah-parcasi-cikmisti-6-supheli-adliyeye-sevk-edildi\/"},"wordCount":325,"commentCount":0,"publisher":{"@id":"https:\/\/memurunsesi.net\/#organization"},"image":{"@id":"https:\/\/memurunsesi.net\/index.php\/2025\/12\/26\/otobusten-46-bin-silah-parcasi-cikmisti-6-supheli-adliyeye-sevk-edildi\/#primaryimage"},"thumbnailUrl":"https:\/\/memurunsesi.net\/wp-content\/uploads\/2025\/12\/supheli-3.jpg","keywords":["\u015f\u00fcpheliler adliyeye sevk edildi"],"articleSection":["T\u00fcm Haberler"],"inLanguage":"tr","potentialAction":[{"@type":"CommentAction","name":"Comment","target":["https:\/\/memurunsesi.net\/index.php\/2025\/12\/26\/otobusten-46-bin-silah-parcasi-cikmisti-6-supheli-adliyeye-sevk-edildi\/#respond"]}]},{"@type":"WebPage","@id":"https:\/\/memurunsesi.net\/index.php\/2025\/12\/26\/otobusten-46-bin-silah-parcasi-cikmisti-6-supheli-adliyeye-sevk-edildi\/","url":"https:\/\/memurunsesi.net\/index.php\/2025\/12\/26\/otobusten-46-bin-silah-parcasi-cikmisti-6-supheli-adliyeye-sevk-edildi\/","name":"Otob\u00fcsten 46 bin silah par\u00e7as\u0131 \u00e7\u0131km\u0131\u015ft\u0131, 6 \u015f\u00fcpheli adliyeye sevk edildi - Memurun Sesi","isPartOf":{"@id":"https:\/\/memurunsesi.net\/#website"},"primaryImageOfPage":{"@id":"https:\/\/memurunsesi.net\/index.php\/2025\/12\/26\/otobusten-46-bin-silah-parcasi-cikmisti-6-supheli-adliyeye-sevk-edildi\/#primaryimage"},"image":{"@id":"https:\/\/memurunsesi.net\/index.php\/2025\/12\/26\/otobusten-46-bin-silah-parcasi-cikmisti-6-supheli-adliyeye-sevk-edildi\/#primaryimage"},"thumbnailUrl":"https:\/\/memurunsesi.net\/wp-content\/uploads\/2025\/12\/supheli-3.jpg","datePublished":"2025-12-26T07:36:59+00:00","description":"Otob\u00fcsten 46 bin silah par\u00e7as\u0131 \u00e7\u0131km\u0131\u015ft\u0131, 6 \u015f\u00fcpheli adliyeye sevk edildi","breadcrumb":{"@id":"https:\/\/memurunsesi.net\/index.php\/2025\/12\/26\/otobusten-46-bin-silah-parcasi-cikmisti-6-supheli-adliyeye-sevk-edildi\/#breadcrumb"},"inLanguage":"tr","potentialAction":[{"@type":"ReadAction","target":["https:\/\/memurunsesi.net\/index.php\/2025\/12\/26\/otobusten-46-bin-silah-parcasi-cikmisti-6-supheli-adliyeye-sevk-edildi\/"]}]},{"@type":"ImageObject","inLanguage":"tr","@id":"https:\/\/memurunsesi.net\/index.php\/2025\/12\/26\/otobusten-46-bin-silah-parcasi-cikmisti-6-supheli-adliyeye-sevk-edildi\/#primaryimage","url":"https:\/\/memurunsesi.net\/wp-content\/uploads\/2025\/12\/supheli-3.jpg","contentUrl":"https:\/\/memurunsesi.net\/wp-content\/uploads\/2025\/12\/supheli-3.jpg","width":1599,"height":1066,"caption":"D\u00dcZCE'DE DURDURULAN YOLCU OTOB\u00dcS\u00dcNDE, \u0130STANBUL'A SEVK\u0130YATI YAPILAN 46 B\u0130N 655 S\u0130LAH PAR\u00c7ASI ELE GE\u00c7\u0130R\u0130LMES\u0130NE \u0130L\u0130\u015eK\u0130N G\u00d6ZALTINA ALINAN 6 \u015e\u00dcPHEL\u0130 ADL\u0130YEYE SEVK ED\u0130LD\u0130. (TEZCAN SOLMAZ\/D\u00dcZCE-\u0130HA) D\u00fczce'de durdurulan yolcu otob\u00fcs\u00fcnde, \u0130stanbul'a sevkiyat\u0131 yap\u0131lan 46 bin 655 silah par\u00e7as\u0131 ele ge\u00e7irilmesine ili\u015fkin g\u00f6zalt\u0131na al\u0131nan 6 \u015f\u00fcpheli adliyeye sevk edildi."},{"@type":"BreadcrumbList","@id":"https:\/\/memurunsesi.net\/index.php\/2025\/12\/26\/otobusten-46-bin-silah-parcasi-cikmisti-6-supheli-adliyeye-sevk-edildi\/#breadcrumb","itemListElement":[{"@type":"ListItem","position":1,"name":"Anasayfa","item":"https:\/\/memurunsesi.net\/"},{"@type":"ListItem","position":2,"name":"Otob\u00fcsten 46 bin silah par\u00e7as\u0131 \u00e7\u0131km\u0131\u015ft\u0131, 6 \u015f\u00fcpheli adliyeye sevk edildi"}]},{"@type":"WebSite","@id":"https:\/\/memurunsesi.net\/#website","url":"https:\/\/memurunsesi.net\/","name":"Memurun Sesi","description":"G\u00fcncel ve Do\u011fru Haber","publisher":{"@id":"https:\/\/memurunsesi.net\/#organization"},"potentialAction":[{"@type":"SearchAction","target":{"@type":"EntryPoint","urlTemplate":"https:\/\/memurunsesi.net\/?s={search_term_string}"},"query-input":{"@type":"PropertyValueSpecification","valueRequired":true,"valueName":"search_term_string"}}],"inLanguage":"tr"},{"@type":"Organization","@id":"https:\/\/memurunsesi.net\/#organization","name":"Memurun Sesi","url":"https:\/\/memurunsesi.net\/","logo":{"@type":"ImageObject","inLanguage":"tr","@id":"https:\/\/memurunsesi.net\/#\/schema\/logo\/image\/","url":"https:\/\/memurunsesi.net\/wp-content\/uploads\/2025\/11\/cropped-MEMURUN-SESI.png","contentUrl":"https:\/\/memurunsesi.net\/wp-content\/uploads\/2025\/11\/cropped-MEMURUN-SESI.png","width":238,"height":57,"caption":"Memurun Sesi"},"image":{"@id":"https:\/\/memurunsesi.net\/#\/schema\/logo\/image\/"},"sameAs":["https:\/\/www.facebook.com\/unipersen\/?locale=tr_TR","https:\/\/x.com\/unipersen"]},{"@type":"Person","@id":"https:\/\/memurunsesi.net\/#\/schema\/person\/f21c2d73b89f6ee1d80b0a1803e38587","name":"Memurun Sesi Haber Merkezi","image":{"@type":"ImageObject","inLanguage":"tr","@id":"https:\/\/secure.gravatar.com\/avatar\/6cf0505f452ee753f485014986fab09a434671d2b919ee76fc541025c5876a70?s=96&d=mm&r=g","url":"https:\/\/secure.gravatar.com\/avatar\/6cf0505f452ee753f485014986fab09a434671d2b919ee76fc541025c5876a70?s=96&d=mm&r=g","contentUrl":"https:\/\/secure.gravatar.com\/avatar\/6cf0505f452ee753f485014986fab09a434671d2b919ee76fc541025c5876a70?s=96&d=mm&r=g","caption":"Memurun Sesi Haber Merkezi"},"sameAs":["https:\/\/memurunsesi.net"],"url":"https:\/\/memurunsesi.net\/index.php\/author\/uniper\/"}]}},"_links":{"self":[{"href":"https:\/\/memurunsesi.net\/index.php\/wp-json\/wp\/v2\/posts\/15586","targetHints":{"allow":["GET"]}}],"collection":[{"href":"https:\/\/memurunsesi.net\/index.php\/wp-json\/wp\/v2\/posts"}],"about":[{"href":"https:\/\/memurunsesi.net\/index.php\/wp-json\/wp\/v2\/types\/post"}],"author":[{"embeddable":true,"href":"https:\/\/memurunsesi.net\/index.php\/wp-json\/wp\/v2\/users\/1"}],"replies":[{"embeddable":true,"href":"https:\/\/memurunsesi.net\/index.php\/wp-json\/wp\/v2\/comments?post=15586"}],"version-history":[{"count":1,"href":"https:\/\/memurunsesi.net\/index.php\/wp-json\/wp\/v2\/posts\/15586\/revisions"}],"predecessor-version":[{"id":15588,"href":"https:\/\/memurunsesi.net\/index.php\/wp-json\/wp\/v2\/posts\/15586\/revisions\/15588"}],"wp:featuredmedia":[{"embeddable":true,"href":"https:\/\/memurunsesi.net\/index.php\/wp-json\/wp\/v2\/media\/15587"}],"wp:attachment":[{"href":"https:\/\/memurunsesi.net\/index.php\/wp-json\/wp\/v2\/media?parent=15586"}],"wp:term":[{"taxonomy":"category","embeddable":true,"href":"https:\/\/memurunsesi.net\/index.php\/wp-json\/wp\/v2\/categories?post=15586"},{"taxonomy":"post_tag","embeddable":true,"href":"https:\/\/memurunsesi.net\/index.php\/wp-json\/wp\/v2\/tags?post=15586"}],"curies":[{"name":"wp","href":"https:\/\/api.w.org\/{rel}","templated":true}]}}