{"id":15592,"date":"2025-12-26T10:42:17","date_gmt":"2025-12-26T07:42:17","guid":{"rendered":"https:\/\/memurunsesi.net\/?p=15592"},"modified":"2025-12-26T10:42:17","modified_gmt":"2025-12-26T07:42:17","slug":"2-kisinin-olumune-sebep-olan-zanlilar-adliyede","status":"publish","type":"post","link":"https:\/\/memurunsesi.net\/index.php\/2025\/12\/26\/2-kisinin-olumune-sebep-olan-zanlilar-adliyede\/","title":{"rendered":"2 ki\u015finin \u00f6l\u00fcm\u00fcne sebep olan zanl\u0131lar adliyede"},"content":{"rendered":"<p>Tokat&#8217;ta 2 ki\u015finin hayat\u0131n\u0131 kaybetti\u011fi silahl\u0131 kavgayla ilgili g\u00f6zalt\u0131na al\u0131nan 2 \u015f\u00fcpheli adliyeye sevk edildi.<br \/>\nOlay, 24 Aral\u0131k&#8217;ta Kemalpa\u015fa k\u00f6y\u00fcnde meydana geldi. \u0130ddiaya g\u00f6re, aralar\u0131nda husumet bulunan A.G. (26) ve \u015e.G. (22) ile R\u0131za Aslan Gen\u00e7 (30), Yi\u011fit Gen\u00e7 (14) ve E.Y. (17) aras\u0131nda tart\u0131\u015fma \u00e7\u0131kt\u0131. Tart\u0131\u015fman\u0131n b\u00fcy\u00fcmesi \u00fczerine A.G. ve \u015e.G.&#8217;nin silah kulland\u0131\u011f\u0131 \u00f6ne s\u00fcr\u00fcld\u00fc. Olayda a\u011f\u0131r yaralanan R\u0131za Aslan Gen\u00e7 ile Yi\u011fit Gen\u00e7 kald\u0131r\u0131ld\u0131klar\u0131 Tokat Gaziosmanpa\u015fa \u00dcniversitesi Hastanesi&#8217;ne hayat\u0131n\u0131 kaybetti. Olayda yaralanan E.Y.&#8217;nin ise hayati tehlikesinin bulunmad\u0131\u011f\u0131 \u00f6\u011frenildi.<br \/>\nJandarma ekiplerince g\u00f6zalt\u0131na al\u0131nan A.G. ve \u015e.G., jandarmadaki i\u015flemlerinin tamamlanmas\u0131n\u0131n ard\u0131ndan adliyeye sevk edildi. Olayla ilgili soru\u015fturma s\u00fcr\u00fcyor.<\/p>\n<p>26.12.2025<\/p>\n","protected":false},"excerpt":{"rendered":"<p>Tokat&#8217;ta 2 ki\u015finin hayat\u0131n\u0131 kaybetti\u011fi silahl\u0131 kavgayla ilgili g\u00f6zalt\u0131na al\u0131nan 2 \u015f\u00fcpheli adliyeye sevk edildi. Olay, 24 Aral\u0131k&#8217;ta Kemalpa\u015fa k\u00f6y\u00fcnde meydana geldi. \u0130ddiaya g\u00f6re, aralar\u0131nda husumet bulunan A.G. (26) ve \u015e.G. (22) ile R\u0131za Aslan Gen\u00e7 (30), Yi\u011fit Gen\u00e7 (14) ve E.Y. (17) aras\u0131nda tart\u0131\u015fma \u00e7\u0131kt\u0131. Tart\u0131\u015fman\u0131n b\u00fcy\u00fcmesi \u00fczerine A.G. ve \u015e.G.&#8217;nin silah kulland\u0131\u011f\u0131 \u00f6ne [&hellip;]<\/p>\n","protected":false},"author":1,"featured_media":15593,"comment_status":"open","ping_status":"open","sticky":false,"template":"","format":"standard","meta":{"footnotes":""},"categories":[1],"tags":[687],"class_list":["post-15592","post","type-post","status-publish","format-standard","has-post-thumbnail","hentry","category-genel","tag-2-kisinin-olumune-sebep-olan-zanlilar-adliyede"],"yoast_head":"<!-- This site is optimized with the Yoast SEO plugin v27.4 - https:\/\/yoast.com\/product\/yoast-seo-wordpress\/ -->\n<title>2 ki\u015finin \u00f6l\u00fcm\u00fcne sebep olan zanl\u0131lar adliyede - Memurun Sesi<\/title>\n<meta name=\"description\" content=\"2 ki\u015finin \u00f6l\u00fcm\u00fcne sebep olan zanl\u0131lar adliyede\" \/>\n<meta name=\"robots\" content=\"index, follow, max-snippet:-1, max-image-preview:large, max-video-preview:-1\" \/>\n<link rel=\"canonical\" href=\"https:\/\/memurunsesi.net\/index.php\/2025\/12\/26\/2-kisinin-olumune-sebep-olan-zanlilar-adliyede\/\" \/>\n<meta property=\"og:locale\" content=\"tr_TR\" \/>\n<meta property=\"og:type\" content=\"article\" \/>\n<meta property=\"og:title\" content=\"2 ki\u015finin \u00f6l\u00fcm\u00fcne sebep olan zanl\u0131lar adliyede - Memurun Sesi\" \/>\n<meta property=\"og:description\" content=\"2 ki\u015finin \u00f6l\u00fcm\u00fcne sebep olan zanl\u0131lar adliyede\" \/>\n<meta property=\"og:url\" content=\"https:\/\/memurunsesi.net\/index.php\/2025\/12\/26\/2-kisinin-olumune-sebep-olan-zanlilar-adliyede\/\" \/>\n<meta property=\"og:site_name\" content=\"Memurun Sesi\" \/>\n<meta property=\"article:publisher\" content=\"https:\/\/www.facebook.com\/unipersen\/?locale=tr_TR\" \/>\n<meta property=\"article:published_time\" content=\"2025-12-26T07:42:17+00:00\" \/>\n<meta property=\"og:image\" content=\"https:\/\/memurunsesi.net\/wp-content\/uploads\/2025\/12\/haber-9-scaled.jpg\" \/>\n\t<meta property=\"og:image:width\" content=\"2560\" \/>\n\t<meta property=\"og:image:height\" content=\"1440\" \/>\n\t<meta property=\"og:image:type\" content=\"image\/jpeg\" \/>\n<meta name=\"author\" content=\"Memurun Sesi Haber Merkezi\" \/>\n<meta name=\"twitter:card\" content=\"summary_large_image\" \/>\n<meta name=\"twitter:creator\" content=\"@unipersen\" \/>\n<meta name=\"twitter:site\" content=\"@unipersen\" \/>\n<meta name=\"twitter:label1\" content=\"Yazan:\" \/>\n\t<meta name=\"twitter:data1\" content=\"Memurun Sesi Haber Merkezi\" \/>\n\t<meta name=\"twitter:label2\" content=\"Tahmini okuma s\u00fcresi\" \/>\n\t<meta name=\"twitter:data2\" content=\"1 dakika\" \/>\n<script type=\"application\/ld+json\" class=\"yoast-schema-graph\">{\"@context\":\"https:\\\/\\\/schema.org\",\"@graph\":[{\"@type\":\"Article\",\"@id\":\"https:\\\/\\\/memurunsesi.net\\\/index.php\\\/2025\\\/12\\\/26\\\/2-kisinin-olumune-sebep-olan-zanlilar-adliyede\\\/#article\",\"isPartOf\":{\"@id\":\"https:\\\/\\\/memurunsesi.net\\\/index.php\\\/2025\\\/12\\\/26\\\/2-kisinin-olumune-sebep-olan-zanlilar-adliyede\\\/\"},\"author\":{\"name\":\"Memurun Sesi Haber Merkezi\",\"@id\":\"https:\\\/\\\/memurunsesi.net\\\/#\\\/schema\\\/person\\\/f21c2d73b89f6ee1d80b0a1803e38587\"},\"headline\":\"2 ki\u015finin \u00f6l\u00fcm\u00fcne sebep olan zanl\u0131lar adliyede\",\"datePublished\":\"2025-12-26T07:42:17+00:00\",\"mainEntityOfPage\":{\"@id\":\"https:\\\/\\\/memurunsesi.net\\\/index.php\\\/2025\\\/12\\\/26\\\/2-kisinin-olumune-sebep-olan-zanlilar-adliyede\\\/\"},\"wordCount\":150,\"commentCount\":0,\"publisher\":{\"@id\":\"https:\\\/\\\/memurunsesi.net\\\/#organization\"},\"image\":{\"@id\":\"https:\\\/\\\/memurunsesi.net\\\/index.php\\\/2025\\\/12\\\/26\\\/2-kisinin-olumune-sebep-olan-zanlilar-adliyede\\\/#primaryimage\"},\"thumbnailUrl\":\"https:\\\/\\\/memurunsesi.net\\\/wp-content\\\/uploads\\\/2025\\\/12\\\/haber-9-scaled.jpg\",\"keywords\":[\"2 ki\u015finin \u00f6l\u00fcm\u00fcne sebep olan zanl\u0131lar adliyede\"],\"inLanguage\":\"tr\",\"potentialAction\":[{\"@type\":\"CommentAction\",\"name\":\"Comment\",\"target\":[\"https:\\\/\\\/memurunsesi.net\\\/index.php\\\/2025\\\/12\\\/26\\\/2-kisinin-olumune-sebep-olan-zanlilar-adliyede\\\/#respond\"]}]},{\"@type\":\"WebPage\",\"@id\":\"https:\\\/\\\/memurunsesi.net\\\/index.php\\\/2025\\\/12\\\/26\\\/2-kisinin-olumune-sebep-olan-zanlilar-adliyede\\\/\",\"url\":\"https:\\\/\\\/memurunsesi.net\\\/index.php\\\/2025\\\/12\\\/26\\\/2-kisinin-olumune-sebep-olan-zanlilar-adliyede\\\/\",\"name\":\"2 ki\u015finin \u00f6l\u00fcm\u00fcne sebep olan zanl\u0131lar adliyede - Memurun Sesi\",\"isPartOf\":{\"@id\":\"https:\\\/\\\/memurunsesi.net\\\/#website\"},\"primaryImageOfPage\":{\"@id\":\"https:\\\/\\\/memurunsesi.net\\\/index.php\\\/2025\\\/12\\\/26\\\/2-kisinin-olumune-sebep-olan-zanlilar-adliyede\\\/#primaryimage\"},\"image\":{\"@id\":\"https:\\\/\\\/memurunsesi.net\\\/index.php\\\/2025\\\/12\\\/26\\\/2-kisinin-olumune-sebep-olan-zanlilar-adliyede\\\/#primaryimage\"},\"thumbnailUrl\":\"https:\\\/\\\/memurunsesi.net\\\/wp-content\\\/uploads\\\/2025\\\/12\\\/haber-9-scaled.jpg\",\"datePublished\":\"2025-12-26T07:42:17+00:00\",\"description\":\"2 ki\u015finin \u00f6l\u00fcm\u00fcne sebep olan zanl\u0131lar adliyede\",\"breadcrumb\":{\"@id\":\"https:\\\/\\\/memurunsesi.net\\\/index.php\\\/2025\\\/12\\\/26\\\/2-kisinin-olumune-sebep-olan-zanlilar-adliyede\\\/#breadcrumb\"},\"inLanguage\":\"tr\",\"potentialAction\":[{\"@type\":\"ReadAction\",\"target\":[\"https:\\\/\\\/memurunsesi.net\\\/index.php\\\/2025\\\/12\\\/26\\\/2-kisinin-olumune-sebep-olan-zanlilar-adliyede\\\/\"]}]},{\"@type\":\"ImageObject\",\"inLanguage\":\"tr\",\"@id\":\"https:\\\/\\\/memurunsesi.net\\\/index.php\\\/2025\\\/12\\\/26\\\/2-kisinin-olumune-sebep-olan-zanlilar-adliyede\\\/#primaryimage\",\"url\":\"https:\\\/\\\/memurunsesi.net\\\/wp-content\\\/uploads\\\/2025\\\/12\\\/haber-9-scaled.jpg\",\"contentUrl\":\"https:\\\/\\\/memurunsesi.net\\\/wp-content\\\/uploads\\\/2025\\\/12\\\/haber-9-scaled.jpg\",\"width\":2560,\"height\":1440,\"caption\":\"TOKAT'TA \u0130K\u0130 K\u0130\u015e\u0130N\u0130N HAYATINI KAYBETT\u0130\u011e\u0130 S\u0130LAHLI KAVGADA OLAYLA \u0130LG\u0130L\u0130 G\u00d6ZALTINA ALINAN 2 \u015e\u00dcPHEL\u0130 ADL\u0130YEYE SEVK ED\u0130LD\u0130. (YAS\u0130N KIRAS\\\/TOKAT-\u0130HA) Tokat'ta 2 ki\u015finin hayat\u0131n\u0131 kaybetti\u011fi silahl\u0131 kavgayla ilgili g\u00f6zalt\u0131na al\u0131nan 2 \u015f\u00fcpheli adliyeye sevk edildi.\"},{\"@type\":\"BreadcrumbList\",\"@id\":\"https:\\\/\\\/memurunsesi.net\\\/index.php\\\/2025\\\/12\\\/26\\\/2-kisinin-olumune-sebep-olan-zanlilar-adliyede\\\/#breadcrumb\",\"itemListElement\":[{\"@type\":\"ListItem\",\"position\":1,\"name\":\"Anasayfa\",\"item\":\"https:\\\/\\\/memurunsesi.net\\\/\"},{\"@type\":\"ListItem\",\"position\":2,\"name\":\"2 ki\u015finin \u00f6l\u00fcm\u00fcne sebep olan zanl\u0131lar adliyede\"}]},{\"@type\":\"WebSite\",\"@id\":\"https:\\\/\\\/memurunsesi.net\\\/#website\",\"url\":\"https:\\\/\\\/memurunsesi.net\\\/\",\"name\":\"Memurun Sesi\",\"description\":\"G\u00fcncel ve Do\u011fru Haber\",\"publisher\":{\"@id\":\"https:\\\/\\\/memurunsesi.net\\\/#organization\"},\"potentialAction\":[{\"@type\":\"SearchAction\",\"target\":{\"@type\":\"EntryPoint\",\"urlTemplate\":\"https:\\\/\\\/memurunsesi.net\\\/?s={search_term_string}\"},\"query-input\":{\"@type\":\"PropertyValueSpecification\",\"valueRequired\":true,\"valueName\":\"search_term_string\"}}],\"inLanguage\":\"tr\"},{\"@type\":\"Organization\",\"@id\":\"https:\\\/\\\/memurunsesi.net\\\/#organization\",\"name\":\"Memurun Sesi\",\"url\":\"https:\\\/\\\/memurunsesi.net\\\/\",\"logo\":{\"@type\":\"ImageObject\",\"inLanguage\":\"tr\",\"@id\":\"https:\\\/\\\/memurunsesi.net\\\/#\\\/schema\\\/logo\\\/image\\\/\",\"url\":\"https:\\\/\\\/memurunsesi.net\\\/wp-content\\\/uploads\\\/2025\\\/11\\\/cropped-MEMURUN-SESI.png\",\"contentUrl\":\"https:\\\/\\\/memurunsesi.net\\\/wp-content\\\/uploads\\\/2025\\\/11\\\/cropped-MEMURUN-SESI.png\",\"width\":238,\"height\":57,\"caption\":\"Memurun Sesi\"},\"image\":{\"@id\":\"https:\\\/\\\/memurunsesi.net\\\/#\\\/schema\\\/logo\\\/image\\\/\"},\"sameAs\":[\"https:\\\/\\\/www.facebook.com\\\/unipersen\\\/?locale=tr_TR\",\"https:\\\/\\\/x.com\\\/unipersen\"]},{\"@type\":\"Person\",\"@id\":\"https:\\\/\\\/memurunsesi.net\\\/#\\\/schema\\\/person\\\/f21c2d73b89f6ee1d80b0a1803e38587\",\"name\":\"Memurun Sesi Haber Merkezi\",\"image\":{\"@type\":\"ImageObject\",\"inLanguage\":\"tr\",\"@id\":\"https:\\\/\\\/secure.gravatar.com\\\/avatar\\\/6cf0505f452ee753f485014986fab09a434671d2b919ee76fc541025c5876a70?s=96&d=mm&r=g\",\"url\":\"https:\\\/\\\/secure.gravatar.com\\\/avatar\\\/6cf0505f452ee753f485014986fab09a434671d2b919ee76fc541025c5876a70?s=96&d=mm&r=g\",\"contentUrl\":\"https:\\\/\\\/secure.gravatar.com\\\/avatar\\\/6cf0505f452ee753f485014986fab09a434671d2b919ee76fc541025c5876a70?s=96&d=mm&r=g\",\"caption\":\"Memurun Sesi Haber Merkezi\"},\"sameAs\":[\"https:\\\/\\\/memurunsesi.net\"],\"url\":\"https:\\\/\\\/memurunsesi.net\\\/index.php\\\/author\\\/uniper\\\/\"}]}<\/script>\n<!-- \/ Yoast SEO plugin. -->","yoast_head_json":{"title":"2 ki\u015finin \u00f6l\u00fcm\u00fcne sebep olan zanl\u0131lar adliyede - Memurun Sesi","description":"2 ki\u015finin \u00f6l\u00fcm\u00fcne sebep olan zanl\u0131lar adliyede","robots":{"index":"index","follow":"follow","max-snippet":"max-snippet:-1","max-image-preview":"max-image-preview:large","max-video-preview":"max-video-preview:-1"},"canonical":"https:\/\/memurunsesi.net\/index.php\/2025\/12\/26\/2-kisinin-olumune-sebep-olan-zanlilar-adliyede\/","og_locale":"tr_TR","og_type":"article","og_title":"2 ki\u015finin \u00f6l\u00fcm\u00fcne sebep olan zanl\u0131lar adliyede - Memurun Sesi","og_description":"2 ki\u015finin \u00f6l\u00fcm\u00fcne sebep olan zanl\u0131lar adliyede","og_url":"https:\/\/memurunsesi.net\/index.php\/2025\/12\/26\/2-kisinin-olumune-sebep-olan-zanlilar-adliyede\/","og_site_name":"Memurun Sesi","article_publisher":"https:\/\/www.facebook.com\/unipersen\/?locale=tr_TR","article_published_time":"2025-12-26T07:42:17+00:00","og_image":[{"width":2560,"height":1440,"url":"https:\/\/memurunsesi.net\/wp-content\/uploads\/2025\/12\/haber-9-scaled.jpg","type":"image\/jpeg"}],"author":"Memurun Sesi Haber Merkezi","twitter_card":"summary_large_image","twitter_creator":"@unipersen","twitter_site":"@unipersen","twitter_misc":{"Yazan:":"Memurun Sesi Haber Merkezi","Tahmini okuma s\u00fcresi":"1 dakika"},"schema":{"@context":"https:\/\/schema.org","@graph":[{"@type":"Article","@id":"https:\/\/memurunsesi.net\/index.php\/2025\/12\/26\/2-kisinin-olumune-sebep-olan-zanlilar-adliyede\/#article","isPartOf":{"@id":"https:\/\/memurunsesi.net\/index.php\/2025\/12\/26\/2-kisinin-olumune-sebep-olan-zanlilar-adliyede\/"},"author":{"name":"Memurun Sesi Haber Merkezi","@id":"https:\/\/memurunsesi.net\/#\/schema\/person\/f21c2d73b89f6ee1d80b0a1803e38587"},"headline":"2 ki\u015finin \u00f6l\u00fcm\u00fcne sebep olan zanl\u0131lar adliyede","datePublished":"2025-12-26T07:42:17+00:00","mainEntityOfPage":{"@id":"https:\/\/memurunsesi.net\/index.php\/2025\/12\/26\/2-kisinin-olumune-sebep-olan-zanlilar-adliyede\/"},"wordCount":150,"commentCount":0,"publisher":{"@id":"https:\/\/memurunsesi.net\/#organization"},"image":{"@id":"https:\/\/memurunsesi.net\/index.php\/2025\/12\/26\/2-kisinin-olumune-sebep-olan-zanlilar-adliyede\/#primaryimage"},"thumbnailUrl":"https:\/\/memurunsesi.net\/wp-content\/uploads\/2025\/12\/haber-9-scaled.jpg","keywords":["2 ki\u015finin \u00f6l\u00fcm\u00fcne sebep olan zanl\u0131lar adliyede"],"inLanguage":"tr","potentialAction":[{"@type":"CommentAction","name":"Comment","target":["https:\/\/memurunsesi.net\/index.php\/2025\/12\/26\/2-kisinin-olumune-sebep-olan-zanlilar-adliyede\/#respond"]}]},{"@type":"WebPage","@id":"https:\/\/memurunsesi.net\/index.php\/2025\/12\/26\/2-kisinin-olumune-sebep-olan-zanlilar-adliyede\/","url":"https:\/\/memurunsesi.net\/index.php\/2025\/12\/26\/2-kisinin-olumune-sebep-olan-zanlilar-adliyede\/","name":"2 ki\u015finin \u00f6l\u00fcm\u00fcne sebep olan zanl\u0131lar adliyede - Memurun Sesi","isPartOf":{"@id":"https:\/\/memurunsesi.net\/#website"},"primaryImageOfPage":{"@id":"https:\/\/memurunsesi.net\/index.php\/2025\/12\/26\/2-kisinin-olumune-sebep-olan-zanlilar-adliyede\/#primaryimage"},"image":{"@id":"https:\/\/memurunsesi.net\/index.php\/2025\/12\/26\/2-kisinin-olumune-sebep-olan-zanlilar-adliyede\/#primaryimage"},"thumbnailUrl":"https:\/\/memurunsesi.net\/wp-content\/uploads\/2025\/12\/haber-9-scaled.jpg","datePublished":"2025-12-26T07:42:17+00:00","description":"2 ki\u015finin \u00f6l\u00fcm\u00fcne sebep olan zanl\u0131lar adliyede","breadcrumb":{"@id":"https:\/\/memurunsesi.net\/index.php\/2025\/12\/26\/2-kisinin-olumune-sebep-olan-zanlilar-adliyede\/#breadcrumb"},"inLanguage":"tr","potentialAction":[{"@type":"ReadAction","target":["https:\/\/memurunsesi.net\/index.php\/2025\/12\/26\/2-kisinin-olumune-sebep-olan-zanlilar-adliyede\/"]}]},{"@type":"ImageObject","inLanguage":"tr","@id":"https:\/\/memurunsesi.net\/index.php\/2025\/12\/26\/2-kisinin-olumune-sebep-olan-zanlilar-adliyede\/#primaryimage","url":"https:\/\/memurunsesi.net\/wp-content\/uploads\/2025\/12\/haber-9-scaled.jpg","contentUrl":"https:\/\/memurunsesi.net\/wp-content\/uploads\/2025\/12\/haber-9-scaled.jpg","width":2560,"height":1440,"caption":"TOKAT'TA \u0130K\u0130 K\u0130\u015e\u0130N\u0130N HAYATINI KAYBETT\u0130\u011e\u0130 S\u0130LAHLI KAVGADA OLAYLA \u0130LG\u0130L\u0130 G\u00d6ZALTINA ALINAN 2 \u015e\u00dcPHEL\u0130 ADL\u0130YEYE SEVK ED\u0130LD\u0130. (YAS\u0130N KIRAS\/TOKAT-\u0130HA) Tokat'ta 2 ki\u015finin hayat\u0131n\u0131 kaybetti\u011fi silahl\u0131 kavgayla ilgili g\u00f6zalt\u0131na al\u0131nan 2 \u015f\u00fcpheli adliyeye sevk edildi."},{"@type":"BreadcrumbList","@id":"https:\/\/memurunsesi.net\/index.php\/2025\/12\/26\/2-kisinin-olumune-sebep-olan-zanlilar-adliyede\/#breadcrumb","itemListElement":[{"@type":"ListItem","position":1,"name":"Anasayfa","item":"https:\/\/memurunsesi.net\/"},{"@type":"ListItem","position":2,"name":"2 ki\u015finin \u00f6l\u00fcm\u00fcne sebep olan zanl\u0131lar adliyede"}]},{"@type":"WebSite","@id":"https:\/\/memurunsesi.net\/#website","url":"https:\/\/memurunsesi.net\/","name":"Memurun Sesi","description":"G\u00fcncel ve Do\u011fru Haber","publisher":{"@id":"https:\/\/memurunsesi.net\/#organization"},"potentialAction":[{"@type":"SearchAction","target":{"@type":"EntryPoint","urlTemplate":"https:\/\/memurunsesi.net\/?s={search_term_string}"},"query-input":{"@type":"PropertyValueSpecification","valueRequired":true,"valueName":"search_term_string"}}],"inLanguage":"tr"},{"@type":"Organization","@id":"https:\/\/memurunsesi.net\/#organization","name":"Memurun Sesi","url":"https:\/\/memurunsesi.net\/","logo":{"@type":"ImageObject","inLanguage":"tr","@id":"https:\/\/memurunsesi.net\/#\/schema\/logo\/image\/","url":"https:\/\/memurunsesi.net\/wp-content\/uploads\/2025\/11\/cropped-MEMURUN-SESI.png","contentUrl":"https:\/\/memurunsesi.net\/wp-content\/uploads\/2025\/11\/cropped-MEMURUN-SESI.png","width":238,"height":57,"caption":"Memurun Sesi"},"image":{"@id":"https:\/\/memurunsesi.net\/#\/schema\/logo\/image\/"},"sameAs":["https:\/\/www.facebook.com\/unipersen\/?locale=tr_TR","https:\/\/x.com\/unipersen"]},{"@type":"Person","@id":"https:\/\/memurunsesi.net\/#\/schema\/person\/f21c2d73b89f6ee1d80b0a1803e38587","name":"Memurun Sesi Haber Merkezi","image":{"@type":"ImageObject","inLanguage":"tr","@id":"https:\/\/secure.gravatar.com\/avatar\/6cf0505f452ee753f485014986fab09a434671d2b919ee76fc541025c5876a70?s=96&d=mm&r=g","url":"https:\/\/secure.gravatar.com\/avatar\/6cf0505f452ee753f485014986fab09a434671d2b919ee76fc541025c5876a70?s=96&d=mm&r=g","contentUrl":"https:\/\/secure.gravatar.com\/avatar\/6cf0505f452ee753f485014986fab09a434671d2b919ee76fc541025c5876a70?s=96&d=mm&r=g","caption":"Memurun Sesi Haber Merkezi"},"sameAs":["https:\/\/memurunsesi.net"],"url":"https:\/\/memurunsesi.net\/index.php\/author\/uniper\/"}]}},"_links":{"self":[{"href":"https:\/\/memurunsesi.net\/index.php\/wp-json\/wp\/v2\/posts\/15592","targetHints":{"allow":["GET"]}}],"collection":[{"href":"https:\/\/memurunsesi.net\/index.php\/wp-json\/wp\/v2\/posts"}],"about":[{"href":"https:\/\/memurunsesi.net\/index.php\/wp-json\/wp\/v2\/types\/post"}],"author":[{"embeddable":true,"href":"https:\/\/memurunsesi.net\/index.php\/wp-json\/wp\/v2\/users\/1"}],"replies":[{"embeddable":true,"href":"https:\/\/memurunsesi.net\/index.php\/wp-json\/wp\/v2\/comments?post=15592"}],"version-history":[{"count":1,"href":"https:\/\/memurunsesi.net\/index.php\/wp-json\/wp\/v2\/posts\/15592\/revisions"}],"predecessor-version":[{"id":15594,"href":"https:\/\/memurunsesi.net\/index.php\/wp-json\/wp\/v2\/posts\/15592\/revisions\/15594"}],"wp:featuredmedia":[{"embeddable":true,"href":"https:\/\/memurunsesi.net\/index.php\/wp-json\/wp\/v2\/media\/15593"}],"wp:attachment":[{"href":"https:\/\/memurunsesi.net\/index.php\/wp-json\/wp\/v2\/media?parent=15592"}],"wp:term":[{"taxonomy":"category","embeddable":true,"href":"https:\/\/memurunsesi.net\/index.php\/wp-json\/wp\/v2\/categories?post=15592"},{"taxonomy":"post_tag","embeddable":true,"href":"https:\/\/memurunsesi.net\/index.php\/wp-json\/wp\/v2\/tags?post=15592"}],"curies":[{"name":"wp","href":"https:\/\/api.w.org\/{rel}","templated":true}]}}