{"id":15628,"date":"2025-12-26T22:01:00","date_gmt":"2025-12-26T19:01:00","guid":{"rendered":"https:\/\/memurunsesi.net\/?p=15628"},"modified":"2025-12-26T22:01:00","modified_gmt":"2025-12-26T19:01:00","slug":"yapay-zeka-vizyonu-iki-prestijli-odulle-taclandi","status":"publish","type":"post","link":"https:\/\/memurunsesi.net\/index.php\/2025\/12\/26\/yapay-zeka-vizyonu-iki-prestijli-odulle-taclandi\/","title":{"rendered":"Yapay zeka vizyonu iki prestijli \u00f6d\u00fclle ta\u00e7land\u0131"},"content":{"rendered":"<p>Samsun merkezli elektrik da\u011f\u0131t\u0131m firmas\u0131, yapay zek\u00e2 ve dijital d\u00f6n\u00fc\u015f\u00fcm alan\u0131ndaki yenilik\u00e7i uygulamalar\u0131 sayesinde iki \u00f6nemli \u00f6d\u00fcle lay\u0131k g\u00f6r\u00fclerek ulusal \u00f6l\u00e7ekte dikkat \u00e7ekici bir ba\u015far\u0131ya imza att\u0131.<br \/>\nFuture of AI &amp;amp; Cloud Zirvesi\u2019nde NEBULA &amp;amp; YEDA\u015e AI Projesi ile &#8220;Best AI Powered Decision &amp;amp; Management&#8221; \u00f6d\u00fcl\u00fcn\u00fc alan YEDA\u015e, IDC Technology Symposium\u2019da ise 2025 Yapay Zek\u00e2 Y\u0131l\u0131 Projesiyle &#8220;Best in New Ways of Work&#8221; kategorisinde \u00fc\u00e7\u00fcnc\u00fcl\u00fck elde etti. Bu ba\u015far\u0131lar, \u015firketin d\u00f6n\u00fc\u015f\u00fcm yakla\u015f\u0131m\u0131n\u0131n geni\u015f bir \u00e7evrede takdir edildi\u011fini ortaya koydu.<br \/>\nYEDA\u015e\u2019\u0131n bu y\u0131l hayata ge\u00e7irdi\u011fi yapay zek\u00e2 odakl\u0131 \u00e7al\u0131\u015fmalar; i\u015f s\u00fcre\u00e7lerinin h\u0131zlanmas\u0131na, bilgiye eri\u015fimin kolayla\u015fmas\u0131na ve \u015firket genelinde daha verimli bir \u00e7al\u0131\u015fma k\u00fclt\u00fcr\u00fcn\u00fcn olu\u015fmas\u0131na katk\u0131 sa\u011flad\u0131. NEBULA &amp;amp; YEDA\u015e AI Projesi, \u00e7al\u0131\u015fanlar\u0131n g\u00fcnl\u00fck operasyonlar\u0131nda ihtiya\u00e7 duydu\u011fu bilgilere eri\u015fimi sadele\u015ftiren yenilik\u00e7i bir yapay zek\u00e2 platformu sunarken, 2025 Yapay Zek\u00e2 Y\u0131l\u0131 Projesi ise \u015firket genelinde geni\u015f kat\u0131l\u0131ml\u0131 bir d\u00f6n\u00fc\u015f\u00fcm program\u0131 olarak dikkat \u00e7ekti. Her iki proje de teknoloji kullan\u0131m\u0131n\u0131 i\u015fin merkezine alan stratejik bir yakla\u015f\u0131m\u0131n \u00fcr\u00fcn\u00fc olarak de\u011ferlendirilerek \u00f6d\u00fcle lay\u0131k g\u00f6r\u00fcld\u00fc.<br \/>\nFuture of AI &amp;amp; Cloud Zirvesi\u2019nde \u00f6d\u00fcllendirilen NEBULA &amp;amp; YEDA\u015e AI Projesi; \u00e7al\u0131\u015fanlar\u0131n ihtiya\u00e7 duyduklar\u0131 bilgiye h\u0131zl\u0131 eri\u015fmesini sa\u011flayan, s\u00fcre\u00e7lerdeki i\u015f y\u00fck\u00fcn\u00fc azaltan ve kurum i\u00e7inde ortak kullan\u0131m al\u0131\u015fkanl\u0131\u011f\u0131n\u0131 g\u00fc\u00e7lendiren yap\u0131s\u0131yla \u00f6ne \u00e7\u0131k\u0131yor. Nebula AI Asistan sayesinde mevzuatlara, \u0130K dok\u00fcmanlar\u0131na ve kurum i\u00e7i prosed\u00fcrlere tek merkezden eri\u015fim sa\u011flan\u0131rken, projede yer alan yapay zek\u00e2 uygulamalar\u0131 toplant\u0131 y\u00f6netimi, \u00e7a\u011fr\u0131 merkezi s\u00fcre\u00e7leri ve planlama ad\u0131mlar\u0131 gibi bir\u00e7ok alanda destek sunuyor. Bu b\u00fct\u00fcnle\u015fik yap\u0131, s\u00fcre\u00e7lerin daha verimli ilerlemesine ve \u015firket i\u00e7i bilgi y\u00f6netiminin geli\u015fmesine katk\u0131 sa\u011fl\u0131yor.<br \/>\nIDC Technology Symposium\u2019da \u00f6d\u00fcllendirilen 2025 Yapay Zek\u00e2 Y\u0131l\u0131 Projesi de \u00e7al\u0131\u015fanlar\u0131n yapay zek\u00e2 uygulamalar\u0131n\u0131 i\u015f s\u00fcre\u00e7lerinde daha etkin kullanmas\u0131na y\u00f6nelik kapsaml\u0131 bir geli\u015fim y\u0131l\u0131 olarak \u00f6ne \u00e7\u0131k\u0131yor. E\u011fitimler, at\u00f6lyeler, seminerler, yar\u0131\u015fmalar ve d\u0131\u015f payda\u015flarla y\u00fcr\u00fct\u00fclen i\u015f birlikleriyle desteklenen program, \u015firket i\u00e7inde yapay zek\u00e2 bilincinin yayg\u0131nla\u015fmas\u0131n\u0131 g\u00fc\u00e7lendiriyor. Farkl\u0131 birimlerde g\u00f6rev alan Anahtar Kullan\u0131c\u0131lar ise bu d\u00f6n\u00fc\u015f\u00fcm\u00fcn g\u00fcnl\u00fck i\u015f ak\u0131\u015flar\u0131na yerle\u015fmesinde \u00f6nemli rol oynuyor.<\/p>\n<p>&#8220;\u00d6nceli\u011fimiz, operasyonel verimlili\u011fi ve m\u00fc\u015fteri memnuniyetini art\u0131rmak&#8221;<br \/>\nYEDA\u015e BT ve Dijital D\u00f6n\u00fc\u015f\u00fcm Koordinat\u00f6r\u00fc Mehmet Sami Ensari, al\u0131nan \u00f6d\u00fcllere ili\u015fkin yapt\u0131\u011f\u0131 de\u011ferlendirmede, &#8220;Her iki projemiz de \u015firketimizde uzun s\u00fcredir devam eden \u00e7al\u0131\u015fmalar\u0131n \u00f6nemli bir yans\u0131mas\u0131 niteli\u011finde. Teknolojiyi s\u00fcre\u00e7lerimize entegre ederken \u00f6nceli\u011fimiz, operasyonel verimlili\u011fi ve m\u00fc\u015fteri memnuniyetini art\u0131rmak, s\u00fcre\u00e7lerimizi yal\u0131nla\u015ft\u0131rmak, kaliteli ve s\u00fcrd\u00fcr\u00fclebilir hizmet sa\u011flamak oldu. Elde edilen bu sonu\u00e7lar, ekiplerimizin ortaya koydu\u011fu yo\u011fun eme\u011fin ve kurum genelinde benimsenen d\u00f6n\u00fc\u015f\u00fcm anlay\u0131\u015f\u0131n\u0131n somut bir g\u00f6stergesi niteli\u011finde. \u00d6n\u00fcm\u00fczdeki d\u00f6nemde yapay zek\u00e2 uygulamalar\u0131n\u0131 daha geni\u015f alanlarda kullanarak kurumsal geli\u015fimi desteklemeye devam edece\u011fiz&#8221; dedi.<\/p>\n<p>26.12.2025<\/p>\n","protected":false},"excerpt":{"rendered":"<p>Samsun merkezli elektrik da\u011f\u0131t\u0131m firmas\u0131, yapay zek\u00e2 ve dijital d\u00f6n\u00fc\u015f\u00fcm alan\u0131ndaki yenilik\u00e7i uygulamalar\u0131 sayesinde iki \u00f6nemli \u00f6d\u00fcle lay\u0131k g\u00f6r\u00fclerek ulusal \u00f6l\u00e7ekte dikkat \u00e7ekici bir ba\u015far\u0131ya imza att\u0131. Future of AI &amp;amp; Cloud Zirvesi\u2019nde NEBULA &amp;amp; YEDA\u015e AI Projesi ile &#8220;Best AI Powered Decision &amp;amp; Management&#8221; \u00f6d\u00fcl\u00fcn\u00fc alan YEDA\u015e, IDC Technology Symposium\u2019da ise 2025 Yapay Zek\u00e2 [&hellip;]<\/p>\n","protected":false},"author":1,"featured_media":15629,"comment_status":"open","ping_status":"open","sticky":false,"template":"","format":"standard","meta":{"footnotes":""},"categories":[51],"tags":[84],"class_list":["post-15628","post","type-post","status-publish","format-standard","has-post-thumbnail","hentry","category-teknoloji","tag-yapay-zeka"],"yoast_head":"<!-- This site is optimized with the Yoast SEO plugin v27.4 - https:\/\/yoast.com\/product\/yoast-seo-wordpress\/ -->\n<title>Yapay zeka vizyonu iki prestijli \u00f6d\u00fclle ta\u00e7land\u0131 - Memurun Sesi<\/title>\n<meta name=\"description\" content=\"Yapay zeka vizyonu iki prestijli \u00f6d\u00fclle ta\u00e7land\u0131\" \/>\n<meta name=\"robots\" content=\"index, follow, max-snippet:-1, max-image-preview:large, max-video-preview:-1\" \/>\n<link rel=\"canonical\" href=\"https:\/\/memurunsesi.net\/index.php\/2025\/12\/26\/yapay-zeka-vizyonu-iki-prestijli-odulle-taclandi\/\" \/>\n<meta property=\"og:locale\" content=\"tr_TR\" \/>\n<meta property=\"og:type\" content=\"article\" \/>\n<meta property=\"og:title\" content=\"Yapay zeka vizyonu iki prestijli \u00f6d\u00fclle ta\u00e7land\u0131 - Memurun Sesi\" \/>\n<meta property=\"og:description\" content=\"Yapay zeka vizyonu iki prestijli \u00f6d\u00fclle ta\u00e7land\u0131\" \/>\n<meta property=\"og:url\" content=\"https:\/\/memurunsesi.net\/index.php\/2025\/12\/26\/yapay-zeka-vizyonu-iki-prestijli-odulle-taclandi\/\" \/>\n<meta property=\"og:site_name\" content=\"Memurun Sesi\" \/>\n<meta property=\"article:publisher\" content=\"https:\/\/www.facebook.com\/unipersen\/?locale=tr_TR\" \/>\n<meta property=\"article:published_time\" content=\"2025-12-26T19:01:00+00:00\" \/>\n<meta property=\"og:image\" content=\"https:\/\/memurunsesi.net\/wp-content\/uploads\/2025\/12\/yapay-1-scaled.jpg\" \/>\n\t<meta property=\"og:image:width\" content=\"2560\" \/>\n\t<meta property=\"og:image:height\" content=\"1707\" \/>\n\t<meta property=\"og:image:type\" content=\"image\/jpeg\" \/>\n<meta name=\"author\" content=\"Memurun Sesi Haber Merkezi\" \/>\n<meta name=\"twitter:card\" content=\"summary_large_image\" \/>\n<meta name=\"twitter:creator\" content=\"@unipersen\" \/>\n<meta name=\"twitter:site\" content=\"@unipersen\" \/>\n<meta name=\"twitter:label1\" content=\"Yazan:\" \/>\n\t<meta name=\"twitter:data1\" content=\"Memurun Sesi Haber Merkezi\" \/>\n\t<meta name=\"twitter:label2\" content=\"Tahmini okuma s\u00fcresi\" \/>\n\t<meta name=\"twitter:data2\" content=\"3 dakika\" \/>\n<script type=\"application\/ld+json\" class=\"yoast-schema-graph\">{\"@context\":\"https:\\\/\\\/schema.org\",\"@graph\":[{\"@type\":\"Article\",\"@id\":\"https:\\\/\\\/memurunsesi.net\\\/index.php\\\/2025\\\/12\\\/26\\\/yapay-zeka-vizyonu-iki-prestijli-odulle-taclandi\\\/#article\",\"isPartOf\":{\"@id\":\"https:\\\/\\\/memurunsesi.net\\\/index.php\\\/2025\\\/12\\\/26\\\/yapay-zeka-vizyonu-iki-prestijli-odulle-taclandi\\\/\"},\"author\":{\"name\":\"Memurun Sesi Haber Merkezi\",\"@id\":\"https:\\\/\\\/memurunsesi.net\\\/#\\\/schema\\\/person\\\/f21c2d73b89f6ee1d80b0a1803e38587\"},\"headline\":\"Yapay zeka vizyonu iki prestijli \u00f6d\u00fclle ta\u00e7land\u0131\",\"datePublished\":\"2025-12-26T19:01:00+00:00\",\"mainEntityOfPage\":{\"@id\":\"https:\\\/\\\/memurunsesi.net\\\/index.php\\\/2025\\\/12\\\/26\\\/yapay-zeka-vizyonu-iki-prestijli-odulle-taclandi\\\/\"},\"wordCount\":600,\"commentCount\":0,\"publisher\":{\"@id\":\"https:\\\/\\\/memurunsesi.net\\\/#organization\"},\"image\":{\"@id\":\"https:\\\/\\\/memurunsesi.net\\\/index.php\\\/2025\\\/12\\\/26\\\/yapay-zeka-vizyonu-iki-prestijli-odulle-taclandi\\\/#primaryimage\"},\"thumbnailUrl\":\"https:\\\/\\\/memurunsesi.net\\\/wp-content\\\/uploads\\\/2025\\\/12\\\/yapay-1-scaled.jpg\",\"keywords\":[\"yapay zeka\"],\"articleSection\":[\"Teknoloji\"],\"inLanguage\":\"tr\",\"potentialAction\":[{\"@type\":\"CommentAction\",\"name\":\"Comment\",\"target\":[\"https:\\\/\\\/memurunsesi.net\\\/index.php\\\/2025\\\/12\\\/26\\\/yapay-zeka-vizyonu-iki-prestijli-odulle-taclandi\\\/#respond\"]}]},{\"@type\":\"WebPage\",\"@id\":\"https:\\\/\\\/memurunsesi.net\\\/index.php\\\/2025\\\/12\\\/26\\\/yapay-zeka-vizyonu-iki-prestijli-odulle-taclandi\\\/\",\"url\":\"https:\\\/\\\/memurunsesi.net\\\/index.php\\\/2025\\\/12\\\/26\\\/yapay-zeka-vizyonu-iki-prestijli-odulle-taclandi\\\/\",\"name\":\"Yapay zeka vizyonu iki prestijli \u00f6d\u00fclle ta\u00e7land\u0131 - Memurun Sesi\",\"isPartOf\":{\"@id\":\"https:\\\/\\\/memurunsesi.net\\\/#website\"},\"primaryImageOfPage\":{\"@id\":\"https:\\\/\\\/memurunsesi.net\\\/index.php\\\/2025\\\/12\\\/26\\\/yapay-zeka-vizyonu-iki-prestijli-odulle-taclandi\\\/#primaryimage\"},\"image\":{\"@id\":\"https:\\\/\\\/memurunsesi.net\\\/index.php\\\/2025\\\/12\\\/26\\\/yapay-zeka-vizyonu-iki-prestijli-odulle-taclandi\\\/#primaryimage\"},\"thumbnailUrl\":\"https:\\\/\\\/memurunsesi.net\\\/wp-content\\\/uploads\\\/2025\\\/12\\\/yapay-1-scaled.jpg\",\"datePublished\":\"2025-12-26T19:01:00+00:00\",\"description\":\"Yapay zeka vizyonu iki prestijli \u00f6d\u00fclle ta\u00e7land\u0131\",\"breadcrumb\":{\"@id\":\"https:\\\/\\\/memurunsesi.net\\\/index.php\\\/2025\\\/12\\\/26\\\/yapay-zeka-vizyonu-iki-prestijli-odulle-taclandi\\\/#breadcrumb\"},\"inLanguage\":\"tr\",\"potentialAction\":[{\"@type\":\"ReadAction\",\"target\":[\"https:\\\/\\\/memurunsesi.net\\\/index.php\\\/2025\\\/12\\\/26\\\/yapay-zeka-vizyonu-iki-prestijli-odulle-taclandi\\\/\"]}]},{\"@type\":\"ImageObject\",\"inLanguage\":\"tr\",\"@id\":\"https:\\\/\\\/memurunsesi.net\\\/index.php\\\/2025\\\/12\\\/26\\\/yapay-zeka-vizyonu-iki-prestijli-odulle-taclandi\\\/#primaryimage\",\"url\":\"https:\\\/\\\/memurunsesi.net\\\/wp-content\\\/uploads\\\/2025\\\/12\\\/yapay-1-scaled.jpg\",\"contentUrl\":\"https:\\\/\\\/memurunsesi.net\\\/wp-content\\\/uploads\\\/2025\\\/12\\\/yapay-1-scaled.jpg\",\"width\":2560,\"height\":1707,\"caption\":\"ELEKTR\u0130K DA\u011eITIM F\u0130RMASI, YAPAY ZEK\u00c2 VE D\u0130J\u0130TAL D\u00d6N\u00dc\u015e\u00dcM ALANINDAK\u0130 YEN\u0130L\u0130K\u00c7\u0130 UYGULAMALARI SAYES\u0130NDE \u0130K\u0130 \u00d6NEML\u0130 \u00d6D\u00dcLE LAYIK G\u00d6R\u00dcLEREK ULUSAL \u00d6L\u00c7EKTE D\u0130KKAT \u00c7EK\u0130C\u0130 B\u0130R BA\u015eARIYA \u0130MZA ATTI. (\u0130HA\\\/SAMSUN-\u0130HA) Samsun merkezli elektrik da\u011f\u0131t\u0131m firmas\u0131, yapay zek\u00e2 ve dijital d\u00f6n\u00fc\u015f\u00fcm alan\u0131ndaki yenilik\u00e7i uygulamalar\u0131 sayesinde iki \u00f6nemli \u00f6d\u00fcle lay\u0131k g\u00f6r\u00fclerek ulusal \u00f6l\u00e7ekte dikkat \u00e7ekici bir ba\u015far\u0131ya imza att\u0131.\"},{\"@type\":\"BreadcrumbList\",\"@id\":\"https:\\\/\\\/memurunsesi.net\\\/index.php\\\/2025\\\/12\\\/26\\\/yapay-zeka-vizyonu-iki-prestijli-odulle-taclandi\\\/#breadcrumb\",\"itemListElement\":[{\"@type\":\"ListItem\",\"position\":1,\"name\":\"Anasayfa\",\"item\":\"https:\\\/\\\/memurunsesi.net\\\/\"},{\"@type\":\"ListItem\",\"position\":2,\"name\":\"Yapay zeka vizyonu iki prestijli \u00f6d\u00fclle ta\u00e7land\u0131\"}]},{\"@type\":\"WebSite\",\"@id\":\"https:\\\/\\\/memurunsesi.net\\\/#website\",\"url\":\"https:\\\/\\\/memurunsesi.net\\\/\",\"name\":\"Memurun Sesi\",\"description\":\"G\u00fcncel ve Do\u011fru Haber\",\"publisher\":{\"@id\":\"https:\\\/\\\/memurunsesi.net\\\/#organization\"},\"potentialAction\":[{\"@type\":\"SearchAction\",\"target\":{\"@type\":\"EntryPoint\",\"urlTemplate\":\"https:\\\/\\\/memurunsesi.net\\\/?s={search_term_string}\"},\"query-input\":{\"@type\":\"PropertyValueSpecification\",\"valueRequired\":true,\"valueName\":\"search_term_string\"}}],\"inLanguage\":\"tr\"},{\"@type\":\"Organization\",\"@id\":\"https:\\\/\\\/memurunsesi.net\\\/#organization\",\"name\":\"Memurun Sesi\",\"url\":\"https:\\\/\\\/memurunsesi.net\\\/\",\"logo\":{\"@type\":\"ImageObject\",\"inLanguage\":\"tr\",\"@id\":\"https:\\\/\\\/memurunsesi.net\\\/#\\\/schema\\\/logo\\\/image\\\/\",\"url\":\"https:\\\/\\\/memurunsesi.net\\\/wp-content\\\/uploads\\\/2025\\\/11\\\/cropped-MEMURUN-SESI.png\",\"contentUrl\":\"https:\\\/\\\/memurunsesi.net\\\/wp-content\\\/uploads\\\/2025\\\/11\\\/cropped-MEMURUN-SESI.png\",\"width\":238,\"height\":57,\"caption\":\"Memurun Sesi\"},\"image\":{\"@id\":\"https:\\\/\\\/memurunsesi.net\\\/#\\\/schema\\\/logo\\\/image\\\/\"},\"sameAs\":[\"https:\\\/\\\/www.facebook.com\\\/unipersen\\\/?locale=tr_TR\",\"https:\\\/\\\/x.com\\\/unipersen\"]},{\"@type\":\"Person\",\"@id\":\"https:\\\/\\\/memurunsesi.net\\\/#\\\/schema\\\/person\\\/f21c2d73b89f6ee1d80b0a1803e38587\",\"name\":\"Memurun Sesi Haber Merkezi\",\"image\":{\"@type\":\"ImageObject\",\"inLanguage\":\"tr\",\"@id\":\"https:\\\/\\\/secure.gravatar.com\\\/avatar\\\/6cf0505f452ee753f485014986fab09a434671d2b919ee76fc541025c5876a70?s=96&d=mm&r=g\",\"url\":\"https:\\\/\\\/secure.gravatar.com\\\/avatar\\\/6cf0505f452ee753f485014986fab09a434671d2b919ee76fc541025c5876a70?s=96&d=mm&r=g\",\"contentUrl\":\"https:\\\/\\\/secure.gravatar.com\\\/avatar\\\/6cf0505f452ee753f485014986fab09a434671d2b919ee76fc541025c5876a70?s=96&d=mm&r=g\",\"caption\":\"Memurun Sesi Haber Merkezi\"},\"sameAs\":[\"https:\\\/\\\/memurunsesi.net\"],\"url\":\"https:\\\/\\\/memurunsesi.net\\\/index.php\\\/author\\\/uniper\\\/\"}]}<\/script>\n<!-- \/ Yoast SEO plugin. -->","yoast_head_json":{"title":"Yapay zeka vizyonu iki prestijli \u00f6d\u00fclle ta\u00e7land\u0131 - Memurun Sesi","description":"Yapay zeka vizyonu iki prestijli \u00f6d\u00fclle ta\u00e7land\u0131","robots":{"index":"index","follow":"follow","max-snippet":"max-snippet:-1","max-image-preview":"max-image-preview:large","max-video-preview":"max-video-preview:-1"},"canonical":"https:\/\/memurunsesi.net\/index.php\/2025\/12\/26\/yapay-zeka-vizyonu-iki-prestijli-odulle-taclandi\/","og_locale":"tr_TR","og_type":"article","og_title":"Yapay zeka vizyonu iki prestijli \u00f6d\u00fclle ta\u00e7land\u0131 - Memurun Sesi","og_description":"Yapay zeka vizyonu iki prestijli \u00f6d\u00fclle ta\u00e7land\u0131","og_url":"https:\/\/memurunsesi.net\/index.php\/2025\/12\/26\/yapay-zeka-vizyonu-iki-prestijli-odulle-taclandi\/","og_site_name":"Memurun Sesi","article_publisher":"https:\/\/www.facebook.com\/unipersen\/?locale=tr_TR","article_published_time":"2025-12-26T19:01:00+00:00","og_image":[{"width":2560,"height":1707,"url":"https:\/\/memurunsesi.net\/wp-content\/uploads\/2025\/12\/yapay-1-scaled.jpg","type":"image\/jpeg"}],"author":"Memurun Sesi Haber Merkezi","twitter_card":"summary_large_image","twitter_creator":"@unipersen","twitter_site":"@unipersen","twitter_misc":{"Yazan:":"Memurun Sesi Haber Merkezi","Tahmini okuma s\u00fcresi":"3 dakika"},"schema":{"@context":"https:\/\/schema.org","@graph":[{"@type":"Article","@id":"https:\/\/memurunsesi.net\/index.php\/2025\/12\/26\/yapay-zeka-vizyonu-iki-prestijli-odulle-taclandi\/#article","isPartOf":{"@id":"https:\/\/memurunsesi.net\/index.php\/2025\/12\/26\/yapay-zeka-vizyonu-iki-prestijli-odulle-taclandi\/"},"author":{"name":"Memurun Sesi Haber Merkezi","@id":"https:\/\/memurunsesi.net\/#\/schema\/person\/f21c2d73b89f6ee1d80b0a1803e38587"},"headline":"Yapay zeka vizyonu iki prestijli \u00f6d\u00fclle ta\u00e7land\u0131","datePublished":"2025-12-26T19:01:00+00:00","mainEntityOfPage":{"@id":"https:\/\/memurunsesi.net\/index.php\/2025\/12\/26\/yapay-zeka-vizyonu-iki-prestijli-odulle-taclandi\/"},"wordCount":600,"commentCount":0,"publisher":{"@id":"https:\/\/memurunsesi.net\/#organization"},"image":{"@id":"https:\/\/memurunsesi.net\/index.php\/2025\/12\/26\/yapay-zeka-vizyonu-iki-prestijli-odulle-taclandi\/#primaryimage"},"thumbnailUrl":"https:\/\/memurunsesi.net\/wp-content\/uploads\/2025\/12\/yapay-1-scaled.jpg","keywords":["yapay zeka"],"articleSection":["Teknoloji"],"inLanguage":"tr","potentialAction":[{"@type":"CommentAction","name":"Comment","target":["https:\/\/memurunsesi.net\/index.php\/2025\/12\/26\/yapay-zeka-vizyonu-iki-prestijli-odulle-taclandi\/#respond"]}]},{"@type":"WebPage","@id":"https:\/\/memurunsesi.net\/index.php\/2025\/12\/26\/yapay-zeka-vizyonu-iki-prestijli-odulle-taclandi\/","url":"https:\/\/memurunsesi.net\/index.php\/2025\/12\/26\/yapay-zeka-vizyonu-iki-prestijli-odulle-taclandi\/","name":"Yapay zeka vizyonu iki prestijli \u00f6d\u00fclle ta\u00e7land\u0131 - Memurun Sesi","isPartOf":{"@id":"https:\/\/memurunsesi.net\/#website"},"primaryImageOfPage":{"@id":"https:\/\/memurunsesi.net\/index.php\/2025\/12\/26\/yapay-zeka-vizyonu-iki-prestijli-odulle-taclandi\/#primaryimage"},"image":{"@id":"https:\/\/memurunsesi.net\/index.php\/2025\/12\/26\/yapay-zeka-vizyonu-iki-prestijli-odulle-taclandi\/#primaryimage"},"thumbnailUrl":"https:\/\/memurunsesi.net\/wp-content\/uploads\/2025\/12\/yapay-1-scaled.jpg","datePublished":"2025-12-26T19:01:00+00:00","description":"Yapay zeka vizyonu iki prestijli \u00f6d\u00fclle ta\u00e7land\u0131","breadcrumb":{"@id":"https:\/\/memurunsesi.net\/index.php\/2025\/12\/26\/yapay-zeka-vizyonu-iki-prestijli-odulle-taclandi\/#breadcrumb"},"inLanguage":"tr","potentialAction":[{"@type":"ReadAction","target":["https:\/\/memurunsesi.net\/index.php\/2025\/12\/26\/yapay-zeka-vizyonu-iki-prestijli-odulle-taclandi\/"]}]},{"@type":"ImageObject","inLanguage":"tr","@id":"https:\/\/memurunsesi.net\/index.php\/2025\/12\/26\/yapay-zeka-vizyonu-iki-prestijli-odulle-taclandi\/#primaryimage","url":"https:\/\/memurunsesi.net\/wp-content\/uploads\/2025\/12\/yapay-1-scaled.jpg","contentUrl":"https:\/\/memurunsesi.net\/wp-content\/uploads\/2025\/12\/yapay-1-scaled.jpg","width":2560,"height":1707,"caption":"ELEKTR\u0130K DA\u011eITIM F\u0130RMASI, YAPAY ZEK\u00c2 VE D\u0130J\u0130TAL D\u00d6N\u00dc\u015e\u00dcM ALANINDAK\u0130 YEN\u0130L\u0130K\u00c7\u0130 UYGULAMALARI SAYES\u0130NDE \u0130K\u0130 \u00d6NEML\u0130 \u00d6D\u00dcLE LAYIK G\u00d6R\u00dcLEREK ULUSAL \u00d6L\u00c7EKTE D\u0130KKAT \u00c7EK\u0130C\u0130 B\u0130R BA\u015eARIYA \u0130MZA ATTI. (\u0130HA\/SAMSUN-\u0130HA) Samsun merkezli elektrik da\u011f\u0131t\u0131m firmas\u0131, yapay zek\u00e2 ve dijital d\u00f6n\u00fc\u015f\u00fcm alan\u0131ndaki yenilik\u00e7i uygulamalar\u0131 sayesinde iki \u00f6nemli \u00f6d\u00fcle lay\u0131k g\u00f6r\u00fclerek ulusal \u00f6l\u00e7ekte dikkat \u00e7ekici bir ba\u015far\u0131ya imza att\u0131."},{"@type":"BreadcrumbList","@id":"https:\/\/memurunsesi.net\/index.php\/2025\/12\/26\/yapay-zeka-vizyonu-iki-prestijli-odulle-taclandi\/#breadcrumb","itemListElement":[{"@type":"ListItem","position":1,"name":"Anasayfa","item":"https:\/\/memurunsesi.net\/"},{"@type":"ListItem","position":2,"name":"Yapay zeka vizyonu iki prestijli \u00f6d\u00fclle ta\u00e7land\u0131"}]},{"@type":"WebSite","@id":"https:\/\/memurunsesi.net\/#website","url":"https:\/\/memurunsesi.net\/","name":"Memurun Sesi","description":"G\u00fcncel ve Do\u011fru Haber","publisher":{"@id":"https:\/\/memurunsesi.net\/#organization"},"potentialAction":[{"@type":"SearchAction","target":{"@type":"EntryPoint","urlTemplate":"https:\/\/memurunsesi.net\/?s={search_term_string}"},"query-input":{"@type":"PropertyValueSpecification","valueRequired":true,"valueName":"search_term_string"}}],"inLanguage":"tr"},{"@type":"Organization","@id":"https:\/\/memurunsesi.net\/#organization","name":"Memurun Sesi","url":"https:\/\/memurunsesi.net\/","logo":{"@type":"ImageObject","inLanguage":"tr","@id":"https:\/\/memurunsesi.net\/#\/schema\/logo\/image\/","url":"https:\/\/memurunsesi.net\/wp-content\/uploads\/2025\/11\/cropped-MEMURUN-SESI.png","contentUrl":"https:\/\/memurunsesi.net\/wp-content\/uploads\/2025\/11\/cropped-MEMURUN-SESI.png","width":238,"height":57,"caption":"Memurun Sesi"},"image":{"@id":"https:\/\/memurunsesi.net\/#\/schema\/logo\/image\/"},"sameAs":["https:\/\/www.facebook.com\/unipersen\/?locale=tr_TR","https:\/\/x.com\/unipersen"]},{"@type":"Person","@id":"https:\/\/memurunsesi.net\/#\/schema\/person\/f21c2d73b89f6ee1d80b0a1803e38587","name":"Memurun Sesi Haber Merkezi","image":{"@type":"ImageObject","inLanguage":"tr","@id":"https:\/\/secure.gravatar.com\/avatar\/6cf0505f452ee753f485014986fab09a434671d2b919ee76fc541025c5876a70?s=96&d=mm&r=g","url":"https:\/\/secure.gravatar.com\/avatar\/6cf0505f452ee753f485014986fab09a434671d2b919ee76fc541025c5876a70?s=96&d=mm&r=g","contentUrl":"https:\/\/secure.gravatar.com\/avatar\/6cf0505f452ee753f485014986fab09a434671d2b919ee76fc541025c5876a70?s=96&d=mm&r=g","caption":"Memurun Sesi Haber Merkezi"},"sameAs":["https:\/\/memurunsesi.net"],"url":"https:\/\/memurunsesi.net\/index.php\/author\/uniper\/"}]}},"_links":{"self":[{"href":"https:\/\/memurunsesi.net\/index.php\/wp-json\/wp\/v2\/posts\/15628","targetHints":{"allow":["GET"]}}],"collection":[{"href":"https:\/\/memurunsesi.net\/index.php\/wp-json\/wp\/v2\/posts"}],"about":[{"href":"https:\/\/memurunsesi.net\/index.php\/wp-json\/wp\/v2\/types\/post"}],"author":[{"embeddable":true,"href":"https:\/\/memurunsesi.net\/index.php\/wp-json\/wp\/v2\/users\/1"}],"replies":[{"embeddable":true,"href":"https:\/\/memurunsesi.net\/index.php\/wp-json\/wp\/v2\/comments?post=15628"}],"version-history":[{"count":1,"href":"https:\/\/memurunsesi.net\/index.php\/wp-json\/wp\/v2\/posts\/15628\/revisions"}],"predecessor-version":[{"id":15630,"href":"https:\/\/memurunsesi.net\/index.php\/wp-json\/wp\/v2\/posts\/15628\/revisions\/15630"}],"wp:featuredmedia":[{"embeddable":true,"href":"https:\/\/memurunsesi.net\/index.php\/wp-json\/wp\/v2\/media\/15629"}],"wp:attachment":[{"href":"https:\/\/memurunsesi.net\/index.php\/wp-json\/wp\/v2\/media?parent=15628"}],"wp:term":[{"taxonomy":"category","embeddable":true,"href":"https:\/\/memurunsesi.net\/index.php\/wp-json\/wp\/v2\/categories?post=15628"},{"taxonomy":"post_tag","embeddable":true,"href":"https:\/\/memurunsesi.net\/index.php\/wp-json\/wp\/v2\/tags?post=15628"}],"curies":[{"name":"wp","href":"https:\/\/api.w.org\/{rel}","templated":true}]}}