{"id":15665,"date":"2025-12-27T18:36:08","date_gmt":"2025-12-27T15:36:08","guid":{"rendered":"https:\/\/memurunsesi.net\/?p=15665"},"modified":"2025-12-27T18:36:08","modified_gmt":"2025-12-27T15:36:08","slug":"musta-zincirleme-trafik-kazasi-1-olu-2-yarali","status":"publish","type":"post","link":"https:\/\/memurunsesi.net\/index.php\/2025\/12\/27\/musta-zincirleme-trafik-kazasi-1-olu-2-yarali\/","title":{"rendered":"Mu\u015f&#8217;ta zincirleme trafik kazas\u0131: 1 \u00f6l\u00fc, 2 yaral\u0131"},"content":{"rendered":"<p>Mu\u015f-Bulan\u0131k karayolunda 3 arac\u0131n kar\u0131\u015ft\u0131\u011f\u0131 zincirleme kazada 1 ki\u015fi hayat\u0131n\u0131 kaybetti, 2 ki\u015fi yaraland\u0131.<br \/>\nKaza, Mu\u015f-Bulan\u0131k yolunun Karakale k\u00f6y\u00fc giri\u015fi Y\u0131ld\u0131zlar Mezras\u0131 mevkiinde meydana geldi. Edinilen bilgilere g\u00f6re, hen\u00fcz belirlenemeyen bir nedenle 3 arac\u0131n kar\u0131\u015ft\u0131\u011f\u0131 kazada 1 ki\u015fi olay yerinde ya\u015fam\u0131n\u0131 yitirdi, 2 ki\u015fi ise yaraland\u0131.<br \/>\n\u0130hbar \u00fczerine b\u00f6lgeye sa\u011fl\u0131k, jandarma ve itfaiye ekipleri sevk edildi. Yaral\u0131lar, olay yerinde yap\u0131lan ilk m\u00fcdahalenin ard\u0131ndan hastaneye kald\u0131r\u0131ld\u0131. Jandarma ekipleri kazayla ilgili inceleme ba\u015flat\u0131rken, yol kontroll\u00fc \u015fekilde trafi\u011fe a\u00e7\u0131ld\u0131. Kaza ile ilgili inceleme ba\u015flat\u0131ld\u0131.<\/p>\n<p>27.12.2025<\/p>\n","protected":false},"excerpt":{"rendered":"<p>Mu\u015f-Bulan\u0131k karayolunda 3 arac\u0131n kar\u0131\u015ft\u0131\u011f\u0131 zincirleme kazada 1 ki\u015fi hayat\u0131n\u0131 kaybetti, 2 ki\u015fi yaraland\u0131. Kaza, Mu\u015f-Bulan\u0131k yolunun Karakale k\u00f6y\u00fc giri\u015fi Y\u0131ld\u0131zlar Mezras\u0131 mevkiinde meydana geldi. Edinilen bilgilere g\u00f6re, hen\u00fcz belirlenemeyen bir nedenle 3 arac\u0131n kar\u0131\u015ft\u0131\u011f\u0131 kazada 1 ki\u015fi olay yerinde ya\u015fam\u0131n\u0131 yitirdi, 2 ki\u015fi ise yaraland\u0131. \u0130hbar \u00fczerine b\u00f6lgeye sa\u011fl\u0131k, jandarma ve itfaiye ekipleri sevk [&hellip;]<\/p>\n","protected":false},"author":1,"featured_media":15666,"comment_status":"open","ping_status":"open","sticky":false,"template":"","format":"standard","meta":{"footnotes":""},"categories":[1],"tags":[699],"class_list":["post-15665","post","type-post","status-publish","format-standard","has-post-thumbnail","hentry","category-genel","tag-zincirleme-trafik-kazasi"],"yoast_head":"<!-- This site is optimized with the Yoast SEO plugin v27.4 - https:\/\/yoast.com\/product\/yoast-seo-wordpress\/ -->\n<title>Mu\u015f&#039;ta zincirleme trafik kazas\u0131: 1 \u00f6l\u00fc, 2 yaral\u0131 - Memurun Sesi<\/title>\n<meta name=\"description\" content=\"Mu\u015f&#039;ta zincirleme trafik kazas\u0131: 1 \u00f6l\u00fc, 2 yaral\u0131\" \/>\n<meta name=\"robots\" content=\"index, follow, max-snippet:-1, max-image-preview:large, max-video-preview:-1\" \/>\n<link rel=\"canonical\" href=\"https:\/\/memurunsesi.net\/index.php\/2025\/12\/27\/musta-zincirleme-trafik-kazasi-1-olu-2-yarali\/\" \/>\n<meta property=\"og:locale\" content=\"tr_TR\" \/>\n<meta property=\"og:type\" content=\"article\" \/>\n<meta property=\"og:title\" content=\"Mu\u015f&#039;ta zincirleme trafik kazas\u0131: 1 \u00f6l\u00fc, 2 yaral\u0131 - Memurun Sesi\" \/>\n<meta property=\"og:description\" content=\"Mu\u015f&#039;ta zincirleme trafik kazas\u0131: 1 \u00f6l\u00fc, 2 yaral\u0131\" \/>\n<meta property=\"og:url\" content=\"https:\/\/memurunsesi.net\/index.php\/2025\/12\/27\/musta-zincirleme-trafik-kazasi-1-olu-2-yarali\/\" \/>\n<meta property=\"og:site_name\" content=\"Memurun Sesi\" \/>\n<meta property=\"article:publisher\" content=\"https:\/\/www.facebook.com\/unipersen\/?locale=tr_TR\" \/>\n<meta property=\"article:published_time\" content=\"2025-12-27T15:36:08+00:00\" \/>\n<meta property=\"og:image\" content=\"https:\/\/memurunsesi.net\/wp-content\/uploads\/2025\/12\/zincirleme.jpg\" \/>\n\t<meta property=\"og:image:width\" content=\"1201\" \/>\n\t<meta property=\"og:image:height\" content=\"1654\" \/>\n\t<meta property=\"og:image:type\" content=\"image\/jpeg\" \/>\n<meta name=\"author\" content=\"Memurun Sesi Haber Merkezi\" \/>\n<meta name=\"twitter:card\" content=\"summary_large_image\" \/>\n<meta name=\"twitter:creator\" content=\"@unipersen\" \/>\n<meta name=\"twitter:site\" content=\"@unipersen\" \/>\n<meta name=\"twitter:label1\" content=\"Yazan:\" \/>\n\t<meta name=\"twitter:data1\" content=\"Memurun Sesi Haber Merkezi\" \/>\n\t<meta name=\"twitter:label2\" content=\"Tahmini okuma s\u00fcresi\" \/>\n\t<meta name=\"twitter:data2\" content=\"1 dakika\" \/>\n<script type=\"application\/ld+json\" class=\"yoast-schema-graph\">{\"@context\":\"https:\\\/\\\/schema.org\",\"@graph\":[{\"@type\":\"Article\",\"@id\":\"https:\\\/\\\/memurunsesi.net\\\/index.php\\\/2025\\\/12\\\/27\\\/musta-zincirleme-trafik-kazasi-1-olu-2-yarali\\\/#article\",\"isPartOf\":{\"@id\":\"https:\\\/\\\/memurunsesi.net\\\/index.php\\\/2025\\\/12\\\/27\\\/musta-zincirleme-trafik-kazasi-1-olu-2-yarali\\\/\"},\"author\":{\"name\":\"Memurun Sesi Haber Merkezi\",\"@id\":\"https:\\\/\\\/memurunsesi.net\\\/#\\\/schema\\\/person\\\/f21c2d73b89f6ee1d80b0a1803e38587\"},\"headline\":\"Mu\u015f&#8217;ta zincirleme trafik kazas\u0131: 1 \u00f6l\u00fc, 2 yaral\u0131\",\"datePublished\":\"2025-12-27T15:36:08+00:00\",\"mainEntityOfPage\":{\"@id\":\"https:\\\/\\\/memurunsesi.net\\\/index.php\\\/2025\\\/12\\\/27\\\/musta-zincirleme-trafik-kazasi-1-olu-2-yarali\\\/\"},\"wordCount\":118,\"commentCount\":0,\"publisher\":{\"@id\":\"https:\\\/\\\/memurunsesi.net\\\/#organization\"},\"image\":{\"@id\":\"https:\\\/\\\/memurunsesi.net\\\/index.php\\\/2025\\\/12\\\/27\\\/musta-zincirleme-trafik-kazasi-1-olu-2-yarali\\\/#primaryimage\"},\"thumbnailUrl\":\"https:\\\/\\\/memurunsesi.net\\\/wp-content\\\/uploads\\\/2025\\\/12\\\/zincirleme.jpg\",\"keywords\":[\"zincirleme trafik kazas\u0131\"],\"inLanguage\":\"tr\",\"potentialAction\":[{\"@type\":\"CommentAction\",\"name\":\"Comment\",\"target\":[\"https:\\\/\\\/memurunsesi.net\\\/index.php\\\/2025\\\/12\\\/27\\\/musta-zincirleme-trafik-kazasi-1-olu-2-yarali\\\/#respond\"]}]},{\"@type\":\"WebPage\",\"@id\":\"https:\\\/\\\/memurunsesi.net\\\/index.php\\\/2025\\\/12\\\/27\\\/musta-zincirleme-trafik-kazasi-1-olu-2-yarali\\\/\",\"url\":\"https:\\\/\\\/memurunsesi.net\\\/index.php\\\/2025\\\/12\\\/27\\\/musta-zincirleme-trafik-kazasi-1-olu-2-yarali\\\/\",\"name\":\"Mu\u015f'ta zincirleme trafik kazas\u0131: 1 \u00f6l\u00fc, 2 yaral\u0131 - Memurun Sesi\",\"isPartOf\":{\"@id\":\"https:\\\/\\\/memurunsesi.net\\\/#website\"},\"primaryImageOfPage\":{\"@id\":\"https:\\\/\\\/memurunsesi.net\\\/index.php\\\/2025\\\/12\\\/27\\\/musta-zincirleme-trafik-kazasi-1-olu-2-yarali\\\/#primaryimage\"},\"image\":{\"@id\":\"https:\\\/\\\/memurunsesi.net\\\/index.php\\\/2025\\\/12\\\/27\\\/musta-zincirleme-trafik-kazasi-1-olu-2-yarali\\\/#primaryimage\"},\"thumbnailUrl\":\"https:\\\/\\\/memurunsesi.net\\\/wp-content\\\/uploads\\\/2025\\\/12\\\/zincirleme.jpg\",\"datePublished\":\"2025-12-27T15:36:08+00:00\",\"description\":\"Mu\u015f'ta zincirleme trafik kazas\u0131: 1 \u00f6l\u00fc, 2 yaral\u0131\",\"breadcrumb\":{\"@id\":\"https:\\\/\\\/memurunsesi.net\\\/index.php\\\/2025\\\/12\\\/27\\\/musta-zincirleme-trafik-kazasi-1-olu-2-yarali\\\/#breadcrumb\"},\"inLanguage\":\"tr\",\"potentialAction\":[{\"@type\":\"ReadAction\",\"target\":[\"https:\\\/\\\/memurunsesi.net\\\/index.php\\\/2025\\\/12\\\/27\\\/musta-zincirleme-trafik-kazasi-1-olu-2-yarali\\\/\"]}]},{\"@type\":\"ImageObject\",\"inLanguage\":\"tr\",\"@id\":\"https:\\\/\\\/memurunsesi.net\\\/index.php\\\/2025\\\/12\\\/27\\\/musta-zincirleme-trafik-kazasi-1-olu-2-yarali\\\/#primaryimage\",\"url\":\"https:\\\/\\\/memurunsesi.net\\\/wp-content\\\/uploads\\\/2025\\\/12\\\/zincirleme.jpg\",\"contentUrl\":\"https:\\\/\\\/memurunsesi.net\\\/wp-content\\\/uploads\\\/2025\\\/12\\\/zincirleme.jpg\",\"width\":1201,\"height\":1654,\"caption\":\"MU\u015e-BULANIK KARA YOLUNDA MEYDANA GELEN TRAF\u0130K KAZASINDA 3 ARA\u00c7 \u00c7ARPI\u015eTI, 1 K\u0130\u015e\u0130 HAYATINI KAYBETT\u0130. (\u0130SHAK G\u00dcNG\u00d6R\\\/MU\u015e-\u0130HA) Mu\u015f-Bulan\u0131k karayolunda 3 arac\u0131n kar\u0131\u015ft\u0131\u011f\u0131 zincirleme kazada 1 ki\u015fi hayat\u0131n\u0131 kaybetti, 2 ki\u015fi yaraland\u0131.\"},{\"@type\":\"BreadcrumbList\",\"@id\":\"https:\\\/\\\/memurunsesi.net\\\/index.php\\\/2025\\\/12\\\/27\\\/musta-zincirleme-trafik-kazasi-1-olu-2-yarali\\\/#breadcrumb\",\"itemListElement\":[{\"@type\":\"ListItem\",\"position\":1,\"name\":\"Anasayfa\",\"item\":\"https:\\\/\\\/memurunsesi.net\\\/\"},{\"@type\":\"ListItem\",\"position\":2,\"name\":\"Mu\u015f&#8217;ta zincirleme trafik kazas\u0131: 1 \u00f6l\u00fc, 2 yaral\u0131\"}]},{\"@type\":\"WebSite\",\"@id\":\"https:\\\/\\\/memurunsesi.net\\\/#website\",\"url\":\"https:\\\/\\\/memurunsesi.net\\\/\",\"name\":\"Memurun Sesi\",\"description\":\"G\u00fcncel ve Do\u011fru Haber\",\"publisher\":{\"@id\":\"https:\\\/\\\/memurunsesi.net\\\/#organization\"},\"potentialAction\":[{\"@type\":\"SearchAction\",\"target\":{\"@type\":\"EntryPoint\",\"urlTemplate\":\"https:\\\/\\\/memurunsesi.net\\\/?s={search_term_string}\"},\"query-input\":{\"@type\":\"PropertyValueSpecification\",\"valueRequired\":true,\"valueName\":\"search_term_string\"}}],\"inLanguage\":\"tr\"},{\"@type\":\"Organization\",\"@id\":\"https:\\\/\\\/memurunsesi.net\\\/#organization\",\"name\":\"Memurun Sesi\",\"url\":\"https:\\\/\\\/memurunsesi.net\\\/\",\"logo\":{\"@type\":\"ImageObject\",\"inLanguage\":\"tr\",\"@id\":\"https:\\\/\\\/memurunsesi.net\\\/#\\\/schema\\\/logo\\\/image\\\/\",\"url\":\"https:\\\/\\\/memurunsesi.net\\\/wp-content\\\/uploads\\\/2025\\\/11\\\/cropped-MEMURUN-SESI.png\",\"contentUrl\":\"https:\\\/\\\/memurunsesi.net\\\/wp-content\\\/uploads\\\/2025\\\/11\\\/cropped-MEMURUN-SESI.png\",\"width\":238,\"height\":57,\"caption\":\"Memurun Sesi\"},\"image\":{\"@id\":\"https:\\\/\\\/memurunsesi.net\\\/#\\\/schema\\\/logo\\\/image\\\/\"},\"sameAs\":[\"https:\\\/\\\/www.facebook.com\\\/unipersen\\\/?locale=tr_TR\",\"https:\\\/\\\/x.com\\\/unipersen\"]},{\"@type\":\"Person\",\"@id\":\"https:\\\/\\\/memurunsesi.net\\\/#\\\/schema\\\/person\\\/f21c2d73b89f6ee1d80b0a1803e38587\",\"name\":\"Memurun Sesi Haber Merkezi\",\"image\":{\"@type\":\"ImageObject\",\"inLanguage\":\"tr\",\"@id\":\"https:\\\/\\\/secure.gravatar.com\\\/avatar\\\/6cf0505f452ee753f485014986fab09a434671d2b919ee76fc541025c5876a70?s=96&d=mm&r=g\",\"url\":\"https:\\\/\\\/secure.gravatar.com\\\/avatar\\\/6cf0505f452ee753f485014986fab09a434671d2b919ee76fc541025c5876a70?s=96&d=mm&r=g\",\"contentUrl\":\"https:\\\/\\\/secure.gravatar.com\\\/avatar\\\/6cf0505f452ee753f485014986fab09a434671d2b919ee76fc541025c5876a70?s=96&d=mm&r=g\",\"caption\":\"Memurun Sesi Haber Merkezi\"},\"sameAs\":[\"https:\\\/\\\/memurunsesi.net\"],\"url\":\"https:\\\/\\\/memurunsesi.net\\\/index.php\\\/author\\\/uniper\\\/\"}]}<\/script>\n<!-- \/ Yoast SEO plugin. -->","yoast_head_json":{"title":"Mu\u015f'ta zincirleme trafik kazas\u0131: 1 \u00f6l\u00fc, 2 yaral\u0131 - Memurun Sesi","description":"Mu\u015f'ta zincirleme trafik kazas\u0131: 1 \u00f6l\u00fc, 2 yaral\u0131","robots":{"index":"index","follow":"follow","max-snippet":"max-snippet:-1","max-image-preview":"max-image-preview:large","max-video-preview":"max-video-preview:-1"},"canonical":"https:\/\/memurunsesi.net\/index.php\/2025\/12\/27\/musta-zincirleme-trafik-kazasi-1-olu-2-yarali\/","og_locale":"tr_TR","og_type":"article","og_title":"Mu\u015f'ta zincirleme trafik kazas\u0131: 1 \u00f6l\u00fc, 2 yaral\u0131 - Memurun Sesi","og_description":"Mu\u015f'ta zincirleme trafik kazas\u0131: 1 \u00f6l\u00fc, 2 yaral\u0131","og_url":"https:\/\/memurunsesi.net\/index.php\/2025\/12\/27\/musta-zincirleme-trafik-kazasi-1-olu-2-yarali\/","og_site_name":"Memurun Sesi","article_publisher":"https:\/\/www.facebook.com\/unipersen\/?locale=tr_TR","article_published_time":"2025-12-27T15:36:08+00:00","og_image":[{"width":1201,"height":1654,"url":"https:\/\/memurunsesi.net\/wp-content\/uploads\/2025\/12\/zincirleme.jpg","type":"image\/jpeg"}],"author":"Memurun Sesi Haber Merkezi","twitter_card":"summary_large_image","twitter_creator":"@unipersen","twitter_site":"@unipersen","twitter_misc":{"Yazan:":"Memurun Sesi Haber Merkezi","Tahmini okuma s\u00fcresi":"1 dakika"},"schema":{"@context":"https:\/\/schema.org","@graph":[{"@type":"Article","@id":"https:\/\/memurunsesi.net\/index.php\/2025\/12\/27\/musta-zincirleme-trafik-kazasi-1-olu-2-yarali\/#article","isPartOf":{"@id":"https:\/\/memurunsesi.net\/index.php\/2025\/12\/27\/musta-zincirleme-trafik-kazasi-1-olu-2-yarali\/"},"author":{"name":"Memurun Sesi Haber Merkezi","@id":"https:\/\/memurunsesi.net\/#\/schema\/person\/f21c2d73b89f6ee1d80b0a1803e38587"},"headline":"Mu\u015f&#8217;ta zincirleme trafik kazas\u0131: 1 \u00f6l\u00fc, 2 yaral\u0131","datePublished":"2025-12-27T15:36:08+00:00","mainEntityOfPage":{"@id":"https:\/\/memurunsesi.net\/index.php\/2025\/12\/27\/musta-zincirleme-trafik-kazasi-1-olu-2-yarali\/"},"wordCount":118,"commentCount":0,"publisher":{"@id":"https:\/\/memurunsesi.net\/#organization"},"image":{"@id":"https:\/\/memurunsesi.net\/index.php\/2025\/12\/27\/musta-zincirleme-trafik-kazasi-1-olu-2-yarali\/#primaryimage"},"thumbnailUrl":"https:\/\/memurunsesi.net\/wp-content\/uploads\/2025\/12\/zincirleme.jpg","keywords":["zincirleme trafik kazas\u0131"],"inLanguage":"tr","potentialAction":[{"@type":"CommentAction","name":"Comment","target":["https:\/\/memurunsesi.net\/index.php\/2025\/12\/27\/musta-zincirleme-trafik-kazasi-1-olu-2-yarali\/#respond"]}]},{"@type":"WebPage","@id":"https:\/\/memurunsesi.net\/index.php\/2025\/12\/27\/musta-zincirleme-trafik-kazasi-1-olu-2-yarali\/","url":"https:\/\/memurunsesi.net\/index.php\/2025\/12\/27\/musta-zincirleme-trafik-kazasi-1-olu-2-yarali\/","name":"Mu\u015f'ta zincirleme trafik kazas\u0131: 1 \u00f6l\u00fc, 2 yaral\u0131 - Memurun Sesi","isPartOf":{"@id":"https:\/\/memurunsesi.net\/#website"},"primaryImageOfPage":{"@id":"https:\/\/memurunsesi.net\/index.php\/2025\/12\/27\/musta-zincirleme-trafik-kazasi-1-olu-2-yarali\/#primaryimage"},"image":{"@id":"https:\/\/memurunsesi.net\/index.php\/2025\/12\/27\/musta-zincirleme-trafik-kazasi-1-olu-2-yarali\/#primaryimage"},"thumbnailUrl":"https:\/\/memurunsesi.net\/wp-content\/uploads\/2025\/12\/zincirleme.jpg","datePublished":"2025-12-27T15:36:08+00:00","description":"Mu\u015f'ta zincirleme trafik kazas\u0131: 1 \u00f6l\u00fc, 2 yaral\u0131","breadcrumb":{"@id":"https:\/\/memurunsesi.net\/index.php\/2025\/12\/27\/musta-zincirleme-trafik-kazasi-1-olu-2-yarali\/#breadcrumb"},"inLanguage":"tr","potentialAction":[{"@type":"ReadAction","target":["https:\/\/memurunsesi.net\/index.php\/2025\/12\/27\/musta-zincirleme-trafik-kazasi-1-olu-2-yarali\/"]}]},{"@type":"ImageObject","inLanguage":"tr","@id":"https:\/\/memurunsesi.net\/index.php\/2025\/12\/27\/musta-zincirleme-trafik-kazasi-1-olu-2-yarali\/#primaryimage","url":"https:\/\/memurunsesi.net\/wp-content\/uploads\/2025\/12\/zincirleme.jpg","contentUrl":"https:\/\/memurunsesi.net\/wp-content\/uploads\/2025\/12\/zincirleme.jpg","width":1201,"height":1654,"caption":"MU\u015e-BULANIK KARA YOLUNDA MEYDANA GELEN TRAF\u0130K KAZASINDA 3 ARA\u00c7 \u00c7ARPI\u015eTI, 1 K\u0130\u015e\u0130 HAYATINI KAYBETT\u0130. (\u0130SHAK G\u00dcNG\u00d6R\/MU\u015e-\u0130HA) Mu\u015f-Bulan\u0131k karayolunda 3 arac\u0131n kar\u0131\u015ft\u0131\u011f\u0131 zincirleme kazada 1 ki\u015fi hayat\u0131n\u0131 kaybetti, 2 ki\u015fi yaraland\u0131."},{"@type":"BreadcrumbList","@id":"https:\/\/memurunsesi.net\/index.php\/2025\/12\/27\/musta-zincirleme-trafik-kazasi-1-olu-2-yarali\/#breadcrumb","itemListElement":[{"@type":"ListItem","position":1,"name":"Anasayfa","item":"https:\/\/memurunsesi.net\/"},{"@type":"ListItem","position":2,"name":"Mu\u015f&#8217;ta zincirleme trafik kazas\u0131: 1 \u00f6l\u00fc, 2 yaral\u0131"}]},{"@type":"WebSite","@id":"https:\/\/memurunsesi.net\/#website","url":"https:\/\/memurunsesi.net\/","name":"Memurun Sesi","description":"G\u00fcncel ve Do\u011fru Haber","publisher":{"@id":"https:\/\/memurunsesi.net\/#organization"},"potentialAction":[{"@type":"SearchAction","target":{"@type":"EntryPoint","urlTemplate":"https:\/\/memurunsesi.net\/?s={search_term_string}"},"query-input":{"@type":"PropertyValueSpecification","valueRequired":true,"valueName":"search_term_string"}}],"inLanguage":"tr"},{"@type":"Organization","@id":"https:\/\/memurunsesi.net\/#organization","name":"Memurun Sesi","url":"https:\/\/memurunsesi.net\/","logo":{"@type":"ImageObject","inLanguage":"tr","@id":"https:\/\/memurunsesi.net\/#\/schema\/logo\/image\/","url":"https:\/\/memurunsesi.net\/wp-content\/uploads\/2025\/11\/cropped-MEMURUN-SESI.png","contentUrl":"https:\/\/memurunsesi.net\/wp-content\/uploads\/2025\/11\/cropped-MEMURUN-SESI.png","width":238,"height":57,"caption":"Memurun Sesi"},"image":{"@id":"https:\/\/memurunsesi.net\/#\/schema\/logo\/image\/"},"sameAs":["https:\/\/www.facebook.com\/unipersen\/?locale=tr_TR","https:\/\/x.com\/unipersen"]},{"@type":"Person","@id":"https:\/\/memurunsesi.net\/#\/schema\/person\/f21c2d73b89f6ee1d80b0a1803e38587","name":"Memurun Sesi Haber Merkezi","image":{"@type":"ImageObject","inLanguage":"tr","@id":"https:\/\/secure.gravatar.com\/avatar\/6cf0505f452ee753f485014986fab09a434671d2b919ee76fc541025c5876a70?s=96&d=mm&r=g","url":"https:\/\/secure.gravatar.com\/avatar\/6cf0505f452ee753f485014986fab09a434671d2b919ee76fc541025c5876a70?s=96&d=mm&r=g","contentUrl":"https:\/\/secure.gravatar.com\/avatar\/6cf0505f452ee753f485014986fab09a434671d2b919ee76fc541025c5876a70?s=96&d=mm&r=g","caption":"Memurun Sesi Haber Merkezi"},"sameAs":["https:\/\/memurunsesi.net"],"url":"https:\/\/memurunsesi.net\/index.php\/author\/uniper\/"}]}},"_links":{"self":[{"href":"https:\/\/memurunsesi.net\/index.php\/wp-json\/wp\/v2\/posts\/15665","targetHints":{"allow":["GET"]}}],"collection":[{"href":"https:\/\/memurunsesi.net\/index.php\/wp-json\/wp\/v2\/posts"}],"about":[{"href":"https:\/\/memurunsesi.net\/index.php\/wp-json\/wp\/v2\/types\/post"}],"author":[{"embeddable":true,"href":"https:\/\/memurunsesi.net\/index.php\/wp-json\/wp\/v2\/users\/1"}],"replies":[{"embeddable":true,"href":"https:\/\/memurunsesi.net\/index.php\/wp-json\/wp\/v2\/comments?post=15665"}],"version-history":[{"count":1,"href":"https:\/\/memurunsesi.net\/index.php\/wp-json\/wp\/v2\/posts\/15665\/revisions"}],"predecessor-version":[{"id":15667,"href":"https:\/\/memurunsesi.net\/index.php\/wp-json\/wp\/v2\/posts\/15665\/revisions\/15667"}],"wp:featuredmedia":[{"embeddable":true,"href":"https:\/\/memurunsesi.net\/index.php\/wp-json\/wp\/v2\/media\/15666"}],"wp:attachment":[{"href":"https:\/\/memurunsesi.net\/index.php\/wp-json\/wp\/v2\/media?parent=15665"}],"wp:term":[{"taxonomy":"category","embeddable":true,"href":"https:\/\/memurunsesi.net\/index.php\/wp-json\/wp\/v2\/categories?post=15665"},{"taxonomy":"post_tag","embeddable":true,"href":"https:\/\/memurunsesi.net\/index.php\/wp-json\/wp\/v2\/tags?post=15665"}],"curies":[{"name":"wp","href":"https:\/\/api.w.org\/{rel}","templated":true}]}}