{"id":16034,"date":"2026-01-04T10:18:30","date_gmt":"2026-01-04T07:18:30","guid":{"rendered":"https:\/\/memurunsesi.net\/?p=16034"},"modified":"2026-01-04T10:18:30","modified_gmt":"2026-01-04T07:18:30","slug":"eger-oksurugunuz-2-haftayi-gectiyse-usuttum-sigaradandir-gecer-demeyin","status":"publish","type":"post","link":"https:\/\/memurunsesi.net\/index.php\/2026\/01\/04\/eger-oksurugunuz-2-haftayi-gectiyse-usuttum-sigaradandir-gecer-demeyin\/","title":{"rendered":"E\u011fer \u00f6ks\u00fcr\u00fc\u011f\u00fcn\u00fcz 2 haftay\u0131 ge\u00e7tiyse, &#8216;\u00fc\u015f\u00fctt\u00fcm, sigaradand\u0131r, ge\u00e7er&#8217; demeyin"},"content":{"rendered":"<p>G\u00f6\u011f\u00fcs Hastal\u0131klar\u0131 Uzman\u0131 Prof. Dr. Mehmet Karada\u011f, &#8220;Verem denilince akla ilk olarak akci\u011ferler gelir. Ancak bu bakteri kan ve lenf yoluyla v\u00fccudun di\u011fer b\u00f6lgelerine de yay\u0131labilir&#8221; dedi.<br \/>\nG\u00f6\u011f\u00fcs Hastal\u0131klar\u0131 Uzman\u0131 Prof. Dr. Mehmet Karada\u011f, 4 -10 Ocak Verem E\u011fitim ve Fark\u0131ndal\u0131k Haftas\u0131 nedeniyle yapt\u0131\u011f\u0131 a\u00e7\u0131klamada \u00f6nemli konulara de\u011findi. Verem denilince akla ilk olarak akci\u011ferler geldi\u011fini ancak veremin kan ve lenf yoluyla v\u00fccudun di\u011fer b\u00f6lgelerine yay\u0131labilece\u011fine dikkat \u00e7eken Ac\u0131badem Bursa Hastanesi G\u00f6\u011f\u00fcs Hastal\u0131klar\u0131 Uzman\u0131 Prof. Dr. Mehmet Karada\u011f, &#8220;Verem di\u011fer ad\u0131yla t\u00fcberk\u00fcloz \u00f6zellikle ba\u015flang\u0131\u00e7 evresindeyken \u00fcst solunum yolu enfeksiyonlar\u0131 (\u00dcSYE) ve grip ile kar\u0131\u015ft\u0131r\u0131labilir. Bu benzerlik, maalesef t\u00fcberk\u00fcloz tan\u0131s\u0131n\u0131n gecikmesine neden olan en b\u00fcy\u00fck fakt\u00f6rlerden biridir&#8221; dedi.<\/p>\n<p>&#8220;Verem tedavi edilmedi\u011finde \u00f6l\u00fcmc\u00fcl olabilen kronik bir enfeksiyon hastal\u0131\u011f\u0131d\u0131r&#8221;<br \/>\nVeremin t\u0131p dilindeki ad\u0131yla t\u00fcberk\u00fclozun &#8220;Mycobacterium tuberculosis&#8221; (verem basili) ad\u0131 verilen, d\u0131\u015f ortama dayan\u0131kl\u0131 ve \u00e7ok yava\u015f \u00e7o\u011falan bakterinin neden oldu\u011fu, bula\u015f\u0131c\u0131 ve tedavi edilmedi\u011finde \u00f6l\u00fcmc\u00fcl olabilen kronik bir enfeksiyon hastal\u0131\u011f\u0131 oldu\u011funu belirten Prof. Dr. Mehmet Karada\u011f, &#8220;Halk aras\u0131nda sinsi ilerlemesi ve v\u00fccudu zay\u0131flatmas\u0131 nedeniyle &#8220;ince hastal\u0131k&#8221; olarak da bilinir. Verem denilince akla ilk olarak akci\u011ferler gelir ki, hastalar\u0131n yakla\u015f\u0131k y\u00fczde 80\u2019inde akci\u011ferler etkilenir. Ancak bu bakteri kan ve lenf yoluyla v\u00fccudun di\u011fer b\u00f6lgelerine (omurga, b\u00f6brek, beyin zar\u0131, kemikler ve lenf bezleri) de yay\u0131labilir. \u00dcst solunum yolu enfeksiyonlar\u0131 ve grip, ba\u015flang\u0131\u00e7 evresinde verem ile s\u0131kl\u0131kla kar\u0131\u015ft\u0131r\u0131labilir. Bu benzerlik, maalesef t\u00fcberk\u00fcloz tan\u0131s\u0131n\u0131n gecikmesine neden olan en b\u00fcy\u00fck fakt\u00f6rlerden biridir&#8221; dedi.<br \/>\n\u00dcst Solunum yolu Enfeksiyonu, grip ve veremin solunum sistemini etkilemesi neticesinde \u00f6ks\u00fcr\u00fck, halsizlik ve yorgunluk, hafif ate\u015f gibi belirtilerinin ortak oldu\u011funu belirten Prof. Dr. Karada\u011f; &#8220;E\u011fer \u00f6ks\u00fcr\u00fc\u011f\u00fcn\u00fcz 2 haftay\u0131 ge\u00e7tiyse, &#8220;\u00fc\u015f\u00fctt\u00fcm, sigaradand\u0131r, ge\u00e7er&#8221; demeyin. \u00d6zellikle Bursa gibi havas\u0131 nemli ve k\u0131\u015f\u0131n hava kirlili\u011finin g\u00f6r\u00fclebildi\u011fi b\u00f6lgelerde, bu belirtiler \u00e7ok s\u0131k maskelenir&#8221; uyar\u0131s\u0131nda bulundu.<\/p>\n<p>&#8220;Bursa, y\u00fczde 95\u2019e varan tedavi takip ba\u015far\u0131s\u0131yla T\u00fcrkiye ortalamas\u0131n\u0131n \u00fczerinde performans sergilemektedir&#8221;<br \/>\nD\u00fcnya Sa\u011fl\u0131k \u00d6rg\u00fct\u00fc\u2019n\u00fcn 2025 sonu raporlar\u0131na g\u00f6re, verem\u2019in d\u00fcnya genelinde bula\u015f\u0131c\u0131 hastal\u0131klardan kaynaklanan \u00f6l\u00fcm listesinde yeniden ilk s\u0131raya yerle\u015fti\u011fini belirten Prof. Dr. Karada\u011f, &#8220;Y\u0131lda 10,7 milyon yeni vaka ve 1,2 milyon \u00f6l\u00fcm kaydedilmektedir. Pandeminin etkisiyle COVID-19 s\u00fcreci k\u00fcresel verem m\u00fccadelesinde yakla\u015f\u0131k 8 y\u0131ll\u0131k bir gerilemeye neden olmu\u015f; 2026 y\u0131l\u0131 bu kayb\u0131n telafisi i\u00e7in &#8220;H\u0131zlanma Y\u0131l\u0131&#8221; ilan edilmi\u015ftir. \u00dclkemiz, uygulad\u0131\u011f\u0131 &#8220;Ulusal T\u00fcberk\u00fcloz Kontrol Program\u0131&#8221; ile d\u00fcnya standartlar\u0131n\u0131n \u00fczerinde bir ba\u015far\u0131 sergilemektedir. T\u00fcrkiye geneli 2005\u2019te 20 binin \u00fczerinde olan vaka say\u0131s\u0131, g\u00fcn\u00fcm\u00fczde 9.000 &#8211; 9.500 band\u0131na gerilemi\u015ftir. \u0130nsidans h\u0131z\u0131 100 bin ki\u015fide 10,3&#8217;e d\u00fc\u015ferek T\u00fcrkiye&#8217;yi &#8220;eliminasyon&#8221; (yok etme) e\u015fi\u011fine ta\u015f\u0131m\u0131\u015ft\u0131r. Sanayi ve n\u00fcfus yo\u011funlu\u011fu bak\u0131m\u0131ndan kritik \u00f6nemdeki Bursa\u2019da, y\u0131ll\u0131k kay\u0131tl\u0131 hasta say\u0131s\u0131 350-400 aras\u0131ndad\u0131r. Bursa, y\u00fczde 95\u2019e varan tedavi takip ba\u015far\u0131s\u0131yla T\u00fcrkiye ortalamas\u0131n\u0131n \u00fczerinde performans sergilemektedir&#8221; dedi.<\/p>\n<p>&#8220;Tedavinin yar\u0131m b\u0131rak\u0131lmas\u0131, &#8216;\u0130la\u00e7 Diren\u00e7li Verem&#8217; gibi tedavisi \u00e7ok daha g\u00fc\u00e7 ve maliyetli bir tabloya yol a\u00e7maktad\u0131r&#8221;<br \/>\nHava yoluyla bula\u015fan t\u00fcberk\u00fcloz basilinden korunmak ve zinciri k\u0131rmak i\u00e7in dikkat edilmesi gereken belirtileri s\u0131ralayan Prof. Dr. Karada\u011f, &#8220;2 haftay\u0131 ge\u00e7en inat\u00e7\u0131 \u00f6ks\u00fcr\u00fck, gece terlemesi ve inat\u00e7\u0131 ate\u015f, i\u015ftahs\u0131zl\u0131k ve h\u0131zl\u0131 kilo kayb\u0131, halsizlik ve g\u00f6\u011f\u00fcs a\u011fr\u0131s\u0131 gibi belirtilerin olmas\u0131 durumunda vakit kaybeden Aile Sa\u011fl\u0131\u011f\u0131 Merkezlerine ba\u015fvurulmal\u0131. Tan\u0131 kesinle\u015fti\u011finde veya g\u00fc\u00e7l\u00fc \u015f\u00fcphe oldu\u011funda bu kez Verem Sava\u015f Dispanserlerine gidilerek s\u00fcrecin buradan y\u00f6netilmesi gerekir. Tedavide kullan\u0131lan t\u00fcm ila\u00e7lar Sa\u011fl\u0131k Bakanl\u0131\u011f\u0131 taraf\u0131ndan hastalara teslim edilmek \u00fczere g\u00f6nderilir ve ila\u00e7 temini buradan sa\u011flan\u0131r. T\u00fcberk\u00fcloz te\u015fhisi konulan bir hasta, tedaviye ba\u015flad\u0131ktan 2-3 hafta sonra bula\u015ft\u0131r\u0131c\u0131l\u0131\u011f\u0131n\u0131 kaybeder. Ancak tam iyile\u015fme i\u00e7in ila\u00e7lar\u0131n en az 6-9 ay boyunca, Verem Sava\u015f Dispanserleri g\u00f6zetiminde (DGT) d\u00fczenli kullan\u0131lmas\u0131 \u015fartt\u0131r. Tedavinin yar\u0131m b\u0131rak\u0131lmas\u0131, &#8216;\u0130la\u00e7 Diren\u00e7li Verem&#8217; gibi tedavisi \u00e7ok daha g\u00fc\u00e7 ve maliyetli bir tabloya yol a\u00e7maktad\u0131r&#8221; dedi.<\/p>\n<p>4.01.2026<\/p>\n","protected":false},"excerpt":{"rendered":"<p>G\u00f6\u011f\u00fcs Hastal\u0131klar\u0131 Uzman\u0131 Prof. Dr. Mehmet Karada\u011f, &#8220;Verem denilince akla ilk olarak akci\u011ferler gelir. Ancak bu bakteri kan ve lenf yoluyla v\u00fccudun di\u011fer b\u00f6lgelerine de yay\u0131labilir&#8221; dedi. G\u00f6\u011f\u00fcs Hastal\u0131klar\u0131 Uzman\u0131 Prof. Dr. Mehmet Karada\u011f, 4 -10 Ocak Verem E\u011fitim ve Fark\u0131ndal\u0131k Haftas\u0131 nedeniyle yapt\u0131\u011f\u0131 a\u00e7\u0131klamada \u00f6nemli konulara de\u011findi. Verem denilince akla ilk olarak akci\u011ferler geldi\u011fini [&hellip;]<\/p>\n","protected":false},"author":1,"featured_media":16035,"comment_status":"open","ping_status":"open","sticky":false,"template":"","format":"standard","meta":{"footnotes":""},"categories":[47],"tags":[320],"class_list":["post-16034","post","type-post","status-publish","format-standard","has-post-thumbnail","hentry","category-universiteden-haberler","tag-saglik"],"yoast_head":"<!-- This site is optimized with the Yoast SEO plugin v27.4 - https:\/\/yoast.com\/product\/yoast-seo-wordpress\/ -->\n<title>E\u011fer \u00f6ks\u00fcr\u00fc\u011f\u00fcn\u00fcz 2 haftay\u0131 ge\u00e7tiyse, &#039;\u00fc\u015f\u00fctt\u00fcm, sigaradand\u0131r, ge\u00e7er&#039; demeyin - Memurun Sesi<\/title>\n<meta name=\"description\" content=\"E\u011fer \u00f6ks\u00fcr\u00fc\u011f\u00fcn\u00fcz 2 haftay\u0131 ge\u00e7tiyse, &#039;\u00fc\u015f\u00fctt\u00fcm, sigaradand\u0131r, ge\u00e7er&#039; demeyin\" \/>\n<meta name=\"robots\" content=\"index, follow, max-snippet:-1, max-image-preview:large, max-video-preview:-1\" \/>\n<link rel=\"canonical\" href=\"https:\/\/memurunsesi.net\/index.php\/2026\/01\/04\/eger-oksurugunuz-2-haftayi-gectiyse-usuttum-sigaradandir-gecer-demeyin\/\" \/>\n<meta property=\"og:locale\" content=\"tr_TR\" \/>\n<meta property=\"og:type\" content=\"article\" \/>\n<meta property=\"og:title\" content=\"E\u011fer \u00f6ks\u00fcr\u00fc\u011f\u00fcn\u00fcz 2 haftay\u0131 ge\u00e7tiyse, &#039;\u00fc\u015f\u00fctt\u00fcm, sigaradand\u0131r, ge\u00e7er&#039; demeyin - Memurun Sesi\" \/>\n<meta property=\"og:description\" content=\"E\u011fer \u00f6ks\u00fcr\u00fc\u011f\u00fcn\u00fcz 2 haftay\u0131 ge\u00e7tiyse, &#039;\u00fc\u015f\u00fctt\u00fcm, sigaradand\u0131r, ge\u00e7er&#039; demeyin\" \/>\n<meta property=\"og:url\" content=\"https:\/\/memurunsesi.net\/index.php\/2026\/01\/04\/eger-oksurugunuz-2-haftayi-gectiyse-usuttum-sigaradandir-gecer-demeyin\/\" \/>\n<meta property=\"og:site_name\" content=\"Memurun Sesi\" \/>\n<meta property=\"article:publisher\" content=\"https:\/\/www.facebook.com\/unipersen\/?locale=tr_TR\" \/>\n<meta property=\"article:published_time\" content=\"2026-01-04T07:18:30+00:00\" \/>\n<meta property=\"og:image\" content=\"https:\/\/memurunsesi.net\/wp-content\/uploads\/2026\/01\/saglik.jpg\" \/>\n\t<meta property=\"og:image:width\" content=\"1920\" \/>\n\t<meta property=\"og:image:height\" content=\"1080\" \/>\n\t<meta property=\"og:image:type\" content=\"image\/jpeg\" \/>\n<meta name=\"author\" content=\"Memurun Sesi Haber Merkezi\" \/>\n<meta name=\"twitter:card\" content=\"summary_large_image\" \/>\n<meta name=\"twitter:creator\" content=\"@unipersen\" \/>\n<meta name=\"twitter:site\" content=\"@unipersen\" \/>\n<meta name=\"twitter:label1\" content=\"Yazan:\" \/>\n\t<meta name=\"twitter:data1\" content=\"Memurun Sesi Haber Merkezi\" \/>\n\t<meta name=\"twitter:label2\" content=\"Tahmini okuma s\u00fcresi\" \/>\n\t<meta name=\"twitter:data2\" content=\"4 dakika\" \/>\n<script type=\"application\/ld+json\" class=\"yoast-schema-graph\">{\"@context\":\"https:\\\/\\\/schema.org\",\"@graph\":[{\"@type\":\"Article\",\"@id\":\"https:\\\/\\\/memurunsesi.net\\\/index.php\\\/2026\\\/01\\\/04\\\/eger-oksurugunuz-2-haftayi-gectiyse-usuttum-sigaradandir-gecer-demeyin\\\/#article\",\"isPartOf\":{\"@id\":\"https:\\\/\\\/memurunsesi.net\\\/index.php\\\/2026\\\/01\\\/04\\\/eger-oksurugunuz-2-haftayi-gectiyse-usuttum-sigaradandir-gecer-demeyin\\\/\"},\"author\":{\"name\":\"Memurun Sesi Haber Merkezi\",\"@id\":\"https:\\\/\\\/memurunsesi.net\\\/#\\\/schema\\\/person\\\/f21c2d73b89f6ee1d80b0a1803e38587\"},\"headline\":\"E\u011fer \u00f6ks\u00fcr\u00fc\u011f\u00fcn\u00fcz 2 haftay\u0131 ge\u00e7tiyse, &#8216;\u00fc\u015f\u00fctt\u00fcm, sigaradand\u0131r, ge\u00e7er&#8217; demeyin\",\"datePublished\":\"2026-01-04T07:18:30+00:00\",\"mainEntityOfPage\":{\"@id\":\"https:\\\/\\\/memurunsesi.net\\\/index.php\\\/2026\\\/01\\\/04\\\/eger-oksurugunuz-2-haftayi-gectiyse-usuttum-sigaradandir-gecer-demeyin\\\/\"},\"wordCount\":809,\"commentCount\":0,\"publisher\":{\"@id\":\"https:\\\/\\\/memurunsesi.net\\\/#organization\"},\"image\":{\"@id\":\"https:\\\/\\\/memurunsesi.net\\\/index.php\\\/2026\\\/01\\\/04\\\/eger-oksurugunuz-2-haftayi-gectiyse-usuttum-sigaradandir-gecer-demeyin\\\/#primaryimage\"},\"thumbnailUrl\":\"https:\\\/\\\/memurunsesi.net\\\/wp-content\\\/uploads\\\/2026\\\/01\\\/saglik.jpg\",\"keywords\":[\"sa\u011fl\u0131k\"],\"articleSection\":[\"\u00dcniversiteden Haberler\"],\"inLanguage\":\"tr\",\"potentialAction\":[{\"@type\":\"CommentAction\",\"name\":\"Comment\",\"target\":[\"https:\\\/\\\/memurunsesi.net\\\/index.php\\\/2026\\\/01\\\/04\\\/eger-oksurugunuz-2-haftayi-gectiyse-usuttum-sigaradandir-gecer-demeyin\\\/#respond\"]}]},{\"@type\":\"WebPage\",\"@id\":\"https:\\\/\\\/memurunsesi.net\\\/index.php\\\/2026\\\/01\\\/04\\\/eger-oksurugunuz-2-haftayi-gectiyse-usuttum-sigaradandir-gecer-demeyin\\\/\",\"url\":\"https:\\\/\\\/memurunsesi.net\\\/index.php\\\/2026\\\/01\\\/04\\\/eger-oksurugunuz-2-haftayi-gectiyse-usuttum-sigaradandir-gecer-demeyin\\\/\",\"name\":\"E\u011fer \u00f6ks\u00fcr\u00fc\u011f\u00fcn\u00fcz 2 haftay\u0131 ge\u00e7tiyse, '\u00fc\u015f\u00fctt\u00fcm, sigaradand\u0131r, ge\u00e7er' demeyin - Memurun Sesi\",\"isPartOf\":{\"@id\":\"https:\\\/\\\/memurunsesi.net\\\/#website\"},\"primaryImageOfPage\":{\"@id\":\"https:\\\/\\\/memurunsesi.net\\\/index.php\\\/2026\\\/01\\\/04\\\/eger-oksurugunuz-2-haftayi-gectiyse-usuttum-sigaradandir-gecer-demeyin\\\/#primaryimage\"},\"image\":{\"@id\":\"https:\\\/\\\/memurunsesi.net\\\/index.php\\\/2026\\\/01\\\/04\\\/eger-oksurugunuz-2-haftayi-gectiyse-usuttum-sigaradandir-gecer-demeyin\\\/#primaryimage\"},\"thumbnailUrl\":\"https:\\\/\\\/memurunsesi.net\\\/wp-content\\\/uploads\\\/2026\\\/01\\\/saglik.jpg\",\"datePublished\":\"2026-01-04T07:18:30+00:00\",\"description\":\"E\u011fer \u00f6ks\u00fcr\u00fc\u011f\u00fcn\u00fcz 2 haftay\u0131 ge\u00e7tiyse, '\u00fc\u015f\u00fctt\u00fcm, sigaradand\u0131r, ge\u00e7er' demeyin\",\"breadcrumb\":{\"@id\":\"https:\\\/\\\/memurunsesi.net\\\/index.php\\\/2026\\\/01\\\/04\\\/eger-oksurugunuz-2-haftayi-gectiyse-usuttum-sigaradandir-gecer-demeyin\\\/#breadcrumb\"},\"inLanguage\":\"tr\",\"potentialAction\":[{\"@type\":\"ReadAction\",\"target\":[\"https:\\\/\\\/memurunsesi.net\\\/index.php\\\/2026\\\/01\\\/04\\\/eger-oksurugunuz-2-haftayi-gectiyse-usuttum-sigaradandir-gecer-demeyin\\\/\"]}]},{\"@type\":\"ImageObject\",\"inLanguage\":\"tr\",\"@id\":\"https:\\\/\\\/memurunsesi.net\\\/index.php\\\/2026\\\/01\\\/04\\\/eger-oksurugunuz-2-haftayi-gectiyse-usuttum-sigaradandir-gecer-demeyin\\\/#primaryimage\",\"url\":\"https:\\\/\\\/memurunsesi.net\\\/wp-content\\\/uploads\\\/2026\\\/01\\\/saglik.jpg\",\"contentUrl\":\"https:\\\/\\\/memurunsesi.net\\\/wp-content\\\/uploads\\\/2026\\\/01\\\/saglik.jpg\",\"width\":1920,\"height\":1080,\"caption\":\"G\u00d6\u011e\u00dcS HASTALIKLARI UZMANI PROF. DR. MEHMET KARADA\u011e (S\u00dcLEYMAN AYDIN\\\/BURSA-\u0130HA) G\u00f6\u011f\u00fcs Hastal\u0131klar\u0131 Uzman\u0131 Prof. Dr. Mehmet Karada\u011f, \\\"Verem denilince akla ilk olarak akci\u011ferler gelir. Ancak bu bakteri kan ve lenf yoluyla v\u00fccudun di\u011fer b\u00f6lgelerine de yay\u0131labilir\\\" dedi.\"},{\"@type\":\"BreadcrumbList\",\"@id\":\"https:\\\/\\\/memurunsesi.net\\\/index.php\\\/2026\\\/01\\\/04\\\/eger-oksurugunuz-2-haftayi-gectiyse-usuttum-sigaradandir-gecer-demeyin\\\/#breadcrumb\",\"itemListElement\":[{\"@type\":\"ListItem\",\"position\":1,\"name\":\"Anasayfa\",\"item\":\"https:\\\/\\\/memurunsesi.net\\\/\"},{\"@type\":\"ListItem\",\"position\":2,\"name\":\"E\u011fer \u00f6ks\u00fcr\u00fc\u011f\u00fcn\u00fcz 2 haftay\u0131 ge\u00e7tiyse, &#8216;\u00fc\u015f\u00fctt\u00fcm, sigaradand\u0131r, ge\u00e7er&#8217; demeyin\"}]},{\"@type\":\"WebSite\",\"@id\":\"https:\\\/\\\/memurunsesi.net\\\/#website\",\"url\":\"https:\\\/\\\/memurunsesi.net\\\/\",\"name\":\"Memurun Sesi\",\"description\":\"G\u00fcncel ve Do\u011fru Haber\",\"publisher\":{\"@id\":\"https:\\\/\\\/memurunsesi.net\\\/#organization\"},\"potentialAction\":[{\"@type\":\"SearchAction\",\"target\":{\"@type\":\"EntryPoint\",\"urlTemplate\":\"https:\\\/\\\/memurunsesi.net\\\/?s={search_term_string}\"},\"query-input\":{\"@type\":\"PropertyValueSpecification\",\"valueRequired\":true,\"valueName\":\"search_term_string\"}}],\"inLanguage\":\"tr\"},{\"@type\":\"Organization\",\"@id\":\"https:\\\/\\\/memurunsesi.net\\\/#organization\",\"name\":\"Memurun Sesi\",\"url\":\"https:\\\/\\\/memurunsesi.net\\\/\",\"logo\":{\"@type\":\"ImageObject\",\"inLanguage\":\"tr\",\"@id\":\"https:\\\/\\\/memurunsesi.net\\\/#\\\/schema\\\/logo\\\/image\\\/\",\"url\":\"https:\\\/\\\/memurunsesi.net\\\/wp-content\\\/uploads\\\/2025\\\/11\\\/cropped-MEMURUN-SESI.png\",\"contentUrl\":\"https:\\\/\\\/memurunsesi.net\\\/wp-content\\\/uploads\\\/2025\\\/11\\\/cropped-MEMURUN-SESI.png\",\"width\":238,\"height\":57,\"caption\":\"Memurun Sesi\"},\"image\":{\"@id\":\"https:\\\/\\\/memurunsesi.net\\\/#\\\/schema\\\/logo\\\/image\\\/\"},\"sameAs\":[\"https:\\\/\\\/www.facebook.com\\\/unipersen\\\/?locale=tr_TR\",\"https:\\\/\\\/x.com\\\/unipersen\"]},{\"@type\":\"Person\",\"@id\":\"https:\\\/\\\/memurunsesi.net\\\/#\\\/schema\\\/person\\\/f21c2d73b89f6ee1d80b0a1803e38587\",\"name\":\"Memurun Sesi Haber Merkezi\",\"image\":{\"@type\":\"ImageObject\",\"inLanguage\":\"tr\",\"@id\":\"https:\\\/\\\/secure.gravatar.com\\\/avatar\\\/6cf0505f452ee753f485014986fab09a434671d2b919ee76fc541025c5876a70?s=96&d=mm&r=g\",\"url\":\"https:\\\/\\\/secure.gravatar.com\\\/avatar\\\/6cf0505f452ee753f485014986fab09a434671d2b919ee76fc541025c5876a70?s=96&d=mm&r=g\",\"contentUrl\":\"https:\\\/\\\/secure.gravatar.com\\\/avatar\\\/6cf0505f452ee753f485014986fab09a434671d2b919ee76fc541025c5876a70?s=96&d=mm&r=g\",\"caption\":\"Memurun Sesi Haber Merkezi\"},\"sameAs\":[\"https:\\\/\\\/memurunsesi.net\"],\"url\":\"https:\\\/\\\/memurunsesi.net\\\/index.php\\\/author\\\/uniper\\\/\"}]}<\/script>\n<!-- \/ Yoast SEO plugin. -->","yoast_head_json":{"title":"E\u011fer \u00f6ks\u00fcr\u00fc\u011f\u00fcn\u00fcz 2 haftay\u0131 ge\u00e7tiyse, '\u00fc\u015f\u00fctt\u00fcm, sigaradand\u0131r, ge\u00e7er' demeyin - Memurun Sesi","description":"E\u011fer \u00f6ks\u00fcr\u00fc\u011f\u00fcn\u00fcz 2 haftay\u0131 ge\u00e7tiyse, '\u00fc\u015f\u00fctt\u00fcm, sigaradand\u0131r, ge\u00e7er' demeyin","robots":{"index":"index","follow":"follow","max-snippet":"max-snippet:-1","max-image-preview":"max-image-preview:large","max-video-preview":"max-video-preview:-1"},"canonical":"https:\/\/memurunsesi.net\/index.php\/2026\/01\/04\/eger-oksurugunuz-2-haftayi-gectiyse-usuttum-sigaradandir-gecer-demeyin\/","og_locale":"tr_TR","og_type":"article","og_title":"E\u011fer \u00f6ks\u00fcr\u00fc\u011f\u00fcn\u00fcz 2 haftay\u0131 ge\u00e7tiyse, '\u00fc\u015f\u00fctt\u00fcm, sigaradand\u0131r, ge\u00e7er' demeyin - Memurun Sesi","og_description":"E\u011fer \u00f6ks\u00fcr\u00fc\u011f\u00fcn\u00fcz 2 haftay\u0131 ge\u00e7tiyse, '\u00fc\u015f\u00fctt\u00fcm, sigaradand\u0131r, ge\u00e7er' demeyin","og_url":"https:\/\/memurunsesi.net\/index.php\/2026\/01\/04\/eger-oksurugunuz-2-haftayi-gectiyse-usuttum-sigaradandir-gecer-demeyin\/","og_site_name":"Memurun Sesi","article_publisher":"https:\/\/www.facebook.com\/unipersen\/?locale=tr_TR","article_published_time":"2026-01-04T07:18:30+00:00","og_image":[{"width":1920,"height":1080,"url":"https:\/\/memurunsesi.net\/wp-content\/uploads\/2026\/01\/saglik.jpg","type":"image\/jpeg"}],"author":"Memurun Sesi Haber Merkezi","twitter_card":"summary_large_image","twitter_creator":"@unipersen","twitter_site":"@unipersen","twitter_misc":{"Yazan:":"Memurun Sesi Haber Merkezi","Tahmini okuma s\u00fcresi":"4 dakika"},"schema":{"@context":"https:\/\/schema.org","@graph":[{"@type":"Article","@id":"https:\/\/memurunsesi.net\/index.php\/2026\/01\/04\/eger-oksurugunuz-2-haftayi-gectiyse-usuttum-sigaradandir-gecer-demeyin\/#article","isPartOf":{"@id":"https:\/\/memurunsesi.net\/index.php\/2026\/01\/04\/eger-oksurugunuz-2-haftayi-gectiyse-usuttum-sigaradandir-gecer-demeyin\/"},"author":{"name":"Memurun Sesi Haber Merkezi","@id":"https:\/\/memurunsesi.net\/#\/schema\/person\/f21c2d73b89f6ee1d80b0a1803e38587"},"headline":"E\u011fer \u00f6ks\u00fcr\u00fc\u011f\u00fcn\u00fcz 2 haftay\u0131 ge\u00e7tiyse, &#8216;\u00fc\u015f\u00fctt\u00fcm, sigaradand\u0131r, ge\u00e7er&#8217; demeyin","datePublished":"2026-01-04T07:18:30+00:00","mainEntityOfPage":{"@id":"https:\/\/memurunsesi.net\/index.php\/2026\/01\/04\/eger-oksurugunuz-2-haftayi-gectiyse-usuttum-sigaradandir-gecer-demeyin\/"},"wordCount":809,"commentCount":0,"publisher":{"@id":"https:\/\/memurunsesi.net\/#organization"},"image":{"@id":"https:\/\/memurunsesi.net\/index.php\/2026\/01\/04\/eger-oksurugunuz-2-haftayi-gectiyse-usuttum-sigaradandir-gecer-demeyin\/#primaryimage"},"thumbnailUrl":"https:\/\/memurunsesi.net\/wp-content\/uploads\/2026\/01\/saglik.jpg","keywords":["sa\u011fl\u0131k"],"articleSection":["\u00dcniversiteden Haberler"],"inLanguage":"tr","potentialAction":[{"@type":"CommentAction","name":"Comment","target":["https:\/\/memurunsesi.net\/index.php\/2026\/01\/04\/eger-oksurugunuz-2-haftayi-gectiyse-usuttum-sigaradandir-gecer-demeyin\/#respond"]}]},{"@type":"WebPage","@id":"https:\/\/memurunsesi.net\/index.php\/2026\/01\/04\/eger-oksurugunuz-2-haftayi-gectiyse-usuttum-sigaradandir-gecer-demeyin\/","url":"https:\/\/memurunsesi.net\/index.php\/2026\/01\/04\/eger-oksurugunuz-2-haftayi-gectiyse-usuttum-sigaradandir-gecer-demeyin\/","name":"E\u011fer \u00f6ks\u00fcr\u00fc\u011f\u00fcn\u00fcz 2 haftay\u0131 ge\u00e7tiyse, '\u00fc\u015f\u00fctt\u00fcm, sigaradand\u0131r, ge\u00e7er' demeyin - Memurun Sesi","isPartOf":{"@id":"https:\/\/memurunsesi.net\/#website"},"primaryImageOfPage":{"@id":"https:\/\/memurunsesi.net\/index.php\/2026\/01\/04\/eger-oksurugunuz-2-haftayi-gectiyse-usuttum-sigaradandir-gecer-demeyin\/#primaryimage"},"image":{"@id":"https:\/\/memurunsesi.net\/index.php\/2026\/01\/04\/eger-oksurugunuz-2-haftayi-gectiyse-usuttum-sigaradandir-gecer-demeyin\/#primaryimage"},"thumbnailUrl":"https:\/\/memurunsesi.net\/wp-content\/uploads\/2026\/01\/saglik.jpg","datePublished":"2026-01-04T07:18:30+00:00","description":"E\u011fer \u00f6ks\u00fcr\u00fc\u011f\u00fcn\u00fcz 2 haftay\u0131 ge\u00e7tiyse, '\u00fc\u015f\u00fctt\u00fcm, sigaradand\u0131r, ge\u00e7er' demeyin","breadcrumb":{"@id":"https:\/\/memurunsesi.net\/index.php\/2026\/01\/04\/eger-oksurugunuz-2-haftayi-gectiyse-usuttum-sigaradandir-gecer-demeyin\/#breadcrumb"},"inLanguage":"tr","potentialAction":[{"@type":"ReadAction","target":["https:\/\/memurunsesi.net\/index.php\/2026\/01\/04\/eger-oksurugunuz-2-haftayi-gectiyse-usuttum-sigaradandir-gecer-demeyin\/"]}]},{"@type":"ImageObject","inLanguage":"tr","@id":"https:\/\/memurunsesi.net\/index.php\/2026\/01\/04\/eger-oksurugunuz-2-haftayi-gectiyse-usuttum-sigaradandir-gecer-demeyin\/#primaryimage","url":"https:\/\/memurunsesi.net\/wp-content\/uploads\/2026\/01\/saglik.jpg","contentUrl":"https:\/\/memurunsesi.net\/wp-content\/uploads\/2026\/01\/saglik.jpg","width":1920,"height":1080,"caption":"G\u00d6\u011e\u00dcS HASTALIKLARI UZMANI PROF. DR. MEHMET KARADA\u011e (S\u00dcLEYMAN AYDIN\/BURSA-\u0130HA) G\u00f6\u011f\u00fcs Hastal\u0131klar\u0131 Uzman\u0131 Prof. Dr. Mehmet Karada\u011f, \"Verem denilince akla ilk olarak akci\u011ferler gelir. Ancak bu bakteri kan ve lenf yoluyla v\u00fccudun di\u011fer b\u00f6lgelerine de yay\u0131labilir\" dedi."},{"@type":"BreadcrumbList","@id":"https:\/\/memurunsesi.net\/index.php\/2026\/01\/04\/eger-oksurugunuz-2-haftayi-gectiyse-usuttum-sigaradandir-gecer-demeyin\/#breadcrumb","itemListElement":[{"@type":"ListItem","position":1,"name":"Anasayfa","item":"https:\/\/memurunsesi.net\/"},{"@type":"ListItem","position":2,"name":"E\u011fer \u00f6ks\u00fcr\u00fc\u011f\u00fcn\u00fcz 2 haftay\u0131 ge\u00e7tiyse, &#8216;\u00fc\u015f\u00fctt\u00fcm, sigaradand\u0131r, ge\u00e7er&#8217; demeyin"}]},{"@type":"WebSite","@id":"https:\/\/memurunsesi.net\/#website","url":"https:\/\/memurunsesi.net\/","name":"Memurun Sesi","description":"G\u00fcncel ve Do\u011fru Haber","publisher":{"@id":"https:\/\/memurunsesi.net\/#organization"},"potentialAction":[{"@type":"SearchAction","target":{"@type":"EntryPoint","urlTemplate":"https:\/\/memurunsesi.net\/?s={search_term_string}"},"query-input":{"@type":"PropertyValueSpecification","valueRequired":true,"valueName":"search_term_string"}}],"inLanguage":"tr"},{"@type":"Organization","@id":"https:\/\/memurunsesi.net\/#organization","name":"Memurun Sesi","url":"https:\/\/memurunsesi.net\/","logo":{"@type":"ImageObject","inLanguage":"tr","@id":"https:\/\/memurunsesi.net\/#\/schema\/logo\/image\/","url":"https:\/\/memurunsesi.net\/wp-content\/uploads\/2025\/11\/cropped-MEMURUN-SESI.png","contentUrl":"https:\/\/memurunsesi.net\/wp-content\/uploads\/2025\/11\/cropped-MEMURUN-SESI.png","width":238,"height":57,"caption":"Memurun Sesi"},"image":{"@id":"https:\/\/memurunsesi.net\/#\/schema\/logo\/image\/"},"sameAs":["https:\/\/www.facebook.com\/unipersen\/?locale=tr_TR","https:\/\/x.com\/unipersen"]},{"@type":"Person","@id":"https:\/\/memurunsesi.net\/#\/schema\/person\/f21c2d73b89f6ee1d80b0a1803e38587","name":"Memurun Sesi Haber Merkezi","image":{"@type":"ImageObject","inLanguage":"tr","@id":"https:\/\/secure.gravatar.com\/avatar\/6cf0505f452ee753f485014986fab09a434671d2b919ee76fc541025c5876a70?s=96&d=mm&r=g","url":"https:\/\/secure.gravatar.com\/avatar\/6cf0505f452ee753f485014986fab09a434671d2b919ee76fc541025c5876a70?s=96&d=mm&r=g","contentUrl":"https:\/\/secure.gravatar.com\/avatar\/6cf0505f452ee753f485014986fab09a434671d2b919ee76fc541025c5876a70?s=96&d=mm&r=g","caption":"Memurun Sesi Haber Merkezi"},"sameAs":["https:\/\/memurunsesi.net"],"url":"https:\/\/memurunsesi.net\/index.php\/author\/uniper\/"}]}},"_links":{"self":[{"href":"https:\/\/memurunsesi.net\/index.php\/wp-json\/wp\/v2\/posts\/16034","targetHints":{"allow":["GET"]}}],"collection":[{"href":"https:\/\/memurunsesi.net\/index.php\/wp-json\/wp\/v2\/posts"}],"about":[{"href":"https:\/\/memurunsesi.net\/index.php\/wp-json\/wp\/v2\/types\/post"}],"author":[{"embeddable":true,"href":"https:\/\/memurunsesi.net\/index.php\/wp-json\/wp\/v2\/users\/1"}],"replies":[{"embeddable":true,"href":"https:\/\/memurunsesi.net\/index.php\/wp-json\/wp\/v2\/comments?post=16034"}],"version-history":[{"count":1,"href":"https:\/\/memurunsesi.net\/index.php\/wp-json\/wp\/v2\/posts\/16034\/revisions"}],"predecessor-version":[{"id":16036,"href":"https:\/\/memurunsesi.net\/index.php\/wp-json\/wp\/v2\/posts\/16034\/revisions\/16036"}],"wp:featuredmedia":[{"embeddable":true,"href":"https:\/\/memurunsesi.net\/index.php\/wp-json\/wp\/v2\/media\/16035"}],"wp:attachment":[{"href":"https:\/\/memurunsesi.net\/index.php\/wp-json\/wp\/v2\/media?parent=16034"}],"wp:term":[{"taxonomy":"category","embeddable":true,"href":"https:\/\/memurunsesi.net\/index.php\/wp-json\/wp\/v2\/categories?post=16034"},{"taxonomy":"post_tag","embeddable":true,"href":"https:\/\/memurunsesi.net\/index.php\/wp-json\/wp\/v2\/tags?post=16034"}],"curies":[{"name":"wp","href":"https:\/\/api.w.org\/{rel}","templated":true}]}}