{"id":16145,"date":"2026-01-07T05:25:26","date_gmt":"2026-01-07T02:25:26","guid":{"rendered":"https:\/\/memurunsesi.net\/?p=16145"},"modified":"2026-01-07T05:25:26","modified_gmt":"2026-01-07T02:25:26","slug":"antalyada-polisten-kacan-surucu-kaza-yapti","status":"publish","type":"post","link":"https:\/\/memurunsesi.net\/index.php\/2026\/01\/07\/antalyada-polisten-kacan-surucu-kaza-yapti\/","title":{"rendered":"Antalya\u2019da polisten ka\u00e7an s\u00fcr\u00fcc\u00fc kaza yapt\u0131"},"content":{"rendered":"<p>Antalya\u2019da polis ekiplerinden ka\u00e7an otomobil s\u00fcr\u00fcc\u00fcs\u00fc, yar\u0131m saat s\u00fcren kovalamaca s\u0131ras\u0131nda 4 arac\u0131n ard\u0131ndan ref\u00fcje \u00e7arparak kaza yapmas\u0131 sonucu yakalanabildi. Yaralanan s\u00fcr\u00fcc\u00fc hastaneye g\u00f6t\u00fcr\u00fcld\u00fc.<br \/>\nOlay, saat 21.30 s\u0131ralar\u0131nda Muratpa\u015fa il\u00e7esi Tongu\u00e7 Caddesi\u2019nde meydana geldi. Edinilen bilgiye g\u00f6re, 07 BPV 880 plakal\u0131 otomobilin hen\u00fcz ismi \u00f6\u011frenilemeyen s\u00fcr\u00fcc\u00fcs\u00fc polis ekiplerinin &#8216;dur&#8217; ihtar\u0131na uymayarak ara sokaklara girip ka\u00e7maya ba\u015flad\u0131. Yakla\u015f\u0131k yar\u0131m saat s\u00fcren kovalamaca s\u0131ras\u0131nda kontrols\u00fcz \u015fekilde ilerleyen s\u00fcr\u00fcc\u00fc, 4 araca \u00e7arparak maddi hasara yol a\u00e7t\u0131. S\u00fcr\u00fcc\u00fc, Evliya \u00c7elebi Caddesi\u2019nde geldi\u011fi s\u0131rada ise ref\u00fcje \u00e7arpt\u0131. Kazada s\u00fcr\u00fcc\u00fc yaralan\u0131rken, polis ekipleri de b\u00f6lgeye sa\u011fl\u0131k ekiplerini talep etti. Olay yerine sevk edilen sa\u011fl\u0131k ekipleri taraf\u0131ndan ilk m\u00fcdahalesi yap\u0131lan s\u00fcr\u00fcc\u00fc, ambulansla hastaneye g\u00f6t\u00fcr\u00fcld\u00fc.<br \/>\nK\u0131sa s\u00fcreli\u011fine trafi\u011fe kapat\u0131lan caddede polis ekipleri g\u00fcvenlik \u00f6nlemi al\u0131rken, otomobilde de arama yap\u0131ld\u0131. \u0130ncelemenin ard\u0131ndan ara\u00e7, \u00e7ekici yard\u0131m\u0131yla olay yerinden kald\u0131r\u0131ld\u0131. Polis ekiplerinin olayla ilgili incelemesi s\u00fcr\u00fcyor.<\/p>\n<p>7.01.2026<\/p>\n","protected":false},"excerpt":{"rendered":"<p>Antalya\u2019da polis ekiplerinden ka\u00e7an otomobil s\u00fcr\u00fcc\u00fcs\u00fc, yar\u0131m saat s\u00fcren kovalamaca s\u0131ras\u0131nda 4 arac\u0131n ard\u0131ndan ref\u00fcje \u00e7arparak kaza yapmas\u0131 sonucu yakalanabildi. Yaralanan s\u00fcr\u00fcc\u00fc hastaneye g\u00f6t\u00fcr\u00fcld\u00fc. Olay, saat 21.30 s\u0131ralar\u0131nda Muratpa\u015fa il\u00e7esi Tongu\u00e7 Caddesi\u2019nde meydana geldi. Edinilen bilgiye g\u00f6re, 07 BPV 880 plakal\u0131 otomobilin hen\u00fcz ismi \u00f6\u011frenilemeyen s\u00fcr\u00fcc\u00fcs\u00fc polis ekiplerinin &#8216;dur&#8217; ihtar\u0131na uymayarak ara sokaklara girip ka\u00e7maya [&hellip;]<\/p>\n","protected":false},"author":1,"featured_media":16146,"comment_status":"open","ping_status":"open","sticky":false,"template":"","format":"standard","meta":{"footnotes":""},"categories":[50],"tags":[812,813],"class_list":["post-16145","post","type-post","status-publish","format-standard","has-post-thumbnail","hentry","category-tum-haberler","tag-antalyada-polisten-kacan-surucu","tag-kaza-yapti"],"yoast_head":"<!-- This site is optimized with the Yoast SEO plugin v27.4 - https:\/\/yoast.com\/product\/yoast-seo-wordpress\/ -->\n<title>Antalya\u2019da polisten ka\u00e7an s\u00fcr\u00fcc\u00fc kaza yapt\u0131 - Memurun Sesi<\/title>\n<meta name=\"description\" content=\"Antalya\u2019da polisten ka\u00e7an s\u00fcr\u00fcc\u00fc kaza yapt\u0131\" \/>\n<meta name=\"robots\" content=\"index, follow, max-snippet:-1, max-image-preview:large, max-video-preview:-1\" \/>\n<link rel=\"canonical\" href=\"https:\/\/memurunsesi.net\/index.php\/2026\/01\/07\/antalyada-polisten-kacan-surucu-kaza-yapti\/\" \/>\n<meta property=\"og:locale\" content=\"tr_TR\" \/>\n<meta property=\"og:type\" content=\"article\" \/>\n<meta property=\"og:title\" content=\"Antalya\u2019da polisten ka\u00e7an s\u00fcr\u00fcc\u00fc kaza yapt\u0131 - Memurun Sesi\" \/>\n<meta property=\"og:description\" content=\"Antalya\u2019da polisten ka\u00e7an s\u00fcr\u00fcc\u00fc kaza yapt\u0131\" \/>\n<meta property=\"og:url\" content=\"https:\/\/memurunsesi.net\/index.php\/2026\/01\/07\/antalyada-polisten-kacan-surucu-kaza-yapti\/\" \/>\n<meta property=\"og:site_name\" content=\"Memurun Sesi\" \/>\n<meta property=\"article:publisher\" content=\"https:\/\/www.facebook.com\/unipersen\/?locale=tr_TR\" \/>\n<meta property=\"article:published_time\" content=\"2026-01-07T02:25:26+00:00\" \/>\n<meta property=\"og:image\" content=\"https:\/\/memurunsesi.net\/wp-content\/uploads\/2026\/01\/surucu-kaza-yapti.jpg\" \/>\n\t<meta property=\"og:image:width\" content=\"1280\" \/>\n\t<meta property=\"og:image:height\" content=\"720\" \/>\n\t<meta property=\"og:image:type\" content=\"image\/jpeg\" \/>\n<meta name=\"author\" content=\"Memurun Sesi Haber Merkezi\" \/>\n<meta name=\"twitter:card\" content=\"summary_large_image\" \/>\n<meta name=\"twitter:creator\" content=\"@unipersen\" \/>\n<meta name=\"twitter:site\" content=\"@unipersen\" \/>\n<meta name=\"twitter:label1\" content=\"Yazan:\" \/>\n\t<meta name=\"twitter:data1\" content=\"Memurun Sesi Haber Merkezi\" \/>\n\t<meta name=\"twitter:label2\" content=\"Tahmini okuma s\u00fcresi\" \/>\n\t<meta name=\"twitter:data2\" content=\"2 dakika\" \/>\n<script type=\"application\/ld+json\" class=\"yoast-schema-graph\">{\"@context\":\"https:\\\/\\\/schema.org\",\"@graph\":[{\"@type\":\"Article\",\"@id\":\"https:\\\/\\\/memurunsesi.net\\\/index.php\\\/2026\\\/01\\\/07\\\/antalyada-polisten-kacan-surucu-kaza-yapti\\\/#article\",\"isPartOf\":{\"@id\":\"https:\\\/\\\/memurunsesi.net\\\/index.php\\\/2026\\\/01\\\/07\\\/antalyada-polisten-kacan-surucu-kaza-yapti\\\/\"},\"author\":{\"name\":\"Memurun Sesi Haber Merkezi\",\"@id\":\"https:\\\/\\\/memurunsesi.net\\\/#\\\/schema\\\/person\\\/f21c2d73b89f6ee1d80b0a1803e38587\"},\"headline\":\"Antalya\u2019da polisten ka\u00e7an s\u00fcr\u00fcc\u00fc kaza yapt\u0131\",\"datePublished\":\"2026-01-07T02:25:26+00:00\",\"mainEntityOfPage\":{\"@id\":\"https:\\\/\\\/memurunsesi.net\\\/index.php\\\/2026\\\/01\\\/07\\\/antalyada-polisten-kacan-surucu-kaza-yapti\\\/\"},\"wordCount\":216,\"commentCount\":0,\"publisher\":{\"@id\":\"https:\\\/\\\/memurunsesi.net\\\/#organization\"},\"image\":{\"@id\":\"https:\\\/\\\/memurunsesi.net\\\/index.php\\\/2026\\\/01\\\/07\\\/antalyada-polisten-kacan-surucu-kaza-yapti\\\/#primaryimage\"},\"thumbnailUrl\":\"https:\\\/\\\/memurunsesi.net\\\/wp-content\\\/uploads\\\/2026\\\/01\\\/surucu-kaza-yapti.jpg\",\"keywords\":[\"Antalya\u2019da polisten ka\u00e7an s\u00fcr\u00fcc\u00fc\",\"kaza yapt\u0131\"],\"articleSection\":[\"T\u00fcm Haberler\"],\"inLanguage\":\"tr\",\"potentialAction\":[{\"@type\":\"CommentAction\",\"name\":\"Comment\",\"target\":[\"https:\\\/\\\/memurunsesi.net\\\/index.php\\\/2026\\\/01\\\/07\\\/antalyada-polisten-kacan-surucu-kaza-yapti\\\/#respond\"]}]},{\"@type\":\"WebPage\",\"@id\":\"https:\\\/\\\/memurunsesi.net\\\/index.php\\\/2026\\\/01\\\/07\\\/antalyada-polisten-kacan-surucu-kaza-yapti\\\/\",\"url\":\"https:\\\/\\\/memurunsesi.net\\\/index.php\\\/2026\\\/01\\\/07\\\/antalyada-polisten-kacan-surucu-kaza-yapti\\\/\",\"name\":\"Antalya\u2019da polisten ka\u00e7an s\u00fcr\u00fcc\u00fc kaza yapt\u0131 - Memurun Sesi\",\"isPartOf\":{\"@id\":\"https:\\\/\\\/memurunsesi.net\\\/#website\"},\"primaryImageOfPage\":{\"@id\":\"https:\\\/\\\/memurunsesi.net\\\/index.php\\\/2026\\\/01\\\/07\\\/antalyada-polisten-kacan-surucu-kaza-yapti\\\/#primaryimage\"},\"image\":{\"@id\":\"https:\\\/\\\/memurunsesi.net\\\/index.php\\\/2026\\\/01\\\/07\\\/antalyada-polisten-kacan-surucu-kaza-yapti\\\/#primaryimage\"},\"thumbnailUrl\":\"https:\\\/\\\/memurunsesi.net\\\/wp-content\\\/uploads\\\/2026\\\/01\\\/surucu-kaza-yapti.jpg\",\"datePublished\":\"2026-01-07T02:25:26+00:00\",\"description\":\"Antalya\u2019da polisten ka\u00e7an s\u00fcr\u00fcc\u00fc kaza yapt\u0131\",\"breadcrumb\":{\"@id\":\"https:\\\/\\\/memurunsesi.net\\\/index.php\\\/2026\\\/01\\\/07\\\/antalyada-polisten-kacan-surucu-kaza-yapti\\\/#breadcrumb\"},\"inLanguage\":\"tr\",\"potentialAction\":[{\"@type\":\"ReadAction\",\"target\":[\"https:\\\/\\\/memurunsesi.net\\\/index.php\\\/2026\\\/01\\\/07\\\/antalyada-polisten-kacan-surucu-kaza-yapti\\\/\"]}]},{\"@type\":\"ImageObject\",\"inLanguage\":\"tr\",\"@id\":\"https:\\\/\\\/memurunsesi.net\\\/index.php\\\/2026\\\/01\\\/07\\\/antalyada-polisten-kacan-surucu-kaza-yapti\\\/#primaryimage\",\"url\":\"https:\\\/\\\/memurunsesi.net\\\/wp-content\\\/uploads\\\/2026\\\/01\\\/surucu-kaza-yapti.jpg\",\"contentUrl\":\"https:\\\/\\\/memurunsesi.net\\\/wp-content\\\/uploads\\\/2026\\\/01\\\/surucu-kaza-yapti.jpg\",\"width\":1280,\"height\":720,\"caption\":\"ANTALYA'DA POL\u0130S EK\u0130PLER\u0130NDEN KA\u00c7AN OTOMOB\u0130L S\u00dcR\u00dcC\u00dcS\u00dc, YARIM SAAT S\u00dcREN KOVALAMACA SIRASINDA 4 ARACA \u00c7ARPTIKTAN SONRA YARALI OLARAK YAKALANDI. (\u0130BRAH\u0130M S\u00d6NMEZ\\\/ANTALYA-\u0130HA) Antalya'da polis ekiplerinden ka\u00e7an otomobil s\u00fcr\u00fcc\u00fcs\u00fc, yar\u0131m saat s\u00fcren kovalamaca s\u0131ras\u0131nda 4 arac\u0131n ard\u0131ndan ref\u00fcje \u00e7arparak kaza yapmas\u0131 sonucu yakalanabildi. Yaralanan s\u00fcr\u00fcc\u00fc hastaneye g\u00f6t\u00fcr\u00fcld\u00fc.\"},{\"@type\":\"BreadcrumbList\",\"@id\":\"https:\\\/\\\/memurunsesi.net\\\/index.php\\\/2026\\\/01\\\/07\\\/antalyada-polisten-kacan-surucu-kaza-yapti\\\/#breadcrumb\",\"itemListElement\":[{\"@type\":\"ListItem\",\"position\":1,\"name\":\"Anasayfa\",\"item\":\"https:\\\/\\\/memurunsesi.net\\\/\"},{\"@type\":\"ListItem\",\"position\":2,\"name\":\"Antalya\u2019da polisten ka\u00e7an s\u00fcr\u00fcc\u00fc kaza yapt\u0131\"}]},{\"@type\":\"WebSite\",\"@id\":\"https:\\\/\\\/memurunsesi.net\\\/#website\",\"url\":\"https:\\\/\\\/memurunsesi.net\\\/\",\"name\":\"Memurun Sesi\",\"description\":\"G\u00fcncel ve Do\u011fru Haber\",\"publisher\":{\"@id\":\"https:\\\/\\\/memurunsesi.net\\\/#organization\"},\"potentialAction\":[{\"@type\":\"SearchAction\",\"target\":{\"@type\":\"EntryPoint\",\"urlTemplate\":\"https:\\\/\\\/memurunsesi.net\\\/?s={search_term_string}\"},\"query-input\":{\"@type\":\"PropertyValueSpecification\",\"valueRequired\":true,\"valueName\":\"search_term_string\"}}],\"inLanguage\":\"tr\"},{\"@type\":\"Organization\",\"@id\":\"https:\\\/\\\/memurunsesi.net\\\/#organization\",\"name\":\"Memurun Sesi\",\"url\":\"https:\\\/\\\/memurunsesi.net\\\/\",\"logo\":{\"@type\":\"ImageObject\",\"inLanguage\":\"tr\",\"@id\":\"https:\\\/\\\/memurunsesi.net\\\/#\\\/schema\\\/logo\\\/image\\\/\",\"url\":\"https:\\\/\\\/memurunsesi.net\\\/wp-content\\\/uploads\\\/2025\\\/11\\\/cropped-MEMURUN-SESI.png\",\"contentUrl\":\"https:\\\/\\\/memurunsesi.net\\\/wp-content\\\/uploads\\\/2025\\\/11\\\/cropped-MEMURUN-SESI.png\",\"width\":238,\"height\":57,\"caption\":\"Memurun Sesi\"},\"image\":{\"@id\":\"https:\\\/\\\/memurunsesi.net\\\/#\\\/schema\\\/logo\\\/image\\\/\"},\"sameAs\":[\"https:\\\/\\\/www.facebook.com\\\/unipersen\\\/?locale=tr_TR\",\"https:\\\/\\\/x.com\\\/unipersen\"]},{\"@type\":\"Person\",\"@id\":\"https:\\\/\\\/memurunsesi.net\\\/#\\\/schema\\\/person\\\/f21c2d73b89f6ee1d80b0a1803e38587\",\"name\":\"Memurun Sesi Haber Merkezi\",\"image\":{\"@type\":\"ImageObject\",\"inLanguage\":\"tr\",\"@id\":\"https:\\\/\\\/secure.gravatar.com\\\/avatar\\\/6cf0505f452ee753f485014986fab09a434671d2b919ee76fc541025c5876a70?s=96&d=mm&r=g\",\"url\":\"https:\\\/\\\/secure.gravatar.com\\\/avatar\\\/6cf0505f452ee753f485014986fab09a434671d2b919ee76fc541025c5876a70?s=96&d=mm&r=g\",\"contentUrl\":\"https:\\\/\\\/secure.gravatar.com\\\/avatar\\\/6cf0505f452ee753f485014986fab09a434671d2b919ee76fc541025c5876a70?s=96&d=mm&r=g\",\"caption\":\"Memurun Sesi Haber Merkezi\"},\"sameAs\":[\"https:\\\/\\\/memurunsesi.net\"],\"url\":\"https:\\\/\\\/memurunsesi.net\\\/index.php\\\/author\\\/uniper\\\/\"}]}<\/script>\n<!-- \/ Yoast SEO plugin. -->","yoast_head_json":{"title":"Antalya\u2019da polisten ka\u00e7an s\u00fcr\u00fcc\u00fc kaza yapt\u0131 - Memurun Sesi","description":"Antalya\u2019da polisten ka\u00e7an s\u00fcr\u00fcc\u00fc kaza yapt\u0131","robots":{"index":"index","follow":"follow","max-snippet":"max-snippet:-1","max-image-preview":"max-image-preview:large","max-video-preview":"max-video-preview:-1"},"canonical":"https:\/\/memurunsesi.net\/index.php\/2026\/01\/07\/antalyada-polisten-kacan-surucu-kaza-yapti\/","og_locale":"tr_TR","og_type":"article","og_title":"Antalya\u2019da polisten ka\u00e7an s\u00fcr\u00fcc\u00fc kaza yapt\u0131 - Memurun Sesi","og_description":"Antalya\u2019da polisten ka\u00e7an s\u00fcr\u00fcc\u00fc kaza yapt\u0131","og_url":"https:\/\/memurunsesi.net\/index.php\/2026\/01\/07\/antalyada-polisten-kacan-surucu-kaza-yapti\/","og_site_name":"Memurun Sesi","article_publisher":"https:\/\/www.facebook.com\/unipersen\/?locale=tr_TR","article_published_time":"2026-01-07T02:25:26+00:00","og_image":[{"width":1280,"height":720,"url":"https:\/\/memurunsesi.net\/wp-content\/uploads\/2026\/01\/surucu-kaza-yapti.jpg","type":"image\/jpeg"}],"author":"Memurun Sesi Haber Merkezi","twitter_card":"summary_large_image","twitter_creator":"@unipersen","twitter_site":"@unipersen","twitter_misc":{"Yazan:":"Memurun Sesi Haber Merkezi","Tahmini okuma s\u00fcresi":"2 dakika"},"schema":{"@context":"https:\/\/schema.org","@graph":[{"@type":"Article","@id":"https:\/\/memurunsesi.net\/index.php\/2026\/01\/07\/antalyada-polisten-kacan-surucu-kaza-yapti\/#article","isPartOf":{"@id":"https:\/\/memurunsesi.net\/index.php\/2026\/01\/07\/antalyada-polisten-kacan-surucu-kaza-yapti\/"},"author":{"name":"Memurun Sesi Haber Merkezi","@id":"https:\/\/memurunsesi.net\/#\/schema\/person\/f21c2d73b89f6ee1d80b0a1803e38587"},"headline":"Antalya\u2019da polisten ka\u00e7an s\u00fcr\u00fcc\u00fc kaza yapt\u0131","datePublished":"2026-01-07T02:25:26+00:00","mainEntityOfPage":{"@id":"https:\/\/memurunsesi.net\/index.php\/2026\/01\/07\/antalyada-polisten-kacan-surucu-kaza-yapti\/"},"wordCount":216,"commentCount":0,"publisher":{"@id":"https:\/\/memurunsesi.net\/#organization"},"image":{"@id":"https:\/\/memurunsesi.net\/index.php\/2026\/01\/07\/antalyada-polisten-kacan-surucu-kaza-yapti\/#primaryimage"},"thumbnailUrl":"https:\/\/memurunsesi.net\/wp-content\/uploads\/2026\/01\/surucu-kaza-yapti.jpg","keywords":["Antalya\u2019da polisten ka\u00e7an s\u00fcr\u00fcc\u00fc","kaza yapt\u0131"],"articleSection":["T\u00fcm Haberler"],"inLanguage":"tr","potentialAction":[{"@type":"CommentAction","name":"Comment","target":["https:\/\/memurunsesi.net\/index.php\/2026\/01\/07\/antalyada-polisten-kacan-surucu-kaza-yapti\/#respond"]}]},{"@type":"WebPage","@id":"https:\/\/memurunsesi.net\/index.php\/2026\/01\/07\/antalyada-polisten-kacan-surucu-kaza-yapti\/","url":"https:\/\/memurunsesi.net\/index.php\/2026\/01\/07\/antalyada-polisten-kacan-surucu-kaza-yapti\/","name":"Antalya\u2019da polisten ka\u00e7an s\u00fcr\u00fcc\u00fc kaza yapt\u0131 - Memurun Sesi","isPartOf":{"@id":"https:\/\/memurunsesi.net\/#website"},"primaryImageOfPage":{"@id":"https:\/\/memurunsesi.net\/index.php\/2026\/01\/07\/antalyada-polisten-kacan-surucu-kaza-yapti\/#primaryimage"},"image":{"@id":"https:\/\/memurunsesi.net\/index.php\/2026\/01\/07\/antalyada-polisten-kacan-surucu-kaza-yapti\/#primaryimage"},"thumbnailUrl":"https:\/\/memurunsesi.net\/wp-content\/uploads\/2026\/01\/surucu-kaza-yapti.jpg","datePublished":"2026-01-07T02:25:26+00:00","description":"Antalya\u2019da polisten ka\u00e7an s\u00fcr\u00fcc\u00fc kaza yapt\u0131","breadcrumb":{"@id":"https:\/\/memurunsesi.net\/index.php\/2026\/01\/07\/antalyada-polisten-kacan-surucu-kaza-yapti\/#breadcrumb"},"inLanguage":"tr","potentialAction":[{"@type":"ReadAction","target":["https:\/\/memurunsesi.net\/index.php\/2026\/01\/07\/antalyada-polisten-kacan-surucu-kaza-yapti\/"]}]},{"@type":"ImageObject","inLanguage":"tr","@id":"https:\/\/memurunsesi.net\/index.php\/2026\/01\/07\/antalyada-polisten-kacan-surucu-kaza-yapti\/#primaryimage","url":"https:\/\/memurunsesi.net\/wp-content\/uploads\/2026\/01\/surucu-kaza-yapti.jpg","contentUrl":"https:\/\/memurunsesi.net\/wp-content\/uploads\/2026\/01\/surucu-kaza-yapti.jpg","width":1280,"height":720,"caption":"ANTALYA'DA POL\u0130S EK\u0130PLER\u0130NDEN KA\u00c7AN OTOMOB\u0130L S\u00dcR\u00dcC\u00dcS\u00dc, YARIM SAAT S\u00dcREN KOVALAMACA SIRASINDA 4 ARACA \u00c7ARPTIKTAN SONRA YARALI OLARAK YAKALANDI. (\u0130BRAH\u0130M S\u00d6NMEZ\/ANTALYA-\u0130HA) Antalya'da polis ekiplerinden ka\u00e7an otomobil s\u00fcr\u00fcc\u00fcs\u00fc, yar\u0131m saat s\u00fcren kovalamaca s\u0131ras\u0131nda 4 arac\u0131n ard\u0131ndan ref\u00fcje \u00e7arparak kaza yapmas\u0131 sonucu yakalanabildi. Yaralanan s\u00fcr\u00fcc\u00fc hastaneye g\u00f6t\u00fcr\u00fcld\u00fc."},{"@type":"BreadcrumbList","@id":"https:\/\/memurunsesi.net\/index.php\/2026\/01\/07\/antalyada-polisten-kacan-surucu-kaza-yapti\/#breadcrumb","itemListElement":[{"@type":"ListItem","position":1,"name":"Anasayfa","item":"https:\/\/memurunsesi.net\/"},{"@type":"ListItem","position":2,"name":"Antalya\u2019da polisten ka\u00e7an s\u00fcr\u00fcc\u00fc kaza yapt\u0131"}]},{"@type":"WebSite","@id":"https:\/\/memurunsesi.net\/#website","url":"https:\/\/memurunsesi.net\/","name":"Memurun Sesi","description":"G\u00fcncel ve Do\u011fru Haber","publisher":{"@id":"https:\/\/memurunsesi.net\/#organization"},"potentialAction":[{"@type":"SearchAction","target":{"@type":"EntryPoint","urlTemplate":"https:\/\/memurunsesi.net\/?s={search_term_string}"},"query-input":{"@type":"PropertyValueSpecification","valueRequired":true,"valueName":"search_term_string"}}],"inLanguage":"tr"},{"@type":"Organization","@id":"https:\/\/memurunsesi.net\/#organization","name":"Memurun Sesi","url":"https:\/\/memurunsesi.net\/","logo":{"@type":"ImageObject","inLanguage":"tr","@id":"https:\/\/memurunsesi.net\/#\/schema\/logo\/image\/","url":"https:\/\/memurunsesi.net\/wp-content\/uploads\/2025\/11\/cropped-MEMURUN-SESI.png","contentUrl":"https:\/\/memurunsesi.net\/wp-content\/uploads\/2025\/11\/cropped-MEMURUN-SESI.png","width":238,"height":57,"caption":"Memurun Sesi"},"image":{"@id":"https:\/\/memurunsesi.net\/#\/schema\/logo\/image\/"},"sameAs":["https:\/\/www.facebook.com\/unipersen\/?locale=tr_TR","https:\/\/x.com\/unipersen"]},{"@type":"Person","@id":"https:\/\/memurunsesi.net\/#\/schema\/person\/f21c2d73b89f6ee1d80b0a1803e38587","name":"Memurun Sesi Haber Merkezi","image":{"@type":"ImageObject","inLanguage":"tr","@id":"https:\/\/secure.gravatar.com\/avatar\/6cf0505f452ee753f485014986fab09a434671d2b919ee76fc541025c5876a70?s=96&d=mm&r=g","url":"https:\/\/secure.gravatar.com\/avatar\/6cf0505f452ee753f485014986fab09a434671d2b919ee76fc541025c5876a70?s=96&d=mm&r=g","contentUrl":"https:\/\/secure.gravatar.com\/avatar\/6cf0505f452ee753f485014986fab09a434671d2b919ee76fc541025c5876a70?s=96&d=mm&r=g","caption":"Memurun Sesi Haber Merkezi"},"sameAs":["https:\/\/memurunsesi.net"],"url":"https:\/\/memurunsesi.net\/index.php\/author\/uniper\/"}]}},"_links":{"self":[{"href":"https:\/\/memurunsesi.net\/index.php\/wp-json\/wp\/v2\/posts\/16145","targetHints":{"allow":["GET"]}}],"collection":[{"href":"https:\/\/memurunsesi.net\/index.php\/wp-json\/wp\/v2\/posts"}],"about":[{"href":"https:\/\/memurunsesi.net\/index.php\/wp-json\/wp\/v2\/types\/post"}],"author":[{"embeddable":true,"href":"https:\/\/memurunsesi.net\/index.php\/wp-json\/wp\/v2\/users\/1"}],"replies":[{"embeddable":true,"href":"https:\/\/memurunsesi.net\/index.php\/wp-json\/wp\/v2\/comments?post=16145"}],"version-history":[{"count":1,"href":"https:\/\/memurunsesi.net\/index.php\/wp-json\/wp\/v2\/posts\/16145\/revisions"}],"predecessor-version":[{"id":16147,"href":"https:\/\/memurunsesi.net\/index.php\/wp-json\/wp\/v2\/posts\/16145\/revisions\/16147"}],"wp:featuredmedia":[{"embeddable":true,"href":"https:\/\/memurunsesi.net\/index.php\/wp-json\/wp\/v2\/media\/16146"}],"wp:attachment":[{"href":"https:\/\/memurunsesi.net\/index.php\/wp-json\/wp\/v2\/media?parent=16145"}],"wp:term":[{"taxonomy":"category","embeddable":true,"href":"https:\/\/memurunsesi.net\/index.php\/wp-json\/wp\/v2\/categories?post=16145"},{"taxonomy":"post_tag","embeddable":true,"href":"https:\/\/memurunsesi.net\/index.php\/wp-json\/wp\/v2\/tags?post=16145"}],"curies":[{"name":"wp","href":"https:\/\/api.w.org\/{rel}","templated":true}]}}