{"id":16154,"date":"2026-01-07T05:31:02","date_gmt":"2026-01-07T02:31:02","guid":{"rendered":"https:\/\/memurunsesi.net\/?p=16154"},"modified":"2026-01-07T05:31:02","modified_gmt":"2026-01-07T02:31:02","slug":"kisin-egzama-vakalari-artiyor","status":"publish","type":"post","link":"https:\/\/memurunsesi.net\/index.php\/2026\/01\/07\/kisin-egzama-vakalari-artiyor\/","title":{"rendered":"K\u0131\u015f\u0131n egzama vakalar\u0131 art\u0131yor"},"content":{"rendered":"<p>&#8211; Dr. Sema Karao\u011flu: &#8220;Kuruluk kozmetik bir problem olarak g\u00f6r\u00fclmemeli, mutlaka tedavi edilmelidir&#8221;<\/p>\n<p>Ac\u0131badem Kayseri Hastanesi Dermatoloji Uzman\u0131 Dr. Sema Karao\u011flu, k\u0131\u015f aylar\u0131nda so\u011fuk hava, r\u00fczg\u00e2r ve kapal\u0131 ortamlardaki nem azalmas\u0131n\u0131n cilt kurulu\u011funu art\u0131rd\u0131\u011f\u0131n\u0131 belirterek, &#8220;Kuruluk sadece kozmetik bir sorun de\u011fildir, mutlaka tedavi edilmesi gereken bir sa\u011fl\u0131k problemidir&#8221; dedi.<br \/>\nK\u0131\u015f aylar\u0131nda cilt kurulu\u011funa ba\u011fl\u0131 olarak egzama vakalar\u0131nda art\u0131\u015f g\u00f6r\u00fcld\u00fc\u011f\u00fcn\u00fc ifade eden Dermatoloji Uzman\u0131 Dr. Sema Karao\u011flu, &#8220;So\u011fuyan havan\u0131n etkisiyle klimalar\u0131n ve kaloriferlerin \u00e7al\u0131\u015fmas\u0131yla kapal\u0131 ortamlarda nemin azalmas\u0131yla ve ya\u015fad\u0131\u011f\u0131n\u0131z yerde nemsizlik varsa, s\u0131cak du\u015f al\u0131yorsan\u0131z deri kuruyor. Derimiz bizi d\u0131\u015f etkenlerden koruyan nem dengemizi sa\u011flayan bir bariyer. Bu bariyer so\u011fuk hava, r\u00fczgar, nemsizlik ile birlikte bozuluyor. Deri asl\u0131nda bir ya\u011fl\u0131 k\u00e2\u011f\u0131t gibidir. Deriniz, h\u00fccrelerinizin su kaybetmesine izin vermez. So\u011fuk, r\u00fczgar, nemsizlik bu bariyeri bozunca deri su kaybetmeye ba\u015flar. Su kaybeden deri, t\u0131pk\u0131 toprak gibi kurur ve \u00e7atlar. \u00c7atlayan deri y\u00fczeyinde dermal sinirler a\u00e7\u0131\u011fa \u00e7\u0131kt\u0131\u011f\u0131 i\u00e7in ka\u015f\u0131nt\u0131 ba\u015flar. Ka\u015f\u0131nt\u0131 ile birlikte deride tahri\u015f egzamalarda art\u0131\u015f ba\u015flar. E\u011fer ki zaten ki\u015fi de egzama varsa k\u0131\u015f aylar\u0131nda da bu egzamalar mutlaka artar. K\u0131\u015f aylar\u0131, so\u011fuk havalar egzaman\u0131n sebebi de\u011fildir ama egzamalar\u0131n en \u00f6nemli tetikleyicilerinden biridir. Dolay\u0131s\u0131yla k\u0131\u015f aylar\u0131nda bu egzamalar\u0131 \u00e7ok g\u00f6r\u00fcyoruz&#8221; ifadelerini kulland\u0131.<\/p>\n<p>&#8220;\u00d6zellikle \u00e7ocuklar ve ya\u015fl\u0131larda cilt bariyeri daha hassas&#8221;<br \/>\nCilt kurulu\u011funun ard\u0131ndan enfeksiyon riskinin artt\u0131\u011f\u0131na dikkat \u00e7eken Dr. Karao\u011flu, \u00f6zellikle \u00e7ocuklar ve ya\u015fl\u0131larda cilt bariyerinin daha hassas oldu\u011funu vurgulad\u0131. Karao\u011flu, &#8220;Kuruluk kozmetik bir problem olarak g\u00f6r\u00fclmemeli, mutlaka tedavi edilmelidir. Banyodan sonra cilt hen\u00fcz nemliyken, tamamen kurulamadan nemlendirici uygulanmal\u0131d\u0131r. Banyo ya\u011flar\u0131 veya cilde uygun onar\u0131c\u0131 nemlendiriciler tercih edilebilir&#8221; dedi.<br \/>\nKapal\u0131 alanlarda kullan\u0131lan klima ve sobalar\u0131n ortam nemini daha da azaltt\u0131\u011f\u0131n\u0131 belirten Karao\u011flu, &#8220;\u00d6zellikle kuru b\u00f6lgelerde ya\u015fayan ki\u015filerde k\u0131\u015f aylar\u0131nda cilt kurulu\u011fu daha s\u0131k g\u00f6r\u00fcl\u00fcr. Y\u00fcz i\u00e7in banyo sonras\u0131 ve g\u00fcn i\u00e7inde nemlendirme yap\u0131lmal\u0131, y\u00fcz g\u00fcnde en az iki kez nemlendirilmelidir&#8221; \u015feklinde konu\u015ftu.<\/p>\n<p>&#8220;Her cilt tipi mutlaka nemlendirilmelidir&#8221;<br \/>\nY\u00fcz bak\u0131m\u0131yla ilgili yanl\u0131\u015f bilinen bilgiler oldu\u011funa da de\u011finen Dr. Sema Karao\u011flu, &#8220;Baz\u0131 hastalar\u0131m\u0131z &#8216;benim y\u00fcz\u00fcm \u00e7ok ya\u011fl\u0131, nemlendirici kullanmaya ihtiyac\u0131m yok&#8217; ya da &#8216;\u015fu kom\u015fuma iyi gelmi\u015f bana da iyi gelir&#8217; diyerek \u00fcr\u00fcn kullan\u0131yorlar. Bu durumlar \u00e7ok yanl\u0131\u015f. Her cilt tipinin nemlendirme ihtiyac\u0131 farkl\u0131 olabilir. Cildiniz kuru da olsa ya\u011fl\u0131 da olsa mutlaka nemlendirmeniz gerekli. Ya\u011f ile su kar\u0131\u015ft\u0131r\u0131lmamal\u0131. Birisi ya\u011f, birisi cildin su ihtiyac\u0131. E\u011fer cildiniz ya\u011fl\u0131ysa ve y\u00fcz\u00fcn\u00fczde k\u0131zar\u0131kl\u0131k- kepek olu\u015ftuysa hastalar\u0131m\u0131z kuru cilt tipine uygun \u00fcr\u00fcn kullan\u0131yorlar. Oysaki orada zaten ya\u011f fazlal\u0131\u011f\u0131 var, nem ihtiyac\u0131 var. Uygun nemlendiriciler kullan\u0131lmad\u0131\u011f\u0131 i\u00e7in \u015fik\u00e2yetler art\u0131yor. Bu y\u00fczden de y\u00fczde kuruluk, kepeklenme ve ka\u015f\u0131nt\u0131 art\u0131yor. Her cilt tipinin nemlendirme ihtiyac\u0131 vard\u0131r. Ya\u011f ve su ihtiyac\u0131 birbirinden farkl\u0131d\u0131r&#8221; dedi.<\/p>\n<p>6.01.2026<\/p>\n","protected":false},"excerpt":{"rendered":"<p>&#8211; Dr. Sema Karao\u011flu: &#8220;Kuruluk kozmetik bir problem olarak g\u00f6r\u00fclmemeli, mutlaka tedavi edilmelidir&#8221; Ac\u0131badem Kayseri Hastanesi Dermatoloji Uzman\u0131 Dr. Sema Karao\u011flu, k\u0131\u015f aylar\u0131nda so\u011fuk hava, r\u00fczg\u00e2r ve kapal\u0131 ortamlardaki nem azalmas\u0131n\u0131n cilt kurulu\u011funu art\u0131rd\u0131\u011f\u0131n\u0131 belirterek, &#8220;Kuruluk sadece kozmetik bir sorun de\u011fildir, mutlaka tedavi edilmesi gereken bir sa\u011fl\u0131k problemidir&#8221; dedi. K\u0131\u015f aylar\u0131nda cilt kurulu\u011funa ba\u011fl\u0131 olarak [&hellip;]<\/p>\n","protected":false},"author":1,"featured_media":16155,"comment_status":"open","ping_status":"open","sticky":false,"template":"","format":"standard","meta":{"footnotes":""},"categories":[49],"tags":[817],"class_list":["post-16154","post","type-post","status-publish","format-standard","has-post-thumbnail","hentry","category-kose-yazilari","tag-kisin-egzama-vakalari-artiyor"],"yoast_head":"<!-- This site is optimized with the Yoast SEO plugin v27.4 - https:\/\/yoast.com\/product\/yoast-seo-wordpress\/ -->\n<title>K\u0131\u015f\u0131n egzama vakalar\u0131 art\u0131yor - Memurun Sesi<\/title>\n<meta name=\"description\" content=\"K\u0131\u015f\u0131n egzama vakalar\u0131 art\u0131yor\" \/>\n<meta name=\"robots\" content=\"index, follow, max-snippet:-1, max-image-preview:large, max-video-preview:-1\" \/>\n<link rel=\"canonical\" href=\"https:\/\/memurunsesi.net\/index.php\/2026\/01\/07\/kisin-egzama-vakalari-artiyor\/\" \/>\n<meta property=\"og:locale\" content=\"tr_TR\" \/>\n<meta property=\"og:type\" content=\"article\" \/>\n<meta property=\"og:title\" content=\"K\u0131\u015f\u0131n egzama vakalar\u0131 art\u0131yor - Memurun Sesi\" \/>\n<meta property=\"og:description\" content=\"K\u0131\u015f\u0131n egzama vakalar\u0131 art\u0131yor\" \/>\n<meta property=\"og:url\" content=\"https:\/\/memurunsesi.net\/index.php\/2026\/01\/07\/kisin-egzama-vakalari-artiyor\/\" \/>\n<meta property=\"og:site_name\" content=\"Memurun Sesi\" \/>\n<meta property=\"article:publisher\" content=\"https:\/\/www.facebook.com\/unipersen\/?locale=tr_TR\" \/>\n<meta property=\"article:published_time\" content=\"2026-01-07T02:31:02+00:00\" \/>\n<meta property=\"og:image\" content=\"https:\/\/memurunsesi.net\/wp-content\/uploads\/2026\/01\/Kisin-egzama-vakalari-artiyor.jpg\" \/>\n\t<meta property=\"og:image:width\" content=\"2000\" \/>\n\t<meta property=\"og:image:height\" content=\"1126\" \/>\n\t<meta property=\"og:image:type\" content=\"image\/jpeg\" \/>\n<meta name=\"author\" content=\"Memurun Sesi Haber Merkezi\" \/>\n<meta name=\"twitter:card\" content=\"summary_large_image\" \/>\n<meta name=\"twitter:creator\" content=\"@unipersen\" \/>\n<meta name=\"twitter:site\" content=\"@unipersen\" \/>\n<meta name=\"twitter:label1\" content=\"Yazan:\" \/>\n\t<meta name=\"twitter:data1\" content=\"Memurun Sesi Haber Merkezi\" \/>\n\t<meta name=\"twitter:label2\" content=\"Tahmini okuma s\u00fcresi\" \/>\n\t<meta name=\"twitter:data2\" content=\"3 dakika\" \/>\n<script type=\"application\/ld+json\" class=\"yoast-schema-graph\">{\"@context\":\"https:\\\/\\\/schema.org\",\"@graph\":[{\"@type\":\"Article\",\"@id\":\"https:\\\/\\\/memurunsesi.net\\\/index.php\\\/2026\\\/01\\\/07\\\/kisin-egzama-vakalari-artiyor\\\/#article\",\"isPartOf\":{\"@id\":\"https:\\\/\\\/memurunsesi.net\\\/index.php\\\/2026\\\/01\\\/07\\\/kisin-egzama-vakalari-artiyor\\\/\"},\"author\":{\"name\":\"Memurun Sesi Haber Merkezi\",\"@id\":\"https:\\\/\\\/memurunsesi.net\\\/#\\\/schema\\\/person\\\/f21c2d73b89f6ee1d80b0a1803e38587\"},\"headline\":\"K\u0131\u015f\u0131n egzama vakalar\u0131 art\u0131yor\",\"datePublished\":\"2026-01-07T02:31:02+00:00\",\"mainEntityOfPage\":{\"@id\":\"https:\\\/\\\/memurunsesi.net\\\/index.php\\\/2026\\\/01\\\/07\\\/kisin-egzama-vakalari-artiyor\\\/\"},\"wordCount\":569,\"commentCount\":0,\"publisher\":{\"@id\":\"https:\\\/\\\/memurunsesi.net\\\/#organization\"},\"image\":{\"@id\":\"https:\\\/\\\/memurunsesi.net\\\/index.php\\\/2026\\\/01\\\/07\\\/kisin-egzama-vakalari-artiyor\\\/#primaryimage\"},\"thumbnailUrl\":\"https:\\\/\\\/memurunsesi.net\\\/wp-content\\\/uploads\\\/2026\\\/01\\\/Kisin-egzama-vakalari-artiyor.jpg\",\"keywords\":[\"K\u0131\u015f\u0131n egzama vakalar\u0131 art\u0131yor\"],\"articleSection\":[\"K\u00f6\u015fe Yaz\u0131lar\u0131\"],\"inLanguage\":\"tr\",\"potentialAction\":[{\"@type\":\"CommentAction\",\"name\":\"Comment\",\"target\":[\"https:\\\/\\\/memurunsesi.net\\\/index.php\\\/2026\\\/01\\\/07\\\/kisin-egzama-vakalari-artiyor\\\/#respond\"]}]},{\"@type\":\"WebPage\",\"@id\":\"https:\\\/\\\/memurunsesi.net\\\/index.php\\\/2026\\\/01\\\/07\\\/kisin-egzama-vakalari-artiyor\\\/\",\"url\":\"https:\\\/\\\/memurunsesi.net\\\/index.php\\\/2026\\\/01\\\/07\\\/kisin-egzama-vakalari-artiyor\\\/\",\"name\":\"K\u0131\u015f\u0131n egzama vakalar\u0131 art\u0131yor - Memurun Sesi\",\"isPartOf\":{\"@id\":\"https:\\\/\\\/memurunsesi.net\\\/#website\"},\"primaryImageOfPage\":{\"@id\":\"https:\\\/\\\/memurunsesi.net\\\/index.php\\\/2026\\\/01\\\/07\\\/kisin-egzama-vakalari-artiyor\\\/#primaryimage\"},\"image\":{\"@id\":\"https:\\\/\\\/memurunsesi.net\\\/index.php\\\/2026\\\/01\\\/07\\\/kisin-egzama-vakalari-artiyor\\\/#primaryimage\"},\"thumbnailUrl\":\"https:\\\/\\\/memurunsesi.net\\\/wp-content\\\/uploads\\\/2026\\\/01\\\/Kisin-egzama-vakalari-artiyor.jpg\",\"datePublished\":\"2026-01-07T02:31:02+00:00\",\"description\":\"K\u0131\u015f\u0131n egzama vakalar\u0131 art\u0131yor\",\"breadcrumb\":{\"@id\":\"https:\\\/\\\/memurunsesi.net\\\/index.php\\\/2026\\\/01\\\/07\\\/kisin-egzama-vakalari-artiyor\\\/#breadcrumb\"},\"inLanguage\":\"tr\",\"potentialAction\":[{\"@type\":\"ReadAction\",\"target\":[\"https:\\\/\\\/memurunsesi.net\\\/index.php\\\/2026\\\/01\\\/07\\\/kisin-egzama-vakalari-artiyor\\\/\"]}]},{\"@type\":\"ImageObject\",\"inLanguage\":\"tr\",\"@id\":\"https:\\\/\\\/memurunsesi.net\\\/index.php\\\/2026\\\/01\\\/07\\\/kisin-egzama-vakalari-artiyor\\\/#primaryimage\",\"url\":\"https:\\\/\\\/memurunsesi.net\\\/wp-content\\\/uploads\\\/2026\\\/01\\\/Kisin-egzama-vakalari-artiyor.jpg\",\"contentUrl\":\"https:\\\/\\\/memurunsesi.net\\\/wp-content\\\/uploads\\\/2026\\\/01\\\/Kisin-egzama-vakalari-artiyor.jpg\",\"width\":2000,\"height\":1126,\"caption\":\"ACIBADEM KAYSER\u0130 HASTANES\u0130 DERMATOLOJ\u0130 UZMANI DR. SEMA KARAO\u011eLU, KI\u015e AYLARINDA SO\u011eUK HAVA, R\u00dcZG\u00c2R VE KAPALI ORTAMLARDAK\u0130 NEM AZALMASININ C\u0130LT KURULU\u011eUNU ARTIRDI\u011eINI BEL\u0130RTEREK, \\\"KURULUK SADECE KOZMET\u0130K B\u0130R SORUN DE\u011e\u0130LD\u0130R, MUTLAKA TEDAV\u0130 ED\u0130LMES\u0130 GEREKEN B\u0130R SA\u011eLIK PROBLEM\u0130D\u0130R\\\" DED\u0130. (AL\u0130 G\u00d6\u00c7 - SAMET AKSOY\\\/KAYSER\u0130-\u0130HA) Ac\u0131badem Kayseri Hastanesi Dermatoloji Uzman\u0131 Dr. Sema Karao\u011flu, k\u0131\u015f aylar\u0131nda so\u011fuk hava, r\u00fczg\u00e2r ve kapal\u0131 ortamlardaki nem azalmas\u0131n\u0131n cilt kurulu\u011funu art\u0131rd\u0131\u011f\u0131n\u0131 belirterek, \\\"Kuruluk sadece kozmetik bir sorun de\u011fildir, mutlaka tedavi edilmesi gereken bir sa\u011fl\u0131k problemidir\\\" dedi.\"},{\"@type\":\"BreadcrumbList\",\"@id\":\"https:\\\/\\\/memurunsesi.net\\\/index.php\\\/2026\\\/01\\\/07\\\/kisin-egzama-vakalari-artiyor\\\/#breadcrumb\",\"itemListElement\":[{\"@type\":\"ListItem\",\"position\":1,\"name\":\"Anasayfa\",\"item\":\"https:\\\/\\\/memurunsesi.net\\\/\"},{\"@type\":\"ListItem\",\"position\":2,\"name\":\"K\u0131\u015f\u0131n egzama vakalar\u0131 art\u0131yor\"}]},{\"@type\":\"WebSite\",\"@id\":\"https:\\\/\\\/memurunsesi.net\\\/#website\",\"url\":\"https:\\\/\\\/memurunsesi.net\\\/\",\"name\":\"Memurun Sesi\",\"description\":\"G\u00fcncel ve Do\u011fru Haber\",\"publisher\":{\"@id\":\"https:\\\/\\\/memurunsesi.net\\\/#organization\"},\"potentialAction\":[{\"@type\":\"SearchAction\",\"target\":{\"@type\":\"EntryPoint\",\"urlTemplate\":\"https:\\\/\\\/memurunsesi.net\\\/?s={search_term_string}\"},\"query-input\":{\"@type\":\"PropertyValueSpecification\",\"valueRequired\":true,\"valueName\":\"search_term_string\"}}],\"inLanguage\":\"tr\"},{\"@type\":\"Organization\",\"@id\":\"https:\\\/\\\/memurunsesi.net\\\/#organization\",\"name\":\"Memurun Sesi\",\"url\":\"https:\\\/\\\/memurunsesi.net\\\/\",\"logo\":{\"@type\":\"ImageObject\",\"inLanguage\":\"tr\",\"@id\":\"https:\\\/\\\/memurunsesi.net\\\/#\\\/schema\\\/logo\\\/image\\\/\",\"url\":\"https:\\\/\\\/memurunsesi.net\\\/wp-content\\\/uploads\\\/2025\\\/11\\\/cropped-MEMURUN-SESI.png\",\"contentUrl\":\"https:\\\/\\\/memurunsesi.net\\\/wp-content\\\/uploads\\\/2025\\\/11\\\/cropped-MEMURUN-SESI.png\",\"width\":238,\"height\":57,\"caption\":\"Memurun Sesi\"},\"image\":{\"@id\":\"https:\\\/\\\/memurunsesi.net\\\/#\\\/schema\\\/logo\\\/image\\\/\"},\"sameAs\":[\"https:\\\/\\\/www.facebook.com\\\/unipersen\\\/?locale=tr_TR\",\"https:\\\/\\\/x.com\\\/unipersen\"]},{\"@type\":\"Person\",\"@id\":\"https:\\\/\\\/memurunsesi.net\\\/#\\\/schema\\\/person\\\/f21c2d73b89f6ee1d80b0a1803e38587\",\"name\":\"Memurun Sesi Haber Merkezi\",\"image\":{\"@type\":\"ImageObject\",\"inLanguage\":\"tr\",\"@id\":\"https:\\\/\\\/secure.gravatar.com\\\/avatar\\\/6cf0505f452ee753f485014986fab09a434671d2b919ee76fc541025c5876a70?s=96&d=mm&r=g\",\"url\":\"https:\\\/\\\/secure.gravatar.com\\\/avatar\\\/6cf0505f452ee753f485014986fab09a434671d2b919ee76fc541025c5876a70?s=96&d=mm&r=g\",\"contentUrl\":\"https:\\\/\\\/secure.gravatar.com\\\/avatar\\\/6cf0505f452ee753f485014986fab09a434671d2b919ee76fc541025c5876a70?s=96&d=mm&r=g\",\"caption\":\"Memurun Sesi Haber Merkezi\"},\"sameAs\":[\"https:\\\/\\\/memurunsesi.net\"],\"url\":\"https:\\\/\\\/memurunsesi.net\\\/index.php\\\/author\\\/uniper\\\/\"}]}<\/script>\n<!-- \/ Yoast SEO plugin. -->","yoast_head_json":{"title":"K\u0131\u015f\u0131n egzama vakalar\u0131 art\u0131yor - Memurun Sesi","description":"K\u0131\u015f\u0131n egzama vakalar\u0131 art\u0131yor","robots":{"index":"index","follow":"follow","max-snippet":"max-snippet:-1","max-image-preview":"max-image-preview:large","max-video-preview":"max-video-preview:-1"},"canonical":"https:\/\/memurunsesi.net\/index.php\/2026\/01\/07\/kisin-egzama-vakalari-artiyor\/","og_locale":"tr_TR","og_type":"article","og_title":"K\u0131\u015f\u0131n egzama vakalar\u0131 art\u0131yor - Memurun Sesi","og_description":"K\u0131\u015f\u0131n egzama vakalar\u0131 art\u0131yor","og_url":"https:\/\/memurunsesi.net\/index.php\/2026\/01\/07\/kisin-egzama-vakalari-artiyor\/","og_site_name":"Memurun Sesi","article_publisher":"https:\/\/www.facebook.com\/unipersen\/?locale=tr_TR","article_published_time":"2026-01-07T02:31:02+00:00","og_image":[{"width":2000,"height":1126,"url":"https:\/\/memurunsesi.net\/wp-content\/uploads\/2026\/01\/Kisin-egzama-vakalari-artiyor.jpg","type":"image\/jpeg"}],"author":"Memurun Sesi Haber Merkezi","twitter_card":"summary_large_image","twitter_creator":"@unipersen","twitter_site":"@unipersen","twitter_misc":{"Yazan:":"Memurun Sesi Haber Merkezi","Tahmini okuma s\u00fcresi":"3 dakika"},"schema":{"@context":"https:\/\/schema.org","@graph":[{"@type":"Article","@id":"https:\/\/memurunsesi.net\/index.php\/2026\/01\/07\/kisin-egzama-vakalari-artiyor\/#article","isPartOf":{"@id":"https:\/\/memurunsesi.net\/index.php\/2026\/01\/07\/kisin-egzama-vakalari-artiyor\/"},"author":{"name":"Memurun Sesi Haber Merkezi","@id":"https:\/\/memurunsesi.net\/#\/schema\/person\/f21c2d73b89f6ee1d80b0a1803e38587"},"headline":"K\u0131\u015f\u0131n egzama vakalar\u0131 art\u0131yor","datePublished":"2026-01-07T02:31:02+00:00","mainEntityOfPage":{"@id":"https:\/\/memurunsesi.net\/index.php\/2026\/01\/07\/kisin-egzama-vakalari-artiyor\/"},"wordCount":569,"commentCount":0,"publisher":{"@id":"https:\/\/memurunsesi.net\/#organization"},"image":{"@id":"https:\/\/memurunsesi.net\/index.php\/2026\/01\/07\/kisin-egzama-vakalari-artiyor\/#primaryimage"},"thumbnailUrl":"https:\/\/memurunsesi.net\/wp-content\/uploads\/2026\/01\/Kisin-egzama-vakalari-artiyor.jpg","keywords":["K\u0131\u015f\u0131n egzama vakalar\u0131 art\u0131yor"],"articleSection":["K\u00f6\u015fe Yaz\u0131lar\u0131"],"inLanguage":"tr","potentialAction":[{"@type":"CommentAction","name":"Comment","target":["https:\/\/memurunsesi.net\/index.php\/2026\/01\/07\/kisin-egzama-vakalari-artiyor\/#respond"]}]},{"@type":"WebPage","@id":"https:\/\/memurunsesi.net\/index.php\/2026\/01\/07\/kisin-egzama-vakalari-artiyor\/","url":"https:\/\/memurunsesi.net\/index.php\/2026\/01\/07\/kisin-egzama-vakalari-artiyor\/","name":"K\u0131\u015f\u0131n egzama vakalar\u0131 art\u0131yor - Memurun Sesi","isPartOf":{"@id":"https:\/\/memurunsesi.net\/#website"},"primaryImageOfPage":{"@id":"https:\/\/memurunsesi.net\/index.php\/2026\/01\/07\/kisin-egzama-vakalari-artiyor\/#primaryimage"},"image":{"@id":"https:\/\/memurunsesi.net\/index.php\/2026\/01\/07\/kisin-egzama-vakalari-artiyor\/#primaryimage"},"thumbnailUrl":"https:\/\/memurunsesi.net\/wp-content\/uploads\/2026\/01\/Kisin-egzama-vakalari-artiyor.jpg","datePublished":"2026-01-07T02:31:02+00:00","description":"K\u0131\u015f\u0131n egzama vakalar\u0131 art\u0131yor","breadcrumb":{"@id":"https:\/\/memurunsesi.net\/index.php\/2026\/01\/07\/kisin-egzama-vakalari-artiyor\/#breadcrumb"},"inLanguage":"tr","potentialAction":[{"@type":"ReadAction","target":["https:\/\/memurunsesi.net\/index.php\/2026\/01\/07\/kisin-egzama-vakalari-artiyor\/"]}]},{"@type":"ImageObject","inLanguage":"tr","@id":"https:\/\/memurunsesi.net\/index.php\/2026\/01\/07\/kisin-egzama-vakalari-artiyor\/#primaryimage","url":"https:\/\/memurunsesi.net\/wp-content\/uploads\/2026\/01\/Kisin-egzama-vakalari-artiyor.jpg","contentUrl":"https:\/\/memurunsesi.net\/wp-content\/uploads\/2026\/01\/Kisin-egzama-vakalari-artiyor.jpg","width":2000,"height":1126,"caption":"ACIBADEM KAYSER\u0130 HASTANES\u0130 DERMATOLOJ\u0130 UZMANI DR. SEMA KARAO\u011eLU, KI\u015e AYLARINDA SO\u011eUK HAVA, R\u00dcZG\u00c2R VE KAPALI ORTAMLARDAK\u0130 NEM AZALMASININ C\u0130LT KURULU\u011eUNU ARTIRDI\u011eINI BEL\u0130RTEREK, \"KURULUK SADECE KOZMET\u0130K B\u0130R SORUN DE\u011e\u0130LD\u0130R, MUTLAKA TEDAV\u0130 ED\u0130LMES\u0130 GEREKEN B\u0130R SA\u011eLIK PROBLEM\u0130D\u0130R\" DED\u0130. (AL\u0130 G\u00d6\u00c7 - SAMET AKSOY\/KAYSER\u0130-\u0130HA) Ac\u0131badem Kayseri Hastanesi Dermatoloji Uzman\u0131 Dr. Sema Karao\u011flu, k\u0131\u015f aylar\u0131nda so\u011fuk hava, r\u00fczg\u00e2r ve kapal\u0131 ortamlardaki nem azalmas\u0131n\u0131n cilt kurulu\u011funu art\u0131rd\u0131\u011f\u0131n\u0131 belirterek, \"Kuruluk sadece kozmetik bir sorun de\u011fildir, mutlaka tedavi edilmesi gereken bir sa\u011fl\u0131k problemidir\" dedi."},{"@type":"BreadcrumbList","@id":"https:\/\/memurunsesi.net\/index.php\/2026\/01\/07\/kisin-egzama-vakalari-artiyor\/#breadcrumb","itemListElement":[{"@type":"ListItem","position":1,"name":"Anasayfa","item":"https:\/\/memurunsesi.net\/"},{"@type":"ListItem","position":2,"name":"K\u0131\u015f\u0131n egzama vakalar\u0131 art\u0131yor"}]},{"@type":"WebSite","@id":"https:\/\/memurunsesi.net\/#website","url":"https:\/\/memurunsesi.net\/","name":"Memurun Sesi","description":"G\u00fcncel ve Do\u011fru Haber","publisher":{"@id":"https:\/\/memurunsesi.net\/#organization"},"potentialAction":[{"@type":"SearchAction","target":{"@type":"EntryPoint","urlTemplate":"https:\/\/memurunsesi.net\/?s={search_term_string}"},"query-input":{"@type":"PropertyValueSpecification","valueRequired":true,"valueName":"search_term_string"}}],"inLanguage":"tr"},{"@type":"Organization","@id":"https:\/\/memurunsesi.net\/#organization","name":"Memurun Sesi","url":"https:\/\/memurunsesi.net\/","logo":{"@type":"ImageObject","inLanguage":"tr","@id":"https:\/\/memurunsesi.net\/#\/schema\/logo\/image\/","url":"https:\/\/memurunsesi.net\/wp-content\/uploads\/2025\/11\/cropped-MEMURUN-SESI.png","contentUrl":"https:\/\/memurunsesi.net\/wp-content\/uploads\/2025\/11\/cropped-MEMURUN-SESI.png","width":238,"height":57,"caption":"Memurun Sesi"},"image":{"@id":"https:\/\/memurunsesi.net\/#\/schema\/logo\/image\/"},"sameAs":["https:\/\/www.facebook.com\/unipersen\/?locale=tr_TR","https:\/\/x.com\/unipersen"]},{"@type":"Person","@id":"https:\/\/memurunsesi.net\/#\/schema\/person\/f21c2d73b89f6ee1d80b0a1803e38587","name":"Memurun Sesi Haber Merkezi","image":{"@type":"ImageObject","inLanguage":"tr","@id":"https:\/\/secure.gravatar.com\/avatar\/6cf0505f452ee753f485014986fab09a434671d2b919ee76fc541025c5876a70?s=96&d=mm&r=g","url":"https:\/\/secure.gravatar.com\/avatar\/6cf0505f452ee753f485014986fab09a434671d2b919ee76fc541025c5876a70?s=96&d=mm&r=g","contentUrl":"https:\/\/secure.gravatar.com\/avatar\/6cf0505f452ee753f485014986fab09a434671d2b919ee76fc541025c5876a70?s=96&d=mm&r=g","caption":"Memurun Sesi Haber Merkezi"},"sameAs":["https:\/\/memurunsesi.net"],"url":"https:\/\/memurunsesi.net\/index.php\/author\/uniper\/"}]}},"_links":{"self":[{"href":"https:\/\/memurunsesi.net\/index.php\/wp-json\/wp\/v2\/posts\/16154","targetHints":{"allow":["GET"]}}],"collection":[{"href":"https:\/\/memurunsesi.net\/index.php\/wp-json\/wp\/v2\/posts"}],"about":[{"href":"https:\/\/memurunsesi.net\/index.php\/wp-json\/wp\/v2\/types\/post"}],"author":[{"embeddable":true,"href":"https:\/\/memurunsesi.net\/index.php\/wp-json\/wp\/v2\/users\/1"}],"replies":[{"embeddable":true,"href":"https:\/\/memurunsesi.net\/index.php\/wp-json\/wp\/v2\/comments?post=16154"}],"version-history":[{"count":1,"href":"https:\/\/memurunsesi.net\/index.php\/wp-json\/wp\/v2\/posts\/16154\/revisions"}],"predecessor-version":[{"id":16156,"href":"https:\/\/memurunsesi.net\/index.php\/wp-json\/wp\/v2\/posts\/16154\/revisions\/16156"}],"wp:featuredmedia":[{"embeddable":true,"href":"https:\/\/memurunsesi.net\/index.php\/wp-json\/wp\/v2\/media\/16155"}],"wp:attachment":[{"href":"https:\/\/memurunsesi.net\/index.php\/wp-json\/wp\/v2\/media?parent=16154"}],"wp:term":[{"taxonomy":"category","embeddable":true,"href":"https:\/\/memurunsesi.net\/index.php\/wp-json\/wp\/v2\/categories?post=16154"},{"taxonomy":"post_tag","embeddable":true,"href":"https:\/\/memurunsesi.net\/index.php\/wp-json\/wp\/v2\/tags?post=16154"}],"curies":[{"name":"wp","href":"https:\/\/api.w.org\/{rel}","templated":true}]}}