{"id":16164,"date":"2026-01-08T07:53:57","date_gmt":"2026-01-08T04:53:57","guid":{"rendered":"https:\/\/memurunsesi.net\/?p=16164"},"modified":"2026-01-08T07:53:57","modified_gmt":"2026-01-08T04:53:57","slug":"sariyerde-motosikletiyle-denize-dusen-genc-hayatini-kaybetti","status":"publish","type":"post","link":"https:\/\/memurunsesi.net\/index.php\/2026\/01\/08\/sariyerde-motosikletiyle-denize-dusen-genc-hayatini-kaybetti\/","title":{"rendered":"Sar\u0131yer\u2019de motosikletiyle denize d\u00fc\u015fen gen\u00e7 hayat\u0131n\u0131 kaybetti"},"content":{"rendered":"<p>&#8211; Denizde kalan motosikletine bakmak i\u00e7in suya giren gen\u00e7 bo\u011fuldu<br \/>\n\u0130stanbul Sar\u0131yer\u2019de sahil kenar\u0131nda motosikletine binip gitmeye \u00e7al\u0131\u015fan gen\u00e7, bilinmeyen nedenle denize d\u00fc\u015ft\u00fc. Vatanda\u015flar taraf\u0131ndan kurtar\u0131lan adam, iddiaya g\u00f6re denizdeki motosikletine bakmak i\u00e7in tekrar denize atlad\u0131. Denizden \u00e7\u0131kamayan gen\u00e7 adam bo\u011fuldu.<br \/>\nOlay, ak\u015fam saat 18.00 s\u0131ralar\u0131nda \u0130stanbul Sar\u0131yer Rumelihisar\u0131 Mahallesi Baltaliman\u0131 Hisar Caddesi \u00fczerinde meydana geldi. \u0130ddiaya g\u00f6re cadde \u00fczerindeki sahil kenar\u0131nda motosikletine binip gitmeye \u00e7al\u0131\u015fan Kemal U\u011fur, harekete ge\u00e7ti\u011fi s\u0131rada bilinmeyen bir nedenle suya d\u00fc\u015ft\u00fc. \u00c7evredeki vatanda\u015flar\u0131n yard\u0131m\u0131yla denizden \u00e7\u0131kar\u0131lan U\u011fur, sudaki motosikletine bakmak i\u00e7in tekrar denize girdi. U\u011fur\u2019un sudan \u00e7\u0131kamad\u0131\u011f\u0131n\u0131 g\u00f6ren vatanda\u015flar\u0131n ihbar\u0131 \u00fczerine olay yerine itfaiye, sahil g\u00fcvenlik ve sa\u011fl\u0131k ekipleri sevk edildi. Ekiplerin \u00e7al\u0131\u015fmalar\u0131 sonras\u0131 denizden \u00e7\u0131kar\u0131lan Kemal U\u011fur, sa\u011fl\u0131k ekiplerinin ilk m\u00fcdahalesinin ard\u0131ndan ambulansla hastaneye kald\u0131r\u0131ld\u0131. Kemal U\u011fur, yap\u0131lan t\u00fcm m\u00fcdahalelere ra\u011fmen kurtar\u0131lamayarak hayat\u0131n\u0131 kaybetti.<\/p>\n<p>8.01.2026<\/p>\n","protected":false},"excerpt":{"rendered":"<p>&#8211; Denizde kalan motosikletine bakmak i\u00e7in suya giren gen\u00e7 bo\u011fuldu \u0130stanbul Sar\u0131yer\u2019de sahil kenar\u0131nda motosikletine binip gitmeye \u00e7al\u0131\u015fan gen\u00e7, bilinmeyen nedenle denize d\u00fc\u015ft\u00fc. Vatanda\u015flar taraf\u0131ndan kurtar\u0131lan adam, iddiaya g\u00f6re denizdeki motosikletine bakmak i\u00e7in tekrar denize atlad\u0131. Denizden \u00e7\u0131kamayan gen\u00e7 adam bo\u011fuldu. Olay, ak\u015fam saat 18.00 s\u0131ralar\u0131nda \u0130stanbul Sar\u0131yer Rumelihisar\u0131 Mahallesi Baltaliman\u0131 Hisar Caddesi \u00fczerinde meydana [&hellip;]<\/p>\n","protected":false},"author":1,"featured_media":16165,"comment_status":"open","ping_status":"open","sticky":false,"template":"","format":"standard","meta":{"footnotes":""},"categories":[45],"tags":[820],"class_list":["post-16164","post","type-post","status-publish","format-standard","has-post-thumbnail","hentry","category-gundem","tag-motosikletiyle-denize-dustu"],"yoast_head":"<!-- This site is optimized with the Yoast SEO plugin v27.4 - https:\/\/yoast.com\/product\/yoast-seo-wordpress\/ -->\n<title>Sar\u0131yer\u2019de motosikletiyle denize d\u00fc\u015fen gen\u00e7 hayat\u0131n\u0131 kaybetti - Memurun Sesi<\/title>\n<meta name=\"description\" content=\"Sar\u0131yer\u2019de motosikletiyle denize d\u00fc\u015fen gen\u00e7 hayat\u0131n\u0131 kaybetti\" \/>\n<meta name=\"robots\" content=\"index, follow, max-snippet:-1, max-image-preview:large, max-video-preview:-1\" \/>\n<link rel=\"canonical\" href=\"https:\/\/memurunsesi.net\/index.php\/2026\/01\/08\/sariyerde-motosikletiyle-denize-dusen-genc-hayatini-kaybetti\/\" \/>\n<meta property=\"og:locale\" content=\"tr_TR\" \/>\n<meta property=\"og:type\" content=\"article\" \/>\n<meta property=\"og:title\" content=\"Sar\u0131yer\u2019de motosikletiyle denize d\u00fc\u015fen gen\u00e7 hayat\u0131n\u0131 kaybetti - Memurun Sesi\" \/>\n<meta property=\"og:description\" content=\"Sar\u0131yer\u2019de motosikletiyle denize d\u00fc\u015fen gen\u00e7 hayat\u0131n\u0131 kaybetti\" \/>\n<meta property=\"og:url\" content=\"https:\/\/memurunsesi.net\/index.php\/2026\/01\/08\/sariyerde-motosikletiyle-denize-dusen-genc-hayatini-kaybetti\/\" \/>\n<meta property=\"og:site_name\" content=\"Memurun Sesi\" \/>\n<meta property=\"article:publisher\" content=\"https:\/\/www.facebook.com\/unipersen\/?locale=tr_TR\" \/>\n<meta property=\"article:published_time\" content=\"2026-01-08T04:53:57+00:00\" \/>\n<meta property=\"og:image\" content=\"https:\/\/memurunsesi.net\/wp-content\/uploads\/2026\/01\/motosiklet.jpg\" \/>\n\t<meta property=\"og:image:width\" content=\"720\" \/>\n\t<meta property=\"og:image:height\" content=\"1280\" \/>\n\t<meta property=\"og:image:type\" content=\"image\/jpeg\" \/>\n<meta name=\"author\" content=\"Memurun Sesi Haber Merkezi\" \/>\n<meta name=\"twitter:card\" content=\"summary_large_image\" \/>\n<meta name=\"twitter:creator\" content=\"@unipersen\" \/>\n<meta name=\"twitter:site\" content=\"@unipersen\" \/>\n<meta name=\"twitter:label1\" content=\"Yazan:\" \/>\n\t<meta name=\"twitter:data1\" content=\"Memurun Sesi Haber Merkezi\" \/>\n\t<meta name=\"twitter:label2\" content=\"Tahmini okuma s\u00fcresi\" \/>\n\t<meta name=\"twitter:data2\" content=\"1 dakika\" \/>\n<script type=\"application\/ld+json\" class=\"yoast-schema-graph\">{\"@context\":\"https:\\\/\\\/schema.org\",\"@graph\":[{\"@type\":\"Article\",\"@id\":\"https:\\\/\\\/memurunsesi.net\\\/index.php\\\/2026\\\/01\\\/08\\\/sariyerde-motosikletiyle-denize-dusen-genc-hayatini-kaybetti\\\/#article\",\"isPartOf\":{\"@id\":\"https:\\\/\\\/memurunsesi.net\\\/index.php\\\/2026\\\/01\\\/08\\\/sariyerde-motosikletiyle-denize-dusen-genc-hayatini-kaybetti\\\/\"},\"author\":{\"name\":\"Memurun Sesi Haber Merkezi\",\"@id\":\"https:\\\/\\\/memurunsesi.net\\\/#\\\/schema\\\/person\\\/f21c2d73b89f6ee1d80b0a1803e38587\"},\"headline\":\"Sar\u0131yer\u2019de motosikletiyle denize d\u00fc\u015fen gen\u00e7 hayat\u0131n\u0131 kaybetti\",\"datePublished\":\"2026-01-08T04:53:57+00:00\",\"mainEntityOfPage\":{\"@id\":\"https:\\\/\\\/memurunsesi.net\\\/index.php\\\/2026\\\/01\\\/08\\\/sariyerde-motosikletiyle-denize-dusen-genc-hayatini-kaybetti\\\/\"},\"wordCount\":197,\"commentCount\":0,\"publisher\":{\"@id\":\"https:\\\/\\\/memurunsesi.net\\\/#organization\"},\"image\":{\"@id\":\"https:\\\/\\\/memurunsesi.net\\\/index.php\\\/2026\\\/01\\\/08\\\/sariyerde-motosikletiyle-denize-dusen-genc-hayatini-kaybetti\\\/#primaryimage\"},\"thumbnailUrl\":\"https:\\\/\\\/memurunsesi.net\\\/wp-content\\\/uploads\\\/2026\\\/01\\\/motosiklet.jpg\",\"keywords\":[\"motosikletiyle denize d\u00fc\u015ft\u00fc\"],\"articleSection\":[\"G\u00fcndem\"],\"inLanguage\":\"tr\",\"potentialAction\":[{\"@type\":\"CommentAction\",\"name\":\"Comment\",\"target\":[\"https:\\\/\\\/memurunsesi.net\\\/index.php\\\/2026\\\/01\\\/08\\\/sariyerde-motosikletiyle-denize-dusen-genc-hayatini-kaybetti\\\/#respond\"]}]},{\"@type\":\"WebPage\",\"@id\":\"https:\\\/\\\/memurunsesi.net\\\/index.php\\\/2026\\\/01\\\/08\\\/sariyerde-motosikletiyle-denize-dusen-genc-hayatini-kaybetti\\\/\",\"url\":\"https:\\\/\\\/memurunsesi.net\\\/index.php\\\/2026\\\/01\\\/08\\\/sariyerde-motosikletiyle-denize-dusen-genc-hayatini-kaybetti\\\/\",\"name\":\"Sar\u0131yer\u2019de motosikletiyle denize d\u00fc\u015fen gen\u00e7 hayat\u0131n\u0131 kaybetti - Memurun Sesi\",\"isPartOf\":{\"@id\":\"https:\\\/\\\/memurunsesi.net\\\/#website\"},\"primaryImageOfPage\":{\"@id\":\"https:\\\/\\\/memurunsesi.net\\\/index.php\\\/2026\\\/01\\\/08\\\/sariyerde-motosikletiyle-denize-dusen-genc-hayatini-kaybetti\\\/#primaryimage\"},\"image\":{\"@id\":\"https:\\\/\\\/memurunsesi.net\\\/index.php\\\/2026\\\/01\\\/08\\\/sariyerde-motosikletiyle-denize-dusen-genc-hayatini-kaybetti\\\/#primaryimage\"},\"thumbnailUrl\":\"https:\\\/\\\/memurunsesi.net\\\/wp-content\\\/uploads\\\/2026\\\/01\\\/motosiklet.jpg\",\"datePublished\":\"2026-01-08T04:53:57+00:00\",\"description\":\"Sar\u0131yer\u2019de motosikletiyle denize d\u00fc\u015fen gen\u00e7 hayat\u0131n\u0131 kaybetti\",\"breadcrumb\":{\"@id\":\"https:\\\/\\\/memurunsesi.net\\\/index.php\\\/2026\\\/01\\\/08\\\/sariyerde-motosikletiyle-denize-dusen-genc-hayatini-kaybetti\\\/#breadcrumb\"},\"inLanguage\":\"tr\",\"potentialAction\":[{\"@type\":\"ReadAction\",\"target\":[\"https:\\\/\\\/memurunsesi.net\\\/index.php\\\/2026\\\/01\\\/08\\\/sariyerde-motosikletiyle-denize-dusen-genc-hayatini-kaybetti\\\/\"]}]},{\"@type\":\"ImageObject\",\"inLanguage\":\"tr\",\"@id\":\"https:\\\/\\\/memurunsesi.net\\\/index.php\\\/2026\\\/01\\\/08\\\/sariyerde-motosikletiyle-denize-dusen-genc-hayatini-kaybetti\\\/#primaryimage\",\"url\":\"https:\\\/\\\/memurunsesi.net\\\/wp-content\\\/uploads\\\/2026\\\/01\\\/motosiklet.jpg\",\"contentUrl\":\"https:\\\/\\\/memurunsesi.net\\\/wp-content\\\/uploads\\\/2026\\\/01\\\/motosiklet.jpg\",\"width\":720,\"height\":1280,\"caption\":\"SARIYER'DE MOTOS\u0130KLET\u0130YLE DEN\u0130ZE D\u00dc\u015eEN ADAM HAYATINI KAYBETT\u0130 (BURAK U\u011eUR - MEDEN\u0130 TOPALO\u011eLU - MERT YILDIRIM\\\/\u0130STANBUL-\u0130HA) \u0130stanbul Sar\u0131yer'de sahil kenar\u0131nda motosikletine binip gitmeye \u00e7al\u0131\u015fan gen\u00e7, bilinmeyen nedenle denize d\u00fc\u015ft\u00fc. Vatanda\u015flar taraf\u0131ndan kurtar\u0131lan adam, iddiaya g\u00f6re denizdeki motosikletine bakmak i\u00e7in tekrar denize atlad\u0131. Denizden \u00e7\u0131kamayan gen\u00e7 adam bo\u011fuldu.\"},{\"@type\":\"BreadcrumbList\",\"@id\":\"https:\\\/\\\/memurunsesi.net\\\/index.php\\\/2026\\\/01\\\/08\\\/sariyerde-motosikletiyle-denize-dusen-genc-hayatini-kaybetti\\\/#breadcrumb\",\"itemListElement\":[{\"@type\":\"ListItem\",\"position\":1,\"name\":\"Anasayfa\",\"item\":\"https:\\\/\\\/memurunsesi.net\\\/\"},{\"@type\":\"ListItem\",\"position\":2,\"name\":\"Sar\u0131yer\u2019de motosikletiyle denize d\u00fc\u015fen gen\u00e7 hayat\u0131n\u0131 kaybetti\"}]},{\"@type\":\"WebSite\",\"@id\":\"https:\\\/\\\/memurunsesi.net\\\/#website\",\"url\":\"https:\\\/\\\/memurunsesi.net\\\/\",\"name\":\"Memurun Sesi\",\"description\":\"G\u00fcncel ve Do\u011fru Haber\",\"publisher\":{\"@id\":\"https:\\\/\\\/memurunsesi.net\\\/#organization\"},\"potentialAction\":[{\"@type\":\"SearchAction\",\"target\":{\"@type\":\"EntryPoint\",\"urlTemplate\":\"https:\\\/\\\/memurunsesi.net\\\/?s={search_term_string}\"},\"query-input\":{\"@type\":\"PropertyValueSpecification\",\"valueRequired\":true,\"valueName\":\"search_term_string\"}}],\"inLanguage\":\"tr\"},{\"@type\":\"Organization\",\"@id\":\"https:\\\/\\\/memurunsesi.net\\\/#organization\",\"name\":\"Memurun Sesi\",\"url\":\"https:\\\/\\\/memurunsesi.net\\\/\",\"logo\":{\"@type\":\"ImageObject\",\"inLanguage\":\"tr\",\"@id\":\"https:\\\/\\\/memurunsesi.net\\\/#\\\/schema\\\/logo\\\/image\\\/\",\"url\":\"https:\\\/\\\/memurunsesi.net\\\/wp-content\\\/uploads\\\/2025\\\/11\\\/cropped-MEMURUN-SESI.png\",\"contentUrl\":\"https:\\\/\\\/memurunsesi.net\\\/wp-content\\\/uploads\\\/2025\\\/11\\\/cropped-MEMURUN-SESI.png\",\"width\":238,\"height\":57,\"caption\":\"Memurun Sesi\"},\"image\":{\"@id\":\"https:\\\/\\\/memurunsesi.net\\\/#\\\/schema\\\/logo\\\/image\\\/\"},\"sameAs\":[\"https:\\\/\\\/www.facebook.com\\\/unipersen\\\/?locale=tr_TR\",\"https:\\\/\\\/x.com\\\/unipersen\"]},{\"@type\":\"Person\",\"@id\":\"https:\\\/\\\/memurunsesi.net\\\/#\\\/schema\\\/person\\\/f21c2d73b89f6ee1d80b0a1803e38587\",\"name\":\"Memurun Sesi Haber Merkezi\",\"image\":{\"@type\":\"ImageObject\",\"inLanguage\":\"tr\",\"@id\":\"https:\\\/\\\/secure.gravatar.com\\\/avatar\\\/6cf0505f452ee753f485014986fab09a434671d2b919ee76fc541025c5876a70?s=96&d=mm&r=g\",\"url\":\"https:\\\/\\\/secure.gravatar.com\\\/avatar\\\/6cf0505f452ee753f485014986fab09a434671d2b919ee76fc541025c5876a70?s=96&d=mm&r=g\",\"contentUrl\":\"https:\\\/\\\/secure.gravatar.com\\\/avatar\\\/6cf0505f452ee753f485014986fab09a434671d2b919ee76fc541025c5876a70?s=96&d=mm&r=g\",\"caption\":\"Memurun Sesi Haber Merkezi\"},\"sameAs\":[\"https:\\\/\\\/memurunsesi.net\"],\"url\":\"https:\\\/\\\/memurunsesi.net\\\/index.php\\\/author\\\/uniper\\\/\"}]}<\/script>\n<!-- \/ Yoast SEO plugin. -->","yoast_head_json":{"title":"Sar\u0131yer\u2019de motosikletiyle denize d\u00fc\u015fen gen\u00e7 hayat\u0131n\u0131 kaybetti - Memurun Sesi","description":"Sar\u0131yer\u2019de motosikletiyle denize d\u00fc\u015fen gen\u00e7 hayat\u0131n\u0131 kaybetti","robots":{"index":"index","follow":"follow","max-snippet":"max-snippet:-1","max-image-preview":"max-image-preview:large","max-video-preview":"max-video-preview:-1"},"canonical":"https:\/\/memurunsesi.net\/index.php\/2026\/01\/08\/sariyerde-motosikletiyle-denize-dusen-genc-hayatini-kaybetti\/","og_locale":"tr_TR","og_type":"article","og_title":"Sar\u0131yer\u2019de motosikletiyle denize d\u00fc\u015fen gen\u00e7 hayat\u0131n\u0131 kaybetti - Memurun Sesi","og_description":"Sar\u0131yer\u2019de motosikletiyle denize d\u00fc\u015fen gen\u00e7 hayat\u0131n\u0131 kaybetti","og_url":"https:\/\/memurunsesi.net\/index.php\/2026\/01\/08\/sariyerde-motosikletiyle-denize-dusen-genc-hayatini-kaybetti\/","og_site_name":"Memurun Sesi","article_publisher":"https:\/\/www.facebook.com\/unipersen\/?locale=tr_TR","article_published_time":"2026-01-08T04:53:57+00:00","og_image":[{"width":720,"height":1280,"url":"https:\/\/memurunsesi.net\/wp-content\/uploads\/2026\/01\/motosiklet.jpg","type":"image\/jpeg"}],"author":"Memurun Sesi Haber Merkezi","twitter_card":"summary_large_image","twitter_creator":"@unipersen","twitter_site":"@unipersen","twitter_misc":{"Yazan:":"Memurun Sesi Haber Merkezi","Tahmini okuma s\u00fcresi":"1 dakika"},"schema":{"@context":"https:\/\/schema.org","@graph":[{"@type":"Article","@id":"https:\/\/memurunsesi.net\/index.php\/2026\/01\/08\/sariyerde-motosikletiyle-denize-dusen-genc-hayatini-kaybetti\/#article","isPartOf":{"@id":"https:\/\/memurunsesi.net\/index.php\/2026\/01\/08\/sariyerde-motosikletiyle-denize-dusen-genc-hayatini-kaybetti\/"},"author":{"name":"Memurun Sesi Haber Merkezi","@id":"https:\/\/memurunsesi.net\/#\/schema\/person\/f21c2d73b89f6ee1d80b0a1803e38587"},"headline":"Sar\u0131yer\u2019de motosikletiyle denize d\u00fc\u015fen gen\u00e7 hayat\u0131n\u0131 kaybetti","datePublished":"2026-01-08T04:53:57+00:00","mainEntityOfPage":{"@id":"https:\/\/memurunsesi.net\/index.php\/2026\/01\/08\/sariyerde-motosikletiyle-denize-dusen-genc-hayatini-kaybetti\/"},"wordCount":197,"commentCount":0,"publisher":{"@id":"https:\/\/memurunsesi.net\/#organization"},"image":{"@id":"https:\/\/memurunsesi.net\/index.php\/2026\/01\/08\/sariyerde-motosikletiyle-denize-dusen-genc-hayatini-kaybetti\/#primaryimage"},"thumbnailUrl":"https:\/\/memurunsesi.net\/wp-content\/uploads\/2026\/01\/motosiklet.jpg","keywords":["motosikletiyle denize d\u00fc\u015ft\u00fc"],"articleSection":["G\u00fcndem"],"inLanguage":"tr","potentialAction":[{"@type":"CommentAction","name":"Comment","target":["https:\/\/memurunsesi.net\/index.php\/2026\/01\/08\/sariyerde-motosikletiyle-denize-dusen-genc-hayatini-kaybetti\/#respond"]}]},{"@type":"WebPage","@id":"https:\/\/memurunsesi.net\/index.php\/2026\/01\/08\/sariyerde-motosikletiyle-denize-dusen-genc-hayatini-kaybetti\/","url":"https:\/\/memurunsesi.net\/index.php\/2026\/01\/08\/sariyerde-motosikletiyle-denize-dusen-genc-hayatini-kaybetti\/","name":"Sar\u0131yer\u2019de motosikletiyle denize d\u00fc\u015fen gen\u00e7 hayat\u0131n\u0131 kaybetti - Memurun Sesi","isPartOf":{"@id":"https:\/\/memurunsesi.net\/#website"},"primaryImageOfPage":{"@id":"https:\/\/memurunsesi.net\/index.php\/2026\/01\/08\/sariyerde-motosikletiyle-denize-dusen-genc-hayatini-kaybetti\/#primaryimage"},"image":{"@id":"https:\/\/memurunsesi.net\/index.php\/2026\/01\/08\/sariyerde-motosikletiyle-denize-dusen-genc-hayatini-kaybetti\/#primaryimage"},"thumbnailUrl":"https:\/\/memurunsesi.net\/wp-content\/uploads\/2026\/01\/motosiklet.jpg","datePublished":"2026-01-08T04:53:57+00:00","description":"Sar\u0131yer\u2019de motosikletiyle denize d\u00fc\u015fen gen\u00e7 hayat\u0131n\u0131 kaybetti","breadcrumb":{"@id":"https:\/\/memurunsesi.net\/index.php\/2026\/01\/08\/sariyerde-motosikletiyle-denize-dusen-genc-hayatini-kaybetti\/#breadcrumb"},"inLanguage":"tr","potentialAction":[{"@type":"ReadAction","target":["https:\/\/memurunsesi.net\/index.php\/2026\/01\/08\/sariyerde-motosikletiyle-denize-dusen-genc-hayatini-kaybetti\/"]}]},{"@type":"ImageObject","inLanguage":"tr","@id":"https:\/\/memurunsesi.net\/index.php\/2026\/01\/08\/sariyerde-motosikletiyle-denize-dusen-genc-hayatini-kaybetti\/#primaryimage","url":"https:\/\/memurunsesi.net\/wp-content\/uploads\/2026\/01\/motosiklet.jpg","contentUrl":"https:\/\/memurunsesi.net\/wp-content\/uploads\/2026\/01\/motosiklet.jpg","width":720,"height":1280,"caption":"SARIYER'DE MOTOS\u0130KLET\u0130YLE DEN\u0130ZE D\u00dc\u015eEN ADAM HAYATINI KAYBETT\u0130 (BURAK U\u011eUR - MEDEN\u0130 TOPALO\u011eLU - MERT YILDIRIM\/\u0130STANBUL-\u0130HA) \u0130stanbul Sar\u0131yer'de sahil kenar\u0131nda motosikletine binip gitmeye \u00e7al\u0131\u015fan gen\u00e7, bilinmeyen nedenle denize d\u00fc\u015ft\u00fc. Vatanda\u015flar taraf\u0131ndan kurtar\u0131lan adam, iddiaya g\u00f6re denizdeki motosikletine bakmak i\u00e7in tekrar denize atlad\u0131. Denizden \u00e7\u0131kamayan gen\u00e7 adam bo\u011fuldu."},{"@type":"BreadcrumbList","@id":"https:\/\/memurunsesi.net\/index.php\/2026\/01\/08\/sariyerde-motosikletiyle-denize-dusen-genc-hayatini-kaybetti\/#breadcrumb","itemListElement":[{"@type":"ListItem","position":1,"name":"Anasayfa","item":"https:\/\/memurunsesi.net\/"},{"@type":"ListItem","position":2,"name":"Sar\u0131yer\u2019de motosikletiyle denize d\u00fc\u015fen gen\u00e7 hayat\u0131n\u0131 kaybetti"}]},{"@type":"WebSite","@id":"https:\/\/memurunsesi.net\/#website","url":"https:\/\/memurunsesi.net\/","name":"Memurun Sesi","description":"G\u00fcncel ve Do\u011fru Haber","publisher":{"@id":"https:\/\/memurunsesi.net\/#organization"},"potentialAction":[{"@type":"SearchAction","target":{"@type":"EntryPoint","urlTemplate":"https:\/\/memurunsesi.net\/?s={search_term_string}"},"query-input":{"@type":"PropertyValueSpecification","valueRequired":true,"valueName":"search_term_string"}}],"inLanguage":"tr"},{"@type":"Organization","@id":"https:\/\/memurunsesi.net\/#organization","name":"Memurun Sesi","url":"https:\/\/memurunsesi.net\/","logo":{"@type":"ImageObject","inLanguage":"tr","@id":"https:\/\/memurunsesi.net\/#\/schema\/logo\/image\/","url":"https:\/\/memurunsesi.net\/wp-content\/uploads\/2025\/11\/cropped-MEMURUN-SESI.png","contentUrl":"https:\/\/memurunsesi.net\/wp-content\/uploads\/2025\/11\/cropped-MEMURUN-SESI.png","width":238,"height":57,"caption":"Memurun Sesi"},"image":{"@id":"https:\/\/memurunsesi.net\/#\/schema\/logo\/image\/"},"sameAs":["https:\/\/www.facebook.com\/unipersen\/?locale=tr_TR","https:\/\/x.com\/unipersen"]},{"@type":"Person","@id":"https:\/\/memurunsesi.net\/#\/schema\/person\/f21c2d73b89f6ee1d80b0a1803e38587","name":"Memurun Sesi Haber Merkezi","image":{"@type":"ImageObject","inLanguage":"tr","@id":"https:\/\/secure.gravatar.com\/avatar\/6cf0505f452ee753f485014986fab09a434671d2b919ee76fc541025c5876a70?s=96&d=mm&r=g","url":"https:\/\/secure.gravatar.com\/avatar\/6cf0505f452ee753f485014986fab09a434671d2b919ee76fc541025c5876a70?s=96&d=mm&r=g","contentUrl":"https:\/\/secure.gravatar.com\/avatar\/6cf0505f452ee753f485014986fab09a434671d2b919ee76fc541025c5876a70?s=96&d=mm&r=g","caption":"Memurun Sesi Haber Merkezi"},"sameAs":["https:\/\/memurunsesi.net"],"url":"https:\/\/memurunsesi.net\/index.php\/author\/uniper\/"}]}},"_links":{"self":[{"href":"https:\/\/memurunsesi.net\/index.php\/wp-json\/wp\/v2\/posts\/16164","targetHints":{"allow":["GET"]}}],"collection":[{"href":"https:\/\/memurunsesi.net\/index.php\/wp-json\/wp\/v2\/posts"}],"about":[{"href":"https:\/\/memurunsesi.net\/index.php\/wp-json\/wp\/v2\/types\/post"}],"author":[{"embeddable":true,"href":"https:\/\/memurunsesi.net\/index.php\/wp-json\/wp\/v2\/users\/1"}],"replies":[{"embeddable":true,"href":"https:\/\/memurunsesi.net\/index.php\/wp-json\/wp\/v2\/comments?post=16164"}],"version-history":[{"count":1,"href":"https:\/\/memurunsesi.net\/index.php\/wp-json\/wp\/v2\/posts\/16164\/revisions"}],"predecessor-version":[{"id":16166,"href":"https:\/\/memurunsesi.net\/index.php\/wp-json\/wp\/v2\/posts\/16164\/revisions\/16166"}],"wp:featuredmedia":[{"embeddable":true,"href":"https:\/\/memurunsesi.net\/index.php\/wp-json\/wp\/v2\/media\/16165"}],"wp:attachment":[{"href":"https:\/\/memurunsesi.net\/index.php\/wp-json\/wp\/v2\/media?parent=16164"}],"wp:term":[{"taxonomy":"category","embeddable":true,"href":"https:\/\/memurunsesi.net\/index.php\/wp-json\/wp\/v2\/categories?post=16164"},{"taxonomy":"post_tag","embeddable":true,"href":"https:\/\/memurunsesi.net\/index.php\/wp-json\/wp\/v2\/tags?post=16164"}],"curies":[{"name":"wp","href":"https:\/\/api.w.org\/{rel}","templated":true}]}}