{"id":16167,"date":"2026-01-08T07:56:10","date_gmt":"2026-01-08T04:56:10","guid":{"rendered":"https:\/\/memurunsesi.net\/?p=16167"},"modified":"2026-01-08T07:56:10","modified_gmt":"2026-01-08T04:56:10","slug":"anadolu-otoyolunda-ayni-istikamette-giden-otomobil-ile-minibus-carpisti-1-olu-3-yarali","status":"publish","type":"post","link":"https:\/\/memurunsesi.net\/index.php\/2026\/01\/08\/anadolu-otoyolunda-ayni-istikamette-giden-otomobil-ile-minibus-carpisti-1-olu-3-yarali\/","title":{"rendered":"Anadolu Otoyolu&#8217;nda ayn\u0131 istikamette giden otomobil ile minib\u00fcs \u00e7arp\u0131\u015ft\u0131: 1 \u00f6l\u00fc, 3 yaral\u0131"},"content":{"rendered":"<p>Anadolu Otoyolu Sakarya ge\u00e7i\u015finde otomobil ile ayn\u0131 y\u00f6nde seyreden minib\u00fcs\u00fcn \u00e7arp\u0131\u015fmas\u0131 neticesine meydana gelen trafik kazas\u0131nda 1 ki\u015fi hayat\u0131n\u0131 kaybetti, 3 ki\u015fi de yaraland\u0131.<br \/>\nOtoyolun Hendek ge\u00e7i\u015fi \u0130stanbul istikametinde meydana gelen olayda, s\u00fcr\u00fcc\u00fclerinin ismi \u00f6\u011frenilemeyen 34 GEK 18 Audi marka otomobil ayn\u0131 istikametteki 27 AKZ 677 plakal\u0131 minib\u00fcs ile \u00e7arp\u0131\u015ft\u0131. Kaza sonras\u0131nda minib\u00fcs yan yatarak s\u00fcr\u00fcklendi. Meydana gelen kazada Y\u0131ld\u0131z Dertli (60) olay yerinde hayat\u0131n\u0131 kaybederken B.H. (24), G.H. (52), S.D. (31) yaraland\u0131. Durumun haber verilmesi \u00fczerine b\u00f6lgeye sa\u011fl\u0131k, itfaiye ve jandarma ekipleri sevk edildi. Olay yerinde yap\u0131lan ilk m\u00fcdahale sonras\u0131nda yarl\u0131lar hastaneye sevk edilirken otoyolun \u0130stanbul istikametinde uzun ara\u00e7 kuyruklar\u0131 olu\u015ftu. Kaza sebebiyle hayat\u0131n\u0131 kaybeden Dertli&#8217;nin cenazesi ise olay yeri incelemelerin ard\u0131ndan hastane morguna sevk edildi. Kaza sonras\u0131nda yakla\u015f\u0131k 2 bu\u00e7uk saat kapal\u0131 kalan trafik ara\u00e7lar\u0131n bulundu\u011fu yerden kald\u0131r\u0131lmas\u0131yla normal seyrine d\u00f6nd\u00fc. Kazaya ili\u015fkin inceleme ba\u015flat\u0131ld\u0131.<\/p>\n<p>8.01.2026<\/p>\n","protected":false},"excerpt":{"rendered":"<p>Anadolu Otoyolu Sakarya ge\u00e7i\u015finde otomobil ile ayn\u0131 y\u00f6nde seyreden minib\u00fcs\u00fcn \u00e7arp\u0131\u015fmas\u0131 neticesine meydana gelen trafik kazas\u0131nda 1 ki\u015fi hayat\u0131n\u0131 kaybetti, 3 ki\u015fi de yaraland\u0131. Otoyolun Hendek ge\u00e7i\u015fi \u0130stanbul istikametinde meydana gelen olayda, s\u00fcr\u00fcc\u00fclerinin ismi \u00f6\u011frenilemeyen 34 GEK 18 Audi marka otomobil ayn\u0131 istikametteki 27 AKZ 677 plakal\u0131 minib\u00fcs ile \u00e7arp\u0131\u015ft\u0131. Kaza sonras\u0131nda minib\u00fcs yan yatarak [&hellip;]<\/p>\n","protected":false},"author":1,"featured_media":16168,"comment_status":"open","ping_status":"open","sticky":false,"template":"","format":"standard","meta":{"footnotes":""},"categories":[45],"tags":[821,822],"class_list":["post-16167","post","type-post","status-publish","format-standard","has-post-thumbnail","hentry","category-gundem","tag-ayni-istikamette-giden","tag-otomobil-ile-minibus-carpisti"],"yoast_head":"<!-- This site is optimized with the Yoast SEO plugin v27.4 - https:\/\/yoast.com\/product\/yoast-seo-wordpress\/ -->\n<title>Anadolu Otoyolu&#039;nda ayn\u0131 istikamette giden otomobil ile minib\u00fcs \u00e7arp\u0131\u015ft\u0131: 1 \u00f6l\u00fc, 3 yaral\u0131 - Memurun Sesi<\/title>\n<meta name=\"description\" content=\"Anadolu Otoyolu&#039;nda ayn\u0131 istikamette giden otomobil ile minib\u00fcs \u00e7arp\u0131\u015ft\u0131: 1 \u00f6l\u00fc, 3 yaral\u0131\" \/>\n<meta name=\"robots\" content=\"index, follow, max-snippet:-1, max-image-preview:large, max-video-preview:-1\" \/>\n<link rel=\"canonical\" href=\"https:\/\/memurunsesi.net\/index.php\/2026\/01\/08\/anadolu-otoyolunda-ayni-istikamette-giden-otomobil-ile-minibus-carpisti-1-olu-3-yarali\/\" \/>\n<meta property=\"og:locale\" content=\"tr_TR\" \/>\n<meta property=\"og:type\" content=\"article\" \/>\n<meta property=\"og:title\" content=\"Anadolu Otoyolu&#039;nda ayn\u0131 istikamette giden otomobil ile minib\u00fcs \u00e7arp\u0131\u015ft\u0131: 1 \u00f6l\u00fc, 3 yaral\u0131 - Memurun Sesi\" \/>\n<meta property=\"og:description\" content=\"Anadolu Otoyolu&#039;nda ayn\u0131 istikamette giden otomobil ile minib\u00fcs \u00e7arp\u0131\u015ft\u0131: 1 \u00f6l\u00fc, 3 yaral\u0131\" \/>\n<meta property=\"og:url\" content=\"https:\/\/memurunsesi.net\/index.php\/2026\/01\/08\/anadolu-otoyolunda-ayni-istikamette-giden-otomobil-ile-minibus-carpisti-1-olu-3-yarali\/\" \/>\n<meta property=\"og:site_name\" content=\"Memurun Sesi\" \/>\n<meta property=\"article:publisher\" content=\"https:\/\/www.facebook.com\/unipersen\/?locale=tr_TR\" \/>\n<meta property=\"article:published_time\" content=\"2026-01-08T04:56:10+00:00\" \/>\n<meta property=\"og:image\" content=\"https:\/\/memurunsesi.net\/wp-content\/uploads\/2026\/01\/ayni-istikamette-giden-otomobil-ile-minibus-carpisti-scaled.jpg\" \/>\n\t<meta property=\"og:image:width\" content=\"2560\" \/>\n\t<meta property=\"og:image:height\" content=\"1707\" \/>\n\t<meta property=\"og:image:type\" content=\"image\/jpeg\" \/>\n<meta name=\"author\" content=\"Memurun Sesi Haber Merkezi\" \/>\n<meta name=\"twitter:card\" content=\"summary_large_image\" \/>\n<meta name=\"twitter:creator\" content=\"@unipersen\" \/>\n<meta name=\"twitter:site\" content=\"@unipersen\" \/>\n<meta name=\"twitter:label1\" content=\"Yazan:\" \/>\n\t<meta name=\"twitter:data1\" content=\"Memurun Sesi Haber Merkezi\" \/>\n\t<meta name=\"twitter:label2\" content=\"Tahmini okuma s\u00fcresi\" \/>\n\t<meta name=\"twitter:data2\" content=\"2 dakika\" \/>\n<script type=\"application\/ld+json\" class=\"yoast-schema-graph\">{\"@context\":\"https:\\\/\\\/schema.org\",\"@graph\":[{\"@type\":\"Article\",\"@id\":\"https:\\\/\\\/memurunsesi.net\\\/index.php\\\/2026\\\/01\\\/08\\\/anadolu-otoyolunda-ayni-istikamette-giden-otomobil-ile-minibus-carpisti-1-olu-3-yarali\\\/#article\",\"isPartOf\":{\"@id\":\"https:\\\/\\\/memurunsesi.net\\\/index.php\\\/2026\\\/01\\\/08\\\/anadolu-otoyolunda-ayni-istikamette-giden-otomobil-ile-minibus-carpisti-1-olu-3-yarali\\\/\"},\"author\":{\"name\":\"Memurun Sesi Haber Merkezi\",\"@id\":\"https:\\\/\\\/memurunsesi.net\\\/#\\\/schema\\\/person\\\/f21c2d73b89f6ee1d80b0a1803e38587\"},\"headline\":\"Anadolu Otoyolu&#8217;nda ayn\u0131 istikamette giden otomobil ile minib\u00fcs \u00e7arp\u0131\u015ft\u0131: 1 \u00f6l\u00fc, 3 yaral\u0131\",\"datePublished\":\"2026-01-08T04:56:10+00:00\",\"mainEntityOfPage\":{\"@id\":\"https:\\\/\\\/memurunsesi.net\\\/index.php\\\/2026\\\/01\\\/08\\\/anadolu-otoyolunda-ayni-istikamette-giden-otomobil-ile-minibus-carpisti-1-olu-3-yarali\\\/\"},\"wordCount\":191,\"commentCount\":0,\"publisher\":{\"@id\":\"https:\\\/\\\/memurunsesi.net\\\/#organization\"},\"image\":{\"@id\":\"https:\\\/\\\/memurunsesi.net\\\/index.php\\\/2026\\\/01\\\/08\\\/anadolu-otoyolunda-ayni-istikamette-giden-otomobil-ile-minibus-carpisti-1-olu-3-yarali\\\/#primaryimage\"},\"thumbnailUrl\":\"https:\\\/\\\/memurunsesi.net\\\/wp-content\\\/uploads\\\/2026\\\/01\\\/ayni-istikamette-giden-otomobil-ile-minibus-carpisti-scaled.jpg\",\"keywords\":[\"ayn\u0131 istikamette giden\",\"otomobil ile minib\u00fcs \u00e7arp\u0131\u015ft\u0131\"],\"articleSection\":[\"G\u00fcndem\"],\"inLanguage\":\"tr\",\"potentialAction\":[{\"@type\":\"CommentAction\",\"name\":\"Comment\",\"target\":[\"https:\\\/\\\/memurunsesi.net\\\/index.php\\\/2026\\\/01\\\/08\\\/anadolu-otoyolunda-ayni-istikamette-giden-otomobil-ile-minibus-carpisti-1-olu-3-yarali\\\/#respond\"]}]},{\"@type\":\"WebPage\",\"@id\":\"https:\\\/\\\/memurunsesi.net\\\/index.php\\\/2026\\\/01\\\/08\\\/anadolu-otoyolunda-ayni-istikamette-giden-otomobil-ile-minibus-carpisti-1-olu-3-yarali\\\/\",\"url\":\"https:\\\/\\\/memurunsesi.net\\\/index.php\\\/2026\\\/01\\\/08\\\/anadolu-otoyolunda-ayni-istikamette-giden-otomobil-ile-minibus-carpisti-1-olu-3-yarali\\\/\",\"name\":\"Anadolu Otoyolu'nda ayn\u0131 istikamette giden otomobil ile minib\u00fcs \u00e7arp\u0131\u015ft\u0131: 1 \u00f6l\u00fc, 3 yaral\u0131 - Memurun Sesi\",\"isPartOf\":{\"@id\":\"https:\\\/\\\/memurunsesi.net\\\/#website\"},\"primaryImageOfPage\":{\"@id\":\"https:\\\/\\\/memurunsesi.net\\\/index.php\\\/2026\\\/01\\\/08\\\/anadolu-otoyolunda-ayni-istikamette-giden-otomobil-ile-minibus-carpisti-1-olu-3-yarali\\\/#primaryimage\"},\"image\":{\"@id\":\"https:\\\/\\\/memurunsesi.net\\\/index.php\\\/2026\\\/01\\\/08\\\/anadolu-otoyolunda-ayni-istikamette-giden-otomobil-ile-minibus-carpisti-1-olu-3-yarali\\\/#primaryimage\"},\"thumbnailUrl\":\"https:\\\/\\\/memurunsesi.net\\\/wp-content\\\/uploads\\\/2026\\\/01\\\/ayni-istikamette-giden-otomobil-ile-minibus-carpisti-scaled.jpg\",\"datePublished\":\"2026-01-08T04:56:10+00:00\",\"description\":\"Anadolu Otoyolu'nda ayn\u0131 istikamette giden otomobil ile minib\u00fcs \u00e7arp\u0131\u015ft\u0131: 1 \u00f6l\u00fc, 3 yaral\u0131\",\"breadcrumb\":{\"@id\":\"https:\\\/\\\/memurunsesi.net\\\/index.php\\\/2026\\\/01\\\/08\\\/anadolu-otoyolunda-ayni-istikamette-giden-otomobil-ile-minibus-carpisti-1-olu-3-yarali\\\/#breadcrumb\"},\"inLanguage\":\"tr\",\"potentialAction\":[{\"@type\":\"ReadAction\",\"target\":[\"https:\\\/\\\/memurunsesi.net\\\/index.php\\\/2026\\\/01\\\/08\\\/anadolu-otoyolunda-ayni-istikamette-giden-otomobil-ile-minibus-carpisti-1-olu-3-yarali\\\/\"]}]},{\"@type\":\"ImageObject\",\"inLanguage\":\"tr\",\"@id\":\"https:\\\/\\\/memurunsesi.net\\\/index.php\\\/2026\\\/01\\\/08\\\/anadolu-otoyolunda-ayni-istikamette-giden-otomobil-ile-minibus-carpisti-1-olu-3-yarali\\\/#primaryimage\",\"url\":\"https:\\\/\\\/memurunsesi.net\\\/wp-content\\\/uploads\\\/2026\\\/01\\\/ayni-istikamette-giden-otomobil-ile-minibus-carpisti-scaled.jpg\",\"contentUrl\":\"https:\\\/\\\/memurunsesi.net\\\/wp-content\\\/uploads\\\/2026\\\/01\\\/ayni-istikamette-giden-otomobil-ile-minibus-carpisti-scaled.jpg\",\"width\":2560,\"height\":1707,\"caption\":\"ANADOLU OTOYOLU SAKARYA GE\u00c7\u0130\u015e\u0130NDE OTOMOB\u0130L \u0130LE AYNI Y\u00d6NDE SEYREDEN M\u0130N\u0130B\u00dcS\u00dcN \u00c7ARPI\u015eMASI NET\u0130CES\u0130NE MEYDANA GELEN TRAF\u0130K KAZASINDA B\u0130R K\u0130\u015e\u0130 HAYATINI KAYBETT\u0130, 3 K\u0130\u015e\u0130 YARALANDI. (AHMET C\u00dcNEYT KULAK - ORKUN KAYA\\\/SAKARYA-\u0130HA) Anadolu Otoyolu Sakarya ge\u00e7i\u015finde otomobil ile ayn\u0131 y\u00f6nde seyreden minib\u00fcs\u00fcn \u00e7arp\u0131\u015fmas\u0131 neticesine meydana gelen trafik kazas\u0131nda 1 ki\u015fi hayat\u0131n\u0131 kaybetti, 3 ki\u015fi de yaraland\u0131.\"},{\"@type\":\"BreadcrumbList\",\"@id\":\"https:\\\/\\\/memurunsesi.net\\\/index.php\\\/2026\\\/01\\\/08\\\/anadolu-otoyolunda-ayni-istikamette-giden-otomobil-ile-minibus-carpisti-1-olu-3-yarali\\\/#breadcrumb\",\"itemListElement\":[{\"@type\":\"ListItem\",\"position\":1,\"name\":\"Anasayfa\",\"item\":\"https:\\\/\\\/memurunsesi.net\\\/\"},{\"@type\":\"ListItem\",\"position\":2,\"name\":\"Anadolu Otoyolu&#8217;nda ayn\u0131 istikamette giden otomobil ile minib\u00fcs \u00e7arp\u0131\u015ft\u0131: 1 \u00f6l\u00fc, 3 yaral\u0131\"}]},{\"@type\":\"WebSite\",\"@id\":\"https:\\\/\\\/memurunsesi.net\\\/#website\",\"url\":\"https:\\\/\\\/memurunsesi.net\\\/\",\"name\":\"Memurun Sesi\",\"description\":\"G\u00fcncel ve Do\u011fru Haber\",\"publisher\":{\"@id\":\"https:\\\/\\\/memurunsesi.net\\\/#organization\"},\"potentialAction\":[{\"@type\":\"SearchAction\",\"target\":{\"@type\":\"EntryPoint\",\"urlTemplate\":\"https:\\\/\\\/memurunsesi.net\\\/?s={search_term_string}\"},\"query-input\":{\"@type\":\"PropertyValueSpecification\",\"valueRequired\":true,\"valueName\":\"search_term_string\"}}],\"inLanguage\":\"tr\"},{\"@type\":\"Organization\",\"@id\":\"https:\\\/\\\/memurunsesi.net\\\/#organization\",\"name\":\"Memurun Sesi\",\"url\":\"https:\\\/\\\/memurunsesi.net\\\/\",\"logo\":{\"@type\":\"ImageObject\",\"inLanguage\":\"tr\",\"@id\":\"https:\\\/\\\/memurunsesi.net\\\/#\\\/schema\\\/logo\\\/image\\\/\",\"url\":\"https:\\\/\\\/memurunsesi.net\\\/wp-content\\\/uploads\\\/2025\\\/11\\\/cropped-MEMURUN-SESI.png\",\"contentUrl\":\"https:\\\/\\\/memurunsesi.net\\\/wp-content\\\/uploads\\\/2025\\\/11\\\/cropped-MEMURUN-SESI.png\",\"width\":238,\"height\":57,\"caption\":\"Memurun Sesi\"},\"image\":{\"@id\":\"https:\\\/\\\/memurunsesi.net\\\/#\\\/schema\\\/logo\\\/image\\\/\"},\"sameAs\":[\"https:\\\/\\\/www.facebook.com\\\/unipersen\\\/?locale=tr_TR\",\"https:\\\/\\\/x.com\\\/unipersen\"]},{\"@type\":\"Person\",\"@id\":\"https:\\\/\\\/memurunsesi.net\\\/#\\\/schema\\\/person\\\/f21c2d73b89f6ee1d80b0a1803e38587\",\"name\":\"Memurun Sesi Haber Merkezi\",\"image\":{\"@type\":\"ImageObject\",\"inLanguage\":\"tr\",\"@id\":\"https:\\\/\\\/secure.gravatar.com\\\/avatar\\\/6cf0505f452ee753f485014986fab09a434671d2b919ee76fc541025c5876a70?s=96&d=mm&r=g\",\"url\":\"https:\\\/\\\/secure.gravatar.com\\\/avatar\\\/6cf0505f452ee753f485014986fab09a434671d2b919ee76fc541025c5876a70?s=96&d=mm&r=g\",\"contentUrl\":\"https:\\\/\\\/secure.gravatar.com\\\/avatar\\\/6cf0505f452ee753f485014986fab09a434671d2b919ee76fc541025c5876a70?s=96&d=mm&r=g\",\"caption\":\"Memurun Sesi Haber Merkezi\"},\"sameAs\":[\"https:\\\/\\\/memurunsesi.net\"],\"url\":\"https:\\\/\\\/memurunsesi.net\\\/index.php\\\/author\\\/uniper\\\/\"}]}<\/script>\n<!-- \/ Yoast SEO plugin. -->","yoast_head_json":{"title":"Anadolu Otoyolu'nda ayn\u0131 istikamette giden otomobil ile minib\u00fcs \u00e7arp\u0131\u015ft\u0131: 1 \u00f6l\u00fc, 3 yaral\u0131 - Memurun Sesi","description":"Anadolu Otoyolu'nda ayn\u0131 istikamette giden otomobil ile minib\u00fcs \u00e7arp\u0131\u015ft\u0131: 1 \u00f6l\u00fc, 3 yaral\u0131","robots":{"index":"index","follow":"follow","max-snippet":"max-snippet:-1","max-image-preview":"max-image-preview:large","max-video-preview":"max-video-preview:-1"},"canonical":"https:\/\/memurunsesi.net\/index.php\/2026\/01\/08\/anadolu-otoyolunda-ayni-istikamette-giden-otomobil-ile-minibus-carpisti-1-olu-3-yarali\/","og_locale":"tr_TR","og_type":"article","og_title":"Anadolu Otoyolu'nda ayn\u0131 istikamette giden otomobil ile minib\u00fcs \u00e7arp\u0131\u015ft\u0131: 1 \u00f6l\u00fc, 3 yaral\u0131 - Memurun Sesi","og_description":"Anadolu Otoyolu'nda ayn\u0131 istikamette giden otomobil ile minib\u00fcs \u00e7arp\u0131\u015ft\u0131: 1 \u00f6l\u00fc, 3 yaral\u0131","og_url":"https:\/\/memurunsesi.net\/index.php\/2026\/01\/08\/anadolu-otoyolunda-ayni-istikamette-giden-otomobil-ile-minibus-carpisti-1-olu-3-yarali\/","og_site_name":"Memurun Sesi","article_publisher":"https:\/\/www.facebook.com\/unipersen\/?locale=tr_TR","article_published_time":"2026-01-08T04:56:10+00:00","og_image":[{"width":2560,"height":1707,"url":"https:\/\/memurunsesi.net\/wp-content\/uploads\/2026\/01\/ayni-istikamette-giden-otomobil-ile-minibus-carpisti-scaled.jpg","type":"image\/jpeg"}],"author":"Memurun Sesi Haber Merkezi","twitter_card":"summary_large_image","twitter_creator":"@unipersen","twitter_site":"@unipersen","twitter_misc":{"Yazan:":"Memurun Sesi Haber Merkezi","Tahmini okuma s\u00fcresi":"2 dakika"},"schema":{"@context":"https:\/\/schema.org","@graph":[{"@type":"Article","@id":"https:\/\/memurunsesi.net\/index.php\/2026\/01\/08\/anadolu-otoyolunda-ayni-istikamette-giden-otomobil-ile-minibus-carpisti-1-olu-3-yarali\/#article","isPartOf":{"@id":"https:\/\/memurunsesi.net\/index.php\/2026\/01\/08\/anadolu-otoyolunda-ayni-istikamette-giden-otomobil-ile-minibus-carpisti-1-olu-3-yarali\/"},"author":{"name":"Memurun Sesi Haber Merkezi","@id":"https:\/\/memurunsesi.net\/#\/schema\/person\/f21c2d73b89f6ee1d80b0a1803e38587"},"headline":"Anadolu Otoyolu&#8217;nda ayn\u0131 istikamette giden otomobil ile minib\u00fcs \u00e7arp\u0131\u015ft\u0131: 1 \u00f6l\u00fc, 3 yaral\u0131","datePublished":"2026-01-08T04:56:10+00:00","mainEntityOfPage":{"@id":"https:\/\/memurunsesi.net\/index.php\/2026\/01\/08\/anadolu-otoyolunda-ayni-istikamette-giden-otomobil-ile-minibus-carpisti-1-olu-3-yarali\/"},"wordCount":191,"commentCount":0,"publisher":{"@id":"https:\/\/memurunsesi.net\/#organization"},"image":{"@id":"https:\/\/memurunsesi.net\/index.php\/2026\/01\/08\/anadolu-otoyolunda-ayni-istikamette-giden-otomobil-ile-minibus-carpisti-1-olu-3-yarali\/#primaryimage"},"thumbnailUrl":"https:\/\/memurunsesi.net\/wp-content\/uploads\/2026\/01\/ayni-istikamette-giden-otomobil-ile-minibus-carpisti-scaled.jpg","keywords":["ayn\u0131 istikamette giden","otomobil ile minib\u00fcs \u00e7arp\u0131\u015ft\u0131"],"articleSection":["G\u00fcndem"],"inLanguage":"tr","potentialAction":[{"@type":"CommentAction","name":"Comment","target":["https:\/\/memurunsesi.net\/index.php\/2026\/01\/08\/anadolu-otoyolunda-ayni-istikamette-giden-otomobil-ile-minibus-carpisti-1-olu-3-yarali\/#respond"]}]},{"@type":"WebPage","@id":"https:\/\/memurunsesi.net\/index.php\/2026\/01\/08\/anadolu-otoyolunda-ayni-istikamette-giden-otomobil-ile-minibus-carpisti-1-olu-3-yarali\/","url":"https:\/\/memurunsesi.net\/index.php\/2026\/01\/08\/anadolu-otoyolunda-ayni-istikamette-giden-otomobil-ile-minibus-carpisti-1-olu-3-yarali\/","name":"Anadolu Otoyolu'nda ayn\u0131 istikamette giden otomobil ile minib\u00fcs \u00e7arp\u0131\u015ft\u0131: 1 \u00f6l\u00fc, 3 yaral\u0131 - Memurun Sesi","isPartOf":{"@id":"https:\/\/memurunsesi.net\/#website"},"primaryImageOfPage":{"@id":"https:\/\/memurunsesi.net\/index.php\/2026\/01\/08\/anadolu-otoyolunda-ayni-istikamette-giden-otomobil-ile-minibus-carpisti-1-olu-3-yarali\/#primaryimage"},"image":{"@id":"https:\/\/memurunsesi.net\/index.php\/2026\/01\/08\/anadolu-otoyolunda-ayni-istikamette-giden-otomobil-ile-minibus-carpisti-1-olu-3-yarali\/#primaryimage"},"thumbnailUrl":"https:\/\/memurunsesi.net\/wp-content\/uploads\/2026\/01\/ayni-istikamette-giden-otomobil-ile-minibus-carpisti-scaled.jpg","datePublished":"2026-01-08T04:56:10+00:00","description":"Anadolu Otoyolu'nda ayn\u0131 istikamette giden otomobil ile minib\u00fcs \u00e7arp\u0131\u015ft\u0131: 1 \u00f6l\u00fc, 3 yaral\u0131","breadcrumb":{"@id":"https:\/\/memurunsesi.net\/index.php\/2026\/01\/08\/anadolu-otoyolunda-ayni-istikamette-giden-otomobil-ile-minibus-carpisti-1-olu-3-yarali\/#breadcrumb"},"inLanguage":"tr","potentialAction":[{"@type":"ReadAction","target":["https:\/\/memurunsesi.net\/index.php\/2026\/01\/08\/anadolu-otoyolunda-ayni-istikamette-giden-otomobil-ile-minibus-carpisti-1-olu-3-yarali\/"]}]},{"@type":"ImageObject","inLanguage":"tr","@id":"https:\/\/memurunsesi.net\/index.php\/2026\/01\/08\/anadolu-otoyolunda-ayni-istikamette-giden-otomobil-ile-minibus-carpisti-1-olu-3-yarali\/#primaryimage","url":"https:\/\/memurunsesi.net\/wp-content\/uploads\/2026\/01\/ayni-istikamette-giden-otomobil-ile-minibus-carpisti-scaled.jpg","contentUrl":"https:\/\/memurunsesi.net\/wp-content\/uploads\/2026\/01\/ayni-istikamette-giden-otomobil-ile-minibus-carpisti-scaled.jpg","width":2560,"height":1707,"caption":"ANADOLU OTOYOLU SAKARYA GE\u00c7\u0130\u015e\u0130NDE OTOMOB\u0130L \u0130LE AYNI Y\u00d6NDE SEYREDEN M\u0130N\u0130B\u00dcS\u00dcN \u00c7ARPI\u015eMASI NET\u0130CES\u0130NE MEYDANA GELEN TRAF\u0130K KAZASINDA B\u0130R K\u0130\u015e\u0130 HAYATINI KAYBETT\u0130, 3 K\u0130\u015e\u0130 YARALANDI. (AHMET C\u00dcNEYT KULAK - ORKUN KAYA\/SAKARYA-\u0130HA) Anadolu Otoyolu Sakarya ge\u00e7i\u015finde otomobil ile ayn\u0131 y\u00f6nde seyreden minib\u00fcs\u00fcn \u00e7arp\u0131\u015fmas\u0131 neticesine meydana gelen trafik kazas\u0131nda 1 ki\u015fi hayat\u0131n\u0131 kaybetti, 3 ki\u015fi de yaraland\u0131."},{"@type":"BreadcrumbList","@id":"https:\/\/memurunsesi.net\/index.php\/2026\/01\/08\/anadolu-otoyolunda-ayni-istikamette-giden-otomobil-ile-minibus-carpisti-1-olu-3-yarali\/#breadcrumb","itemListElement":[{"@type":"ListItem","position":1,"name":"Anasayfa","item":"https:\/\/memurunsesi.net\/"},{"@type":"ListItem","position":2,"name":"Anadolu Otoyolu&#8217;nda ayn\u0131 istikamette giden otomobil ile minib\u00fcs \u00e7arp\u0131\u015ft\u0131: 1 \u00f6l\u00fc, 3 yaral\u0131"}]},{"@type":"WebSite","@id":"https:\/\/memurunsesi.net\/#website","url":"https:\/\/memurunsesi.net\/","name":"Memurun Sesi","description":"G\u00fcncel ve Do\u011fru Haber","publisher":{"@id":"https:\/\/memurunsesi.net\/#organization"},"potentialAction":[{"@type":"SearchAction","target":{"@type":"EntryPoint","urlTemplate":"https:\/\/memurunsesi.net\/?s={search_term_string}"},"query-input":{"@type":"PropertyValueSpecification","valueRequired":true,"valueName":"search_term_string"}}],"inLanguage":"tr"},{"@type":"Organization","@id":"https:\/\/memurunsesi.net\/#organization","name":"Memurun Sesi","url":"https:\/\/memurunsesi.net\/","logo":{"@type":"ImageObject","inLanguage":"tr","@id":"https:\/\/memurunsesi.net\/#\/schema\/logo\/image\/","url":"https:\/\/memurunsesi.net\/wp-content\/uploads\/2025\/11\/cropped-MEMURUN-SESI.png","contentUrl":"https:\/\/memurunsesi.net\/wp-content\/uploads\/2025\/11\/cropped-MEMURUN-SESI.png","width":238,"height":57,"caption":"Memurun Sesi"},"image":{"@id":"https:\/\/memurunsesi.net\/#\/schema\/logo\/image\/"},"sameAs":["https:\/\/www.facebook.com\/unipersen\/?locale=tr_TR","https:\/\/x.com\/unipersen"]},{"@type":"Person","@id":"https:\/\/memurunsesi.net\/#\/schema\/person\/f21c2d73b89f6ee1d80b0a1803e38587","name":"Memurun Sesi Haber Merkezi","image":{"@type":"ImageObject","inLanguage":"tr","@id":"https:\/\/secure.gravatar.com\/avatar\/6cf0505f452ee753f485014986fab09a434671d2b919ee76fc541025c5876a70?s=96&d=mm&r=g","url":"https:\/\/secure.gravatar.com\/avatar\/6cf0505f452ee753f485014986fab09a434671d2b919ee76fc541025c5876a70?s=96&d=mm&r=g","contentUrl":"https:\/\/secure.gravatar.com\/avatar\/6cf0505f452ee753f485014986fab09a434671d2b919ee76fc541025c5876a70?s=96&d=mm&r=g","caption":"Memurun Sesi Haber Merkezi"},"sameAs":["https:\/\/memurunsesi.net"],"url":"https:\/\/memurunsesi.net\/index.php\/author\/uniper\/"}]}},"_links":{"self":[{"href":"https:\/\/memurunsesi.net\/index.php\/wp-json\/wp\/v2\/posts\/16167","targetHints":{"allow":["GET"]}}],"collection":[{"href":"https:\/\/memurunsesi.net\/index.php\/wp-json\/wp\/v2\/posts"}],"about":[{"href":"https:\/\/memurunsesi.net\/index.php\/wp-json\/wp\/v2\/types\/post"}],"author":[{"embeddable":true,"href":"https:\/\/memurunsesi.net\/index.php\/wp-json\/wp\/v2\/users\/1"}],"replies":[{"embeddable":true,"href":"https:\/\/memurunsesi.net\/index.php\/wp-json\/wp\/v2\/comments?post=16167"}],"version-history":[{"count":1,"href":"https:\/\/memurunsesi.net\/index.php\/wp-json\/wp\/v2\/posts\/16167\/revisions"}],"predecessor-version":[{"id":16169,"href":"https:\/\/memurunsesi.net\/index.php\/wp-json\/wp\/v2\/posts\/16167\/revisions\/16169"}],"wp:featuredmedia":[{"embeddable":true,"href":"https:\/\/memurunsesi.net\/index.php\/wp-json\/wp\/v2\/media\/16168"}],"wp:attachment":[{"href":"https:\/\/memurunsesi.net\/index.php\/wp-json\/wp\/v2\/media?parent=16167"}],"wp:term":[{"taxonomy":"category","embeddable":true,"href":"https:\/\/memurunsesi.net\/index.php\/wp-json\/wp\/v2\/categories?post=16167"},{"taxonomy":"post_tag","embeddable":true,"href":"https:\/\/memurunsesi.net\/index.php\/wp-json\/wp\/v2\/tags?post=16167"}],"curies":[{"name":"wp","href":"https:\/\/api.w.org\/{rel}","templated":true}]}}