{"id":16170,"date":"2026-01-08T07:58:06","date_gmt":"2026-01-08T04:58:06","guid":{"rendered":"https:\/\/memurunsesi.net\/?p=16170"},"modified":"2026-01-08T07:58:06","modified_gmt":"2026-01-08T04:58:06","slug":"dur-ihtarina-uymadi-122-bin-lira-ceza-yedi","status":"publish","type":"post","link":"https:\/\/memurunsesi.net\/index.php\/2026\/01\/08\/dur-ihtarina-uymadi-122-bin-lira-ceza-yedi\/","title":{"rendered":"&#8216;Dur&#8217; ihtar\u0131na uymad\u0131, 122 bin lira ceza yedi"},"content":{"rendered":"<p>Nev\u015fehir\u2019de polisin &#8216;dur&#8217; ihtar\u0131na uymayan 15 ya\u015f\u0131ndaki motosiklet s\u00fcr\u00fcc\u00fcs\u00fc, \u00f6nce motosiklet ile daha sonra da yaya ka\u00e7maya \u00e7al\u0131\u015ft\u0131. Yakalanan s\u00fcr\u00fcc\u00fcye 122 bin lira para cezas\u0131 kesildi.<br \/>\nG\u00fczel Yurt Mahallesi 80. Y\u0131l Bulvar\u0131 \u00fczerinde uygulama yapan trafik polisi ekiplerinin &#8216;dur&#8217; ihtar\u0131na uymayan 15 ya\u015f\u0131ndaki plakas\u0131z motosiklet s\u00fcr\u00fcc\u00fcs\u00fc \u0130brahim P., ka\u00e7maya ba\u015flad\u0131. Polis ekiplerinin ihbar\u0131 \u00fczerine b\u00f6lgeye polis ekipleri sevk edildi. Sevk edilen ekiplerin de &#8216;dur&#8217; ihtar\u0131na uymayan s\u00fcr\u00fcc\u00fc, mahalle aralar\u0131na girerek izini kaybettirmeye \u00e7al\u0131\u015ft\u0131. Polis ekiplerinin kendilerini takip etti\u011fini fark eden s\u00fcr\u00fcc\u00fc tekrar ka\u00e7maya ba\u015flad\u0131. \u00dcrg\u00fcp Caddesi \u00fczerinde ters \u015feritten ka\u00e7an ve kav\u015faklara ters \u015feritten giren \u00e7ocuk s\u00fcr\u00fcc\u00fc k\u0131rm\u0131z\u0131 \u0131\u015f\u0131klarda da durmad\u0131. Polis ekipleri motosikletin gidi\u015f istikametinde gerekli tedbirleri alarak motosiklet s\u00fcr\u00fcc\u00fcs\u00fcn\u00fc durdurmaya \u00e7al\u0131\u015ft\u0131. Yakla\u015f\u0131k 15 dakika kadar polis ekiplerinden ka\u00e7an s\u00fcr\u00fcc\u00fc Cevher Dudayev Mahallesi Aksaray Caddesi \u00fczerinde yakalanaca\u011f\u0131n\u0131 anlay\u0131nca motosikleti yol kenar\u0131na b\u0131rakarak, motosiklette yolcu olarak bulunan 15 ya\u015f\u0131ndaki arkada\u015f\u0131 ile birlikte ka\u00e7maya devam etti. Ekiplerin kovalamacas\u0131 sonras\u0131nda yakalanan s\u00fcr\u00fcc\u00fc ve motosiklette yolcu olarak bulunan arkada\u015f\u0131 ekipler taraf\u0131ndan g\u00f6zalt\u0131na al\u0131narak \u00e7ocuk \u015fube ekiplerine teslim edildi.<br \/>\nYap\u0131lan sorgulamada \u00e7ocuk s\u00fcr\u00fcc\u00fcn\u00fcn ehliyetinin olmad\u0131\u011f\u0131 ve bu nedenle ka\u00e7t\u0131\u011f\u0131 belirlendi. 15 ya\u015f\u0131ndaki s\u00fcr\u00fcc\u00fcye \u00e7e\u015fitli maddelerden 122 bin lira ceza yaz\u0131ld\u0131. Motosiklet trafikten men edildi.<\/p>\n<p>8.01.2026<\/p>\n","protected":false},"excerpt":{"rendered":"<p>Nev\u015fehir\u2019de polisin &#8216;dur&#8217; ihtar\u0131na uymayan 15 ya\u015f\u0131ndaki motosiklet s\u00fcr\u00fcc\u00fcs\u00fc, \u00f6nce motosiklet ile daha sonra da yaya ka\u00e7maya \u00e7al\u0131\u015ft\u0131. Yakalanan s\u00fcr\u00fcc\u00fcye 122 bin lira para cezas\u0131 kesildi. G\u00fczel Yurt Mahallesi 80. Y\u0131l Bulvar\u0131 \u00fczerinde uygulama yapan trafik polisi ekiplerinin &#8216;dur&#8217; ihtar\u0131na uymayan 15 ya\u015f\u0131ndaki plakas\u0131z motosiklet s\u00fcr\u00fcc\u00fcs\u00fc \u0130brahim P., ka\u00e7maya ba\u015flad\u0131. Polis ekiplerinin ihbar\u0131 \u00fczerine b\u00f6lgeye [&hellip;]<\/p>\n","protected":false},"author":1,"featured_media":16171,"comment_status":"open","ping_status":"open","sticky":false,"template":"","format":"standard","meta":{"footnotes":""},"categories":[50],"tags":[823,824],"class_list":["post-16170","post","type-post","status-publish","format-standard","has-post-thumbnail","hentry","category-tum-haberler","tag-dur-ihtarina-uymadi","tag-ceza-yedi"],"yoast_head":"<!-- This site is optimized with the Yoast SEO plugin v27.4 - https:\/\/yoast.com\/product\/yoast-seo-wordpress\/ -->\n<title>&#039;Dur&#039; ihtar\u0131na uymad\u0131, 122 bin lira ceza yedi - Memurun Sesi<\/title>\n<meta name=\"description\" content=\"&#039;Dur&#039; ihtar\u0131na uymad\u0131, 122 bin lira ceza yedi\" \/>\n<meta name=\"robots\" content=\"index, follow, max-snippet:-1, max-image-preview:large, max-video-preview:-1\" \/>\n<link rel=\"canonical\" href=\"https:\/\/memurunsesi.net\/index.php\/2026\/01\/08\/dur-ihtarina-uymadi-122-bin-lira-ceza-yedi\/\" \/>\n<meta property=\"og:locale\" content=\"tr_TR\" \/>\n<meta property=\"og:type\" content=\"article\" \/>\n<meta property=\"og:title\" content=\"&#039;Dur&#039; ihtar\u0131na uymad\u0131, 122 bin lira ceza yedi - Memurun Sesi\" \/>\n<meta property=\"og:description\" content=\"&#039;Dur&#039; ihtar\u0131na uymad\u0131, 122 bin lira ceza yedi\" \/>\n<meta property=\"og:url\" content=\"https:\/\/memurunsesi.net\/index.php\/2026\/01\/08\/dur-ihtarina-uymadi-122-bin-lira-ceza-yedi\/\" \/>\n<meta property=\"og:site_name\" content=\"Memurun Sesi\" \/>\n<meta property=\"article:publisher\" content=\"https:\/\/www.facebook.com\/unipersen\/?locale=tr_TR\" \/>\n<meta property=\"article:published_time\" content=\"2026-01-08T04:58:06+00:00\" \/>\n<meta property=\"og:image\" content=\"https:\/\/memurunsesi.net\/wp-content\/uploads\/2026\/01\/Dur-ihtarina-uymadi.jpg\" \/>\n\t<meta property=\"og:image:width\" content=\"2400\" \/>\n\t<meta property=\"og:image:height\" content=\"1600\" \/>\n\t<meta property=\"og:image:type\" content=\"image\/jpeg\" \/>\n<meta name=\"author\" content=\"Memurun Sesi Haber Merkezi\" \/>\n<meta name=\"twitter:card\" content=\"summary_large_image\" \/>\n<meta name=\"twitter:creator\" content=\"@unipersen\" \/>\n<meta name=\"twitter:site\" content=\"@unipersen\" \/>\n<meta name=\"twitter:label1\" content=\"Yazan:\" \/>\n\t<meta name=\"twitter:data1\" content=\"Memurun Sesi Haber Merkezi\" \/>\n\t<meta name=\"twitter:label2\" content=\"Tahmini okuma s\u00fcresi\" \/>\n\t<meta name=\"twitter:data2\" content=\"2 dakika\" \/>\n<script type=\"application\/ld+json\" class=\"yoast-schema-graph\">{\"@context\":\"https:\\\/\\\/schema.org\",\"@graph\":[{\"@type\":\"Article\",\"@id\":\"https:\\\/\\\/memurunsesi.net\\\/index.php\\\/2026\\\/01\\\/08\\\/dur-ihtarina-uymadi-122-bin-lira-ceza-yedi\\\/#article\",\"isPartOf\":{\"@id\":\"https:\\\/\\\/memurunsesi.net\\\/index.php\\\/2026\\\/01\\\/08\\\/dur-ihtarina-uymadi-122-bin-lira-ceza-yedi\\\/\"},\"author\":{\"name\":\"Memurun Sesi Haber Merkezi\",\"@id\":\"https:\\\/\\\/memurunsesi.net\\\/#\\\/schema\\\/person\\\/f21c2d73b89f6ee1d80b0a1803e38587\"},\"headline\":\"&#8216;Dur&#8217; ihtar\u0131na uymad\u0131, 122 bin lira ceza yedi\",\"datePublished\":\"2026-01-08T04:58:06+00:00\",\"mainEntityOfPage\":{\"@id\":\"https:\\\/\\\/memurunsesi.net\\\/index.php\\\/2026\\\/01\\\/08\\\/dur-ihtarina-uymadi-122-bin-lira-ceza-yedi\\\/\"},\"wordCount\":264,\"commentCount\":0,\"publisher\":{\"@id\":\"https:\\\/\\\/memurunsesi.net\\\/#organization\"},\"image\":{\"@id\":\"https:\\\/\\\/memurunsesi.net\\\/index.php\\\/2026\\\/01\\\/08\\\/dur-ihtarina-uymadi-122-bin-lira-ceza-yedi\\\/#primaryimage\"},\"thumbnailUrl\":\"https:\\\/\\\/memurunsesi.net\\\/wp-content\\\/uploads\\\/2026\\\/01\\\/Dur-ihtarina-uymadi.jpg\",\"keywords\":[\"'Dur' ihtar\u0131na uymad\u0131\",\"ceza yedi\"],\"articleSection\":[\"T\u00fcm Haberler\"],\"inLanguage\":\"tr\",\"potentialAction\":[{\"@type\":\"CommentAction\",\"name\":\"Comment\",\"target\":[\"https:\\\/\\\/memurunsesi.net\\\/index.php\\\/2026\\\/01\\\/08\\\/dur-ihtarina-uymadi-122-bin-lira-ceza-yedi\\\/#respond\"]}]},{\"@type\":\"WebPage\",\"@id\":\"https:\\\/\\\/memurunsesi.net\\\/index.php\\\/2026\\\/01\\\/08\\\/dur-ihtarina-uymadi-122-bin-lira-ceza-yedi\\\/\",\"url\":\"https:\\\/\\\/memurunsesi.net\\\/index.php\\\/2026\\\/01\\\/08\\\/dur-ihtarina-uymadi-122-bin-lira-ceza-yedi\\\/\",\"name\":\"'Dur' ihtar\u0131na uymad\u0131, 122 bin lira ceza yedi - Memurun Sesi\",\"isPartOf\":{\"@id\":\"https:\\\/\\\/memurunsesi.net\\\/#website\"},\"primaryImageOfPage\":{\"@id\":\"https:\\\/\\\/memurunsesi.net\\\/index.php\\\/2026\\\/01\\\/08\\\/dur-ihtarina-uymadi-122-bin-lira-ceza-yedi\\\/#primaryimage\"},\"image\":{\"@id\":\"https:\\\/\\\/memurunsesi.net\\\/index.php\\\/2026\\\/01\\\/08\\\/dur-ihtarina-uymadi-122-bin-lira-ceza-yedi\\\/#primaryimage\"},\"thumbnailUrl\":\"https:\\\/\\\/memurunsesi.net\\\/wp-content\\\/uploads\\\/2026\\\/01\\\/Dur-ihtarina-uymadi.jpg\",\"datePublished\":\"2026-01-08T04:58:06+00:00\",\"description\":\"'Dur' ihtar\u0131na uymad\u0131, 122 bin lira ceza yedi\",\"breadcrumb\":{\"@id\":\"https:\\\/\\\/memurunsesi.net\\\/index.php\\\/2026\\\/01\\\/08\\\/dur-ihtarina-uymadi-122-bin-lira-ceza-yedi\\\/#breadcrumb\"},\"inLanguage\":\"tr\",\"potentialAction\":[{\"@type\":\"ReadAction\",\"target\":[\"https:\\\/\\\/memurunsesi.net\\\/index.php\\\/2026\\\/01\\\/08\\\/dur-ihtarina-uymadi-122-bin-lira-ceza-yedi\\\/\"]}]},{\"@type\":\"ImageObject\",\"inLanguage\":\"tr\",\"@id\":\"https:\\\/\\\/memurunsesi.net\\\/index.php\\\/2026\\\/01\\\/08\\\/dur-ihtarina-uymadi-122-bin-lira-ceza-yedi\\\/#primaryimage\",\"url\":\"https:\\\/\\\/memurunsesi.net\\\/wp-content\\\/uploads\\\/2026\\\/01\\\/Dur-ihtarina-uymadi.jpg\",\"contentUrl\":\"https:\\\/\\\/memurunsesi.net\\\/wp-content\\\/uploads\\\/2026\\\/01\\\/Dur-ihtarina-uymadi.jpg\",\"width\":2400,\"height\":1600,\"caption\":\"NEV\u015eEH\u0130R'DE POL\u0130S\u0130N DUR \u0130HTARINA UYMAYAN 15 YA\u015eINDAK\u0130 MOTOS\u0130KLET S\u00dcR\u00dcC\u00dcS\u00dc \u00d6NCE MOTOS\u0130KLET \u0130LE DAHA SONRA DA YAYA KA\u00c7MAYA \u00c7ALI\u015eTI. YAKALANAN S\u00dcR\u00dcC\u00dcYE 122 B\u0130N L\u0130RA CEZA KES\u0130LD\u0130. (ASIM \u00c7APACI\\\/NEV\u015eEH\u0130R-\u0130HA) Nev\u015fehir'de polisin dur ihtar\u0131na uymayan 15 ya\u015f\u0131ndaki motosiklet s\u00fcr\u00fcc\u00fcs\u00fc, \u00f6nce motosiklet ile daha sonra da yaya ka\u00e7maya \u00e7al\u0131\u015ft\u0131. Yakalanan s\u00fcr\u00fcc\u00fcye 122 bin lira para cezas\u0131 kesildi.\"},{\"@type\":\"BreadcrumbList\",\"@id\":\"https:\\\/\\\/memurunsesi.net\\\/index.php\\\/2026\\\/01\\\/08\\\/dur-ihtarina-uymadi-122-bin-lira-ceza-yedi\\\/#breadcrumb\",\"itemListElement\":[{\"@type\":\"ListItem\",\"position\":1,\"name\":\"Anasayfa\",\"item\":\"https:\\\/\\\/memurunsesi.net\\\/\"},{\"@type\":\"ListItem\",\"position\":2,\"name\":\"&#8216;Dur&#8217; ihtar\u0131na uymad\u0131, 122 bin lira ceza yedi\"}]},{\"@type\":\"WebSite\",\"@id\":\"https:\\\/\\\/memurunsesi.net\\\/#website\",\"url\":\"https:\\\/\\\/memurunsesi.net\\\/\",\"name\":\"Memurun Sesi\",\"description\":\"G\u00fcncel ve Do\u011fru Haber\",\"publisher\":{\"@id\":\"https:\\\/\\\/memurunsesi.net\\\/#organization\"},\"potentialAction\":[{\"@type\":\"SearchAction\",\"target\":{\"@type\":\"EntryPoint\",\"urlTemplate\":\"https:\\\/\\\/memurunsesi.net\\\/?s={search_term_string}\"},\"query-input\":{\"@type\":\"PropertyValueSpecification\",\"valueRequired\":true,\"valueName\":\"search_term_string\"}}],\"inLanguage\":\"tr\"},{\"@type\":\"Organization\",\"@id\":\"https:\\\/\\\/memurunsesi.net\\\/#organization\",\"name\":\"Memurun Sesi\",\"url\":\"https:\\\/\\\/memurunsesi.net\\\/\",\"logo\":{\"@type\":\"ImageObject\",\"inLanguage\":\"tr\",\"@id\":\"https:\\\/\\\/memurunsesi.net\\\/#\\\/schema\\\/logo\\\/image\\\/\",\"url\":\"https:\\\/\\\/memurunsesi.net\\\/wp-content\\\/uploads\\\/2025\\\/11\\\/cropped-MEMURUN-SESI.png\",\"contentUrl\":\"https:\\\/\\\/memurunsesi.net\\\/wp-content\\\/uploads\\\/2025\\\/11\\\/cropped-MEMURUN-SESI.png\",\"width\":238,\"height\":57,\"caption\":\"Memurun Sesi\"},\"image\":{\"@id\":\"https:\\\/\\\/memurunsesi.net\\\/#\\\/schema\\\/logo\\\/image\\\/\"},\"sameAs\":[\"https:\\\/\\\/www.facebook.com\\\/unipersen\\\/?locale=tr_TR\",\"https:\\\/\\\/x.com\\\/unipersen\"]},{\"@type\":\"Person\",\"@id\":\"https:\\\/\\\/memurunsesi.net\\\/#\\\/schema\\\/person\\\/f21c2d73b89f6ee1d80b0a1803e38587\",\"name\":\"Memurun Sesi Haber Merkezi\",\"image\":{\"@type\":\"ImageObject\",\"inLanguage\":\"tr\",\"@id\":\"https:\\\/\\\/secure.gravatar.com\\\/avatar\\\/6cf0505f452ee753f485014986fab09a434671d2b919ee76fc541025c5876a70?s=96&d=mm&r=g\",\"url\":\"https:\\\/\\\/secure.gravatar.com\\\/avatar\\\/6cf0505f452ee753f485014986fab09a434671d2b919ee76fc541025c5876a70?s=96&d=mm&r=g\",\"contentUrl\":\"https:\\\/\\\/secure.gravatar.com\\\/avatar\\\/6cf0505f452ee753f485014986fab09a434671d2b919ee76fc541025c5876a70?s=96&d=mm&r=g\",\"caption\":\"Memurun Sesi Haber Merkezi\"},\"sameAs\":[\"https:\\\/\\\/memurunsesi.net\"],\"url\":\"https:\\\/\\\/memurunsesi.net\\\/index.php\\\/author\\\/uniper\\\/\"}]}<\/script>\n<!-- \/ Yoast SEO plugin. -->","yoast_head_json":{"title":"'Dur' ihtar\u0131na uymad\u0131, 122 bin lira ceza yedi - Memurun Sesi","description":"'Dur' ihtar\u0131na uymad\u0131, 122 bin lira ceza yedi","robots":{"index":"index","follow":"follow","max-snippet":"max-snippet:-1","max-image-preview":"max-image-preview:large","max-video-preview":"max-video-preview:-1"},"canonical":"https:\/\/memurunsesi.net\/index.php\/2026\/01\/08\/dur-ihtarina-uymadi-122-bin-lira-ceza-yedi\/","og_locale":"tr_TR","og_type":"article","og_title":"'Dur' ihtar\u0131na uymad\u0131, 122 bin lira ceza yedi - Memurun Sesi","og_description":"'Dur' ihtar\u0131na uymad\u0131, 122 bin lira ceza yedi","og_url":"https:\/\/memurunsesi.net\/index.php\/2026\/01\/08\/dur-ihtarina-uymadi-122-bin-lira-ceza-yedi\/","og_site_name":"Memurun Sesi","article_publisher":"https:\/\/www.facebook.com\/unipersen\/?locale=tr_TR","article_published_time":"2026-01-08T04:58:06+00:00","og_image":[{"width":2400,"height":1600,"url":"https:\/\/memurunsesi.net\/wp-content\/uploads\/2026\/01\/Dur-ihtarina-uymadi.jpg","type":"image\/jpeg"}],"author":"Memurun Sesi Haber Merkezi","twitter_card":"summary_large_image","twitter_creator":"@unipersen","twitter_site":"@unipersen","twitter_misc":{"Yazan:":"Memurun Sesi Haber Merkezi","Tahmini okuma s\u00fcresi":"2 dakika"},"schema":{"@context":"https:\/\/schema.org","@graph":[{"@type":"Article","@id":"https:\/\/memurunsesi.net\/index.php\/2026\/01\/08\/dur-ihtarina-uymadi-122-bin-lira-ceza-yedi\/#article","isPartOf":{"@id":"https:\/\/memurunsesi.net\/index.php\/2026\/01\/08\/dur-ihtarina-uymadi-122-bin-lira-ceza-yedi\/"},"author":{"name":"Memurun Sesi Haber Merkezi","@id":"https:\/\/memurunsesi.net\/#\/schema\/person\/f21c2d73b89f6ee1d80b0a1803e38587"},"headline":"&#8216;Dur&#8217; ihtar\u0131na uymad\u0131, 122 bin lira ceza yedi","datePublished":"2026-01-08T04:58:06+00:00","mainEntityOfPage":{"@id":"https:\/\/memurunsesi.net\/index.php\/2026\/01\/08\/dur-ihtarina-uymadi-122-bin-lira-ceza-yedi\/"},"wordCount":264,"commentCount":0,"publisher":{"@id":"https:\/\/memurunsesi.net\/#organization"},"image":{"@id":"https:\/\/memurunsesi.net\/index.php\/2026\/01\/08\/dur-ihtarina-uymadi-122-bin-lira-ceza-yedi\/#primaryimage"},"thumbnailUrl":"https:\/\/memurunsesi.net\/wp-content\/uploads\/2026\/01\/Dur-ihtarina-uymadi.jpg","keywords":["'Dur' ihtar\u0131na uymad\u0131","ceza yedi"],"articleSection":["T\u00fcm Haberler"],"inLanguage":"tr","potentialAction":[{"@type":"CommentAction","name":"Comment","target":["https:\/\/memurunsesi.net\/index.php\/2026\/01\/08\/dur-ihtarina-uymadi-122-bin-lira-ceza-yedi\/#respond"]}]},{"@type":"WebPage","@id":"https:\/\/memurunsesi.net\/index.php\/2026\/01\/08\/dur-ihtarina-uymadi-122-bin-lira-ceza-yedi\/","url":"https:\/\/memurunsesi.net\/index.php\/2026\/01\/08\/dur-ihtarina-uymadi-122-bin-lira-ceza-yedi\/","name":"'Dur' ihtar\u0131na uymad\u0131, 122 bin lira ceza yedi - Memurun Sesi","isPartOf":{"@id":"https:\/\/memurunsesi.net\/#website"},"primaryImageOfPage":{"@id":"https:\/\/memurunsesi.net\/index.php\/2026\/01\/08\/dur-ihtarina-uymadi-122-bin-lira-ceza-yedi\/#primaryimage"},"image":{"@id":"https:\/\/memurunsesi.net\/index.php\/2026\/01\/08\/dur-ihtarina-uymadi-122-bin-lira-ceza-yedi\/#primaryimage"},"thumbnailUrl":"https:\/\/memurunsesi.net\/wp-content\/uploads\/2026\/01\/Dur-ihtarina-uymadi.jpg","datePublished":"2026-01-08T04:58:06+00:00","description":"'Dur' ihtar\u0131na uymad\u0131, 122 bin lira ceza yedi","breadcrumb":{"@id":"https:\/\/memurunsesi.net\/index.php\/2026\/01\/08\/dur-ihtarina-uymadi-122-bin-lira-ceza-yedi\/#breadcrumb"},"inLanguage":"tr","potentialAction":[{"@type":"ReadAction","target":["https:\/\/memurunsesi.net\/index.php\/2026\/01\/08\/dur-ihtarina-uymadi-122-bin-lira-ceza-yedi\/"]}]},{"@type":"ImageObject","inLanguage":"tr","@id":"https:\/\/memurunsesi.net\/index.php\/2026\/01\/08\/dur-ihtarina-uymadi-122-bin-lira-ceza-yedi\/#primaryimage","url":"https:\/\/memurunsesi.net\/wp-content\/uploads\/2026\/01\/Dur-ihtarina-uymadi.jpg","contentUrl":"https:\/\/memurunsesi.net\/wp-content\/uploads\/2026\/01\/Dur-ihtarina-uymadi.jpg","width":2400,"height":1600,"caption":"NEV\u015eEH\u0130R'DE POL\u0130S\u0130N DUR \u0130HTARINA UYMAYAN 15 YA\u015eINDAK\u0130 MOTOS\u0130KLET S\u00dcR\u00dcC\u00dcS\u00dc \u00d6NCE MOTOS\u0130KLET \u0130LE DAHA SONRA DA YAYA KA\u00c7MAYA \u00c7ALI\u015eTI. YAKALANAN S\u00dcR\u00dcC\u00dcYE 122 B\u0130N L\u0130RA CEZA KES\u0130LD\u0130. (ASIM \u00c7APACI\/NEV\u015eEH\u0130R-\u0130HA) Nev\u015fehir'de polisin dur ihtar\u0131na uymayan 15 ya\u015f\u0131ndaki motosiklet s\u00fcr\u00fcc\u00fcs\u00fc, \u00f6nce motosiklet ile daha sonra da yaya ka\u00e7maya \u00e7al\u0131\u015ft\u0131. Yakalanan s\u00fcr\u00fcc\u00fcye 122 bin lira para cezas\u0131 kesildi."},{"@type":"BreadcrumbList","@id":"https:\/\/memurunsesi.net\/index.php\/2026\/01\/08\/dur-ihtarina-uymadi-122-bin-lira-ceza-yedi\/#breadcrumb","itemListElement":[{"@type":"ListItem","position":1,"name":"Anasayfa","item":"https:\/\/memurunsesi.net\/"},{"@type":"ListItem","position":2,"name":"&#8216;Dur&#8217; ihtar\u0131na uymad\u0131, 122 bin lira ceza yedi"}]},{"@type":"WebSite","@id":"https:\/\/memurunsesi.net\/#website","url":"https:\/\/memurunsesi.net\/","name":"Memurun Sesi","description":"G\u00fcncel ve Do\u011fru Haber","publisher":{"@id":"https:\/\/memurunsesi.net\/#organization"},"potentialAction":[{"@type":"SearchAction","target":{"@type":"EntryPoint","urlTemplate":"https:\/\/memurunsesi.net\/?s={search_term_string}"},"query-input":{"@type":"PropertyValueSpecification","valueRequired":true,"valueName":"search_term_string"}}],"inLanguage":"tr"},{"@type":"Organization","@id":"https:\/\/memurunsesi.net\/#organization","name":"Memurun Sesi","url":"https:\/\/memurunsesi.net\/","logo":{"@type":"ImageObject","inLanguage":"tr","@id":"https:\/\/memurunsesi.net\/#\/schema\/logo\/image\/","url":"https:\/\/memurunsesi.net\/wp-content\/uploads\/2025\/11\/cropped-MEMURUN-SESI.png","contentUrl":"https:\/\/memurunsesi.net\/wp-content\/uploads\/2025\/11\/cropped-MEMURUN-SESI.png","width":238,"height":57,"caption":"Memurun Sesi"},"image":{"@id":"https:\/\/memurunsesi.net\/#\/schema\/logo\/image\/"},"sameAs":["https:\/\/www.facebook.com\/unipersen\/?locale=tr_TR","https:\/\/x.com\/unipersen"]},{"@type":"Person","@id":"https:\/\/memurunsesi.net\/#\/schema\/person\/f21c2d73b89f6ee1d80b0a1803e38587","name":"Memurun Sesi Haber Merkezi","image":{"@type":"ImageObject","inLanguage":"tr","@id":"https:\/\/secure.gravatar.com\/avatar\/6cf0505f452ee753f485014986fab09a434671d2b919ee76fc541025c5876a70?s=96&d=mm&r=g","url":"https:\/\/secure.gravatar.com\/avatar\/6cf0505f452ee753f485014986fab09a434671d2b919ee76fc541025c5876a70?s=96&d=mm&r=g","contentUrl":"https:\/\/secure.gravatar.com\/avatar\/6cf0505f452ee753f485014986fab09a434671d2b919ee76fc541025c5876a70?s=96&d=mm&r=g","caption":"Memurun Sesi Haber Merkezi"},"sameAs":["https:\/\/memurunsesi.net"],"url":"https:\/\/memurunsesi.net\/index.php\/author\/uniper\/"}]}},"_links":{"self":[{"href":"https:\/\/memurunsesi.net\/index.php\/wp-json\/wp\/v2\/posts\/16170","targetHints":{"allow":["GET"]}}],"collection":[{"href":"https:\/\/memurunsesi.net\/index.php\/wp-json\/wp\/v2\/posts"}],"about":[{"href":"https:\/\/memurunsesi.net\/index.php\/wp-json\/wp\/v2\/types\/post"}],"author":[{"embeddable":true,"href":"https:\/\/memurunsesi.net\/index.php\/wp-json\/wp\/v2\/users\/1"}],"replies":[{"embeddable":true,"href":"https:\/\/memurunsesi.net\/index.php\/wp-json\/wp\/v2\/comments?post=16170"}],"version-history":[{"count":1,"href":"https:\/\/memurunsesi.net\/index.php\/wp-json\/wp\/v2\/posts\/16170\/revisions"}],"predecessor-version":[{"id":16172,"href":"https:\/\/memurunsesi.net\/index.php\/wp-json\/wp\/v2\/posts\/16170\/revisions\/16172"}],"wp:featuredmedia":[{"embeddable":true,"href":"https:\/\/memurunsesi.net\/index.php\/wp-json\/wp\/v2\/media\/16171"}],"wp:attachment":[{"href":"https:\/\/memurunsesi.net\/index.php\/wp-json\/wp\/v2\/media?parent=16170"}],"wp:term":[{"taxonomy":"category","embeddable":true,"href":"https:\/\/memurunsesi.net\/index.php\/wp-json\/wp\/v2\/categories?post=16170"},{"taxonomy":"post_tag","embeddable":true,"href":"https:\/\/memurunsesi.net\/index.php\/wp-json\/wp\/v2\/tags?post=16170"}],"curies":[{"name":"wp","href":"https:\/\/api.w.org\/{rel}","templated":true}]}}