{"id":16199,"date":"2026-01-09T08:48:08","date_gmt":"2026-01-09T05:48:08","guid":{"rendered":"https:\/\/memurunsesi.net\/?p=16199"},"modified":"2026-01-09T08:48:08","modified_gmt":"2026-01-09T05:48:08","slug":"adanada-sarampole-yuvarlanan-otomobildeki-2-kisi-yaralandi","status":"publish","type":"post","link":"https:\/\/memurunsesi.net\/index.php\/2026\/01\/09\/adanada-sarampole-yuvarlanan-otomobildeki-2-kisi-yaralandi\/","title":{"rendered":"Adana&#8217;da \u015farampole yuvarlanan otomobildeki 2 ki\u015fi yaraland\u0131"},"content":{"rendered":"<p>Adana&#8217;da otoyolda kontrolden \u00e7\u0131karak \u015farampole yuvarlanan otomobildeki 2 ki\u015fi yaraland\u0131.<br \/>\nEdinilen bilgiye g\u00f6re, kaza, Tarsus-Adana-Gaziantep (TAG) otoyolu merkez Sar\u0131\u00e7am il\u00e7esi G\u00f6ztepe Mahallesi mevkiinde meydana geldi. \u0130ddiaya g\u00f6re, gece ya\u011fan ya\u011fmur nedeniyle s\u00fcr\u00fcc\u00fcs\u00fc \u00f6\u011frenilemeyen otomobil, kontrolden \u00e7\u0131karak bariyerlere \u00e7arp\u0131p \u015farampole yuvarland\u0131. Kazay\u0131 g\u00f6renlerin ihbar\u0131 \u00fczerine adrese sa\u011fl\u0131k ve itfaiye ekipleri sevk edildi. \u0130tfaiye ekipleri s\u00fcr\u00fcc\u00fc ve yan\u0131ndaki yolcuyu ara\u00e7ta s\u0131k\u0131\u015ft\u0131klar\u0131 yerden \u00e7\u0131kararak sa\u011fl\u0131k ekiplerine teslim etti. Ambulansla hastaneye kald\u0131ran yaral\u0131lar\u0131n durumunun a\u011f\u0131r oldu\u011fu \u00f6\u011frenilirken polis kazayla ilgili inceleme ba\u015flatt\u0131.<\/p>\n<p>9.01.2026<\/p>\n","protected":false},"excerpt":{"rendered":"<p>Adana&#8217;da otoyolda kontrolden \u00e7\u0131karak \u015farampole yuvarlanan otomobildeki 2 ki\u015fi yaraland\u0131. Edinilen bilgiye g\u00f6re, kaza, Tarsus-Adana-Gaziantep (TAG) otoyolu merkez Sar\u0131\u00e7am il\u00e7esi G\u00f6ztepe Mahallesi mevkiinde meydana geldi. \u0130ddiaya g\u00f6re, gece ya\u011fan ya\u011fmur nedeniyle s\u00fcr\u00fcc\u00fcs\u00fc \u00f6\u011frenilemeyen otomobil, kontrolden \u00e7\u0131karak bariyerlere \u00e7arp\u0131p \u015farampole yuvarland\u0131. Kazay\u0131 g\u00f6renlerin ihbar\u0131 \u00fczerine adrese sa\u011fl\u0131k ve itfaiye ekipleri sevk edildi. \u0130tfaiye ekipleri s\u00fcr\u00fcc\u00fc ve [&hellip;]<\/p>\n","protected":false},"author":1,"featured_media":16200,"comment_status":"open","ping_status":"open","sticky":false,"template":"","format":"standard","meta":{"footnotes":""},"categories":[45],"tags":[],"class_list":["post-16199","post","type-post","status-publish","format-standard","has-post-thumbnail","hentry","category-gundem"],"yoast_head":"<!-- This site is optimized with the Yoast SEO plugin v27.4 - https:\/\/yoast.com\/product\/yoast-seo-wordpress\/ -->\n<title>Adana&#039;da \u015farampole yuvarlanan otomobildeki 2 ki\u015fi yaraland\u0131 - Memurun Sesi<\/title>\n<meta name=\"description\" content=\"Adana&#039;da \u015farampole yuvarlanan otomobildeki 2 ki\u015fi yaraland\u0131\" \/>\n<meta name=\"robots\" content=\"index, follow, max-snippet:-1, max-image-preview:large, max-video-preview:-1\" \/>\n<link rel=\"canonical\" href=\"https:\/\/memurunsesi.net\/index.php\/2026\/01\/09\/adanada-sarampole-yuvarlanan-otomobildeki-2-kisi-yaralandi\/\" \/>\n<meta property=\"og:locale\" content=\"tr_TR\" \/>\n<meta property=\"og:type\" content=\"article\" \/>\n<meta property=\"og:title\" content=\"Adana&#039;da \u015farampole yuvarlanan otomobildeki 2 ki\u015fi yaraland\u0131 - Memurun Sesi\" \/>\n<meta property=\"og:description\" content=\"Adana&#039;da \u015farampole yuvarlanan otomobildeki 2 ki\u015fi yaraland\u0131\" \/>\n<meta property=\"og:url\" content=\"https:\/\/memurunsesi.net\/index.php\/2026\/01\/09\/adanada-sarampole-yuvarlanan-otomobildeki-2-kisi-yaralandi\/\" \/>\n<meta property=\"og:site_name\" content=\"Memurun Sesi\" \/>\n<meta property=\"article:publisher\" content=\"https:\/\/www.facebook.com\/unipersen\/?locale=tr_TR\" \/>\n<meta property=\"article:published_time\" content=\"2026-01-09T05:48:08+00:00\" \/>\n<meta property=\"og:image\" content=\"https:\/\/memurunsesi.net\/wp-content\/uploads\/2026\/01\/sarampole-yuvarlandi.jpg\" \/>\n\t<meta property=\"og:image:width\" content=\"1080\" \/>\n\t<meta property=\"og:image:height\" content=\"1067\" \/>\n\t<meta property=\"og:image:type\" content=\"image\/jpeg\" \/>\n<meta name=\"author\" content=\"Memurun Sesi Haber Merkezi\" \/>\n<meta name=\"twitter:card\" content=\"summary_large_image\" \/>\n<meta name=\"twitter:creator\" content=\"@unipersen\" \/>\n<meta name=\"twitter:site\" content=\"@unipersen\" \/>\n<meta name=\"twitter:label1\" content=\"Yazan:\" \/>\n\t<meta name=\"twitter:data1\" content=\"Memurun Sesi Haber Merkezi\" \/>\n\t<meta name=\"twitter:label2\" content=\"Tahmini okuma s\u00fcresi\" \/>\n\t<meta name=\"twitter:data2\" content=\"1 dakika\" \/>\n<script type=\"application\/ld+json\" class=\"yoast-schema-graph\">{\"@context\":\"https:\\\/\\\/schema.org\",\"@graph\":[{\"@type\":\"Article\",\"@id\":\"https:\\\/\\\/memurunsesi.net\\\/index.php\\\/2026\\\/01\\\/09\\\/adanada-sarampole-yuvarlanan-otomobildeki-2-kisi-yaralandi\\\/#article\",\"isPartOf\":{\"@id\":\"https:\\\/\\\/memurunsesi.net\\\/index.php\\\/2026\\\/01\\\/09\\\/adanada-sarampole-yuvarlanan-otomobildeki-2-kisi-yaralandi\\\/\"},\"author\":{\"name\":\"Memurun Sesi Haber Merkezi\",\"@id\":\"https:\\\/\\\/memurunsesi.net\\\/#\\\/schema\\\/person\\\/f21c2d73b89f6ee1d80b0a1803e38587\"},\"headline\":\"Adana&#8217;da \u015farampole yuvarlanan otomobildeki 2 ki\u015fi yaraland\u0131\",\"datePublished\":\"2026-01-09T05:48:08+00:00\",\"mainEntityOfPage\":{\"@id\":\"https:\\\/\\\/memurunsesi.net\\\/index.php\\\/2026\\\/01\\\/09\\\/adanada-sarampole-yuvarlanan-otomobildeki-2-kisi-yaralandi\\\/\"},\"wordCount\":116,\"commentCount\":0,\"publisher\":{\"@id\":\"https:\\\/\\\/memurunsesi.net\\\/#organization\"},\"image\":{\"@id\":\"https:\\\/\\\/memurunsesi.net\\\/index.php\\\/2026\\\/01\\\/09\\\/adanada-sarampole-yuvarlanan-otomobildeki-2-kisi-yaralandi\\\/#primaryimage\"},\"thumbnailUrl\":\"https:\\\/\\\/memurunsesi.net\\\/wp-content\\\/uploads\\\/2026\\\/01\\\/sarampole-yuvarlandi.jpg\",\"articleSection\":[\"G\u00fcndem\"],\"inLanguage\":\"tr\",\"potentialAction\":[{\"@type\":\"CommentAction\",\"name\":\"Comment\",\"target\":[\"https:\\\/\\\/memurunsesi.net\\\/index.php\\\/2026\\\/01\\\/09\\\/adanada-sarampole-yuvarlanan-otomobildeki-2-kisi-yaralandi\\\/#respond\"]}]},{\"@type\":\"WebPage\",\"@id\":\"https:\\\/\\\/memurunsesi.net\\\/index.php\\\/2026\\\/01\\\/09\\\/adanada-sarampole-yuvarlanan-otomobildeki-2-kisi-yaralandi\\\/\",\"url\":\"https:\\\/\\\/memurunsesi.net\\\/index.php\\\/2026\\\/01\\\/09\\\/adanada-sarampole-yuvarlanan-otomobildeki-2-kisi-yaralandi\\\/\",\"name\":\"Adana'da \u015farampole yuvarlanan otomobildeki 2 ki\u015fi yaraland\u0131 - Memurun Sesi\",\"isPartOf\":{\"@id\":\"https:\\\/\\\/memurunsesi.net\\\/#website\"},\"primaryImageOfPage\":{\"@id\":\"https:\\\/\\\/memurunsesi.net\\\/index.php\\\/2026\\\/01\\\/09\\\/adanada-sarampole-yuvarlanan-otomobildeki-2-kisi-yaralandi\\\/#primaryimage\"},\"image\":{\"@id\":\"https:\\\/\\\/memurunsesi.net\\\/index.php\\\/2026\\\/01\\\/09\\\/adanada-sarampole-yuvarlanan-otomobildeki-2-kisi-yaralandi\\\/#primaryimage\"},\"thumbnailUrl\":\"https:\\\/\\\/memurunsesi.net\\\/wp-content\\\/uploads\\\/2026\\\/01\\\/sarampole-yuvarlandi.jpg\",\"datePublished\":\"2026-01-09T05:48:08+00:00\",\"description\":\"Adana'da \u015farampole yuvarlanan otomobildeki 2 ki\u015fi yaraland\u0131\",\"breadcrumb\":{\"@id\":\"https:\\\/\\\/memurunsesi.net\\\/index.php\\\/2026\\\/01\\\/09\\\/adanada-sarampole-yuvarlanan-otomobildeki-2-kisi-yaralandi\\\/#breadcrumb\"},\"inLanguage\":\"tr\",\"potentialAction\":[{\"@type\":\"ReadAction\",\"target\":[\"https:\\\/\\\/memurunsesi.net\\\/index.php\\\/2026\\\/01\\\/09\\\/adanada-sarampole-yuvarlanan-otomobildeki-2-kisi-yaralandi\\\/\"]}]},{\"@type\":\"ImageObject\",\"inLanguage\":\"tr\",\"@id\":\"https:\\\/\\\/memurunsesi.net\\\/index.php\\\/2026\\\/01\\\/09\\\/adanada-sarampole-yuvarlanan-otomobildeki-2-kisi-yaralandi\\\/#primaryimage\",\"url\":\"https:\\\/\\\/memurunsesi.net\\\/wp-content\\\/uploads\\\/2026\\\/01\\\/sarampole-yuvarlandi.jpg\",\"contentUrl\":\"https:\\\/\\\/memurunsesi.net\\\/wp-content\\\/uploads\\\/2026\\\/01\\\/sarampole-yuvarlandi.jpg\",\"width\":1080,\"height\":1067,\"caption\":\"ADANA'DA OTOYOLDA KAZAN YAPAN OTOMOB\u0130LDE SIKI\u015eAN 2 K\u0130\u015e\u0130 \u0130TFA\u0130YE EK\u0130PLER\u0130NCE KURTARILARAK HASTANEYE KALDIRILDI. (FAT\u0130H KE\u00c7E\\\/ADANA-\u0130HA) Adana'da otoyolda kontrolden \u00e7\u0131karak \u015farampole yuvarlanan otomobildeki 2 ki\u015fi yaraland\u0131.\"},{\"@type\":\"BreadcrumbList\",\"@id\":\"https:\\\/\\\/memurunsesi.net\\\/index.php\\\/2026\\\/01\\\/09\\\/adanada-sarampole-yuvarlanan-otomobildeki-2-kisi-yaralandi\\\/#breadcrumb\",\"itemListElement\":[{\"@type\":\"ListItem\",\"position\":1,\"name\":\"Anasayfa\",\"item\":\"https:\\\/\\\/memurunsesi.net\\\/\"},{\"@type\":\"ListItem\",\"position\":2,\"name\":\"Adana&#8217;da \u015farampole yuvarlanan otomobildeki 2 ki\u015fi yaraland\u0131\"}]},{\"@type\":\"WebSite\",\"@id\":\"https:\\\/\\\/memurunsesi.net\\\/#website\",\"url\":\"https:\\\/\\\/memurunsesi.net\\\/\",\"name\":\"Memurun Sesi\",\"description\":\"G\u00fcncel ve Do\u011fru Haber\",\"publisher\":{\"@id\":\"https:\\\/\\\/memurunsesi.net\\\/#organization\"},\"potentialAction\":[{\"@type\":\"SearchAction\",\"target\":{\"@type\":\"EntryPoint\",\"urlTemplate\":\"https:\\\/\\\/memurunsesi.net\\\/?s={search_term_string}\"},\"query-input\":{\"@type\":\"PropertyValueSpecification\",\"valueRequired\":true,\"valueName\":\"search_term_string\"}}],\"inLanguage\":\"tr\"},{\"@type\":\"Organization\",\"@id\":\"https:\\\/\\\/memurunsesi.net\\\/#organization\",\"name\":\"Memurun Sesi\",\"url\":\"https:\\\/\\\/memurunsesi.net\\\/\",\"logo\":{\"@type\":\"ImageObject\",\"inLanguage\":\"tr\",\"@id\":\"https:\\\/\\\/memurunsesi.net\\\/#\\\/schema\\\/logo\\\/image\\\/\",\"url\":\"https:\\\/\\\/memurunsesi.net\\\/wp-content\\\/uploads\\\/2025\\\/11\\\/cropped-MEMURUN-SESI.png\",\"contentUrl\":\"https:\\\/\\\/memurunsesi.net\\\/wp-content\\\/uploads\\\/2025\\\/11\\\/cropped-MEMURUN-SESI.png\",\"width\":238,\"height\":57,\"caption\":\"Memurun Sesi\"},\"image\":{\"@id\":\"https:\\\/\\\/memurunsesi.net\\\/#\\\/schema\\\/logo\\\/image\\\/\"},\"sameAs\":[\"https:\\\/\\\/www.facebook.com\\\/unipersen\\\/?locale=tr_TR\",\"https:\\\/\\\/x.com\\\/unipersen\"]},{\"@type\":\"Person\",\"@id\":\"https:\\\/\\\/memurunsesi.net\\\/#\\\/schema\\\/person\\\/f21c2d73b89f6ee1d80b0a1803e38587\",\"name\":\"Memurun Sesi Haber Merkezi\",\"image\":{\"@type\":\"ImageObject\",\"inLanguage\":\"tr\",\"@id\":\"https:\\\/\\\/secure.gravatar.com\\\/avatar\\\/6cf0505f452ee753f485014986fab09a434671d2b919ee76fc541025c5876a70?s=96&d=mm&r=g\",\"url\":\"https:\\\/\\\/secure.gravatar.com\\\/avatar\\\/6cf0505f452ee753f485014986fab09a434671d2b919ee76fc541025c5876a70?s=96&d=mm&r=g\",\"contentUrl\":\"https:\\\/\\\/secure.gravatar.com\\\/avatar\\\/6cf0505f452ee753f485014986fab09a434671d2b919ee76fc541025c5876a70?s=96&d=mm&r=g\",\"caption\":\"Memurun Sesi Haber Merkezi\"},\"sameAs\":[\"https:\\\/\\\/memurunsesi.net\"],\"url\":\"https:\\\/\\\/memurunsesi.net\\\/index.php\\\/author\\\/uniper\\\/\"}]}<\/script>\n<!-- \/ Yoast SEO plugin. -->","yoast_head_json":{"title":"Adana'da \u015farampole yuvarlanan otomobildeki 2 ki\u015fi yaraland\u0131 - Memurun Sesi","description":"Adana'da \u015farampole yuvarlanan otomobildeki 2 ki\u015fi yaraland\u0131","robots":{"index":"index","follow":"follow","max-snippet":"max-snippet:-1","max-image-preview":"max-image-preview:large","max-video-preview":"max-video-preview:-1"},"canonical":"https:\/\/memurunsesi.net\/index.php\/2026\/01\/09\/adanada-sarampole-yuvarlanan-otomobildeki-2-kisi-yaralandi\/","og_locale":"tr_TR","og_type":"article","og_title":"Adana'da \u015farampole yuvarlanan otomobildeki 2 ki\u015fi yaraland\u0131 - Memurun Sesi","og_description":"Adana'da \u015farampole yuvarlanan otomobildeki 2 ki\u015fi yaraland\u0131","og_url":"https:\/\/memurunsesi.net\/index.php\/2026\/01\/09\/adanada-sarampole-yuvarlanan-otomobildeki-2-kisi-yaralandi\/","og_site_name":"Memurun Sesi","article_publisher":"https:\/\/www.facebook.com\/unipersen\/?locale=tr_TR","article_published_time":"2026-01-09T05:48:08+00:00","og_image":[{"width":1080,"height":1067,"url":"https:\/\/memurunsesi.net\/wp-content\/uploads\/2026\/01\/sarampole-yuvarlandi.jpg","type":"image\/jpeg"}],"author":"Memurun Sesi Haber Merkezi","twitter_card":"summary_large_image","twitter_creator":"@unipersen","twitter_site":"@unipersen","twitter_misc":{"Yazan:":"Memurun Sesi Haber Merkezi","Tahmini okuma s\u00fcresi":"1 dakika"},"schema":{"@context":"https:\/\/schema.org","@graph":[{"@type":"Article","@id":"https:\/\/memurunsesi.net\/index.php\/2026\/01\/09\/adanada-sarampole-yuvarlanan-otomobildeki-2-kisi-yaralandi\/#article","isPartOf":{"@id":"https:\/\/memurunsesi.net\/index.php\/2026\/01\/09\/adanada-sarampole-yuvarlanan-otomobildeki-2-kisi-yaralandi\/"},"author":{"name":"Memurun Sesi Haber Merkezi","@id":"https:\/\/memurunsesi.net\/#\/schema\/person\/f21c2d73b89f6ee1d80b0a1803e38587"},"headline":"Adana&#8217;da \u015farampole yuvarlanan otomobildeki 2 ki\u015fi yaraland\u0131","datePublished":"2026-01-09T05:48:08+00:00","mainEntityOfPage":{"@id":"https:\/\/memurunsesi.net\/index.php\/2026\/01\/09\/adanada-sarampole-yuvarlanan-otomobildeki-2-kisi-yaralandi\/"},"wordCount":116,"commentCount":0,"publisher":{"@id":"https:\/\/memurunsesi.net\/#organization"},"image":{"@id":"https:\/\/memurunsesi.net\/index.php\/2026\/01\/09\/adanada-sarampole-yuvarlanan-otomobildeki-2-kisi-yaralandi\/#primaryimage"},"thumbnailUrl":"https:\/\/memurunsesi.net\/wp-content\/uploads\/2026\/01\/sarampole-yuvarlandi.jpg","articleSection":["G\u00fcndem"],"inLanguage":"tr","potentialAction":[{"@type":"CommentAction","name":"Comment","target":["https:\/\/memurunsesi.net\/index.php\/2026\/01\/09\/adanada-sarampole-yuvarlanan-otomobildeki-2-kisi-yaralandi\/#respond"]}]},{"@type":"WebPage","@id":"https:\/\/memurunsesi.net\/index.php\/2026\/01\/09\/adanada-sarampole-yuvarlanan-otomobildeki-2-kisi-yaralandi\/","url":"https:\/\/memurunsesi.net\/index.php\/2026\/01\/09\/adanada-sarampole-yuvarlanan-otomobildeki-2-kisi-yaralandi\/","name":"Adana'da \u015farampole yuvarlanan otomobildeki 2 ki\u015fi yaraland\u0131 - Memurun Sesi","isPartOf":{"@id":"https:\/\/memurunsesi.net\/#website"},"primaryImageOfPage":{"@id":"https:\/\/memurunsesi.net\/index.php\/2026\/01\/09\/adanada-sarampole-yuvarlanan-otomobildeki-2-kisi-yaralandi\/#primaryimage"},"image":{"@id":"https:\/\/memurunsesi.net\/index.php\/2026\/01\/09\/adanada-sarampole-yuvarlanan-otomobildeki-2-kisi-yaralandi\/#primaryimage"},"thumbnailUrl":"https:\/\/memurunsesi.net\/wp-content\/uploads\/2026\/01\/sarampole-yuvarlandi.jpg","datePublished":"2026-01-09T05:48:08+00:00","description":"Adana'da \u015farampole yuvarlanan otomobildeki 2 ki\u015fi yaraland\u0131","breadcrumb":{"@id":"https:\/\/memurunsesi.net\/index.php\/2026\/01\/09\/adanada-sarampole-yuvarlanan-otomobildeki-2-kisi-yaralandi\/#breadcrumb"},"inLanguage":"tr","potentialAction":[{"@type":"ReadAction","target":["https:\/\/memurunsesi.net\/index.php\/2026\/01\/09\/adanada-sarampole-yuvarlanan-otomobildeki-2-kisi-yaralandi\/"]}]},{"@type":"ImageObject","inLanguage":"tr","@id":"https:\/\/memurunsesi.net\/index.php\/2026\/01\/09\/adanada-sarampole-yuvarlanan-otomobildeki-2-kisi-yaralandi\/#primaryimage","url":"https:\/\/memurunsesi.net\/wp-content\/uploads\/2026\/01\/sarampole-yuvarlandi.jpg","contentUrl":"https:\/\/memurunsesi.net\/wp-content\/uploads\/2026\/01\/sarampole-yuvarlandi.jpg","width":1080,"height":1067,"caption":"ADANA'DA OTOYOLDA KAZAN YAPAN OTOMOB\u0130LDE SIKI\u015eAN 2 K\u0130\u015e\u0130 \u0130TFA\u0130YE EK\u0130PLER\u0130NCE KURTARILARAK HASTANEYE KALDIRILDI. (FAT\u0130H KE\u00c7E\/ADANA-\u0130HA) Adana'da otoyolda kontrolden \u00e7\u0131karak \u015farampole yuvarlanan otomobildeki 2 ki\u015fi yaraland\u0131."},{"@type":"BreadcrumbList","@id":"https:\/\/memurunsesi.net\/index.php\/2026\/01\/09\/adanada-sarampole-yuvarlanan-otomobildeki-2-kisi-yaralandi\/#breadcrumb","itemListElement":[{"@type":"ListItem","position":1,"name":"Anasayfa","item":"https:\/\/memurunsesi.net\/"},{"@type":"ListItem","position":2,"name":"Adana&#8217;da \u015farampole yuvarlanan otomobildeki 2 ki\u015fi yaraland\u0131"}]},{"@type":"WebSite","@id":"https:\/\/memurunsesi.net\/#website","url":"https:\/\/memurunsesi.net\/","name":"Memurun Sesi","description":"G\u00fcncel ve Do\u011fru Haber","publisher":{"@id":"https:\/\/memurunsesi.net\/#organization"},"potentialAction":[{"@type":"SearchAction","target":{"@type":"EntryPoint","urlTemplate":"https:\/\/memurunsesi.net\/?s={search_term_string}"},"query-input":{"@type":"PropertyValueSpecification","valueRequired":true,"valueName":"search_term_string"}}],"inLanguage":"tr"},{"@type":"Organization","@id":"https:\/\/memurunsesi.net\/#organization","name":"Memurun Sesi","url":"https:\/\/memurunsesi.net\/","logo":{"@type":"ImageObject","inLanguage":"tr","@id":"https:\/\/memurunsesi.net\/#\/schema\/logo\/image\/","url":"https:\/\/memurunsesi.net\/wp-content\/uploads\/2025\/11\/cropped-MEMURUN-SESI.png","contentUrl":"https:\/\/memurunsesi.net\/wp-content\/uploads\/2025\/11\/cropped-MEMURUN-SESI.png","width":238,"height":57,"caption":"Memurun Sesi"},"image":{"@id":"https:\/\/memurunsesi.net\/#\/schema\/logo\/image\/"},"sameAs":["https:\/\/www.facebook.com\/unipersen\/?locale=tr_TR","https:\/\/x.com\/unipersen"]},{"@type":"Person","@id":"https:\/\/memurunsesi.net\/#\/schema\/person\/f21c2d73b89f6ee1d80b0a1803e38587","name":"Memurun Sesi Haber Merkezi","image":{"@type":"ImageObject","inLanguage":"tr","@id":"https:\/\/secure.gravatar.com\/avatar\/6cf0505f452ee753f485014986fab09a434671d2b919ee76fc541025c5876a70?s=96&d=mm&r=g","url":"https:\/\/secure.gravatar.com\/avatar\/6cf0505f452ee753f485014986fab09a434671d2b919ee76fc541025c5876a70?s=96&d=mm&r=g","contentUrl":"https:\/\/secure.gravatar.com\/avatar\/6cf0505f452ee753f485014986fab09a434671d2b919ee76fc541025c5876a70?s=96&d=mm&r=g","caption":"Memurun Sesi Haber Merkezi"},"sameAs":["https:\/\/memurunsesi.net"],"url":"https:\/\/memurunsesi.net\/index.php\/author\/uniper\/"}]}},"_links":{"self":[{"href":"https:\/\/memurunsesi.net\/index.php\/wp-json\/wp\/v2\/posts\/16199","targetHints":{"allow":["GET"]}}],"collection":[{"href":"https:\/\/memurunsesi.net\/index.php\/wp-json\/wp\/v2\/posts"}],"about":[{"href":"https:\/\/memurunsesi.net\/index.php\/wp-json\/wp\/v2\/types\/post"}],"author":[{"embeddable":true,"href":"https:\/\/memurunsesi.net\/index.php\/wp-json\/wp\/v2\/users\/1"}],"replies":[{"embeddable":true,"href":"https:\/\/memurunsesi.net\/index.php\/wp-json\/wp\/v2\/comments?post=16199"}],"version-history":[{"count":1,"href":"https:\/\/memurunsesi.net\/index.php\/wp-json\/wp\/v2\/posts\/16199\/revisions"}],"predecessor-version":[{"id":16201,"href":"https:\/\/memurunsesi.net\/index.php\/wp-json\/wp\/v2\/posts\/16199\/revisions\/16201"}],"wp:featuredmedia":[{"embeddable":true,"href":"https:\/\/memurunsesi.net\/index.php\/wp-json\/wp\/v2\/media\/16200"}],"wp:attachment":[{"href":"https:\/\/memurunsesi.net\/index.php\/wp-json\/wp\/v2\/media?parent=16199"}],"wp:term":[{"taxonomy":"category","embeddable":true,"href":"https:\/\/memurunsesi.net\/index.php\/wp-json\/wp\/v2\/categories?post=16199"},{"taxonomy":"post_tag","embeddable":true,"href":"https:\/\/memurunsesi.net\/index.php\/wp-json\/wp\/v2\/tags?post=16199"}],"curies":[{"name":"wp","href":"https:\/\/api.w.org\/{rel}","templated":true}]}}