{"id":16205,"date":"2026-01-09T08:53:31","date_gmt":"2026-01-09T05:53:31","guid":{"rendered":"https:\/\/memurunsesi.net\/?p=16205"},"modified":"2026-01-09T08:53:31","modified_gmt":"2026-01-09T05:53:31","slug":"kucukcekmecede-kebapci-1-hafta-arayla-ikinci-kez-kursunlandi","status":"publish","type":"post","link":"https:\/\/memurunsesi.net\/index.php\/2026\/01\/09\/kucukcekmecede-kebapci-1-hafta-arayla-ikinci-kez-kursunlandi\/","title":{"rendered":"K\u00fc\u00e7\u00fck\u00e7ekmece&#8217;de kebap\u00e7\u0131 1 hafta arayla ikinci kez kur\u015funland\u0131"},"content":{"rendered":"<p>K\u00fc\u00e7\u00fck\u00e7ekmece&#8217;de bulunan bir kebap\u00e7\u0131 1 hafta arayla hen\u00fcz bilinmeyen sebeple kur\u015funland\u0131. \u0130nsanlar\u0131n yemek yedi\u011fi s\u0131rada ya\u015fanan olayda \u015fans eseri kimse yaralanmad\u0131.<br \/>\nOlay 00.00 s\u0131ralar\u0131nda K\u00fc\u00e7\u00fck\u00e7ekmece \u0130n\u00f6n\u00fc Mahallesi Maslak \u00c7e\u015fme Caddesi&#8217;nde meydana geldi. Edinilen bilgiye g\u00f6re tek ba\u015f\u0131na gelen plakas\u0131z motosiklet s\u00fcr\u00fcc\u00fcs\u00fc, kebap\u00e7\u0131n\u0131n \u00f6n\u00fcnde durarak 5 el ate\u015f etti. Kur\u015funlama esnas\u0131nda i\u00e7eride yemek yiyen 5 ki\u015fi kendini yere att\u0131. 2 kur\u015funun isabet etti\u011fi d\u00fckkan\u0131n 1 hafta \u00f6nce de kur\u015funland\u0131\u011f\u0131 ortaya \u00e7\u0131kt\u0131. \u0130hbar \u00fczerine olay yerine polis, sa\u011fl\u0131k ve olay yeri inceleme ekipleri sevk edildi. Olay yeri inceleme ekipleri yap\u0131lan \u00e7al\u0131\u015fman\u0131n ard\u0131ndan olay yerinden ayr\u0131ld\u0131. Motosiklet s\u00fcr\u00fcc\u00fcs\u00fcn\u00fcn motosiklet ile ka\u00e7t\u0131\u011f\u0131 polis ekiplerinin pe\u015fine tak\u0131ld\u0131\u011f\u0131 s\u00fcr\u00fcc\u00fcn\u00fcn kovalamaca sonunda yaya olarak ka\u00e7maya devam etti\u011fi iddia edildi.<br \/>\nPolis ekipleri ya\u015fanan olayla ilgili geni\u015f kapsaml\u0131 soru\u015fturma ba\u015flat\u0131rken ka\u00e7an sald\u0131rgan i\u00e7in de yakalama \u00e7al\u0131\u015fmas\u0131 ba\u015flat\u0131ld\u0131.<\/p>\n<p>9.01.2026<\/p>\n","protected":false},"excerpt":{"rendered":"<p>K\u00fc\u00e7\u00fck\u00e7ekmece&#8217;de bulunan bir kebap\u00e7\u0131 1 hafta arayla hen\u00fcz bilinmeyen sebeple kur\u015funland\u0131. \u0130nsanlar\u0131n yemek yedi\u011fi s\u0131rada ya\u015fanan olayda \u015fans eseri kimse yaralanmad\u0131. Olay 00.00 s\u0131ralar\u0131nda K\u00fc\u00e7\u00fck\u00e7ekmece \u0130n\u00f6n\u00fc Mahallesi Maslak \u00c7e\u015fme Caddesi&#8217;nde meydana geldi. Edinilen bilgiye g\u00f6re tek ba\u015f\u0131na gelen plakas\u0131z motosiklet s\u00fcr\u00fcc\u00fcs\u00fc, kebap\u00e7\u0131n\u0131n \u00f6n\u00fcnde durarak 5 el ate\u015f etti. Kur\u015funlama esnas\u0131nda i\u00e7eride yemek yiyen 5 ki\u015fi [&hellip;]<\/p>\n","protected":false},"author":1,"featured_media":16206,"comment_status":"open","ping_status":"open","sticky":false,"template":"","format":"standard","meta":{"footnotes":""},"categories":[45],"tags":[832],"class_list":["post-16205","post","type-post","status-publish","format-standard","has-post-thumbnail","hentry","category-gundem","tag-kursunlandi"],"yoast_head":"<!-- This site is optimized with the Yoast SEO plugin v27.4 - https:\/\/yoast.com\/product\/yoast-seo-wordpress\/ -->\n<title>K\u00fc\u00e7\u00fck\u00e7ekmece&#039;de kebap\u00e7\u0131 1 hafta arayla ikinci kez kur\u015funland\u0131 - Memurun Sesi<\/title>\n<meta name=\"description\" content=\"K\u00fc\u00e7\u00fck\u00e7ekmece&#039;de kebap\u00e7\u0131 1 hafta arayla ikinci kez kur\u015funland\u0131\" \/>\n<meta name=\"robots\" content=\"index, follow, max-snippet:-1, max-image-preview:large, max-video-preview:-1\" \/>\n<link rel=\"canonical\" href=\"https:\/\/memurunsesi.net\/index.php\/2026\/01\/09\/kucukcekmecede-kebapci-1-hafta-arayla-ikinci-kez-kursunlandi\/\" \/>\n<meta property=\"og:locale\" content=\"tr_TR\" \/>\n<meta property=\"og:type\" content=\"article\" \/>\n<meta property=\"og:title\" content=\"K\u00fc\u00e7\u00fck\u00e7ekmece&#039;de kebap\u00e7\u0131 1 hafta arayla ikinci kez kur\u015funland\u0131 - Memurun Sesi\" \/>\n<meta property=\"og:description\" content=\"K\u00fc\u00e7\u00fck\u00e7ekmece&#039;de kebap\u00e7\u0131 1 hafta arayla ikinci kez kur\u015funland\u0131\" \/>\n<meta property=\"og:url\" content=\"https:\/\/memurunsesi.net\/index.php\/2026\/01\/09\/kucukcekmecede-kebapci-1-hafta-arayla-ikinci-kez-kursunlandi\/\" \/>\n<meta property=\"og:site_name\" content=\"Memurun Sesi\" \/>\n<meta property=\"article:publisher\" content=\"https:\/\/www.facebook.com\/unipersen\/?locale=tr_TR\" \/>\n<meta property=\"article:published_time\" content=\"2026-01-09T05:53:31+00:00\" \/>\n<meta property=\"og:image\" content=\"https:\/\/memurunsesi.net\/wp-content\/uploads\/2026\/01\/AW616389_01.jpg\" \/>\n\t<meta property=\"og:image:width\" content=\"1600\" \/>\n\t<meta property=\"og:image:height\" content=\"900\" \/>\n\t<meta property=\"og:image:type\" content=\"image\/jpeg\" \/>\n<meta name=\"author\" content=\"Memurun Sesi Haber Merkezi\" \/>\n<meta name=\"twitter:card\" content=\"summary_large_image\" \/>\n<meta name=\"twitter:creator\" content=\"@unipersen\" \/>\n<meta name=\"twitter:site\" content=\"@unipersen\" \/>\n<meta name=\"twitter:label1\" content=\"Yazan:\" \/>\n\t<meta name=\"twitter:data1\" content=\"Memurun Sesi Haber Merkezi\" \/>\n\t<meta name=\"twitter:label2\" content=\"Tahmini okuma s\u00fcresi\" \/>\n\t<meta name=\"twitter:data2\" content=\"1 dakika\" \/>\n<script type=\"application\/ld+json\" class=\"yoast-schema-graph\">{\"@context\":\"https:\\\/\\\/schema.org\",\"@graph\":[{\"@type\":\"Article\",\"@id\":\"https:\\\/\\\/memurunsesi.net\\\/index.php\\\/2026\\\/01\\\/09\\\/kucukcekmecede-kebapci-1-hafta-arayla-ikinci-kez-kursunlandi\\\/#article\",\"isPartOf\":{\"@id\":\"https:\\\/\\\/memurunsesi.net\\\/index.php\\\/2026\\\/01\\\/09\\\/kucukcekmecede-kebapci-1-hafta-arayla-ikinci-kez-kursunlandi\\\/\"},\"author\":{\"name\":\"Memurun Sesi Haber Merkezi\",\"@id\":\"https:\\\/\\\/memurunsesi.net\\\/#\\\/schema\\\/person\\\/f21c2d73b89f6ee1d80b0a1803e38587\"},\"headline\":\"K\u00fc\u00e7\u00fck\u00e7ekmece&#8217;de kebap\u00e7\u0131 1 hafta arayla ikinci kez kur\u015funland\u0131\",\"datePublished\":\"2026-01-09T05:53:31+00:00\",\"mainEntityOfPage\":{\"@id\":\"https:\\\/\\\/memurunsesi.net\\\/index.php\\\/2026\\\/01\\\/09\\\/kucukcekmecede-kebapci-1-hafta-arayla-ikinci-kez-kursunlandi\\\/\"},\"wordCount\":198,\"commentCount\":0,\"publisher\":{\"@id\":\"https:\\\/\\\/memurunsesi.net\\\/#organization\"},\"image\":{\"@id\":\"https:\\\/\\\/memurunsesi.net\\\/index.php\\\/2026\\\/01\\\/09\\\/kucukcekmecede-kebapci-1-hafta-arayla-ikinci-kez-kursunlandi\\\/#primaryimage\"},\"thumbnailUrl\":\"https:\\\/\\\/memurunsesi.net\\\/wp-content\\\/uploads\\\/2026\\\/01\\\/AW616389_01.jpg\",\"keywords\":[\"kur\u015funland\u0131\"],\"articleSection\":[\"G\u00fcndem\"],\"inLanguage\":\"tr\",\"potentialAction\":[{\"@type\":\"CommentAction\",\"name\":\"Comment\",\"target\":[\"https:\\\/\\\/memurunsesi.net\\\/index.php\\\/2026\\\/01\\\/09\\\/kucukcekmecede-kebapci-1-hafta-arayla-ikinci-kez-kursunlandi\\\/#respond\"]}]},{\"@type\":\"WebPage\",\"@id\":\"https:\\\/\\\/memurunsesi.net\\\/index.php\\\/2026\\\/01\\\/09\\\/kucukcekmecede-kebapci-1-hafta-arayla-ikinci-kez-kursunlandi\\\/\",\"url\":\"https:\\\/\\\/memurunsesi.net\\\/index.php\\\/2026\\\/01\\\/09\\\/kucukcekmecede-kebapci-1-hafta-arayla-ikinci-kez-kursunlandi\\\/\",\"name\":\"K\u00fc\u00e7\u00fck\u00e7ekmece'de kebap\u00e7\u0131 1 hafta arayla ikinci kez kur\u015funland\u0131 - Memurun Sesi\",\"isPartOf\":{\"@id\":\"https:\\\/\\\/memurunsesi.net\\\/#website\"},\"primaryImageOfPage\":{\"@id\":\"https:\\\/\\\/memurunsesi.net\\\/index.php\\\/2026\\\/01\\\/09\\\/kucukcekmecede-kebapci-1-hafta-arayla-ikinci-kez-kursunlandi\\\/#primaryimage\"},\"image\":{\"@id\":\"https:\\\/\\\/memurunsesi.net\\\/index.php\\\/2026\\\/01\\\/09\\\/kucukcekmecede-kebapci-1-hafta-arayla-ikinci-kez-kursunlandi\\\/#primaryimage\"},\"thumbnailUrl\":\"https:\\\/\\\/memurunsesi.net\\\/wp-content\\\/uploads\\\/2026\\\/01\\\/AW616389_01.jpg\",\"datePublished\":\"2026-01-09T05:53:31+00:00\",\"description\":\"K\u00fc\u00e7\u00fck\u00e7ekmece'de kebap\u00e7\u0131 1 hafta arayla ikinci kez kur\u015funland\u0131\",\"breadcrumb\":{\"@id\":\"https:\\\/\\\/memurunsesi.net\\\/index.php\\\/2026\\\/01\\\/09\\\/kucukcekmecede-kebapci-1-hafta-arayla-ikinci-kez-kursunlandi\\\/#breadcrumb\"},\"inLanguage\":\"tr\",\"potentialAction\":[{\"@type\":\"ReadAction\",\"target\":[\"https:\\\/\\\/memurunsesi.net\\\/index.php\\\/2026\\\/01\\\/09\\\/kucukcekmecede-kebapci-1-hafta-arayla-ikinci-kez-kursunlandi\\\/\"]}]},{\"@type\":\"ImageObject\",\"inLanguage\":\"tr\",\"@id\":\"https:\\\/\\\/memurunsesi.net\\\/index.php\\\/2026\\\/01\\\/09\\\/kucukcekmecede-kebapci-1-hafta-arayla-ikinci-kez-kursunlandi\\\/#primaryimage\",\"url\":\"https:\\\/\\\/memurunsesi.net\\\/wp-content\\\/uploads\\\/2026\\\/01\\\/AW616389_01.jpg\",\"contentUrl\":\"https:\\\/\\\/memurunsesi.net\\\/wp-content\\\/uploads\\\/2026\\\/01\\\/AW616389_01.jpg\",\"width\":1600,\"height\":900,\"caption\":\"K\u00dc\u00c7\u00dcK\u00c7EKMECE'DE KEBAP\u00c7I 1 HAFTA ARAYLA \u0130K\u0130NC\u0130 KEZ KUR\u015eUNLANDI (EN\u0130S DERD\u0130MENTO\u011eLU\\\/\u0130STANBUL-\u0130HA) K\u00fc\u00e7\u00fck\u00e7ekmece'de bulunan bir kebap\u00e7\u0131 1 hafta arayla hen\u00fcz bilinmeyen sebeple kur\u015funland\u0131. \u0130nsanlar\u0131n yemek yedi\u011fi s\u0131rada ya\u015fanan olayda \u015fans eseri kimse yaralanmad\u0131.\"},{\"@type\":\"BreadcrumbList\",\"@id\":\"https:\\\/\\\/memurunsesi.net\\\/index.php\\\/2026\\\/01\\\/09\\\/kucukcekmecede-kebapci-1-hafta-arayla-ikinci-kez-kursunlandi\\\/#breadcrumb\",\"itemListElement\":[{\"@type\":\"ListItem\",\"position\":1,\"name\":\"Anasayfa\",\"item\":\"https:\\\/\\\/memurunsesi.net\\\/\"},{\"@type\":\"ListItem\",\"position\":2,\"name\":\"K\u00fc\u00e7\u00fck\u00e7ekmece&#8217;de kebap\u00e7\u0131 1 hafta arayla ikinci kez kur\u015funland\u0131\"}]},{\"@type\":\"WebSite\",\"@id\":\"https:\\\/\\\/memurunsesi.net\\\/#website\",\"url\":\"https:\\\/\\\/memurunsesi.net\\\/\",\"name\":\"Memurun Sesi\",\"description\":\"G\u00fcncel ve Do\u011fru Haber\",\"publisher\":{\"@id\":\"https:\\\/\\\/memurunsesi.net\\\/#organization\"},\"potentialAction\":[{\"@type\":\"SearchAction\",\"target\":{\"@type\":\"EntryPoint\",\"urlTemplate\":\"https:\\\/\\\/memurunsesi.net\\\/?s={search_term_string}\"},\"query-input\":{\"@type\":\"PropertyValueSpecification\",\"valueRequired\":true,\"valueName\":\"search_term_string\"}}],\"inLanguage\":\"tr\"},{\"@type\":\"Organization\",\"@id\":\"https:\\\/\\\/memurunsesi.net\\\/#organization\",\"name\":\"Memurun Sesi\",\"url\":\"https:\\\/\\\/memurunsesi.net\\\/\",\"logo\":{\"@type\":\"ImageObject\",\"inLanguage\":\"tr\",\"@id\":\"https:\\\/\\\/memurunsesi.net\\\/#\\\/schema\\\/logo\\\/image\\\/\",\"url\":\"https:\\\/\\\/memurunsesi.net\\\/wp-content\\\/uploads\\\/2025\\\/11\\\/cropped-MEMURUN-SESI.png\",\"contentUrl\":\"https:\\\/\\\/memurunsesi.net\\\/wp-content\\\/uploads\\\/2025\\\/11\\\/cropped-MEMURUN-SESI.png\",\"width\":238,\"height\":57,\"caption\":\"Memurun Sesi\"},\"image\":{\"@id\":\"https:\\\/\\\/memurunsesi.net\\\/#\\\/schema\\\/logo\\\/image\\\/\"},\"sameAs\":[\"https:\\\/\\\/www.facebook.com\\\/unipersen\\\/?locale=tr_TR\",\"https:\\\/\\\/x.com\\\/unipersen\"]},{\"@type\":\"Person\",\"@id\":\"https:\\\/\\\/memurunsesi.net\\\/#\\\/schema\\\/person\\\/f21c2d73b89f6ee1d80b0a1803e38587\",\"name\":\"Memurun Sesi Haber Merkezi\",\"image\":{\"@type\":\"ImageObject\",\"inLanguage\":\"tr\",\"@id\":\"https:\\\/\\\/secure.gravatar.com\\\/avatar\\\/6cf0505f452ee753f485014986fab09a434671d2b919ee76fc541025c5876a70?s=96&d=mm&r=g\",\"url\":\"https:\\\/\\\/secure.gravatar.com\\\/avatar\\\/6cf0505f452ee753f485014986fab09a434671d2b919ee76fc541025c5876a70?s=96&d=mm&r=g\",\"contentUrl\":\"https:\\\/\\\/secure.gravatar.com\\\/avatar\\\/6cf0505f452ee753f485014986fab09a434671d2b919ee76fc541025c5876a70?s=96&d=mm&r=g\",\"caption\":\"Memurun Sesi Haber Merkezi\"},\"sameAs\":[\"https:\\\/\\\/memurunsesi.net\"],\"url\":\"https:\\\/\\\/memurunsesi.net\\\/index.php\\\/author\\\/uniper\\\/\"}]}<\/script>\n<!-- \/ Yoast SEO plugin. -->","yoast_head_json":{"title":"K\u00fc\u00e7\u00fck\u00e7ekmece'de kebap\u00e7\u0131 1 hafta arayla ikinci kez kur\u015funland\u0131 - Memurun Sesi","description":"K\u00fc\u00e7\u00fck\u00e7ekmece'de kebap\u00e7\u0131 1 hafta arayla ikinci kez kur\u015funland\u0131","robots":{"index":"index","follow":"follow","max-snippet":"max-snippet:-1","max-image-preview":"max-image-preview:large","max-video-preview":"max-video-preview:-1"},"canonical":"https:\/\/memurunsesi.net\/index.php\/2026\/01\/09\/kucukcekmecede-kebapci-1-hafta-arayla-ikinci-kez-kursunlandi\/","og_locale":"tr_TR","og_type":"article","og_title":"K\u00fc\u00e7\u00fck\u00e7ekmece'de kebap\u00e7\u0131 1 hafta arayla ikinci kez kur\u015funland\u0131 - Memurun Sesi","og_description":"K\u00fc\u00e7\u00fck\u00e7ekmece'de kebap\u00e7\u0131 1 hafta arayla ikinci kez kur\u015funland\u0131","og_url":"https:\/\/memurunsesi.net\/index.php\/2026\/01\/09\/kucukcekmecede-kebapci-1-hafta-arayla-ikinci-kez-kursunlandi\/","og_site_name":"Memurun Sesi","article_publisher":"https:\/\/www.facebook.com\/unipersen\/?locale=tr_TR","article_published_time":"2026-01-09T05:53:31+00:00","og_image":[{"width":1600,"height":900,"url":"https:\/\/memurunsesi.net\/wp-content\/uploads\/2026\/01\/AW616389_01.jpg","type":"image\/jpeg"}],"author":"Memurun Sesi Haber Merkezi","twitter_card":"summary_large_image","twitter_creator":"@unipersen","twitter_site":"@unipersen","twitter_misc":{"Yazan:":"Memurun Sesi Haber Merkezi","Tahmini okuma s\u00fcresi":"1 dakika"},"schema":{"@context":"https:\/\/schema.org","@graph":[{"@type":"Article","@id":"https:\/\/memurunsesi.net\/index.php\/2026\/01\/09\/kucukcekmecede-kebapci-1-hafta-arayla-ikinci-kez-kursunlandi\/#article","isPartOf":{"@id":"https:\/\/memurunsesi.net\/index.php\/2026\/01\/09\/kucukcekmecede-kebapci-1-hafta-arayla-ikinci-kez-kursunlandi\/"},"author":{"name":"Memurun Sesi Haber Merkezi","@id":"https:\/\/memurunsesi.net\/#\/schema\/person\/f21c2d73b89f6ee1d80b0a1803e38587"},"headline":"K\u00fc\u00e7\u00fck\u00e7ekmece&#8217;de kebap\u00e7\u0131 1 hafta arayla ikinci kez kur\u015funland\u0131","datePublished":"2026-01-09T05:53:31+00:00","mainEntityOfPage":{"@id":"https:\/\/memurunsesi.net\/index.php\/2026\/01\/09\/kucukcekmecede-kebapci-1-hafta-arayla-ikinci-kez-kursunlandi\/"},"wordCount":198,"commentCount":0,"publisher":{"@id":"https:\/\/memurunsesi.net\/#organization"},"image":{"@id":"https:\/\/memurunsesi.net\/index.php\/2026\/01\/09\/kucukcekmecede-kebapci-1-hafta-arayla-ikinci-kez-kursunlandi\/#primaryimage"},"thumbnailUrl":"https:\/\/memurunsesi.net\/wp-content\/uploads\/2026\/01\/AW616389_01.jpg","keywords":["kur\u015funland\u0131"],"articleSection":["G\u00fcndem"],"inLanguage":"tr","potentialAction":[{"@type":"CommentAction","name":"Comment","target":["https:\/\/memurunsesi.net\/index.php\/2026\/01\/09\/kucukcekmecede-kebapci-1-hafta-arayla-ikinci-kez-kursunlandi\/#respond"]}]},{"@type":"WebPage","@id":"https:\/\/memurunsesi.net\/index.php\/2026\/01\/09\/kucukcekmecede-kebapci-1-hafta-arayla-ikinci-kez-kursunlandi\/","url":"https:\/\/memurunsesi.net\/index.php\/2026\/01\/09\/kucukcekmecede-kebapci-1-hafta-arayla-ikinci-kez-kursunlandi\/","name":"K\u00fc\u00e7\u00fck\u00e7ekmece'de kebap\u00e7\u0131 1 hafta arayla ikinci kez kur\u015funland\u0131 - Memurun Sesi","isPartOf":{"@id":"https:\/\/memurunsesi.net\/#website"},"primaryImageOfPage":{"@id":"https:\/\/memurunsesi.net\/index.php\/2026\/01\/09\/kucukcekmecede-kebapci-1-hafta-arayla-ikinci-kez-kursunlandi\/#primaryimage"},"image":{"@id":"https:\/\/memurunsesi.net\/index.php\/2026\/01\/09\/kucukcekmecede-kebapci-1-hafta-arayla-ikinci-kez-kursunlandi\/#primaryimage"},"thumbnailUrl":"https:\/\/memurunsesi.net\/wp-content\/uploads\/2026\/01\/AW616389_01.jpg","datePublished":"2026-01-09T05:53:31+00:00","description":"K\u00fc\u00e7\u00fck\u00e7ekmece'de kebap\u00e7\u0131 1 hafta arayla ikinci kez kur\u015funland\u0131","breadcrumb":{"@id":"https:\/\/memurunsesi.net\/index.php\/2026\/01\/09\/kucukcekmecede-kebapci-1-hafta-arayla-ikinci-kez-kursunlandi\/#breadcrumb"},"inLanguage":"tr","potentialAction":[{"@type":"ReadAction","target":["https:\/\/memurunsesi.net\/index.php\/2026\/01\/09\/kucukcekmecede-kebapci-1-hafta-arayla-ikinci-kez-kursunlandi\/"]}]},{"@type":"ImageObject","inLanguage":"tr","@id":"https:\/\/memurunsesi.net\/index.php\/2026\/01\/09\/kucukcekmecede-kebapci-1-hafta-arayla-ikinci-kez-kursunlandi\/#primaryimage","url":"https:\/\/memurunsesi.net\/wp-content\/uploads\/2026\/01\/AW616389_01.jpg","contentUrl":"https:\/\/memurunsesi.net\/wp-content\/uploads\/2026\/01\/AW616389_01.jpg","width":1600,"height":900,"caption":"K\u00dc\u00c7\u00dcK\u00c7EKMECE'DE KEBAP\u00c7I 1 HAFTA ARAYLA \u0130K\u0130NC\u0130 KEZ KUR\u015eUNLANDI (EN\u0130S DERD\u0130MENTO\u011eLU\/\u0130STANBUL-\u0130HA) K\u00fc\u00e7\u00fck\u00e7ekmece'de bulunan bir kebap\u00e7\u0131 1 hafta arayla hen\u00fcz bilinmeyen sebeple kur\u015funland\u0131. \u0130nsanlar\u0131n yemek yedi\u011fi s\u0131rada ya\u015fanan olayda \u015fans eseri kimse yaralanmad\u0131."},{"@type":"BreadcrumbList","@id":"https:\/\/memurunsesi.net\/index.php\/2026\/01\/09\/kucukcekmecede-kebapci-1-hafta-arayla-ikinci-kez-kursunlandi\/#breadcrumb","itemListElement":[{"@type":"ListItem","position":1,"name":"Anasayfa","item":"https:\/\/memurunsesi.net\/"},{"@type":"ListItem","position":2,"name":"K\u00fc\u00e7\u00fck\u00e7ekmece&#8217;de kebap\u00e7\u0131 1 hafta arayla ikinci kez kur\u015funland\u0131"}]},{"@type":"WebSite","@id":"https:\/\/memurunsesi.net\/#website","url":"https:\/\/memurunsesi.net\/","name":"Memurun Sesi","description":"G\u00fcncel ve Do\u011fru Haber","publisher":{"@id":"https:\/\/memurunsesi.net\/#organization"},"potentialAction":[{"@type":"SearchAction","target":{"@type":"EntryPoint","urlTemplate":"https:\/\/memurunsesi.net\/?s={search_term_string}"},"query-input":{"@type":"PropertyValueSpecification","valueRequired":true,"valueName":"search_term_string"}}],"inLanguage":"tr"},{"@type":"Organization","@id":"https:\/\/memurunsesi.net\/#organization","name":"Memurun Sesi","url":"https:\/\/memurunsesi.net\/","logo":{"@type":"ImageObject","inLanguage":"tr","@id":"https:\/\/memurunsesi.net\/#\/schema\/logo\/image\/","url":"https:\/\/memurunsesi.net\/wp-content\/uploads\/2025\/11\/cropped-MEMURUN-SESI.png","contentUrl":"https:\/\/memurunsesi.net\/wp-content\/uploads\/2025\/11\/cropped-MEMURUN-SESI.png","width":238,"height":57,"caption":"Memurun Sesi"},"image":{"@id":"https:\/\/memurunsesi.net\/#\/schema\/logo\/image\/"},"sameAs":["https:\/\/www.facebook.com\/unipersen\/?locale=tr_TR","https:\/\/x.com\/unipersen"]},{"@type":"Person","@id":"https:\/\/memurunsesi.net\/#\/schema\/person\/f21c2d73b89f6ee1d80b0a1803e38587","name":"Memurun Sesi Haber Merkezi","image":{"@type":"ImageObject","inLanguage":"tr","@id":"https:\/\/secure.gravatar.com\/avatar\/6cf0505f452ee753f485014986fab09a434671d2b919ee76fc541025c5876a70?s=96&d=mm&r=g","url":"https:\/\/secure.gravatar.com\/avatar\/6cf0505f452ee753f485014986fab09a434671d2b919ee76fc541025c5876a70?s=96&d=mm&r=g","contentUrl":"https:\/\/secure.gravatar.com\/avatar\/6cf0505f452ee753f485014986fab09a434671d2b919ee76fc541025c5876a70?s=96&d=mm&r=g","caption":"Memurun Sesi Haber Merkezi"},"sameAs":["https:\/\/memurunsesi.net"],"url":"https:\/\/memurunsesi.net\/index.php\/author\/uniper\/"}]}},"_links":{"self":[{"href":"https:\/\/memurunsesi.net\/index.php\/wp-json\/wp\/v2\/posts\/16205","targetHints":{"allow":["GET"]}}],"collection":[{"href":"https:\/\/memurunsesi.net\/index.php\/wp-json\/wp\/v2\/posts"}],"about":[{"href":"https:\/\/memurunsesi.net\/index.php\/wp-json\/wp\/v2\/types\/post"}],"author":[{"embeddable":true,"href":"https:\/\/memurunsesi.net\/index.php\/wp-json\/wp\/v2\/users\/1"}],"replies":[{"embeddable":true,"href":"https:\/\/memurunsesi.net\/index.php\/wp-json\/wp\/v2\/comments?post=16205"}],"version-history":[{"count":1,"href":"https:\/\/memurunsesi.net\/index.php\/wp-json\/wp\/v2\/posts\/16205\/revisions"}],"predecessor-version":[{"id":16207,"href":"https:\/\/memurunsesi.net\/index.php\/wp-json\/wp\/v2\/posts\/16205\/revisions\/16207"}],"wp:featuredmedia":[{"embeddable":true,"href":"https:\/\/memurunsesi.net\/index.php\/wp-json\/wp\/v2\/media\/16206"}],"wp:attachment":[{"href":"https:\/\/memurunsesi.net\/index.php\/wp-json\/wp\/v2\/media?parent=16205"}],"wp:term":[{"taxonomy":"category","embeddable":true,"href":"https:\/\/memurunsesi.net\/index.php\/wp-json\/wp\/v2\/categories?post=16205"},{"taxonomy":"post_tag","embeddable":true,"href":"https:\/\/memurunsesi.net\/index.php\/wp-json\/wp\/v2\/tags?post=16205"}],"curies":[{"name":"wp","href":"https:\/\/api.w.org\/{rel}","templated":true}]}}