{"id":16286,"date":"2026-01-11T11:32:24","date_gmt":"2026-01-11T08:32:24","guid":{"rendered":"https:\/\/memurunsesi.net\/?p=16286"},"modified":"2026-01-11T11:32:24","modified_gmt":"2026-01-11T08:32:24","slug":"agrida-kalp-yetmezligi-olan-5-aylik-bebek-ucak-ambulansla-ankaraya-sevk-edildi","status":"publish","type":"post","link":"https:\/\/memurunsesi.net\/index.php\/2026\/01\/11\/agrida-kalp-yetmezligi-olan-5-aylik-bebek-ucak-ambulansla-ankaraya-sevk-edildi\/","title":{"rendered":"A\u011fr\u0131&#8217;da kalp yetmezli\u011fi olan 5 ayl\u0131k bebek u\u00e7ak ambulansla Ankara&#8217;ya sevk edildi"},"content":{"rendered":"<p>A\u011fr\u0131&#8217;da down sendromu ve kalp hastal\u0131\u011f\u0131 bulunan 5 ayl\u0131k bebek, kalp yetmezli\u011fi geli\u015fmesi \u00fczerine u\u00e7ak ambulansla Ankara Etlik \u015eehir Hastanesi&#8217;ne sevk edildi.<br \/>\nA\u011fr\u0131&#8217;da, down sendromu tan\u0131l\u0131 5 ayl\u0131k H.F., solunum s\u0131k\u0131nt\u0131s\u0131 ve kalp rahats\u0131zl\u0131\u011f\u0131 tan\u0131lar\u0131yla A\u011fr\u0131 E\u011fitim ve Ara\u015ft\u0131rma Hastanesinde tedavi alt\u0131na al\u0131nd\u0131. \u0130zlem s\u00fcrecinde kalp yetmezli\u011fi geli\u015fen bebek i\u00e7in ileri tetkik ve tedavi ihtiyac\u0131 do\u011fmas\u0131 \u00fczerine sevk karar\u0131 al\u0131nd\u0131.<br \/>\nSa\u011fl\u0131k Bakanl\u0131\u011f\u0131&#8217;na ba\u011fl\u0131 u\u00e7ak ambulansla Ankara Etlik \u015eehir Hastanesi&#8217;ne nakledilen bebe\u011fin tedavisine burada devam edilece\u011fi bildirildi.<\/p>\n<p>11.01.2026<\/p>\n","protected":false},"excerpt":{"rendered":"<p>A\u011fr\u0131&#8217;da down sendromu ve kalp hastal\u0131\u011f\u0131 bulunan 5 ayl\u0131k bebek, kalp yetmezli\u011fi geli\u015fmesi \u00fczerine u\u00e7ak ambulansla Ankara Etlik \u015eehir Hastanesi&#8217;ne sevk edildi. A\u011fr\u0131&#8217;da, down sendromu tan\u0131l\u0131 5 ayl\u0131k H.F., solunum s\u0131k\u0131nt\u0131s\u0131 ve kalp rahats\u0131zl\u0131\u011f\u0131 tan\u0131lar\u0131yla A\u011fr\u0131 E\u011fitim ve Ara\u015ft\u0131rma Hastanesinde tedavi alt\u0131na al\u0131nd\u0131. \u0130zlem s\u00fcrecinde kalp yetmezli\u011fi geli\u015fen bebek i\u00e7in ileri tetkik ve tedavi ihtiyac\u0131 [&hellip;]<\/p>\n","protected":false},"author":1,"featured_media":16287,"comment_status":"open","ping_status":"open","sticky":false,"template":"","format":"standard","meta":{"footnotes":""},"categories":[45],"tags":[848],"class_list":["post-16286","post","type-post","status-publish","format-standard","has-post-thumbnail","hentry","category-gundem","tag-ucak-ambulans"],"yoast_head":"<!-- This site is optimized with the Yoast SEO plugin v27.4 - https:\/\/yoast.com\/product\/yoast-seo-wordpress\/ -->\n<title>A\u011fr\u0131&#039;da kalp yetmezli\u011fi olan 5 ayl\u0131k bebek u\u00e7ak ambulansla Ankara&#039;ya sevk edildi - Memurun Sesi<\/title>\n<meta name=\"description\" content=\"A\u011fr\u0131&#039;da kalp yetmezli\u011fi olan 5 ayl\u0131k bebek u\u00e7ak ambulansla Ankara&#039;ya sevk edildi\" \/>\n<meta name=\"robots\" content=\"index, follow, max-snippet:-1, max-image-preview:large, max-video-preview:-1\" \/>\n<link rel=\"canonical\" href=\"https:\/\/memurunsesi.net\/index.php\/2026\/01\/11\/agrida-kalp-yetmezligi-olan-5-aylik-bebek-ucak-ambulansla-ankaraya-sevk-edildi\/\" \/>\n<meta property=\"og:locale\" content=\"tr_TR\" \/>\n<meta property=\"og:type\" content=\"article\" \/>\n<meta property=\"og:title\" content=\"A\u011fr\u0131&#039;da kalp yetmezli\u011fi olan 5 ayl\u0131k bebek u\u00e7ak ambulansla Ankara&#039;ya sevk edildi - Memurun Sesi\" \/>\n<meta property=\"og:description\" content=\"A\u011fr\u0131&#039;da kalp yetmezli\u011fi olan 5 ayl\u0131k bebek u\u00e7ak ambulansla Ankara&#039;ya sevk edildi\" \/>\n<meta property=\"og:url\" content=\"https:\/\/memurunsesi.net\/index.php\/2026\/01\/11\/agrida-kalp-yetmezligi-olan-5-aylik-bebek-ucak-ambulansla-ankaraya-sevk-edildi\/\" \/>\n<meta property=\"og:site_name\" content=\"Memurun Sesi\" \/>\n<meta property=\"article:publisher\" content=\"https:\/\/www.facebook.com\/unipersen\/?locale=tr_TR\" \/>\n<meta property=\"article:published_time\" content=\"2026-01-11T08:32:24+00:00\" \/>\n<meta property=\"og:image\" content=\"https:\/\/memurunsesi.net\/wp-content\/uploads\/2026\/01\/ucak-ambulansla.jpg\" \/>\n\t<meta property=\"og:image:width\" content=\"1600\" \/>\n\t<meta property=\"og:image:height\" content=\"1200\" \/>\n\t<meta property=\"og:image:type\" content=\"image\/jpeg\" \/>\n<meta name=\"author\" content=\"Memurun Sesi Haber Merkezi\" \/>\n<meta name=\"twitter:card\" content=\"summary_large_image\" \/>\n<meta name=\"twitter:creator\" content=\"@unipersen\" \/>\n<meta name=\"twitter:site\" content=\"@unipersen\" \/>\n<meta name=\"twitter:label1\" content=\"Yazan:\" \/>\n\t<meta name=\"twitter:data1\" content=\"Memurun Sesi Haber Merkezi\" \/>\n\t<meta name=\"twitter:label2\" content=\"Tahmini okuma s\u00fcresi\" \/>\n\t<meta name=\"twitter:data2\" content=\"1 dakika\" \/>\n<script type=\"application\/ld+json\" class=\"yoast-schema-graph\">{\"@context\":\"https:\\\/\\\/schema.org\",\"@graph\":[{\"@type\":\"Article\",\"@id\":\"https:\\\/\\\/memurunsesi.net\\\/index.php\\\/2026\\\/01\\\/11\\\/agrida-kalp-yetmezligi-olan-5-aylik-bebek-ucak-ambulansla-ankaraya-sevk-edildi\\\/#article\",\"isPartOf\":{\"@id\":\"https:\\\/\\\/memurunsesi.net\\\/index.php\\\/2026\\\/01\\\/11\\\/agrida-kalp-yetmezligi-olan-5-aylik-bebek-ucak-ambulansla-ankaraya-sevk-edildi\\\/\"},\"author\":{\"name\":\"Memurun Sesi Haber Merkezi\",\"@id\":\"https:\\\/\\\/memurunsesi.net\\\/#\\\/schema\\\/person\\\/f21c2d73b89f6ee1d80b0a1803e38587\"},\"headline\":\"A\u011fr\u0131&#8217;da kalp yetmezli\u011fi olan 5 ayl\u0131k bebek u\u00e7ak ambulansla Ankara&#8217;ya sevk edildi\",\"datePublished\":\"2026-01-11T08:32:24+00:00\",\"mainEntityOfPage\":{\"@id\":\"https:\\\/\\\/memurunsesi.net\\\/index.php\\\/2026\\\/01\\\/11\\\/agrida-kalp-yetmezligi-olan-5-aylik-bebek-ucak-ambulansla-ankaraya-sevk-edildi\\\/\"},\"wordCount\":129,\"commentCount\":0,\"publisher\":{\"@id\":\"https:\\\/\\\/memurunsesi.net\\\/#organization\"},\"image\":{\"@id\":\"https:\\\/\\\/memurunsesi.net\\\/index.php\\\/2026\\\/01\\\/11\\\/agrida-kalp-yetmezligi-olan-5-aylik-bebek-ucak-ambulansla-ankaraya-sevk-edildi\\\/#primaryimage\"},\"thumbnailUrl\":\"https:\\\/\\\/memurunsesi.net\\\/wp-content\\\/uploads\\\/2026\\\/01\\\/ucak-ambulansla.jpg\",\"keywords\":[\"u\u00e7ak ambulans\"],\"articleSection\":[\"G\u00fcndem\"],\"inLanguage\":\"tr\",\"potentialAction\":[{\"@type\":\"CommentAction\",\"name\":\"Comment\",\"target\":[\"https:\\\/\\\/memurunsesi.net\\\/index.php\\\/2026\\\/01\\\/11\\\/agrida-kalp-yetmezligi-olan-5-aylik-bebek-ucak-ambulansla-ankaraya-sevk-edildi\\\/#respond\"]}]},{\"@type\":\"WebPage\",\"@id\":\"https:\\\/\\\/memurunsesi.net\\\/index.php\\\/2026\\\/01\\\/11\\\/agrida-kalp-yetmezligi-olan-5-aylik-bebek-ucak-ambulansla-ankaraya-sevk-edildi\\\/\",\"url\":\"https:\\\/\\\/memurunsesi.net\\\/index.php\\\/2026\\\/01\\\/11\\\/agrida-kalp-yetmezligi-olan-5-aylik-bebek-ucak-ambulansla-ankaraya-sevk-edildi\\\/\",\"name\":\"A\u011fr\u0131'da kalp yetmezli\u011fi olan 5 ayl\u0131k bebek u\u00e7ak ambulansla Ankara'ya sevk edildi - Memurun Sesi\",\"isPartOf\":{\"@id\":\"https:\\\/\\\/memurunsesi.net\\\/#website\"},\"primaryImageOfPage\":{\"@id\":\"https:\\\/\\\/memurunsesi.net\\\/index.php\\\/2026\\\/01\\\/11\\\/agrida-kalp-yetmezligi-olan-5-aylik-bebek-ucak-ambulansla-ankaraya-sevk-edildi\\\/#primaryimage\"},\"image\":{\"@id\":\"https:\\\/\\\/memurunsesi.net\\\/index.php\\\/2026\\\/01\\\/11\\\/agrida-kalp-yetmezligi-olan-5-aylik-bebek-ucak-ambulansla-ankaraya-sevk-edildi\\\/#primaryimage\"},\"thumbnailUrl\":\"https:\\\/\\\/memurunsesi.net\\\/wp-content\\\/uploads\\\/2026\\\/01\\\/ucak-ambulansla.jpg\",\"datePublished\":\"2026-01-11T08:32:24+00:00\",\"description\":\"A\u011fr\u0131'da kalp yetmezli\u011fi olan 5 ayl\u0131k bebek u\u00e7ak ambulansla Ankara'ya sevk edildi\",\"breadcrumb\":{\"@id\":\"https:\\\/\\\/memurunsesi.net\\\/index.php\\\/2026\\\/01\\\/11\\\/agrida-kalp-yetmezligi-olan-5-aylik-bebek-ucak-ambulansla-ankaraya-sevk-edildi\\\/#breadcrumb\"},\"inLanguage\":\"tr\",\"potentialAction\":[{\"@type\":\"ReadAction\",\"target\":[\"https:\\\/\\\/memurunsesi.net\\\/index.php\\\/2026\\\/01\\\/11\\\/agrida-kalp-yetmezligi-olan-5-aylik-bebek-ucak-ambulansla-ankaraya-sevk-edildi\\\/\"]}]},{\"@type\":\"ImageObject\",\"inLanguage\":\"tr\",\"@id\":\"https:\\\/\\\/memurunsesi.net\\\/index.php\\\/2026\\\/01\\\/11\\\/agrida-kalp-yetmezligi-olan-5-aylik-bebek-ucak-ambulansla-ankaraya-sevk-edildi\\\/#primaryimage\",\"url\":\"https:\\\/\\\/memurunsesi.net\\\/wp-content\\\/uploads\\\/2026\\\/01\\\/ucak-ambulansla.jpg\",\"contentUrl\":\"https:\\\/\\\/memurunsesi.net\\\/wp-content\\\/uploads\\\/2026\\\/01\\\/ucak-ambulansla.jpg\",\"width\":1600,\"height\":1200,\"caption\":\"A\u011eRI'DA DOWN SENDROMU VE KALP HASTALI\u011eI BULUNAN 5 AYLIK BEBEK, KALP YETMEZL\u0130\u011e\u0130 GEL\u0130\u015eMES\u0130 \u00dcZER\u0130NE U\u00c7AK AMBULANSLA ANKARA ETL\u0130K \u015eEH\u0130R HASTANES\u0130'NE SEVK ED\u0130LD\u0130 (MERVE G\u00d6KBAKAN\\\/A\u011eRI-\u0130HA) A\u011fr\u0131'da down sendromu ve kalp hastal\u0131\u011f\u0131 bulunan 5 ayl\u0131k bebek, kalp yetmezli\u011fi geli\u015fmesi \u00fczerine u\u00e7ak ambulansla Ankara Etlik \u015eehir Hastanesi'ne sevk edildi.\"},{\"@type\":\"BreadcrumbList\",\"@id\":\"https:\\\/\\\/memurunsesi.net\\\/index.php\\\/2026\\\/01\\\/11\\\/agrida-kalp-yetmezligi-olan-5-aylik-bebek-ucak-ambulansla-ankaraya-sevk-edildi\\\/#breadcrumb\",\"itemListElement\":[{\"@type\":\"ListItem\",\"position\":1,\"name\":\"Anasayfa\",\"item\":\"https:\\\/\\\/memurunsesi.net\\\/\"},{\"@type\":\"ListItem\",\"position\":2,\"name\":\"A\u011fr\u0131&#8217;da kalp yetmezli\u011fi olan 5 ayl\u0131k bebek u\u00e7ak ambulansla Ankara&#8217;ya sevk edildi\"}]},{\"@type\":\"WebSite\",\"@id\":\"https:\\\/\\\/memurunsesi.net\\\/#website\",\"url\":\"https:\\\/\\\/memurunsesi.net\\\/\",\"name\":\"Memurun Sesi\",\"description\":\"G\u00fcncel ve Do\u011fru Haber\",\"publisher\":{\"@id\":\"https:\\\/\\\/memurunsesi.net\\\/#organization\"},\"potentialAction\":[{\"@type\":\"SearchAction\",\"target\":{\"@type\":\"EntryPoint\",\"urlTemplate\":\"https:\\\/\\\/memurunsesi.net\\\/?s={search_term_string}\"},\"query-input\":{\"@type\":\"PropertyValueSpecification\",\"valueRequired\":true,\"valueName\":\"search_term_string\"}}],\"inLanguage\":\"tr\"},{\"@type\":\"Organization\",\"@id\":\"https:\\\/\\\/memurunsesi.net\\\/#organization\",\"name\":\"Memurun Sesi\",\"url\":\"https:\\\/\\\/memurunsesi.net\\\/\",\"logo\":{\"@type\":\"ImageObject\",\"inLanguage\":\"tr\",\"@id\":\"https:\\\/\\\/memurunsesi.net\\\/#\\\/schema\\\/logo\\\/image\\\/\",\"url\":\"https:\\\/\\\/memurunsesi.net\\\/wp-content\\\/uploads\\\/2025\\\/11\\\/cropped-MEMURUN-SESI.png\",\"contentUrl\":\"https:\\\/\\\/memurunsesi.net\\\/wp-content\\\/uploads\\\/2025\\\/11\\\/cropped-MEMURUN-SESI.png\",\"width\":238,\"height\":57,\"caption\":\"Memurun Sesi\"},\"image\":{\"@id\":\"https:\\\/\\\/memurunsesi.net\\\/#\\\/schema\\\/logo\\\/image\\\/\"},\"sameAs\":[\"https:\\\/\\\/www.facebook.com\\\/unipersen\\\/?locale=tr_TR\",\"https:\\\/\\\/x.com\\\/unipersen\"]},{\"@type\":\"Person\",\"@id\":\"https:\\\/\\\/memurunsesi.net\\\/#\\\/schema\\\/person\\\/f21c2d73b89f6ee1d80b0a1803e38587\",\"name\":\"Memurun Sesi Haber Merkezi\",\"image\":{\"@type\":\"ImageObject\",\"inLanguage\":\"tr\",\"@id\":\"https:\\\/\\\/secure.gravatar.com\\\/avatar\\\/6cf0505f452ee753f485014986fab09a434671d2b919ee76fc541025c5876a70?s=96&d=mm&r=g\",\"url\":\"https:\\\/\\\/secure.gravatar.com\\\/avatar\\\/6cf0505f452ee753f485014986fab09a434671d2b919ee76fc541025c5876a70?s=96&d=mm&r=g\",\"contentUrl\":\"https:\\\/\\\/secure.gravatar.com\\\/avatar\\\/6cf0505f452ee753f485014986fab09a434671d2b919ee76fc541025c5876a70?s=96&d=mm&r=g\",\"caption\":\"Memurun Sesi Haber Merkezi\"},\"sameAs\":[\"https:\\\/\\\/memurunsesi.net\"],\"url\":\"https:\\\/\\\/memurunsesi.net\\\/index.php\\\/author\\\/uniper\\\/\"}]}<\/script>\n<!-- \/ Yoast SEO plugin. -->","yoast_head_json":{"title":"A\u011fr\u0131'da kalp yetmezli\u011fi olan 5 ayl\u0131k bebek u\u00e7ak ambulansla Ankara'ya sevk edildi - Memurun Sesi","description":"A\u011fr\u0131'da kalp yetmezli\u011fi olan 5 ayl\u0131k bebek u\u00e7ak ambulansla Ankara'ya sevk edildi","robots":{"index":"index","follow":"follow","max-snippet":"max-snippet:-1","max-image-preview":"max-image-preview:large","max-video-preview":"max-video-preview:-1"},"canonical":"https:\/\/memurunsesi.net\/index.php\/2026\/01\/11\/agrida-kalp-yetmezligi-olan-5-aylik-bebek-ucak-ambulansla-ankaraya-sevk-edildi\/","og_locale":"tr_TR","og_type":"article","og_title":"A\u011fr\u0131'da kalp yetmezli\u011fi olan 5 ayl\u0131k bebek u\u00e7ak ambulansla Ankara'ya sevk edildi - Memurun Sesi","og_description":"A\u011fr\u0131'da kalp yetmezli\u011fi olan 5 ayl\u0131k bebek u\u00e7ak ambulansla Ankara'ya sevk edildi","og_url":"https:\/\/memurunsesi.net\/index.php\/2026\/01\/11\/agrida-kalp-yetmezligi-olan-5-aylik-bebek-ucak-ambulansla-ankaraya-sevk-edildi\/","og_site_name":"Memurun Sesi","article_publisher":"https:\/\/www.facebook.com\/unipersen\/?locale=tr_TR","article_published_time":"2026-01-11T08:32:24+00:00","og_image":[{"width":1600,"height":1200,"url":"https:\/\/memurunsesi.net\/wp-content\/uploads\/2026\/01\/ucak-ambulansla.jpg","type":"image\/jpeg"}],"author":"Memurun Sesi Haber Merkezi","twitter_card":"summary_large_image","twitter_creator":"@unipersen","twitter_site":"@unipersen","twitter_misc":{"Yazan:":"Memurun Sesi Haber Merkezi","Tahmini okuma s\u00fcresi":"1 dakika"},"schema":{"@context":"https:\/\/schema.org","@graph":[{"@type":"Article","@id":"https:\/\/memurunsesi.net\/index.php\/2026\/01\/11\/agrida-kalp-yetmezligi-olan-5-aylik-bebek-ucak-ambulansla-ankaraya-sevk-edildi\/#article","isPartOf":{"@id":"https:\/\/memurunsesi.net\/index.php\/2026\/01\/11\/agrida-kalp-yetmezligi-olan-5-aylik-bebek-ucak-ambulansla-ankaraya-sevk-edildi\/"},"author":{"name":"Memurun Sesi Haber Merkezi","@id":"https:\/\/memurunsesi.net\/#\/schema\/person\/f21c2d73b89f6ee1d80b0a1803e38587"},"headline":"A\u011fr\u0131&#8217;da kalp yetmezli\u011fi olan 5 ayl\u0131k bebek u\u00e7ak ambulansla Ankara&#8217;ya sevk edildi","datePublished":"2026-01-11T08:32:24+00:00","mainEntityOfPage":{"@id":"https:\/\/memurunsesi.net\/index.php\/2026\/01\/11\/agrida-kalp-yetmezligi-olan-5-aylik-bebek-ucak-ambulansla-ankaraya-sevk-edildi\/"},"wordCount":129,"commentCount":0,"publisher":{"@id":"https:\/\/memurunsesi.net\/#organization"},"image":{"@id":"https:\/\/memurunsesi.net\/index.php\/2026\/01\/11\/agrida-kalp-yetmezligi-olan-5-aylik-bebek-ucak-ambulansla-ankaraya-sevk-edildi\/#primaryimage"},"thumbnailUrl":"https:\/\/memurunsesi.net\/wp-content\/uploads\/2026\/01\/ucak-ambulansla.jpg","keywords":["u\u00e7ak ambulans"],"articleSection":["G\u00fcndem"],"inLanguage":"tr","potentialAction":[{"@type":"CommentAction","name":"Comment","target":["https:\/\/memurunsesi.net\/index.php\/2026\/01\/11\/agrida-kalp-yetmezligi-olan-5-aylik-bebek-ucak-ambulansla-ankaraya-sevk-edildi\/#respond"]}]},{"@type":"WebPage","@id":"https:\/\/memurunsesi.net\/index.php\/2026\/01\/11\/agrida-kalp-yetmezligi-olan-5-aylik-bebek-ucak-ambulansla-ankaraya-sevk-edildi\/","url":"https:\/\/memurunsesi.net\/index.php\/2026\/01\/11\/agrida-kalp-yetmezligi-olan-5-aylik-bebek-ucak-ambulansla-ankaraya-sevk-edildi\/","name":"A\u011fr\u0131'da kalp yetmezli\u011fi olan 5 ayl\u0131k bebek u\u00e7ak ambulansla Ankara'ya sevk edildi - Memurun Sesi","isPartOf":{"@id":"https:\/\/memurunsesi.net\/#website"},"primaryImageOfPage":{"@id":"https:\/\/memurunsesi.net\/index.php\/2026\/01\/11\/agrida-kalp-yetmezligi-olan-5-aylik-bebek-ucak-ambulansla-ankaraya-sevk-edildi\/#primaryimage"},"image":{"@id":"https:\/\/memurunsesi.net\/index.php\/2026\/01\/11\/agrida-kalp-yetmezligi-olan-5-aylik-bebek-ucak-ambulansla-ankaraya-sevk-edildi\/#primaryimage"},"thumbnailUrl":"https:\/\/memurunsesi.net\/wp-content\/uploads\/2026\/01\/ucak-ambulansla.jpg","datePublished":"2026-01-11T08:32:24+00:00","description":"A\u011fr\u0131'da kalp yetmezli\u011fi olan 5 ayl\u0131k bebek u\u00e7ak ambulansla Ankara'ya sevk edildi","breadcrumb":{"@id":"https:\/\/memurunsesi.net\/index.php\/2026\/01\/11\/agrida-kalp-yetmezligi-olan-5-aylik-bebek-ucak-ambulansla-ankaraya-sevk-edildi\/#breadcrumb"},"inLanguage":"tr","potentialAction":[{"@type":"ReadAction","target":["https:\/\/memurunsesi.net\/index.php\/2026\/01\/11\/agrida-kalp-yetmezligi-olan-5-aylik-bebek-ucak-ambulansla-ankaraya-sevk-edildi\/"]}]},{"@type":"ImageObject","inLanguage":"tr","@id":"https:\/\/memurunsesi.net\/index.php\/2026\/01\/11\/agrida-kalp-yetmezligi-olan-5-aylik-bebek-ucak-ambulansla-ankaraya-sevk-edildi\/#primaryimage","url":"https:\/\/memurunsesi.net\/wp-content\/uploads\/2026\/01\/ucak-ambulansla.jpg","contentUrl":"https:\/\/memurunsesi.net\/wp-content\/uploads\/2026\/01\/ucak-ambulansla.jpg","width":1600,"height":1200,"caption":"A\u011eRI'DA DOWN SENDROMU VE KALP HASTALI\u011eI BULUNAN 5 AYLIK BEBEK, KALP YETMEZL\u0130\u011e\u0130 GEL\u0130\u015eMES\u0130 \u00dcZER\u0130NE U\u00c7AK AMBULANSLA ANKARA ETL\u0130K \u015eEH\u0130R HASTANES\u0130'NE SEVK ED\u0130LD\u0130 (MERVE G\u00d6KBAKAN\/A\u011eRI-\u0130HA) A\u011fr\u0131'da down sendromu ve kalp hastal\u0131\u011f\u0131 bulunan 5 ayl\u0131k bebek, kalp yetmezli\u011fi geli\u015fmesi \u00fczerine u\u00e7ak ambulansla Ankara Etlik \u015eehir Hastanesi'ne sevk edildi."},{"@type":"BreadcrumbList","@id":"https:\/\/memurunsesi.net\/index.php\/2026\/01\/11\/agrida-kalp-yetmezligi-olan-5-aylik-bebek-ucak-ambulansla-ankaraya-sevk-edildi\/#breadcrumb","itemListElement":[{"@type":"ListItem","position":1,"name":"Anasayfa","item":"https:\/\/memurunsesi.net\/"},{"@type":"ListItem","position":2,"name":"A\u011fr\u0131&#8217;da kalp yetmezli\u011fi olan 5 ayl\u0131k bebek u\u00e7ak ambulansla Ankara&#8217;ya sevk edildi"}]},{"@type":"WebSite","@id":"https:\/\/memurunsesi.net\/#website","url":"https:\/\/memurunsesi.net\/","name":"Memurun Sesi","description":"G\u00fcncel ve Do\u011fru Haber","publisher":{"@id":"https:\/\/memurunsesi.net\/#organization"},"potentialAction":[{"@type":"SearchAction","target":{"@type":"EntryPoint","urlTemplate":"https:\/\/memurunsesi.net\/?s={search_term_string}"},"query-input":{"@type":"PropertyValueSpecification","valueRequired":true,"valueName":"search_term_string"}}],"inLanguage":"tr"},{"@type":"Organization","@id":"https:\/\/memurunsesi.net\/#organization","name":"Memurun Sesi","url":"https:\/\/memurunsesi.net\/","logo":{"@type":"ImageObject","inLanguage":"tr","@id":"https:\/\/memurunsesi.net\/#\/schema\/logo\/image\/","url":"https:\/\/memurunsesi.net\/wp-content\/uploads\/2025\/11\/cropped-MEMURUN-SESI.png","contentUrl":"https:\/\/memurunsesi.net\/wp-content\/uploads\/2025\/11\/cropped-MEMURUN-SESI.png","width":238,"height":57,"caption":"Memurun Sesi"},"image":{"@id":"https:\/\/memurunsesi.net\/#\/schema\/logo\/image\/"},"sameAs":["https:\/\/www.facebook.com\/unipersen\/?locale=tr_TR","https:\/\/x.com\/unipersen"]},{"@type":"Person","@id":"https:\/\/memurunsesi.net\/#\/schema\/person\/f21c2d73b89f6ee1d80b0a1803e38587","name":"Memurun Sesi Haber Merkezi","image":{"@type":"ImageObject","inLanguage":"tr","@id":"https:\/\/secure.gravatar.com\/avatar\/6cf0505f452ee753f485014986fab09a434671d2b919ee76fc541025c5876a70?s=96&d=mm&r=g","url":"https:\/\/secure.gravatar.com\/avatar\/6cf0505f452ee753f485014986fab09a434671d2b919ee76fc541025c5876a70?s=96&d=mm&r=g","contentUrl":"https:\/\/secure.gravatar.com\/avatar\/6cf0505f452ee753f485014986fab09a434671d2b919ee76fc541025c5876a70?s=96&d=mm&r=g","caption":"Memurun Sesi Haber Merkezi"},"sameAs":["https:\/\/memurunsesi.net"],"url":"https:\/\/memurunsesi.net\/index.php\/author\/uniper\/"}]}},"_links":{"self":[{"href":"https:\/\/memurunsesi.net\/index.php\/wp-json\/wp\/v2\/posts\/16286","targetHints":{"allow":["GET"]}}],"collection":[{"href":"https:\/\/memurunsesi.net\/index.php\/wp-json\/wp\/v2\/posts"}],"about":[{"href":"https:\/\/memurunsesi.net\/index.php\/wp-json\/wp\/v2\/types\/post"}],"author":[{"embeddable":true,"href":"https:\/\/memurunsesi.net\/index.php\/wp-json\/wp\/v2\/users\/1"}],"replies":[{"embeddable":true,"href":"https:\/\/memurunsesi.net\/index.php\/wp-json\/wp\/v2\/comments?post=16286"}],"version-history":[{"count":1,"href":"https:\/\/memurunsesi.net\/index.php\/wp-json\/wp\/v2\/posts\/16286\/revisions"}],"predecessor-version":[{"id":16288,"href":"https:\/\/memurunsesi.net\/index.php\/wp-json\/wp\/v2\/posts\/16286\/revisions\/16288"}],"wp:featuredmedia":[{"embeddable":true,"href":"https:\/\/memurunsesi.net\/index.php\/wp-json\/wp\/v2\/media\/16287"}],"wp:attachment":[{"href":"https:\/\/memurunsesi.net\/index.php\/wp-json\/wp\/v2\/media?parent=16286"}],"wp:term":[{"taxonomy":"category","embeddable":true,"href":"https:\/\/memurunsesi.net\/index.php\/wp-json\/wp\/v2\/categories?post=16286"},{"taxonomy":"post_tag","embeddable":true,"href":"https:\/\/memurunsesi.net\/index.php\/wp-json\/wp\/v2\/tags?post=16286"}],"curies":[{"name":"wp","href":"https:\/\/api.w.org\/{rel}","templated":true}]}}