{"id":16289,"date":"2026-01-11T11:35:10","date_gmt":"2026-01-11T08:35:10","guid":{"rendered":"https:\/\/memurunsesi.net\/?p=16289"},"modified":"2026-01-11T11:35:10","modified_gmt":"2026-01-11T08:35:10","slug":"saimbeylide-karla-mucadele-araliksiz-suruyor","status":"publish","type":"post","link":"https:\/\/memurunsesi.net\/index.php\/2026\/01\/11\/saimbeylide-karla-mucadele-araliksiz-suruyor\/","title":{"rendered":"Saimbeyli&#8217;de karla m\u00fccadele aral\u0131ks\u0131z s\u00fcr\u00fcyor"},"content":{"rendered":"<p>Adana&#8217;n\u0131n Saimbeyli il\u00e7esinde etkili olan kar ya\u011f\u0131\u015f\u0131n\u0131n ard\u0131ndan belediye ekipleri karla m\u00fccadele \u00e7al\u0131\u015fmalar\u0131n\u0131 aral\u0131ks\u0131z s\u00fcrd\u00fcr\u00fcyor. \u0130l\u00e7e merkezi genelinde kamu kurumlar\u0131, okul ve hastane \u00f6nleri ile cadde ve sokaklarda tuzlama \u00e7al\u0131\u015fmalar\u0131 titizlikle ger\u00e7ekle\u015ftiriliyor.<br \/>\nBelediye Ba\u015fkan\u0131 Mahmut Dal&#8217;\u0131n liderli\u011finde sahada g\u00f6rev yapan ekipler, kar ya\u011f\u0131\u015f\u0131n\u0131n ba\u015flad\u0131\u011f\u0131 ilk andan itibaren \u00e7al\u0131\u015fmalar\u0131n\u0131 kesintisiz olarak y\u00fcr\u00fct\u00fcyor. Kar ya\u011f\u0131\u015f\u0131 sonras\u0131 hava \u015fartlar\u0131n\u0131n d\u00fczelmesiyle birlikte olu\u015fabilecek buzlanmalara kar\u015f\u0131 ana arterler, cadde ve sokaklarda i\u015f makineleri e\u015fli\u011finde tuzlama \u00e7al\u0131\u015fmalar\u0131na devam ediliyor.<br \/>\nBelediye yetkilileri, \u00f6nceliklerinin vatanda\u015flar\u0131n sa\u011fl\u0131\u011f\u0131, g\u00fcvenli\u011fi ve huzuru oldu\u011funu vurgularken, \u00e7al\u0131\u015fmalar\u0131n h\u0131z kesmeden s\u00fcrece\u011fini belirtti. Vatanda\u015flardan ise bu s\u00fcre\u00e7te daha dikkatli ve tedbirli olmalar\u0131 istendi.<\/p>\n<p>11.01.2026<\/p>\n","protected":false},"excerpt":{"rendered":"<p>Adana&#8217;n\u0131n Saimbeyli il\u00e7esinde etkili olan kar ya\u011f\u0131\u015f\u0131n\u0131n ard\u0131ndan belediye ekipleri karla m\u00fccadele \u00e7al\u0131\u015fmalar\u0131n\u0131 aral\u0131ks\u0131z s\u00fcrd\u00fcr\u00fcyor. \u0130l\u00e7e merkezi genelinde kamu kurumlar\u0131, okul ve hastane \u00f6nleri ile cadde ve sokaklarda tuzlama \u00e7al\u0131\u015fmalar\u0131 titizlikle ger\u00e7ekle\u015ftiriliyor. Belediye Ba\u015fkan\u0131 Mahmut Dal&#8217;\u0131n liderli\u011finde sahada g\u00f6rev yapan ekipler, kar ya\u011f\u0131\u015f\u0131n\u0131n ba\u015flad\u0131\u011f\u0131 ilk andan itibaren \u00e7al\u0131\u015fmalar\u0131n\u0131 kesintisiz olarak y\u00fcr\u00fct\u00fcyor. Kar ya\u011f\u0131\u015f\u0131 sonras\u0131 hava [&hellip;]<\/p>\n","protected":false},"author":1,"featured_media":16290,"comment_status":"open","ping_status":"open","sticky":false,"template":"","format":"standard","meta":{"footnotes":""},"categories":[1],"tags":[849],"class_list":["post-16289","post","type-post","status-publish","format-standard","has-post-thumbnail","hentry","category-genel","tag-karla-mucadele"],"yoast_head":"<!-- This site is optimized with the Yoast SEO plugin v27.4 - https:\/\/yoast.com\/product\/yoast-seo-wordpress\/ -->\n<title>Saimbeyli&#039;de karla m\u00fccadele aral\u0131ks\u0131z s\u00fcr\u00fcyor - Memurun Sesi<\/title>\n<meta name=\"description\" content=\"Saimbeyli&#039;de karla m\u00fccadele aral\u0131ks\u0131z s\u00fcr\u00fcyor\" \/>\n<meta name=\"robots\" content=\"index, follow, max-snippet:-1, max-image-preview:large, max-video-preview:-1\" \/>\n<link rel=\"canonical\" href=\"https:\/\/memurunsesi.net\/index.php\/2026\/01\/11\/saimbeylide-karla-mucadele-araliksiz-suruyor\/\" \/>\n<meta property=\"og:locale\" content=\"tr_TR\" \/>\n<meta property=\"og:type\" content=\"article\" \/>\n<meta property=\"og:title\" content=\"Saimbeyli&#039;de karla m\u00fccadele aral\u0131ks\u0131z s\u00fcr\u00fcyor - Memurun Sesi\" \/>\n<meta property=\"og:description\" content=\"Saimbeyli&#039;de karla m\u00fccadele aral\u0131ks\u0131z s\u00fcr\u00fcyor\" \/>\n<meta property=\"og:url\" content=\"https:\/\/memurunsesi.net\/index.php\/2026\/01\/11\/saimbeylide-karla-mucadele-araliksiz-suruyor\/\" \/>\n<meta property=\"og:site_name\" content=\"Memurun Sesi\" \/>\n<meta property=\"article:publisher\" content=\"https:\/\/www.facebook.com\/unipersen\/?locale=tr_TR\" \/>\n<meta property=\"article:published_time\" content=\"2026-01-11T08:35:10+00:00\" \/>\n<meta property=\"og:image\" content=\"https:\/\/memurunsesi.net\/wp-content\/uploads\/2026\/01\/karla-mucadele.jpg\" \/>\n\t<meta property=\"og:image:width\" content=\"758\" \/>\n\t<meta property=\"og:image:height\" content=\"1010\" \/>\n\t<meta property=\"og:image:type\" content=\"image\/jpeg\" \/>\n<meta name=\"author\" content=\"Memurun Sesi Haber Merkezi\" \/>\n<meta name=\"twitter:card\" content=\"summary_large_image\" \/>\n<meta name=\"twitter:creator\" content=\"@unipersen\" \/>\n<meta name=\"twitter:site\" content=\"@unipersen\" \/>\n<meta name=\"twitter:label1\" content=\"Yazan:\" \/>\n\t<meta name=\"twitter:data1\" content=\"Memurun Sesi Haber Merkezi\" \/>\n\t<meta name=\"twitter:label2\" content=\"Tahmini okuma s\u00fcresi\" \/>\n\t<meta name=\"twitter:data2\" content=\"1 dakika\" \/>\n<script type=\"application\/ld+json\" class=\"yoast-schema-graph\">{\"@context\":\"https:\\\/\\\/schema.org\",\"@graph\":[{\"@type\":\"Article\",\"@id\":\"https:\\\/\\\/memurunsesi.net\\\/index.php\\\/2026\\\/01\\\/11\\\/saimbeylide-karla-mucadele-araliksiz-suruyor\\\/#article\",\"isPartOf\":{\"@id\":\"https:\\\/\\\/memurunsesi.net\\\/index.php\\\/2026\\\/01\\\/11\\\/saimbeylide-karla-mucadele-araliksiz-suruyor\\\/\"},\"author\":{\"name\":\"Memurun Sesi Haber Merkezi\",\"@id\":\"https:\\\/\\\/memurunsesi.net\\\/#\\\/schema\\\/person\\\/f21c2d73b89f6ee1d80b0a1803e38587\"},\"headline\":\"Saimbeyli&#8217;de karla m\u00fccadele aral\u0131ks\u0131z s\u00fcr\u00fcyor\",\"datePublished\":\"2026-01-11T08:35:10+00:00\",\"mainEntityOfPage\":{\"@id\":\"https:\\\/\\\/memurunsesi.net\\\/index.php\\\/2026\\\/01\\\/11\\\/saimbeylide-karla-mucadele-araliksiz-suruyor\\\/\"},\"wordCount\":161,\"commentCount\":0,\"publisher\":{\"@id\":\"https:\\\/\\\/memurunsesi.net\\\/#organization\"},\"image\":{\"@id\":\"https:\\\/\\\/memurunsesi.net\\\/index.php\\\/2026\\\/01\\\/11\\\/saimbeylide-karla-mucadele-araliksiz-suruyor\\\/#primaryimage\"},\"thumbnailUrl\":\"https:\\\/\\\/memurunsesi.net\\\/wp-content\\\/uploads\\\/2026\\\/01\\\/karla-mucadele.jpg\",\"keywords\":[\"karla m\u00fccadele\"],\"inLanguage\":\"tr\",\"potentialAction\":[{\"@type\":\"CommentAction\",\"name\":\"Comment\",\"target\":[\"https:\\\/\\\/memurunsesi.net\\\/index.php\\\/2026\\\/01\\\/11\\\/saimbeylide-karla-mucadele-araliksiz-suruyor\\\/#respond\"]}]},{\"@type\":\"WebPage\",\"@id\":\"https:\\\/\\\/memurunsesi.net\\\/index.php\\\/2026\\\/01\\\/11\\\/saimbeylide-karla-mucadele-araliksiz-suruyor\\\/\",\"url\":\"https:\\\/\\\/memurunsesi.net\\\/index.php\\\/2026\\\/01\\\/11\\\/saimbeylide-karla-mucadele-araliksiz-suruyor\\\/\",\"name\":\"Saimbeyli'de karla m\u00fccadele aral\u0131ks\u0131z s\u00fcr\u00fcyor - Memurun Sesi\",\"isPartOf\":{\"@id\":\"https:\\\/\\\/memurunsesi.net\\\/#website\"},\"primaryImageOfPage\":{\"@id\":\"https:\\\/\\\/memurunsesi.net\\\/index.php\\\/2026\\\/01\\\/11\\\/saimbeylide-karla-mucadele-araliksiz-suruyor\\\/#primaryimage\"},\"image\":{\"@id\":\"https:\\\/\\\/memurunsesi.net\\\/index.php\\\/2026\\\/01\\\/11\\\/saimbeylide-karla-mucadele-araliksiz-suruyor\\\/#primaryimage\"},\"thumbnailUrl\":\"https:\\\/\\\/memurunsesi.net\\\/wp-content\\\/uploads\\\/2026\\\/01\\\/karla-mucadele.jpg\",\"datePublished\":\"2026-01-11T08:35:10+00:00\",\"description\":\"Saimbeyli'de karla m\u00fccadele aral\u0131ks\u0131z s\u00fcr\u00fcyor\",\"breadcrumb\":{\"@id\":\"https:\\\/\\\/memurunsesi.net\\\/index.php\\\/2026\\\/01\\\/11\\\/saimbeylide-karla-mucadele-araliksiz-suruyor\\\/#breadcrumb\"},\"inLanguage\":\"tr\",\"potentialAction\":[{\"@type\":\"ReadAction\",\"target\":[\"https:\\\/\\\/memurunsesi.net\\\/index.php\\\/2026\\\/01\\\/11\\\/saimbeylide-karla-mucadele-araliksiz-suruyor\\\/\"]}]},{\"@type\":\"ImageObject\",\"inLanguage\":\"tr\",\"@id\":\"https:\\\/\\\/memurunsesi.net\\\/index.php\\\/2026\\\/01\\\/11\\\/saimbeylide-karla-mucadele-araliksiz-suruyor\\\/#primaryimage\",\"url\":\"https:\\\/\\\/memurunsesi.net\\\/wp-content\\\/uploads\\\/2026\\\/01\\\/karla-mucadele.jpg\",\"contentUrl\":\"https:\\\/\\\/memurunsesi.net\\\/wp-content\\\/uploads\\\/2026\\\/01\\\/karla-mucadele.jpg\",\"width\":758,\"height\":1010,\"caption\":\"ADANA'NIN SA\u0130MBEYL\u0130 \u0130L\u00c7ES\u0130NDE ETK\u0130L\u0130 OLAN KAR YA\u011eI\u015eININ ARDINDAN BELED\u0130YE EK\u0130PLER\u0130 KARLA M\u00dcCADELE \u00c7ALI\u015eMALARINI ARALIKSIZ S\u00dcRD\u00dcR\u00dcYOR. \u0130L\u00c7E MERKEZ\u0130 GENEL\u0130NDE KAMU KURUMLARI, OKUL VE HASTANE \u00d6NLER\u0130 \u0130LE CADDE VE SOKAKLARDA TUZLAMA \u00c7ALI\u015eMALARI T\u0130T\u0130ZL\u0130KLE GER\u00c7EKLE\u015eT\u0130R\u0130L\u0130YOR. (BER\u0130L SOLMU\u015eG\u00dcL\\\/ADANA-\u0130HA) Adana'n\u0131n Saimbeyli il\u00e7esinde etkili olan kar ya\u011f\u0131\u015f\u0131n\u0131n ard\u0131ndan belediye ekipleri karla m\u00fccadele \u00e7al\u0131\u015fmalar\u0131n\u0131 aral\u0131ks\u0131z s\u00fcrd\u00fcr\u00fcyor. \u0130l\u00e7e merkezi genelinde kamu kurumlar\u0131, okul ve hastane \u00f6nleri ile cadde ve sokaklarda tuzlama \u00e7al\u0131\u015fmalar\u0131 titizlikle ger\u00e7ekle\u015ftiriliyor.\"},{\"@type\":\"BreadcrumbList\",\"@id\":\"https:\\\/\\\/memurunsesi.net\\\/index.php\\\/2026\\\/01\\\/11\\\/saimbeylide-karla-mucadele-araliksiz-suruyor\\\/#breadcrumb\",\"itemListElement\":[{\"@type\":\"ListItem\",\"position\":1,\"name\":\"Anasayfa\",\"item\":\"https:\\\/\\\/memurunsesi.net\\\/\"},{\"@type\":\"ListItem\",\"position\":2,\"name\":\"Saimbeyli&#8217;de karla m\u00fccadele aral\u0131ks\u0131z s\u00fcr\u00fcyor\"}]},{\"@type\":\"WebSite\",\"@id\":\"https:\\\/\\\/memurunsesi.net\\\/#website\",\"url\":\"https:\\\/\\\/memurunsesi.net\\\/\",\"name\":\"Memurun Sesi\",\"description\":\"G\u00fcncel ve Do\u011fru Haber\",\"publisher\":{\"@id\":\"https:\\\/\\\/memurunsesi.net\\\/#organization\"},\"potentialAction\":[{\"@type\":\"SearchAction\",\"target\":{\"@type\":\"EntryPoint\",\"urlTemplate\":\"https:\\\/\\\/memurunsesi.net\\\/?s={search_term_string}\"},\"query-input\":{\"@type\":\"PropertyValueSpecification\",\"valueRequired\":true,\"valueName\":\"search_term_string\"}}],\"inLanguage\":\"tr\"},{\"@type\":\"Organization\",\"@id\":\"https:\\\/\\\/memurunsesi.net\\\/#organization\",\"name\":\"Memurun Sesi\",\"url\":\"https:\\\/\\\/memurunsesi.net\\\/\",\"logo\":{\"@type\":\"ImageObject\",\"inLanguage\":\"tr\",\"@id\":\"https:\\\/\\\/memurunsesi.net\\\/#\\\/schema\\\/logo\\\/image\\\/\",\"url\":\"https:\\\/\\\/memurunsesi.net\\\/wp-content\\\/uploads\\\/2025\\\/11\\\/cropped-MEMURUN-SESI.png\",\"contentUrl\":\"https:\\\/\\\/memurunsesi.net\\\/wp-content\\\/uploads\\\/2025\\\/11\\\/cropped-MEMURUN-SESI.png\",\"width\":238,\"height\":57,\"caption\":\"Memurun Sesi\"},\"image\":{\"@id\":\"https:\\\/\\\/memurunsesi.net\\\/#\\\/schema\\\/logo\\\/image\\\/\"},\"sameAs\":[\"https:\\\/\\\/www.facebook.com\\\/unipersen\\\/?locale=tr_TR\",\"https:\\\/\\\/x.com\\\/unipersen\"]},{\"@type\":\"Person\",\"@id\":\"https:\\\/\\\/memurunsesi.net\\\/#\\\/schema\\\/person\\\/f21c2d73b89f6ee1d80b0a1803e38587\",\"name\":\"Memurun Sesi Haber Merkezi\",\"image\":{\"@type\":\"ImageObject\",\"inLanguage\":\"tr\",\"@id\":\"https:\\\/\\\/secure.gravatar.com\\\/avatar\\\/6cf0505f452ee753f485014986fab09a434671d2b919ee76fc541025c5876a70?s=96&d=mm&r=g\",\"url\":\"https:\\\/\\\/secure.gravatar.com\\\/avatar\\\/6cf0505f452ee753f485014986fab09a434671d2b919ee76fc541025c5876a70?s=96&d=mm&r=g\",\"contentUrl\":\"https:\\\/\\\/secure.gravatar.com\\\/avatar\\\/6cf0505f452ee753f485014986fab09a434671d2b919ee76fc541025c5876a70?s=96&d=mm&r=g\",\"caption\":\"Memurun Sesi Haber Merkezi\"},\"sameAs\":[\"https:\\\/\\\/memurunsesi.net\"],\"url\":\"https:\\\/\\\/memurunsesi.net\\\/index.php\\\/author\\\/uniper\\\/\"}]}<\/script>\n<!-- \/ Yoast SEO plugin. -->","yoast_head_json":{"title":"Saimbeyli'de karla m\u00fccadele aral\u0131ks\u0131z s\u00fcr\u00fcyor - Memurun Sesi","description":"Saimbeyli'de karla m\u00fccadele aral\u0131ks\u0131z s\u00fcr\u00fcyor","robots":{"index":"index","follow":"follow","max-snippet":"max-snippet:-1","max-image-preview":"max-image-preview:large","max-video-preview":"max-video-preview:-1"},"canonical":"https:\/\/memurunsesi.net\/index.php\/2026\/01\/11\/saimbeylide-karla-mucadele-araliksiz-suruyor\/","og_locale":"tr_TR","og_type":"article","og_title":"Saimbeyli'de karla m\u00fccadele aral\u0131ks\u0131z s\u00fcr\u00fcyor - Memurun Sesi","og_description":"Saimbeyli'de karla m\u00fccadele aral\u0131ks\u0131z s\u00fcr\u00fcyor","og_url":"https:\/\/memurunsesi.net\/index.php\/2026\/01\/11\/saimbeylide-karla-mucadele-araliksiz-suruyor\/","og_site_name":"Memurun Sesi","article_publisher":"https:\/\/www.facebook.com\/unipersen\/?locale=tr_TR","article_published_time":"2026-01-11T08:35:10+00:00","og_image":[{"width":758,"height":1010,"url":"https:\/\/memurunsesi.net\/wp-content\/uploads\/2026\/01\/karla-mucadele.jpg","type":"image\/jpeg"}],"author":"Memurun Sesi Haber Merkezi","twitter_card":"summary_large_image","twitter_creator":"@unipersen","twitter_site":"@unipersen","twitter_misc":{"Yazan:":"Memurun Sesi Haber Merkezi","Tahmini okuma s\u00fcresi":"1 dakika"},"schema":{"@context":"https:\/\/schema.org","@graph":[{"@type":"Article","@id":"https:\/\/memurunsesi.net\/index.php\/2026\/01\/11\/saimbeylide-karla-mucadele-araliksiz-suruyor\/#article","isPartOf":{"@id":"https:\/\/memurunsesi.net\/index.php\/2026\/01\/11\/saimbeylide-karla-mucadele-araliksiz-suruyor\/"},"author":{"name":"Memurun Sesi Haber Merkezi","@id":"https:\/\/memurunsesi.net\/#\/schema\/person\/f21c2d73b89f6ee1d80b0a1803e38587"},"headline":"Saimbeyli&#8217;de karla m\u00fccadele aral\u0131ks\u0131z s\u00fcr\u00fcyor","datePublished":"2026-01-11T08:35:10+00:00","mainEntityOfPage":{"@id":"https:\/\/memurunsesi.net\/index.php\/2026\/01\/11\/saimbeylide-karla-mucadele-araliksiz-suruyor\/"},"wordCount":161,"commentCount":0,"publisher":{"@id":"https:\/\/memurunsesi.net\/#organization"},"image":{"@id":"https:\/\/memurunsesi.net\/index.php\/2026\/01\/11\/saimbeylide-karla-mucadele-araliksiz-suruyor\/#primaryimage"},"thumbnailUrl":"https:\/\/memurunsesi.net\/wp-content\/uploads\/2026\/01\/karla-mucadele.jpg","keywords":["karla m\u00fccadele"],"inLanguage":"tr","potentialAction":[{"@type":"CommentAction","name":"Comment","target":["https:\/\/memurunsesi.net\/index.php\/2026\/01\/11\/saimbeylide-karla-mucadele-araliksiz-suruyor\/#respond"]}]},{"@type":"WebPage","@id":"https:\/\/memurunsesi.net\/index.php\/2026\/01\/11\/saimbeylide-karla-mucadele-araliksiz-suruyor\/","url":"https:\/\/memurunsesi.net\/index.php\/2026\/01\/11\/saimbeylide-karla-mucadele-araliksiz-suruyor\/","name":"Saimbeyli'de karla m\u00fccadele aral\u0131ks\u0131z s\u00fcr\u00fcyor - Memurun Sesi","isPartOf":{"@id":"https:\/\/memurunsesi.net\/#website"},"primaryImageOfPage":{"@id":"https:\/\/memurunsesi.net\/index.php\/2026\/01\/11\/saimbeylide-karla-mucadele-araliksiz-suruyor\/#primaryimage"},"image":{"@id":"https:\/\/memurunsesi.net\/index.php\/2026\/01\/11\/saimbeylide-karla-mucadele-araliksiz-suruyor\/#primaryimage"},"thumbnailUrl":"https:\/\/memurunsesi.net\/wp-content\/uploads\/2026\/01\/karla-mucadele.jpg","datePublished":"2026-01-11T08:35:10+00:00","description":"Saimbeyli'de karla m\u00fccadele aral\u0131ks\u0131z s\u00fcr\u00fcyor","breadcrumb":{"@id":"https:\/\/memurunsesi.net\/index.php\/2026\/01\/11\/saimbeylide-karla-mucadele-araliksiz-suruyor\/#breadcrumb"},"inLanguage":"tr","potentialAction":[{"@type":"ReadAction","target":["https:\/\/memurunsesi.net\/index.php\/2026\/01\/11\/saimbeylide-karla-mucadele-araliksiz-suruyor\/"]}]},{"@type":"ImageObject","inLanguage":"tr","@id":"https:\/\/memurunsesi.net\/index.php\/2026\/01\/11\/saimbeylide-karla-mucadele-araliksiz-suruyor\/#primaryimage","url":"https:\/\/memurunsesi.net\/wp-content\/uploads\/2026\/01\/karla-mucadele.jpg","contentUrl":"https:\/\/memurunsesi.net\/wp-content\/uploads\/2026\/01\/karla-mucadele.jpg","width":758,"height":1010,"caption":"ADANA'NIN SA\u0130MBEYL\u0130 \u0130L\u00c7ES\u0130NDE ETK\u0130L\u0130 OLAN KAR YA\u011eI\u015eININ ARDINDAN BELED\u0130YE EK\u0130PLER\u0130 KARLA M\u00dcCADELE \u00c7ALI\u015eMALARINI ARALIKSIZ S\u00dcRD\u00dcR\u00dcYOR. \u0130L\u00c7E MERKEZ\u0130 GENEL\u0130NDE KAMU KURUMLARI, OKUL VE HASTANE \u00d6NLER\u0130 \u0130LE CADDE VE SOKAKLARDA TUZLAMA \u00c7ALI\u015eMALARI T\u0130T\u0130ZL\u0130KLE GER\u00c7EKLE\u015eT\u0130R\u0130L\u0130YOR. (BER\u0130L SOLMU\u015eG\u00dcL\/ADANA-\u0130HA) Adana'n\u0131n Saimbeyli il\u00e7esinde etkili olan kar ya\u011f\u0131\u015f\u0131n\u0131n ard\u0131ndan belediye ekipleri karla m\u00fccadele \u00e7al\u0131\u015fmalar\u0131n\u0131 aral\u0131ks\u0131z s\u00fcrd\u00fcr\u00fcyor. \u0130l\u00e7e merkezi genelinde kamu kurumlar\u0131, okul ve hastane \u00f6nleri ile cadde ve sokaklarda tuzlama \u00e7al\u0131\u015fmalar\u0131 titizlikle ger\u00e7ekle\u015ftiriliyor."},{"@type":"BreadcrumbList","@id":"https:\/\/memurunsesi.net\/index.php\/2026\/01\/11\/saimbeylide-karla-mucadele-araliksiz-suruyor\/#breadcrumb","itemListElement":[{"@type":"ListItem","position":1,"name":"Anasayfa","item":"https:\/\/memurunsesi.net\/"},{"@type":"ListItem","position":2,"name":"Saimbeyli&#8217;de karla m\u00fccadele aral\u0131ks\u0131z s\u00fcr\u00fcyor"}]},{"@type":"WebSite","@id":"https:\/\/memurunsesi.net\/#website","url":"https:\/\/memurunsesi.net\/","name":"Memurun Sesi","description":"G\u00fcncel ve Do\u011fru Haber","publisher":{"@id":"https:\/\/memurunsesi.net\/#organization"},"potentialAction":[{"@type":"SearchAction","target":{"@type":"EntryPoint","urlTemplate":"https:\/\/memurunsesi.net\/?s={search_term_string}"},"query-input":{"@type":"PropertyValueSpecification","valueRequired":true,"valueName":"search_term_string"}}],"inLanguage":"tr"},{"@type":"Organization","@id":"https:\/\/memurunsesi.net\/#organization","name":"Memurun Sesi","url":"https:\/\/memurunsesi.net\/","logo":{"@type":"ImageObject","inLanguage":"tr","@id":"https:\/\/memurunsesi.net\/#\/schema\/logo\/image\/","url":"https:\/\/memurunsesi.net\/wp-content\/uploads\/2025\/11\/cropped-MEMURUN-SESI.png","contentUrl":"https:\/\/memurunsesi.net\/wp-content\/uploads\/2025\/11\/cropped-MEMURUN-SESI.png","width":238,"height":57,"caption":"Memurun Sesi"},"image":{"@id":"https:\/\/memurunsesi.net\/#\/schema\/logo\/image\/"},"sameAs":["https:\/\/www.facebook.com\/unipersen\/?locale=tr_TR","https:\/\/x.com\/unipersen"]},{"@type":"Person","@id":"https:\/\/memurunsesi.net\/#\/schema\/person\/f21c2d73b89f6ee1d80b0a1803e38587","name":"Memurun Sesi Haber Merkezi","image":{"@type":"ImageObject","inLanguage":"tr","@id":"https:\/\/secure.gravatar.com\/avatar\/6cf0505f452ee753f485014986fab09a434671d2b919ee76fc541025c5876a70?s=96&d=mm&r=g","url":"https:\/\/secure.gravatar.com\/avatar\/6cf0505f452ee753f485014986fab09a434671d2b919ee76fc541025c5876a70?s=96&d=mm&r=g","contentUrl":"https:\/\/secure.gravatar.com\/avatar\/6cf0505f452ee753f485014986fab09a434671d2b919ee76fc541025c5876a70?s=96&d=mm&r=g","caption":"Memurun Sesi Haber Merkezi"},"sameAs":["https:\/\/memurunsesi.net"],"url":"https:\/\/memurunsesi.net\/index.php\/author\/uniper\/"}]}},"_links":{"self":[{"href":"https:\/\/memurunsesi.net\/index.php\/wp-json\/wp\/v2\/posts\/16289","targetHints":{"allow":["GET"]}}],"collection":[{"href":"https:\/\/memurunsesi.net\/index.php\/wp-json\/wp\/v2\/posts"}],"about":[{"href":"https:\/\/memurunsesi.net\/index.php\/wp-json\/wp\/v2\/types\/post"}],"author":[{"embeddable":true,"href":"https:\/\/memurunsesi.net\/index.php\/wp-json\/wp\/v2\/users\/1"}],"replies":[{"embeddable":true,"href":"https:\/\/memurunsesi.net\/index.php\/wp-json\/wp\/v2\/comments?post=16289"}],"version-history":[{"count":1,"href":"https:\/\/memurunsesi.net\/index.php\/wp-json\/wp\/v2\/posts\/16289\/revisions"}],"predecessor-version":[{"id":16291,"href":"https:\/\/memurunsesi.net\/index.php\/wp-json\/wp\/v2\/posts\/16289\/revisions\/16291"}],"wp:featuredmedia":[{"embeddable":true,"href":"https:\/\/memurunsesi.net\/index.php\/wp-json\/wp\/v2\/media\/16290"}],"wp:attachment":[{"href":"https:\/\/memurunsesi.net\/index.php\/wp-json\/wp\/v2\/media?parent=16289"}],"wp:term":[{"taxonomy":"category","embeddable":true,"href":"https:\/\/memurunsesi.net\/index.php\/wp-json\/wp\/v2\/categories?post=16289"},{"taxonomy":"post_tag","embeddable":true,"href":"https:\/\/memurunsesi.net\/index.php\/wp-json\/wp\/v2\/tags?post=16289"}],"curies":[{"name":"wp","href":"https:\/\/api.w.org\/{rel}","templated":true}]}}