{"id":16292,"date":"2026-01-11T11:37:04","date_gmt":"2026-01-11T08:37:04","guid":{"rendered":"https:\/\/memurunsesi.net\/?p=16292"},"modified":"2026-01-11T11:37:04","modified_gmt":"2026-01-11T08:37:04","slug":"toprak-razgatlioglu-2027-motogpde-her-sey-farkli-olacak","status":"publish","type":"post","link":"https:\/\/memurunsesi.net\/index.php\/2026\/01\/11\/toprak-razgatlioglu-2027-motogpde-her-sey-farkli-olacak\/","title":{"rendered":"Toprak Razgatl\u0131o\u011flu: &#8220;2027 MotoGP&#8217;de her \u015fey farkl\u0131 olacak&#8221;"},"content":{"rendered":"<p>D\u00fcnya Superbike \u015fampiyonu milli motosiklet\u00e7i Toprak Razgatl\u0131o\u011flu, MotoGP&#8217;deki ilk senesinin \u00f6\u011frenmeyle ge\u00e7ece\u011fini belirterek, &#8220;2027&#8217;de her \u015fey tamamen farkl\u0131 olacak diye d\u00fc\u015f\u00fcn\u00fcyorum&#8221; dedi.<br \/>\nD\u00fcnya Superbike \u015eampiyonas\u0131&#8217;nda (WSBK) 3. kez \u015fampiyonlu\u011fa ula\u015fan milli motosiklet\u00e7i Toprak Razgatl\u0131o\u011flu, Beta Enerji ve Teknoloji Kamp\u00fcs\u00fc&#8217;nde d\u00fczenlenen t\u00f6renle sponsorluk anla\u015fmas\u0131 imzalad\u0131. Bu y\u0131l MotoGP D\u00fcnya \u015eampiyonas\u0131&#8217;nda m\u00fccadele edecek Razgatl\u0131o\u011flu, \u0130hlas Haber Ajans\u0131&#8217;na (\u0130HA) muhabirine a\u00e7\u0131klamalarda bulundu.<\/p>\n<p>&#8220;2027 tamamen farkl\u0131 olacak&#8221;<br \/>\nMotoGP&#8217;de yar\u0131\u015facak ilk T\u00fcrk olmaktan dolay\u0131 mutlulu\u011funu dile getiren Toprak Razgatl\u0131o\u011flu, &#8220;Zorlu bir s\u00fcre\u00e7. MotoGP bamba\u015fka bir yer. \u0130lk senemiz tamamen \u00f6\u011frenme y\u0131l\u0131 olarak ge\u00e7ecek ancak 2027&#8217;de her \u015fey tamamen farkl\u0131 olacak diye d\u00fc\u015f\u00fcn\u00fcyorum&#8221; ifadelerini kulland\u0131.<\/p>\n<p>&#8220;Malezya&#8217;da 6 g\u00fcnl\u00fck bir test olacak&#8221;<br \/>\nMotoGP sezonunun ba\u015flamas\u0131na az kald\u0131\u011f\u0131n\u0131 ve Malezya&#8217;da testlere ba\u015flayaca\u011f\u0131n\u0131 anlatan Razgatl\u0131o\u011flu, &#8220;\u015eu an T\u00fcrkiye&#8217;de testlerimizi yapabildi\u011fimiz kadar yap\u0131yoruz. Malezya&#8217;daki testi bekliyoruz. 6 g\u00fcnl\u00fck bir test olacak. Orada motosiklete daha \u00e7ok al\u0131\u015fmaya \u00e7al\u0131\u015faca\u011f\u0131z. Motosikletin \u00fczerinde ne kadar vakit ge\u00e7irirsek o kadar \u00e7ok al\u0131\u015f\u0131r\u0131z. Sezon ba\u015flamadan \u00f6nce ne kadar \u00e7ok yol katedebilirsek o kadar iyi olacak&#8221; diye konu\u015ftu.<\/p>\n<p>&#8220;2027&#8217;de bir \u015fampiyonluk daha g\u00f6rebiliriz&#8221;<br \/>\nMotoGP&#8217;de lastiklerin farkl\u0131 oldu\u011funu ve buna al\u0131\u015fmak i\u00e7inde \u00e7aba sarf etti\u011fini belirten milli motosiklet\u00e7i, &#8220;MotoGP&#8217;de farkl\u0131 marka lastik kullan\u0131l\u0131yor. Superbike&#8217;de Pirelli marka lastikle yar\u0131\u015ft\u0131m ve lasti\u011fi \u00e7ok iyi bildi\u011fim, lastik fark\u0131n\u0131 hissetti\u011fim i\u00e7in o lastik bizim i\u00e7in daha iyi olacak. Bu sene MotoGP&#8217;deki lasti\u011fe al\u0131\u015fma s\u00fcrecimiz olacak, \u00e7\u00fcnk\u00fc \u00e7ok farkl\u0131. Ancak 2027&#8217;de \u00e7ok daha farkl\u0131 olacak. \u0130n\u015fallah 2027&#8217;de bir \u015fampiyonluk daha g\u00f6rebiliriz. Bu en b\u00fcy\u00fck hayalimiz&#8221; ifadelerini kulland\u0131.<\/p>\n<p>11.01.2026<\/p>\n","protected":false},"excerpt":{"rendered":"<p>D\u00fcnya Superbike \u015fampiyonu milli motosiklet\u00e7i Toprak Razgatl\u0131o\u011flu, MotoGP&#8217;deki ilk senesinin \u00f6\u011frenmeyle ge\u00e7ece\u011fini belirterek, &#8220;2027&#8217;de her \u015fey tamamen farkl\u0131 olacak diye d\u00fc\u015f\u00fcn\u00fcyorum&#8221; dedi. D\u00fcnya Superbike \u015eampiyonas\u0131&#8217;nda (WSBK) 3. kez \u015fampiyonlu\u011fa ula\u015fan milli motosiklet\u00e7i Toprak Razgatl\u0131o\u011flu, Beta Enerji ve Teknoloji Kamp\u00fcs\u00fc&#8217;nde d\u00fczenlenen t\u00f6renle sponsorluk anla\u015fmas\u0131 imzalad\u0131. Bu y\u0131l MotoGP D\u00fcnya \u015eampiyonas\u0131&#8217;nda m\u00fccadele edecek Razgatl\u0131o\u011flu, \u0130hlas Haber Ajans\u0131&#8217;na [&hellip;]<\/p>\n","protected":false},"author":1,"featured_media":16293,"comment_status":"open","ping_status":"open","sticky":false,"template":"","format":"standard","meta":{"footnotes":""},"categories":[57],"tags":[],"class_list":["post-16292","post","type-post","status-publish","format-standard","has-post-thumbnail","hentry","category-spor"],"yoast_head":"<!-- This site is optimized with the Yoast SEO plugin v27.4 - https:\/\/yoast.com\/product\/yoast-seo-wordpress\/ -->\n<title>Toprak Razgatl\u0131o\u011flu: &quot;2027 MotoGP&#039;de her \u015fey farkl\u0131 olacak&quot; - Memurun Sesi<\/title>\n<meta name=\"description\" content=\"Toprak Razgatl\u0131o\u011flu: &quot;2027 MotoGP&#039;de her \u015fey farkl\u0131 olacak&quot;\" \/>\n<meta name=\"robots\" content=\"index, follow, max-snippet:-1, max-image-preview:large, max-video-preview:-1\" \/>\n<link rel=\"canonical\" href=\"https:\/\/memurunsesi.net\/index.php\/2026\/01\/11\/toprak-razgatlioglu-2027-motogpde-her-sey-farkli-olacak\/\" \/>\n<meta property=\"og:locale\" content=\"tr_TR\" \/>\n<meta property=\"og:type\" content=\"article\" \/>\n<meta property=\"og:title\" content=\"Toprak Razgatl\u0131o\u011flu: &quot;2027 MotoGP&#039;de her \u015fey farkl\u0131 olacak&quot; - Memurun Sesi\" \/>\n<meta property=\"og:description\" content=\"Toprak Razgatl\u0131o\u011flu: &quot;2027 MotoGP&#039;de her \u015fey farkl\u0131 olacak&quot;\" \/>\n<meta property=\"og:url\" content=\"https:\/\/memurunsesi.net\/index.php\/2026\/01\/11\/toprak-razgatlioglu-2027-motogpde-her-sey-farkli-olacak\/\" \/>\n<meta property=\"og:site_name\" content=\"Memurun Sesi\" \/>\n<meta property=\"article:publisher\" content=\"https:\/\/www.facebook.com\/unipersen\/?locale=tr_TR\" \/>\n<meta property=\"article:published_time\" content=\"2026-01-11T08:37:04+00:00\" \/>\n<meta property=\"og:image\" content=\"https:\/\/memurunsesi.net\/wp-content\/uploads\/2026\/01\/toprak-scaled.jpg\" \/>\n\t<meta property=\"og:image:width\" content=\"2560\" \/>\n\t<meta property=\"og:image:height\" content=\"1920\" \/>\n\t<meta property=\"og:image:type\" content=\"image\/jpeg\" \/>\n<meta name=\"author\" content=\"Memurun Sesi Haber Merkezi\" \/>\n<meta name=\"twitter:card\" content=\"summary_large_image\" \/>\n<meta name=\"twitter:creator\" content=\"@unipersen\" \/>\n<meta name=\"twitter:site\" content=\"@unipersen\" \/>\n<meta name=\"twitter:label1\" content=\"Yazan:\" \/>\n\t<meta name=\"twitter:data1\" content=\"Memurun Sesi Haber Merkezi\" \/>\n\t<meta name=\"twitter:label2\" content=\"Tahmini okuma s\u00fcresi\" \/>\n\t<meta name=\"twitter:data2\" content=\"2 dakika\" \/>\n<script type=\"application\/ld+json\" class=\"yoast-schema-graph\">{\"@context\":\"https:\\\/\\\/schema.org\",\"@graph\":[{\"@type\":\"Article\",\"@id\":\"https:\\\/\\\/memurunsesi.net\\\/index.php\\\/2026\\\/01\\\/11\\\/toprak-razgatlioglu-2027-motogpde-her-sey-farkli-olacak\\\/#article\",\"isPartOf\":{\"@id\":\"https:\\\/\\\/memurunsesi.net\\\/index.php\\\/2026\\\/01\\\/11\\\/toprak-razgatlioglu-2027-motogpde-her-sey-farkli-olacak\\\/\"},\"author\":{\"name\":\"Memurun Sesi Haber Merkezi\",\"@id\":\"https:\\\/\\\/memurunsesi.net\\\/#\\\/schema\\\/person\\\/f21c2d73b89f6ee1d80b0a1803e38587\"},\"headline\":\"Toprak Razgatl\u0131o\u011flu: &#8220;2027 MotoGP&#8217;de her \u015fey farkl\u0131 olacak&#8221;\",\"datePublished\":\"2026-01-11T08:37:04+00:00\",\"mainEntityOfPage\":{\"@id\":\"https:\\\/\\\/memurunsesi.net\\\/index.php\\\/2026\\\/01\\\/11\\\/toprak-razgatlioglu-2027-motogpde-her-sey-farkli-olacak\\\/\"},\"wordCount\":334,\"commentCount\":0,\"publisher\":{\"@id\":\"https:\\\/\\\/memurunsesi.net\\\/#organization\"},\"image\":{\"@id\":\"https:\\\/\\\/memurunsesi.net\\\/index.php\\\/2026\\\/01\\\/11\\\/toprak-razgatlioglu-2027-motogpde-her-sey-farkli-olacak\\\/#primaryimage\"},\"thumbnailUrl\":\"https:\\\/\\\/memurunsesi.net\\\/wp-content\\\/uploads\\\/2026\\\/01\\\/toprak-scaled.jpg\",\"articleSection\":[\"Spor\"],\"inLanguage\":\"tr\",\"potentialAction\":[{\"@type\":\"CommentAction\",\"name\":\"Comment\",\"target\":[\"https:\\\/\\\/memurunsesi.net\\\/index.php\\\/2026\\\/01\\\/11\\\/toprak-razgatlioglu-2027-motogpde-her-sey-farkli-olacak\\\/#respond\"]}]},{\"@type\":\"WebPage\",\"@id\":\"https:\\\/\\\/memurunsesi.net\\\/index.php\\\/2026\\\/01\\\/11\\\/toprak-razgatlioglu-2027-motogpde-her-sey-farkli-olacak\\\/\",\"url\":\"https:\\\/\\\/memurunsesi.net\\\/index.php\\\/2026\\\/01\\\/11\\\/toprak-razgatlioglu-2027-motogpde-her-sey-farkli-olacak\\\/\",\"name\":\"Toprak Razgatl\u0131o\u011flu: \\\"2027 MotoGP'de her \u015fey farkl\u0131 olacak\\\" - Memurun Sesi\",\"isPartOf\":{\"@id\":\"https:\\\/\\\/memurunsesi.net\\\/#website\"},\"primaryImageOfPage\":{\"@id\":\"https:\\\/\\\/memurunsesi.net\\\/index.php\\\/2026\\\/01\\\/11\\\/toprak-razgatlioglu-2027-motogpde-her-sey-farkli-olacak\\\/#primaryimage\"},\"image\":{\"@id\":\"https:\\\/\\\/memurunsesi.net\\\/index.php\\\/2026\\\/01\\\/11\\\/toprak-razgatlioglu-2027-motogpde-her-sey-farkli-olacak\\\/#primaryimage\"},\"thumbnailUrl\":\"https:\\\/\\\/memurunsesi.net\\\/wp-content\\\/uploads\\\/2026\\\/01\\\/toprak-scaled.jpg\",\"datePublished\":\"2026-01-11T08:37:04+00:00\",\"description\":\"Toprak Razgatl\u0131o\u011flu: \\\"2027 MotoGP'de her \u015fey farkl\u0131 olacak\\\"\",\"breadcrumb\":{\"@id\":\"https:\\\/\\\/memurunsesi.net\\\/index.php\\\/2026\\\/01\\\/11\\\/toprak-razgatlioglu-2027-motogpde-her-sey-farkli-olacak\\\/#breadcrumb\"},\"inLanguage\":\"tr\",\"potentialAction\":[{\"@type\":\"ReadAction\",\"target\":[\"https:\\\/\\\/memurunsesi.net\\\/index.php\\\/2026\\\/01\\\/11\\\/toprak-razgatlioglu-2027-motogpde-her-sey-farkli-olacak\\\/\"]}]},{\"@type\":\"ImageObject\",\"inLanguage\":\"tr\",\"@id\":\"https:\\\/\\\/memurunsesi.net\\\/index.php\\\/2026\\\/01\\\/11\\\/toprak-razgatlioglu-2027-motogpde-her-sey-farkli-olacak\\\/#primaryimage\",\"url\":\"https:\\\/\\\/memurunsesi.net\\\/wp-content\\\/uploads\\\/2026\\\/01\\\/toprak-scaled.jpg\",\"contentUrl\":\"https:\\\/\\\/memurunsesi.net\\\/wp-content\\\/uploads\\\/2026\\\/01\\\/toprak-scaled.jpg\",\"width\":2560,\"height\":1920,\"caption\":\"D\u00dcNYA SUPERB\u0130KE \u015eAMP\u0130YONU M\u0130LL\u0130 MOTOS\u0130KLET\u00c7\u0130 TOPRAK RAZGATLIO\u011eLU, MOTOGP'DEK\u0130 \u0130LK SENES\u0130N\u0130N ALI\u015eMA S\u00dcREC\u0130 OLACA\u011eINI BEL\u0130RTEREK, \\\"2027'DE HER \u015eEY TAMAMEN FARKLI OLACAK D\u0130YE D\u00dc\u015e\u00dcN\u00dcYORUM\\\" DED\u0130. (UMUTCAN \u0130\u015eLED\u0130C\u0130\\\/ADANA-\u0130HA) D\u00fcnya Superbike \u015fampiyonu milli motosiklet\u00e7i Toprak Razgatl\u0131o\u011flu, MotoGP'deki ilk senesinin al\u0131\u015fma s\u00fcreci olaca\u011f\u0131n\u0131 belirterek, \\\"2027'de her \u015fey tamamen farkl\u0131 olacak diye d\u00fc\u015f\u00fcn\u00fcyorum\\\" dedi.\"},{\"@type\":\"BreadcrumbList\",\"@id\":\"https:\\\/\\\/memurunsesi.net\\\/index.php\\\/2026\\\/01\\\/11\\\/toprak-razgatlioglu-2027-motogpde-her-sey-farkli-olacak\\\/#breadcrumb\",\"itemListElement\":[{\"@type\":\"ListItem\",\"position\":1,\"name\":\"Anasayfa\",\"item\":\"https:\\\/\\\/memurunsesi.net\\\/\"},{\"@type\":\"ListItem\",\"position\":2,\"name\":\"Toprak Razgatl\u0131o\u011flu: &#8220;2027 MotoGP&#8217;de her \u015fey farkl\u0131 olacak&#8221;\"}]},{\"@type\":\"WebSite\",\"@id\":\"https:\\\/\\\/memurunsesi.net\\\/#website\",\"url\":\"https:\\\/\\\/memurunsesi.net\\\/\",\"name\":\"Memurun Sesi\",\"description\":\"G\u00fcncel ve Do\u011fru Haber\",\"publisher\":{\"@id\":\"https:\\\/\\\/memurunsesi.net\\\/#organization\"},\"potentialAction\":[{\"@type\":\"SearchAction\",\"target\":{\"@type\":\"EntryPoint\",\"urlTemplate\":\"https:\\\/\\\/memurunsesi.net\\\/?s={search_term_string}\"},\"query-input\":{\"@type\":\"PropertyValueSpecification\",\"valueRequired\":true,\"valueName\":\"search_term_string\"}}],\"inLanguage\":\"tr\"},{\"@type\":\"Organization\",\"@id\":\"https:\\\/\\\/memurunsesi.net\\\/#organization\",\"name\":\"Memurun Sesi\",\"url\":\"https:\\\/\\\/memurunsesi.net\\\/\",\"logo\":{\"@type\":\"ImageObject\",\"inLanguage\":\"tr\",\"@id\":\"https:\\\/\\\/memurunsesi.net\\\/#\\\/schema\\\/logo\\\/image\\\/\",\"url\":\"https:\\\/\\\/memurunsesi.net\\\/wp-content\\\/uploads\\\/2025\\\/11\\\/cropped-MEMURUN-SESI.png\",\"contentUrl\":\"https:\\\/\\\/memurunsesi.net\\\/wp-content\\\/uploads\\\/2025\\\/11\\\/cropped-MEMURUN-SESI.png\",\"width\":238,\"height\":57,\"caption\":\"Memurun Sesi\"},\"image\":{\"@id\":\"https:\\\/\\\/memurunsesi.net\\\/#\\\/schema\\\/logo\\\/image\\\/\"},\"sameAs\":[\"https:\\\/\\\/www.facebook.com\\\/unipersen\\\/?locale=tr_TR\",\"https:\\\/\\\/x.com\\\/unipersen\"]},{\"@type\":\"Person\",\"@id\":\"https:\\\/\\\/memurunsesi.net\\\/#\\\/schema\\\/person\\\/f21c2d73b89f6ee1d80b0a1803e38587\",\"name\":\"Memurun Sesi Haber Merkezi\",\"image\":{\"@type\":\"ImageObject\",\"inLanguage\":\"tr\",\"@id\":\"https:\\\/\\\/secure.gravatar.com\\\/avatar\\\/6cf0505f452ee753f485014986fab09a434671d2b919ee76fc541025c5876a70?s=96&d=mm&r=g\",\"url\":\"https:\\\/\\\/secure.gravatar.com\\\/avatar\\\/6cf0505f452ee753f485014986fab09a434671d2b919ee76fc541025c5876a70?s=96&d=mm&r=g\",\"contentUrl\":\"https:\\\/\\\/secure.gravatar.com\\\/avatar\\\/6cf0505f452ee753f485014986fab09a434671d2b919ee76fc541025c5876a70?s=96&d=mm&r=g\",\"caption\":\"Memurun Sesi Haber Merkezi\"},\"sameAs\":[\"https:\\\/\\\/memurunsesi.net\"],\"url\":\"https:\\\/\\\/memurunsesi.net\\\/index.php\\\/author\\\/uniper\\\/\"}]}<\/script>\n<!-- \/ Yoast SEO plugin. -->","yoast_head_json":{"title":"Toprak Razgatl\u0131o\u011flu: \"2027 MotoGP'de her \u015fey farkl\u0131 olacak\" - Memurun Sesi","description":"Toprak Razgatl\u0131o\u011flu: \"2027 MotoGP'de her \u015fey farkl\u0131 olacak\"","robots":{"index":"index","follow":"follow","max-snippet":"max-snippet:-1","max-image-preview":"max-image-preview:large","max-video-preview":"max-video-preview:-1"},"canonical":"https:\/\/memurunsesi.net\/index.php\/2026\/01\/11\/toprak-razgatlioglu-2027-motogpde-her-sey-farkli-olacak\/","og_locale":"tr_TR","og_type":"article","og_title":"Toprak Razgatl\u0131o\u011flu: \"2027 MotoGP'de her \u015fey farkl\u0131 olacak\" - Memurun Sesi","og_description":"Toprak Razgatl\u0131o\u011flu: \"2027 MotoGP'de her \u015fey farkl\u0131 olacak\"","og_url":"https:\/\/memurunsesi.net\/index.php\/2026\/01\/11\/toprak-razgatlioglu-2027-motogpde-her-sey-farkli-olacak\/","og_site_name":"Memurun Sesi","article_publisher":"https:\/\/www.facebook.com\/unipersen\/?locale=tr_TR","article_published_time":"2026-01-11T08:37:04+00:00","og_image":[{"width":2560,"height":1920,"url":"https:\/\/memurunsesi.net\/wp-content\/uploads\/2026\/01\/toprak-scaled.jpg","type":"image\/jpeg"}],"author":"Memurun Sesi Haber Merkezi","twitter_card":"summary_large_image","twitter_creator":"@unipersen","twitter_site":"@unipersen","twitter_misc":{"Yazan:":"Memurun Sesi Haber Merkezi","Tahmini okuma s\u00fcresi":"2 dakika"},"schema":{"@context":"https:\/\/schema.org","@graph":[{"@type":"Article","@id":"https:\/\/memurunsesi.net\/index.php\/2026\/01\/11\/toprak-razgatlioglu-2027-motogpde-her-sey-farkli-olacak\/#article","isPartOf":{"@id":"https:\/\/memurunsesi.net\/index.php\/2026\/01\/11\/toprak-razgatlioglu-2027-motogpde-her-sey-farkli-olacak\/"},"author":{"name":"Memurun Sesi Haber Merkezi","@id":"https:\/\/memurunsesi.net\/#\/schema\/person\/f21c2d73b89f6ee1d80b0a1803e38587"},"headline":"Toprak Razgatl\u0131o\u011flu: &#8220;2027 MotoGP&#8217;de her \u015fey farkl\u0131 olacak&#8221;","datePublished":"2026-01-11T08:37:04+00:00","mainEntityOfPage":{"@id":"https:\/\/memurunsesi.net\/index.php\/2026\/01\/11\/toprak-razgatlioglu-2027-motogpde-her-sey-farkli-olacak\/"},"wordCount":334,"commentCount":0,"publisher":{"@id":"https:\/\/memurunsesi.net\/#organization"},"image":{"@id":"https:\/\/memurunsesi.net\/index.php\/2026\/01\/11\/toprak-razgatlioglu-2027-motogpde-her-sey-farkli-olacak\/#primaryimage"},"thumbnailUrl":"https:\/\/memurunsesi.net\/wp-content\/uploads\/2026\/01\/toprak-scaled.jpg","articleSection":["Spor"],"inLanguage":"tr","potentialAction":[{"@type":"CommentAction","name":"Comment","target":["https:\/\/memurunsesi.net\/index.php\/2026\/01\/11\/toprak-razgatlioglu-2027-motogpde-her-sey-farkli-olacak\/#respond"]}]},{"@type":"WebPage","@id":"https:\/\/memurunsesi.net\/index.php\/2026\/01\/11\/toprak-razgatlioglu-2027-motogpde-her-sey-farkli-olacak\/","url":"https:\/\/memurunsesi.net\/index.php\/2026\/01\/11\/toprak-razgatlioglu-2027-motogpde-her-sey-farkli-olacak\/","name":"Toprak Razgatl\u0131o\u011flu: \"2027 MotoGP'de her \u015fey farkl\u0131 olacak\" - Memurun Sesi","isPartOf":{"@id":"https:\/\/memurunsesi.net\/#website"},"primaryImageOfPage":{"@id":"https:\/\/memurunsesi.net\/index.php\/2026\/01\/11\/toprak-razgatlioglu-2027-motogpde-her-sey-farkli-olacak\/#primaryimage"},"image":{"@id":"https:\/\/memurunsesi.net\/index.php\/2026\/01\/11\/toprak-razgatlioglu-2027-motogpde-her-sey-farkli-olacak\/#primaryimage"},"thumbnailUrl":"https:\/\/memurunsesi.net\/wp-content\/uploads\/2026\/01\/toprak-scaled.jpg","datePublished":"2026-01-11T08:37:04+00:00","description":"Toprak Razgatl\u0131o\u011flu: \"2027 MotoGP'de her \u015fey farkl\u0131 olacak\"","breadcrumb":{"@id":"https:\/\/memurunsesi.net\/index.php\/2026\/01\/11\/toprak-razgatlioglu-2027-motogpde-her-sey-farkli-olacak\/#breadcrumb"},"inLanguage":"tr","potentialAction":[{"@type":"ReadAction","target":["https:\/\/memurunsesi.net\/index.php\/2026\/01\/11\/toprak-razgatlioglu-2027-motogpde-her-sey-farkli-olacak\/"]}]},{"@type":"ImageObject","inLanguage":"tr","@id":"https:\/\/memurunsesi.net\/index.php\/2026\/01\/11\/toprak-razgatlioglu-2027-motogpde-her-sey-farkli-olacak\/#primaryimage","url":"https:\/\/memurunsesi.net\/wp-content\/uploads\/2026\/01\/toprak-scaled.jpg","contentUrl":"https:\/\/memurunsesi.net\/wp-content\/uploads\/2026\/01\/toprak-scaled.jpg","width":2560,"height":1920,"caption":"D\u00dcNYA SUPERB\u0130KE \u015eAMP\u0130YONU M\u0130LL\u0130 MOTOS\u0130KLET\u00c7\u0130 TOPRAK RAZGATLIO\u011eLU, MOTOGP'DEK\u0130 \u0130LK SENES\u0130N\u0130N ALI\u015eMA S\u00dcREC\u0130 OLACA\u011eINI BEL\u0130RTEREK, \"2027'DE HER \u015eEY TAMAMEN FARKLI OLACAK D\u0130YE D\u00dc\u015e\u00dcN\u00dcYORUM\" DED\u0130. (UMUTCAN \u0130\u015eLED\u0130C\u0130\/ADANA-\u0130HA) D\u00fcnya Superbike \u015fampiyonu milli motosiklet\u00e7i Toprak Razgatl\u0131o\u011flu, MotoGP'deki ilk senesinin al\u0131\u015fma s\u00fcreci olaca\u011f\u0131n\u0131 belirterek, \"2027'de her \u015fey tamamen farkl\u0131 olacak diye d\u00fc\u015f\u00fcn\u00fcyorum\" dedi."},{"@type":"BreadcrumbList","@id":"https:\/\/memurunsesi.net\/index.php\/2026\/01\/11\/toprak-razgatlioglu-2027-motogpde-her-sey-farkli-olacak\/#breadcrumb","itemListElement":[{"@type":"ListItem","position":1,"name":"Anasayfa","item":"https:\/\/memurunsesi.net\/"},{"@type":"ListItem","position":2,"name":"Toprak Razgatl\u0131o\u011flu: &#8220;2027 MotoGP&#8217;de her \u015fey farkl\u0131 olacak&#8221;"}]},{"@type":"WebSite","@id":"https:\/\/memurunsesi.net\/#website","url":"https:\/\/memurunsesi.net\/","name":"Memurun Sesi","description":"G\u00fcncel ve Do\u011fru Haber","publisher":{"@id":"https:\/\/memurunsesi.net\/#organization"},"potentialAction":[{"@type":"SearchAction","target":{"@type":"EntryPoint","urlTemplate":"https:\/\/memurunsesi.net\/?s={search_term_string}"},"query-input":{"@type":"PropertyValueSpecification","valueRequired":true,"valueName":"search_term_string"}}],"inLanguage":"tr"},{"@type":"Organization","@id":"https:\/\/memurunsesi.net\/#organization","name":"Memurun Sesi","url":"https:\/\/memurunsesi.net\/","logo":{"@type":"ImageObject","inLanguage":"tr","@id":"https:\/\/memurunsesi.net\/#\/schema\/logo\/image\/","url":"https:\/\/memurunsesi.net\/wp-content\/uploads\/2025\/11\/cropped-MEMURUN-SESI.png","contentUrl":"https:\/\/memurunsesi.net\/wp-content\/uploads\/2025\/11\/cropped-MEMURUN-SESI.png","width":238,"height":57,"caption":"Memurun Sesi"},"image":{"@id":"https:\/\/memurunsesi.net\/#\/schema\/logo\/image\/"},"sameAs":["https:\/\/www.facebook.com\/unipersen\/?locale=tr_TR","https:\/\/x.com\/unipersen"]},{"@type":"Person","@id":"https:\/\/memurunsesi.net\/#\/schema\/person\/f21c2d73b89f6ee1d80b0a1803e38587","name":"Memurun Sesi Haber Merkezi","image":{"@type":"ImageObject","inLanguage":"tr","@id":"https:\/\/secure.gravatar.com\/avatar\/6cf0505f452ee753f485014986fab09a434671d2b919ee76fc541025c5876a70?s=96&d=mm&r=g","url":"https:\/\/secure.gravatar.com\/avatar\/6cf0505f452ee753f485014986fab09a434671d2b919ee76fc541025c5876a70?s=96&d=mm&r=g","contentUrl":"https:\/\/secure.gravatar.com\/avatar\/6cf0505f452ee753f485014986fab09a434671d2b919ee76fc541025c5876a70?s=96&d=mm&r=g","caption":"Memurun Sesi Haber Merkezi"},"sameAs":["https:\/\/memurunsesi.net"],"url":"https:\/\/memurunsesi.net\/index.php\/author\/uniper\/"}]}},"_links":{"self":[{"href":"https:\/\/memurunsesi.net\/index.php\/wp-json\/wp\/v2\/posts\/16292","targetHints":{"allow":["GET"]}}],"collection":[{"href":"https:\/\/memurunsesi.net\/index.php\/wp-json\/wp\/v2\/posts"}],"about":[{"href":"https:\/\/memurunsesi.net\/index.php\/wp-json\/wp\/v2\/types\/post"}],"author":[{"embeddable":true,"href":"https:\/\/memurunsesi.net\/index.php\/wp-json\/wp\/v2\/users\/1"}],"replies":[{"embeddable":true,"href":"https:\/\/memurunsesi.net\/index.php\/wp-json\/wp\/v2\/comments?post=16292"}],"version-history":[{"count":1,"href":"https:\/\/memurunsesi.net\/index.php\/wp-json\/wp\/v2\/posts\/16292\/revisions"}],"predecessor-version":[{"id":16294,"href":"https:\/\/memurunsesi.net\/index.php\/wp-json\/wp\/v2\/posts\/16292\/revisions\/16294"}],"wp:featuredmedia":[{"embeddable":true,"href":"https:\/\/memurunsesi.net\/index.php\/wp-json\/wp\/v2\/media\/16293"}],"wp:attachment":[{"href":"https:\/\/memurunsesi.net\/index.php\/wp-json\/wp\/v2\/media?parent=16292"}],"wp:term":[{"taxonomy":"category","embeddable":true,"href":"https:\/\/memurunsesi.net\/index.php\/wp-json\/wp\/v2\/categories?post=16292"},{"taxonomy":"post_tag","embeddable":true,"href":"https:\/\/memurunsesi.net\/index.php\/wp-json\/wp\/v2\/tags?post=16292"}],"curies":[{"name":"wp","href":"https:\/\/api.w.org\/{rel}","templated":true}]}}