{"id":16295,"date":"2026-01-11T11:39:05","date_gmt":"2026-01-11T08:39:05","guid":{"rendered":"https:\/\/memurunsesi.net\/?p=16295"},"modified":"2026-01-11T11:39:05","modified_gmt":"2026-01-11T08:39:05","slug":"ankarali-ebru-sanatcisi-geleneksel-baski-sanatini-yerinde-ogrenmek-icin-tokata-geldi","status":"publish","type":"post","link":"https:\/\/memurunsesi.net\/index.php\/2026\/01\/11\/ankarali-ebru-sanatcisi-geleneksel-baski-sanatini-yerinde-ogrenmek-icin-tokata-geldi\/","title":{"rendered":"Ankaral\u0131 ebru sanat\u00e7\u0131s\u0131 geleneksel bask\u0131 sanat\u0131n\u0131 yerinde \u00f6\u011frenmek i\u00e7in Tokat&#8217;a geldi"},"content":{"rendered":"<p>Ankara&#8217;da ya\u015fayan ebru sanat\u00e7\u0131s\u0131 K\u00fclt\u00fcr Yolu Festivali&#8217;nde etkilendi\u011fi geleneksel Tokat bask\u0131 sanat\u0131n\u0131 \u00f6\u011frenmek i\u00e7in Tokat Belediyesi BELMEK kurslar\u0131na kat\u0131larak k\u00fclt\u00fcrel miras\u0131 yerinde inceliyor.<br \/>\nAnkara&#8217;da ikamet eden ve 30 y\u0131l\u0131 a\u015fk\u0131n s\u00fcredir ebru sanat\u0131yla ilgilenen emekli Turizm Bakanl\u0131\u011f\u0131 personeli Adalet \u00d6zd\u00fcr\u00fck, Tokat Belediyesi taraf\u0131ndan a\u00e7\u0131lan BELMEK kurslar\u0131nda geleneksel Tokat bask\u0131 sanat\u0131n\u0131 \u00f6\u011frenmek \u00fczere Tokat&#8217;a geldi.<\/p>\n<p>K\u00fclt\u00fcr Yolu Festivali ilham oldu<br \/>\nSanat\u00e7\u0131 Adalet \u00d6zd\u00fcr\u00fck, Turizm Bakanl\u0131\u011f\u0131 taraf\u0131ndan d\u00fczenlenen K\u00fclt\u00fcr Yolu Festivali&#8217;nde izledi\u011fi Tokatl\u0131 bask\u0131 sanat\u00e7\u0131s\u0131n\u0131n kendisinde b\u00fcy\u00fck bir ilgi uyand\u0131rd\u0131\u011f\u0131n\u0131 belirterek, bu sanat\u0131 yerinde \u00f6\u011frenme karar\u0131 ald\u0131\u011f\u0131n\u0131 ifade etti. \u00d6zd\u00fcr\u00fck, &#8220;Otuz y\u0131ldan beri ebru sanat\u0131yla ilgileniyorum. K\u00fclt\u00fcr Yolu Festivali&#8217;nde izledi\u011fim bask\u0131 sanat\u0131 beni \u00e7ok etkiledi. Bu sanat\u0131 ger\u00e7ekten \u00f6\u011frenmem gerekti\u011fini d\u00fc\u015f\u00fcnd\u00fcm ve Tokat&#8217;a gelmeye karar verdim&#8221; dedi.<\/p>\n<p>Tokat bask\u0131 sanat\u0131n\u0131 yerinde \u00f6\u011freniyor<br \/>\nTokat&#8217;\u0131n k\u00f6kl\u00fc el sanatlar\u0131 miras\u0131n\u0131n \u00f6nemli unsurlar\u0131ndan biri olan Tokat bask\u0131 sanat\u0131yla BELMEK kurslar\u0131nda tan\u0131\u015ft\u0131\u011f\u0131n\u0131 dile getiren sanat\u00e7\u0131, &#8220;Tokat&#8217;ta \u00e7ok g\u00fczel kar\u015f\u0131land\u0131k. Tokat Belediyesi BELMEK kurs merkezinde kal\u0131plar\u0131, boyalar\u0131 ve teknikleri \u00f6\u011freniyoruz. Bu sanat ger\u00e7ekten \u00e7ok ho\u015fuma gitti ve devam etmeyi d\u00fc\u015f\u00fcn\u00fcyorum&#8221; diye konu\u015ftu.<\/p>\n<p>\u00d6\u011frendiklerini Ankara&#8217;ya ta\u015f\u0131yacak<br \/>\nTokat&#8217;ta edindi\u011fi bilgi ve tecr\u00fcbeleri Ankara&#8217;da da uygulamay\u0131 planlad\u0131\u011f\u0131n\u0131 belirten \u00d6zd\u00fcr\u00fck, BELMEK kurslar\u0131n\u0131n \u00f6zellikle kad\u0131nlar i\u00e7in \u00f6nemli bir f\u0131rsat sundu\u011funu vurgulad\u0131. \u00d6zd\u00fcr\u00fck, &#8220;\u00d6zellikle ev han\u0131mlar\u0131 i\u00e7in bu kurslar \u00e7ok b\u00fcy\u00fck bir imk\u00e2n. Hem \u00fcretmek hem de k\u00fclt\u00fcrel bir de\u011feri ya\u015fatmak a\u00e7\u0131s\u0131ndan \u00e7ok k\u0131ymetli. Bu imk\u00e2nlar\u0131 bizlere sunan Tokat Belediye Ba\u015fkan\u0131m\u0131z Mehmet Kemal Yaz\u0131c\u0131o\u011flu&#8217;na te\u015fekk\u00fcr ediyorum&#8221; ifadelerini kulland\u0131.<\/p>\n<p>BELMEK kurslar\u0131 k\u00fclt\u00fcrel miras\u0131 ya\u015fat\u0131yor<br \/>\nTokat Belediye Ba\u015fkan\u0131 Mehmet Kemal Yaz\u0131c\u0131o\u011flu&#8217;nun \u00f6nc\u00fcl\u00fc\u011f\u00fcnde hayata ge\u00e7irilen BELMEK kurslar\u0131, geleneksel el sanatlar\u0131n\u0131 ya\u015fatman\u0131n yan\u0131 s\u0131ra kad\u0131nlar\u0131n sosyal ve ekonomik hayata kat\u0131l\u0131m\u0131na da katk\u0131 sa\u011fl\u0131yor. Kurslar, Tokat bask\u0131 sanat\u0131 ba\u015fta olmak \u00fczere kentin k\u00fclt\u00fcrel de\u011ferlerinin gelecek ku\u015faklara aktar\u0131lmas\u0131na imk\u00e2n sunuyor.<\/p>\n<p>11.01.2026<\/p>\n","protected":false},"excerpt":{"rendered":"<p>Ankara&#8217;da ya\u015fayan ebru sanat\u00e7\u0131s\u0131 K\u00fclt\u00fcr Yolu Festivali&#8217;nde etkilendi\u011fi geleneksel Tokat bask\u0131 sanat\u0131n\u0131 \u00f6\u011frenmek i\u00e7in Tokat Belediyesi BELMEK kurslar\u0131na kat\u0131larak k\u00fclt\u00fcrel miras\u0131 yerinde inceliyor. Ankara&#8217;da ikamet eden ve 30 y\u0131l\u0131 a\u015fk\u0131n s\u00fcredir ebru sanat\u0131yla ilgilenen emekli Turizm Bakanl\u0131\u011f\u0131 personeli Adalet \u00d6zd\u00fcr\u00fck, Tokat Belediyesi taraf\u0131ndan a\u00e7\u0131lan BELMEK kurslar\u0131nda geleneksel Tokat bask\u0131 sanat\u0131n\u0131 \u00f6\u011frenmek \u00fczere Tokat&#8217;a geldi. K\u00fclt\u00fcr [&hellip;]<\/p>\n","protected":false},"author":1,"featured_media":16296,"comment_status":"open","ping_status":"open","sticky":false,"template":"","format":"standard","meta":{"footnotes":""},"categories":[1],"tags":[850],"class_list":["post-16295","post","type-post","status-publish","format-standard","has-post-thumbnail","hentry","category-genel","tag-geleneksel-baski-sanati"],"yoast_head":"<!-- This site is optimized with the Yoast SEO plugin v27.4 - https:\/\/yoast.com\/product\/yoast-seo-wordpress\/ -->\n<title>Ankaral\u0131 ebru sanat\u00e7\u0131s\u0131 geleneksel bask\u0131 sanat\u0131n\u0131 yerinde \u00f6\u011frenmek i\u00e7in Tokat&#039;a geldi - Memurun Sesi<\/title>\n<meta name=\"description\" content=\"Ankaral\u0131 ebru sanat\u00e7\u0131s\u0131 geleneksel bask\u0131 sanat\u0131n\u0131 yerinde \u00f6\u011frenmek i\u00e7in Tokat&#039;a geldi\" \/>\n<meta name=\"robots\" content=\"index, follow, max-snippet:-1, max-image-preview:large, max-video-preview:-1\" \/>\n<link rel=\"canonical\" href=\"https:\/\/memurunsesi.net\/index.php\/2026\/01\/11\/ankarali-ebru-sanatcisi-geleneksel-baski-sanatini-yerinde-ogrenmek-icin-tokata-geldi\/\" \/>\n<meta property=\"og:locale\" content=\"tr_TR\" \/>\n<meta property=\"og:type\" content=\"article\" \/>\n<meta property=\"og:title\" content=\"Ankaral\u0131 ebru sanat\u00e7\u0131s\u0131 geleneksel bask\u0131 sanat\u0131n\u0131 yerinde \u00f6\u011frenmek i\u00e7in Tokat&#039;a geldi - Memurun Sesi\" \/>\n<meta property=\"og:description\" content=\"Ankaral\u0131 ebru sanat\u00e7\u0131s\u0131 geleneksel bask\u0131 sanat\u0131n\u0131 yerinde \u00f6\u011frenmek i\u00e7in Tokat&#039;a geldi\" \/>\n<meta property=\"og:url\" content=\"https:\/\/memurunsesi.net\/index.php\/2026\/01\/11\/ankarali-ebru-sanatcisi-geleneksel-baski-sanatini-yerinde-ogrenmek-icin-tokata-geldi\/\" \/>\n<meta property=\"og:site_name\" content=\"Memurun Sesi\" \/>\n<meta property=\"article:publisher\" content=\"https:\/\/www.facebook.com\/unipersen\/?locale=tr_TR\" \/>\n<meta property=\"article:published_time\" content=\"2026-01-11T08:39:05+00:00\" \/>\n<meta property=\"og:image\" content=\"https:\/\/memurunsesi.net\/wp-content\/uploads\/2026\/01\/geleneksel-baski-sanati.jpg\" \/>\n\t<meta property=\"og:image:width\" content=\"1182\" \/>\n\t<meta property=\"og:image:height\" content=\"648\" \/>\n\t<meta property=\"og:image:type\" content=\"image\/jpeg\" \/>\n<meta name=\"author\" content=\"Memurun Sesi Haber Merkezi\" \/>\n<meta name=\"twitter:card\" content=\"summary_large_image\" \/>\n<meta name=\"twitter:creator\" content=\"@unipersen\" \/>\n<meta name=\"twitter:site\" content=\"@unipersen\" \/>\n<meta name=\"twitter:label1\" content=\"Yazan:\" \/>\n\t<meta name=\"twitter:data1\" content=\"Memurun Sesi Haber Merkezi\" \/>\n\t<meta name=\"twitter:label2\" content=\"Tahmini okuma s\u00fcresi\" \/>\n\t<meta name=\"twitter:data2\" content=\"2 dakika\" \/>\n<script type=\"application\/ld+json\" class=\"yoast-schema-graph\">{\"@context\":\"https:\\\/\\\/schema.org\",\"@graph\":[{\"@type\":\"Article\",\"@id\":\"https:\\\/\\\/memurunsesi.net\\\/index.php\\\/2026\\\/01\\\/11\\\/ankarali-ebru-sanatcisi-geleneksel-baski-sanatini-yerinde-ogrenmek-icin-tokata-geldi\\\/#article\",\"isPartOf\":{\"@id\":\"https:\\\/\\\/memurunsesi.net\\\/index.php\\\/2026\\\/01\\\/11\\\/ankarali-ebru-sanatcisi-geleneksel-baski-sanatini-yerinde-ogrenmek-icin-tokata-geldi\\\/\"},\"author\":{\"name\":\"Memurun Sesi Haber Merkezi\",\"@id\":\"https:\\\/\\\/memurunsesi.net\\\/#\\\/schema\\\/person\\\/f21c2d73b89f6ee1d80b0a1803e38587\"},\"headline\":\"Ankaral\u0131 ebru sanat\u00e7\u0131s\u0131 geleneksel bask\u0131 sanat\u0131n\u0131 yerinde \u00f6\u011frenmek i\u00e7in Tokat&#8217;a geldi\",\"datePublished\":\"2026-01-11T08:39:05+00:00\",\"mainEntityOfPage\":{\"@id\":\"https:\\\/\\\/memurunsesi.net\\\/index.php\\\/2026\\\/01\\\/11\\\/ankarali-ebru-sanatcisi-geleneksel-baski-sanatini-yerinde-ogrenmek-icin-tokata-geldi\\\/\"},\"wordCount\":431,\"commentCount\":0,\"publisher\":{\"@id\":\"https:\\\/\\\/memurunsesi.net\\\/#organization\"},\"image\":{\"@id\":\"https:\\\/\\\/memurunsesi.net\\\/index.php\\\/2026\\\/01\\\/11\\\/ankarali-ebru-sanatcisi-geleneksel-baski-sanatini-yerinde-ogrenmek-icin-tokata-geldi\\\/#primaryimage\"},\"thumbnailUrl\":\"https:\\\/\\\/memurunsesi.net\\\/wp-content\\\/uploads\\\/2026\\\/01\\\/geleneksel-baski-sanati.jpg\",\"keywords\":[\"geleneksel bask\u0131 sanat\u0131\"],\"inLanguage\":\"tr\",\"potentialAction\":[{\"@type\":\"CommentAction\",\"name\":\"Comment\",\"target\":[\"https:\\\/\\\/memurunsesi.net\\\/index.php\\\/2026\\\/01\\\/11\\\/ankarali-ebru-sanatcisi-geleneksel-baski-sanatini-yerinde-ogrenmek-icin-tokata-geldi\\\/#respond\"]}]},{\"@type\":\"WebPage\",\"@id\":\"https:\\\/\\\/memurunsesi.net\\\/index.php\\\/2026\\\/01\\\/11\\\/ankarali-ebru-sanatcisi-geleneksel-baski-sanatini-yerinde-ogrenmek-icin-tokata-geldi\\\/\",\"url\":\"https:\\\/\\\/memurunsesi.net\\\/index.php\\\/2026\\\/01\\\/11\\\/ankarali-ebru-sanatcisi-geleneksel-baski-sanatini-yerinde-ogrenmek-icin-tokata-geldi\\\/\",\"name\":\"Ankaral\u0131 ebru sanat\u00e7\u0131s\u0131 geleneksel bask\u0131 sanat\u0131n\u0131 yerinde \u00f6\u011frenmek i\u00e7in Tokat'a geldi - Memurun Sesi\",\"isPartOf\":{\"@id\":\"https:\\\/\\\/memurunsesi.net\\\/#website\"},\"primaryImageOfPage\":{\"@id\":\"https:\\\/\\\/memurunsesi.net\\\/index.php\\\/2026\\\/01\\\/11\\\/ankarali-ebru-sanatcisi-geleneksel-baski-sanatini-yerinde-ogrenmek-icin-tokata-geldi\\\/#primaryimage\"},\"image\":{\"@id\":\"https:\\\/\\\/memurunsesi.net\\\/index.php\\\/2026\\\/01\\\/11\\\/ankarali-ebru-sanatcisi-geleneksel-baski-sanatini-yerinde-ogrenmek-icin-tokata-geldi\\\/#primaryimage\"},\"thumbnailUrl\":\"https:\\\/\\\/memurunsesi.net\\\/wp-content\\\/uploads\\\/2026\\\/01\\\/geleneksel-baski-sanati.jpg\",\"datePublished\":\"2026-01-11T08:39:05+00:00\",\"description\":\"Ankaral\u0131 ebru sanat\u00e7\u0131s\u0131 geleneksel bask\u0131 sanat\u0131n\u0131 yerinde \u00f6\u011frenmek i\u00e7in Tokat'a geldi\",\"breadcrumb\":{\"@id\":\"https:\\\/\\\/memurunsesi.net\\\/index.php\\\/2026\\\/01\\\/11\\\/ankarali-ebru-sanatcisi-geleneksel-baski-sanatini-yerinde-ogrenmek-icin-tokata-geldi\\\/#breadcrumb\"},\"inLanguage\":\"tr\",\"potentialAction\":[{\"@type\":\"ReadAction\",\"target\":[\"https:\\\/\\\/memurunsesi.net\\\/index.php\\\/2026\\\/01\\\/11\\\/ankarali-ebru-sanatcisi-geleneksel-baski-sanatini-yerinde-ogrenmek-icin-tokata-geldi\\\/\"]}]},{\"@type\":\"ImageObject\",\"inLanguage\":\"tr\",\"@id\":\"https:\\\/\\\/memurunsesi.net\\\/index.php\\\/2026\\\/01\\\/11\\\/ankarali-ebru-sanatcisi-geleneksel-baski-sanatini-yerinde-ogrenmek-icin-tokata-geldi\\\/#primaryimage\",\"url\":\"https:\\\/\\\/memurunsesi.net\\\/wp-content\\\/uploads\\\/2026\\\/01\\\/geleneksel-baski-sanati.jpg\",\"contentUrl\":\"https:\\\/\\\/memurunsesi.net\\\/wp-content\\\/uploads\\\/2026\\\/01\\\/geleneksel-baski-sanati.jpg\",\"width\":1182,\"height\":648,\"caption\":\"ANKARA'DA YA\u015eAYAN EBRU SANAT\u00c7ISI K\u00dcLT\u00dcR YOLU FEST\u0130VAL\u0130'NDE ETK\u0130LEND\u0130\u011e\u0130 GELENEKSEL TOKAT BASKI SANATINI \u00d6\u011eRENMEK \u0130\u00c7\u0130N TOKAT BELED\u0130YES\u0130 BELMEK KURSLARINA KATILARAK K\u00dcLT\u00dcREL M\u0130RASI YER\u0130NDE KE\u015eFED\u0130YOR. (YAS\u0130N KIRAS\\\/TOKAT-\u0130HA) Ankara'da ya\u015fayan ebru sanat\u00e7\u0131s\u0131 K\u00fclt\u00fcr Yolu Festivali'nde etkilendi\u011fi geleneksel Tokat bask\u0131 sanat\u0131n\u0131 \u00f6\u011frenmek i\u00e7in Tokat Belediyesi BELMEK kurslar\u0131na kat\u0131larak k\u00fclt\u00fcrel miras\u0131 yerinde inceliyor.\"},{\"@type\":\"BreadcrumbList\",\"@id\":\"https:\\\/\\\/memurunsesi.net\\\/index.php\\\/2026\\\/01\\\/11\\\/ankarali-ebru-sanatcisi-geleneksel-baski-sanatini-yerinde-ogrenmek-icin-tokata-geldi\\\/#breadcrumb\",\"itemListElement\":[{\"@type\":\"ListItem\",\"position\":1,\"name\":\"Anasayfa\",\"item\":\"https:\\\/\\\/memurunsesi.net\\\/\"},{\"@type\":\"ListItem\",\"position\":2,\"name\":\"Ankaral\u0131 ebru sanat\u00e7\u0131s\u0131 geleneksel bask\u0131 sanat\u0131n\u0131 yerinde \u00f6\u011frenmek i\u00e7in Tokat&#8217;a geldi\"}]},{\"@type\":\"WebSite\",\"@id\":\"https:\\\/\\\/memurunsesi.net\\\/#website\",\"url\":\"https:\\\/\\\/memurunsesi.net\\\/\",\"name\":\"Memurun Sesi\",\"description\":\"G\u00fcncel ve Do\u011fru Haber\",\"publisher\":{\"@id\":\"https:\\\/\\\/memurunsesi.net\\\/#organization\"},\"potentialAction\":[{\"@type\":\"SearchAction\",\"target\":{\"@type\":\"EntryPoint\",\"urlTemplate\":\"https:\\\/\\\/memurunsesi.net\\\/?s={search_term_string}\"},\"query-input\":{\"@type\":\"PropertyValueSpecification\",\"valueRequired\":true,\"valueName\":\"search_term_string\"}}],\"inLanguage\":\"tr\"},{\"@type\":\"Organization\",\"@id\":\"https:\\\/\\\/memurunsesi.net\\\/#organization\",\"name\":\"Memurun Sesi\",\"url\":\"https:\\\/\\\/memurunsesi.net\\\/\",\"logo\":{\"@type\":\"ImageObject\",\"inLanguage\":\"tr\",\"@id\":\"https:\\\/\\\/memurunsesi.net\\\/#\\\/schema\\\/logo\\\/image\\\/\",\"url\":\"https:\\\/\\\/memurunsesi.net\\\/wp-content\\\/uploads\\\/2025\\\/11\\\/cropped-MEMURUN-SESI.png\",\"contentUrl\":\"https:\\\/\\\/memurunsesi.net\\\/wp-content\\\/uploads\\\/2025\\\/11\\\/cropped-MEMURUN-SESI.png\",\"width\":238,\"height\":57,\"caption\":\"Memurun Sesi\"},\"image\":{\"@id\":\"https:\\\/\\\/memurunsesi.net\\\/#\\\/schema\\\/logo\\\/image\\\/\"},\"sameAs\":[\"https:\\\/\\\/www.facebook.com\\\/unipersen\\\/?locale=tr_TR\",\"https:\\\/\\\/x.com\\\/unipersen\"]},{\"@type\":\"Person\",\"@id\":\"https:\\\/\\\/memurunsesi.net\\\/#\\\/schema\\\/person\\\/f21c2d73b89f6ee1d80b0a1803e38587\",\"name\":\"Memurun Sesi Haber Merkezi\",\"image\":{\"@type\":\"ImageObject\",\"inLanguage\":\"tr\",\"@id\":\"https:\\\/\\\/secure.gravatar.com\\\/avatar\\\/6cf0505f452ee753f485014986fab09a434671d2b919ee76fc541025c5876a70?s=96&d=mm&r=g\",\"url\":\"https:\\\/\\\/secure.gravatar.com\\\/avatar\\\/6cf0505f452ee753f485014986fab09a434671d2b919ee76fc541025c5876a70?s=96&d=mm&r=g\",\"contentUrl\":\"https:\\\/\\\/secure.gravatar.com\\\/avatar\\\/6cf0505f452ee753f485014986fab09a434671d2b919ee76fc541025c5876a70?s=96&d=mm&r=g\",\"caption\":\"Memurun Sesi Haber Merkezi\"},\"sameAs\":[\"https:\\\/\\\/memurunsesi.net\"],\"url\":\"https:\\\/\\\/memurunsesi.net\\\/index.php\\\/author\\\/uniper\\\/\"}]}<\/script>\n<!-- \/ Yoast SEO plugin. -->","yoast_head_json":{"title":"Ankaral\u0131 ebru sanat\u00e7\u0131s\u0131 geleneksel bask\u0131 sanat\u0131n\u0131 yerinde \u00f6\u011frenmek i\u00e7in Tokat'a geldi - Memurun Sesi","description":"Ankaral\u0131 ebru sanat\u00e7\u0131s\u0131 geleneksel bask\u0131 sanat\u0131n\u0131 yerinde \u00f6\u011frenmek i\u00e7in Tokat'a geldi","robots":{"index":"index","follow":"follow","max-snippet":"max-snippet:-1","max-image-preview":"max-image-preview:large","max-video-preview":"max-video-preview:-1"},"canonical":"https:\/\/memurunsesi.net\/index.php\/2026\/01\/11\/ankarali-ebru-sanatcisi-geleneksel-baski-sanatini-yerinde-ogrenmek-icin-tokata-geldi\/","og_locale":"tr_TR","og_type":"article","og_title":"Ankaral\u0131 ebru sanat\u00e7\u0131s\u0131 geleneksel bask\u0131 sanat\u0131n\u0131 yerinde \u00f6\u011frenmek i\u00e7in Tokat'a geldi - Memurun Sesi","og_description":"Ankaral\u0131 ebru sanat\u00e7\u0131s\u0131 geleneksel bask\u0131 sanat\u0131n\u0131 yerinde \u00f6\u011frenmek i\u00e7in Tokat'a geldi","og_url":"https:\/\/memurunsesi.net\/index.php\/2026\/01\/11\/ankarali-ebru-sanatcisi-geleneksel-baski-sanatini-yerinde-ogrenmek-icin-tokata-geldi\/","og_site_name":"Memurun Sesi","article_publisher":"https:\/\/www.facebook.com\/unipersen\/?locale=tr_TR","article_published_time":"2026-01-11T08:39:05+00:00","og_image":[{"width":1182,"height":648,"url":"https:\/\/memurunsesi.net\/wp-content\/uploads\/2026\/01\/geleneksel-baski-sanati.jpg","type":"image\/jpeg"}],"author":"Memurun Sesi Haber Merkezi","twitter_card":"summary_large_image","twitter_creator":"@unipersen","twitter_site":"@unipersen","twitter_misc":{"Yazan:":"Memurun Sesi Haber Merkezi","Tahmini okuma s\u00fcresi":"2 dakika"},"schema":{"@context":"https:\/\/schema.org","@graph":[{"@type":"Article","@id":"https:\/\/memurunsesi.net\/index.php\/2026\/01\/11\/ankarali-ebru-sanatcisi-geleneksel-baski-sanatini-yerinde-ogrenmek-icin-tokata-geldi\/#article","isPartOf":{"@id":"https:\/\/memurunsesi.net\/index.php\/2026\/01\/11\/ankarali-ebru-sanatcisi-geleneksel-baski-sanatini-yerinde-ogrenmek-icin-tokata-geldi\/"},"author":{"name":"Memurun Sesi Haber Merkezi","@id":"https:\/\/memurunsesi.net\/#\/schema\/person\/f21c2d73b89f6ee1d80b0a1803e38587"},"headline":"Ankaral\u0131 ebru sanat\u00e7\u0131s\u0131 geleneksel bask\u0131 sanat\u0131n\u0131 yerinde \u00f6\u011frenmek i\u00e7in Tokat&#8217;a geldi","datePublished":"2026-01-11T08:39:05+00:00","mainEntityOfPage":{"@id":"https:\/\/memurunsesi.net\/index.php\/2026\/01\/11\/ankarali-ebru-sanatcisi-geleneksel-baski-sanatini-yerinde-ogrenmek-icin-tokata-geldi\/"},"wordCount":431,"commentCount":0,"publisher":{"@id":"https:\/\/memurunsesi.net\/#organization"},"image":{"@id":"https:\/\/memurunsesi.net\/index.php\/2026\/01\/11\/ankarali-ebru-sanatcisi-geleneksel-baski-sanatini-yerinde-ogrenmek-icin-tokata-geldi\/#primaryimage"},"thumbnailUrl":"https:\/\/memurunsesi.net\/wp-content\/uploads\/2026\/01\/geleneksel-baski-sanati.jpg","keywords":["geleneksel bask\u0131 sanat\u0131"],"inLanguage":"tr","potentialAction":[{"@type":"CommentAction","name":"Comment","target":["https:\/\/memurunsesi.net\/index.php\/2026\/01\/11\/ankarali-ebru-sanatcisi-geleneksel-baski-sanatini-yerinde-ogrenmek-icin-tokata-geldi\/#respond"]}]},{"@type":"WebPage","@id":"https:\/\/memurunsesi.net\/index.php\/2026\/01\/11\/ankarali-ebru-sanatcisi-geleneksel-baski-sanatini-yerinde-ogrenmek-icin-tokata-geldi\/","url":"https:\/\/memurunsesi.net\/index.php\/2026\/01\/11\/ankarali-ebru-sanatcisi-geleneksel-baski-sanatini-yerinde-ogrenmek-icin-tokata-geldi\/","name":"Ankaral\u0131 ebru sanat\u00e7\u0131s\u0131 geleneksel bask\u0131 sanat\u0131n\u0131 yerinde \u00f6\u011frenmek i\u00e7in Tokat'a geldi - Memurun Sesi","isPartOf":{"@id":"https:\/\/memurunsesi.net\/#website"},"primaryImageOfPage":{"@id":"https:\/\/memurunsesi.net\/index.php\/2026\/01\/11\/ankarali-ebru-sanatcisi-geleneksel-baski-sanatini-yerinde-ogrenmek-icin-tokata-geldi\/#primaryimage"},"image":{"@id":"https:\/\/memurunsesi.net\/index.php\/2026\/01\/11\/ankarali-ebru-sanatcisi-geleneksel-baski-sanatini-yerinde-ogrenmek-icin-tokata-geldi\/#primaryimage"},"thumbnailUrl":"https:\/\/memurunsesi.net\/wp-content\/uploads\/2026\/01\/geleneksel-baski-sanati.jpg","datePublished":"2026-01-11T08:39:05+00:00","description":"Ankaral\u0131 ebru sanat\u00e7\u0131s\u0131 geleneksel bask\u0131 sanat\u0131n\u0131 yerinde \u00f6\u011frenmek i\u00e7in Tokat'a geldi","breadcrumb":{"@id":"https:\/\/memurunsesi.net\/index.php\/2026\/01\/11\/ankarali-ebru-sanatcisi-geleneksel-baski-sanatini-yerinde-ogrenmek-icin-tokata-geldi\/#breadcrumb"},"inLanguage":"tr","potentialAction":[{"@type":"ReadAction","target":["https:\/\/memurunsesi.net\/index.php\/2026\/01\/11\/ankarali-ebru-sanatcisi-geleneksel-baski-sanatini-yerinde-ogrenmek-icin-tokata-geldi\/"]}]},{"@type":"ImageObject","inLanguage":"tr","@id":"https:\/\/memurunsesi.net\/index.php\/2026\/01\/11\/ankarali-ebru-sanatcisi-geleneksel-baski-sanatini-yerinde-ogrenmek-icin-tokata-geldi\/#primaryimage","url":"https:\/\/memurunsesi.net\/wp-content\/uploads\/2026\/01\/geleneksel-baski-sanati.jpg","contentUrl":"https:\/\/memurunsesi.net\/wp-content\/uploads\/2026\/01\/geleneksel-baski-sanati.jpg","width":1182,"height":648,"caption":"ANKARA'DA YA\u015eAYAN EBRU SANAT\u00c7ISI K\u00dcLT\u00dcR YOLU FEST\u0130VAL\u0130'NDE ETK\u0130LEND\u0130\u011e\u0130 GELENEKSEL TOKAT BASKI SANATINI \u00d6\u011eRENMEK \u0130\u00c7\u0130N TOKAT BELED\u0130YES\u0130 BELMEK KURSLARINA KATILARAK K\u00dcLT\u00dcREL M\u0130RASI YER\u0130NDE KE\u015eFED\u0130YOR. (YAS\u0130N KIRAS\/TOKAT-\u0130HA) Ankara'da ya\u015fayan ebru sanat\u00e7\u0131s\u0131 K\u00fclt\u00fcr Yolu Festivali'nde etkilendi\u011fi geleneksel Tokat bask\u0131 sanat\u0131n\u0131 \u00f6\u011frenmek i\u00e7in Tokat Belediyesi BELMEK kurslar\u0131na kat\u0131larak k\u00fclt\u00fcrel miras\u0131 yerinde inceliyor."},{"@type":"BreadcrumbList","@id":"https:\/\/memurunsesi.net\/index.php\/2026\/01\/11\/ankarali-ebru-sanatcisi-geleneksel-baski-sanatini-yerinde-ogrenmek-icin-tokata-geldi\/#breadcrumb","itemListElement":[{"@type":"ListItem","position":1,"name":"Anasayfa","item":"https:\/\/memurunsesi.net\/"},{"@type":"ListItem","position":2,"name":"Ankaral\u0131 ebru sanat\u00e7\u0131s\u0131 geleneksel bask\u0131 sanat\u0131n\u0131 yerinde \u00f6\u011frenmek i\u00e7in Tokat&#8217;a geldi"}]},{"@type":"WebSite","@id":"https:\/\/memurunsesi.net\/#website","url":"https:\/\/memurunsesi.net\/","name":"Memurun Sesi","description":"G\u00fcncel ve Do\u011fru Haber","publisher":{"@id":"https:\/\/memurunsesi.net\/#organization"},"potentialAction":[{"@type":"SearchAction","target":{"@type":"EntryPoint","urlTemplate":"https:\/\/memurunsesi.net\/?s={search_term_string}"},"query-input":{"@type":"PropertyValueSpecification","valueRequired":true,"valueName":"search_term_string"}}],"inLanguage":"tr"},{"@type":"Organization","@id":"https:\/\/memurunsesi.net\/#organization","name":"Memurun Sesi","url":"https:\/\/memurunsesi.net\/","logo":{"@type":"ImageObject","inLanguage":"tr","@id":"https:\/\/memurunsesi.net\/#\/schema\/logo\/image\/","url":"https:\/\/memurunsesi.net\/wp-content\/uploads\/2025\/11\/cropped-MEMURUN-SESI.png","contentUrl":"https:\/\/memurunsesi.net\/wp-content\/uploads\/2025\/11\/cropped-MEMURUN-SESI.png","width":238,"height":57,"caption":"Memurun Sesi"},"image":{"@id":"https:\/\/memurunsesi.net\/#\/schema\/logo\/image\/"},"sameAs":["https:\/\/www.facebook.com\/unipersen\/?locale=tr_TR","https:\/\/x.com\/unipersen"]},{"@type":"Person","@id":"https:\/\/memurunsesi.net\/#\/schema\/person\/f21c2d73b89f6ee1d80b0a1803e38587","name":"Memurun Sesi Haber Merkezi","image":{"@type":"ImageObject","inLanguage":"tr","@id":"https:\/\/secure.gravatar.com\/avatar\/6cf0505f452ee753f485014986fab09a434671d2b919ee76fc541025c5876a70?s=96&d=mm&r=g","url":"https:\/\/secure.gravatar.com\/avatar\/6cf0505f452ee753f485014986fab09a434671d2b919ee76fc541025c5876a70?s=96&d=mm&r=g","contentUrl":"https:\/\/secure.gravatar.com\/avatar\/6cf0505f452ee753f485014986fab09a434671d2b919ee76fc541025c5876a70?s=96&d=mm&r=g","caption":"Memurun Sesi Haber Merkezi"},"sameAs":["https:\/\/memurunsesi.net"],"url":"https:\/\/memurunsesi.net\/index.php\/author\/uniper\/"}]}},"_links":{"self":[{"href":"https:\/\/memurunsesi.net\/index.php\/wp-json\/wp\/v2\/posts\/16295","targetHints":{"allow":["GET"]}}],"collection":[{"href":"https:\/\/memurunsesi.net\/index.php\/wp-json\/wp\/v2\/posts"}],"about":[{"href":"https:\/\/memurunsesi.net\/index.php\/wp-json\/wp\/v2\/types\/post"}],"author":[{"embeddable":true,"href":"https:\/\/memurunsesi.net\/index.php\/wp-json\/wp\/v2\/users\/1"}],"replies":[{"embeddable":true,"href":"https:\/\/memurunsesi.net\/index.php\/wp-json\/wp\/v2\/comments?post=16295"}],"version-history":[{"count":1,"href":"https:\/\/memurunsesi.net\/index.php\/wp-json\/wp\/v2\/posts\/16295\/revisions"}],"predecessor-version":[{"id":16297,"href":"https:\/\/memurunsesi.net\/index.php\/wp-json\/wp\/v2\/posts\/16295\/revisions\/16297"}],"wp:featuredmedia":[{"embeddable":true,"href":"https:\/\/memurunsesi.net\/index.php\/wp-json\/wp\/v2\/media\/16296"}],"wp:attachment":[{"href":"https:\/\/memurunsesi.net\/index.php\/wp-json\/wp\/v2\/media?parent=16295"}],"wp:term":[{"taxonomy":"category","embeddable":true,"href":"https:\/\/memurunsesi.net\/index.php\/wp-json\/wp\/v2\/categories?post=16295"},{"taxonomy":"post_tag","embeddable":true,"href":"https:\/\/memurunsesi.net\/index.php\/wp-json\/wp\/v2\/tags?post=16295"}],"curies":[{"name":"wp","href":"https:\/\/api.w.org\/{rel}","templated":true}]}}