{"id":16298,"date":"2026-01-11T15:36:14","date_gmt":"2026-01-11T12:36:14","guid":{"rendered":"https:\/\/memurunsesi.net\/?p=16298"},"modified":"2026-01-11T15:36:14","modified_gmt":"2026-01-11T12:36:14","slug":"manisada-is-yerindeki-yangin-mahalle-sakinlerine-korku-dolu-anlar-yasatti","status":"publish","type":"post","link":"https:\/\/memurunsesi.net\/index.php\/2026\/01\/11\/manisada-is-yerindeki-yangin-mahalle-sakinlerine-korku-dolu-anlar-yasatti\/","title":{"rendered":"Manisa&#8217;da i\u015f yerindeki yang\u0131n mahalle sakinlerine korku dolu anlar ya\u015fatt\u0131"},"content":{"rendered":"<p>Manisa&#8217;n\u0131n \u015eehzadeler il\u00e7esinde bir internet kafede sabah saatlerinde \u00e7\u0131kan yang\u0131n, mahalle sakinlerine korku dolu anlar ya\u015fatt\u0131. Manisa B\u00fcy\u00fck\u015fehir Belediyesi \u0130tfaiye Dairesi Ba\u015fkanl\u0131\u011f\u0131&#8217;na ba\u011fl\u0131 ekiplerin k\u0131sa s\u00fcrede s\u00f6nd\u00fcrd\u00fc\u011f\u00fc yang\u0131nda yaralanan olmazken, yang\u0131nda bir\u00e7ok bilgisayar zarar g\u00f6rd\u00fc.<br \/>\nYang\u0131n, \u015eehzadeler il\u00e7esi Peker Mahallesi&#8217;nde 1605 ve 1701 sokaklara cephesi bulunan bir internet kafede sabah saatlerinde hen\u00fcz belirlenemeyen bir nedenle \u00e7\u0131kt\u0131. \u00c7\u0131kan yang\u0131n\u0131 ilk olarak mahallede g\u00f6rev yapan Manisa B\u00fcy\u00fck\u015fehir Belediyesi \u00c7evre Koruma Kontrol Daire Ba\u015fkanl\u0131\u011f\u0131&#8217;nda temizlik g\u00f6revlisi olarak \u00e7al\u0131\u015fan Burhan Ta\u015f fark etti. Ekip arkada\u015flar\u0131yla birlikte cadde temizli\u011fi yapt\u0131klar\u0131 s\u0131rada ya\u011fmurun h\u0131zlanmas\u0131 nedeniyle \u00e7al\u0131\u015fmaya ara verdiklerini anlatan temizlik g\u00f6revlisi Ta\u015f, &#8220;Tapu M\u00fcd\u00fcrl\u00fc\u011f\u00fc kar\u015f\u0131s\u0131nda kahvehanenin sa\u00e7ak alt\u0131na geldi\u011fimiz s\u0131rada 3-5 d\u00fckk\u00e2n alt tarafta bir i\u015f yerinden dumanlar\u0131n \u00e7\u0131kt\u0131\u011f\u0131n\u0131 g\u00f6rd\u00fcm. Hemen 112&#8217;yi arayarak durumu bildirdim&#8221; diye konu\u015ftu.<br \/>\n\u0130\u015f yerinin \u00f6n cephesinden yo\u011fun dumanlar y\u00fckselirken, arka soka\u011fa bakan k\u0131sm\u0131ndan \u00e7\u0131kan alevlerin apartman\u0131n ikinci kat\u0131na kadar ula\u015fmas\u0131 mahalle sakinlerini tedirgin etti. Dar sokaklar ve \u00e7ift tarafl\u0131 park edilen ara\u00e7lar nedeniyle olay yerine gelen Manisa B\u00fcy\u00fck\u015fehir Belediyesi \u0130tfaiye Daire Ba\u015fkanl\u0131\u011f\u0131&#8217;na ba\u011fl\u0131 ekipler, yanan i\u015f yerinin bulundu\u011fu soka\u011fa girmekte g\u00fc\u00e7l\u00fck \u00e7ekti.<br \/>\nYang\u0131n s\u0131ras\u0131nda i\u015f yeri \u00f6n\u00fcnde park halinde bulunan bir ara\u00e7 da yanma tehlikesi atlatt\u0131. \u0130tfaiye ekiplerinin m\u00fcdahalesiyle yang\u0131n k\u0131sa s\u00fcrede kontrol alt\u0131na al\u0131narak s\u00f6nd\u00fcr\u00fcld\u00fc. Yang\u0131n\u0131n \u00e7\u0131k\u0131\u015f nedeninin belirlenmesi i\u00e7in itfaiye ekipleri taraf\u0131ndan inceleme ba\u015flat\u0131ld\u0131.<\/p>\n<p>11.01.2026<\/p>\n","protected":false},"excerpt":{"rendered":"<p>Manisa&#8217;n\u0131n \u015eehzadeler il\u00e7esinde bir internet kafede sabah saatlerinde \u00e7\u0131kan yang\u0131n, mahalle sakinlerine korku dolu anlar ya\u015fatt\u0131. Manisa B\u00fcy\u00fck\u015fehir Belediyesi \u0130tfaiye Dairesi Ba\u015fkanl\u0131\u011f\u0131&#8217;na ba\u011fl\u0131 ekiplerin k\u0131sa s\u00fcrede s\u00f6nd\u00fcrd\u00fc\u011f\u00fc yang\u0131nda yaralanan olmazken, yang\u0131nda bir\u00e7ok bilgisayar zarar g\u00f6rd\u00fc. Yang\u0131n, \u015eehzadeler il\u00e7esi Peker Mahallesi&#8217;nde 1605 ve 1701 sokaklara cephesi bulunan bir internet kafede sabah saatlerinde hen\u00fcz belirlenemeyen bir nedenle [&hellip;]<\/p>\n","protected":false},"author":1,"featured_media":16299,"comment_status":"open","ping_status":"open","sticky":false,"template":"","format":"standard","meta":{"footnotes":""},"categories":[1],"tags":[567],"class_list":["post-16298","post","type-post","status-publish","format-standard","has-post-thumbnail","hentry","category-genel","tag-korku-dolu-anlar"],"yoast_head":"<!-- This site is optimized with the Yoast SEO plugin v27.4 - https:\/\/yoast.com\/product\/yoast-seo-wordpress\/ -->\n<title>Manisa&#039;da i\u015f yerindeki yang\u0131n mahalle sakinlerine korku dolu anlar ya\u015fatt\u0131 - Memurun Sesi<\/title>\n<meta name=\"description\" content=\"Manisa&#039;da i\u015f yerindeki yang\u0131n mahalle sakinlerine korku dolu anlar ya\u015fatt\u0131\" \/>\n<meta name=\"robots\" content=\"index, follow, max-snippet:-1, max-image-preview:large, max-video-preview:-1\" \/>\n<link rel=\"canonical\" href=\"https:\/\/memurunsesi.net\/index.php\/2026\/01\/11\/manisada-is-yerindeki-yangin-mahalle-sakinlerine-korku-dolu-anlar-yasatti\/\" \/>\n<meta property=\"og:locale\" content=\"tr_TR\" \/>\n<meta property=\"og:type\" content=\"article\" \/>\n<meta property=\"og:title\" content=\"Manisa&#039;da i\u015f yerindeki yang\u0131n mahalle sakinlerine korku dolu anlar ya\u015fatt\u0131 - Memurun Sesi\" \/>\n<meta property=\"og:description\" content=\"Manisa&#039;da i\u015f yerindeki yang\u0131n mahalle sakinlerine korku dolu anlar ya\u015fatt\u0131\" \/>\n<meta property=\"og:url\" content=\"https:\/\/memurunsesi.net\/index.php\/2026\/01\/11\/manisada-is-yerindeki-yangin-mahalle-sakinlerine-korku-dolu-anlar-yasatti\/\" \/>\n<meta property=\"og:site_name\" content=\"Memurun Sesi\" \/>\n<meta property=\"article:publisher\" content=\"https:\/\/www.facebook.com\/unipersen\/?locale=tr_TR\" \/>\n<meta property=\"article:published_time\" content=\"2026-01-11T12:36:14+00:00\" \/>\n<meta property=\"og:image\" content=\"https:\/\/memurunsesi.net\/wp-content\/uploads\/2026\/01\/korku-dolu-anlar-scaled.jpg\" \/>\n\t<meta property=\"og:image:width\" content=\"1446\" \/>\n\t<meta property=\"og:image:height\" content=\"2560\" \/>\n\t<meta property=\"og:image:type\" content=\"image\/jpeg\" \/>\n<meta name=\"author\" content=\"Memurun Sesi Haber Merkezi\" \/>\n<meta name=\"twitter:card\" content=\"summary_large_image\" \/>\n<meta name=\"twitter:creator\" content=\"@unipersen\" \/>\n<meta name=\"twitter:site\" content=\"@unipersen\" \/>\n<meta name=\"twitter:label1\" content=\"Yazan:\" \/>\n\t<meta name=\"twitter:data1\" content=\"Memurun Sesi Haber Merkezi\" \/>\n\t<meta name=\"twitter:label2\" content=\"Tahmini okuma s\u00fcresi\" \/>\n\t<meta name=\"twitter:data2\" content=\"2 dakika\" \/>\n<script type=\"application\/ld+json\" class=\"yoast-schema-graph\">{\"@context\":\"https:\\\/\\\/schema.org\",\"@graph\":[{\"@type\":\"Article\",\"@id\":\"https:\\\/\\\/memurunsesi.net\\\/index.php\\\/2026\\\/01\\\/11\\\/manisada-is-yerindeki-yangin-mahalle-sakinlerine-korku-dolu-anlar-yasatti\\\/#article\",\"isPartOf\":{\"@id\":\"https:\\\/\\\/memurunsesi.net\\\/index.php\\\/2026\\\/01\\\/11\\\/manisada-is-yerindeki-yangin-mahalle-sakinlerine-korku-dolu-anlar-yasatti\\\/\"},\"author\":{\"name\":\"Memurun Sesi Haber Merkezi\",\"@id\":\"https:\\\/\\\/memurunsesi.net\\\/#\\\/schema\\\/person\\\/f21c2d73b89f6ee1d80b0a1803e38587\"},\"headline\":\"Manisa&#8217;da i\u015f yerindeki yang\u0131n mahalle sakinlerine korku dolu anlar ya\u015fatt\u0131\",\"datePublished\":\"2026-01-11T12:36:14+00:00\",\"mainEntityOfPage\":{\"@id\":\"https:\\\/\\\/memurunsesi.net\\\/index.php\\\/2026\\\/01\\\/11\\\/manisada-is-yerindeki-yangin-mahalle-sakinlerine-korku-dolu-anlar-yasatti\\\/\"},\"wordCount\":309,\"commentCount\":0,\"publisher\":{\"@id\":\"https:\\\/\\\/memurunsesi.net\\\/#organization\"},\"image\":{\"@id\":\"https:\\\/\\\/memurunsesi.net\\\/index.php\\\/2026\\\/01\\\/11\\\/manisada-is-yerindeki-yangin-mahalle-sakinlerine-korku-dolu-anlar-yasatti\\\/#primaryimage\"},\"thumbnailUrl\":\"https:\\\/\\\/memurunsesi.net\\\/wp-content\\\/uploads\\\/2026\\\/01\\\/korku-dolu-anlar-scaled.jpg\",\"keywords\":[\"korku dolu anlar\"],\"inLanguage\":\"tr\",\"potentialAction\":[{\"@type\":\"CommentAction\",\"name\":\"Comment\",\"target\":[\"https:\\\/\\\/memurunsesi.net\\\/index.php\\\/2026\\\/01\\\/11\\\/manisada-is-yerindeki-yangin-mahalle-sakinlerine-korku-dolu-anlar-yasatti\\\/#respond\"]}]},{\"@type\":\"WebPage\",\"@id\":\"https:\\\/\\\/memurunsesi.net\\\/index.php\\\/2026\\\/01\\\/11\\\/manisada-is-yerindeki-yangin-mahalle-sakinlerine-korku-dolu-anlar-yasatti\\\/\",\"url\":\"https:\\\/\\\/memurunsesi.net\\\/index.php\\\/2026\\\/01\\\/11\\\/manisada-is-yerindeki-yangin-mahalle-sakinlerine-korku-dolu-anlar-yasatti\\\/\",\"name\":\"Manisa'da i\u015f yerindeki yang\u0131n mahalle sakinlerine korku dolu anlar ya\u015fatt\u0131 - Memurun Sesi\",\"isPartOf\":{\"@id\":\"https:\\\/\\\/memurunsesi.net\\\/#website\"},\"primaryImageOfPage\":{\"@id\":\"https:\\\/\\\/memurunsesi.net\\\/index.php\\\/2026\\\/01\\\/11\\\/manisada-is-yerindeki-yangin-mahalle-sakinlerine-korku-dolu-anlar-yasatti\\\/#primaryimage\"},\"image\":{\"@id\":\"https:\\\/\\\/memurunsesi.net\\\/index.php\\\/2026\\\/01\\\/11\\\/manisada-is-yerindeki-yangin-mahalle-sakinlerine-korku-dolu-anlar-yasatti\\\/#primaryimage\"},\"thumbnailUrl\":\"https:\\\/\\\/memurunsesi.net\\\/wp-content\\\/uploads\\\/2026\\\/01\\\/korku-dolu-anlar-scaled.jpg\",\"datePublished\":\"2026-01-11T12:36:14+00:00\",\"description\":\"Manisa'da i\u015f yerindeki yang\u0131n mahalle sakinlerine korku dolu anlar ya\u015fatt\u0131\",\"breadcrumb\":{\"@id\":\"https:\\\/\\\/memurunsesi.net\\\/index.php\\\/2026\\\/01\\\/11\\\/manisada-is-yerindeki-yangin-mahalle-sakinlerine-korku-dolu-anlar-yasatti\\\/#breadcrumb\"},\"inLanguage\":\"tr\",\"potentialAction\":[{\"@type\":\"ReadAction\",\"target\":[\"https:\\\/\\\/memurunsesi.net\\\/index.php\\\/2026\\\/01\\\/11\\\/manisada-is-yerindeki-yangin-mahalle-sakinlerine-korku-dolu-anlar-yasatti\\\/\"]}]},{\"@type\":\"ImageObject\",\"inLanguage\":\"tr\",\"@id\":\"https:\\\/\\\/memurunsesi.net\\\/index.php\\\/2026\\\/01\\\/11\\\/manisada-is-yerindeki-yangin-mahalle-sakinlerine-korku-dolu-anlar-yasatti\\\/#primaryimage\",\"url\":\"https:\\\/\\\/memurunsesi.net\\\/wp-content\\\/uploads\\\/2026\\\/01\\\/korku-dolu-anlar-scaled.jpg\",\"contentUrl\":\"https:\\\/\\\/memurunsesi.net\\\/wp-content\\\/uploads\\\/2026\\\/01\\\/korku-dolu-anlar-scaled.jpg\",\"width\":1446,\"height\":2560,\"caption\":\"MAN\u0130SA'NIN \u015eEHZADELER \u0130L\u00c7ES\u0130NDE B\u0130R \u0130NTERNET KAFEDE SABAH SAATLER\u0130NDE \u00c7IKAN YANGIN, MAHALLE SAK\u0130NLER\u0130NE KORKU DOLU ANLAR YA\u015eATTI (TURGAY DUYAR\\\/MAN\u0130SA-\u0130HA) Manisa'n\u0131n \u015eehzadeler il\u00e7esinde bir internet kafede sabah saatlerinde \u00e7\u0131kan yang\u0131n, mahalle sakinlerine korku dolu anlar ya\u015fatt\u0131. Manisa B\u00fcy\u00fck\u015fehir Belediyesi \u0130tfaiye Dairesi Ba\u015fkanl\u0131\u011f\u0131'na ba\u011fl\u0131 ekiplerin k\u0131sa s\u00fcrede s\u00f6nd\u00fcrd\u00fc\u011f\u00fc yang\u0131nda yaralanan olmazken, yang\u0131nda bir\u00e7ok bilgisayar zarar g\u00f6rd\u00fc.\"},{\"@type\":\"BreadcrumbList\",\"@id\":\"https:\\\/\\\/memurunsesi.net\\\/index.php\\\/2026\\\/01\\\/11\\\/manisada-is-yerindeki-yangin-mahalle-sakinlerine-korku-dolu-anlar-yasatti\\\/#breadcrumb\",\"itemListElement\":[{\"@type\":\"ListItem\",\"position\":1,\"name\":\"Anasayfa\",\"item\":\"https:\\\/\\\/memurunsesi.net\\\/\"},{\"@type\":\"ListItem\",\"position\":2,\"name\":\"Manisa&#8217;da i\u015f yerindeki yang\u0131n mahalle sakinlerine korku dolu anlar ya\u015fatt\u0131\"}]},{\"@type\":\"WebSite\",\"@id\":\"https:\\\/\\\/memurunsesi.net\\\/#website\",\"url\":\"https:\\\/\\\/memurunsesi.net\\\/\",\"name\":\"Memurun Sesi\",\"description\":\"G\u00fcncel ve Do\u011fru Haber\",\"publisher\":{\"@id\":\"https:\\\/\\\/memurunsesi.net\\\/#organization\"},\"potentialAction\":[{\"@type\":\"SearchAction\",\"target\":{\"@type\":\"EntryPoint\",\"urlTemplate\":\"https:\\\/\\\/memurunsesi.net\\\/?s={search_term_string}\"},\"query-input\":{\"@type\":\"PropertyValueSpecification\",\"valueRequired\":true,\"valueName\":\"search_term_string\"}}],\"inLanguage\":\"tr\"},{\"@type\":\"Organization\",\"@id\":\"https:\\\/\\\/memurunsesi.net\\\/#organization\",\"name\":\"Memurun Sesi\",\"url\":\"https:\\\/\\\/memurunsesi.net\\\/\",\"logo\":{\"@type\":\"ImageObject\",\"inLanguage\":\"tr\",\"@id\":\"https:\\\/\\\/memurunsesi.net\\\/#\\\/schema\\\/logo\\\/image\\\/\",\"url\":\"https:\\\/\\\/memurunsesi.net\\\/wp-content\\\/uploads\\\/2025\\\/11\\\/cropped-MEMURUN-SESI.png\",\"contentUrl\":\"https:\\\/\\\/memurunsesi.net\\\/wp-content\\\/uploads\\\/2025\\\/11\\\/cropped-MEMURUN-SESI.png\",\"width\":238,\"height\":57,\"caption\":\"Memurun Sesi\"},\"image\":{\"@id\":\"https:\\\/\\\/memurunsesi.net\\\/#\\\/schema\\\/logo\\\/image\\\/\"},\"sameAs\":[\"https:\\\/\\\/www.facebook.com\\\/unipersen\\\/?locale=tr_TR\",\"https:\\\/\\\/x.com\\\/unipersen\"]},{\"@type\":\"Person\",\"@id\":\"https:\\\/\\\/memurunsesi.net\\\/#\\\/schema\\\/person\\\/f21c2d73b89f6ee1d80b0a1803e38587\",\"name\":\"Memurun Sesi Haber Merkezi\",\"image\":{\"@type\":\"ImageObject\",\"inLanguage\":\"tr\",\"@id\":\"https:\\\/\\\/secure.gravatar.com\\\/avatar\\\/6cf0505f452ee753f485014986fab09a434671d2b919ee76fc541025c5876a70?s=96&d=mm&r=g\",\"url\":\"https:\\\/\\\/secure.gravatar.com\\\/avatar\\\/6cf0505f452ee753f485014986fab09a434671d2b919ee76fc541025c5876a70?s=96&d=mm&r=g\",\"contentUrl\":\"https:\\\/\\\/secure.gravatar.com\\\/avatar\\\/6cf0505f452ee753f485014986fab09a434671d2b919ee76fc541025c5876a70?s=96&d=mm&r=g\",\"caption\":\"Memurun Sesi Haber Merkezi\"},\"sameAs\":[\"https:\\\/\\\/memurunsesi.net\"],\"url\":\"https:\\\/\\\/memurunsesi.net\\\/index.php\\\/author\\\/uniper\\\/\"}]}<\/script>\n<!-- \/ Yoast SEO plugin. -->","yoast_head_json":{"title":"Manisa'da i\u015f yerindeki yang\u0131n mahalle sakinlerine korku dolu anlar ya\u015fatt\u0131 - Memurun Sesi","description":"Manisa'da i\u015f yerindeki yang\u0131n mahalle sakinlerine korku dolu anlar ya\u015fatt\u0131","robots":{"index":"index","follow":"follow","max-snippet":"max-snippet:-1","max-image-preview":"max-image-preview:large","max-video-preview":"max-video-preview:-1"},"canonical":"https:\/\/memurunsesi.net\/index.php\/2026\/01\/11\/manisada-is-yerindeki-yangin-mahalle-sakinlerine-korku-dolu-anlar-yasatti\/","og_locale":"tr_TR","og_type":"article","og_title":"Manisa'da i\u015f yerindeki yang\u0131n mahalle sakinlerine korku dolu anlar ya\u015fatt\u0131 - Memurun Sesi","og_description":"Manisa'da i\u015f yerindeki yang\u0131n mahalle sakinlerine korku dolu anlar ya\u015fatt\u0131","og_url":"https:\/\/memurunsesi.net\/index.php\/2026\/01\/11\/manisada-is-yerindeki-yangin-mahalle-sakinlerine-korku-dolu-anlar-yasatti\/","og_site_name":"Memurun Sesi","article_publisher":"https:\/\/www.facebook.com\/unipersen\/?locale=tr_TR","article_published_time":"2026-01-11T12:36:14+00:00","og_image":[{"width":1446,"height":2560,"url":"https:\/\/memurunsesi.net\/wp-content\/uploads\/2026\/01\/korku-dolu-anlar-scaled.jpg","type":"image\/jpeg"}],"author":"Memurun Sesi Haber Merkezi","twitter_card":"summary_large_image","twitter_creator":"@unipersen","twitter_site":"@unipersen","twitter_misc":{"Yazan:":"Memurun Sesi Haber Merkezi","Tahmini okuma s\u00fcresi":"2 dakika"},"schema":{"@context":"https:\/\/schema.org","@graph":[{"@type":"Article","@id":"https:\/\/memurunsesi.net\/index.php\/2026\/01\/11\/manisada-is-yerindeki-yangin-mahalle-sakinlerine-korku-dolu-anlar-yasatti\/#article","isPartOf":{"@id":"https:\/\/memurunsesi.net\/index.php\/2026\/01\/11\/manisada-is-yerindeki-yangin-mahalle-sakinlerine-korku-dolu-anlar-yasatti\/"},"author":{"name":"Memurun Sesi Haber Merkezi","@id":"https:\/\/memurunsesi.net\/#\/schema\/person\/f21c2d73b89f6ee1d80b0a1803e38587"},"headline":"Manisa&#8217;da i\u015f yerindeki yang\u0131n mahalle sakinlerine korku dolu anlar ya\u015fatt\u0131","datePublished":"2026-01-11T12:36:14+00:00","mainEntityOfPage":{"@id":"https:\/\/memurunsesi.net\/index.php\/2026\/01\/11\/manisada-is-yerindeki-yangin-mahalle-sakinlerine-korku-dolu-anlar-yasatti\/"},"wordCount":309,"commentCount":0,"publisher":{"@id":"https:\/\/memurunsesi.net\/#organization"},"image":{"@id":"https:\/\/memurunsesi.net\/index.php\/2026\/01\/11\/manisada-is-yerindeki-yangin-mahalle-sakinlerine-korku-dolu-anlar-yasatti\/#primaryimage"},"thumbnailUrl":"https:\/\/memurunsesi.net\/wp-content\/uploads\/2026\/01\/korku-dolu-anlar-scaled.jpg","keywords":["korku dolu anlar"],"inLanguage":"tr","potentialAction":[{"@type":"CommentAction","name":"Comment","target":["https:\/\/memurunsesi.net\/index.php\/2026\/01\/11\/manisada-is-yerindeki-yangin-mahalle-sakinlerine-korku-dolu-anlar-yasatti\/#respond"]}]},{"@type":"WebPage","@id":"https:\/\/memurunsesi.net\/index.php\/2026\/01\/11\/manisada-is-yerindeki-yangin-mahalle-sakinlerine-korku-dolu-anlar-yasatti\/","url":"https:\/\/memurunsesi.net\/index.php\/2026\/01\/11\/manisada-is-yerindeki-yangin-mahalle-sakinlerine-korku-dolu-anlar-yasatti\/","name":"Manisa'da i\u015f yerindeki yang\u0131n mahalle sakinlerine korku dolu anlar ya\u015fatt\u0131 - Memurun Sesi","isPartOf":{"@id":"https:\/\/memurunsesi.net\/#website"},"primaryImageOfPage":{"@id":"https:\/\/memurunsesi.net\/index.php\/2026\/01\/11\/manisada-is-yerindeki-yangin-mahalle-sakinlerine-korku-dolu-anlar-yasatti\/#primaryimage"},"image":{"@id":"https:\/\/memurunsesi.net\/index.php\/2026\/01\/11\/manisada-is-yerindeki-yangin-mahalle-sakinlerine-korku-dolu-anlar-yasatti\/#primaryimage"},"thumbnailUrl":"https:\/\/memurunsesi.net\/wp-content\/uploads\/2026\/01\/korku-dolu-anlar-scaled.jpg","datePublished":"2026-01-11T12:36:14+00:00","description":"Manisa'da i\u015f yerindeki yang\u0131n mahalle sakinlerine korku dolu anlar ya\u015fatt\u0131","breadcrumb":{"@id":"https:\/\/memurunsesi.net\/index.php\/2026\/01\/11\/manisada-is-yerindeki-yangin-mahalle-sakinlerine-korku-dolu-anlar-yasatti\/#breadcrumb"},"inLanguage":"tr","potentialAction":[{"@type":"ReadAction","target":["https:\/\/memurunsesi.net\/index.php\/2026\/01\/11\/manisada-is-yerindeki-yangin-mahalle-sakinlerine-korku-dolu-anlar-yasatti\/"]}]},{"@type":"ImageObject","inLanguage":"tr","@id":"https:\/\/memurunsesi.net\/index.php\/2026\/01\/11\/manisada-is-yerindeki-yangin-mahalle-sakinlerine-korku-dolu-anlar-yasatti\/#primaryimage","url":"https:\/\/memurunsesi.net\/wp-content\/uploads\/2026\/01\/korku-dolu-anlar-scaled.jpg","contentUrl":"https:\/\/memurunsesi.net\/wp-content\/uploads\/2026\/01\/korku-dolu-anlar-scaled.jpg","width":1446,"height":2560,"caption":"MAN\u0130SA'NIN \u015eEHZADELER \u0130L\u00c7ES\u0130NDE B\u0130R \u0130NTERNET KAFEDE SABAH SAATLER\u0130NDE \u00c7IKAN YANGIN, MAHALLE SAK\u0130NLER\u0130NE KORKU DOLU ANLAR YA\u015eATTI (TURGAY DUYAR\/MAN\u0130SA-\u0130HA) Manisa'n\u0131n \u015eehzadeler il\u00e7esinde bir internet kafede sabah saatlerinde \u00e7\u0131kan yang\u0131n, mahalle sakinlerine korku dolu anlar ya\u015fatt\u0131. Manisa B\u00fcy\u00fck\u015fehir Belediyesi \u0130tfaiye Dairesi Ba\u015fkanl\u0131\u011f\u0131'na ba\u011fl\u0131 ekiplerin k\u0131sa s\u00fcrede s\u00f6nd\u00fcrd\u00fc\u011f\u00fc yang\u0131nda yaralanan olmazken, yang\u0131nda bir\u00e7ok bilgisayar zarar g\u00f6rd\u00fc."},{"@type":"BreadcrumbList","@id":"https:\/\/memurunsesi.net\/index.php\/2026\/01\/11\/manisada-is-yerindeki-yangin-mahalle-sakinlerine-korku-dolu-anlar-yasatti\/#breadcrumb","itemListElement":[{"@type":"ListItem","position":1,"name":"Anasayfa","item":"https:\/\/memurunsesi.net\/"},{"@type":"ListItem","position":2,"name":"Manisa&#8217;da i\u015f yerindeki yang\u0131n mahalle sakinlerine korku dolu anlar ya\u015fatt\u0131"}]},{"@type":"WebSite","@id":"https:\/\/memurunsesi.net\/#website","url":"https:\/\/memurunsesi.net\/","name":"Memurun Sesi","description":"G\u00fcncel ve Do\u011fru Haber","publisher":{"@id":"https:\/\/memurunsesi.net\/#organization"},"potentialAction":[{"@type":"SearchAction","target":{"@type":"EntryPoint","urlTemplate":"https:\/\/memurunsesi.net\/?s={search_term_string}"},"query-input":{"@type":"PropertyValueSpecification","valueRequired":true,"valueName":"search_term_string"}}],"inLanguage":"tr"},{"@type":"Organization","@id":"https:\/\/memurunsesi.net\/#organization","name":"Memurun Sesi","url":"https:\/\/memurunsesi.net\/","logo":{"@type":"ImageObject","inLanguage":"tr","@id":"https:\/\/memurunsesi.net\/#\/schema\/logo\/image\/","url":"https:\/\/memurunsesi.net\/wp-content\/uploads\/2025\/11\/cropped-MEMURUN-SESI.png","contentUrl":"https:\/\/memurunsesi.net\/wp-content\/uploads\/2025\/11\/cropped-MEMURUN-SESI.png","width":238,"height":57,"caption":"Memurun Sesi"},"image":{"@id":"https:\/\/memurunsesi.net\/#\/schema\/logo\/image\/"},"sameAs":["https:\/\/www.facebook.com\/unipersen\/?locale=tr_TR","https:\/\/x.com\/unipersen"]},{"@type":"Person","@id":"https:\/\/memurunsesi.net\/#\/schema\/person\/f21c2d73b89f6ee1d80b0a1803e38587","name":"Memurun Sesi Haber Merkezi","image":{"@type":"ImageObject","inLanguage":"tr","@id":"https:\/\/secure.gravatar.com\/avatar\/6cf0505f452ee753f485014986fab09a434671d2b919ee76fc541025c5876a70?s=96&d=mm&r=g","url":"https:\/\/secure.gravatar.com\/avatar\/6cf0505f452ee753f485014986fab09a434671d2b919ee76fc541025c5876a70?s=96&d=mm&r=g","contentUrl":"https:\/\/secure.gravatar.com\/avatar\/6cf0505f452ee753f485014986fab09a434671d2b919ee76fc541025c5876a70?s=96&d=mm&r=g","caption":"Memurun Sesi Haber Merkezi"},"sameAs":["https:\/\/memurunsesi.net"],"url":"https:\/\/memurunsesi.net\/index.php\/author\/uniper\/"}]}},"_links":{"self":[{"href":"https:\/\/memurunsesi.net\/index.php\/wp-json\/wp\/v2\/posts\/16298","targetHints":{"allow":["GET"]}}],"collection":[{"href":"https:\/\/memurunsesi.net\/index.php\/wp-json\/wp\/v2\/posts"}],"about":[{"href":"https:\/\/memurunsesi.net\/index.php\/wp-json\/wp\/v2\/types\/post"}],"author":[{"embeddable":true,"href":"https:\/\/memurunsesi.net\/index.php\/wp-json\/wp\/v2\/users\/1"}],"replies":[{"embeddable":true,"href":"https:\/\/memurunsesi.net\/index.php\/wp-json\/wp\/v2\/comments?post=16298"}],"version-history":[{"count":1,"href":"https:\/\/memurunsesi.net\/index.php\/wp-json\/wp\/v2\/posts\/16298\/revisions"}],"predecessor-version":[{"id":16300,"href":"https:\/\/memurunsesi.net\/index.php\/wp-json\/wp\/v2\/posts\/16298\/revisions\/16300"}],"wp:featuredmedia":[{"embeddable":true,"href":"https:\/\/memurunsesi.net\/index.php\/wp-json\/wp\/v2\/media\/16299"}],"wp:attachment":[{"href":"https:\/\/memurunsesi.net\/index.php\/wp-json\/wp\/v2\/media?parent=16298"}],"wp:term":[{"taxonomy":"category","embeddable":true,"href":"https:\/\/memurunsesi.net\/index.php\/wp-json\/wp\/v2\/categories?post=16298"},{"taxonomy":"post_tag","embeddable":true,"href":"https:\/\/memurunsesi.net\/index.php\/wp-json\/wp\/v2\/tags?post=16298"}],"curies":[{"name":"wp","href":"https:\/\/api.w.org\/{rel}","templated":true}]}}