{"id":16301,"date":"2026-01-11T15:38:33","date_gmt":"2026-01-11T12:38:33","guid":{"rendered":"https:\/\/memurunsesi.net\/?p=16301"},"modified":"2026-01-11T15:38:33","modified_gmt":"2026-01-11T12:38:33","slug":"siirtte-otomobilin-yayaya-carptigi-anlar-kameraya-yansidi","status":"publish","type":"post","link":"https:\/\/memurunsesi.net\/index.php\/2026\/01\/11\/siirtte-otomobilin-yayaya-carptigi-anlar-kameraya-yansidi\/","title":{"rendered":"Siirt&#8217;te otomobilin yayaya \u00e7arpt\u0131\u011f\u0131 anlar kameraya yans\u0131d\u0131"},"content":{"rendered":"<p>Siirt&#8217;in Kurtalan il\u00e7esinde otomobilin bir yayaya \u00e7arpt\u0131\u011f\u0131 anlar g\u00fcvenlik kameras\u0131na yans\u0131d\u0131.<br \/>\nKurtalan il\u00e7esi Yeni Mahallesi Recep Tayyip Erdo\u011fan Bulvar\u0131&#8217;nda yolun kar\u015f\u0131s\u0131na ge\u00e7mek isteyen \u00e7ocu\u011fa seyir halindeki otomobil \u00e7arpt\u0131. \u0130hbar \u00fczerine olay yerine polis ve sa\u011fl\u0131k ekibi sevk edildi. Yaral\u0131, sa\u011fl\u0131k ekipleri taraf\u0131ndan hastaneye sevk edildi. Kaza an\u0131 \u00e7evrede bulunan bir i\u015f yerinin g\u00fcvenlik kameras\u0131na yans\u0131d\u0131.<br \/>\nKazayla ilgili inceleme ba\u015flat\u0131ld\u0131.<\/p>\n<p>11.01.2026<\/p>\n","protected":false},"excerpt":{"rendered":"<p>Siirt&#8217;in Kurtalan il\u00e7esinde otomobilin bir yayaya \u00e7arpt\u0131\u011f\u0131 anlar g\u00fcvenlik kameras\u0131na yans\u0131d\u0131. Kurtalan il\u00e7esi Yeni Mahallesi Recep Tayyip Erdo\u011fan Bulvar\u0131&#8217;nda yolun kar\u015f\u0131s\u0131na ge\u00e7mek isteyen \u00e7ocu\u011fa seyir halindeki otomobil \u00e7arpt\u0131. \u0130hbar \u00fczerine olay yerine polis ve sa\u011fl\u0131k ekibi sevk edildi. Yaral\u0131, sa\u011fl\u0131k ekipleri taraf\u0131ndan hastaneye sevk edildi. Kaza an\u0131 \u00e7evrede bulunan bir i\u015f yerinin g\u00fcvenlik kameras\u0131na yans\u0131d\u0131. [&hellip;]<\/p>\n","protected":false},"author":1,"featured_media":16302,"comment_status":"open","ping_status":"open","sticky":false,"template":"","format":"standard","meta":{"footnotes":""},"categories":[1],"tags":[851],"class_list":["post-16301","post","type-post","status-publish","format-standard","has-post-thumbnail","hentry","category-genel","tag-otomobilin-yayaya-carpti"],"yoast_head":"<!-- This site is optimized with the Yoast SEO plugin v27.4 - https:\/\/yoast.com\/product\/yoast-seo-wordpress\/ -->\n<title>Siirt&#039;te otomobilin yayaya \u00e7arpt\u0131\u011f\u0131 anlar kameraya yans\u0131d\u0131 - Memurun Sesi<\/title>\n<meta name=\"description\" content=\"Siirt&#039;te otomobilin yayaya \u00e7arpt\u0131\u011f\u0131 anlar kameraya yans\u0131d\u0131\" \/>\n<meta name=\"robots\" content=\"index, follow, max-snippet:-1, max-image-preview:large, max-video-preview:-1\" \/>\n<link rel=\"canonical\" href=\"https:\/\/memurunsesi.net\/index.php\/2026\/01\/11\/siirtte-otomobilin-yayaya-carptigi-anlar-kameraya-yansidi\/\" \/>\n<meta property=\"og:locale\" content=\"tr_TR\" \/>\n<meta property=\"og:type\" content=\"article\" \/>\n<meta property=\"og:title\" content=\"Siirt&#039;te otomobilin yayaya \u00e7arpt\u0131\u011f\u0131 anlar kameraya yans\u0131d\u0131 - Memurun Sesi\" \/>\n<meta property=\"og:description\" content=\"Siirt&#039;te otomobilin yayaya \u00e7arpt\u0131\u011f\u0131 anlar kameraya yans\u0131d\u0131\" \/>\n<meta property=\"og:url\" content=\"https:\/\/memurunsesi.net\/index.php\/2026\/01\/11\/siirtte-otomobilin-yayaya-carptigi-anlar-kameraya-yansidi\/\" \/>\n<meta property=\"og:site_name\" content=\"Memurun Sesi\" \/>\n<meta property=\"article:publisher\" content=\"https:\/\/www.facebook.com\/unipersen\/?locale=tr_TR\" \/>\n<meta property=\"article:published_time\" content=\"2026-01-11T12:38:33+00:00\" \/>\n<meta property=\"og:image\" content=\"https:\/\/memurunsesi.net\/wp-content\/uploads\/2026\/01\/otomobilin-yayaya-carpti.jpg\" \/>\n\t<meta property=\"og:image:width\" content=\"1206\" \/>\n\t<meta property=\"og:image:height\" content=\"660\" \/>\n\t<meta property=\"og:image:type\" content=\"image\/jpeg\" \/>\n<meta name=\"author\" content=\"Memurun Sesi Haber Merkezi\" \/>\n<meta name=\"twitter:card\" content=\"summary_large_image\" \/>\n<meta name=\"twitter:creator\" content=\"@unipersen\" \/>\n<meta name=\"twitter:site\" content=\"@unipersen\" \/>\n<meta name=\"twitter:label1\" content=\"Yazan:\" \/>\n\t<meta name=\"twitter:data1\" content=\"Memurun Sesi Haber Merkezi\" \/>\n\t<meta name=\"twitter:label2\" content=\"Tahmini okuma s\u00fcresi\" \/>\n\t<meta name=\"twitter:data2\" content=\"1 dakika\" \/>\n<script type=\"application\/ld+json\" class=\"yoast-schema-graph\">{\"@context\":\"https:\\\/\\\/schema.org\",\"@graph\":[{\"@type\":\"Article\",\"@id\":\"https:\\\/\\\/memurunsesi.net\\\/index.php\\\/2026\\\/01\\\/11\\\/siirtte-otomobilin-yayaya-carptigi-anlar-kameraya-yansidi\\\/#article\",\"isPartOf\":{\"@id\":\"https:\\\/\\\/memurunsesi.net\\\/index.php\\\/2026\\\/01\\\/11\\\/siirtte-otomobilin-yayaya-carptigi-anlar-kameraya-yansidi\\\/\"},\"author\":{\"name\":\"Memurun Sesi Haber Merkezi\",\"@id\":\"https:\\\/\\\/memurunsesi.net\\\/#\\\/schema\\\/person\\\/f21c2d73b89f6ee1d80b0a1803e38587\"},\"headline\":\"Siirt&#8217;te otomobilin yayaya \u00e7arpt\u0131\u011f\u0131 anlar kameraya yans\u0131d\u0131\",\"datePublished\":\"2026-01-11T12:38:33+00:00\",\"mainEntityOfPage\":{\"@id\":\"https:\\\/\\\/memurunsesi.net\\\/index.php\\\/2026\\\/01\\\/11\\\/siirtte-otomobilin-yayaya-carptigi-anlar-kameraya-yansidi\\\/\"},\"wordCount\":90,\"commentCount\":0,\"publisher\":{\"@id\":\"https:\\\/\\\/memurunsesi.net\\\/#organization\"},\"image\":{\"@id\":\"https:\\\/\\\/memurunsesi.net\\\/index.php\\\/2026\\\/01\\\/11\\\/siirtte-otomobilin-yayaya-carptigi-anlar-kameraya-yansidi\\\/#primaryimage\"},\"thumbnailUrl\":\"https:\\\/\\\/memurunsesi.net\\\/wp-content\\\/uploads\\\/2026\\\/01\\\/otomobilin-yayaya-carpti.jpg\",\"keywords\":[\"otomobilin yayaya \u00e7arpt\u0131\"],\"inLanguage\":\"tr\",\"potentialAction\":[{\"@type\":\"CommentAction\",\"name\":\"Comment\",\"target\":[\"https:\\\/\\\/memurunsesi.net\\\/index.php\\\/2026\\\/01\\\/11\\\/siirtte-otomobilin-yayaya-carptigi-anlar-kameraya-yansidi\\\/#respond\"]}]},{\"@type\":\"WebPage\",\"@id\":\"https:\\\/\\\/memurunsesi.net\\\/index.php\\\/2026\\\/01\\\/11\\\/siirtte-otomobilin-yayaya-carptigi-anlar-kameraya-yansidi\\\/\",\"url\":\"https:\\\/\\\/memurunsesi.net\\\/index.php\\\/2026\\\/01\\\/11\\\/siirtte-otomobilin-yayaya-carptigi-anlar-kameraya-yansidi\\\/\",\"name\":\"Siirt'te otomobilin yayaya \u00e7arpt\u0131\u011f\u0131 anlar kameraya yans\u0131d\u0131 - Memurun Sesi\",\"isPartOf\":{\"@id\":\"https:\\\/\\\/memurunsesi.net\\\/#website\"},\"primaryImageOfPage\":{\"@id\":\"https:\\\/\\\/memurunsesi.net\\\/index.php\\\/2026\\\/01\\\/11\\\/siirtte-otomobilin-yayaya-carptigi-anlar-kameraya-yansidi\\\/#primaryimage\"},\"image\":{\"@id\":\"https:\\\/\\\/memurunsesi.net\\\/index.php\\\/2026\\\/01\\\/11\\\/siirtte-otomobilin-yayaya-carptigi-anlar-kameraya-yansidi\\\/#primaryimage\"},\"thumbnailUrl\":\"https:\\\/\\\/memurunsesi.net\\\/wp-content\\\/uploads\\\/2026\\\/01\\\/otomobilin-yayaya-carpti.jpg\",\"datePublished\":\"2026-01-11T12:38:33+00:00\",\"description\":\"Siirt'te otomobilin yayaya \u00e7arpt\u0131\u011f\u0131 anlar kameraya yans\u0131d\u0131\",\"breadcrumb\":{\"@id\":\"https:\\\/\\\/memurunsesi.net\\\/index.php\\\/2026\\\/01\\\/11\\\/siirtte-otomobilin-yayaya-carptigi-anlar-kameraya-yansidi\\\/#breadcrumb\"},\"inLanguage\":\"tr\",\"potentialAction\":[{\"@type\":\"ReadAction\",\"target\":[\"https:\\\/\\\/memurunsesi.net\\\/index.php\\\/2026\\\/01\\\/11\\\/siirtte-otomobilin-yayaya-carptigi-anlar-kameraya-yansidi\\\/\"]}]},{\"@type\":\"ImageObject\",\"inLanguage\":\"tr\",\"@id\":\"https:\\\/\\\/memurunsesi.net\\\/index.php\\\/2026\\\/01\\\/11\\\/siirtte-otomobilin-yayaya-carptigi-anlar-kameraya-yansidi\\\/#primaryimage\",\"url\":\"https:\\\/\\\/memurunsesi.net\\\/wp-content\\\/uploads\\\/2026\\\/01\\\/otomobilin-yayaya-carpti.jpg\",\"contentUrl\":\"https:\\\/\\\/memurunsesi.net\\\/wp-content\\\/uploads\\\/2026\\\/01\\\/otomobilin-yayaya-carpti.jpg\",\"width\":1206,\"height\":660,\"caption\":\"KURTALAN \u0130L\u00c7ES\u0130NDE OTOMOB\u0130L\u0130N B\u0130R YAYAYA \u00c7ARPTI\u011eI ANLAR G\u00dcVENL\u0130K KAMERASINA YANSIDI. (\\\/S\u0130\u0130RT-\u0130HA) Siirt'in Kurtalan il\u00e7esinde otomobilin bir yayaya \u00e7arpt\u0131\u011f\u0131 anlar g\u00fcvenlik kameras\u0131na yans\u0131d\u0131.\"},{\"@type\":\"BreadcrumbList\",\"@id\":\"https:\\\/\\\/memurunsesi.net\\\/index.php\\\/2026\\\/01\\\/11\\\/siirtte-otomobilin-yayaya-carptigi-anlar-kameraya-yansidi\\\/#breadcrumb\",\"itemListElement\":[{\"@type\":\"ListItem\",\"position\":1,\"name\":\"Anasayfa\",\"item\":\"https:\\\/\\\/memurunsesi.net\\\/\"},{\"@type\":\"ListItem\",\"position\":2,\"name\":\"Siirt&#8217;te otomobilin yayaya \u00e7arpt\u0131\u011f\u0131 anlar kameraya yans\u0131d\u0131\"}]},{\"@type\":\"WebSite\",\"@id\":\"https:\\\/\\\/memurunsesi.net\\\/#website\",\"url\":\"https:\\\/\\\/memurunsesi.net\\\/\",\"name\":\"Memurun Sesi\",\"description\":\"G\u00fcncel ve Do\u011fru Haber\",\"publisher\":{\"@id\":\"https:\\\/\\\/memurunsesi.net\\\/#organization\"},\"potentialAction\":[{\"@type\":\"SearchAction\",\"target\":{\"@type\":\"EntryPoint\",\"urlTemplate\":\"https:\\\/\\\/memurunsesi.net\\\/?s={search_term_string}\"},\"query-input\":{\"@type\":\"PropertyValueSpecification\",\"valueRequired\":true,\"valueName\":\"search_term_string\"}}],\"inLanguage\":\"tr\"},{\"@type\":\"Organization\",\"@id\":\"https:\\\/\\\/memurunsesi.net\\\/#organization\",\"name\":\"Memurun Sesi\",\"url\":\"https:\\\/\\\/memurunsesi.net\\\/\",\"logo\":{\"@type\":\"ImageObject\",\"inLanguage\":\"tr\",\"@id\":\"https:\\\/\\\/memurunsesi.net\\\/#\\\/schema\\\/logo\\\/image\\\/\",\"url\":\"https:\\\/\\\/memurunsesi.net\\\/wp-content\\\/uploads\\\/2025\\\/11\\\/cropped-MEMURUN-SESI.png\",\"contentUrl\":\"https:\\\/\\\/memurunsesi.net\\\/wp-content\\\/uploads\\\/2025\\\/11\\\/cropped-MEMURUN-SESI.png\",\"width\":238,\"height\":57,\"caption\":\"Memurun Sesi\"},\"image\":{\"@id\":\"https:\\\/\\\/memurunsesi.net\\\/#\\\/schema\\\/logo\\\/image\\\/\"},\"sameAs\":[\"https:\\\/\\\/www.facebook.com\\\/unipersen\\\/?locale=tr_TR\",\"https:\\\/\\\/x.com\\\/unipersen\"]},{\"@type\":\"Person\",\"@id\":\"https:\\\/\\\/memurunsesi.net\\\/#\\\/schema\\\/person\\\/f21c2d73b89f6ee1d80b0a1803e38587\",\"name\":\"Memurun Sesi Haber Merkezi\",\"image\":{\"@type\":\"ImageObject\",\"inLanguage\":\"tr\",\"@id\":\"https:\\\/\\\/secure.gravatar.com\\\/avatar\\\/6cf0505f452ee753f485014986fab09a434671d2b919ee76fc541025c5876a70?s=96&d=mm&r=g\",\"url\":\"https:\\\/\\\/secure.gravatar.com\\\/avatar\\\/6cf0505f452ee753f485014986fab09a434671d2b919ee76fc541025c5876a70?s=96&d=mm&r=g\",\"contentUrl\":\"https:\\\/\\\/secure.gravatar.com\\\/avatar\\\/6cf0505f452ee753f485014986fab09a434671d2b919ee76fc541025c5876a70?s=96&d=mm&r=g\",\"caption\":\"Memurun Sesi Haber Merkezi\"},\"sameAs\":[\"https:\\\/\\\/memurunsesi.net\"],\"url\":\"https:\\\/\\\/memurunsesi.net\\\/index.php\\\/author\\\/uniper\\\/\"}]}<\/script>\n<!-- \/ Yoast SEO plugin. -->","yoast_head_json":{"title":"Siirt'te otomobilin yayaya \u00e7arpt\u0131\u011f\u0131 anlar kameraya yans\u0131d\u0131 - Memurun Sesi","description":"Siirt'te otomobilin yayaya \u00e7arpt\u0131\u011f\u0131 anlar kameraya yans\u0131d\u0131","robots":{"index":"index","follow":"follow","max-snippet":"max-snippet:-1","max-image-preview":"max-image-preview:large","max-video-preview":"max-video-preview:-1"},"canonical":"https:\/\/memurunsesi.net\/index.php\/2026\/01\/11\/siirtte-otomobilin-yayaya-carptigi-anlar-kameraya-yansidi\/","og_locale":"tr_TR","og_type":"article","og_title":"Siirt'te otomobilin yayaya \u00e7arpt\u0131\u011f\u0131 anlar kameraya yans\u0131d\u0131 - Memurun Sesi","og_description":"Siirt'te otomobilin yayaya \u00e7arpt\u0131\u011f\u0131 anlar kameraya yans\u0131d\u0131","og_url":"https:\/\/memurunsesi.net\/index.php\/2026\/01\/11\/siirtte-otomobilin-yayaya-carptigi-anlar-kameraya-yansidi\/","og_site_name":"Memurun Sesi","article_publisher":"https:\/\/www.facebook.com\/unipersen\/?locale=tr_TR","article_published_time":"2026-01-11T12:38:33+00:00","og_image":[{"width":1206,"height":660,"url":"https:\/\/memurunsesi.net\/wp-content\/uploads\/2026\/01\/otomobilin-yayaya-carpti.jpg","type":"image\/jpeg"}],"author":"Memurun Sesi Haber Merkezi","twitter_card":"summary_large_image","twitter_creator":"@unipersen","twitter_site":"@unipersen","twitter_misc":{"Yazan:":"Memurun Sesi Haber Merkezi","Tahmini okuma s\u00fcresi":"1 dakika"},"schema":{"@context":"https:\/\/schema.org","@graph":[{"@type":"Article","@id":"https:\/\/memurunsesi.net\/index.php\/2026\/01\/11\/siirtte-otomobilin-yayaya-carptigi-anlar-kameraya-yansidi\/#article","isPartOf":{"@id":"https:\/\/memurunsesi.net\/index.php\/2026\/01\/11\/siirtte-otomobilin-yayaya-carptigi-anlar-kameraya-yansidi\/"},"author":{"name":"Memurun Sesi Haber Merkezi","@id":"https:\/\/memurunsesi.net\/#\/schema\/person\/f21c2d73b89f6ee1d80b0a1803e38587"},"headline":"Siirt&#8217;te otomobilin yayaya \u00e7arpt\u0131\u011f\u0131 anlar kameraya yans\u0131d\u0131","datePublished":"2026-01-11T12:38:33+00:00","mainEntityOfPage":{"@id":"https:\/\/memurunsesi.net\/index.php\/2026\/01\/11\/siirtte-otomobilin-yayaya-carptigi-anlar-kameraya-yansidi\/"},"wordCount":90,"commentCount":0,"publisher":{"@id":"https:\/\/memurunsesi.net\/#organization"},"image":{"@id":"https:\/\/memurunsesi.net\/index.php\/2026\/01\/11\/siirtte-otomobilin-yayaya-carptigi-anlar-kameraya-yansidi\/#primaryimage"},"thumbnailUrl":"https:\/\/memurunsesi.net\/wp-content\/uploads\/2026\/01\/otomobilin-yayaya-carpti.jpg","keywords":["otomobilin yayaya \u00e7arpt\u0131"],"inLanguage":"tr","potentialAction":[{"@type":"CommentAction","name":"Comment","target":["https:\/\/memurunsesi.net\/index.php\/2026\/01\/11\/siirtte-otomobilin-yayaya-carptigi-anlar-kameraya-yansidi\/#respond"]}]},{"@type":"WebPage","@id":"https:\/\/memurunsesi.net\/index.php\/2026\/01\/11\/siirtte-otomobilin-yayaya-carptigi-anlar-kameraya-yansidi\/","url":"https:\/\/memurunsesi.net\/index.php\/2026\/01\/11\/siirtte-otomobilin-yayaya-carptigi-anlar-kameraya-yansidi\/","name":"Siirt'te otomobilin yayaya \u00e7arpt\u0131\u011f\u0131 anlar kameraya yans\u0131d\u0131 - Memurun Sesi","isPartOf":{"@id":"https:\/\/memurunsesi.net\/#website"},"primaryImageOfPage":{"@id":"https:\/\/memurunsesi.net\/index.php\/2026\/01\/11\/siirtte-otomobilin-yayaya-carptigi-anlar-kameraya-yansidi\/#primaryimage"},"image":{"@id":"https:\/\/memurunsesi.net\/index.php\/2026\/01\/11\/siirtte-otomobilin-yayaya-carptigi-anlar-kameraya-yansidi\/#primaryimage"},"thumbnailUrl":"https:\/\/memurunsesi.net\/wp-content\/uploads\/2026\/01\/otomobilin-yayaya-carpti.jpg","datePublished":"2026-01-11T12:38:33+00:00","description":"Siirt'te otomobilin yayaya \u00e7arpt\u0131\u011f\u0131 anlar kameraya yans\u0131d\u0131","breadcrumb":{"@id":"https:\/\/memurunsesi.net\/index.php\/2026\/01\/11\/siirtte-otomobilin-yayaya-carptigi-anlar-kameraya-yansidi\/#breadcrumb"},"inLanguage":"tr","potentialAction":[{"@type":"ReadAction","target":["https:\/\/memurunsesi.net\/index.php\/2026\/01\/11\/siirtte-otomobilin-yayaya-carptigi-anlar-kameraya-yansidi\/"]}]},{"@type":"ImageObject","inLanguage":"tr","@id":"https:\/\/memurunsesi.net\/index.php\/2026\/01\/11\/siirtte-otomobilin-yayaya-carptigi-anlar-kameraya-yansidi\/#primaryimage","url":"https:\/\/memurunsesi.net\/wp-content\/uploads\/2026\/01\/otomobilin-yayaya-carpti.jpg","contentUrl":"https:\/\/memurunsesi.net\/wp-content\/uploads\/2026\/01\/otomobilin-yayaya-carpti.jpg","width":1206,"height":660,"caption":"KURTALAN \u0130L\u00c7ES\u0130NDE OTOMOB\u0130L\u0130N B\u0130R YAYAYA \u00c7ARPTI\u011eI ANLAR G\u00dcVENL\u0130K KAMERASINA YANSIDI. (\/S\u0130\u0130RT-\u0130HA) Siirt'in Kurtalan il\u00e7esinde otomobilin bir yayaya \u00e7arpt\u0131\u011f\u0131 anlar g\u00fcvenlik kameras\u0131na yans\u0131d\u0131."},{"@type":"BreadcrumbList","@id":"https:\/\/memurunsesi.net\/index.php\/2026\/01\/11\/siirtte-otomobilin-yayaya-carptigi-anlar-kameraya-yansidi\/#breadcrumb","itemListElement":[{"@type":"ListItem","position":1,"name":"Anasayfa","item":"https:\/\/memurunsesi.net\/"},{"@type":"ListItem","position":2,"name":"Siirt&#8217;te otomobilin yayaya \u00e7arpt\u0131\u011f\u0131 anlar kameraya yans\u0131d\u0131"}]},{"@type":"WebSite","@id":"https:\/\/memurunsesi.net\/#website","url":"https:\/\/memurunsesi.net\/","name":"Memurun Sesi","description":"G\u00fcncel ve Do\u011fru Haber","publisher":{"@id":"https:\/\/memurunsesi.net\/#organization"},"potentialAction":[{"@type":"SearchAction","target":{"@type":"EntryPoint","urlTemplate":"https:\/\/memurunsesi.net\/?s={search_term_string}"},"query-input":{"@type":"PropertyValueSpecification","valueRequired":true,"valueName":"search_term_string"}}],"inLanguage":"tr"},{"@type":"Organization","@id":"https:\/\/memurunsesi.net\/#organization","name":"Memurun Sesi","url":"https:\/\/memurunsesi.net\/","logo":{"@type":"ImageObject","inLanguage":"tr","@id":"https:\/\/memurunsesi.net\/#\/schema\/logo\/image\/","url":"https:\/\/memurunsesi.net\/wp-content\/uploads\/2025\/11\/cropped-MEMURUN-SESI.png","contentUrl":"https:\/\/memurunsesi.net\/wp-content\/uploads\/2025\/11\/cropped-MEMURUN-SESI.png","width":238,"height":57,"caption":"Memurun Sesi"},"image":{"@id":"https:\/\/memurunsesi.net\/#\/schema\/logo\/image\/"},"sameAs":["https:\/\/www.facebook.com\/unipersen\/?locale=tr_TR","https:\/\/x.com\/unipersen"]},{"@type":"Person","@id":"https:\/\/memurunsesi.net\/#\/schema\/person\/f21c2d73b89f6ee1d80b0a1803e38587","name":"Memurun Sesi Haber Merkezi","image":{"@type":"ImageObject","inLanguage":"tr","@id":"https:\/\/secure.gravatar.com\/avatar\/6cf0505f452ee753f485014986fab09a434671d2b919ee76fc541025c5876a70?s=96&d=mm&r=g","url":"https:\/\/secure.gravatar.com\/avatar\/6cf0505f452ee753f485014986fab09a434671d2b919ee76fc541025c5876a70?s=96&d=mm&r=g","contentUrl":"https:\/\/secure.gravatar.com\/avatar\/6cf0505f452ee753f485014986fab09a434671d2b919ee76fc541025c5876a70?s=96&d=mm&r=g","caption":"Memurun Sesi Haber Merkezi"},"sameAs":["https:\/\/memurunsesi.net"],"url":"https:\/\/memurunsesi.net\/index.php\/author\/uniper\/"}]}},"_links":{"self":[{"href":"https:\/\/memurunsesi.net\/index.php\/wp-json\/wp\/v2\/posts\/16301","targetHints":{"allow":["GET"]}}],"collection":[{"href":"https:\/\/memurunsesi.net\/index.php\/wp-json\/wp\/v2\/posts"}],"about":[{"href":"https:\/\/memurunsesi.net\/index.php\/wp-json\/wp\/v2\/types\/post"}],"author":[{"embeddable":true,"href":"https:\/\/memurunsesi.net\/index.php\/wp-json\/wp\/v2\/users\/1"}],"replies":[{"embeddable":true,"href":"https:\/\/memurunsesi.net\/index.php\/wp-json\/wp\/v2\/comments?post=16301"}],"version-history":[{"count":1,"href":"https:\/\/memurunsesi.net\/index.php\/wp-json\/wp\/v2\/posts\/16301\/revisions"}],"predecessor-version":[{"id":16303,"href":"https:\/\/memurunsesi.net\/index.php\/wp-json\/wp\/v2\/posts\/16301\/revisions\/16303"}],"wp:featuredmedia":[{"embeddable":true,"href":"https:\/\/memurunsesi.net\/index.php\/wp-json\/wp\/v2\/media\/16302"}],"wp:attachment":[{"href":"https:\/\/memurunsesi.net\/index.php\/wp-json\/wp\/v2\/media?parent=16301"}],"wp:term":[{"taxonomy":"category","embeddable":true,"href":"https:\/\/memurunsesi.net\/index.php\/wp-json\/wp\/v2\/categories?post=16301"},{"taxonomy":"post_tag","embeddable":true,"href":"https:\/\/memurunsesi.net\/index.php\/wp-json\/wp\/v2\/tags?post=16301"}],"curies":[{"name":"wp","href":"https:\/\/api.w.org\/{rel}","templated":true}]}}