{"id":16388,"date":"2026-01-14T22:09:10","date_gmt":"2026-01-14T19:09:10","guid":{"rendered":"https:\/\/memurunsesi.net\/?p=16388"},"modified":"2026-01-14T22:09:43","modified_gmt":"2026-01-14T19:09:43","slug":"tamamlayici-emeklilik-degil-tamamlanmamis-adalet","status":"publish","type":"post","link":"https:\/\/memurunsesi.net\/index.php\/2026\/01\/14\/tamamlayici-emeklilik-degil-tamamlanmamis-adalet\/","title":{"rendered":"Tamamlay\u0131c\u0131 Emeklilik De\u011fil, Tamamlanmam\u0131\u015f Adalet"},"content":{"rendered":"<p>Bir s\u00fcredir kamuoyunun g\u00fcndemine aral\u0131kl\u0131 olarak sokulan Tamamlay\u0131c\u0131 Emeklilik Sistemi (TES), \u00f6zellikle memurlar i\u00e7in bir \u201cgelecek g\u00fcvencesi\u201d de\u011fil, a\u00e7\u0131k bir hak kayb\u0131 riski olarak alg\u0131lan\u0131yordu. \u00c7\u00fcnk\u00fc ad\u0131 \u201ctamamlay\u0131c\u0131\u201d olsa da, i\u00e7eri\u011fi itibar\u0131yla mevcut sosyal g\u00fcvenlik sistemini tamamlamaktan \u00e7ok, kamunun sorumlulu\u011funu \u00e7al\u0131\u015fanlar\u0131n s\u0131rt\u0131na y\u00fckleyen bir anlay\u0131\u015f\u0131 bar\u0131nd\u0131r\u0131yordu.<\/p>\n<p>Cumhurba\u015fkan\u0131 Yard\u0131mc\u0131s\u0131 Cevdet Y\u0131lmaz\u2019\u0131n yapt\u0131\u011f\u0131 son a\u00e7\u0131klama bu a\u00e7\u0131dan \u00f6nemlidir. Y\u0131lmaz, a\u00e7\u0131k ve net bir ifadeyle \u201cTamamlay\u0131c\u0131 emeklilik sistemi i\u00e7in \u015fu a\u015famada olgunla\u015fm\u0131\u015f bir \u00e7al\u0131\u015fma yok\u201d dedi. Bu c\u00fcmle, memur ve emekliler a\u00e7\u0131s\u0131ndan bir rahatlama c\u00fcmlesidir. \u00c7\u00fcnk\u00fc bug\u00fcn kamu \u00e7al\u0131\u015fan\u0131n\u0131n ihtiyac\u0131 olan \u015fey yeni kesintiler de\u011fil, mevcut maa\u015fla ayakta kalabilmektir.<\/p>\n<p>Ge\u00e7inemeyen Memura \u2018Tasarruf\u2019 Dayatmas\u0131<\/p>\n<p>Sorulmas\u0131 gereken soru \u015fudur:<br \/>\nBug\u00fcn ald\u0131\u011f\u0131 maa\u015fla ay sonunu getiremeyen memura, yar\u0131n i\u00e7in nas\u0131l birikim yapt\u0131racaks\u0131n\u0131z?<\/p>\n<p>Enflasyon kar\u015f\u0131s\u0131nda eriyen maa\u015flar, ger\u00e7e\u011fi yans\u0131tmayan istatistikler, d\u00fc\u015f\u00fck ayl\u0131k ba\u011flama oranlar\u0131 ve yoksulluk s\u0131n\u0131r\u0131n\u0131n \u00e7ok alt\u0131nda kalan emekli maa\u015flar\u0131 ortadayken; \u00e7\u00f6z\u00fcm, zorunlu bir tamamlay\u0131c\u0131 sistem olamaz. Bu, sosyal devletin asli g\u00f6revinden vazge\u00e7mesi anlam\u0131na gelir.<\/p>\n<p>Devlet, emeklilikte insanca ya\u015fam\u0131 sa\u011flamakla y\u00fck\u00fcml\u00fcd\u00fcr. Bu y\u00fck\u00fcml\u00fcl\u00fck, bireyin maa\u015f\u0131ndan kesinti yap\u0131larak \u00f6zel fonlara devredilemez.<\/p>\n<p>As\u0131l Tamamlanmas\u0131 Gereken Sistem<\/p>\n<p>Tamamlay\u0131c\u0131 emeklilik tart\u0131\u015fmalar\u0131 bize \u015funu a\u00e7\u0131k\u00e7a g\u00f6steriyor:<br \/>\nSorun emeklilik sisteminin \u201ctamamlay\u0131c\u0131\u201d olmamas\u0131 de\u011fil, adaletinin eksik olmas\u0131d\u0131r.<\/p>\n<p>Ayl\u0131k ba\u011flama oranlar\u0131 d\u00fc\u015f\u00fckt\u00fcr.<\/p>\n<p>Prim\u2013maa\u015f dengesi bozulmu\u015ftur.<\/p>\n<p>Uzun y\u0131llar \u00e7al\u0131\u015fan cezaland\u0131r\u0131lmaktad\u0131r.<\/p>\n<p>Emeklilik, bir dinlenme hakk\u0131 de\u011fil, ikinci bir ge\u00e7im m\u00fccadelesine d\u00f6n\u00fc\u015fm\u00fc\u015ft\u00fcr.<\/p>\n<p>Bu \u015fartlar alt\u0131nda TES, bir \u00e7\u00f6z\u00fcm de\u011fil, sorunun \u00fczerini \u00f6rtme giri\u015fimi olur.<\/p>\n<p>Sendikal M\u00fccadele Bo\u015funa De\u011fildi<\/p>\n<p>Bug\u00fcn gelinen noktada, sendikalar\u0131n ve emek \u00f6rg\u00fctlerinin uyar\u0131lar\u0131n\u0131n ne kadar yerinde oldu\u011fu bir kez daha g\u00f6r\u00fclm\u00fc\u015ft\u00fcr. Zorunlu TES\u2019in maa\u015flardan yap\u0131lacak yeni kesintiler anlam\u0131na gelece\u011fini, kamusal emeklilik anlay\u0131\u015f\u0131n\u0131 zay\u0131flataca\u011f\u0131n\u0131 ve \u00e7al\u0131\u015fan\u0131 piyasan\u0131n insaf\u0131na b\u0131rakaca\u011f\u0131n\u0131 s\u00f6yledik.<\/p>\n<p>\u015eimdi yetkili a\u011f\u0131zdan gelen \u201colgunla\u015fm\u0131\u015f \u00e7al\u0131\u015fma yok\u201d a\u00e7\u0131klamas\u0131, bu itirazlar\u0131n g\u00f6rmezden gelinemedi\u011fini g\u00f6stermektedir.<\/p>\n<p>Emeklilik L\u00fctuf De\u011fil, Hakt\u0131r<\/p>\n<p>Unutulmamal\u0131d\u0131r:<br \/>\nEmeklilik bir tasarruf tercihi de\u011fil, anayasal bir sosyal hakt\u0131r. Devletin g\u00f6revi, bu hakk\u0131 g\u00fc\u00e7lendirmek; \u00e7al\u0131\u015fan\u0131 \u00f6zel fonlara mecbur b\u0131rakmak de\u011fildir.<br \/>\nTamamlay\u0131c\u0131 Emeklilik De\u011fil, Tamamlanmam\u0131\u015f Adalet<\/p>\n<p>Bir s\u00fcredir kamuoyunun g\u00fcndemine aral\u0131kl\u0131 olarak sokulan Tamamlay\u0131c\u0131 Emeklilik Sistemi (TES), \u00f6zellikle memurlar i\u00e7in bir \u201cgelecek g\u00fcvencesi\u201d de\u011fil, a\u00e7\u0131k bir hak kayb\u0131 riski olarak alg\u0131lan\u0131yordu. \u00c7\u00fcnk\u00fc ad\u0131 \u201ctamamlay\u0131c\u0131\u201d olsa da, i\u00e7eri\u011fi itibar\u0131yla mevcut sosyal g\u00fcvenlik sistemini tamamlamaktan \u00e7ok, kamunun sorumlulu\u011funu \u00e7al\u0131\u015fanlar\u0131n s\u0131rt\u0131na y\u00fckleyen bir anlay\u0131\u015f\u0131 bar\u0131nd\u0131r\u0131yordu.<\/p>\n<p>Cumhurba\u015fkan\u0131 Yard\u0131mc\u0131s\u0131 Cevdet Y\u0131lmaz\u2019\u0131n yapt\u0131\u011f\u0131 son a\u00e7\u0131klama bu a\u00e7\u0131dan \u00f6nemlidir. Y\u0131lmaz, a\u00e7\u0131k ve net bir ifadeyle \u201cTamamlay\u0131c\u0131 emeklilik sistemi i\u00e7in \u015fu a\u015famada olgunla\u015fm\u0131\u015f bir \u00e7al\u0131\u015fma yok\u201d dedi. Bu c\u00fcmle, memur ve emekliler a\u00e7\u0131s\u0131ndan bir rahatlama c\u00fcmlesidir. \u00c7\u00fcnk\u00fc bug\u00fcn kamu \u00e7al\u0131\u015fan\u0131n\u0131n ihtiyac\u0131 olan \u015fey yeni kesintiler de\u011fil, mevcut maa\u015fla ayakta kalabilmektir.<\/p>\n<p>Ge\u00e7inemeyen Memura \u2018Tasarruf\u2019 Dayatmas\u0131<\/p>\n<p>Sorulmas\u0131 gereken soru \u015fudur:<br \/>\nBug\u00fcn ald\u0131\u011f\u0131 maa\u015fla ay sonunu getiremeyen memura, yar\u0131n i\u00e7in nas\u0131l birikim yapt\u0131racaks\u0131n\u0131z?<\/p>\n<p>Enflasyon kar\u015f\u0131s\u0131nda eriyen maa\u015flar, ger\u00e7e\u011fi yans\u0131tmayan istatistikler, d\u00fc\u015f\u00fck ayl\u0131k ba\u011flama oranlar\u0131 ve yoksulluk s\u0131n\u0131r\u0131n\u0131n \u00e7ok alt\u0131nda kalan emekli maa\u015flar\u0131 ortadayken; \u00e7\u00f6z\u00fcm, zorunlu bir tamamlay\u0131c\u0131 sistem olamaz. Bu, sosyal devletin asli g\u00f6revinden vazge\u00e7mesi anlam\u0131na gelir.<\/p>\n<p>Devlet, emeklilikte insanca ya\u015fam\u0131 sa\u011flamakla y\u00fck\u00fcml\u00fcd\u00fcr. Bu y\u00fck\u00fcml\u00fcl\u00fck, bireyin maa\u015f\u0131ndan kesinti yap\u0131larak \u00f6zel fonlara devredilemez.<\/p>\n<p>As\u0131l Tamamlanmas\u0131 Gereken Sistem<\/p>\n<p>Tamamlay\u0131c\u0131 emeklilik tart\u0131\u015fmalar\u0131 bize \u015funu a\u00e7\u0131k\u00e7a g\u00f6steriyor:<br \/>\nSorun emeklilik sisteminin \u201ctamamlay\u0131c\u0131\u201d olmamas\u0131 de\u011fil, adaletinin eksik olmas\u0131d\u0131r.<\/p>\n<p>Ayl\u0131k ba\u011flama oranlar\u0131 d\u00fc\u015f\u00fckt\u00fcr.<\/p>\n<p>Prim\u2013maa\u015f dengesi bozulmu\u015ftur.<\/p>\n<p>Uzun y\u0131llar \u00e7al\u0131\u015fan cezaland\u0131r\u0131lmaktad\u0131r.<\/p>\n<p>Emeklilik, bir dinlenme hakk\u0131 de\u011fil, ikinci bir ge\u00e7im m\u00fccadelesine d\u00f6n\u00fc\u015fm\u00fc\u015ft\u00fcr.<\/p>\n<p>Bu \u015fartlar alt\u0131nda TES, bir \u00e7\u00f6z\u00fcm de\u011fil, sorunun \u00fczerini \u00f6rtme giri\u015fimi olur.<\/p>\n<p>Sendikal M\u00fccadele Bo\u015funa De\u011fildi<\/p>\n<p>Bug\u00fcn gelinen noktada, sendikalar\u0131n ve emek \u00f6rg\u00fctlerinin uyar\u0131lar\u0131n\u0131n ne kadar yerinde oldu\u011fu bir kez daha g\u00f6r\u00fclm\u00fc\u015ft\u00fcr. Zorunlu TES\u2019in maa\u015flardan yap\u0131lacak yeni kesintiler anlam\u0131na gelece\u011fini, kamusal emeklilik anlay\u0131\u015f\u0131n\u0131 zay\u0131flataca\u011f\u0131n\u0131 ve \u00e7al\u0131\u015fan\u0131 piyasan\u0131n insaf\u0131na b\u0131rakaca\u011f\u0131n\u0131 s\u00f6yledik.<\/p>\n<p>\u015eimdi yetkili a\u011f\u0131zdan gelen \u201colgunla\u015fm\u0131\u015f \u00e7al\u0131\u015fma yok\u201d a\u00e7\u0131klamas\u0131, bu itirazlar\u0131n g\u00f6rmezden gelinemedi\u011fini g\u00f6stermektedir.<\/p>\n<p>Emeklilik L\u00fctuf De\u011fil, Hakt\u0131r<\/p>\n<p>Unutulmamal\u0131d\u0131r:<br \/>\nEmeklilik bir tasarruf tercihi de\u011fil, anayasal bir sosyal hakt\u0131r. Devletin g\u00f6revi, bu hakk\u0131 g\u00fc\u00e7lendirmek; \u00e7al\u0131\u015fan\u0131 \u00f6zel fonlara mecbur b\u0131rakmak de\u011fildir.<\/p>\n<p>Bug\u00fcn yap\u0131lmas\u0131 gereken bellidir:<\/p>\n<p>Maa\u015flar ger\u00e7ek enflasyona g\u00f6re arTamamlay\u0131c\u0131 Emeklilik De\u011fil, Tamamlanmam\u0131\u015f Adalet<\/p>\n<p>Bir s\u00fcredir kamuoyunun g\u00fcndemine aral\u0131kl\u0131 olarak sokulan Tamamlay\u0131c\u0131 Emeklilik Sistemi (TES), \u00f6zellikle memurlar i\u00e7in bir \u201cgelecek g\u00fcvencesi\u201d de\u011fil, a\u00e7\u0131k bir hak kayb\u0131 riski olarak alg\u0131lan\u0131yordu. \u00c7\u00fcnk\u00fc ad\u0131 \u201ctamamlay\u0131c\u0131\u201d olsa da, i\u00e7eri\u011fi itibar\u0131yla mevcut sosyal g\u00fcvenlik sistemini tamamlamaktan \u00e7ok, kamunun sorumlulu\u011funu \u00e7al\u0131\u015fanlar\u0131n s\u0131rt\u0131na y\u00fckleyen bir anlay\u0131\u015f\u0131 bar\u0131nd\u0131r\u0131yordu.<\/p>\n<p>Cumhurba\u015fkan\u0131 Yard\u0131mc\u0131s\u0131 Cevdet Y\u0131lmaz\u2019\u0131n yapt\u0131\u011f\u0131 son a\u00e7\u0131klama bu a\u00e7\u0131dan \u00f6nemlidir. Y\u0131lmaz, a\u00e7\u0131k ve net bir ifadeyle \u201cTamamlay\u0131c\u0131 emeklilik sistemi i\u00e7in \u015fu a\u015famada olgunla\u015fm\u0131\u015f bir \u00e7al\u0131\u015fma yok\u201d dedi. Bu c\u00fcmle, memur ve emekliler a\u00e7\u0131s\u0131ndan bir rahatlama c\u00fcmlesidir. \u00c7\u00fcnk\u00fc bug\u00fcn kamu \u00e7al\u0131\u015fan\u0131n\u0131n ihtiyac\u0131 olan \u015fey yeni kesintiler de\u011fil, mevcut maa\u015fla ayakta kalabilmektir.<\/p>\n<p>Ge\u00e7inemeyen Memura \u2018Tasarruf\u2019 Dayatmas\u0131<\/p>\n<p>Sorulmas\u0131 gereken soru \u015fudur:<br \/>\nBug\u00fcn ald\u0131\u011f\u0131 maa\u015fla ay sonunu getiremeyen memura, yar\u0131n i\u00e7in nas\u0131l birikim yapt\u0131racaks\u0131n\u0131z?<\/p>\n<p>Enflasyon kar\u015f\u0131s\u0131nda eriyen maa\u015flar, ger\u00e7e\u011fi yans\u0131tmayan istatistikler, d\u00fc\u015f\u00fck ayl\u0131k ba\u011flama oranlar\u0131 ve yoksulluk s\u0131n\u0131r\u0131n\u0131n \u00e7ok alt\u0131nda kalan emekli maa\u015flar\u0131 ortadayken; \u00e7\u00f6z\u00fcm, zorunlu bir tamamlay\u0131c\u0131 sistem olamaz. Bu, sosyal devletin asli g\u00f6revinden vazge\u00e7mesi anlam\u0131na gelir.<\/p>\n<p>Devlet, emeklilikte insanca ya\u015fam\u0131 sa\u011flamakla y\u00fck\u00fcml\u00fcd\u00fcr. Bu y\u00fck\u00fcml\u00fcl\u00fck, bireyin maa\u015f\u0131ndan kesinti yap\u0131larak \u00f6zel fonlara devredilemez.<\/p>\n<p>As\u0131l Tamamlanmas\u0131 Gereken Sistem<\/p>\n<p>Tamamlay\u0131c\u0131 emeklilik tart\u0131\u015fmalar\u0131 bize \u015funu a\u00e7\u0131k\u00e7a g\u00f6steriyor:<br \/>\nSorun emeklilik sisteminin \u201ctamamlay\u0131c\u0131\u201d olmamas\u0131 de\u011fil, adaletinin eksik olmas\u0131d\u0131r.<\/p>\n<p>Ayl\u0131k ba\u011flama oranlar\u0131 d\u00fc\u015f\u00fckt\u00fcr.<\/p>\n<p>Prim\u2013maa\u015f dengesi bozulmu\u015ftur.<\/p>\n<p>Uzun y\u0131llar \u00e7al\u0131\u015fan cezaland\u0131r\u0131lmaktad\u0131r.<\/p>\n<p>Emeklilik, bir dinlenme hakk\u0131 de\u011fil, ikinci bir ge\u00e7im m\u00fccadelesine d\u00f6n\u00fc\u015fm\u00fc\u015ft\u00fcr.<\/p>\n<p>Bu \u015fartlar alt\u0131nda TES, bir \u00e7\u00f6z\u00fcm de\u011fil, sorunun \u00fczerini \u00f6rtme giri\u015fimi olur.<\/p>\n<p>Sendikal M\u00fccadele Bo\u015funa De\u011fildi<\/p>\n<p>Bug\u00fcn gelinen noktada, sendikalar\u0131n ve emek \u00f6rg\u00fctlerinin uyar\u0131lar\u0131n\u0131n ne kadar yerinde oldu\u011fu bir kez daha g\u00f6r\u00fclm\u00fc\u015ft\u00fcr. Zorunlu TES\u2019in maa\u015flardan yap\u0131lacak yeni kesintiler anlam\u0131na gelece\u011fini, kamusal emeklilik anlay\u0131\u015f\u0131n\u0131 zay\u0131flataca\u011f\u0131n\u0131 ve \u00e7al\u0131\u015fan\u0131 piyasan\u0131n insaf\u0131na b\u0131rakaca\u011f\u0131n\u0131 s\u00f6yledik.<\/p>\n<p>\u015eimdi yetkili a\u011f\u0131zdan gelen \u201colgunla\u015fm\u0131\u015f \u00e7al\u0131\u015fma yok\u201d a\u00e7\u0131klamas\u0131, bu itirazlar\u0131n g\u00f6rmezden gelinemedi\u011fini g\u00f6stermektedir.<\/p>\n<p>Emeklilik L\u00fctuf De\u011fil, Hakt\u0131r<\/p>\n<p>Unutulmamal\u0131d\u0131r:<br \/>\nEmeklilik bir tasarruf tercihi de\u011fil, anayasal bir sosyal hakt\u0131r. Devletin g\u00f6revi, bu hakk\u0131 g\u00fc\u00e7lendirmek; \u00e7al\u0131\u015fan\u0131 \u00f6zel fonlara mecbur b\u0131rakmak de\u011fildir.<\/p>\n<p>Bug\u00fcn yap\u0131lmas\u0131 gereken bellidir:<\/p>\n<p>Maa\u015flar ger\u00e7ek enflasyona g\u00f6re art\u0131r\u0131lmal\u0131,<\/p>\n<p>Emekli ayl\u0131klar\u0131 yoksulluk s\u0131n\u0131r\u0131n\u0131n \u00fczerine \u00e7\u0131kar\u0131lmal\u0131,<\/p>\n<p>Kamusal sosyal g\u00fcvenlik sistemi g\u00fc\u00e7lendirilmelidir.<\/p>\n<p>Tamamlay\u0131c\u0131 emeklilik de\u011fil, tamamlanm\u0131\u015f bir sosyal adalet istiyoruz.t\u0131r\u0131lmal\u0131,<\/p>\n<p>Emekli ayl\u0131klar\u0131 yoksulluk s\u0131n\u0131r\u0131n\u0131n \u00fczerine \u00e7\u0131kar\u0131lmal\u0131,<\/p>\n<p>Kamusal sosyal g\u00fcvenlik sistemi g\u00fc\u00e7lendirilmelidir.<\/p>\n<p>Tamamlay\u0131c\u0131 emeklilik de\u011fil, tamamlanm\u0131\u015f bir sosyal adalet istiyoruz.<br \/>\nBug\u00fcn yap\u0131lmas\u0131 gereken bellidir:<\/p>\n<p>Maa\u015flar ger\u00e7ek enflasyona g\u00f6re art\u0131r\u0131lmal\u0131,<\/p>\n<p>Emekli ayl\u0131klar\u0131 yoksulluk s\u0131n\u0131r\u0131n\u0131n \u00fczerine \u00e7\u0131kar\u0131lmal\u0131,<\/p>\n<p>Kamusal sosyal g\u00fcvenlik sistemi g\u00fc\u00e7lendirilmelidir.<\/p>\n<p>Tamamlay\u0131c\u0131 emeklilik de\u011fil, tamamlanm\u0131\u015f bir sosyal adalet istiyoruz.<\/p>\n<p>Erdem YAL\u00c7IN<\/p>\n<p>14.01.2025<\/p>\n","protected":false},"excerpt":{"rendered":"<p>Bir s\u00fcredir kamuoyunun g\u00fcndemine aral\u0131kl\u0131 olarak sokulan Tamamlay\u0131c\u0131 Emeklilik Sistemi (TES), \u00f6zellikle memurlar i\u00e7in bir \u201cgelecek g\u00fcvencesi\u201d de\u011fil, a\u00e7\u0131k bir hak kayb\u0131 riski olarak alg\u0131lan\u0131yordu. \u00c7\u00fcnk\u00fc ad\u0131 \u201ctamamlay\u0131c\u0131\u201d olsa da, i\u00e7eri\u011fi itibar\u0131yla mevcut sosyal g\u00fcvenlik sistemini tamamlamaktan \u00e7ok, kamunun sorumlulu\u011funu \u00e7al\u0131\u015fanlar\u0131n s\u0131rt\u0131na y\u00fckleyen bir anlay\u0131\u015f\u0131 bar\u0131nd\u0131r\u0131yordu. Cumhurba\u015fkan\u0131 Yard\u0131mc\u0131s\u0131 Cevdet Y\u0131lmaz\u2019\u0131n yapt\u0131\u011f\u0131 son a\u00e7\u0131klama bu a\u00e7\u0131dan [&hellip;]<\/p>\n","protected":false},"author":1,"featured_media":15482,"comment_status":"open","ping_status":"open","sticky":false,"template":"","format":"standard","meta":{"footnotes":""},"categories":[49],"tags":[871,870],"class_list":["post-16388","post","type-post","status-publish","format-standard","has-post-thumbnail","hentry","category-kose-yazilari","tag-acik-bir-hak-kaybidir","tag-gelecek-guvencesi-degil"],"yoast_head":"<!-- This site is optimized with the Yoast SEO plugin v27.4 - https:\/\/yoast.com\/product\/yoast-seo-wordpress\/ -->\n<title>Tamamlay\u0131c\u0131 Emeklilik De\u011fil, Tamamlanmam\u0131\u015f Adalet - Memurun Sesi<\/title>\n<meta name=\"description\" content=\"Tamamlay\u0131c\u0131 Emeklilik De\u011fil, Tamamlanmam\u0131\u015f Adalet\" \/>\n<meta name=\"robots\" content=\"index, follow, max-snippet:-1, max-image-preview:large, max-video-preview:-1\" \/>\n<link rel=\"canonical\" href=\"https:\/\/memurunsesi.net\/index.php\/2026\/01\/14\/tamamlayici-emeklilik-degil-tamamlanmamis-adalet\/\" \/>\n<meta property=\"og:locale\" content=\"tr_TR\" \/>\n<meta property=\"og:type\" content=\"article\" \/>\n<meta property=\"og:title\" content=\"Tamamlay\u0131c\u0131 Emeklilik De\u011fil, Tamamlanmam\u0131\u015f Adalet - Memurun Sesi\" \/>\n<meta property=\"og:description\" content=\"Tamamlay\u0131c\u0131 Emeklilik De\u011fil, Tamamlanmam\u0131\u015f Adalet\" \/>\n<meta property=\"og:url\" content=\"https:\/\/memurunsesi.net\/index.php\/2026\/01\/14\/tamamlayici-emeklilik-degil-tamamlanmamis-adalet\/\" \/>\n<meta property=\"og:site_name\" content=\"Memurun Sesi\" \/>\n<meta property=\"article:publisher\" content=\"https:\/\/www.facebook.com\/unipersen\/?locale=tr_TR\" \/>\n<meta property=\"article:published_time\" content=\"2026-01-14T19:09:10+00:00\" \/>\n<meta property=\"article:modified_time\" content=\"2026-01-14T19:09:43+00:00\" \/>\n<meta name=\"author\" content=\"Memurun Sesi Haber Merkezi\" \/>\n<meta name=\"twitter:card\" content=\"summary_large_image\" \/>\n<meta name=\"twitter:creator\" content=\"@unipersen\" \/>\n<meta name=\"twitter:site\" content=\"@unipersen\" \/>\n<meta name=\"twitter:label1\" content=\"Yazan:\" \/>\n\t<meta name=\"twitter:data1\" content=\"Memurun Sesi Haber Merkezi\" \/>\n\t<meta name=\"twitter:label2\" content=\"Tahmini okuma s\u00fcresi\" \/>\n\t<meta name=\"twitter:data2\" content=\"7 dakika\" \/>\n<script type=\"application\/ld+json\" class=\"yoast-schema-graph\">{\"@context\":\"https:\\\/\\\/schema.org\",\"@graph\":[{\"@type\":\"Article\",\"@id\":\"https:\\\/\\\/memurunsesi.net\\\/index.php\\\/2026\\\/01\\\/14\\\/tamamlayici-emeklilik-degil-tamamlanmamis-adalet\\\/#article\",\"isPartOf\":{\"@id\":\"https:\\\/\\\/memurunsesi.net\\\/index.php\\\/2026\\\/01\\\/14\\\/tamamlayici-emeklilik-degil-tamamlanmamis-adalet\\\/\"},\"author\":{\"name\":\"Memurun Sesi Haber Merkezi\",\"@id\":\"https:\\\/\\\/memurunsesi.net\\\/#\\\/schema\\\/person\\\/f21c2d73b89f6ee1d80b0a1803e38587\"},\"headline\":\"Tamamlay\u0131c\u0131 Emeklilik De\u011fil, Tamamlanmam\u0131\u015f Adalet\",\"datePublished\":\"2026-01-14T19:09:10+00:00\",\"dateModified\":\"2026-01-14T19:09:43+00:00\",\"mainEntityOfPage\":{\"@id\":\"https:\\\/\\\/memurunsesi.net\\\/index.php\\\/2026\\\/01\\\/14\\\/tamamlayici-emeklilik-degil-tamamlanmamis-adalet\\\/\"},\"wordCount\":1548,\"commentCount\":0,\"publisher\":{\"@id\":\"https:\\\/\\\/memurunsesi.net\\\/#organization\"},\"image\":{\"@id\":\"https:\\\/\\\/memurunsesi.net\\\/index.php\\\/2026\\\/01\\\/14\\\/tamamlayici-emeklilik-degil-tamamlanmamis-adalet\\\/#primaryimage\"},\"thumbnailUrl\":\"https:\\\/\\\/memurunsesi.net\\\/wp-content\\\/uploads\\\/2025\\\/12\\\/erdem-yalcin.avif\",\"keywords\":[\"a\u00e7\u0131k bir hak kayb\u0131d\u0131r\",\"gelecek g\u00fcvencesi de\u011fil\"],\"articleSection\":[\"K\u00f6\u015fe Yaz\u0131lar\u0131\"],\"inLanguage\":\"tr\",\"potentialAction\":[{\"@type\":\"CommentAction\",\"name\":\"Comment\",\"target\":[\"https:\\\/\\\/memurunsesi.net\\\/index.php\\\/2026\\\/01\\\/14\\\/tamamlayici-emeklilik-degil-tamamlanmamis-adalet\\\/#respond\"]}]},{\"@type\":\"WebPage\",\"@id\":\"https:\\\/\\\/memurunsesi.net\\\/index.php\\\/2026\\\/01\\\/14\\\/tamamlayici-emeklilik-degil-tamamlanmamis-adalet\\\/\",\"url\":\"https:\\\/\\\/memurunsesi.net\\\/index.php\\\/2026\\\/01\\\/14\\\/tamamlayici-emeklilik-degil-tamamlanmamis-adalet\\\/\",\"name\":\"Tamamlay\u0131c\u0131 Emeklilik De\u011fil, Tamamlanmam\u0131\u015f Adalet - Memurun Sesi\",\"isPartOf\":{\"@id\":\"https:\\\/\\\/memurunsesi.net\\\/#website\"},\"primaryImageOfPage\":{\"@id\":\"https:\\\/\\\/memurunsesi.net\\\/index.php\\\/2026\\\/01\\\/14\\\/tamamlayici-emeklilik-degil-tamamlanmamis-adalet\\\/#primaryimage\"},\"image\":{\"@id\":\"https:\\\/\\\/memurunsesi.net\\\/index.php\\\/2026\\\/01\\\/14\\\/tamamlayici-emeklilik-degil-tamamlanmamis-adalet\\\/#primaryimage\"},\"thumbnailUrl\":\"https:\\\/\\\/memurunsesi.net\\\/wp-content\\\/uploads\\\/2025\\\/12\\\/erdem-yalcin.avif\",\"datePublished\":\"2026-01-14T19:09:10+00:00\",\"dateModified\":\"2026-01-14T19:09:43+00:00\",\"description\":\"Tamamlay\u0131c\u0131 Emeklilik De\u011fil, Tamamlanmam\u0131\u015f Adalet\",\"breadcrumb\":{\"@id\":\"https:\\\/\\\/memurunsesi.net\\\/index.php\\\/2026\\\/01\\\/14\\\/tamamlayici-emeklilik-degil-tamamlanmamis-adalet\\\/#breadcrumb\"},\"inLanguage\":\"tr\",\"potentialAction\":[{\"@type\":\"ReadAction\",\"target\":[\"https:\\\/\\\/memurunsesi.net\\\/index.php\\\/2026\\\/01\\\/14\\\/tamamlayici-emeklilik-degil-tamamlanmamis-adalet\\\/\"]}]},{\"@type\":\"ImageObject\",\"inLanguage\":\"tr\",\"@id\":\"https:\\\/\\\/memurunsesi.net\\\/index.php\\\/2026\\\/01\\\/14\\\/tamamlayici-emeklilik-degil-tamamlanmamis-adalet\\\/#primaryimage\",\"url\":\"https:\\\/\\\/memurunsesi.net\\\/wp-content\\\/uploads\\\/2025\\\/12\\\/erdem-yalcin.avif\",\"contentUrl\":\"https:\\\/\\\/memurunsesi.net\\\/wp-content\\\/uploads\\\/2025\\\/12\\\/erdem-yalcin.avif\",\"width\":613,\"height\":613},{\"@type\":\"BreadcrumbList\",\"@id\":\"https:\\\/\\\/memurunsesi.net\\\/index.php\\\/2026\\\/01\\\/14\\\/tamamlayici-emeklilik-degil-tamamlanmamis-adalet\\\/#breadcrumb\",\"itemListElement\":[{\"@type\":\"ListItem\",\"position\":1,\"name\":\"Anasayfa\",\"item\":\"https:\\\/\\\/memurunsesi.net\\\/\"},{\"@type\":\"ListItem\",\"position\":2,\"name\":\"Tamamlay\u0131c\u0131 Emeklilik De\u011fil, Tamamlanmam\u0131\u015f Adalet\"}]},{\"@type\":\"WebSite\",\"@id\":\"https:\\\/\\\/memurunsesi.net\\\/#website\",\"url\":\"https:\\\/\\\/memurunsesi.net\\\/\",\"name\":\"Memurun Sesi\",\"description\":\"G\u00fcncel ve Do\u011fru Haber\",\"publisher\":{\"@id\":\"https:\\\/\\\/memurunsesi.net\\\/#organization\"},\"potentialAction\":[{\"@type\":\"SearchAction\",\"target\":{\"@type\":\"EntryPoint\",\"urlTemplate\":\"https:\\\/\\\/memurunsesi.net\\\/?s={search_term_string}\"},\"query-input\":{\"@type\":\"PropertyValueSpecification\",\"valueRequired\":true,\"valueName\":\"search_term_string\"}}],\"inLanguage\":\"tr\"},{\"@type\":\"Organization\",\"@id\":\"https:\\\/\\\/memurunsesi.net\\\/#organization\",\"name\":\"Memurun Sesi\",\"url\":\"https:\\\/\\\/memurunsesi.net\\\/\",\"logo\":{\"@type\":\"ImageObject\",\"inLanguage\":\"tr\",\"@id\":\"https:\\\/\\\/memurunsesi.net\\\/#\\\/schema\\\/logo\\\/image\\\/\",\"url\":\"https:\\\/\\\/memurunsesi.net\\\/wp-content\\\/uploads\\\/2025\\\/11\\\/cropped-MEMURUN-SESI.png\",\"contentUrl\":\"https:\\\/\\\/memurunsesi.net\\\/wp-content\\\/uploads\\\/2025\\\/11\\\/cropped-MEMURUN-SESI.png\",\"width\":238,\"height\":57,\"caption\":\"Memurun Sesi\"},\"image\":{\"@id\":\"https:\\\/\\\/memurunsesi.net\\\/#\\\/schema\\\/logo\\\/image\\\/\"},\"sameAs\":[\"https:\\\/\\\/www.facebook.com\\\/unipersen\\\/?locale=tr_TR\",\"https:\\\/\\\/x.com\\\/unipersen\"]},{\"@type\":\"Person\",\"@id\":\"https:\\\/\\\/memurunsesi.net\\\/#\\\/schema\\\/person\\\/f21c2d73b89f6ee1d80b0a1803e38587\",\"name\":\"Memurun Sesi Haber Merkezi\",\"image\":{\"@type\":\"ImageObject\",\"inLanguage\":\"tr\",\"@id\":\"https:\\\/\\\/secure.gravatar.com\\\/avatar\\\/6cf0505f452ee753f485014986fab09a434671d2b919ee76fc541025c5876a70?s=96&d=mm&r=g\",\"url\":\"https:\\\/\\\/secure.gravatar.com\\\/avatar\\\/6cf0505f452ee753f485014986fab09a434671d2b919ee76fc541025c5876a70?s=96&d=mm&r=g\",\"contentUrl\":\"https:\\\/\\\/secure.gravatar.com\\\/avatar\\\/6cf0505f452ee753f485014986fab09a434671d2b919ee76fc541025c5876a70?s=96&d=mm&r=g\",\"caption\":\"Memurun Sesi Haber Merkezi\"},\"sameAs\":[\"https:\\\/\\\/memurunsesi.net\"],\"url\":\"https:\\\/\\\/memurunsesi.net\\\/index.php\\\/author\\\/uniper\\\/\"}]}<\/script>\n<!-- \/ Yoast SEO plugin. -->","yoast_head_json":{"title":"Tamamlay\u0131c\u0131 Emeklilik De\u011fil, Tamamlanmam\u0131\u015f Adalet - Memurun Sesi","description":"Tamamlay\u0131c\u0131 Emeklilik De\u011fil, Tamamlanmam\u0131\u015f Adalet","robots":{"index":"index","follow":"follow","max-snippet":"max-snippet:-1","max-image-preview":"max-image-preview:large","max-video-preview":"max-video-preview:-1"},"canonical":"https:\/\/memurunsesi.net\/index.php\/2026\/01\/14\/tamamlayici-emeklilik-degil-tamamlanmamis-adalet\/","og_locale":"tr_TR","og_type":"article","og_title":"Tamamlay\u0131c\u0131 Emeklilik De\u011fil, Tamamlanmam\u0131\u015f Adalet - Memurun Sesi","og_description":"Tamamlay\u0131c\u0131 Emeklilik De\u011fil, Tamamlanmam\u0131\u015f Adalet","og_url":"https:\/\/memurunsesi.net\/index.php\/2026\/01\/14\/tamamlayici-emeklilik-degil-tamamlanmamis-adalet\/","og_site_name":"Memurun Sesi","article_publisher":"https:\/\/www.facebook.com\/unipersen\/?locale=tr_TR","article_published_time":"2026-01-14T19:09:10+00:00","article_modified_time":"2026-01-14T19:09:43+00:00","author":"Memurun Sesi Haber Merkezi","twitter_card":"summary_large_image","twitter_creator":"@unipersen","twitter_site":"@unipersen","twitter_misc":{"Yazan:":"Memurun Sesi Haber Merkezi","Tahmini okuma s\u00fcresi":"7 dakika"},"schema":{"@context":"https:\/\/schema.org","@graph":[{"@type":"Article","@id":"https:\/\/memurunsesi.net\/index.php\/2026\/01\/14\/tamamlayici-emeklilik-degil-tamamlanmamis-adalet\/#article","isPartOf":{"@id":"https:\/\/memurunsesi.net\/index.php\/2026\/01\/14\/tamamlayici-emeklilik-degil-tamamlanmamis-adalet\/"},"author":{"name":"Memurun Sesi Haber Merkezi","@id":"https:\/\/memurunsesi.net\/#\/schema\/person\/f21c2d73b89f6ee1d80b0a1803e38587"},"headline":"Tamamlay\u0131c\u0131 Emeklilik De\u011fil, Tamamlanmam\u0131\u015f Adalet","datePublished":"2026-01-14T19:09:10+00:00","dateModified":"2026-01-14T19:09:43+00:00","mainEntityOfPage":{"@id":"https:\/\/memurunsesi.net\/index.php\/2026\/01\/14\/tamamlayici-emeklilik-degil-tamamlanmamis-adalet\/"},"wordCount":1548,"commentCount":0,"publisher":{"@id":"https:\/\/memurunsesi.net\/#organization"},"image":{"@id":"https:\/\/memurunsesi.net\/index.php\/2026\/01\/14\/tamamlayici-emeklilik-degil-tamamlanmamis-adalet\/#primaryimage"},"thumbnailUrl":"https:\/\/memurunsesi.net\/wp-content\/uploads\/2025\/12\/erdem-yalcin.avif","keywords":["a\u00e7\u0131k bir hak kayb\u0131d\u0131r","gelecek g\u00fcvencesi de\u011fil"],"articleSection":["K\u00f6\u015fe Yaz\u0131lar\u0131"],"inLanguage":"tr","potentialAction":[{"@type":"CommentAction","name":"Comment","target":["https:\/\/memurunsesi.net\/index.php\/2026\/01\/14\/tamamlayici-emeklilik-degil-tamamlanmamis-adalet\/#respond"]}]},{"@type":"WebPage","@id":"https:\/\/memurunsesi.net\/index.php\/2026\/01\/14\/tamamlayici-emeklilik-degil-tamamlanmamis-adalet\/","url":"https:\/\/memurunsesi.net\/index.php\/2026\/01\/14\/tamamlayici-emeklilik-degil-tamamlanmamis-adalet\/","name":"Tamamlay\u0131c\u0131 Emeklilik De\u011fil, Tamamlanmam\u0131\u015f Adalet - Memurun Sesi","isPartOf":{"@id":"https:\/\/memurunsesi.net\/#website"},"primaryImageOfPage":{"@id":"https:\/\/memurunsesi.net\/index.php\/2026\/01\/14\/tamamlayici-emeklilik-degil-tamamlanmamis-adalet\/#primaryimage"},"image":{"@id":"https:\/\/memurunsesi.net\/index.php\/2026\/01\/14\/tamamlayici-emeklilik-degil-tamamlanmamis-adalet\/#primaryimage"},"thumbnailUrl":"https:\/\/memurunsesi.net\/wp-content\/uploads\/2025\/12\/erdem-yalcin.avif","datePublished":"2026-01-14T19:09:10+00:00","dateModified":"2026-01-14T19:09:43+00:00","description":"Tamamlay\u0131c\u0131 Emeklilik De\u011fil, Tamamlanmam\u0131\u015f Adalet","breadcrumb":{"@id":"https:\/\/memurunsesi.net\/index.php\/2026\/01\/14\/tamamlayici-emeklilik-degil-tamamlanmamis-adalet\/#breadcrumb"},"inLanguage":"tr","potentialAction":[{"@type":"ReadAction","target":["https:\/\/memurunsesi.net\/index.php\/2026\/01\/14\/tamamlayici-emeklilik-degil-tamamlanmamis-adalet\/"]}]},{"@type":"ImageObject","inLanguage":"tr","@id":"https:\/\/memurunsesi.net\/index.php\/2026\/01\/14\/tamamlayici-emeklilik-degil-tamamlanmamis-adalet\/#primaryimage","url":"https:\/\/memurunsesi.net\/wp-content\/uploads\/2025\/12\/erdem-yalcin.avif","contentUrl":"https:\/\/memurunsesi.net\/wp-content\/uploads\/2025\/12\/erdem-yalcin.avif","width":613,"height":613},{"@type":"BreadcrumbList","@id":"https:\/\/memurunsesi.net\/index.php\/2026\/01\/14\/tamamlayici-emeklilik-degil-tamamlanmamis-adalet\/#breadcrumb","itemListElement":[{"@type":"ListItem","position":1,"name":"Anasayfa","item":"https:\/\/memurunsesi.net\/"},{"@type":"ListItem","position":2,"name":"Tamamlay\u0131c\u0131 Emeklilik De\u011fil, Tamamlanmam\u0131\u015f Adalet"}]},{"@type":"WebSite","@id":"https:\/\/memurunsesi.net\/#website","url":"https:\/\/memurunsesi.net\/","name":"Memurun Sesi","description":"G\u00fcncel ve Do\u011fru Haber","publisher":{"@id":"https:\/\/memurunsesi.net\/#organization"},"potentialAction":[{"@type":"SearchAction","target":{"@type":"EntryPoint","urlTemplate":"https:\/\/memurunsesi.net\/?s={search_term_string}"},"query-input":{"@type":"PropertyValueSpecification","valueRequired":true,"valueName":"search_term_string"}}],"inLanguage":"tr"},{"@type":"Organization","@id":"https:\/\/memurunsesi.net\/#organization","name":"Memurun Sesi","url":"https:\/\/memurunsesi.net\/","logo":{"@type":"ImageObject","inLanguage":"tr","@id":"https:\/\/memurunsesi.net\/#\/schema\/logo\/image\/","url":"https:\/\/memurunsesi.net\/wp-content\/uploads\/2025\/11\/cropped-MEMURUN-SESI.png","contentUrl":"https:\/\/memurunsesi.net\/wp-content\/uploads\/2025\/11\/cropped-MEMURUN-SESI.png","width":238,"height":57,"caption":"Memurun Sesi"},"image":{"@id":"https:\/\/memurunsesi.net\/#\/schema\/logo\/image\/"},"sameAs":["https:\/\/www.facebook.com\/unipersen\/?locale=tr_TR","https:\/\/x.com\/unipersen"]},{"@type":"Person","@id":"https:\/\/memurunsesi.net\/#\/schema\/person\/f21c2d73b89f6ee1d80b0a1803e38587","name":"Memurun Sesi Haber Merkezi","image":{"@type":"ImageObject","inLanguage":"tr","@id":"https:\/\/secure.gravatar.com\/avatar\/6cf0505f452ee753f485014986fab09a434671d2b919ee76fc541025c5876a70?s=96&d=mm&r=g","url":"https:\/\/secure.gravatar.com\/avatar\/6cf0505f452ee753f485014986fab09a434671d2b919ee76fc541025c5876a70?s=96&d=mm&r=g","contentUrl":"https:\/\/secure.gravatar.com\/avatar\/6cf0505f452ee753f485014986fab09a434671d2b919ee76fc541025c5876a70?s=96&d=mm&r=g","caption":"Memurun Sesi Haber Merkezi"},"sameAs":["https:\/\/memurunsesi.net"],"url":"https:\/\/memurunsesi.net\/index.php\/author\/uniper\/"}]}},"_links":{"self":[{"href":"https:\/\/memurunsesi.net\/index.php\/wp-json\/wp\/v2\/posts\/16388","targetHints":{"allow":["GET"]}}],"collection":[{"href":"https:\/\/memurunsesi.net\/index.php\/wp-json\/wp\/v2\/posts"}],"about":[{"href":"https:\/\/memurunsesi.net\/index.php\/wp-json\/wp\/v2\/types\/post"}],"author":[{"embeddable":true,"href":"https:\/\/memurunsesi.net\/index.php\/wp-json\/wp\/v2\/users\/1"}],"replies":[{"embeddable":true,"href":"https:\/\/memurunsesi.net\/index.php\/wp-json\/wp\/v2\/comments?post=16388"}],"version-history":[{"count":1,"href":"https:\/\/memurunsesi.net\/index.php\/wp-json\/wp\/v2\/posts\/16388\/revisions"}],"predecessor-version":[{"id":16389,"href":"https:\/\/memurunsesi.net\/index.php\/wp-json\/wp\/v2\/posts\/16388\/revisions\/16389"}],"wp:featuredmedia":[{"embeddable":true,"href":"https:\/\/memurunsesi.net\/index.php\/wp-json\/wp\/v2\/media\/15482"}],"wp:attachment":[{"href":"https:\/\/memurunsesi.net\/index.php\/wp-json\/wp\/v2\/media?parent=16388"}],"wp:term":[{"taxonomy":"category","embeddable":true,"href":"https:\/\/memurunsesi.net\/index.php\/wp-json\/wp\/v2\/categories?post=16388"},{"taxonomy":"post_tag","embeddable":true,"href":"https:\/\/memurunsesi.net\/index.php\/wp-json\/wp\/v2\/tags?post=16388"}],"curies":[{"name":"wp","href":"https:\/\/api.w.org\/{rel}","templated":true}]}}