{"id":16478,"date":"2026-01-17T07:56:30","date_gmt":"2026-01-17T04:56:30","guid":{"rendered":"https:\/\/memurunsesi.net\/?p=16478"},"modified":"2026-01-17T07:56:30","modified_gmt":"2026-01-17T04:56:30","slug":"afad-ekipleri-yogun-kar-altinda-4-saat-yuruyerek-aileye-ulasti","status":"publish","type":"post","link":"https:\/\/memurunsesi.net\/index.php\/2026\/01\/17\/afad-ekipleri-yogun-kar-altinda-4-saat-yuruyerek-aileye-ulasti\/","title":{"rendered":"AFAD ekipleri yo\u011fun kar alt\u0131nda 4 saat y\u00fcr\u00fcyerek aileye ula\u015ft\u0131"},"content":{"rendered":"<p>AFAD Tunceli ekipleri, Ovac\u0131k Aslando\u011fmu\u015f k\u00f6y\u00fcnden gelen ihbar \u00fczerine, yo\u011fun kar nedeniyle yakla\u015f\u0131k 1,5 kilometrelik yolu 4 saat y\u00fcr\u00fcyerek aileye ula\u015ft\u0131.<br \/>\nTunceli&#8217;nin Ovac\u0131k il\u00e7esine ba\u011fl\u0131 Aslando\u011fmu\u015f k\u00f6y\u00fcnde etkili olan yo\u011fun kar ya\u011f\u0131\u015f\u0131, ula\u015f\u0131m\u0131 durma noktas\u0131na getirdi. K\u00f6yde ya\u015fayan, bir \u00e7ocuklu ailenin yard\u0131m talebi \u00fczerine 4 ki\u015filik AFAD ekibi b\u00f6lgeye sevk edildi. Kar savar arac\u0131yla yol a\u00e7ma \u00e7al\u0131\u015fmas\u0131 ger\u00e7ekle\u015ftiren ekipler, ara\u00e7lar\u0131n ilerleyemedi\u011fi noktadan itibaren yakla\u015f\u0131k 1,5 kilometrelik mesafeyi y\u00fcr\u00fcyerek kat etti. Yo\u011fun kar \u00f6rt\u00fcs\u00fc ve zorlu arazi \u015fartlar\u0131 nedeniyle y\u00fcr\u00fcy\u00fc\u015f yakla\u015f\u0131k 4 saat s\u00fcrd\u00fc. Uzun s\u00fcren y\u00fcr\u00fcy\u00fc\u015f\u00fcn ard\u0131ndan aileye ula\u015fan ekipler, yapt\u0131klar\u0131 kontrollerde ailenin sa\u011fl\u0131k durumlar\u0131n\u0131n iyi oldu\u011funu belirledi. Ailenin, evlerinin \u00e7at\u0131s\u0131nda biriken kar k\u00fctlelerinden endi\u015fe ederek AFAD&#8217;a ba\u015fvurdu\u011fu \u00f6\u011frenildi. Ekipler taraf\u0131ndan \u00e7at\u0131 temizli\u011fi yap\u0131l\u0131rken, evin ula\u015f\u0131m yolu da kardan ar\u0131nd\u0131r\u0131ld\u0131. \u00c7al\u0131\u015fmalar\u0131n tamamlanmas\u0131n\u0131n ard\u0131ndan AFAD ekipleri g\u00fcvenli \u015fekilde b\u00f6lgeden ayr\u0131ld\u0131.<\/p>\n<p>17.01.2026<\/p>\n","protected":false},"excerpt":{"rendered":"<p>AFAD Tunceli ekipleri, Ovac\u0131k Aslando\u011fmu\u015f k\u00f6y\u00fcnden gelen ihbar \u00fczerine, yo\u011fun kar nedeniyle yakla\u015f\u0131k 1,5 kilometrelik yolu 4 saat y\u00fcr\u00fcyerek aileye ula\u015ft\u0131. Tunceli&#8217;nin Ovac\u0131k il\u00e7esine ba\u011fl\u0131 Aslando\u011fmu\u015f k\u00f6y\u00fcnde etkili olan yo\u011fun kar ya\u011f\u0131\u015f\u0131, ula\u015f\u0131m\u0131 durma noktas\u0131na getirdi. K\u00f6yde ya\u015fayan, bir \u00e7ocuklu ailenin yard\u0131m talebi \u00fczerine 4 ki\u015filik AFAD ekibi b\u00f6lgeye sevk edildi. Kar savar arac\u0131yla yol [&hellip;]<\/p>\n","protected":false},"author":1,"featured_media":16479,"comment_status":"open","ping_status":"open","sticky":false,"template":"","format":"standard","meta":{"footnotes":""},"categories":[1],"tags":[883],"class_list":["post-16478","post","type-post","status-publish","format-standard","has-post-thumbnail","hentry","category-genel","tag-yogun-kar"],"yoast_head":"<!-- This site is optimized with the Yoast SEO plugin v27.4 - https:\/\/yoast.com\/product\/yoast-seo-wordpress\/ -->\n<title>AFAD ekipleri yo\u011fun kar alt\u0131nda 4 saat y\u00fcr\u00fcyerek aileye ula\u015ft\u0131 - Memurun Sesi<\/title>\n<meta name=\"description\" content=\"AFAD ekipleri yo\u011fun kar alt\u0131nda 4 saat y\u00fcr\u00fcyerek aileye ula\u015ft\u0131\" \/>\n<meta name=\"robots\" content=\"index, follow, max-snippet:-1, max-image-preview:large, max-video-preview:-1\" \/>\n<link rel=\"canonical\" href=\"https:\/\/memurunsesi.net\/index.php\/2026\/01\/17\/afad-ekipleri-yogun-kar-altinda-4-saat-yuruyerek-aileye-ulasti\/\" \/>\n<meta property=\"og:locale\" content=\"tr_TR\" \/>\n<meta property=\"og:type\" content=\"article\" \/>\n<meta property=\"og:title\" content=\"AFAD ekipleri yo\u011fun kar alt\u0131nda 4 saat y\u00fcr\u00fcyerek aileye ula\u015ft\u0131 - Memurun Sesi\" \/>\n<meta property=\"og:description\" content=\"AFAD ekipleri yo\u011fun kar alt\u0131nda 4 saat y\u00fcr\u00fcyerek aileye ula\u015ft\u0131\" \/>\n<meta property=\"og:url\" content=\"https:\/\/memurunsesi.net\/index.php\/2026\/01\/17\/afad-ekipleri-yogun-kar-altinda-4-saat-yuruyerek-aileye-ulasti\/\" \/>\n<meta property=\"og:site_name\" content=\"Memurun Sesi\" \/>\n<meta property=\"article:publisher\" content=\"https:\/\/www.facebook.com\/unipersen\/?locale=tr_TR\" \/>\n<meta property=\"article:published_time\" content=\"2026-01-17T04:56:30+00:00\" \/>\n<meta property=\"og:image\" content=\"https:\/\/memurunsesi.net\/wp-content\/uploads\/2026\/01\/yogun-kar.jpg\" \/>\n\t<meta property=\"og:image:width\" content=\"340\" \/>\n\t<meta property=\"og:image:height\" content=\"548\" \/>\n\t<meta property=\"og:image:type\" content=\"image\/jpeg\" \/>\n<meta name=\"author\" content=\"Memurun Sesi Haber Merkezi\" \/>\n<meta name=\"twitter:card\" content=\"summary_large_image\" \/>\n<meta name=\"twitter:creator\" content=\"@unipersen\" \/>\n<meta name=\"twitter:site\" content=\"@unipersen\" \/>\n<meta name=\"twitter:label1\" content=\"Yazan:\" \/>\n\t<meta name=\"twitter:data1\" content=\"Memurun Sesi Haber Merkezi\" \/>\n\t<meta name=\"twitter:label2\" content=\"Tahmini okuma s\u00fcresi\" \/>\n\t<meta name=\"twitter:data2\" content=\"1 dakika\" \/>\n<script type=\"application\/ld+json\" class=\"yoast-schema-graph\">{\"@context\":\"https:\\\/\\\/schema.org\",\"@graph\":[{\"@type\":\"Article\",\"@id\":\"https:\\\/\\\/memurunsesi.net\\\/index.php\\\/2026\\\/01\\\/17\\\/afad-ekipleri-yogun-kar-altinda-4-saat-yuruyerek-aileye-ulasti\\\/#article\",\"isPartOf\":{\"@id\":\"https:\\\/\\\/memurunsesi.net\\\/index.php\\\/2026\\\/01\\\/17\\\/afad-ekipleri-yogun-kar-altinda-4-saat-yuruyerek-aileye-ulasti\\\/\"},\"author\":{\"name\":\"Memurun Sesi Haber Merkezi\",\"@id\":\"https:\\\/\\\/memurunsesi.net\\\/#\\\/schema\\\/person\\\/f21c2d73b89f6ee1d80b0a1803e38587\"},\"headline\":\"AFAD ekipleri yo\u011fun kar alt\u0131nda 4 saat y\u00fcr\u00fcyerek aileye ula\u015ft\u0131\",\"datePublished\":\"2026-01-17T04:56:30+00:00\",\"mainEntityOfPage\":{\"@id\":\"https:\\\/\\\/memurunsesi.net\\\/index.php\\\/2026\\\/01\\\/17\\\/afad-ekipleri-yogun-kar-altinda-4-saat-yuruyerek-aileye-ulasti\\\/\"},\"wordCount\":214,\"commentCount\":0,\"publisher\":{\"@id\":\"https:\\\/\\\/memurunsesi.net\\\/#organization\"},\"image\":{\"@id\":\"https:\\\/\\\/memurunsesi.net\\\/index.php\\\/2026\\\/01\\\/17\\\/afad-ekipleri-yogun-kar-altinda-4-saat-yuruyerek-aileye-ulasti\\\/#primaryimage\"},\"thumbnailUrl\":\"https:\\\/\\\/memurunsesi.net\\\/wp-content\\\/uploads\\\/2026\\\/01\\\/yogun-kar.jpg\",\"keywords\":[\"yo\u011fun kar\"],\"inLanguage\":\"tr\",\"potentialAction\":[{\"@type\":\"CommentAction\",\"name\":\"Comment\",\"target\":[\"https:\\\/\\\/memurunsesi.net\\\/index.php\\\/2026\\\/01\\\/17\\\/afad-ekipleri-yogun-kar-altinda-4-saat-yuruyerek-aileye-ulasti\\\/#respond\"]}]},{\"@type\":\"WebPage\",\"@id\":\"https:\\\/\\\/memurunsesi.net\\\/index.php\\\/2026\\\/01\\\/17\\\/afad-ekipleri-yogun-kar-altinda-4-saat-yuruyerek-aileye-ulasti\\\/\",\"url\":\"https:\\\/\\\/memurunsesi.net\\\/index.php\\\/2026\\\/01\\\/17\\\/afad-ekipleri-yogun-kar-altinda-4-saat-yuruyerek-aileye-ulasti\\\/\",\"name\":\"AFAD ekipleri yo\u011fun kar alt\u0131nda 4 saat y\u00fcr\u00fcyerek aileye ula\u015ft\u0131 - Memurun Sesi\",\"isPartOf\":{\"@id\":\"https:\\\/\\\/memurunsesi.net\\\/#website\"},\"primaryImageOfPage\":{\"@id\":\"https:\\\/\\\/memurunsesi.net\\\/index.php\\\/2026\\\/01\\\/17\\\/afad-ekipleri-yogun-kar-altinda-4-saat-yuruyerek-aileye-ulasti\\\/#primaryimage\"},\"image\":{\"@id\":\"https:\\\/\\\/memurunsesi.net\\\/index.php\\\/2026\\\/01\\\/17\\\/afad-ekipleri-yogun-kar-altinda-4-saat-yuruyerek-aileye-ulasti\\\/#primaryimage\"},\"thumbnailUrl\":\"https:\\\/\\\/memurunsesi.net\\\/wp-content\\\/uploads\\\/2026\\\/01\\\/yogun-kar.jpg\",\"datePublished\":\"2026-01-17T04:56:30+00:00\",\"description\":\"AFAD ekipleri yo\u011fun kar alt\u0131nda 4 saat y\u00fcr\u00fcyerek aileye ula\u015ft\u0131\",\"breadcrumb\":{\"@id\":\"https:\\\/\\\/memurunsesi.net\\\/index.php\\\/2026\\\/01\\\/17\\\/afad-ekipleri-yogun-kar-altinda-4-saat-yuruyerek-aileye-ulasti\\\/#breadcrumb\"},\"inLanguage\":\"tr\",\"potentialAction\":[{\"@type\":\"ReadAction\",\"target\":[\"https:\\\/\\\/memurunsesi.net\\\/index.php\\\/2026\\\/01\\\/17\\\/afad-ekipleri-yogun-kar-altinda-4-saat-yuruyerek-aileye-ulasti\\\/\"]}]},{\"@type\":\"ImageObject\",\"inLanguage\":\"tr\",\"@id\":\"https:\\\/\\\/memurunsesi.net\\\/index.php\\\/2026\\\/01\\\/17\\\/afad-ekipleri-yogun-kar-altinda-4-saat-yuruyerek-aileye-ulasti\\\/#primaryimage\",\"url\":\"https:\\\/\\\/memurunsesi.net\\\/wp-content\\\/uploads\\\/2026\\\/01\\\/yogun-kar.jpg\",\"contentUrl\":\"https:\\\/\\\/memurunsesi.net\\\/wp-content\\\/uploads\\\/2026\\\/01\\\/yogun-kar.jpg\",\"width\":340,\"height\":548,\"caption\":\"AFAD TUNCEL\u0130 EK\u0130PLER\u0130, OVACIK ASLANDO\u011eMU\u015e K\u00d6Y\u00dcNDEN GELEN \u0130HBAR \u00dcZER\u0130NE, YO\u011eUN KAR NEDEN\u0130YLE YAKLA\u015eIK 1,5 K\u0130LOMETREL\u0130K YOLU 4 SAAT Y\u00dcR\u00dcYEREK A\u0130LEYE ULA\u015eTI. (FEYZA NUR D\u0130K\u0130C\u0130\\\/TUNCEL\u0130-\u0130HA) AFAD Tunceli ekipleri, Ovac\u0131k Aslando\u011fmu\u015f k\u00f6y\u00fcnden gelen ihbar \u00fczerine, yo\u011fun kar nedeniyle yakla\u015f\u0131k 1,5 kilometrelik yolu 4 saat y\u00fcr\u00fcyerek aileye ula\u015ft\u0131.\"},{\"@type\":\"BreadcrumbList\",\"@id\":\"https:\\\/\\\/memurunsesi.net\\\/index.php\\\/2026\\\/01\\\/17\\\/afad-ekipleri-yogun-kar-altinda-4-saat-yuruyerek-aileye-ulasti\\\/#breadcrumb\",\"itemListElement\":[{\"@type\":\"ListItem\",\"position\":1,\"name\":\"Anasayfa\",\"item\":\"https:\\\/\\\/memurunsesi.net\\\/\"},{\"@type\":\"ListItem\",\"position\":2,\"name\":\"AFAD ekipleri yo\u011fun kar alt\u0131nda 4 saat y\u00fcr\u00fcyerek aileye ula\u015ft\u0131\"}]},{\"@type\":\"WebSite\",\"@id\":\"https:\\\/\\\/memurunsesi.net\\\/#website\",\"url\":\"https:\\\/\\\/memurunsesi.net\\\/\",\"name\":\"Memurun Sesi\",\"description\":\"G\u00fcncel ve Do\u011fru Haber\",\"publisher\":{\"@id\":\"https:\\\/\\\/memurunsesi.net\\\/#organization\"},\"potentialAction\":[{\"@type\":\"SearchAction\",\"target\":{\"@type\":\"EntryPoint\",\"urlTemplate\":\"https:\\\/\\\/memurunsesi.net\\\/?s={search_term_string}\"},\"query-input\":{\"@type\":\"PropertyValueSpecification\",\"valueRequired\":true,\"valueName\":\"search_term_string\"}}],\"inLanguage\":\"tr\"},{\"@type\":\"Organization\",\"@id\":\"https:\\\/\\\/memurunsesi.net\\\/#organization\",\"name\":\"Memurun Sesi\",\"url\":\"https:\\\/\\\/memurunsesi.net\\\/\",\"logo\":{\"@type\":\"ImageObject\",\"inLanguage\":\"tr\",\"@id\":\"https:\\\/\\\/memurunsesi.net\\\/#\\\/schema\\\/logo\\\/image\\\/\",\"url\":\"https:\\\/\\\/memurunsesi.net\\\/wp-content\\\/uploads\\\/2025\\\/11\\\/cropped-MEMURUN-SESI.png\",\"contentUrl\":\"https:\\\/\\\/memurunsesi.net\\\/wp-content\\\/uploads\\\/2025\\\/11\\\/cropped-MEMURUN-SESI.png\",\"width\":238,\"height\":57,\"caption\":\"Memurun Sesi\"},\"image\":{\"@id\":\"https:\\\/\\\/memurunsesi.net\\\/#\\\/schema\\\/logo\\\/image\\\/\"},\"sameAs\":[\"https:\\\/\\\/www.facebook.com\\\/unipersen\\\/?locale=tr_TR\",\"https:\\\/\\\/x.com\\\/unipersen\"]},{\"@type\":\"Person\",\"@id\":\"https:\\\/\\\/memurunsesi.net\\\/#\\\/schema\\\/person\\\/f21c2d73b89f6ee1d80b0a1803e38587\",\"name\":\"Memurun Sesi Haber Merkezi\",\"image\":{\"@type\":\"ImageObject\",\"inLanguage\":\"tr\",\"@id\":\"https:\\\/\\\/secure.gravatar.com\\\/avatar\\\/6cf0505f452ee753f485014986fab09a434671d2b919ee76fc541025c5876a70?s=96&d=mm&r=g\",\"url\":\"https:\\\/\\\/secure.gravatar.com\\\/avatar\\\/6cf0505f452ee753f485014986fab09a434671d2b919ee76fc541025c5876a70?s=96&d=mm&r=g\",\"contentUrl\":\"https:\\\/\\\/secure.gravatar.com\\\/avatar\\\/6cf0505f452ee753f485014986fab09a434671d2b919ee76fc541025c5876a70?s=96&d=mm&r=g\",\"caption\":\"Memurun Sesi Haber Merkezi\"},\"sameAs\":[\"https:\\\/\\\/memurunsesi.net\"],\"url\":\"https:\\\/\\\/memurunsesi.net\\\/index.php\\\/author\\\/uniper\\\/\"}]}<\/script>\n<!-- \/ Yoast SEO plugin. -->","yoast_head_json":{"title":"AFAD ekipleri yo\u011fun kar alt\u0131nda 4 saat y\u00fcr\u00fcyerek aileye ula\u015ft\u0131 - Memurun Sesi","description":"AFAD ekipleri yo\u011fun kar alt\u0131nda 4 saat y\u00fcr\u00fcyerek aileye ula\u015ft\u0131","robots":{"index":"index","follow":"follow","max-snippet":"max-snippet:-1","max-image-preview":"max-image-preview:large","max-video-preview":"max-video-preview:-1"},"canonical":"https:\/\/memurunsesi.net\/index.php\/2026\/01\/17\/afad-ekipleri-yogun-kar-altinda-4-saat-yuruyerek-aileye-ulasti\/","og_locale":"tr_TR","og_type":"article","og_title":"AFAD ekipleri yo\u011fun kar alt\u0131nda 4 saat y\u00fcr\u00fcyerek aileye ula\u015ft\u0131 - Memurun Sesi","og_description":"AFAD ekipleri yo\u011fun kar alt\u0131nda 4 saat y\u00fcr\u00fcyerek aileye ula\u015ft\u0131","og_url":"https:\/\/memurunsesi.net\/index.php\/2026\/01\/17\/afad-ekipleri-yogun-kar-altinda-4-saat-yuruyerek-aileye-ulasti\/","og_site_name":"Memurun Sesi","article_publisher":"https:\/\/www.facebook.com\/unipersen\/?locale=tr_TR","article_published_time":"2026-01-17T04:56:30+00:00","og_image":[{"width":340,"height":548,"url":"https:\/\/memurunsesi.net\/wp-content\/uploads\/2026\/01\/yogun-kar.jpg","type":"image\/jpeg"}],"author":"Memurun Sesi Haber Merkezi","twitter_card":"summary_large_image","twitter_creator":"@unipersen","twitter_site":"@unipersen","twitter_misc":{"Yazan:":"Memurun Sesi Haber Merkezi","Tahmini okuma s\u00fcresi":"1 dakika"},"schema":{"@context":"https:\/\/schema.org","@graph":[{"@type":"Article","@id":"https:\/\/memurunsesi.net\/index.php\/2026\/01\/17\/afad-ekipleri-yogun-kar-altinda-4-saat-yuruyerek-aileye-ulasti\/#article","isPartOf":{"@id":"https:\/\/memurunsesi.net\/index.php\/2026\/01\/17\/afad-ekipleri-yogun-kar-altinda-4-saat-yuruyerek-aileye-ulasti\/"},"author":{"name":"Memurun Sesi Haber Merkezi","@id":"https:\/\/memurunsesi.net\/#\/schema\/person\/f21c2d73b89f6ee1d80b0a1803e38587"},"headline":"AFAD ekipleri yo\u011fun kar alt\u0131nda 4 saat y\u00fcr\u00fcyerek aileye ula\u015ft\u0131","datePublished":"2026-01-17T04:56:30+00:00","mainEntityOfPage":{"@id":"https:\/\/memurunsesi.net\/index.php\/2026\/01\/17\/afad-ekipleri-yogun-kar-altinda-4-saat-yuruyerek-aileye-ulasti\/"},"wordCount":214,"commentCount":0,"publisher":{"@id":"https:\/\/memurunsesi.net\/#organization"},"image":{"@id":"https:\/\/memurunsesi.net\/index.php\/2026\/01\/17\/afad-ekipleri-yogun-kar-altinda-4-saat-yuruyerek-aileye-ulasti\/#primaryimage"},"thumbnailUrl":"https:\/\/memurunsesi.net\/wp-content\/uploads\/2026\/01\/yogun-kar.jpg","keywords":["yo\u011fun kar"],"inLanguage":"tr","potentialAction":[{"@type":"CommentAction","name":"Comment","target":["https:\/\/memurunsesi.net\/index.php\/2026\/01\/17\/afad-ekipleri-yogun-kar-altinda-4-saat-yuruyerek-aileye-ulasti\/#respond"]}]},{"@type":"WebPage","@id":"https:\/\/memurunsesi.net\/index.php\/2026\/01\/17\/afad-ekipleri-yogun-kar-altinda-4-saat-yuruyerek-aileye-ulasti\/","url":"https:\/\/memurunsesi.net\/index.php\/2026\/01\/17\/afad-ekipleri-yogun-kar-altinda-4-saat-yuruyerek-aileye-ulasti\/","name":"AFAD ekipleri yo\u011fun kar alt\u0131nda 4 saat y\u00fcr\u00fcyerek aileye ula\u015ft\u0131 - Memurun Sesi","isPartOf":{"@id":"https:\/\/memurunsesi.net\/#website"},"primaryImageOfPage":{"@id":"https:\/\/memurunsesi.net\/index.php\/2026\/01\/17\/afad-ekipleri-yogun-kar-altinda-4-saat-yuruyerek-aileye-ulasti\/#primaryimage"},"image":{"@id":"https:\/\/memurunsesi.net\/index.php\/2026\/01\/17\/afad-ekipleri-yogun-kar-altinda-4-saat-yuruyerek-aileye-ulasti\/#primaryimage"},"thumbnailUrl":"https:\/\/memurunsesi.net\/wp-content\/uploads\/2026\/01\/yogun-kar.jpg","datePublished":"2026-01-17T04:56:30+00:00","description":"AFAD ekipleri yo\u011fun kar alt\u0131nda 4 saat y\u00fcr\u00fcyerek aileye ula\u015ft\u0131","breadcrumb":{"@id":"https:\/\/memurunsesi.net\/index.php\/2026\/01\/17\/afad-ekipleri-yogun-kar-altinda-4-saat-yuruyerek-aileye-ulasti\/#breadcrumb"},"inLanguage":"tr","potentialAction":[{"@type":"ReadAction","target":["https:\/\/memurunsesi.net\/index.php\/2026\/01\/17\/afad-ekipleri-yogun-kar-altinda-4-saat-yuruyerek-aileye-ulasti\/"]}]},{"@type":"ImageObject","inLanguage":"tr","@id":"https:\/\/memurunsesi.net\/index.php\/2026\/01\/17\/afad-ekipleri-yogun-kar-altinda-4-saat-yuruyerek-aileye-ulasti\/#primaryimage","url":"https:\/\/memurunsesi.net\/wp-content\/uploads\/2026\/01\/yogun-kar.jpg","contentUrl":"https:\/\/memurunsesi.net\/wp-content\/uploads\/2026\/01\/yogun-kar.jpg","width":340,"height":548,"caption":"AFAD TUNCEL\u0130 EK\u0130PLER\u0130, OVACIK ASLANDO\u011eMU\u015e K\u00d6Y\u00dcNDEN GELEN \u0130HBAR \u00dcZER\u0130NE, YO\u011eUN KAR NEDEN\u0130YLE YAKLA\u015eIK 1,5 K\u0130LOMETREL\u0130K YOLU 4 SAAT Y\u00dcR\u00dcYEREK A\u0130LEYE ULA\u015eTI. (FEYZA NUR D\u0130K\u0130C\u0130\/TUNCEL\u0130-\u0130HA) AFAD Tunceli ekipleri, Ovac\u0131k Aslando\u011fmu\u015f k\u00f6y\u00fcnden gelen ihbar \u00fczerine, yo\u011fun kar nedeniyle yakla\u015f\u0131k 1,5 kilometrelik yolu 4 saat y\u00fcr\u00fcyerek aileye ula\u015ft\u0131."},{"@type":"BreadcrumbList","@id":"https:\/\/memurunsesi.net\/index.php\/2026\/01\/17\/afad-ekipleri-yogun-kar-altinda-4-saat-yuruyerek-aileye-ulasti\/#breadcrumb","itemListElement":[{"@type":"ListItem","position":1,"name":"Anasayfa","item":"https:\/\/memurunsesi.net\/"},{"@type":"ListItem","position":2,"name":"AFAD ekipleri yo\u011fun kar alt\u0131nda 4 saat y\u00fcr\u00fcyerek aileye ula\u015ft\u0131"}]},{"@type":"WebSite","@id":"https:\/\/memurunsesi.net\/#website","url":"https:\/\/memurunsesi.net\/","name":"Memurun Sesi","description":"G\u00fcncel ve Do\u011fru Haber","publisher":{"@id":"https:\/\/memurunsesi.net\/#organization"},"potentialAction":[{"@type":"SearchAction","target":{"@type":"EntryPoint","urlTemplate":"https:\/\/memurunsesi.net\/?s={search_term_string}"},"query-input":{"@type":"PropertyValueSpecification","valueRequired":true,"valueName":"search_term_string"}}],"inLanguage":"tr"},{"@type":"Organization","@id":"https:\/\/memurunsesi.net\/#organization","name":"Memurun Sesi","url":"https:\/\/memurunsesi.net\/","logo":{"@type":"ImageObject","inLanguage":"tr","@id":"https:\/\/memurunsesi.net\/#\/schema\/logo\/image\/","url":"https:\/\/memurunsesi.net\/wp-content\/uploads\/2025\/11\/cropped-MEMURUN-SESI.png","contentUrl":"https:\/\/memurunsesi.net\/wp-content\/uploads\/2025\/11\/cropped-MEMURUN-SESI.png","width":238,"height":57,"caption":"Memurun Sesi"},"image":{"@id":"https:\/\/memurunsesi.net\/#\/schema\/logo\/image\/"},"sameAs":["https:\/\/www.facebook.com\/unipersen\/?locale=tr_TR","https:\/\/x.com\/unipersen"]},{"@type":"Person","@id":"https:\/\/memurunsesi.net\/#\/schema\/person\/f21c2d73b89f6ee1d80b0a1803e38587","name":"Memurun Sesi Haber Merkezi","image":{"@type":"ImageObject","inLanguage":"tr","@id":"https:\/\/secure.gravatar.com\/avatar\/6cf0505f452ee753f485014986fab09a434671d2b919ee76fc541025c5876a70?s=96&d=mm&r=g","url":"https:\/\/secure.gravatar.com\/avatar\/6cf0505f452ee753f485014986fab09a434671d2b919ee76fc541025c5876a70?s=96&d=mm&r=g","contentUrl":"https:\/\/secure.gravatar.com\/avatar\/6cf0505f452ee753f485014986fab09a434671d2b919ee76fc541025c5876a70?s=96&d=mm&r=g","caption":"Memurun Sesi Haber Merkezi"},"sameAs":["https:\/\/memurunsesi.net"],"url":"https:\/\/memurunsesi.net\/index.php\/author\/uniper\/"}]}},"_links":{"self":[{"href":"https:\/\/memurunsesi.net\/index.php\/wp-json\/wp\/v2\/posts\/16478","targetHints":{"allow":["GET"]}}],"collection":[{"href":"https:\/\/memurunsesi.net\/index.php\/wp-json\/wp\/v2\/posts"}],"about":[{"href":"https:\/\/memurunsesi.net\/index.php\/wp-json\/wp\/v2\/types\/post"}],"author":[{"embeddable":true,"href":"https:\/\/memurunsesi.net\/index.php\/wp-json\/wp\/v2\/users\/1"}],"replies":[{"embeddable":true,"href":"https:\/\/memurunsesi.net\/index.php\/wp-json\/wp\/v2\/comments?post=16478"}],"version-history":[{"count":1,"href":"https:\/\/memurunsesi.net\/index.php\/wp-json\/wp\/v2\/posts\/16478\/revisions"}],"predecessor-version":[{"id":16480,"href":"https:\/\/memurunsesi.net\/index.php\/wp-json\/wp\/v2\/posts\/16478\/revisions\/16480"}],"wp:featuredmedia":[{"embeddable":true,"href":"https:\/\/memurunsesi.net\/index.php\/wp-json\/wp\/v2\/media\/16479"}],"wp:attachment":[{"href":"https:\/\/memurunsesi.net\/index.php\/wp-json\/wp\/v2\/media?parent=16478"}],"wp:term":[{"taxonomy":"category","embeddable":true,"href":"https:\/\/memurunsesi.net\/index.php\/wp-json\/wp\/v2\/categories?post=16478"},{"taxonomy":"post_tag","embeddable":true,"href":"https:\/\/memurunsesi.net\/index.php\/wp-json\/wp\/v2\/tags?post=16478"}],"curies":[{"name":"wp","href":"https:\/\/api.w.org\/{rel}","templated":true}]}}