{"id":16481,"date":"2026-01-17T08:00:01","date_gmt":"2026-01-17T05:00:01","guid":{"rendered":"https:\/\/memurunsesi.net\/?p=16481"},"modified":"2026-01-17T08:00:01","modified_gmt":"2026-01-17T05:00:01","slug":"cumhurbaskanligi-tarafindan-yapilan-atamalar-resmi-gazetede-3","status":"publish","type":"post","link":"https:\/\/memurunsesi.net\/index.php\/2026\/01\/17\/cumhurbaskanligi-tarafindan-yapilan-atamalar-resmi-gazetede-3\/","title":{"rendered":"Cumhurba\u015fkanl\u0131\u011f\u0131 taraf\u0131ndan yap\u0131lan atamalar Resmi Gazete\u2019de"},"content":{"rendered":"<p>&#8211; D\u0131\u015fi\u015fleri Bakanl\u0131\u011f\u0131 Bakan Yard\u0131mc\u0131l\u0131\u011f\u0131na Hac\u0131 Ali \u00d6zel atand\u0131<\/p>\n<p>Cumhurba\u015fkanl\u0131\u011f\u0131 taraf\u0131ndan yap\u0131lan atamalar hakk\u0131nda karar Resmi Gazete\u2019de yay\u0131mland\u0131, D\u0131\u015fi\u015fleri Bakanl\u0131\u011f\u0131 Bakan Yard\u0131mc\u0131l\u0131\u011f\u0131na Personel Genel M\u00fcd\u00fcr\u00fc Hac\u0131 Ali \u00d6zel atand\u0131.<br \/>\nCumhurba\u015fkan\u0131 Recep Tayyip Erdo\u011fan\u2019\u0131n imzas\u0131 ile yay\u0131mlanan karar ile birlikte D\u0131\u015fi\u015fleri Bakanl\u0131\u011f\u0131nda Bakan Yard\u0131mc\u0131l\u0131\u011f\u0131na Personel Genel M\u00fcd\u00fcr\u00fc Hac\u0131 Ali \u00d6zel atand\u0131. Ayr\u0131ca bakanl\u0131kta a\u00e7\u0131k bulunan \u00c7ok Tarafl\u0131 \u0130li\u015fkiler Genel M\u00fcd\u00fcrl\u00fc\u011f\u00fcne Serap Ersoy, Uluslararas\u0131 G\u00fcvenlik Genel M\u00fcd\u00fcrl\u00fc\u011f\u00fcne Mehmet Bur\u00e7in G\u00f6nenli, Uluslararas\u0131 Hukuk ve Andla\u015fmalar Genel M\u00fcd\u00fcrl\u00fc\u011f\u00fcne F\u0131rat Sunel, G\u00f6\u00e7 Politikalar\u0131 ve Vize \u0130\u015flemleri Genel M\u00fcd\u00fcrl\u00fc\u011f\u00fcne Esin \u00c7ak\u0131l, D\u0131\u015f Politika Plan ve E\u015fg\u00fcd\u00fcm Genel M\u00fcd\u00fcrl\u00fc\u011f\u00fcne ayn\u0131 yer Genel M\u00fcd\u00fcr Yard\u0131mc\u0131s\u0131 Raziye Bilge Ko\u00e7yi\u011fit, Asya Koordinasyon Genel M\u00fcd\u00fcr Yard\u0131mc\u0131l\u0131\u011f\u0131na H\u00fcseyin Emre Engin, Protokol Genel M\u00fcd\u00fcr Yard\u0131mc\u0131l\u0131klar\u0131na \u0130smail Aydil, Sencer Y\u00f6ndem ve Mustafa Cem G\u00fcnd\u00fcz, Savunma \u0130\u015fbirli\u011fi Genel M\u00fcd\u00fcr Yard\u0131mc\u0131l\u0131\u011f\u0131na Sezin \u015eahin Ye\u015filda\u011f, \u00c7evre, \u0130klim De\u011fi\u015fikli\u011fi ve S\u0131n\u0131ra\u015fan Sular Genel M\u00fcd\u00fcr Yard\u0131mc\u0131l\u0131\u011f\u0131na Ay\u015fe \u0130nan\u00e7, Destek Merkez Genel M\u00fcd\u00fcr Yard\u0131mc\u0131l\u0131\u011f\u0131na Mustafa Kemal Basa, D\u0131\u015f Politika E\u015fg\u00fcd\u00fcm Genel M\u00fcd\u00fcr Yard\u0131mc\u0131l\u0131\u011f\u0131na \u0130hsan Emre Kad\u0131o\u011flu, \u00c7in Genel M\u00fcd\u00fcr Yard\u0131mc\u0131l\u0131\u011f\u0131na Mehmet Mert Tokman, Avrupa Birli\u011fi Genel M\u00fcd\u00fcr Yard\u0131mc\u0131l\u0131\u011f\u0131na \u0130pek Zeytino\u011flu \u00d6zkan ve Uluslararas\u0131 \u0130\u00e7tihatlar Genel M\u00fcd\u00fcr Yard\u0131mc\u0131l\u0131\u011f\u0131na Savunma \u0130\u015fbirli\u011fi Genel M\u00fcd\u00fcr Yard\u0131mc\u0131s\u0131 Ay\u015fe Zeynep G\u00fcnd\u00fcz atand\u0131.<\/p>\n<p>Karar ile birlikte Milli E\u011fitim Bakanl\u0131\u011f\u0131nda ise Mesleki ve Teknik E\u011fitim Genel M\u00fcd\u00fcr Yard\u0131mc\u0131s\u0131 Mehmet Bal g\u00f6revden al\u0131nd\u0131. Mesleki ve Teknik E\u011fitim Genel M\u00fcd\u00fcr Yard\u0131mc\u0131l\u0131\u011f\u0131na Bal\u0131kesir \u0130l Milli E\u011fitim M\u00fcd\u00fcr\u00fc Murat Demir, Hukuk Hizmetleri Genel M\u00fcd\u00fcr Yard\u0131mc\u0131l\u0131\u011f\u0131na Metin G\u00fc\u00e7l\u00fc, Bilgi \u0130\u015flem Genel M\u00fcd\u00fcr Yard\u0131mc\u0131l\u0131\u011f\u0131na Esra \u00d6zmen, Din \u00d6\u011fretimi Genel M\u00fcd\u00fcr Yard\u0131mc\u0131l\u0131\u011f\u0131na Kocaeli \u0130l Milli E\u011fitim M\u00fcd\u00fcr\u00fc \u00d6mer Akman\u015fen, Temel E\u011fitim Genel M\u00fcd\u00fcr Yard\u0131mc\u0131l\u0131\u011f\u0131na Mersin \u0130l Milli E\u011fitim M\u00fcd\u00fcr\u00fc Fazilet Durmu\u015f, Mersin \u0130l Milli E\u011fitim M\u00fcd\u00fcrl\u00fc\u011f\u00fcne Burdur \u0130l Milli E\u011fitim M\u00fcd\u00fcr\u00fc Muhammed Demirci, Burdur \u0130l Milli E\u011fitim M\u00fcd\u00fcrl\u00fc\u011f\u00fcne Mehmet Necmeddin Din\u00e7, Gaziantep \u0130l Milli E\u011fitim M\u00fcd\u00fcrl\u00fc\u011f\u00fcne \u00d6nder Arpac\u0131, K\u0131rklareli \u0130l Milli E\u011fitim M\u00fcd\u00fcrl\u00fc\u011f\u00fcne Murat Alt\u0131n\u00f6z, Mu\u015f \u0130l Milli E\u011fitim M\u00fcd\u00fcrl\u00fc\u011f\u00fcne Kilis \u0130l Milli E\u011fitim M\u00fcd\u00fcr\u00fc Abdulkadir Altay, Kilis \u0130l Milli E\u011fitim M\u00fcd\u00fcrl\u00fc\u011f\u00fcne \u0130brahim A\u00e7\u0131kg\u00f6z, Kocaeli \u0130l Milli E\u011fitim M\u00fcd\u00fcrl\u00fc\u011f\u00fcne D\u00fczce \u0130l Milli E\u011fitim M\u00fcd\u00fcr\u00fc Emrullah Ayd\u0131n ve D\u00fczce \u0130l Milli E\u011fitim M\u00fcd\u00fcrl\u00fc\u011f\u00fcne G\u00fcl\u015fen \u00d6zer atand\u0131.<\/p>\n<p>K\u00fclt\u00fcr ve Turizm Bakanl\u0131\u011f\u0131nda K\u00fclt\u00fcr Varl\u0131klar\u0131 ve M\u00fczeler Genel M\u00fcd\u00fcr Yard\u0131mc\u0131s\u0131 Hatice Dilek Karakuzu g\u00f6revden al\u0131nd\u0131 ve yerine Fatih G\u00fcvendi atand\u0131. Sanayi ve Teknoloji Bakanl\u0131\u011f\u0131nda ise Stratejik Ara\u015ft\u0131rmalar ve Verimlilik Genel M\u00fcd\u00fcr Yard\u0131mc\u0131l\u0131\u011f\u0131na Mehmet O\u011fuzhan \u00dcst\u00fcn, Te\u015fvik Uygulama ve Yabanc\u0131 Sermaye Genel M\u00fcd\u00fcr Yard\u0131mc\u0131l\u0131\u011f\u0131na Sait Cordan atand\u0131. Bakanl\u0131kta Ad\u0131yaman \u0130l M\u00fcd\u00fcr\u00fc \u0130brahim Ata\u015f g\u00f6revden al\u0131nd\u0131 ve Ad\u0131yaman \u0130l M\u00fcd\u00fcrl\u00fc\u011f\u00fcne Ayd\u0131n \u00c7avana ve \u015eanl\u0131urfa \u0130l M\u00fcd\u00fcrl\u00fc\u011f\u00fcne Mehmet Yazgan atand\u0131. Ayr\u0131ca Hazine ve Maliye Bakanl\u0131\u011f\u0131, Sa\u011fl\u0131k Bakanl\u0131\u011f\u0131 ve Ticaret Bakanl\u0131\u011f\u0131nda 23 isim \u00e7e\u015fitli Ba\u015fm\u00fcfetti\u015flik ve M\u00fcfetti\u015flik g\u00f6revlerine getirildi.<\/p>\n<p>Yay\u0131mlanan karara g\u00f6re, Savunma Sanayii Ba\u015fkanl\u0131\u011f\u0131 1. Hukuk M\u00fc\u015faviri Belda \u015eenel Parlak g\u00f6revden al\u0131nd\u0131 ve yerine K\u00fcbra Y\u00fcceer atand\u0131. T\u00fcrkiye Petrolleri A.O. Genel M\u00fcd\u00fcrl\u00fc\u011f\u00fcne ve Y\u00f6netim Kurulu Ba\u015fkanl\u0131\u011f\u0131na Cem Erdem, Gelir \u0130daresi Ba\u015fkanl\u0131\u011f\u0131na a\u00e7\u0131k bulunan Gelir \u0130daresi Ba\u015fkan Yard\u0131mc\u0131l\u0131\u011f\u0131na Nuray Serdaro\u011flu Erbil atand\u0131. T\u00fcrkiye \u0130\u015fbirli\u011fi ve Koordinasyon Ajans\u0131 Ba\u015fkan Yard\u0131mc\u0131lar\u0131 \u00dcmit Naci Yorulmaz, Rahman Nurdun ve Mahmut Z\u00fcht\u00fc \u00c7evik g\u00f6revden al\u0131nd\u0131 ve yerlerine Ali Ercan, Bu\u011fra Ayd\u0131n ve Yahya Co\u015fkun atand\u0131. Uluda\u011f Alan Ba\u015fkan\u0131 B\u00fclent \u00c7\u0131nar \u00c7avu\u015f g\u00f6revden al\u0131nd\u0131 ve yerine K\u00fclt\u00fcr ve Turizm Bakanl\u0131\u011f\u0131 Antalya \u0130l K\u00fclt\u00fcr ve Turizm M\u00fcd\u00fcr\u00fc Candemir Zoro\u011flu atand\u0131.<\/p>\n<p>Karar ile birlikte Devlet Opera ve Balesi Genel M\u00fcd\u00fcr\u00fc Bedri Tan Sa\u011ft\u00fcrk g\u00f6revden al\u0131nd\u0131. Ayr\u0131ca Devlet Opera ve Balesi Genel M\u00fcd\u00fcrl\u00fc\u011f\u00fc Genel M\u00fcd\u00fcr Yard\u0131mc\u0131s\u0131 Ahmet Volkan Ersoy g\u00f6revden al\u0131nd\u0131 ve yerine Bar\u0131\u015f Salcan atand\u0131. T\u00fcrkiye Uzay Ajans\u0131 Ba\u015fkan Yard\u0131mc\u0131s\u0131 Salih Metin Kibar g\u00f6revden al\u0131nd\u0131. Tar\u0131m ve K\u0131rsal Kalk\u0131nmay\u0131 Destekleme Kurumu 1. Hukuk M\u00fc\u015faviri Burak Y\u0131ld\u0131z g\u00f6revden al\u0131nd\u0131 ve yerine Bet\u00fcl Aslan atand\u0131.<\/p>\n<p>17.01.2026<\/p>\n","protected":false},"excerpt":{"rendered":"<p>&#8211; D\u0131\u015fi\u015fleri Bakanl\u0131\u011f\u0131 Bakan Yard\u0131mc\u0131l\u0131\u011f\u0131na Hac\u0131 Ali \u00d6zel atand\u0131 Cumhurba\u015fkanl\u0131\u011f\u0131 taraf\u0131ndan yap\u0131lan atamalar hakk\u0131nda karar Resmi Gazete\u2019de yay\u0131mland\u0131, D\u0131\u015fi\u015fleri Bakanl\u0131\u011f\u0131 Bakan Yard\u0131mc\u0131l\u0131\u011f\u0131na Personel Genel M\u00fcd\u00fcr\u00fc Hac\u0131 Ali \u00d6zel atand\u0131. Cumhurba\u015fkan\u0131 Recep Tayyip Erdo\u011fan\u2019\u0131n imzas\u0131 ile yay\u0131mlanan karar ile birlikte D\u0131\u015fi\u015fleri Bakanl\u0131\u011f\u0131nda Bakan Yard\u0131mc\u0131l\u0131\u011f\u0131na Personel Genel M\u00fcd\u00fcr\u00fc Hac\u0131 Ali \u00d6zel atand\u0131. Ayr\u0131ca bakanl\u0131kta a\u00e7\u0131k bulunan \u00c7ok [&hellip;]<\/p>\n","protected":false},"author":1,"featured_media":16483,"comment_status":"open","ping_status":"open","sticky":false,"template":"","format":"standard","meta":{"footnotes":""},"categories":[1],"tags":[],"class_list":["post-16481","post","type-post","status-publish","format-standard","has-post-thumbnail","hentry","category-genel"],"yoast_head":"<!-- This site is optimized with the Yoast SEO plugin v27.4 - https:\/\/yoast.com\/product\/yoast-seo-wordpress\/ -->\n<title>Cumhurba\u015fkanl\u0131\u011f\u0131 taraf\u0131ndan yap\u0131lan atamalar Resmi Gazete\u2019de - Memurun Sesi<\/title>\n<meta name=\"robots\" content=\"index, follow, max-snippet:-1, max-image-preview:large, max-video-preview:-1\" \/>\n<link rel=\"canonical\" href=\"https:\/\/memurunsesi.net\/index.php\/2026\/01\/17\/cumhurbaskanligi-tarafindan-yapilan-atamalar-resmi-gazetede-3\/\" \/>\n<meta property=\"og:locale\" content=\"tr_TR\" \/>\n<meta property=\"og:type\" content=\"article\" \/>\n<meta property=\"og:title\" content=\"Cumhurba\u015fkanl\u0131\u011f\u0131 taraf\u0131ndan yap\u0131lan atamalar Resmi Gazete\u2019de - Memurun Sesi\" \/>\n<meta property=\"og:description\" content=\"&#8211; D\u0131\u015fi\u015fleri Bakanl\u0131\u011f\u0131 Bakan Yard\u0131mc\u0131l\u0131\u011f\u0131na Hac\u0131 Ali \u00d6zel atand\u0131 Cumhurba\u015fkanl\u0131\u011f\u0131 taraf\u0131ndan yap\u0131lan atamalar hakk\u0131nda karar Resmi Gazete\u2019de yay\u0131mland\u0131, D\u0131\u015fi\u015fleri Bakanl\u0131\u011f\u0131 Bakan Yard\u0131mc\u0131l\u0131\u011f\u0131na Personel Genel M\u00fcd\u00fcr\u00fc Hac\u0131 Ali \u00d6zel atand\u0131. Cumhurba\u015fkan\u0131 Recep Tayyip Erdo\u011fan\u2019\u0131n imzas\u0131 ile yay\u0131mlanan karar ile birlikte D\u0131\u015fi\u015fleri Bakanl\u0131\u011f\u0131nda Bakan Yard\u0131mc\u0131l\u0131\u011f\u0131na Personel Genel M\u00fcd\u00fcr\u00fc Hac\u0131 Ali \u00d6zel atand\u0131. Ayr\u0131ca bakanl\u0131kta a\u00e7\u0131k bulunan \u00c7ok [&hellip;]\" \/>\n<meta property=\"og:url\" content=\"https:\/\/memurunsesi.net\/index.php\/2026\/01\/17\/cumhurbaskanligi-tarafindan-yapilan-atamalar-resmi-gazetede-3\/\" \/>\n<meta property=\"og:site_name\" content=\"Memurun Sesi\" \/>\n<meta property=\"article:publisher\" content=\"https:\/\/www.facebook.com\/unipersen\/?locale=tr_TR\" \/>\n<meta property=\"article:published_time\" content=\"2026-01-17T05:00:01+00:00\" \/>\n<meta property=\"og:image\" content=\"https:\/\/memurunsesi.net\/wp-content\/uploads\/2026\/01\/Turkey.svg_-1.png\" \/>\n\t<meta property=\"og:image:width\" content=\"250\" \/>\n\t<meta property=\"og:image:height\" content=\"250\" \/>\n\t<meta property=\"og:image:type\" content=\"image\/png\" \/>\n<meta name=\"author\" content=\"Memurun Sesi Haber Merkezi\" \/>\n<meta name=\"twitter:card\" content=\"summary_large_image\" \/>\n<meta name=\"twitter:creator\" content=\"@unipersen\" \/>\n<meta name=\"twitter:site\" content=\"@unipersen\" \/>\n<meta name=\"twitter:label1\" content=\"Yazan:\" \/>\n\t<meta name=\"twitter:data1\" content=\"Memurun Sesi Haber Merkezi\" \/>\n\t<meta name=\"twitter:label2\" content=\"Tahmini okuma s\u00fcresi\" \/>\n\t<meta name=\"twitter:data2\" content=\"4 dakika\" \/>\n<script type=\"application\/ld+json\" class=\"yoast-schema-graph\">{\"@context\":\"https:\\\/\\\/schema.org\",\"@graph\":[{\"@type\":\"Article\",\"@id\":\"https:\\\/\\\/memurunsesi.net\\\/index.php\\\/2026\\\/01\\\/17\\\/cumhurbaskanligi-tarafindan-yapilan-atamalar-resmi-gazetede-3\\\/#article\",\"isPartOf\":{\"@id\":\"https:\\\/\\\/memurunsesi.net\\\/index.php\\\/2026\\\/01\\\/17\\\/cumhurbaskanligi-tarafindan-yapilan-atamalar-resmi-gazetede-3\\\/\"},\"author\":{\"name\":\"Memurun Sesi Haber Merkezi\",\"@id\":\"https:\\\/\\\/memurunsesi.net\\\/#\\\/schema\\\/person\\\/f21c2d73b89f6ee1d80b0a1803e38587\"},\"headline\":\"Cumhurba\u015fkanl\u0131\u011f\u0131 taraf\u0131ndan yap\u0131lan atamalar Resmi Gazete\u2019de\",\"datePublished\":\"2026-01-17T05:00:01+00:00\",\"mainEntityOfPage\":{\"@id\":\"https:\\\/\\\/memurunsesi.net\\\/index.php\\\/2026\\\/01\\\/17\\\/cumhurbaskanligi-tarafindan-yapilan-atamalar-resmi-gazetede-3\\\/\"},\"wordCount\":948,\"commentCount\":0,\"publisher\":{\"@id\":\"https:\\\/\\\/memurunsesi.net\\\/#organization\"},\"image\":{\"@id\":\"https:\\\/\\\/memurunsesi.net\\\/index.php\\\/2026\\\/01\\\/17\\\/cumhurbaskanligi-tarafindan-yapilan-atamalar-resmi-gazetede-3\\\/#primaryimage\"},\"thumbnailUrl\":\"https:\\\/\\\/memurunsesi.net\\\/wp-content\\\/uploads\\\/2026\\\/01\\\/Turkey.svg_-1.png\",\"inLanguage\":\"tr\",\"potentialAction\":[{\"@type\":\"CommentAction\",\"name\":\"Comment\",\"target\":[\"https:\\\/\\\/memurunsesi.net\\\/index.php\\\/2026\\\/01\\\/17\\\/cumhurbaskanligi-tarafindan-yapilan-atamalar-resmi-gazetede-3\\\/#respond\"]}]},{\"@type\":\"WebPage\",\"@id\":\"https:\\\/\\\/memurunsesi.net\\\/index.php\\\/2026\\\/01\\\/17\\\/cumhurbaskanligi-tarafindan-yapilan-atamalar-resmi-gazetede-3\\\/\",\"url\":\"https:\\\/\\\/memurunsesi.net\\\/index.php\\\/2026\\\/01\\\/17\\\/cumhurbaskanligi-tarafindan-yapilan-atamalar-resmi-gazetede-3\\\/\",\"name\":\"Cumhurba\u015fkanl\u0131\u011f\u0131 taraf\u0131ndan yap\u0131lan atamalar Resmi Gazete\u2019de - Memurun Sesi\",\"isPartOf\":{\"@id\":\"https:\\\/\\\/memurunsesi.net\\\/#website\"},\"primaryImageOfPage\":{\"@id\":\"https:\\\/\\\/memurunsesi.net\\\/index.php\\\/2026\\\/01\\\/17\\\/cumhurbaskanligi-tarafindan-yapilan-atamalar-resmi-gazetede-3\\\/#primaryimage\"},\"image\":{\"@id\":\"https:\\\/\\\/memurunsesi.net\\\/index.php\\\/2026\\\/01\\\/17\\\/cumhurbaskanligi-tarafindan-yapilan-atamalar-resmi-gazetede-3\\\/#primaryimage\"},\"thumbnailUrl\":\"https:\\\/\\\/memurunsesi.net\\\/wp-content\\\/uploads\\\/2026\\\/01\\\/Turkey.svg_-1.png\",\"datePublished\":\"2026-01-17T05:00:01+00:00\",\"breadcrumb\":{\"@id\":\"https:\\\/\\\/memurunsesi.net\\\/index.php\\\/2026\\\/01\\\/17\\\/cumhurbaskanligi-tarafindan-yapilan-atamalar-resmi-gazetede-3\\\/#breadcrumb\"},\"inLanguage\":\"tr\",\"potentialAction\":[{\"@type\":\"ReadAction\",\"target\":[\"https:\\\/\\\/memurunsesi.net\\\/index.php\\\/2026\\\/01\\\/17\\\/cumhurbaskanligi-tarafindan-yapilan-atamalar-resmi-gazetede-3\\\/\"]}]},{\"@type\":\"ImageObject\",\"inLanguage\":\"tr\",\"@id\":\"https:\\\/\\\/memurunsesi.net\\\/index.php\\\/2026\\\/01\\\/17\\\/cumhurbaskanligi-tarafindan-yapilan-atamalar-resmi-gazetede-3\\\/#primaryimage\",\"url\":\"https:\\\/\\\/memurunsesi.net\\\/wp-content\\\/uploads\\\/2026\\\/01\\\/Turkey.svg_-1.png\",\"contentUrl\":\"https:\\\/\\\/memurunsesi.net\\\/wp-content\\\/uploads\\\/2026\\\/01\\\/Turkey.svg_-1.png\",\"width\":250,\"height\":250},{\"@type\":\"BreadcrumbList\",\"@id\":\"https:\\\/\\\/memurunsesi.net\\\/index.php\\\/2026\\\/01\\\/17\\\/cumhurbaskanligi-tarafindan-yapilan-atamalar-resmi-gazetede-3\\\/#breadcrumb\",\"itemListElement\":[{\"@type\":\"ListItem\",\"position\":1,\"name\":\"Anasayfa\",\"item\":\"https:\\\/\\\/memurunsesi.net\\\/\"},{\"@type\":\"ListItem\",\"position\":2,\"name\":\"Cumhurba\u015fkanl\u0131\u011f\u0131 taraf\u0131ndan yap\u0131lan atamalar Resmi Gazete\u2019de\"}]},{\"@type\":\"WebSite\",\"@id\":\"https:\\\/\\\/memurunsesi.net\\\/#website\",\"url\":\"https:\\\/\\\/memurunsesi.net\\\/\",\"name\":\"Memurun Sesi\",\"description\":\"G\u00fcncel ve Do\u011fru Haber\",\"publisher\":{\"@id\":\"https:\\\/\\\/memurunsesi.net\\\/#organization\"},\"potentialAction\":[{\"@type\":\"SearchAction\",\"target\":{\"@type\":\"EntryPoint\",\"urlTemplate\":\"https:\\\/\\\/memurunsesi.net\\\/?s={search_term_string}\"},\"query-input\":{\"@type\":\"PropertyValueSpecification\",\"valueRequired\":true,\"valueName\":\"search_term_string\"}}],\"inLanguage\":\"tr\"},{\"@type\":\"Organization\",\"@id\":\"https:\\\/\\\/memurunsesi.net\\\/#organization\",\"name\":\"Memurun Sesi\",\"url\":\"https:\\\/\\\/memurunsesi.net\\\/\",\"logo\":{\"@type\":\"ImageObject\",\"inLanguage\":\"tr\",\"@id\":\"https:\\\/\\\/memurunsesi.net\\\/#\\\/schema\\\/logo\\\/image\\\/\",\"url\":\"https:\\\/\\\/memurunsesi.net\\\/wp-content\\\/uploads\\\/2025\\\/11\\\/cropped-MEMURUN-SESI.png\",\"contentUrl\":\"https:\\\/\\\/memurunsesi.net\\\/wp-content\\\/uploads\\\/2025\\\/11\\\/cropped-MEMURUN-SESI.png\",\"width\":238,\"height\":57,\"caption\":\"Memurun Sesi\"},\"image\":{\"@id\":\"https:\\\/\\\/memurunsesi.net\\\/#\\\/schema\\\/logo\\\/image\\\/\"},\"sameAs\":[\"https:\\\/\\\/www.facebook.com\\\/unipersen\\\/?locale=tr_TR\",\"https:\\\/\\\/x.com\\\/unipersen\"]},{\"@type\":\"Person\",\"@id\":\"https:\\\/\\\/memurunsesi.net\\\/#\\\/schema\\\/person\\\/f21c2d73b89f6ee1d80b0a1803e38587\",\"name\":\"Memurun Sesi Haber Merkezi\",\"image\":{\"@type\":\"ImageObject\",\"inLanguage\":\"tr\",\"@id\":\"https:\\\/\\\/secure.gravatar.com\\\/avatar\\\/6cf0505f452ee753f485014986fab09a434671d2b919ee76fc541025c5876a70?s=96&d=mm&r=g\",\"url\":\"https:\\\/\\\/secure.gravatar.com\\\/avatar\\\/6cf0505f452ee753f485014986fab09a434671d2b919ee76fc541025c5876a70?s=96&d=mm&r=g\",\"contentUrl\":\"https:\\\/\\\/secure.gravatar.com\\\/avatar\\\/6cf0505f452ee753f485014986fab09a434671d2b919ee76fc541025c5876a70?s=96&d=mm&r=g\",\"caption\":\"Memurun Sesi Haber Merkezi\"},\"sameAs\":[\"https:\\\/\\\/memurunsesi.net\"],\"url\":\"https:\\\/\\\/memurunsesi.net\\\/index.php\\\/author\\\/uniper\\\/\"}]}<\/script>\n<!-- \/ Yoast SEO plugin. -->","yoast_head_json":{"title":"Cumhurba\u015fkanl\u0131\u011f\u0131 taraf\u0131ndan yap\u0131lan atamalar Resmi Gazete\u2019de - Memurun Sesi","robots":{"index":"index","follow":"follow","max-snippet":"max-snippet:-1","max-image-preview":"max-image-preview:large","max-video-preview":"max-video-preview:-1"},"canonical":"https:\/\/memurunsesi.net\/index.php\/2026\/01\/17\/cumhurbaskanligi-tarafindan-yapilan-atamalar-resmi-gazetede-3\/","og_locale":"tr_TR","og_type":"article","og_title":"Cumhurba\u015fkanl\u0131\u011f\u0131 taraf\u0131ndan yap\u0131lan atamalar Resmi Gazete\u2019de - Memurun Sesi","og_description":"&#8211; D\u0131\u015fi\u015fleri Bakanl\u0131\u011f\u0131 Bakan Yard\u0131mc\u0131l\u0131\u011f\u0131na Hac\u0131 Ali \u00d6zel atand\u0131 Cumhurba\u015fkanl\u0131\u011f\u0131 taraf\u0131ndan yap\u0131lan atamalar hakk\u0131nda karar Resmi Gazete\u2019de yay\u0131mland\u0131, D\u0131\u015fi\u015fleri Bakanl\u0131\u011f\u0131 Bakan Yard\u0131mc\u0131l\u0131\u011f\u0131na Personel Genel M\u00fcd\u00fcr\u00fc Hac\u0131 Ali \u00d6zel atand\u0131. Cumhurba\u015fkan\u0131 Recep Tayyip Erdo\u011fan\u2019\u0131n imzas\u0131 ile yay\u0131mlanan karar ile birlikte D\u0131\u015fi\u015fleri Bakanl\u0131\u011f\u0131nda Bakan Yard\u0131mc\u0131l\u0131\u011f\u0131na Personel Genel M\u00fcd\u00fcr\u00fc Hac\u0131 Ali \u00d6zel atand\u0131. Ayr\u0131ca bakanl\u0131kta a\u00e7\u0131k bulunan \u00c7ok [&hellip;]","og_url":"https:\/\/memurunsesi.net\/index.php\/2026\/01\/17\/cumhurbaskanligi-tarafindan-yapilan-atamalar-resmi-gazetede-3\/","og_site_name":"Memurun Sesi","article_publisher":"https:\/\/www.facebook.com\/unipersen\/?locale=tr_TR","article_published_time":"2026-01-17T05:00:01+00:00","og_image":[{"width":250,"height":250,"url":"https:\/\/memurunsesi.net\/wp-content\/uploads\/2026\/01\/Turkey.svg_-1.png","type":"image\/png"}],"author":"Memurun Sesi Haber Merkezi","twitter_card":"summary_large_image","twitter_creator":"@unipersen","twitter_site":"@unipersen","twitter_misc":{"Yazan:":"Memurun Sesi Haber Merkezi","Tahmini okuma s\u00fcresi":"4 dakika"},"schema":{"@context":"https:\/\/schema.org","@graph":[{"@type":"Article","@id":"https:\/\/memurunsesi.net\/index.php\/2026\/01\/17\/cumhurbaskanligi-tarafindan-yapilan-atamalar-resmi-gazetede-3\/#article","isPartOf":{"@id":"https:\/\/memurunsesi.net\/index.php\/2026\/01\/17\/cumhurbaskanligi-tarafindan-yapilan-atamalar-resmi-gazetede-3\/"},"author":{"name":"Memurun Sesi Haber Merkezi","@id":"https:\/\/memurunsesi.net\/#\/schema\/person\/f21c2d73b89f6ee1d80b0a1803e38587"},"headline":"Cumhurba\u015fkanl\u0131\u011f\u0131 taraf\u0131ndan yap\u0131lan atamalar Resmi Gazete\u2019de","datePublished":"2026-01-17T05:00:01+00:00","mainEntityOfPage":{"@id":"https:\/\/memurunsesi.net\/index.php\/2026\/01\/17\/cumhurbaskanligi-tarafindan-yapilan-atamalar-resmi-gazetede-3\/"},"wordCount":948,"commentCount":0,"publisher":{"@id":"https:\/\/memurunsesi.net\/#organization"},"image":{"@id":"https:\/\/memurunsesi.net\/index.php\/2026\/01\/17\/cumhurbaskanligi-tarafindan-yapilan-atamalar-resmi-gazetede-3\/#primaryimage"},"thumbnailUrl":"https:\/\/memurunsesi.net\/wp-content\/uploads\/2026\/01\/Turkey.svg_-1.png","inLanguage":"tr","potentialAction":[{"@type":"CommentAction","name":"Comment","target":["https:\/\/memurunsesi.net\/index.php\/2026\/01\/17\/cumhurbaskanligi-tarafindan-yapilan-atamalar-resmi-gazetede-3\/#respond"]}]},{"@type":"WebPage","@id":"https:\/\/memurunsesi.net\/index.php\/2026\/01\/17\/cumhurbaskanligi-tarafindan-yapilan-atamalar-resmi-gazetede-3\/","url":"https:\/\/memurunsesi.net\/index.php\/2026\/01\/17\/cumhurbaskanligi-tarafindan-yapilan-atamalar-resmi-gazetede-3\/","name":"Cumhurba\u015fkanl\u0131\u011f\u0131 taraf\u0131ndan yap\u0131lan atamalar Resmi Gazete\u2019de - Memurun Sesi","isPartOf":{"@id":"https:\/\/memurunsesi.net\/#website"},"primaryImageOfPage":{"@id":"https:\/\/memurunsesi.net\/index.php\/2026\/01\/17\/cumhurbaskanligi-tarafindan-yapilan-atamalar-resmi-gazetede-3\/#primaryimage"},"image":{"@id":"https:\/\/memurunsesi.net\/index.php\/2026\/01\/17\/cumhurbaskanligi-tarafindan-yapilan-atamalar-resmi-gazetede-3\/#primaryimage"},"thumbnailUrl":"https:\/\/memurunsesi.net\/wp-content\/uploads\/2026\/01\/Turkey.svg_-1.png","datePublished":"2026-01-17T05:00:01+00:00","breadcrumb":{"@id":"https:\/\/memurunsesi.net\/index.php\/2026\/01\/17\/cumhurbaskanligi-tarafindan-yapilan-atamalar-resmi-gazetede-3\/#breadcrumb"},"inLanguage":"tr","potentialAction":[{"@type":"ReadAction","target":["https:\/\/memurunsesi.net\/index.php\/2026\/01\/17\/cumhurbaskanligi-tarafindan-yapilan-atamalar-resmi-gazetede-3\/"]}]},{"@type":"ImageObject","inLanguage":"tr","@id":"https:\/\/memurunsesi.net\/index.php\/2026\/01\/17\/cumhurbaskanligi-tarafindan-yapilan-atamalar-resmi-gazetede-3\/#primaryimage","url":"https:\/\/memurunsesi.net\/wp-content\/uploads\/2026\/01\/Turkey.svg_-1.png","contentUrl":"https:\/\/memurunsesi.net\/wp-content\/uploads\/2026\/01\/Turkey.svg_-1.png","width":250,"height":250},{"@type":"BreadcrumbList","@id":"https:\/\/memurunsesi.net\/index.php\/2026\/01\/17\/cumhurbaskanligi-tarafindan-yapilan-atamalar-resmi-gazetede-3\/#breadcrumb","itemListElement":[{"@type":"ListItem","position":1,"name":"Anasayfa","item":"https:\/\/memurunsesi.net\/"},{"@type":"ListItem","position":2,"name":"Cumhurba\u015fkanl\u0131\u011f\u0131 taraf\u0131ndan yap\u0131lan atamalar Resmi Gazete\u2019de"}]},{"@type":"WebSite","@id":"https:\/\/memurunsesi.net\/#website","url":"https:\/\/memurunsesi.net\/","name":"Memurun Sesi","description":"G\u00fcncel ve Do\u011fru Haber","publisher":{"@id":"https:\/\/memurunsesi.net\/#organization"},"potentialAction":[{"@type":"SearchAction","target":{"@type":"EntryPoint","urlTemplate":"https:\/\/memurunsesi.net\/?s={search_term_string}"},"query-input":{"@type":"PropertyValueSpecification","valueRequired":true,"valueName":"search_term_string"}}],"inLanguage":"tr"},{"@type":"Organization","@id":"https:\/\/memurunsesi.net\/#organization","name":"Memurun Sesi","url":"https:\/\/memurunsesi.net\/","logo":{"@type":"ImageObject","inLanguage":"tr","@id":"https:\/\/memurunsesi.net\/#\/schema\/logo\/image\/","url":"https:\/\/memurunsesi.net\/wp-content\/uploads\/2025\/11\/cropped-MEMURUN-SESI.png","contentUrl":"https:\/\/memurunsesi.net\/wp-content\/uploads\/2025\/11\/cropped-MEMURUN-SESI.png","width":238,"height":57,"caption":"Memurun Sesi"},"image":{"@id":"https:\/\/memurunsesi.net\/#\/schema\/logo\/image\/"},"sameAs":["https:\/\/www.facebook.com\/unipersen\/?locale=tr_TR","https:\/\/x.com\/unipersen"]},{"@type":"Person","@id":"https:\/\/memurunsesi.net\/#\/schema\/person\/f21c2d73b89f6ee1d80b0a1803e38587","name":"Memurun Sesi Haber Merkezi","image":{"@type":"ImageObject","inLanguage":"tr","@id":"https:\/\/secure.gravatar.com\/avatar\/6cf0505f452ee753f485014986fab09a434671d2b919ee76fc541025c5876a70?s=96&d=mm&r=g","url":"https:\/\/secure.gravatar.com\/avatar\/6cf0505f452ee753f485014986fab09a434671d2b919ee76fc541025c5876a70?s=96&d=mm&r=g","contentUrl":"https:\/\/secure.gravatar.com\/avatar\/6cf0505f452ee753f485014986fab09a434671d2b919ee76fc541025c5876a70?s=96&d=mm&r=g","caption":"Memurun Sesi Haber Merkezi"},"sameAs":["https:\/\/memurunsesi.net"],"url":"https:\/\/memurunsesi.net\/index.php\/author\/uniper\/"}]}},"_links":{"self":[{"href":"https:\/\/memurunsesi.net\/index.php\/wp-json\/wp\/v2\/posts\/16481","targetHints":{"allow":["GET"]}}],"collection":[{"href":"https:\/\/memurunsesi.net\/index.php\/wp-json\/wp\/v2\/posts"}],"about":[{"href":"https:\/\/memurunsesi.net\/index.php\/wp-json\/wp\/v2\/types\/post"}],"author":[{"embeddable":true,"href":"https:\/\/memurunsesi.net\/index.php\/wp-json\/wp\/v2\/users\/1"}],"replies":[{"embeddable":true,"href":"https:\/\/memurunsesi.net\/index.php\/wp-json\/wp\/v2\/comments?post=16481"}],"version-history":[{"count":1,"href":"https:\/\/memurunsesi.net\/index.php\/wp-json\/wp\/v2\/posts\/16481\/revisions"}],"predecessor-version":[{"id":16484,"href":"https:\/\/memurunsesi.net\/index.php\/wp-json\/wp\/v2\/posts\/16481\/revisions\/16484"}],"wp:featuredmedia":[{"embeddable":true,"href":"https:\/\/memurunsesi.net\/index.php\/wp-json\/wp\/v2\/media\/16483"}],"wp:attachment":[{"href":"https:\/\/memurunsesi.net\/index.php\/wp-json\/wp\/v2\/media?parent=16481"}],"wp:term":[{"taxonomy":"category","embeddable":true,"href":"https:\/\/memurunsesi.net\/index.php\/wp-json\/wp\/v2\/categories?post=16481"},{"taxonomy":"post_tag","embeddable":true,"href":"https:\/\/memurunsesi.net\/index.php\/wp-json\/wp\/v2\/tags?post=16481"}],"curies":[{"name":"wp","href":"https:\/\/api.w.org\/{rel}","templated":true}]}}