{"id":16485,"date":"2026-01-17T08:01:52","date_gmt":"2026-01-17T05:01:52","guid":{"rendered":"https:\/\/memurunsesi.net\/?p=16485"},"modified":"2026-01-17T08:01:52","modified_gmt":"2026-01-17T05:01:52","slug":"nihad-mujakic-gaziantep-fkda","status":"publish","type":"post","link":"https:\/\/memurunsesi.net\/index.php\/2026\/01\/17\/nihad-mujakic-gaziantep-fkda\/","title":{"rendered":"Nihad Mujakic, Gaziantep FK\u2019da"},"content":{"rendered":"<p>Gaziantep Futbol Kul\u00fcb\u00fc, son olarak Ey\u00fcpspor formas\u0131 giyen Bosnal\u0131 stoper Nihad Mujakic\u2019i kadrosuna katt\u0131.<br \/>\nTransfer \u00e7al\u0131\u015fmalar\u0131na devam eden Trendyol S\u00fcper Lig ekiplerinden Gaziantep Futbol Kul\u00fcb\u00fc, kiral\u0131k olarak forma giydi\u011fi Ey\u00fcpspor\u2019dan ayr\u0131lan Bosna Hersekli Nihad Mujakic\u2019i transfer etmek i\u00e7in kul\u00fcb\u00fc Partizan ile anla\u015fma sa\u011flad\u0131. Anla\u015fma sonras\u0131 29 ya\u015f\u0131ndaki stoper ile sat\u0131n alma opsiyonlu sezon sonuna kadar s\u00f6zle\u015fme imzaland\u0131. Lisans\u0131 \u00e7\u0131kan yeni transfer Mujakic\u2019in Galatasaray ma\u00e7\u0131nda forma giyebilece\u011fi \u00f6\u011frenildi.<br \/>\nTransferle ilgili Gaziantep FK\u2019dan yap\u0131lan a\u00e7\u0131klamada, &#8220;Gaziantep Futbol Kul\u00fcb\u00fcm\u00fcz, ba\u015far\u0131l\u0131 defans oyuncusu Nihad Mujakic\u2019in sat\u0131n alma opsiyonlu sezon sonuna kadar ge\u00e7ici transferi konusunda oyuncu ve FK Partizan kul\u00fcb\u00fc ile anla\u015fmaya varm\u0131\u015ft\u0131r. Yeni transferimiz Nihad Mujakic, Kul\u00fcp Ba\u015fkan\u0131m\u0131z Memik Y\u0131lmaz\u2019\u0131n kat\u0131l\u0131m\u0131yla ger\u00e7ekle\u015fen imza t\u00f6reninde kendisini kul\u00fcb\u00fcm\u00fcze ba\u011flayan resmi s\u00f6zle\u015fmeye imza att\u0131. Nihad Mujakic\u2019e kul\u00fcb\u00fcm\u00fcze ho\u015f geldin diyor, armam\u0131z alt\u0131nda \u00fcst\u00fcn ba\u015far\u0131lar diliyoruz&#8221; ifadelerine yer verildi.<\/p>\n<p>17.01.2026<\/p>\n","protected":false},"excerpt":{"rendered":"<p>Gaziantep Futbol Kul\u00fcb\u00fc, son olarak Ey\u00fcpspor formas\u0131 giyen Bosnal\u0131 stoper Nihad Mujakic\u2019i kadrosuna katt\u0131. Transfer \u00e7al\u0131\u015fmalar\u0131na devam eden Trendyol S\u00fcper Lig ekiplerinden Gaziantep Futbol Kul\u00fcb\u00fc, kiral\u0131k olarak forma giydi\u011fi Ey\u00fcpspor\u2019dan ayr\u0131lan Bosna Hersekli Nihad Mujakic\u2019i transfer etmek i\u00e7in kul\u00fcb\u00fc Partizan ile anla\u015fma sa\u011flad\u0131. Anla\u015fma sonras\u0131 29 ya\u015f\u0131ndaki stoper ile sat\u0131n alma opsiyonlu sezon sonuna kadar [&hellip;]<\/p>\n","protected":false},"author":1,"featured_media":16486,"comment_status":"open","ping_status":"open","sticky":false,"template":"","format":"standard","meta":{"footnotes":""},"categories":[57],"tags":[727],"class_list":["post-16485","post","type-post","status-publish","format-standard","has-post-thumbnail","hentry","category-spor","tag-transfer"],"yoast_head":"<!-- This site is optimized with the Yoast SEO plugin v27.4 - https:\/\/yoast.com\/product\/yoast-seo-wordpress\/ -->\n<title>Nihad Mujakic, Gaziantep FK\u2019da - Memurun Sesi<\/title>\n<meta name=\"description\" content=\"Nihad Mujakic, Gaziantep FK\u2019da\" \/>\n<meta name=\"robots\" content=\"index, follow, max-snippet:-1, max-image-preview:large, max-video-preview:-1\" \/>\n<link rel=\"canonical\" href=\"https:\/\/memurunsesi.net\/index.php\/2026\/01\/17\/nihad-mujakic-gaziantep-fkda\/\" \/>\n<meta property=\"og:locale\" content=\"tr_TR\" \/>\n<meta property=\"og:type\" content=\"article\" \/>\n<meta property=\"og:title\" content=\"Nihad Mujakic, Gaziantep FK\u2019da - Memurun Sesi\" \/>\n<meta property=\"og:description\" content=\"Nihad Mujakic, Gaziantep FK\u2019da\" \/>\n<meta property=\"og:url\" content=\"https:\/\/memurunsesi.net\/index.php\/2026\/01\/17\/nihad-mujakic-gaziantep-fkda\/\" \/>\n<meta property=\"og:site_name\" content=\"Memurun Sesi\" \/>\n<meta property=\"article:publisher\" content=\"https:\/\/www.facebook.com\/unipersen\/?locale=tr_TR\" \/>\n<meta property=\"article:published_time\" content=\"2026-01-17T05:01:52+00:00\" \/>\n<meta property=\"og:image\" content=\"https:\/\/memurunsesi.net\/wp-content\/uploads\/2026\/01\/mac-2.jpg\" \/>\n\t<meta property=\"og:image:width\" content=\"1179\" \/>\n\t<meta property=\"og:image:height\" content=\"628\" \/>\n\t<meta property=\"og:image:type\" content=\"image\/jpeg\" \/>\n<meta name=\"author\" content=\"Memurun Sesi Haber Merkezi\" \/>\n<meta name=\"twitter:card\" content=\"summary_large_image\" \/>\n<meta name=\"twitter:creator\" content=\"@unipersen\" \/>\n<meta name=\"twitter:site\" content=\"@unipersen\" \/>\n<meta name=\"twitter:label1\" content=\"Yazan:\" \/>\n\t<meta name=\"twitter:data1\" content=\"Memurun Sesi Haber Merkezi\" \/>\n\t<meta name=\"twitter:label2\" content=\"Tahmini okuma s\u00fcresi\" \/>\n\t<meta name=\"twitter:data2\" content=\"1 dakika\" \/>\n<script type=\"application\/ld+json\" class=\"yoast-schema-graph\">{\"@context\":\"https:\\\/\\\/schema.org\",\"@graph\":[{\"@type\":\"Article\",\"@id\":\"https:\\\/\\\/memurunsesi.net\\\/index.php\\\/2026\\\/01\\\/17\\\/nihad-mujakic-gaziantep-fkda\\\/#article\",\"isPartOf\":{\"@id\":\"https:\\\/\\\/memurunsesi.net\\\/index.php\\\/2026\\\/01\\\/17\\\/nihad-mujakic-gaziantep-fkda\\\/\"},\"author\":{\"name\":\"Memurun Sesi Haber Merkezi\",\"@id\":\"https:\\\/\\\/memurunsesi.net\\\/#\\\/schema\\\/person\\\/f21c2d73b89f6ee1d80b0a1803e38587\"},\"headline\":\"Nihad Mujakic, Gaziantep FK\u2019da\",\"datePublished\":\"2026-01-17T05:01:52+00:00\",\"mainEntityOfPage\":{\"@id\":\"https:\\\/\\\/memurunsesi.net\\\/index.php\\\/2026\\\/01\\\/17\\\/nihad-mujakic-gaziantep-fkda\\\/\"},\"wordCount\":202,\"commentCount\":0,\"publisher\":{\"@id\":\"https:\\\/\\\/memurunsesi.net\\\/#organization\"},\"image\":{\"@id\":\"https:\\\/\\\/memurunsesi.net\\\/index.php\\\/2026\\\/01\\\/17\\\/nihad-mujakic-gaziantep-fkda\\\/#primaryimage\"},\"thumbnailUrl\":\"https:\\\/\\\/memurunsesi.net\\\/wp-content\\\/uploads\\\/2026\\\/01\\\/mac-2.jpg\",\"keywords\":[\"transfer\"],\"articleSection\":[\"Spor\"],\"inLanguage\":\"tr\",\"potentialAction\":[{\"@type\":\"CommentAction\",\"name\":\"Comment\",\"target\":[\"https:\\\/\\\/memurunsesi.net\\\/index.php\\\/2026\\\/01\\\/17\\\/nihad-mujakic-gaziantep-fkda\\\/#respond\"]}]},{\"@type\":\"WebPage\",\"@id\":\"https:\\\/\\\/memurunsesi.net\\\/index.php\\\/2026\\\/01\\\/17\\\/nihad-mujakic-gaziantep-fkda\\\/\",\"url\":\"https:\\\/\\\/memurunsesi.net\\\/index.php\\\/2026\\\/01\\\/17\\\/nihad-mujakic-gaziantep-fkda\\\/\",\"name\":\"Nihad Mujakic, Gaziantep FK\u2019da - Memurun Sesi\",\"isPartOf\":{\"@id\":\"https:\\\/\\\/memurunsesi.net\\\/#website\"},\"primaryImageOfPage\":{\"@id\":\"https:\\\/\\\/memurunsesi.net\\\/index.php\\\/2026\\\/01\\\/17\\\/nihad-mujakic-gaziantep-fkda\\\/#primaryimage\"},\"image\":{\"@id\":\"https:\\\/\\\/memurunsesi.net\\\/index.php\\\/2026\\\/01\\\/17\\\/nihad-mujakic-gaziantep-fkda\\\/#primaryimage\"},\"thumbnailUrl\":\"https:\\\/\\\/memurunsesi.net\\\/wp-content\\\/uploads\\\/2026\\\/01\\\/mac-2.jpg\",\"datePublished\":\"2026-01-17T05:01:52+00:00\",\"description\":\"Nihad Mujakic, Gaziantep FK\u2019da\",\"breadcrumb\":{\"@id\":\"https:\\\/\\\/memurunsesi.net\\\/index.php\\\/2026\\\/01\\\/17\\\/nihad-mujakic-gaziantep-fkda\\\/#breadcrumb\"},\"inLanguage\":\"tr\",\"potentialAction\":[{\"@type\":\"ReadAction\",\"target\":[\"https:\\\/\\\/memurunsesi.net\\\/index.php\\\/2026\\\/01\\\/17\\\/nihad-mujakic-gaziantep-fkda\\\/\"]}]},{\"@type\":\"ImageObject\",\"inLanguage\":\"tr\",\"@id\":\"https:\\\/\\\/memurunsesi.net\\\/index.php\\\/2026\\\/01\\\/17\\\/nihad-mujakic-gaziantep-fkda\\\/#primaryimage\",\"url\":\"https:\\\/\\\/memurunsesi.net\\\/wp-content\\\/uploads\\\/2026\\\/01\\\/mac-2.jpg\",\"contentUrl\":\"https:\\\/\\\/memurunsesi.net\\\/wp-content\\\/uploads\\\/2026\\\/01\\\/mac-2.jpg\",\"width\":1179,\"height\":628,\"caption\":\"N\u0130HAD MUJAK\u0130C, GAZ\u0130ANTEP FK'DA (SA\u0130D VAKKAS YA\u011eCI\\\/GAZ\u0130ANTEP-\u0130HA) Gaziantep Futbol Kul\u00fcb\u00fc, son olarak Ey\u00fcpspor formas\u0131 giyen Bosnal\u0131 stoper Nihad Mujakic'i kadrosuna katt\u0131.\"},{\"@type\":\"BreadcrumbList\",\"@id\":\"https:\\\/\\\/memurunsesi.net\\\/index.php\\\/2026\\\/01\\\/17\\\/nihad-mujakic-gaziantep-fkda\\\/#breadcrumb\",\"itemListElement\":[{\"@type\":\"ListItem\",\"position\":1,\"name\":\"Anasayfa\",\"item\":\"https:\\\/\\\/memurunsesi.net\\\/\"},{\"@type\":\"ListItem\",\"position\":2,\"name\":\"Nihad Mujakic, Gaziantep FK\u2019da\"}]},{\"@type\":\"WebSite\",\"@id\":\"https:\\\/\\\/memurunsesi.net\\\/#website\",\"url\":\"https:\\\/\\\/memurunsesi.net\\\/\",\"name\":\"Memurun Sesi\",\"description\":\"G\u00fcncel ve Do\u011fru Haber\",\"publisher\":{\"@id\":\"https:\\\/\\\/memurunsesi.net\\\/#organization\"},\"potentialAction\":[{\"@type\":\"SearchAction\",\"target\":{\"@type\":\"EntryPoint\",\"urlTemplate\":\"https:\\\/\\\/memurunsesi.net\\\/?s={search_term_string}\"},\"query-input\":{\"@type\":\"PropertyValueSpecification\",\"valueRequired\":true,\"valueName\":\"search_term_string\"}}],\"inLanguage\":\"tr\"},{\"@type\":\"Organization\",\"@id\":\"https:\\\/\\\/memurunsesi.net\\\/#organization\",\"name\":\"Memurun Sesi\",\"url\":\"https:\\\/\\\/memurunsesi.net\\\/\",\"logo\":{\"@type\":\"ImageObject\",\"inLanguage\":\"tr\",\"@id\":\"https:\\\/\\\/memurunsesi.net\\\/#\\\/schema\\\/logo\\\/image\\\/\",\"url\":\"https:\\\/\\\/memurunsesi.net\\\/wp-content\\\/uploads\\\/2025\\\/11\\\/cropped-MEMURUN-SESI.png\",\"contentUrl\":\"https:\\\/\\\/memurunsesi.net\\\/wp-content\\\/uploads\\\/2025\\\/11\\\/cropped-MEMURUN-SESI.png\",\"width\":238,\"height\":57,\"caption\":\"Memurun Sesi\"},\"image\":{\"@id\":\"https:\\\/\\\/memurunsesi.net\\\/#\\\/schema\\\/logo\\\/image\\\/\"},\"sameAs\":[\"https:\\\/\\\/www.facebook.com\\\/unipersen\\\/?locale=tr_TR\",\"https:\\\/\\\/x.com\\\/unipersen\"]},{\"@type\":\"Person\",\"@id\":\"https:\\\/\\\/memurunsesi.net\\\/#\\\/schema\\\/person\\\/f21c2d73b89f6ee1d80b0a1803e38587\",\"name\":\"Memurun Sesi Haber Merkezi\",\"image\":{\"@type\":\"ImageObject\",\"inLanguage\":\"tr\",\"@id\":\"https:\\\/\\\/secure.gravatar.com\\\/avatar\\\/6cf0505f452ee753f485014986fab09a434671d2b919ee76fc541025c5876a70?s=96&d=mm&r=g\",\"url\":\"https:\\\/\\\/secure.gravatar.com\\\/avatar\\\/6cf0505f452ee753f485014986fab09a434671d2b919ee76fc541025c5876a70?s=96&d=mm&r=g\",\"contentUrl\":\"https:\\\/\\\/secure.gravatar.com\\\/avatar\\\/6cf0505f452ee753f485014986fab09a434671d2b919ee76fc541025c5876a70?s=96&d=mm&r=g\",\"caption\":\"Memurun Sesi Haber Merkezi\"},\"sameAs\":[\"https:\\\/\\\/memurunsesi.net\"],\"url\":\"https:\\\/\\\/memurunsesi.net\\\/index.php\\\/author\\\/uniper\\\/\"}]}<\/script>\n<!-- \/ Yoast SEO plugin. -->","yoast_head_json":{"title":"Nihad Mujakic, Gaziantep FK\u2019da - Memurun Sesi","description":"Nihad Mujakic, Gaziantep FK\u2019da","robots":{"index":"index","follow":"follow","max-snippet":"max-snippet:-1","max-image-preview":"max-image-preview:large","max-video-preview":"max-video-preview:-1"},"canonical":"https:\/\/memurunsesi.net\/index.php\/2026\/01\/17\/nihad-mujakic-gaziantep-fkda\/","og_locale":"tr_TR","og_type":"article","og_title":"Nihad Mujakic, Gaziantep FK\u2019da - Memurun Sesi","og_description":"Nihad Mujakic, Gaziantep FK\u2019da","og_url":"https:\/\/memurunsesi.net\/index.php\/2026\/01\/17\/nihad-mujakic-gaziantep-fkda\/","og_site_name":"Memurun Sesi","article_publisher":"https:\/\/www.facebook.com\/unipersen\/?locale=tr_TR","article_published_time":"2026-01-17T05:01:52+00:00","og_image":[{"width":1179,"height":628,"url":"https:\/\/memurunsesi.net\/wp-content\/uploads\/2026\/01\/mac-2.jpg","type":"image\/jpeg"}],"author":"Memurun Sesi Haber Merkezi","twitter_card":"summary_large_image","twitter_creator":"@unipersen","twitter_site":"@unipersen","twitter_misc":{"Yazan:":"Memurun Sesi Haber Merkezi","Tahmini okuma s\u00fcresi":"1 dakika"},"schema":{"@context":"https:\/\/schema.org","@graph":[{"@type":"Article","@id":"https:\/\/memurunsesi.net\/index.php\/2026\/01\/17\/nihad-mujakic-gaziantep-fkda\/#article","isPartOf":{"@id":"https:\/\/memurunsesi.net\/index.php\/2026\/01\/17\/nihad-mujakic-gaziantep-fkda\/"},"author":{"name":"Memurun Sesi Haber Merkezi","@id":"https:\/\/memurunsesi.net\/#\/schema\/person\/f21c2d73b89f6ee1d80b0a1803e38587"},"headline":"Nihad Mujakic, Gaziantep FK\u2019da","datePublished":"2026-01-17T05:01:52+00:00","mainEntityOfPage":{"@id":"https:\/\/memurunsesi.net\/index.php\/2026\/01\/17\/nihad-mujakic-gaziantep-fkda\/"},"wordCount":202,"commentCount":0,"publisher":{"@id":"https:\/\/memurunsesi.net\/#organization"},"image":{"@id":"https:\/\/memurunsesi.net\/index.php\/2026\/01\/17\/nihad-mujakic-gaziantep-fkda\/#primaryimage"},"thumbnailUrl":"https:\/\/memurunsesi.net\/wp-content\/uploads\/2026\/01\/mac-2.jpg","keywords":["transfer"],"articleSection":["Spor"],"inLanguage":"tr","potentialAction":[{"@type":"CommentAction","name":"Comment","target":["https:\/\/memurunsesi.net\/index.php\/2026\/01\/17\/nihad-mujakic-gaziantep-fkda\/#respond"]}]},{"@type":"WebPage","@id":"https:\/\/memurunsesi.net\/index.php\/2026\/01\/17\/nihad-mujakic-gaziantep-fkda\/","url":"https:\/\/memurunsesi.net\/index.php\/2026\/01\/17\/nihad-mujakic-gaziantep-fkda\/","name":"Nihad Mujakic, Gaziantep FK\u2019da - Memurun Sesi","isPartOf":{"@id":"https:\/\/memurunsesi.net\/#website"},"primaryImageOfPage":{"@id":"https:\/\/memurunsesi.net\/index.php\/2026\/01\/17\/nihad-mujakic-gaziantep-fkda\/#primaryimage"},"image":{"@id":"https:\/\/memurunsesi.net\/index.php\/2026\/01\/17\/nihad-mujakic-gaziantep-fkda\/#primaryimage"},"thumbnailUrl":"https:\/\/memurunsesi.net\/wp-content\/uploads\/2026\/01\/mac-2.jpg","datePublished":"2026-01-17T05:01:52+00:00","description":"Nihad Mujakic, Gaziantep FK\u2019da","breadcrumb":{"@id":"https:\/\/memurunsesi.net\/index.php\/2026\/01\/17\/nihad-mujakic-gaziantep-fkda\/#breadcrumb"},"inLanguage":"tr","potentialAction":[{"@type":"ReadAction","target":["https:\/\/memurunsesi.net\/index.php\/2026\/01\/17\/nihad-mujakic-gaziantep-fkda\/"]}]},{"@type":"ImageObject","inLanguage":"tr","@id":"https:\/\/memurunsesi.net\/index.php\/2026\/01\/17\/nihad-mujakic-gaziantep-fkda\/#primaryimage","url":"https:\/\/memurunsesi.net\/wp-content\/uploads\/2026\/01\/mac-2.jpg","contentUrl":"https:\/\/memurunsesi.net\/wp-content\/uploads\/2026\/01\/mac-2.jpg","width":1179,"height":628,"caption":"N\u0130HAD MUJAK\u0130C, GAZ\u0130ANTEP FK'DA (SA\u0130D VAKKAS YA\u011eCI\/GAZ\u0130ANTEP-\u0130HA) Gaziantep Futbol Kul\u00fcb\u00fc, son olarak Ey\u00fcpspor formas\u0131 giyen Bosnal\u0131 stoper Nihad Mujakic'i kadrosuna katt\u0131."},{"@type":"BreadcrumbList","@id":"https:\/\/memurunsesi.net\/index.php\/2026\/01\/17\/nihad-mujakic-gaziantep-fkda\/#breadcrumb","itemListElement":[{"@type":"ListItem","position":1,"name":"Anasayfa","item":"https:\/\/memurunsesi.net\/"},{"@type":"ListItem","position":2,"name":"Nihad Mujakic, Gaziantep FK\u2019da"}]},{"@type":"WebSite","@id":"https:\/\/memurunsesi.net\/#website","url":"https:\/\/memurunsesi.net\/","name":"Memurun Sesi","description":"G\u00fcncel ve Do\u011fru Haber","publisher":{"@id":"https:\/\/memurunsesi.net\/#organization"},"potentialAction":[{"@type":"SearchAction","target":{"@type":"EntryPoint","urlTemplate":"https:\/\/memurunsesi.net\/?s={search_term_string}"},"query-input":{"@type":"PropertyValueSpecification","valueRequired":true,"valueName":"search_term_string"}}],"inLanguage":"tr"},{"@type":"Organization","@id":"https:\/\/memurunsesi.net\/#organization","name":"Memurun Sesi","url":"https:\/\/memurunsesi.net\/","logo":{"@type":"ImageObject","inLanguage":"tr","@id":"https:\/\/memurunsesi.net\/#\/schema\/logo\/image\/","url":"https:\/\/memurunsesi.net\/wp-content\/uploads\/2025\/11\/cropped-MEMURUN-SESI.png","contentUrl":"https:\/\/memurunsesi.net\/wp-content\/uploads\/2025\/11\/cropped-MEMURUN-SESI.png","width":238,"height":57,"caption":"Memurun Sesi"},"image":{"@id":"https:\/\/memurunsesi.net\/#\/schema\/logo\/image\/"},"sameAs":["https:\/\/www.facebook.com\/unipersen\/?locale=tr_TR","https:\/\/x.com\/unipersen"]},{"@type":"Person","@id":"https:\/\/memurunsesi.net\/#\/schema\/person\/f21c2d73b89f6ee1d80b0a1803e38587","name":"Memurun Sesi Haber Merkezi","image":{"@type":"ImageObject","inLanguage":"tr","@id":"https:\/\/secure.gravatar.com\/avatar\/6cf0505f452ee753f485014986fab09a434671d2b919ee76fc541025c5876a70?s=96&d=mm&r=g","url":"https:\/\/secure.gravatar.com\/avatar\/6cf0505f452ee753f485014986fab09a434671d2b919ee76fc541025c5876a70?s=96&d=mm&r=g","contentUrl":"https:\/\/secure.gravatar.com\/avatar\/6cf0505f452ee753f485014986fab09a434671d2b919ee76fc541025c5876a70?s=96&d=mm&r=g","caption":"Memurun Sesi Haber Merkezi"},"sameAs":["https:\/\/memurunsesi.net"],"url":"https:\/\/memurunsesi.net\/index.php\/author\/uniper\/"}]}},"_links":{"self":[{"href":"https:\/\/memurunsesi.net\/index.php\/wp-json\/wp\/v2\/posts\/16485","targetHints":{"allow":["GET"]}}],"collection":[{"href":"https:\/\/memurunsesi.net\/index.php\/wp-json\/wp\/v2\/posts"}],"about":[{"href":"https:\/\/memurunsesi.net\/index.php\/wp-json\/wp\/v2\/types\/post"}],"author":[{"embeddable":true,"href":"https:\/\/memurunsesi.net\/index.php\/wp-json\/wp\/v2\/users\/1"}],"replies":[{"embeddable":true,"href":"https:\/\/memurunsesi.net\/index.php\/wp-json\/wp\/v2\/comments?post=16485"}],"version-history":[{"count":1,"href":"https:\/\/memurunsesi.net\/index.php\/wp-json\/wp\/v2\/posts\/16485\/revisions"}],"predecessor-version":[{"id":16487,"href":"https:\/\/memurunsesi.net\/index.php\/wp-json\/wp\/v2\/posts\/16485\/revisions\/16487"}],"wp:featuredmedia":[{"embeddable":true,"href":"https:\/\/memurunsesi.net\/index.php\/wp-json\/wp\/v2\/media\/16486"}],"wp:attachment":[{"href":"https:\/\/memurunsesi.net\/index.php\/wp-json\/wp\/v2\/media?parent=16485"}],"wp:term":[{"taxonomy":"category","embeddable":true,"href":"https:\/\/memurunsesi.net\/index.php\/wp-json\/wp\/v2\/categories?post=16485"},{"taxonomy":"post_tag","embeddable":true,"href":"https:\/\/memurunsesi.net\/index.php\/wp-json\/wp\/v2\/tags?post=16485"}],"curies":[{"name":"wp","href":"https:\/\/api.w.org\/{rel}","templated":true}]}}