{"id":16534,"date":"2026-01-19T08:05:35","date_gmt":"2026-01-19T05:05:35","guid":{"rendered":"https:\/\/memurunsesi.net\/?p=16534"},"modified":"2026-01-19T08:05:35","modified_gmt":"2026-01-19T05:05:35","slug":"once-araca-saldirdi-ardindan-aractakileri-bicakladi-o-anlar-kamerada","status":"publish","type":"post","link":"https:\/\/memurunsesi.net\/index.php\/2026\/01\/19\/once-araca-saldirdi-ardindan-aractakileri-bicakladi-o-anlar-kamerada\/","title":{"rendered":"\u00d6nce araca sald\u0131rd\u0131, ard\u0131ndan ara\u00e7takileri b\u0131\u00e7aklad\u0131&#8230; O anlar kamerada"},"content":{"rendered":"<p>Konya&#8217;da yol verme tart\u0131\u015fmas\u0131 sonras\u0131 s\u00fcr\u00fcc\u00fcn\u00fcn taksiciye sald\u0131rd\u0131\u011f\u0131 anlar cep telefonu kameras\u0131na saniye saniye yans\u0131d\u0131. Olayda 2 ki\u015fi b\u0131\u00e7akla hafif yaraland\u0131.<br \/>\nOlay, ak\u015fam saatlerinde merkez Karatay il\u00e7esi Fevzi\u00e7akmak Mahallesi Adana \u00c7evre Yolu Caddesi \u00fczerinde meydana geldi. Edinilen bilgiye g\u00f6re, cadde \u00fczerinde seyir halinde olan C.D. idaresindeki 42 BFF 411 plakal\u0131 otomobilin s\u00fcr\u00fcc\u00fcs\u00fc ile s\u00fcr\u00fcc\u00fcs\u00fc, hen\u00fcz \u00f6\u011frenilemeyen ticari ara\u00e7 s\u00fcr\u00fcc\u00fcs\u00fc aras\u0131nda yol verme nedeniyle tart\u0131\u015fma \u00e7\u0131kt\u0131. Ticari ara\u00e7tan inen s\u00fcr\u00fcc\u00fc yan\u0131nda bulunan b\u0131\u00e7akla otomobil s\u00fcr\u00fcc\u00fcs\u00fc C.D.&#8217;yi ve ara\u00e7ta bulunan arkada\u015f\u0131 M.E.K.&#8217;yi yaralad\u0131. \u015e\u00fcpheli, sald\u0131r\u0131n\u0131n ard\u0131ndan h\u0131zla olay yerinden uzakla\u015ft\u0131.<br \/>\nHafif yaralanan C.D. ve yan\u0131ndaki arkada\u015f\u0131, ya\u015fanan anlar\u0131 cep telefonuyla g\u00f6r\u00fcnt\u00fcledi. G\u00f6r\u00fcnt\u00fclerde, sald\u0131rgan \u015fahs\u0131n ara\u00e7 yan\u0131na gelerek arac\u0131n cam\u0131n\u0131 yumruklad\u0131\u011f\u0131 daha sonra b\u0131\u00e7ak ile ara\u00e7takileri yaralad\u0131\u011f\u0131 sonras\u0131nda ise arac\u0131n yan\u0131na gelerek yaral\u0131 \u015fah\u0131slarla tart\u0131\u015ft\u0131ktan sonra h\u0131zla arac\u0131yla olay yerinden ayr\u0131ld\u0131\u011f\u0131 g\u00f6r\u00fcl\u00fcyor.<br \/>\nOlayda hafif yaralanan 2 ki\u015fi karakola giderek \u015fikayet\u00e7i olurken, polis sald\u0131rgan \u015fahs\u0131 yakalamak i\u00e7in ba\u015flatt\u0131\u011f\u0131 \u00e7al\u0131\u015fman\u0131n s\u00fcrd\u00fc\u011f\u00fc \u00f6\u011frenildi.<\/p>\n<p>19.01.2026<\/p>\n","protected":false},"excerpt":{"rendered":"<p>Konya&#8217;da yol verme tart\u0131\u015fmas\u0131 sonras\u0131 s\u00fcr\u00fcc\u00fcn\u00fcn taksiciye sald\u0131rd\u0131\u011f\u0131 anlar cep telefonu kameras\u0131na saniye saniye yans\u0131d\u0131. Olayda 2 ki\u015fi b\u0131\u00e7akla hafif yaraland\u0131. Olay, ak\u015fam saatlerinde merkez Karatay il\u00e7esi Fevzi\u00e7akmak Mahallesi Adana \u00c7evre Yolu Caddesi \u00fczerinde meydana geldi. Edinilen bilgiye g\u00f6re, cadde \u00fczerinde seyir halinde olan C.D. idaresindeki 42 BFF 411 plakal\u0131 otomobilin s\u00fcr\u00fcc\u00fcs\u00fc ile s\u00fcr\u00fcc\u00fcs\u00fc, hen\u00fcz [&hellip;]<\/p>\n","protected":false},"author":1,"featured_media":16535,"comment_status":"open","ping_status":"open","sticky":false,"template":"","format":"standard","meta":{"footnotes":""},"categories":[1],"tags":[893,894],"class_list":["post-16534","post","type-post","status-publish","format-standard","has-post-thumbnail","hentry","category-genel","tag-araca-saldirdi","tag-ardindan-aractakileri-bicakladi"],"yoast_head":"<!-- This site is optimized with the Yoast SEO plugin v27.4 - https:\/\/yoast.com\/product\/yoast-seo-wordpress\/ -->\n<title>\u00d6nce araca sald\u0131rd\u0131, ard\u0131ndan ara\u00e7takileri b\u0131\u00e7aklad\u0131... O anlar kamerada - Memurun Sesi<\/title>\n<meta name=\"description\" content=\"\u00d6nce araca sald\u0131rd\u0131, ard\u0131ndan ara\u00e7takileri b\u0131\u00e7aklad\u0131... O anlar kamerada\" \/>\n<meta name=\"robots\" content=\"index, follow, max-snippet:-1, max-image-preview:large, max-video-preview:-1\" \/>\n<link rel=\"canonical\" href=\"https:\/\/memurunsesi.net\/index.php\/2026\/01\/19\/once-araca-saldirdi-ardindan-aractakileri-bicakladi-o-anlar-kamerada\/\" \/>\n<meta property=\"og:locale\" content=\"tr_TR\" \/>\n<meta property=\"og:type\" content=\"article\" \/>\n<meta property=\"og:title\" content=\"\u00d6nce araca sald\u0131rd\u0131, ard\u0131ndan ara\u00e7takileri b\u0131\u00e7aklad\u0131... O anlar kamerada - Memurun Sesi\" \/>\n<meta property=\"og:description\" content=\"\u00d6nce araca sald\u0131rd\u0131, ard\u0131ndan ara\u00e7takileri b\u0131\u00e7aklad\u0131... O anlar kamerada\" \/>\n<meta property=\"og:url\" content=\"https:\/\/memurunsesi.net\/index.php\/2026\/01\/19\/once-araca-saldirdi-ardindan-aractakileri-bicakladi-o-anlar-kamerada\/\" \/>\n<meta property=\"og:site_name\" content=\"Memurun Sesi\" \/>\n<meta property=\"article:publisher\" content=\"https:\/\/www.facebook.com\/unipersen\/?locale=tr_TR\" \/>\n<meta property=\"article:published_time\" content=\"2026-01-19T05:05:35+00:00\" \/>\n<meta property=\"og:image\" content=\"https:\/\/memurunsesi.net\/wp-content\/uploads\/2026\/01\/Once-araca-saldirdi.jpg\" \/>\n\t<meta property=\"og:image:width\" content=\"1125\" \/>\n\t<meta property=\"og:image:height\" content=\"1472\" \/>\n\t<meta property=\"og:image:type\" content=\"image\/jpeg\" \/>\n<meta name=\"author\" content=\"Memurun Sesi Haber Merkezi\" \/>\n<meta name=\"twitter:card\" content=\"summary_large_image\" \/>\n<meta name=\"twitter:creator\" content=\"@unipersen\" \/>\n<meta name=\"twitter:site\" content=\"@unipersen\" \/>\n<meta name=\"twitter:label1\" content=\"Yazan:\" \/>\n\t<meta name=\"twitter:data1\" content=\"Memurun Sesi Haber Merkezi\" \/>\n\t<meta name=\"twitter:label2\" content=\"Tahmini okuma s\u00fcresi\" \/>\n\t<meta name=\"twitter:data2\" content=\"2 dakika\" \/>\n<script type=\"application\/ld+json\" class=\"yoast-schema-graph\">{\"@context\":\"https:\\\/\\\/schema.org\",\"@graph\":[{\"@type\":\"Article\",\"@id\":\"https:\\\/\\\/memurunsesi.net\\\/index.php\\\/2026\\\/01\\\/19\\\/once-araca-saldirdi-ardindan-aractakileri-bicakladi-o-anlar-kamerada\\\/#article\",\"isPartOf\":{\"@id\":\"https:\\\/\\\/memurunsesi.net\\\/index.php\\\/2026\\\/01\\\/19\\\/once-araca-saldirdi-ardindan-aractakileri-bicakladi-o-anlar-kamerada\\\/\"},\"author\":{\"name\":\"Memurun Sesi Haber Merkezi\",\"@id\":\"https:\\\/\\\/memurunsesi.net\\\/#\\\/schema\\\/person\\\/f21c2d73b89f6ee1d80b0a1803e38587\"},\"headline\":\"\u00d6nce araca sald\u0131rd\u0131, ard\u0131ndan ara\u00e7takileri b\u0131\u00e7aklad\u0131&#8230; O anlar kamerada\",\"datePublished\":\"2026-01-19T05:05:35+00:00\",\"mainEntityOfPage\":{\"@id\":\"https:\\\/\\\/memurunsesi.net\\\/index.php\\\/2026\\\/01\\\/19\\\/once-araca-saldirdi-ardindan-aractakileri-bicakladi-o-anlar-kamerada\\\/\"},\"wordCount\":240,\"commentCount\":0,\"publisher\":{\"@id\":\"https:\\\/\\\/memurunsesi.net\\\/#organization\"},\"image\":{\"@id\":\"https:\\\/\\\/memurunsesi.net\\\/index.php\\\/2026\\\/01\\\/19\\\/once-araca-saldirdi-ardindan-aractakileri-bicakladi-o-anlar-kamerada\\\/#primaryimage\"},\"thumbnailUrl\":\"https:\\\/\\\/memurunsesi.net\\\/wp-content\\\/uploads\\\/2026\\\/01\\\/Once-araca-saldirdi.jpg\",\"keywords\":[\"araca sald\u0131rd\u0131\",\"ard\u0131ndan ara\u00e7takileri b\u0131\u00e7aklad\u0131\"],\"inLanguage\":\"tr\",\"potentialAction\":[{\"@type\":\"CommentAction\",\"name\":\"Comment\",\"target\":[\"https:\\\/\\\/memurunsesi.net\\\/index.php\\\/2026\\\/01\\\/19\\\/once-araca-saldirdi-ardindan-aractakileri-bicakladi-o-anlar-kamerada\\\/#respond\"]}]},{\"@type\":\"WebPage\",\"@id\":\"https:\\\/\\\/memurunsesi.net\\\/index.php\\\/2026\\\/01\\\/19\\\/once-araca-saldirdi-ardindan-aractakileri-bicakladi-o-anlar-kamerada\\\/\",\"url\":\"https:\\\/\\\/memurunsesi.net\\\/index.php\\\/2026\\\/01\\\/19\\\/once-araca-saldirdi-ardindan-aractakileri-bicakladi-o-anlar-kamerada\\\/\",\"name\":\"\u00d6nce araca sald\u0131rd\u0131, ard\u0131ndan ara\u00e7takileri b\u0131\u00e7aklad\u0131... O anlar kamerada - Memurun Sesi\",\"isPartOf\":{\"@id\":\"https:\\\/\\\/memurunsesi.net\\\/#website\"},\"primaryImageOfPage\":{\"@id\":\"https:\\\/\\\/memurunsesi.net\\\/index.php\\\/2026\\\/01\\\/19\\\/once-araca-saldirdi-ardindan-aractakileri-bicakladi-o-anlar-kamerada\\\/#primaryimage\"},\"image\":{\"@id\":\"https:\\\/\\\/memurunsesi.net\\\/index.php\\\/2026\\\/01\\\/19\\\/once-araca-saldirdi-ardindan-aractakileri-bicakladi-o-anlar-kamerada\\\/#primaryimage\"},\"thumbnailUrl\":\"https:\\\/\\\/memurunsesi.net\\\/wp-content\\\/uploads\\\/2026\\\/01\\\/Once-araca-saldirdi.jpg\",\"datePublished\":\"2026-01-19T05:05:35+00:00\",\"description\":\"\u00d6nce araca sald\u0131rd\u0131, ard\u0131ndan ara\u00e7takileri b\u0131\u00e7aklad\u0131... O anlar kamerada\",\"breadcrumb\":{\"@id\":\"https:\\\/\\\/memurunsesi.net\\\/index.php\\\/2026\\\/01\\\/19\\\/once-araca-saldirdi-ardindan-aractakileri-bicakladi-o-anlar-kamerada\\\/#breadcrumb\"},\"inLanguage\":\"tr\",\"potentialAction\":[{\"@type\":\"ReadAction\",\"target\":[\"https:\\\/\\\/memurunsesi.net\\\/index.php\\\/2026\\\/01\\\/19\\\/once-araca-saldirdi-ardindan-aractakileri-bicakladi-o-anlar-kamerada\\\/\"]}]},{\"@type\":\"ImageObject\",\"inLanguage\":\"tr\",\"@id\":\"https:\\\/\\\/memurunsesi.net\\\/index.php\\\/2026\\\/01\\\/19\\\/once-araca-saldirdi-ardindan-aractakileri-bicakladi-o-anlar-kamerada\\\/#primaryimage\",\"url\":\"https:\\\/\\\/memurunsesi.net\\\/wp-content\\\/uploads\\\/2026\\\/01\\\/Once-araca-saldirdi.jpg\",\"contentUrl\":\"https:\\\/\\\/memurunsesi.net\\\/wp-content\\\/uploads\\\/2026\\\/01\\\/Once-araca-saldirdi.jpg\",\"width\":1125,\"height\":1472,\"caption\":\"KONYA'DA YOL VERME TARTI\u015eMASI SONRASI S\u00dcR\u00dcC\u00dcN\u00dcN TAKS\u0130C\u0130YE SALDIRDI\u011eI ANLAR CEP TELEFONU KAMERASINA SAN\u0130YE SAN\u0130YE YANSIDI. OLAYDA 2 K\u0130\u015e\u0130 BI\u00c7AKLA HAF\u0130F YARALANDI. (\u0130BRAH\u0130M YETK\u0130N\\\/KONYA-\u0130HA) Konya'da yol verme tart\u0131\u015fmas\u0131 sonras\u0131 s\u00fcr\u00fcc\u00fcn\u00fcn taksiciye sald\u0131rd\u0131\u011f\u0131 anlar cep telefonu kameras\u0131na saniye saniye yans\u0131d\u0131. Olayda 2 ki\u015fi b\u0131\u00e7akla hafif yaraland\u0131.\"},{\"@type\":\"BreadcrumbList\",\"@id\":\"https:\\\/\\\/memurunsesi.net\\\/index.php\\\/2026\\\/01\\\/19\\\/once-araca-saldirdi-ardindan-aractakileri-bicakladi-o-anlar-kamerada\\\/#breadcrumb\",\"itemListElement\":[{\"@type\":\"ListItem\",\"position\":1,\"name\":\"Anasayfa\",\"item\":\"https:\\\/\\\/memurunsesi.net\\\/\"},{\"@type\":\"ListItem\",\"position\":2,\"name\":\"\u00d6nce araca sald\u0131rd\u0131, ard\u0131ndan ara\u00e7takileri b\u0131\u00e7aklad\u0131&#8230; O anlar kamerada\"}]},{\"@type\":\"WebSite\",\"@id\":\"https:\\\/\\\/memurunsesi.net\\\/#website\",\"url\":\"https:\\\/\\\/memurunsesi.net\\\/\",\"name\":\"Memurun Sesi\",\"description\":\"G\u00fcncel ve Do\u011fru Haber\",\"publisher\":{\"@id\":\"https:\\\/\\\/memurunsesi.net\\\/#organization\"},\"potentialAction\":[{\"@type\":\"SearchAction\",\"target\":{\"@type\":\"EntryPoint\",\"urlTemplate\":\"https:\\\/\\\/memurunsesi.net\\\/?s={search_term_string}\"},\"query-input\":{\"@type\":\"PropertyValueSpecification\",\"valueRequired\":true,\"valueName\":\"search_term_string\"}}],\"inLanguage\":\"tr\"},{\"@type\":\"Organization\",\"@id\":\"https:\\\/\\\/memurunsesi.net\\\/#organization\",\"name\":\"Memurun Sesi\",\"url\":\"https:\\\/\\\/memurunsesi.net\\\/\",\"logo\":{\"@type\":\"ImageObject\",\"inLanguage\":\"tr\",\"@id\":\"https:\\\/\\\/memurunsesi.net\\\/#\\\/schema\\\/logo\\\/image\\\/\",\"url\":\"https:\\\/\\\/memurunsesi.net\\\/wp-content\\\/uploads\\\/2025\\\/11\\\/cropped-MEMURUN-SESI.png\",\"contentUrl\":\"https:\\\/\\\/memurunsesi.net\\\/wp-content\\\/uploads\\\/2025\\\/11\\\/cropped-MEMURUN-SESI.png\",\"width\":238,\"height\":57,\"caption\":\"Memurun Sesi\"},\"image\":{\"@id\":\"https:\\\/\\\/memurunsesi.net\\\/#\\\/schema\\\/logo\\\/image\\\/\"},\"sameAs\":[\"https:\\\/\\\/www.facebook.com\\\/unipersen\\\/?locale=tr_TR\",\"https:\\\/\\\/x.com\\\/unipersen\"]},{\"@type\":\"Person\",\"@id\":\"https:\\\/\\\/memurunsesi.net\\\/#\\\/schema\\\/person\\\/f21c2d73b89f6ee1d80b0a1803e38587\",\"name\":\"Memurun Sesi Haber Merkezi\",\"image\":{\"@type\":\"ImageObject\",\"inLanguage\":\"tr\",\"@id\":\"https:\\\/\\\/secure.gravatar.com\\\/avatar\\\/6cf0505f452ee753f485014986fab09a434671d2b919ee76fc541025c5876a70?s=96&d=mm&r=g\",\"url\":\"https:\\\/\\\/secure.gravatar.com\\\/avatar\\\/6cf0505f452ee753f485014986fab09a434671d2b919ee76fc541025c5876a70?s=96&d=mm&r=g\",\"contentUrl\":\"https:\\\/\\\/secure.gravatar.com\\\/avatar\\\/6cf0505f452ee753f485014986fab09a434671d2b919ee76fc541025c5876a70?s=96&d=mm&r=g\",\"caption\":\"Memurun Sesi Haber Merkezi\"},\"sameAs\":[\"https:\\\/\\\/memurunsesi.net\"],\"url\":\"https:\\\/\\\/memurunsesi.net\\\/index.php\\\/author\\\/uniper\\\/\"}]}<\/script>\n<!-- \/ Yoast SEO plugin. -->","yoast_head_json":{"title":"\u00d6nce araca sald\u0131rd\u0131, ard\u0131ndan ara\u00e7takileri b\u0131\u00e7aklad\u0131... O anlar kamerada - Memurun Sesi","description":"\u00d6nce araca sald\u0131rd\u0131, ard\u0131ndan ara\u00e7takileri b\u0131\u00e7aklad\u0131... O anlar kamerada","robots":{"index":"index","follow":"follow","max-snippet":"max-snippet:-1","max-image-preview":"max-image-preview:large","max-video-preview":"max-video-preview:-1"},"canonical":"https:\/\/memurunsesi.net\/index.php\/2026\/01\/19\/once-araca-saldirdi-ardindan-aractakileri-bicakladi-o-anlar-kamerada\/","og_locale":"tr_TR","og_type":"article","og_title":"\u00d6nce araca sald\u0131rd\u0131, ard\u0131ndan ara\u00e7takileri b\u0131\u00e7aklad\u0131... O anlar kamerada - Memurun Sesi","og_description":"\u00d6nce araca sald\u0131rd\u0131, ard\u0131ndan ara\u00e7takileri b\u0131\u00e7aklad\u0131... O anlar kamerada","og_url":"https:\/\/memurunsesi.net\/index.php\/2026\/01\/19\/once-araca-saldirdi-ardindan-aractakileri-bicakladi-o-anlar-kamerada\/","og_site_name":"Memurun Sesi","article_publisher":"https:\/\/www.facebook.com\/unipersen\/?locale=tr_TR","article_published_time":"2026-01-19T05:05:35+00:00","og_image":[{"width":1125,"height":1472,"url":"https:\/\/memurunsesi.net\/wp-content\/uploads\/2026\/01\/Once-araca-saldirdi.jpg","type":"image\/jpeg"}],"author":"Memurun Sesi Haber Merkezi","twitter_card":"summary_large_image","twitter_creator":"@unipersen","twitter_site":"@unipersen","twitter_misc":{"Yazan:":"Memurun Sesi Haber Merkezi","Tahmini okuma s\u00fcresi":"2 dakika"},"schema":{"@context":"https:\/\/schema.org","@graph":[{"@type":"Article","@id":"https:\/\/memurunsesi.net\/index.php\/2026\/01\/19\/once-araca-saldirdi-ardindan-aractakileri-bicakladi-o-anlar-kamerada\/#article","isPartOf":{"@id":"https:\/\/memurunsesi.net\/index.php\/2026\/01\/19\/once-araca-saldirdi-ardindan-aractakileri-bicakladi-o-anlar-kamerada\/"},"author":{"name":"Memurun Sesi Haber Merkezi","@id":"https:\/\/memurunsesi.net\/#\/schema\/person\/f21c2d73b89f6ee1d80b0a1803e38587"},"headline":"\u00d6nce araca sald\u0131rd\u0131, ard\u0131ndan ara\u00e7takileri b\u0131\u00e7aklad\u0131&#8230; O anlar kamerada","datePublished":"2026-01-19T05:05:35+00:00","mainEntityOfPage":{"@id":"https:\/\/memurunsesi.net\/index.php\/2026\/01\/19\/once-araca-saldirdi-ardindan-aractakileri-bicakladi-o-anlar-kamerada\/"},"wordCount":240,"commentCount":0,"publisher":{"@id":"https:\/\/memurunsesi.net\/#organization"},"image":{"@id":"https:\/\/memurunsesi.net\/index.php\/2026\/01\/19\/once-araca-saldirdi-ardindan-aractakileri-bicakladi-o-anlar-kamerada\/#primaryimage"},"thumbnailUrl":"https:\/\/memurunsesi.net\/wp-content\/uploads\/2026\/01\/Once-araca-saldirdi.jpg","keywords":["araca sald\u0131rd\u0131","ard\u0131ndan ara\u00e7takileri b\u0131\u00e7aklad\u0131"],"inLanguage":"tr","potentialAction":[{"@type":"CommentAction","name":"Comment","target":["https:\/\/memurunsesi.net\/index.php\/2026\/01\/19\/once-araca-saldirdi-ardindan-aractakileri-bicakladi-o-anlar-kamerada\/#respond"]}]},{"@type":"WebPage","@id":"https:\/\/memurunsesi.net\/index.php\/2026\/01\/19\/once-araca-saldirdi-ardindan-aractakileri-bicakladi-o-anlar-kamerada\/","url":"https:\/\/memurunsesi.net\/index.php\/2026\/01\/19\/once-araca-saldirdi-ardindan-aractakileri-bicakladi-o-anlar-kamerada\/","name":"\u00d6nce araca sald\u0131rd\u0131, ard\u0131ndan ara\u00e7takileri b\u0131\u00e7aklad\u0131... O anlar kamerada - Memurun Sesi","isPartOf":{"@id":"https:\/\/memurunsesi.net\/#website"},"primaryImageOfPage":{"@id":"https:\/\/memurunsesi.net\/index.php\/2026\/01\/19\/once-araca-saldirdi-ardindan-aractakileri-bicakladi-o-anlar-kamerada\/#primaryimage"},"image":{"@id":"https:\/\/memurunsesi.net\/index.php\/2026\/01\/19\/once-araca-saldirdi-ardindan-aractakileri-bicakladi-o-anlar-kamerada\/#primaryimage"},"thumbnailUrl":"https:\/\/memurunsesi.net\/wp-content\/uploads\/2026\/01\/Once-araca-saldirdi.jpg","datePublished":"2026-01-19T05:05:35+00:00","description":"\u00d6nce araca sald\u0131rd\u0131, ard\u0131ndan ara\u00e7takileri b\u0131\u00e7aklad\u0131... O anlar kamerada","breadcrumb":{"@id":"https:\/\/memurunsesi.net\/index.php\/2026\/01\/19\/once-araca-saldirdi-ardindan-aractakileri-bicakladi-o-anlar-kamerada\/#breadcrumb"},"inLanguage":"tr","potentialAction":[{"@type":"ReadAction","target":["https:\/\/memurunsesi.net\/index.php\/2026\/01\/19\/once-araca-saldirdi-ardindan-aractakileri-bicakladi-o-anlar-kamerada\/"]}]},{"@type":"ImageObject","inLanguage":"tr","@id":"https:\/\/memurunsesi.net\/index.php\/2026\/01\/19\/once-araca-saldirdi-ardindan-aractakileri-bicakladi-o-anlar-kamerada\/#primaryimage","url":"https:\/\/memurunsesi.net\/wp-content\/uploads\/2026\/01\/Once-araca-saldirdi.jpg","contentUrl":"https:\/\/memurunsesi.net\/wp-content\/uploads\/2026\/01\/Once-araca-saldirdi.jpg","width":1125,"height":1472,"caption":"KONYA'DA YOL VERME TARTI\u015eMASI SONRASI S\u00dcR\u00dcC\u00dcN\u00dcN TAKS\u0130C\u0130YE SALDIRDI\u011eI ANLAR CEP TELEFONU KAMERASINA SAN\u0130YE SAN\u0130YE YANSIDI. OLAYDA 2 K\u0130\u015e\u0130 BI\u00c7AKLA HAF\u0130F YARALANDI. (\u0130BRAH\u0130M YETK\u0130N\/KONYA-\u0130HA) Konya'da yol verme tart\u0131\u015fmas\u0131 sonras\u0131 s\u00fcr\u00fcc\u00fcn\u00fcn taksiciye sald\u0131rd\u0131\u011f\u0131 anlar cep telefonu kameras\u0131na saniye saniye yans\u0131d\u0131. Olayda 2 ki\u015fi b\u0131\u00e7akla hafif yaraland\u0131."},{"@type":"BreadcrumbList","@id":"https:\/\/memurunsesi.net\/index.php\/2026\/01\/19\/once-araca-saldirdi-ardindan-aractakileri-bicakladi-o-anlar-kamerada\/#breadcrumb","itemListElement":[{"@type":"ListItem","position":1,"name":"Anasayfa","item":"https:\/\/memurunsesi.net\/"},{"@type":"ListItem","position":2,"name":"\u00d6nce araca sald\u0131rd\u0131, ard\u0131ndan ara\u00e7takileri b\u0131\u00e7aklad\u0131&#8230; O anlar kamerada"}]},{"@type":"WebSite","@id":"https:\/\/memurunsesi.net\/#website","url":"https:\/\/memurunsesi.net\/","name":"Memurun Sesi","description":"G\u00fcncel ve Do\u011fru Haber","publisher":{"@id":"https:\/\/memurunsesi.net\/#organization"},"potentialAction":[{"@type":"SearchAction","target":{"@type":"EntryPoint","urlTemplate":"https:\/\/memurunsesi.net\/?s={search_term_string}"},"query-input":{"@type":"PropertyValueSpecification","valueRequired":true,"valueName":"search_term_string"}}],"inLanguage":"tr"},{"@type":"Organization","@id":"https:\/\/memurunsesi.net\/#organization","name":"Memurun Sesi","url":"https:\/\/memurunsesi.net\/","logo":{"@type":"ImageObject","inLanguage":"tr","@id":"https:\/\/memurunsesi.net\/#\/schema\/logo\/image\/","url":"https:\/\/memurunsesi.net\/wp-content\/uploads\/2025\/11\/cropped-MEMURUN-SESI.png","contentUrl":"https:\/\/memurunsesi.net\/wp-content\/uploads\/2025\/11\/cropped-MEMURUN-SESI.png","width":238,"height":57,"caption":"Memurun Sesi"},"image":{"@id":"https:\/\/memurunsesi.net\/#\/schema\/logo\/image\/"},"sameAs":["https:\/\/www.facebook.com\/unipersen\/?locale=tr_TR","https:\/\/x.com\/unipersen"]},{"@type":"Person","@id":"https:\/\/memurunsesi.net\/#\/schema\/person\/f21c2d73b89f6ee1d80b0a1803e38587","name":"Memurun Sesi Haber Merkezi","image":{"@type":"ImageObject","inLanguage":"tr","@id":"https:\/\/secure.gravatar.com\/avatar\/6cf0505f452ee753f485014986fab09a434671d2b919ee76fc541025c5876a70?s=96&d=mm&r=g","url":"https:\/\/secure.gravatar.com\/avatar\/6cf0505f452ee753f485014986fab09a434671d2b919ee76fc541025c5876a70?s=96&d=mm&r=g","contentUrl":"https:\/\/secure.gravatar.com\/avatar\/6cf0505f452ee753f485014986fab09a434671d2b919ee76fc541025c5876a70?s=96&d=mm&r=g","caption":"Memurun Sesi Haber Merkezi"},"sameAs":["https:\/\/memurunsesi.net"],"url":"https:\/\/memurunsesi.net\/index.php\/author\/uniper\/"}]}},"_links":{"self":[{"href":"https:\/\/memurunsesi.net\/index.php\/wp-json\/wp\/v2\/posts\/16534","targetHints":{"allow":["GET"]}}],"collection":[{"href":"https:\/\/memurunsesi.net\/index.php\/wp-json\/wp\/v2\/posts"}],"about":[{"href":"https:\/\/memurunsesi.net\/index.php\/wp-json\/wp\/v2\/types\/post"}],"author":[{"embeddable":true,"href":"https:\/\/memurunsesi.net\/index.php\/wp-json\/wp\/v2\/users\/1"}],"replies":[{"embeddable":true,"href":"https:\/\/memurunsesi.net\/index.php\/wp-json\/wp\/v2\/comments?post=16534"}],"version-history":[{"count":1,"href":"https:\/\/memurunsesi.net\/index.php\/wp-json\/wp\/v2\/posts\/16534\/revisions"}],"predecessor-version":[{"id":16536,"href":"https:\/\/memurunsesi.net\/index.php\/wp-json\/wp\/v2\/posts\/16534\/revisions\/16536"}],"wp:featuredmedia":[{"embeddable":true,"href":"https:\/\/memurunsesi.net\/index.php\/wp-json\/wp\/v2\/media\/16535"}],"wp:attachment":[{"href":"https:\/\/memurunsesi.net\/index.php\/wp-json\/wp\/v2\/media?parent=16534"}],"wp:term":[{"taxonomy":"category","embeddable":true,"href":"https:\/\/memurunsesi.net\/index.php\/wp-json\/wp\/v2\/categories?post=16534"},{"taxonomy":"post_tag","embeddable":true,"href":"https:\/\/memurunsesi.net\/index.php\/wp-json\/wp\/v2\/tags?post=16534"}],"curies":[{"name":"wp","href":"https:\/\/api.w.org\/{rel}","templated":true}]}}