{"id":16553,"date":"2026-01-19T08:18:52","date_gmt":"2026-01-19T05:18:52","guid":{"rendered":"https:\/\/memurunsesi.net\/?p=16553"},"modified":"2026-01-19T08:18:52","modified_gmt":"2026-01-19T05:18:52","slug":"karayollari-genel-mudurlugu-150-sozlesmeli-personel-alim-ilani","status":"publish","type":"post","link":"https:\/\/memurunsesi.net\/index.php\/2026\/01\/19\/karayollari-genel-mudurlugu-150-sozlesmeli-personel-alim-ilani\/","title":{"rendered":"KARAYOLLARI GENEL M\u00dcD\u00dcRL\u00dc\u011e\u00dc &#8211; 150 S\u00d6ZLE\u015eMEL\u0130 PERSONEL ALIM \u0130LANI"},"content":{"rendered":"<p><strong>KARAYOLLARI GENEL M\u00dcD\u00dcRL\u00dc\u011e\u00dc S\u00d6ZLE\u015eMEL\u0130 PERSONEL ALIM \u0130LANI A\u00c7IKLAMA<\/strong><br \/>\nGenel M\u00fcd\u00fcrl\u00fc\u011f\u00fcm\u00fcz merkez ve ta\u015fra te\u015fkilat\u0131 birimlerinde 657 say\u0131l\u0131 Devlet Memurlar\u0131 Kanunu&#8217;nun 4&#8217;\u00fcnc\u00fc maddesinin (B) f\u0131kras\u0131na g\u00f6re istihdam edilmek \u00fczere, 06\/06\/1978 tarihli ve 7\/15754 say\u0131l\u0131 Bakanlar Kurulu Karar\u0131 ile y\u00fcr\u00fcrl\u00fc\u011fe konulan &#8220;S\u00f6zle\u015fmeli Personel \u00c7al\u0131\u015ft\u0131r\u0131lmas\u0131na \u0130li\u015fkin Esaslar\u201d\u0131n Ek Madde 2\u2019nin (b) f\u0131kras\u0131na g\u00f6re a\u015fa\u011f\u0131da belirtilen \u00fcnvanlarda toplam 150 s\u00f6zle\u015fmeli personel al\u0131nacakt\u0131r.<br \/>\nBu ilanda bulunan s\u00f6zle\u015fmeli personel pozisyonlar\u0131na yerle\u015fen adaylarla ilgili i\u015f ve i\u015flemler 657 say\u0131l\u0131 &#8220;Devlet Memurlar\u0131 Kanunu&#8221; ve 6\/6\/1978 tarihli ve 7\/15754 say\u0131l\u0131 Bakanlar Kurulu Karar\u0131 ile y\u00fcr\u00fcrl\u00fc\u011fe konulan &#8220;S\u00f6zle\u015fmeli Personel \u00c7al\u0131\u015ft\u0131r\u0131lmas\u0131na \u0130li\u015fkin Esaslar&#8221;\u0131n ilgili maddeleri uyar\u0131nca y\u00fcr\u00fct\u00fclecektir.<br \/>\nAdaylar ilan edilen pozisyon ve birimlere g\u00f6re sadece\u00a0https:\/\/kariyerkapisi.gov.tr\/isealim\u00a0\u00fczerinden bir ba\u015fvuru yapabileceklerdir. \u015eahsen, posta veya di\u011fer ba\u015fka yollarla yap\u0131lan m\u00fcracaatlar kabul edilmeyecektir.<br \/>\nBa\u015fvuru i\u015flemlerinde adaylar s\u0131nava girdikleri \u00f6\u011frenim d\u00fczeyindeki pozisyonlardan tercih yapmak zorundad\u0131r. Adaylar\u0131n Lisans d\u00fczeyinde ilan edilen s\u00f6zle\u015fmeli personel pozisyonlar\u0131na ba\u015fvuru yapabilmeleri i\u00e7in 14 Temmuz 2024 tarihinde yap\u0131lm\u0131\u015f olan Kamu Personeli Se\u00e7me S\u0131nav\u0131na (2024-KPSS Lisans) ve \u00d6n Lisans d\u00fczeyinde ilan edilen s\u00f6zle\u015fmeli personel pozisyonlar\u0131na ba\u015fvuru yapabilmeleri i\u00e7in 1 Eyl\u00fcl 2024 tarihinde yap\u0131lm\u0131\u015f olan Kamu Personeli Se\u00e7me S\u0131nav\u0131na (2024- KPSS \u00d6n Lisans) girmi\u015f olmalar\u0131 gerekmektedir. Lisans mezunlar\u0131 i\u00e7in KPSSP3, \u00d6n Lisans mezunlar\u0131 i\u00e7in KPSSP93 puanlar\u0131 esas al\u0131nacakt\u0131r.<br \/>\nAsil olarak yerle\u015fenler kadar yedek aday belirlenecektir. Asil yerle\u015fenlerden m\u00fcracaat etmeyen veya aranan \u015fartlar\u0131 ta\u015f\u0131mad\u0131\u011f\u0131 tespit edilenlerin yerine yedek yerle\u015fen adaylardan yerle\u015ftirme yap\u0131lacak olup ayn\u0131 \u015fekilde\u00a0<strong><a href=\"http:\/\/www.kgm.gov.t\/\" target=\"_blank\" rel=\"noopener\">www.kgm.gov.t<\/a><\/strong>r\u00a0kurumsal internet adresinden duyurulacakt\u0131r.<br \/>\nMerkez te\u015fkilat\u0131na atamas\u0131 yap\u0131lacak personelin g\u00f6rev yeri Genel M\u00fcd\u00fcrl\u00fc\u011f\u00fcm\u00fcz, ta\u015fra te\u015fkilat\u0131na atamas\u0131 yap\u0131lacak personelin g\u00f6rev yerleri ise B\u00f6lge M\u00fcd\u00fcrl\u00fckleri ve bunlara ba\u011fl\u0131 i\u015f yerleridir. Adaylar, g\u00f6rev yapacaklar\u0131 te\u015fkilat birimlerini ve ba\u011fl\u0131 illerde bulunan i\u015f yerlerini\u00a0<strong><a href=\"http:\/\/www.kgm.gov.tr\/\" target=\"_blank\" rel=\"noopener\">www.kgm.gov.tr<\/a><\/strong>\u00a0kurumsal internet adresinden inceleyebileceklerdir.<\/p>\n<p><strong>GENEL \u015eARTLAR<\/strong><br \/>\n1.Ba\u015fvuruda bulunacak adaylar\u0131n; 657 say\u0131l\u0131 Devlet Memurlar\u0131 Kanunu\u2019nun 48 inci maddesinde belirtilen \u015fartlar\u0131 ta\u015f\u0131malar\u0131 gerekmektedir. 657 say\u0131l\u0131 Devlet Memurlar\u0131 Kanunu\u2019nun 48 inci maddesinin (A) f\u0131kras\u0131n\u0131n 1\u2019inci bendi gere\u011fi bu ilanda yer alan s\u00f6zle\u015fmeli pozisyonlar\u0131 tercih edecek adaylar\u0131n T\u00fcrk Vatanda\u015f\u0131 olmalar\u0131 gerekmektedir.<br \/>\n2. Adaylar\u0131n durumunun \u00a0\u201cS\u00f6zle\u015fmeli Personel \u00c7al\u0131\u015ft\u0131r\u0131lmas\u0131na \u0130li\u015fkin Esaslar\u0131n\u201d \u201cYeniden hizmete al\u0131nma\u201d ba\u015fl\u0131kl\u0131 Ek madde 1\u2019de belirtilen (Ek:22\/11\/2010-2010\/1169) \u201cS\u00f6zle\u015fmeli personelin, hizmet s\u00f6zle\u015fmesi esaslar\u0131na ayk\u0131r\u0131 hareket etmesi nedeniyle kurumlar\u0131nca s\u00f6zle\u015fmesinin feshedilmesi veya s\u00f6zle\u015fme d\u00f6nemi i\u00e7inde s\u00f6zle\u015fmeyi tek tarafl\u0131 feshetmesi halinde, fesih tarihinden itibaren bir y\u0131l ge\u00e7medik\u00e7e kamu kurum ve kurulu\u015flar\u0131n\u0131n s\u00f6zle\u015fmeli personel pozisyonlar\u0131nda yeniden istihdam edilemez.\u201d h\u00fckm\u00fcne uygun olmas\u0131 gerekmektedir. Ancak ayn\u0131 maddenin a, b ve c bentlerindeki \u015fartlar\u0131 ta\u015f\u0131yan adaylarda 1 y\u0131l \u015fart\u0131 aranmayacakt\u0131r. Ayr\u0131ca 399 say\u0131l\u0131 Kanun H\u00fckm\u00fcnde Kararnameye tabi s\u00f6zle\u015fmeli personel stat\u00fcs\u00fcnde g\u00f6rev yapanlar\u0131n\/yapm\u0131\u015f olanlar\u0131n ilgili y\u0131llara ait Cumhurba\u015fkan\u0131 Karar\u0131n\u0131n Eki Karar\u0131nda S\u0131navlar ba\u015fl\u0131kl\u0131 7\u2019nci maddesinin 4\u2019\u00fcnc\u00fc f\u0131kras\u0131nda yer alan \u201c\u2026..s\u00f6zle\u015fmeli personel pozisyonlar\u0131na atananlar 3 hizmet y\u0131l\u0131n\u0131 tamamlamad\u0131k\u00e7a; mesle\u011fe \u00f6zel yar\u0131\u015fma s\u0131nav\u0131yla yard\u0131mc\u0131 olarak atanan kadrolar ile bulunulan pozisyondan farkl\u0131 ve \u00f6\u011frenim durumu itibariyle ihraz ettikleri \u00fcnvanl\u0131 kadro ve pozisyonlara yap\u0131lacak atamalar hari\u00e7 olmak \u00fczere halen g\u00f6rev yapt\u0131klar\u0131 kurulu\u015flara veya di\u011fer kamu kurum ve kurulu\u015flar\u0131na atanamaz.<br \/>\n3.\u00a0Ba\u015fvuruda bulunacak adaylar\u0131n;<br \/>\n\u2022\u00a0\u00a0 \u00a0G\u00f6revini devaml\u0131 yapmas\u0131na engel olabilecek ak\u0131l hastal\u0131\u011f\u0131 bulunmamas\u0131,<br \/>\n\u2022\u00a0\u00a0 \u00a0Ba\u015fvuru yapaca\u011f\u0131 pozisyon i\u00e7in aranan nitelikleri ve \u00f6zel \u015fartlar\u0131 ta\u015f\u0131yor olmas\u0131,<br \/>\n\u2022\u00a0\u00a0 \u00a0Herhangi bir Sosyal G\u00fcvenlik Kurumundan emeklilik veya ya\u015fl\u0131l\u0131k ayl\u0131\u011f\u0131 alm\u0131yor olmas\u0131,<br \/>\n\u2022\u00a0\u00a0 \u00a0Herhangi bir sebeple kamu g\u00f6revinden \u00e7\u0131kar\u0131lmam\u0131\u015f olmas\u0131,<br \/>\n\u2022\u00a0\u00a0 \u00a0Askerlik hizmetini yapm\u0131\u015f, tecilli veya muaf olmas\u0131,<br \/>\n\u2022\u00a0\u00a0 \u00a0Tercih edecekleri kadro veya pozisyonlar i\u00e7in belirtilen; s\u00fcr\u00fcc\u00fc belgesi, mezuniyet belgesi, sertifika vb. di\u011fer belgelere ba\u015fvuru i\u015flemlerinin son g\u00fcn\u00fc itibar\u0131yla sahip olmalar\u0131 gerekmektedir. S\u00f6z konusu belgelere ba\u015fvuru i\u015flemlerinin son g\u00fcn\u00fc itibar\u0131yla sahip olmayan adaylar\u0131n yerle\u015ftirilmi\u015f olsa dahi atamalar\u0131 yap\u0131lmayacakt\u0131r.<\/p>\n<p><strong>\u00d6ZEL \u015eARTLAR<\/strong><br \/>\n1)\u00a0\u00a0M\u00fchendis ve tekniker pozisyonlar\u0131na yerle\u015fecek adaylar i\u00e7in seyahate ve\/veya arazide \u00e7al\u0131\u015fmaya elveri\u015fli olmak.<br \/>\n2)\u00a0\u00a0Ula\u015ft\u0131rma ve Trafik Hizmetleri Teknikeri, \u0130n\u015faat teknikeri ve Makine teknikeri pozisyonlar\u0131 i\u00e7in B s\u0131n\u0131f\u0131 s\u00fcr\u00fcc\u00fc belgesine sahip olmak<br \/>\n3)\u00a0\u00a0B\u00fcro personeli pozisyonu i\u00e7in MEB onayl\u0131 bilgisayar sertifikas\u0131na sahip olmak veya \u00fcniversitede bilgisayar dersi ald\u0131\u011f\u0131n\u0131 g\u00f6sterir transkript belgesi.<br \/>\n4)\u00a0\u00a0T\u00fcm pozisyonlar i\u00e7in 2024 KPSS (B) grubunun ilgili puan t\u00fcr\u00fcnden en az 70 (yetmi\u015f) puan alm\u0131\u015f olmak.<\/p>\n<p><strong>BA\u015eVURU YER\u0130, TAR\u0130HLER\u0130 VE \u0130STENEN BELGELER<\/strong><br \/>\n1.\u00a0\u00a0 \u00a0Ba\u015fvurular \u201cKariyer Kap\u0131s\u0131\u201d \u00a0kariyerkapisi.gov.tr\/isealim \u00fczerinden\u00a016\/01\/2026- 30\/01\/2026 tarihleri\u00a0aras\u0131nda al\u0131nacak olup ba\u015fvurular\u00a016.01.2026 tarihinde saat 00.00&#8217;da ba\u015flay\u0131p\u00a030\/01\/2026 tarihinde saat 23:59&#8217;da sona erecektir.<br \/>\n2.\u00a0\u00a0 \u00a0Adaylar\u0131n KPSS puan\u0131, mezuniyet belgesi, adli sicil belgesi, askerlik durumunu g\u00f6sterir belge ve kimlik bilgileri ba\u015fvuru esnas\u0131nda e-Devlet \u00fczerinden ilgili kurumun web servisleri arac\u0131l\u0131\u011f\u0131 ile temin edilece\u011finden adaylardan ba\u015fvuru a\u015famas\u0131nda bu belgeler istenilmeyecektir. Ancak adaylar\u0131n s\u00f6z konusu bilgilerinde hata mevcut ise ba\u015fvuru yapmadan \u00f6nce ilgili kurumdan gerekli g\u00fcncelleme\/d\u00fczeltmeleri yapt\u0131rmalar\u0131 gerekmektedir. Mezuniyet bilgileri sistemden otomatik olarak gelmeyen adaylar ba\u015fvuru i\u00e7in mezuniyet bilgilerini manuel olarak giri\u015f yap\u0131p, onayl\u0131 diploma \u00f6rne\u011fi veya Edevlet \u00fczerinden al\u0131nan mezuniyet belgelerini pdf format\u0131nda sisteme y\u00fckleyeceklerdir. Ayr\u0131ca adaylar\u0131n tercih edecekleri kadro veya pozisyonlar i\u00e7in istenilen; s\u00fcr\u00fcc\u00fc belgesi, bilgisayar sertifikas\u0131 veya transkript belgelerini ba\u015fvuru s\u0131ras\u0131nda ek dosya olarak y\u00fcklemeleri gerekmektedir.<br \/>\n3.\u00a0\u00a0\u00a0\u00a0Yurt d\u0131\u015f\u0131ndaki veya yurt i\u00e7indeki \u00f6\u011fretim kurumlar\u0131ndan mezun olup bu ilanda aran\u0131lan \u00f6\u011frenim durumuna ili\u015fkin Y\u00fcksek \u00d6\u011fretim Kurumunca denkli\u011fi kabul edilen b\u00f6l\u00fcmlerden mezun olan adaylar\u0131n denklik g\u00f6sterir belgelerini Kariyer Kap\u0131s\u0131na yap\u0131lan ba\u015fvurusu s\u0131ras\u0131nda \u201cEk Dosya\u201d a\u015famas\u0131nda \u201cDenklik Belgesini\u201d mutlaka y\u00fcklemeleri gerekmektedir.<br \/>\n4.\u00a0\u00a0 \u00a0Ba\u015fvuru i\u015fleminin s\u00fcresi i\u00e7inde hatas\u0131z, eksiksiz ve bu ilanda belirtilen hususlara uygun olarak yap\u0131lmas\u0131ndan, istenilen belgelerin ba\u015fvuru a\u015famas\u0131nda sisteme y\u00fcklenmesinden, ba\u015fvuruda bulunan adaylar sorumludur. Bu hususlara riayet etmeyen adaylar herhangi bir hak talebinde bulunamayacakt\u0131r.<br \/>\n5.\u00a0\u00a0 \u00a0Adaylar\u0131n verdikleri beyanlar ile sunduklar\u0131 ba\u015fvuru belgelerinin sorumlulu\u011fu kendilerine aittir. Yanl\u0131\u015f, yan\u0131lt\u0131c\u0131 veya yalan beyanda bulunan adaylar, yerle\u015ftirmeden do\u011fan t\u00fcm haklar\u0131n\u0131 kaybedecek olup ger\u00e7e\u011fe ayk\u0131r\u0131 belge beyan\/teslim edenler hakk\u0131nda yasal i\u015flem ba\u015flat\u0131lacakt\u0131r.<br \/>\n6.\u00a0\u00a0 \u00a0Kariyer Kap\u0131s\u0131-Kamu \u0130\u015fe Al\u0131m Platformu \u00fczerinde \u201c\u0130\u015fleminiz ba\u015far\u0131yla ger\u00e7ekle\u015ftirilmi\u015ftir&#8230;\u201d ibaresi g\u00f6r\u00fclmeyen hi\u00e7bir ba\u015fvuru de\u011ferlendirilmeye al\u0131nmayacakt\u0131r. Bu nedenle adaylar, ba\u015fvuru i\u015flemlerinin tamamlan\u0131p tamamlanmad\u0131\u011f\u0131n\u0131 kontrol etmeleri gerekmektedir.<br \/>\n7.\u00a0\u00a0 \u00a0Ba\u015fvuru tarihi sonunda \u201cAS\u0130L\u201d olarak yerle\u015fen adaylardan daha sonra Genel M\u00fcd\u00fcrl\u00fc\u011f\u00fcm\u00fcze ibraz edece\u011fi belgeler duyuru \u015feklinde yay\u0131mlanacak olup adaylar\u0131n Karayollar\u0131 Genel M\u00fcd\u00fcrl\u00fc\u011f\u00fc\u00a0<strong><a href=\"http:\/\/www.kgm.gov.tr\/\" target=\"_blank\" rel=\"noopener\">www.kgm.gov.tr<\/a><\/strong>\u00a0web sitesini takip etmeleri gerekmektedir.<br \/>\n8.\u00a0\u00a0\u00a0\u00a0Genel M\u00fcd\u00fcrl\u00fc\u011f\u00fcm\u00fcz gerekli durumlarda ilan\u0131n her a\u015famas\u0131nda iptal ve\/veya de\u011fi\u015fiklik yapma hakk\u0131na sahiptir.<\/p>\n<p><strong>BA\u015eVURULARIN DE\u011eERLEND\u0130R\u0130LMES\u0130 VE SONU\u00c7LAR<\/strong><br \/>\n1.\u00a0\u00a0 \u00a0Herhangi bir yaz\u0131l\u0131 ve\/veya s\u00f6zl\u00fc s\u0131nav yap\u0131lmaks\u0131z\u0131n, 2024 y\u0131l\u0131 KPSS (B) grubunun ilgili puan t\u00fcr\u00fcnde en y\u00fcksek puanl\u0131 adaydan ba\u015flamak \u00fczere yap\u0131lacak s\u0131ralama esas al\u0131nmak suretiyle ilan edilen \u00fcnvanlar\u0131n adedi kadar asil ve bir o kadar da yedek aday belirlenecektir. Puan s\u0131ralamas\u0131 sonucunda puanlar\u0131n e\u015fit olmas\u0131 halinde mezuniyet tarihi itibar\u0131yla \u00f6nce mezun olmu\u015f olan adaya, mezuniyet tarihinin de ayn\u0131 olmas\u0131 halinde de ya\u015f\u0131 b\u00fcy\u00fck olan adaya \u00f6ncelik tan\u0131nacakt\u0131r.<br \/>\n2.\u00a0\u00a0 \u00a0KPSS&#8217;de y\u00fcksek puan almak ilanda yer alan s\u00f6zle\u015fmeli pozisyona yerle\u015ftirmede tek ba\u015f\u0131na hak kazand\u0131rmaz. Pozisyon i\u00e7in belirtilen genel ve \u00f6zel \u015fartlara sahip olmayan adaylar de\u011ferlendirmeye al\u0131nmayacakt\u0131r. Eksik evrak, yanl\u0131\u015f, yan\u0131lt\u0131c\u0131 veya yalan beyanda bulunanlar ile bilgilerindeki tutars\u0131zl\u0131klar y\u00fcz\u00fcnden de\u011ferlendirmeye al\u0131nmayan adaylar bu durumdan dolay\u0131 bir hak iddia edemeyecektir.<br \/>\n3.\u00a0\u00a0 \u00a0Belirlenen asil ve yedek adaylara ait isim listesi ile asil adaylar\u0131n i\u015fe ba\u015flamalar\u0131 i\u00e7in gerekli belgeler, bu belgelerin teslim edilece\u011fi yer ve zaman Karayollar\u0131 Genel M\u00fcd\u00fcrl\u00fc\u011f\u00fc www.kgm.gov.tr web sitesini sitesinde son ba\u015fvuru tarihini takip eden on be\u015f (15) g\u00fcn i\u00e7inde yay\u0131mlanacak olup, sonu\u00e7 ilanlar\u0131 tebli\u011f mahiyetinde olaca\u011f\u0131ndan ayr\u0131ca tebligat yap\u0131lmayacakt\u0131r.<br \/>\n4.\u00a0\u00a0 \u00a0Asil olarak kazanan adaylardan s\u00fcresi i\u00e7erisinde ba\u015fvuru yapmayan, istenen belgeleri evrak teslim s\u00fcresi i\u00e7erisinde tamamlamayan, feragat eden veya aranan \u015fartlar\u0131 ta\u015f\u0131mad\u0131\u011f\u0131 tespit edilen adaylar\u0131n yerine yedek adaylardan s\u0131ras\u0131yla yerle\u015ftirme yap\u0131lacakt\u0131r. Ayr\u0131ca, adaylar yerle\u015ftirme sonu\u00e7lar\u0131na ili\u015fkin bilgilere Kariyer Kap\u0131s\u0131 ve\u00a0<strong><a href=\"http:\/\/www.kgm.gov.tr\/\" target=\"_blank\" rel=\"noopener\">www.kgm.gov.tr<\/a><\/strong>\u00a0sitesi \u00fczerinden ula\u015fabilecektir.<br \/>\n5.\u00a0\u00a0 \u00a0Atanmaya hak kazanan adaylar hakk\u0131nda; 7315 say\u0131l\u0131 G\u00fcvenlik Soru\u015fturmas\u0131 ve Ar\u015fiv Ara\u015ft\u0131rmas\u0131 Kanunun 12\u2019nci maddesi gere\u011fince 03\/06\/2022 tarihli ve 31855 say\u0131l\u0131 Resmi Gazete\u2019de yay\u0131mlanarak y\u00fcr\u00fcrl\u00fc\u011fe giren G\u00fcvenlik Soru\u015fturmas\u0131 ve Ar\u015fiv Ara\u015ft\u0131rmas\u0131 Y\u00f6netmeli\u011fi uyar\u0131nca \u201cAr\u015fiv Ara\u015ft\u0131rmas\u0131\u201d veya \u201cG\u00fcvenlik Soru\u015fturmas\u0131 ve Ar\u015fiv Ara\u015ft\u0131rmas\u0131\u201d birlikte yap\u0131lacakt\u0131r. S\u00f6z konusu sonucun olumlu gelmesi halinde ilgililerin atamalar\u0131 yap\u0131lacakt\u0131r.<br \/>\n6.\u00a0\u00a0 \u00a0Ba\u015fvuru ve evrak teslimi i\u015flemleri s\u0131ras\u0131nda ger\u00e7e\u011fe ayk\u0131r\u0131 beyanda bulundu\u011fu veya herhangi bir \u015fekilde ger\u00e7e\u011fi saklad\u0131\u011f\u0131 tespit edilenlerin hizmet s\u00f6zle\u015fmesi haz\u0131rlanmaz, hizmet s\u00f6zle\u015fmesi haz\u0131rlam\u0131\u015f ve g\u00f6reve ba\u015flam\u0131\u015f olsa dahi hizmet s\u00f6zle\u015fmesi feshedilecektir.<br \/>\n7.\u00a0\u00a0 \u00a0\u0130landa bulunmayan h\u00fck\u00fcmler i\u00e7in genel mevzuat h\u00fck\u00fcmleri ge\u00e7erli olacakt\u0131r.<\/p>\n<p><strong>\u0130LET\u0130\u015e\u0130M<\/strong><br \/>\n<strong>Adres:<\/strong><br \/>\nKarayollar\u0131 Genel M\u00fcd\u00fcrl\u00fc\u011f\u00fc<br \/>\nDevlet Mahallesi \u0130n\u00f6n\u00fc Bulvar\u0131 No:14<br \/>\n06420 \u00c7ankaya\/ANKARA<br \/>\n\u0130leti\u015fim:\u00a00312 449 8430 \/ 0312 449 8429 \/ 0312 449 8437<\/p>\n","protected":false},"excerpt":{"rendered":"<p>KARAYOLLARI GENEL M\u00dcD\u00dcRL\u00dc\u011e\u00dc S\u00d6ZLE\u015eMEL\u0130 PERSONEL ALIM \u0130LANI A\u00c7IKLAMA Genel M\u00fcd\u00fcrl\u00fc\u011f\u00fcm\u00fcz merkez ve ta\u015fra te\u015fkilat\u0131 birimlerinde 657 say\u0131l\u0131 Devlet Memurlar\u0131 Kanunu&#8217;nun 4&#8217;\u00fcnc\u00fc maddesinin (B) f\u0131kras\u0131na g\u00f6re istihdam edilmek \u00fczere, 06\/06\/1978 tarihli ve 7\/15754 say\u0131l\u0131 Bakanlar Kurulu Karar\u0131 ile y\u00fcr\u00fcrl\u00fc\u011fe konulan &#8220;S\u00f6zle\u015fmeli Personel \u00c7al\u0131\u015ft\u0131r\u0131lmas\u0131na \u0130li\u015fkin Esaslar\u201d\u0131n Ek Madde 2\u2019nin (b) f\u0131kras\u0131na g\u00f6re a\u015fa\u011f\u0131da belirtilen \u00fcnvanlarda toplam 150 [&hellip;]<\/p>\n","protected":false},"author":1,"featured_media":16554,"comment_status":"open","ping_status":"open","sticky":false,"template":"","format":"standard","meta":{"footnotes":""},"categories":[55],"tags":[114],"class_list":["post-16553","post","type-post","status-publish","format-standard","has-post-thumbnail","hentry","category-is-ilanlari","tag-is-ilani"],"yoast_head":"<!-- This site is optimized with the Yoast SEO plugin v27.4 - https:\/\/yoast.com\/product\/yoast-seo-wordpress\/ -->\n<title>KARAYOLLARI GENEL M\u00dcD\u00dcRL\u00dc\u011e\u00dc - 150 S\u00d6ZLE\u015eMEL\u0130 PERSONEL ALIM \u0130LANI - Memurun Sesi<\/title>\n<meta name=\"robots\" content=\"index, follow, max-snippet:-1, max-image-preview:large, max-video-preview:-1\" \/>\n<link rel=\"canonical\" href=\"https:\/\/memurunsesi.net\/index.php\/2026\/01\/19\/karayollari-genel-mudurlugu-150-sozlesmeli-personel-alim-ilani\/\" \/>\n<meta property=\"og:locale\" content=\"tr_TR\" \/>\n<meta property=\"og:type\" content=\"article\" \/>\n<meta property=\"og:title\" content=\"KARAYOLLARI GENEL M\u00dcD\u00dcRL\u00dc\u011e\u00dc - 150 S\u00d6ZLE\u015eMEL\u0130 PERSONEL ALIM \u0130LANI - Memurun Sesi\" \/>\n<meta property=\"og:description\" content=\"KARAYOLLARI GENEL M\u00dcD\u00dcRL\u00dc\u011e\u00dc S\u00d6ZLE\u015eMEL\u0130 PERSONEL ALIM \u0130LANI A\u00c7IKLAMA Genel M\u00fcd\u00fcrl\u00fc\u011f\u00fcm\u00fcz merkez ve ta\u015fra te\u015fkilat\u0131 birimlerinde 657 say\u0131l\u0131 Devlet Memurlar\u0131 Kanunu&#8217;nun 4&#8217;\u00fcnc\u00fc maddesinin (B) f\u0131kras\u0131na g\u00f6re istihdam edilmek \u00fczere, 06\/06\/1978 tarihli ve 7\/15754 say\u0131l\u0131 Bakanlar Kurulu Karar\u0131 ile y\u00fcr\u00fcrl\u00fc\u011fe konulan &#8220;S\u00f6zle\u015fmeli Personel \u00c7al\u0131\u015ft\u0131r\u0131lmas\u0131na \u0130li\u015fkin Esaslar\u201d\u0131n Ek Madde 2\u2019nin (b) f\u0131kras\u0131na g\u00f6re a\u015fa\u011f\u0131da belirtilen \u00fcnvanlarda toplam 150 [&hellip;]\" \/>\n<meta property=\"og:url\" content=\"https:\/\/memurunsesi.net\/index.php\/2026\/01\/19\/karayollari-genel-mudurlugu-150-sozlesmeli-personel-alim-ilani\/\" \/>\n<meta property=\"og:site_name\" content=\"Memurun Sesi\" \/>\n<meta property=\"article:publisher\" content=\"https:\/\/www.facebook.com\/unipersen\/?locale=tr_TR\" \/>\n<meta property=\"article:published_time\" content=\"2026-01-19T05:18:52+00:00\" \/>\n<meta property=\"og:image\" content=\"https:\/\/memurunsesi.net\/wp-content\/uploads\/2026\/01\/karayollari.webp\" \/>\n\t<meta property=\"og:image:width\" content=\"124\" \/>\n\t<meta property=\"og:image:height\" content=\"124\" \/>\n\t<meta property=\"og:image:type\" content=\"image\/webp\" \/>\n<meta name=\"author\" content=\"Memurun Sesi Haber Merkezi\" \/>\n<meta name=\"twitter:card\" content=\"summary_large_image\" \/>\n<meta name=\"twitter:creator\" content=\"@unipersen\" \/>\n<meta name=\"twitter:site\" content=\"@unipersen\" \/>\n<meta name=\"twitter:label1\" content=\"Yazan:\" \/>\n\t<meta name=\"twitter:data1\" content=\"Memurun Sesi Haber Merkezi\" \/>\n\t<meta name=\"twitter:label2\" content=\"Tahmini okuma s\u00fcresi\" \/>\n\t<meta name=\"twitter:data2\" content=\"8 dakika\" \/>\n<script type=\"application\/ld+json\" class=\"yoast-schema-graph\">{\"@context\":\"https:\\\/\\\/schema.org\",\"@graph\":[{\"@type\":\"Article\",\"@id\":\"https:\\\/\\\/memurunsesi.net\\\/index.php\\\/2026\\\/01\\\/19\\\/karayollari-genel-mudurlugu-150-sozlesmeli-personel-alim-ilani\\\/#article\",\"isPartOf\":{\"@id\":\"https:\\\/\\\/memurunsesi.net\\\/index.php\\\/2026\\\/01\\\/19\\\/karayollari-genel-mudurlugu-150-sozlesmeli-personel-alim-ilani\\\/\"},\"author\":{\"name\":\"Memurun Sesi Haber Merkezi\",\"@id\":\"https:\\\/\\\/memurunsesi.net\\\/#\\\/schema\\\/person\\\/f21c2d73b89f6ee1d80b0a1803e38587\"},\"headline\":\"KARAYOLLARI GENEL M\u00dcD\u00dcRL\u00dc\u011e\u00dc &#8211; 150 S\u00d6ZLE\u015eMEL\u0130 PERSONEL ALIM \u0130LANI\",\"datePublished\":\"2026-01-19T05:18:52+00:00\",\"mainEntityOfPage\":{\"@id\":\"https:\\\/\\\/memurunsesi.net\\\/index.php\\\/2026\\\/01\\\/19\\\/karayollari-genel-mudurlugu-150-sozlesmeli-personel-alim-ilani\\\/\"},\"wordCount\":1799,\"commentCount\":0,\"publisher\":{\"@id\":\"https:\\\/\\\/memurunsesi.net\\\/#organization\"},\"image\":{\"@id\":\"https:\\\/\\\/memurunsesi.net\\\/index.php\\\/2026\\\/01\\\/19\\\/karayollari-genel-mudurlugu-150-sozlesmeli-personel-alim-ilani\\\/#primaryimage\"},\"thumbnailUrl\":\"https:\\\/\\\/memurunsesi.net\\\/wp-content\\\/uploads\\\/2026\\\/01\\\/karayollari.webp\",\"keywords\":[\"i\u015f ilan\u0131\"],\"articleSection\":[\"\u0130\u015f \u0130lanlar\u0131\"],\"inLanguage\":\"tr\",\"potentialAction\":[{\"@type\":\"CommentAction\",\"name\":\"Comment\",\"target\":[\"https:\\\/\\\/memurunsesi.net\\\/index.php\\\/2026\\\/01\\\/19\\\/karayollari-genel-mudurlugu-150-sozlesmeli-personel-alim-ilani\\\/#respond\"]}]},{\"@type\":\"WebPage\",\"@id\":\"https:\\\/\\\/memurunsesi.net\\\/index.php\\\/2026\\\/01\\\/19\\\/karayollari-genel-mudurlugu-150-sozlesmeli-personel-alim-ilani\\\/\",\"url\":\"https:\\\/\\\/memurunsesi.net\\\/index.php\\\/2026\\\/01\\\/19\\\/karayollari-genel-mudurlugu-150-sozlesmeli-personel-alim-ilani\\\/\",\"name\":\"KARAYOLLARI GENEL M\u00dcD\u00dcRL\u00dc\u011e\u00dc - 150 S\u00d6ZLE\u015eMEL\u0130 PERSONEL ALIM \u0130LANI - Memurun Sesi\",\"isPartOf\":{\"@id\":\"https:\\\/\\\/memurunsesi.net\\\/#website\"},\"primaryImageOfPage\":{\"@id\":\"https:\\\/\\\/memurunsesi.net\\\/index.php\\\/2026\\\/01\\\/19\\\/karayollari-genel-mudurlugu-150-sozlesmeli-personel-alim-ilani\\\/#primaryimage\"},\"image\":{\"@id\":\"https:\\\/\\\/memurunsesi.net\\\/index.php\\\/2026\\\/01\\\/19\\\/karayollari-genel-mudurlugu-150-sozlesmeli-personel-alim-ilani\\\/#primaryimage\"},\"thumbnailUrl\":\"https:\\\/\\\/memurunsesi.net\\\/wp-content\\\/uploads\\\/2026\\\/01\\\/karayollari.webp\",\"datePublished\":\"2026-01-19T05:18:52+00:00\",\"breadcrumb\":{\"@id\":\"https:\\\/\\\/memurunsesi.net\\\/index.php\\\/2026\\\/01\\\/19\\\/karayollari-genel-mudurlugu-150-sozlesmeli-personel-alim-ilani\\\/#breadcrumb\"},\"inLanguage\":\"tr\",\"potentialAction\":[{\"@type\":\"ReadAction\",\"target\":[\"https:\\\/\\\/memurunsesi.net\\\/index.php\\\/2026\\\/01\\\/19\\\/karayollari-genel-mudurlugu-150-sozlesmeli-personel-alim-ilani\\\/\"]}]},{\"@type\":\"ImageObject\",\"inLanguage\":\"tr\",\"@id\":\"https:\\\/\\\/memurunsesi.net\\\/index.php\\\/2026\\\/01\\\/19\\\/karayollari-genel-mudurlugu-150-sozlesmeli-personel-alim-ilani\\\/#primaryimage\",\"url\":\"https:\\\/\\\/memurunsesi.net\\\/wp-content\\\/uploads\\\/2026\\\/01\\\/karayollari.webp\",\"contentUrl\":\"https:\\\/\\\/memurunsesi.net\\\/wp-content\\\/uploads\\\/2026\\\/01\\\/karayollari.webp\",\"width\":124,\"height\":124},{\"@type\":\"BreadcrumbList\",\"@id\":\"https:\\\/\\\/memurunsesi.net\\\/index.php\\\/2026\\\/01\\\/19\\\/karayollari-genel-mudurlugu-150-sozlesmeli-personel-alim-ilani\\\/#breadcrumb\",\"itemListElement\":[{\"@type\":\"ListItem\",\"position\":1,\"name\":\"Anasayfa\",\"item\":\"https:\\\/\\\/memurunsesi.net\\\/\"},{\"@type\":\"ListItem\",\"position\":2,\"name\":\"KARAYOLLARI GENEL M\u00dcD\u00dcRL\u00dc\u011e\u00dc &#8211; 150 S\u00d6ZLE\u015eMEL\u0130 PERSONEL ALIM \u0130LANI\"}]},{\"@type\":\"WebSite\",\"@id\":\"https:\\\/\\\/memurunsesi.net\\\/#website\",\"url\":\"https:\\\/\\\/memurunsesi.net\\\/\",\"name\":\"Memurun Sesi\",\"description\":\"G\u00fcncel ve Do\u011fru Haber\",\"publisher\":{\"@id\":\"https:\\\/\\\/memurunsesi.net\\\/#organization\"},\"potentialAction\":[{\"@type\":\"SearchAction\",\"target\":{\"@type\":\"EntryPoint\",\"urlTemplate\":\"https:\\\/\\\/memurunsesi.net\\\/?s={search_term_string}\"},\"query-input\":{\"@type\":\"PropertyValueSpecification\",\"valueRequired\":true,\"valueName\":\"search_term_string\"}}],\"inLanguage\":\"tr\"},{\"@type\":\"Organization\",\"@id\":\"https:\\\/\\\/memurunsesi.net\\\/#organization\",\"name\":\"Memurun Sesi\",\"url\":\"https:\\\/\\\/memurunsesi.net\\\/\",\"logo\":{\"@type\":\"ImageObject\",\"inLanguage\":\"tr\",\"@id\":\"https:\\\/\\\/memurunsesi.net\\\/#\\\/schema\\\/logo\\\/image\\\/\",\"url\":\"https:\\\/\\\/memurunsesi.net\\\/wp-content\\\/uploads\\\/2025\\\/11\\\/cropped-MEMURUN-SESI.png\",\"contentUrl\":\"https:\\\/\\\/memurunsesi.net\\\/wp-content\\\/uploads\\\/2025\\\/11\\\/cropped-MEMURUN-SESI.png\",\"width\":238,\"height\":57,\"caption\":\"Memurun Sesi\"},\"image\":{\"@id\":\"https:\\\/\\\/memurunsesi.net\\\/#\\\/schema\\\/logo\\\/image\\\/\"},\"sameAs\":[\"https:\\\/\\\/www.facebook.com\\\/unipersen\\\/?locale=tr_TR\",\"https:\\\/\\\/x.com\\\/unipersen\"]},{\"@type\":\"Person\",\"@id\":\"https:\\\/\\\/memurunsesi.net\\\/#\\\/schema\\\/person\\\/f21c2d73b89f6ee1d80b0a1803e38587\",\"name\":\"Memurun Sesi Haber Merkezi\",\"image\":{\"@type\":\"ImageObject\",\"inLanguage\":\"tr\",\"@id\":\"https:\\\/\\\/secure.gravatar.com\\\/avatar\\\/6cf0505f452ee753f485014986fab09a434671d2b919ee76fc541025c5876a70?s=96&d=mm&r=g\",\"url\":\"https:\\\/\\\/secure.gravatar.com\\\/avatar\\\/6cf0505f452ee753f485014986fab09a434671d2b919ee76fc541025c5876a70?s=96&d=mm&r=g\",\"contentUrl\":\"https:\\\/\\\/secure.gravatar.com\\\/avatar\\\/6cf0505f452ee753f485014986fab09a434671d2b919ee76fc541025c5876a70?s=96&d=mm&r=g\",\"caption\":\"Memurun Sesi Haber Merkezi\"},\"sameAs\":[\"https:\\\/\\\/memurunsesi.net\"],\"url\":\"https:\\\/\\\/memurunsesi.net\\\/index.php\\\/author\\\/uniper\\\/\"}]}<\/script>\n<!-- \/ Yoast SEO plugin. -->","yoast_head_json":{"title":"KARAYOLLARI GENEL M\u00dcD\u00dcRL\u00dc\u011e\u00dc - 150 S\u00d6ZLE\u015eMEL\u0130 PERSONEL ALIM \u0130LANI - Memurun Sesi","robots":{"index":"index","follow":"follow","max-snippet":"max-snippet:-1","max-image-preview":"max-image-preview:large","max-video-preview":"max-video-preview:-1"},"canonical":"https:\/\/memurunsesi.net\/index.php\/2026\/01\/19\/karayollari-genel-mudurlugu-150-sozlesmeli-personel-alim-ilani\/","og_locale":"tr_TR","og_type":"article","og_title":"KARAYOLLARI GENEL M\u00dcD\u00dcRL\u00dc\u011e\u00dc - 150 S\u00d6ZLE\u015eMEL\u0130 PERSONEL ALIM \u0130LANI - Memurun Sesi","og_description":"KARAYOLLARI GENEL M\u00dcD\u00dcRL\u00dc\u011e\u00dc S\u00d6ZLE\u015eMEL\u0130 PERSONEL ALIM \u0130LANI A\u00c7IKLAMA Genel M\u00fcd\u00fcrl\u00fc\u011f\u00fcm\u00fcz merkez ve ta\u015fra te\u015fkilat\u0131 birimlerinde 657 say\u0131l\u0131 Devlet Memurlar\u0131 Kanunu&#8217;nun 4&#8217;\u00fcnc\u00fc maddesinin (B) f\u0131kras\u0131na g\u00f6re istihdam edilmek \u00fczere, 06\/06\/1978 tarihli ve 7\/15754 say\u0131l\u0131 Bakanlar Kurulu Karar\u0131 ile y\u00fcr\u00fcrl\u00fc\u011fe konulan &#8220;S\u00f6zle\u015fmeli Personel \u00c7al\u0131\u015ft\u0131r\u0131lmas\u0131na \u0130li\u015fkin Esaslar\u201d\u0131n Ek Madde 2\u2019nin (b) f\u0131kras\u0131na g\u00f6re a\u015fa\u011f\u0131da belirtilen \u00fcnvanlarda toplam 150 [&hellip;]","og_url":"https:\/\/memurunsesi.net\/index.php\/2026\/01\/19\/karayollari-genel-mudurlugu-150-sozlesmeli-personel-alim-ilani\/","og_site_name":"Memurun Sesi","article_publisher":"https:\/\/www.facebook.com\/unipersen\/?locale=tr_TR","article_published_time":"2026-01-19T05:18:52+00:00","og_image":[{"width":124,"height":124,"url":"https:\/\/memurunsesi.net\/wp-content\/uploads\/2026\/01\/karayollari.webp","type":"image\/webp"}],"author":"Memurun Sesi Haber Merkezi","twitter_card":"summary_large_image","twitter_creator":"@unipersen","twitter_site":"@unipersen","twitter_misc":{"Yazan:":"Memurun Sesi Haber Merkezi","Tahmini okuma s\u00fcresi":"8 dakika"},"schema":{"@context":"https:\/\/schema.org","@graph":[{"@type":"Article","@id":"https:\/\/memurunsesi.net\/index.php\/2026\/01\/19\/karayollari-genel-mudurlugu-150-sozlesmeli-personel-alim-ilani\/#article","isPartOf":{"@id":"https:\/\/memurunsesi.net\/index.php\/2026\/01\/19\/karayollari-genel-mudurlugu-150-sozlesmeli-personel-alim-ilani\/"},"author":{"name":"Memurun Sesi Haber Merkezi","@id":"https:\/\/memurunsesi.net\/#\/schema\/person\/f21c2d73b89f6ee1d80b0a1803e38587"},"headline":"KARAYOLLARI GENEL M\u00dcD\u00dcRL\u00dc\u011e\u00dc &#8211; 150 S\u00d6ZLE\u015eMEL\u0130 PERSONEL ALIM \u0130LANI","datePublished":"2026-01-19T05:18:52+00:00","mainEntityOfPage":{"@id":"https:\/\/memurunsesi.net\/index.php\/2026\/01\/19\/karayollari-genel-mudurlugu-150-sozlesmeli-personel-alim-ilani\/"},"wordCount":1799,"commentCount":0,"publisher":{"@id":"https:\/\/memurunsesi.net\/#organization"},"image":{"@id":"https:\/\/memurunsesi.net\/index.php\/2026\/01\/19\/karayollari-genel-mudurlugu-150-sozlesmeli-personel-alim-ilani\/#primaryimage"},"thumbnailUrl":"https:\/\/memurunsesi.net\/wp-content\/uploads\/2026\/01\/karayollari.webp","keywords":["i\u015f ilan\u0131"],"articleSection":["\u0130\u015f \u0130lanlar\u0131"],"inLanguage":"tr","potentialAction":[{"@type":"CommentAction","name":"Comment","target":["https:\/\/memurunsesi.net\/index.php\/2026\/01\/19\/karayollari-genel-mudurlugu-150-sozlesmeli-personel-alim-ilani\/#respond"]}]},{"@type":"WebPage","@id":"https:\/\/memurunsesi.net\/index.php\/2026\/01\/19\/karayollari-genel-mudurlugu-150-sozlesmeli-personel-alim-ilani\/","url":"https:\/\/memurunsesi.net\/index.php\/2026\/01\/19\/karayollari-genel-mudurlugu-150-sozlesmeli-personel-alim-ilani\/","name":"KARAYOLLARI GENEL M\u00dcD\u00dcRL\u00dc\u011e\u00dc - 150 S\u00d6ZLE\u015eMEL\u0130 PERSONEL ALIM \u0130LANI - Memurun Sesi","isPartOf":{"@id":"https:\/\/memurunsesi.net\/#website"},"primaryImageOfPage":{"@id":"https:\/\/memurunsesi.net\/index.php\/2026\/01\/19\/karayollari-genel-mudurlugu-150-sozlesmeli-personel-alim-ilani\/#primaryimage"},"image":{"@id":"https:\/\/memurunsesi.net\/index.php\/2026\/01\/19\/karayollari-genel-mudurlugu-150-sozlesmeli-personel-alim-ilani\/#primaryimage"},"thumbnailUrl":"https:\/\/memurunsesi.net\/wp-content\/uploads\/2026\/01\/karayollari.webp","datePublished":"2026-01-19T05:18:52+00:00","breadcrumb":{"@id":"https:\/\/memurunsesi.net\/index.php\/2026\/01\/19\/karayollari-genel-mudurlugu-150-sozlesmeli-personel-alim-ilani\/#breadcrumb"},"inLanguage":"tr","potentialAction":[{"@type":"ReadAction","target":["https:\/\/memurunsesi.net\/index.php\/2026\/01\/19\/karayollari-genel-mudurlugu-150-sozlesmeli-personel-alim-ilani\/"]}]},{"@type":"ImageObject","inLanguage":"tr","@id":"https:\/\/memurunsesi.net\/index.php\/2026\/01\/19\/karayollari-genel-mudurlugu-150-sozlesmeli-personel-alim-ilani\/#primaryimage","url":"https:\/\/memurunsesi.net\/wp-content\/uploads\/2026\/01\/karayollari.webp","contentUrl":"https:\/\/memurunsesi.net\/wp-content\/uploads\/2026\/01\/karayollari.webp","width":124,"height":124},{"@type":"BreadcrumbList","@id":"https:\/\/memurunsesi.net\/index.php\/2026\/01\/19\/karayollari-genel-mudurlugu-150-sozlesmeli-personel-alim-ilani\/#breadcrumb","itemListElement":[{"@type":"ListItem","position":1,"name":"Anasayfa","item":"https:\/\/memurunsesi.net\/"},{"@type":"ListItem","position":2,"name":"KARAYOLLARI GENEL M\u00dcD\u00dcRL\u00dc\u011e\u00dc &#8211; 150 S\u00d6ZLE\u015eMEL\u0130 PERSONEL ALIM \u0130LANI"}]},{"@type":"WebSite","@id":"https:\/\/memurunsesi.net\/#website","url":"https:\/\/memurunsesi.net\/","name":"Memurun Sesi","description":"G\u00fcncel ve Do\u011fru Haber","publisher":{"@id":"https:\/\/memurunsesi.net\/#organization"},"potentialAction":[{"@type":"SearchAction","target":{"@type":"EntryPoint","urlTemplate":"https:\/\/memurunsesi.net\/?s={search_term_string}"},"query-input":{"@type":"PropertyValueSpecification","valueRequired":true,"valueName":"search_term_string"}}],"inLanguage":"tr"},{"@type":"Organization","@id":"https:\/\/memurunsesi.net\/#organization","name":"Memurun Sesi","url":"https:\/\/memurunsesi.net\/","logo":{"@type":"ImageObject","inLanguage":"tr","@id":"https:\/\/memurunsesi.net\/#\/schema\/logo\/image\/","url":"https:\/\/memurunsesi.net\/wp-content\/uploads\/2025\/11\/cropped-MEMURUN-SESI.png","contentUrl":"https:\/\/memurunsesi.net\/wp-content\/uploads\/2025\/11\/cropped-MEMURUN-SESI.png","width":238,"height":57,"caption":"Memurun Sesi"},"image":{"@id":"https:\/\/memurunsesi.net\/#\/schema\/logo\/image\/"},"sameAs":["https:\/\/www.facebook.com\/unipersen\/?locale=tr_TR","https:\/\/x.com\/unipersen"]},{"@type":"Person","@id":"https:\/\/memurunsesi.net\/#\/schema\/person\/f21c2d73b89f6ee1d80b0a1803e38587","name":"Memurun Sesi Haber Merkezi","image":{"@type":"ImageObject","inLanguage":"tr","@id":"https:\/\/secure.gravatar.com\/avatar\/6cf0505f452ee753f485014986fab09a434671d2b919ee76fc541025c5876a70?s=96&d=mm&r=g","url":"https:\/\/secure.gravatar.com\/avatar\/6cf0505f452ee753f485014986fab09a434671d2b919ee76fc541025c5876a70?s=96&d=mm&r=g","contentUrl":"https:\/\/secure.gravatar.com\/avatar\/6cf0505f452ee753f485014986fab09a434671d2b919ee76fc541025c5876a70?s=96&d=mm&r=g","caption":"Memurun Sesi Haber Merkezi"},"sameAs":["https:\/\/memurunsesi.net"],"url":"https:\/\/memurunsesi.net\/index.php\/author\/uniper\/"}]}},"_links":{"self":[{"href":"https:\/\/memurunsesi.net\/index.php\/wp-json\/wp\/v2\/posts\/16553","targetHints":{"allow":["GET"]}}],"collection":[{"href":"https:\/\/memurunsesi.net\/index.php\/wp-json\/wp\/v2\/posts"}],"about":[{"href":"https:\/\/memurunsesi.net\/index.php\/wp-json\/wp\/v2\/types\/post"}],"author":[{"embeddable":true,"href":"https:\/\/memurunsesi.net\/index.php\/wp-json\/wp\/v2\/users\/1"}],"replies":[{"embeddable":true,"href":"https:\/\/memurunsesi.net\/index.php\/wp-json\/wp\/v2\/comments?post=16553"}],"version-history":[{"count":1,"href":"https:\/\/memurunsesi.net\/index.php\/wp-json\/wp\/v2\/posts\/16553\/revisions"}],"predecessor-version":[{"id":16555,"href":"https:\/\/memurunsesi.net\/index.php\/wp-json\/wp\/v2\/posts\/16553\/revisions\/16555"}],"wp:featuredmedia":[{"embeddable":true,"href":"https:\/\/memurunsesi.net\/index.php\/wp-json\/wp\/v2\/media\/16554"}],"wp:attachment":[{"href":"https:\/\/memurunsesi.net\/index.php\/wp-json\/wp\/v2\/media?parent=16553"}],"wp:term":[{"taxonomy":"category","embeddable":true,"href":"https:\/\/memurunsesi.net\/index.php\/wp-json\/wp\/v2\/categories?post=16553"},{"taxonomy":"post_tag","embeddable":true,"href":"https:\/\/memurunsesi.net\/index.php\/wp-json\/wp\/v2\/tags?post=16553"}],"curies":[{"name":"wp","href":"https:\/\/api.w.org\/{rel}","templated":true}]}}