{"id":16557,"date":"2026-01-19T08:46:29","date_gmt":"2026-01-19T05:46:29","guid":{"rendered":"https:\/\/memurunsesi.net\/?p=16557"},"modified":"2026-01-19T08:46:29","modified_gmt":"2026-01-19T05:46:29","slug":"kamu-mulakatlari-ombudsmana-tasindi-haksiz-yere-elendik-basvurulari-artti","status":"publish","type":"post","link":"https:\/\/memurunsesi.net\/index.php\/2026\/01\/19\/kamu-mulakatlari-ombudsmana-tasindi-haksiz-yere-elendik-basvurulari-artti\/","title":{"rendered":"Kamu m\u00fclakatlar\u0131 Ombudsman\u2019a ta\u015f\u0131nd\u0131: \u201cHaks\u0131z yere elendik\u201d ba\u015fvurular\u0131 artt\u0131"},"content":{"rendered":"<p data-start=\"322\" data-end=\"616\">\u00a0 \u00a0 Kamuda personel al\u0131mlar\u0131nda uygulanan s\u00f6zl\u00fc m\u00fclakat sistemi, son y\u0131llarda en \u00e7ok tart\u0131\u015f\u0131lan ba\u015fl\u0131klardan biri olmaya devam ediyor. Kamu Denet\u00e7ili\u011fi Kurumu\u2019na (KDK) yap\u0131lan ba\u015fvurular, m\u00fclakatlar\u0131n liyakat yerine keyfi uygulamalara yol a\u00e7t\u0131\u011f\u0131 y\u00f6n\u00fcndeki iddialar\u0131n giderek artt\u0131\u011f\u0131n\u0131 ortaya koydu.<\/p>\n<p data-start=\"618\" data-end=\"987\">Anayasa de\u011fi\u015fikli\u011fi sonras\u0131 2012 y\u0131l\u0131nda kurulan ve 2013\u2019te faaliyete ba\u015flayan KDK\u2019ye son iki y\u0131lda yap\u0131lan \u015fik\u00e2yetlerde, m\u00fclakat uygulamalar\u0131 dikkat \u00e7ekici bir yer tuttu. \u0130mam adaylar\u0131ndan \u00f6\u011fretmenlere, polis adaylar\u0131ndan zab\u0131t k\u00e2tiplerine kadar bir\u00e7ok yurtta\u015f, yaz\u0131l\u0131 s\u0131navlarda ba\u015far\u0131l\u0131 olmalar\u0131na ra\u011fmen s\u00f6zl\u00fc s\u0131navlarda d\u00fc\u015f\u00fck puan verilerek elendiklerini belirtti.<\/p>\n<h3 data-start=\"989\" data-end=\"1043\">Diyanet ve Milli E\u011fitim m\u00fclakatlar\u0131 \u015fik\u00e2yet konusu<\/h3>\n<p data-start=\"1045\" data-end=\"1415\">Diyanet \u0130\u015fleri Ba\u015fkanl\u0131\u011f\u0131 taraf\u0131ndan yap\u0131lan s\u0131navlara giren baz\u0131 adaylar, s\u00f6zl\u00fc s\u0131navlarda hak ettiklerinden \u00e7ok daha d\u00fc\u015f\u00fck puanlar verildi\u011fini \u00f6ne s\u00fcrd\u00fc. Adaylar, sorulara do\u011fru yan\u0131t verdiklerini ve bunun kamera kay\u0131tlar\u0131yla sabit oldu\u011funu ifade ederek m\u00fclakatlar\u0131n yeniden de\u011ferlendirilmesini talep etti. Ancak bu ba\u015fvurular\u0131n b\u00fcy\u00fck b\u00f6l\u00fcm\u00fc KDK taraf\u0131ndan reddedildi.<\/p>\n<p data-start=\"1417\" data-end=\"1650\">Benzer \u015fekilde s\u00f6zle\u015fmeli \u00f6\u011fretmenlik m\u00fclakatlar\u0131na kat\u0131lan baz\u0131 \u00f6\u011fretmen adaylar\u0131 da d\u00fc\u015f\u00fck puan verildi\u011fi gerek\u00e7esiyle Ombudsman\u2019a ba\u015fvurdu. Puanlama belgelerinin kendilerine verilmesini isteyen adaylar\u0131n talepleri de kabul g\u00f6rmedi.<\/p>\n<h3 data-start=\"1652\" data-end=\"1701\">Polis ve baz\u0131 kurumlarda tavsiye karar\u0131 \u00e7\u0131kt\u0131<\/h3>\n<p data-start=\"1703\" data-end=\"2007\">Polis Akademisi taraf\u0131ndan yap\u0131lan s\u00f6zl\u00fc s\u0131navlara ili\u015fkin bir ba\u015fvuruda ise KDK farkl\u0131 bir karar ald\u0131. Bir polis aday\u0131n\u0131n ba\u015fvurusu \u00fczerine kurum, aday\u0131n yeniden s\u00f6zl\u00fc s\u0131nava al\u0131nmas\u0131n\u0131 ve ilerleyen s\u00fcre\u00e7te m\u00fclakatlar\u0131n sesli ve g\u00f6r\u00fcnt\u00fcl\u00fc kay\u0131t alt\u0131na al\u0131nmas\u0131n\u0131 Emniyet Genel M\u00fcd\u00fcrl\u00fc\u011f\u00fc\u2019ne tavsiye etti.<\/p>\n<p data-start=\"2009\" data-end=\"2213\">Orman Genel M\u00fcd\u00fcrl\u00fc\u011f\u00fc\u2019n\u00fcn ge\u00e7ici i\u015f\u00e7i al\u0131m\u0131 ve T\u00dcB\u0130TAK\u2019\u0131n uzman yard\u0131mc\u0131l\u0131\u011f\u0131 m\u00fclakatlar\u0131na ili\u015fkin ba\u015fvurularda da benzer \u015fekilde m\u00fclakat s\u00fcre\u00e7lerinin \u015feffafla\u015ft\u0131r\u0131lmas\u0131 y\u00f6n\u00fcnde tavsiye kararlar\u0131 verildi.<\/p>\n<h3 data-start=\"2215\" data-end=\"2266\">D\u0131\u015fi\u015fleri ve \u00fcniversitelerde de benzer iddialar<\/h3>\n<p data-start=\"2268\" data-end=\"2518\">D\u0131\u015fi\u015fleri Bakanl\u0131\u011f\u0131\u2019n\u0131n a\u00e7t\u0131\u011f\u0131 meslek memurlu\u011fu s\u0131navlar\u0131nda yaz\u0131l\u0131 a\u015famada derece yapan baz\u0131 adaylar, s\u00f6zl\u00fc s\u0131navda elendiklerini belirterek KDK\u2019ye ba\u015fvurdu. Ombudsmanl\u0131k, bu ba\u015fvuruyu hakl\u0131 bularak m\u00fclakat\u0131n yenilenmesi y\u00f6n\u00fcnde tavsiye karar\u0131 ald\u0131.<\/p>\n<p data-start=\"2520\" data-end=\"2728\">\u00d6te yandan \u00e7e\u015fitli \u00fcniversitelerde yap\u0131lan g\u00f6revde y\u00fckselme, t\u0131bbi sekreterlik ve idari personel m\u00fclakatlar\u0131 ile belediyeler ve kamu kurumlar\u0131ndaki engelli i\u015f\u00e7i al\u0131mlar\u0131nda da benzer \u015fik\u00e2yetler g\u00fcndeme geldi.<\/p>\n<h3 data-start=\"2730\" data-end=\"2772\">Ortak talep: \u015eeffaf ve kay\u0131tl\u0131 m\u00fclakat<\/h3>\n<p data-start=\"2774\" data-end=\"3112\">Ba\u015fvurular\u0131n ortak noktas\u0131n\u0131, m\u00fclakatlar\u0131n objektif kriterlere dayanmamas\u0131 ve denetlenebilir olmamas\u0131 olu\u015fturdu. KDK\u2019nin baz\u0131 ba\u015fvurularda reddi tercih etmesine ra\u011fmen, bir\u00e7ok karar\u0131nda sesli ve g\u00f6r\u00fcnt\u00fcl\u00fc kay\u0131t sistemlerinin zorunlu hale getirilmesi gerekti\u011fine dikkat \u00e7ekmesi, m\u00fclakat sistemine y\u00f6nelik tart\u0131\u015fmalar\u0131 yeniden alevlendirdi.<\/p>\n<p data-start=\"2774\" data-end=\"3112\">19.01.2025<\/p>\n","protected":false},"excerpt":{"rendered":"<p>\u00a0 \u00a0 Kamuda personel al\u0131mlar\u0131nda uygulanan s\u00f6zl\u00fc m\u00fclakat sistemi, son y\u0131llarda en \u00e7ok tart\u0131\u015f\u0131lan ba\u015fl\u0131klardan biri olmaya devam ediyor. Kamu Denet\u00e7ili\u011fi Kurumu\u2019na (KDK) yap\u0131lan ba\u015fvurular, m\u00fclakatlar\u0131n liyakat yerine keyfi uygulamalara yol a\u00e7t\u0131\u011f\u0131 y\u00f6n\u00fcndeki iddialar\u0131n giderek artt\u0131\u011f\u0131n\u0131 ortaya koydu. Anayasa de\u011fi\u015fikli\u011fi sonras\u0131 2012 y\u0131l\u0131nda kurulan ve 2013\u2019te faaliyete ba\u015flayan KDK\u2019ye son iki y\u0131lda yap\u0131lan \u015fik\u00e2yetlerde, m\u00fclakat [&hellip;]<\/p>\n","protected":false},"author":1,"featured_media":16558,"comment_status":"open","ping_status":"open","sticky":false,"template":"","format":"standard","meta":{"footnotes":""},"categories":[1],"tags":[],"class_list":["post-16557","post","type-post","status-publish","format-standard","has-post-thumbnail","hentry","category-genel"],"yoast_head":"<!-- This site is optimized with the Yoast SEO plugin v27.4 - https:\/\/yoast.com\/product\/yoast-seo-wordpress\/ -->\n<title>Kamu m\u00fclakatlar\u0131 Ombudsman\u2019a ta\u015f\u0131nd\u0131: \u201cHaks\u0131z yere elendik\u201d ba\u015fvurular\u0131 artt\u0131 - Memurun Sesi<\/title>\n<meta name=\"robots\" content=\"index, follow, max-snippet:-1, max-image-preview:large, max-video-preview:-1\" \/>\n<link rel=\"canonical\" href=\"https:\/\/memurunsesi.net\/index.php\/2026\/01\/19\/kamu-mulakatlari-ombudsmana-tasindi-haksiz-yere-elendik-basvurulari-artti\/\" \/>\n<meta property=\"og:locale\" content=\"tr_TR\" \/>\n<meta property=\"og:type\" content=\"article\" \/>\n<meta property=\"og:title\" content=\"Kamu m\u00fclakatlar\u0131 Ombudsman\u2019a ta\u015f\u0131nd\u0131: \u201cHaks\u0131z yere elendik\u201d ba\u015fvurular\u0131 artt\u0131 - Memurun Sesi\" \/>\n<meta property=\"og:description\" content=\"\u00a0 \u00a0 Kamuda personel al\u0131mlar\u0131nda uygulanan s\u00f6zl\u00fc m\u00fclakat sistemi, son y\u0131llarda en \u00e7ok tart\u0131\u015f\u0131lan ba\u015fl\u0131klardan biri olmaya devam ediyor. Kamu Denet\u00e7ili\u011fi Kurumu\u2019na (KDK) yap\u0131lan ba\u015fvurular, m\u00fclakatlar\u0131n liyakat yerine keyfi uygulamalara yol a\u00e7t\u0131\u011f\u0131 y\u00f6n\u00fcndeki iddialar\u0131n giderek artt\u0131\u011f\u0131n\u0131 ortaya koydu. Anayasa de\u011fi\u015fikli\u011fi sonras\u0131 2012 y\u0131l\u0131nda kurulan ve 2013\u2019te faaliyete ba\u015flayan KDK\u2019ye son iki y\u0131lda yap\u0131lan \u015fik\u00e2yetlerde, m\u00fclakat [&hellip;]\" \/>\n<meta property=\"og:url\" content=\"https:\/\/memurunsesi.net\/index.php\/2026\/01\/19\/kamu-mulakatlari-ombudsmana-tasindi-haksiz-yere-elendik-basvurulari-artti\/\" \/>\n<meta property=\"og:site_name\" content=\"Memurun Sesi\" \/>\n<meta property=\"article:publisher\" content=\"https:\/\/www.facebook.com\/unipersen\/?locale=tr_TR\" \/>\n<meta property=\"article:published_time\" content=\"2026-01-19T05:46:29+00:00\" \/>\n<meta property=\"og:image\" content=\"https:\/\/memurunsesi.net\/wp-content\/uploads\/2026\/01\/dilekce.jpg\" \/>\n\t<meta property=\"og:image:width\" content=\"810\" \/>\n\t<meta property=\"og:image:height\" content=\"568\" \/>\n\t<meta property=\"og:image:type\" content=\"image\/jpeg\" \/>\n<meta name=\"author\" content=\"Memurun Sesi Haber Merkezi\" \/>\n<meta name=\"twitter:card\" content=\"summary_large_image\" \/>\n<meta name=\"twitter:creator\" content=\"@unipersen\" \/>\n<meta name=\"twitter:site\" content=\"@unipersen\" \/>\n<meta name=\"twitter:label1\" content=\"Yazan:\" \/>\n\t<meta name=\"twitter:data1\" content=\"Memurun Sesi Haber Merkezi\" \/>\n\t<meta name=\"twitter:label2\" content=\"Tahmini okuma s\u00fcresi\" \/>\n\t<meta name=\"twitter:data2\" content=\"3 dakika\" \/>\n<script type=\"application\/ld+json\" class=\"yoast-schema-graph\">{\"@context\":\"https:\\\/\\\/schema.org\",\"@graph\":[{\"@type\":\"Article\",\"@id\":\"https:\\\/\\\/memurunsesi.net\\\/index.php\\\/2026\\\/01\\\/19\\\/kamu-mulakatlari-ombudsmana-tasindi-haksiz-yere-elendik-basvurulari-artti\\\/#article\",\"isPartOf\":{\"@id\":\"https:\\\/\\\/memurunsesi.net\\\/index.php\\\/2026\\\/01\\\/19\\\/kamu-mulakatlari-ombudsmana-tasindi-haksiz-yere-elendik-basvurulari-artti\\\/\"},\"author\":{\"name\":\"Memurun Sesi Haber Merkezi\",\"@id\":\"https:\\\/\\\/memurunsesi.net\\\/#\\\/schema\\\/person\\\/f21c2d73b89f6ee1d80b0a1803e38587\"},\"headline\":\"Kamu m\u00fclakatlar\u0131 Ombudsman\u2019a ta\u015f\u0131nd\u0131: \u201cHaks\u0131z yere elendik\u201d ba\u015fvurular\u0131 artt\u0131\",\"datePublished\":\"2026-01-19T05:46:29+00:00\",\"mainEntityOfPage\":{\"@id\":\"https:\\\/\\\/memurunsesi.net\\\/index.php\\\/2026\\\/01\\\/19\\\/kamu-mulakatlari-ombudsmana-tasindi-haksiz-yere-elendik-basvurulari-artti\\\/\"},\"wordCount\":539,\"commentCount\":0,\"publisher\":{\"@id\":\"https:\\\/\\\/memurunsesi.net\\\/#organization\"},\"image\":{\"@id\":\"https:\\\/\\\/memurunsesi.net\\\/index.php\\\/2026\\\/01\\\/19\\\/kamu-mulakatlari-ombudsmana-tasindi-haksiz-yere-elendik-basvurulari-artti\\\/#primaryimage\"},\"thumbnailUrl\":\"https:\\\/\\\/memurunsesi.net\\\/wp-content\\\/uploads\\\/2026\\\/01\\\/dilekce.jpg\",\"inLanguage\":\"tr\",\"potentialAction\":[{\"@type\":\"CommentAction\",\"name\":\"Comment\",\"target\":[\"https:\\\/\\\/memurunsesi.net\\\/index.php\\\/2026\\\/01\\\/19\\\/kamu-mulakatlari-ombudsmana-tasindi-haksiz-yere-elendik-basvurulari-artti\\\/#respond\"]}]},{\"@type\":\"WebPage\",\"@id\":\"https:\\\/\\\/memurunsesi.net\\\/index.php\\\/2026\\\/01\\\/19\\\/kamu-mulakatlari-ombudsmana-tasindi-haksiz-yere-elendik-basvurulari-artti\\\/\",\"url\":\"https:\\\/\\\/memurunsesi.net\\\/index.php\\\/2026\\\/01\\\/19\\\/kamu-mulakatlari-ombudsmana-tasindi-haksiz-yere-elendik-basvurulari-artti\\\/\",\"name\":\"Kamu m\u00fclakatlar\u0131 Ombudsman\u2019a ta\u015f\u0131nd\u0131: \u201cHaks\u0131z yere elendik\u201d ba\u015fvurular\u0131 artt\u0131 - Memurun Sesi\",\"isPartOf\":{\"@id\":\"https:\\\/\\\/memurunsesi.net\\\/#website\"},\"primaryImageOfPage\":{\"@id\":\"https:\\\/\\\/memurunsesi.net\\\/index.php\\\/2026\\\/01\\\/19\\\/kamu-mulakatlari-ombudsmana-tasindi-haksiz-yere-elendik-basvurulari-artti\\\/#primaryimage\"},\"image\":{\"@id\":\"https:\\\/\\\/memurunsesi.net\\\/index.php\\\/2026\\\/01\\\/19\\\/kamu-mulakatlari-ombudsmana-tasindi-haksiz-yere-elendik-basvurulari-artti\\\/#primaryimage\"},\"thumbnailUrl\":\"https:\\\/\\\/memurunsesi.net\\\/wp-content\\\/uploads\\\/2026\\\/01\\\/dilekce.jpg\",\"datePublished\":\"2026-01-19T05:46:29+00:00\",\"breadcrumb\":{\"@id\":\"https:\\\/\\\/memurunsesi.net\\\/index.php\\\/2026\\\/01\\\/19\\\/kamu-mulakatlari-ombudsmana-tasindi-haksiz-yere-elendik-basvurulari-artti\\\/#breadcrumb\"},\"inLanguage\":\"tr\",\"potentialAction\":[{\"@type\":\"ReadAction\",\"target\":[\"https:\\\/\\\/memurunsesi.net\\\/index.php\\\/2026\\\/01\\\/19\\\/kamu-mulakatlari-ombudsmana-tasindi-haksiz-yere-elendik-basvurulari-artti\\\/\"]}]},{\"@type\":\"ImageObject\",\"inLanguage\":\"tr\",\"@id\":\"https:\\\/\\\/memurunsesi.net\\\/index.php\\\/2026\\\/01\\\/19\\\/kamu-mulakatlari-ombudsmana-tasindi-haksiz-yere-elendik-basvurulari-artti\\\/#primaryimage\",\"url\":\"https:\\\/\\\/memurunsesi.net\\\/wp-content\\\/uploads\\\/2026\\\/01\\\/dilekce.jpg\",\"contentUrl\":\"https:\\\/\\\/memurunsesi.net\\\/wp-content\\\/uploads\\\/2026\\\/01\\\/dilekce.jpg\",\"width\":810,\"height\":568},{\"@type\":\"BreadcrumbList\",\"@id\":\"https:\\\/\\\/memurunsesi.net\\\/index.php\\\/2026\\\/01\\\/19\\\/kamu-mulakatlari-ombudsmana-tasindi-haksiz-yere-elendik-basvurulari-artti\\\/#breadcrumb\",\"itemListElement\":[{\"@type\":\"ListItem\",\"position\":1,\"name\":\"Anasayfa\",\"item\":\"https:\\\/\\\/memurunsesi.net\\\/\"},{\"@type\":\"ListItem\",\"position\":2,\"name\":\"Kamu m\u00fclakatlar\u0131 Ombudsman\u2019a ta\u015f\u0131nd\u0131: \u201cHaks\u0131z yere elendik\u201d ba\u015fvurular\u0131 artt\u0131\"}]},{\"@type\":\"WebSite\",\"@id\":\"https:\\\/\\\/memurunsesi.net\\\/#website\",\"url\":\"https:\\\/\\\/memurunsesi.net\\\/\",\"name\":\"Memurun Sesi\",\"description\":\"G\u00fcncel ve Do\u011fru Haber\",\"publisher\":{\"@id\":\"https:\\\/\\\/memurunsesi.net\\\/#organization\"},\"potentialAction\":[{\"@type\":\"SearchAction\",\"target\":{\"@type\":\"EntryPoint\",\"urlTemplate\":\"https:\\\/\\\/memurunsesi.net\\\/?s={search_term_string}\"},\"query-input\":{\"@type\":\"PropertyValueSpecification\",\"valueRequired\":true,\"valueName\":\"search_term_string\"}}],\"inLanguage\":\"tr\"},{\"@type\":\"Organization\",\"@id\":\"https:\\\/\\\/memurunsesi.net\\\/#organization\",\"name\":\"Memurun Sesi\",\"url\":\"https:\\\/\\\/memurunsesi.net\\\/\",\"logo\":{\"@type\":\"ImageObject\",\"inLanguage\":\"tr\",\"@id\":\"https:\\\/\\\/memurunsesi.net\\\/#\\\/schema\\\/logo\\\/image\\\/\",\"url\":\"https:\\\/\\\/memurunsesi.net\\\/wp-content\\\/uploads\\\/2025\\\/11\\\/cropped-MEMURUN-SESI.png\",\"contentUrl\":\"https:\\\/\\\/memurunsesi.net\\\/wp-content\\\/uploads\\\/2025\\\/11\\\/cropped-MEMURUN-SESI.png\",\"width\":238,\"height\":57,\"caption\":\"Memurun Sesi\"},\"image\":{\"@id\":\"https:\\\/\\\/memurunsesi.net\\\/#\\\/schema\\\/logo\\\/image\\\/\"},\"sameAs\":[\"https:\\\/\\\/www.facebook.com\\\/unipersen\\\/?locale=tr_TR\",\"https:\\\/\\\/x.com\\\/unipersen\"]},{\"@type\":\"Person\",\"@id\":\"https:\\\/\\\/memurunsesi.net\\\/#\\\/schema\\\/person\\\/f21c2d73b89f6ee1d80b0a1803e38587\",\"name\":\"Memurun Sesi Haber Merkezi\",\"image\":{\"@type\":\"ImageObject\",\"inLanguage\":\"tr\",\"@id\":\"https:\\\/\\\/secure.gravatar.com\\\/avatar\\\/6cf0505f452ee753f485014986fab09a434671d2b919ee76fc541025c5876a70?s=96&d=mm&r=g\",\"url\":\"https:\\\/\\\/secure.gravatar.com\\\/avatar\\\/6cf0505f452ee753f485014986fab09a434671d2b919ee76fc541025c5876a70?s=96&d=mm&r=g\",\"contentUrl\":\"https:\\\/\\\/secure.gravatar.com\\\/avatar\\\/6cf0505f452ee753f485014986fab09a434671d2b919ee76fc541025c5876a70?s=96&d=mm&r=g\",\"caption\":\"Memurun Sesi Haber Merkezi\"},\"sameAs\":[\"https:\\\/\\\/memurunsesi.net\"],\"url\":\"https:\\\/\\\/memurunsesi.net\\\/index.php\\\/author\\\/uniper\\\/\"}]}<\/script>\n<!-- \/ Yoast SEO plugin. -->","yoast_head_json":{"title":"Kamu m\u00fclakatlar\u0131 Ombudsman\u2019a ta\u015f\u0131nd\u0131: \u201cHaks\u0131z yere elendik\u201d ba\u015fvurular\u0131 artt\u0131 - Memurun Sesi","robots":{"index":"index","follow":"follow","max-snippet":"max-snippet:-1","max-image-preview":"max-image-preview:large","max-video-preview":"max-video-preview:-1"},"canonical":"https:\/\/memurunsesi.net\/index.php\/2026\/01\/19\/kamu-mulakatlari-ombudsmana-tasindi-haksiz-yere-elendik-basvurulari-artti\/","og_locale":"tr_TR","og_type":"article","og_title":"Kamu m\u00fclakatlar\u0131 Ombudsman\u2019a ta\u015f\u0131nd\u0131: \u201cHaks\u0131z yere elendik\u201d ba\u015fvurular\u0131 artt\u0131 - Memurun Sesi","og_description":"\u00a0 \u00a0 Kamuda personel al\u0131mlar\u0131nda uygulanan s\u00f6zl\u00fc m\u00fclakat sistemi, son y\u0131llarda en \u00e7ok tart\u0131\u015f\u0131lan ba\u015fl\u0131klardan biri olmaya devam ediyor. Kamu Denet\u00e7ili\u011fi Kurumu\u2019na (KDK) yap\u0131lan ba\u015fvurular, m\u00fclakatlar\u0131n liyakat yerine keyfi uygulamalara yol a\u00e7t\u0131\u011f\u0131 y\u00f6n\u00fcndeki iddialar\u0131n giderek artt\u0131\u011f\u0131n\u0131 ortaya koydu. Anayasa de\u011fi\u015fikli\u011fi sonras\u0131 2012 y\u0131l\u0131nda kurulan ve 2013\u2019te faaliyete ba\u015flayan KDK\u2019ye son iki y\u0131lda yap\u0131lan \u015fik\u00e2yetlerde, m\u00fclakat [&hellip;]","og_url":"https:\/\/memurunsesi.net\/index.php\/2026\/01\/19\/kamu-mulakatlari-ombudsmana-tasindi-haksiz-yere-elendik-basvurulari-artti\/","og_site_name":"Memurun Sesi","article_publisher":"https:\/\/www.facebook.com\/unipersen\/?locale=tr_TR","article_published_time":"2026-01-19T05:46:29+00:00","og_image":[{"width":810,"height":568,"url":"https:\/\/memurunsesi.net\/wp-content\/uploads\/2026\/01\/dilekce.jpg","type":"image\/jpeg"}],"author":"Memurun Sesi Haber Merkezi","twitter_card":"summary_large_image","twitter_creator":"@unipersen","twitter_site":"@unipersen","twitter_misc":{"Yazan:":"Memurun Sesi Haber Merkezi","Tahmini okuma s\u00fcresi":"3 dakika"},"schema":{"@context":"https:\/\/schema.org","@graph":[{"@type":"Article","@id":"https:\/\/memurunsesi.net\/index.php\/2026\/01\/19\/kamu-mulakatlari-ombudsmana-tasindi-haksiz-yere-elendik-basvurulari-artti\/#article","isPartOf":{"@id":"https:\/\/memurunsesi.net\/index.php\/2026\/01\/19\/kamu-mulakatlari-ombudsmana-tasindi-haksiz-yere-elendik-basvurulari-artti\/"},"author":{"name":"Memurun Sesi Haber Merkezi","@id":"https:\/\/memurunsesi.net\/#\/schema\/person\/f21c2d73b89f6ee1d80b0a1803e38587"},"headline":"Kamu m\u00fclakatlar\u0131 Ombudsman\u2019a ta\u015f\u0131nd\u0131: \u201cHaks\u0131z yere elendik\u201d ba\u015fvurular\u0131 artt\u0131","datePublished":"2026-01-19T05:46:29+00:00","mainEntityOfPage":{"@id":"https:\/\/memurunsesi.net\/index.php\/2026\/01\/19\/kamu-mulakatlari-ombudsmana-tasindi-haksiz-yere-elendik-basvurulari-artti\/"},"wordCount":539,"commentCount":0,"publisher":{"@id":"https:\/\/memurunsesi.net\/#organization"},"image":{"@id":"https:\/\/memurunsesi.net\/index.php\/2026\/01\/19\/kamu-mulakatlari-ombudsmana-tasindi-haksiz-yere-elendik-basvurulari-artti\/#primaryimage"},"thumbnailUrl":"https:\/\/memurunsesi.net\/wp-content\/uploads\/2026\/01\/dilekce.jpg","inLanguage":"tr","potentialAction":[{"@type":"CommentAction","name":"Comment","target":["https:\/\/memurunsesi.net\/index.php\/2026\/01\/19\/kamu-mulakatlari-ombudsmana-tasindi-haksiz-yere-elendik-basvurulari-artti\/#respond"]}]},{"@type":"WebPage","@id":"https:\/\/memurunsesi.net\/index.php\/2026\/01\/19\/kamu-mulakatlari-ombudsmana-tasindi-haksiz-yere-elendik-basvurulari-artti\/","url":"https:\/\/memurunsesi.net\/index.php\/2026\/01\/19\/kamu-mulakatlari-ombudsmana-tasindi-haksiz-yere-elendik-basvurulari-artti\/","name":"Kamu m\u00fclakatlar\u0131 Ombudsman\u2019a ta\u015f\u0131nd\u0131: \u201cHaks\u0131z yere elendik\u201d ba\u015fvurular\u0131 artt\u0131 - Memurun Sesi","isPartOf":{"@id":"https:\/\/memurunsesi.net\/#website"},"primaryImageOfPage":{"@id":"https:\/\/memurunsesi.net\/index.php\/2026\/01\/19\/kamu-mulakatlari-ombudsmana-tasindi-haksiz-yere-elendik-basvurulari-artti\/#primaryimage"},"image":{"@id":"https:\/\/memurunsesi.net\/index.php\/2026\/01\/19\/kamu-mulakatlari-ombudsmana-tasindi-haksiz-yere-elendik-basvurulari-artti\/#primaryimage"},"thumbnailUrl":"https:\/\/memurunsesi.net\/wp-content\/uploads\/2026\/01\/dilekce.jpg","datePublished":"2026-01-19T05:46:29+00:00","breadcrumb":{"@id":"https:\/\/memurunsesi.net\/index.php\/2026\/01\/19\/kamu-mulakatlari-ombudsmana-tasindi-haksiz-yere-elendik-basvurulari-artti\/#breadcrumb"},"inLanguage":"tr","potentialAction":[{"@type":"ReadAction","target":["https:\/\/memurunsesi.net\/index.php\/2026\/01\/19\/kamu-mulakatlari-ombudsmana-tasindi-haksiz-yere-elendik-basvurulari-artti\/"]}]},{"@type":"ImageObject","inLanguage":"tr","@id":"https:\/\/memurunsesi.net\/index.php\/2026\/01\/19\/kamu-mulakatlari-ombudsmana-tasindi-haksiz-yere-elendik-basvurulari-artti\/#primaryimage","url":"https:\/\/memurunsesi.net\/wp-content\/uploads\/2026\/01\/dilekce.jpg","contentUrl":"https:\/\/memurunsesi.net\/wp-content\/uploads\/2026\/01\/dilekce.jpg","width":810,"height":568},{"@type":"BreadcrumbList","@id":"https:\/\/memurunsesi.net\/index.php\/2026\/01\/19\/kamu-mulakatlari-ombudsmana-tasindi-haksiz-yere-elendik-basvurulari-artti\/#breadcrumb","itemListElement":[{"@type":"ListItem","position":1,"name":"Anasayfa","item":"https:\/\/memurunsesi.net\/"},{"@type":"ListItem","position":2,"name":"Kamu m\u00fclakatlar\u0131 Ombudsman\u2019a ta\u015f\u0131nd\u0131: \u201cHaks\u0131z yere elendik\u201d ba\u015fvurular\u0131 artt\u0131"}]},{"@type":"WebSite","@id":"https:\/\/memurunsesi.net\/#website","url":"https:\/\/memurunsesi.net\/","name":"Memurun Sesi","description":"G\u00fcncel ve Do\u011fru Haber","publisher":{"@id":"https:\/\/memurunsesi.net\/#organization"},"potentialAction":[{"@type":"SearchAction","target":{"@type":"EntryPoint","urlTemplate":"https:\/\/memurunsesi.net\/?s={search_term_string}"},"query-input":{"@type":"PropertyValueSpecification","valueRequired":true,"valueName":"search_term_string"}}],"inLanguage":"tr"},{"@type":"Organization","@id":"https:\/\/memurunsesi.net\/#organization","name":"Memurun Sesi","url":"https:\/\/memurunsesi.net\/","logo":{"@type":"ImageObject","inLanguage":"tr","@id":"https:\/\/memurunsesi.net\/#\/schema\/logo\/image\/","url":"https:\/\/memurunsesi.net\/wp-content\/uploads\/2025\/11\/cropped-MEMURUN-SESI.png","contentUrl":"https:\/\/memurunsesi.net\/wp-content\/uploads\/2025\/11\/cropped-MEMURUN-SESI.png","width":238,"height":57,"caption":"Memurun Sesi"},"image":{"@id":"https:\/\/memurunsesi.net\/#\/schema\/logo\/image\/"},"sameAs":["https:\/\/www.facebook.com\/unipersen\/?locale=tr_TR","https:\/\/x.com\/unipersen"]},{"@type":"Person","@id":"https:\/\/memurunsesi.net\/#\/schema\/person\/f21c2d73b89f6ee1d80b0a1803e38587","name":"Memurun Sesi Haber Merkezi","image":{"@type":"ImageObject","inLanguage":"tr","@id":"https:\/\/secure.gravatar.com\/avatar\/6cf0505f452ee753f485014986fab09a434671d2b919ee76fc541025c5876a70?s=96&d=mm&r=g","url":"https:\/\/secure.gravatar.com\/avatar\/6cf0505f452ee753f485014986fab09a434671d2b919ee76fc541025c5876a70?s=96&d=mm&r=g","contentUrl":"https:\/\/secure.gravatar.com\/avatar\/6cf0505f452ee753f485014986fab09a434671d2b919ee76fc541025c5876a70?s=96&d=mm&r=g","caption":"Memurun Sesi Haber Merkezi"},"sameAs":["https:\/\/memurunsesi.net"],"url":"https:\/\/memurunsesi.net\/index.php\/author\/uniper\/"}]}},"_links":{"self":[{"href":"https:\/\/memurunsesi.net\/index.php\/wp-json\/wp\/v2\/posts\/16557","targetHints":{"allow":["GET"]}}],"collection":[{"href":"https:\/\/memurunsesi.net\/index.php\/wp-json\/wp\/v2\/posts"}],"about":[{"href":"https:\/\/memurunsesi.net\/index.php\/wp-json\/wp\/v2\/types\/post"}],"author":[{"embeddable":true,"href":"https:\/\/memurunsesi.net\/index.php\/wp-json\/wp\/v2\/users\/1"}],"replies":[{"embeddable":true,"href":"https:\/\/memurunsesi.net\/index.php\/wp-json\/wp\/v2\/comments?post=16557"}],"version-history":[{"count":1,"href":"https:\/\/memurunsesi.net\/index.php\/wp-json\/wp\/v2\/posts\/16557\/revisions"}],"predecessor-version":[{"id":16559,"href":"https:\/\/memurunsesi.net\/index.php\/wp-json\/wp\/v2\/posts\/16557\/revisions\/16559"}],"wp:featuredmedia":[{"embeddable":true,"href":"https:\/\/memurunsesi.net\/index.php\/wp-json\/wp\/v2\/media\/16558"}],"wp:attachment":[{"href":"https:\/\/memurunsesi.net\/index.php\/wp-json\/wp\/v2\/media?parent=16557"}],"wp:term":[{"taxonomy":"category","embeddable":true,"href":"https:\/\/memurunsesi.net\/index.php\/wp-json\/wp\/v2\/categories?post=16557"},{"taxonomy":"post_tag","embeddable":true,"href":"https:\/\/memurunsesi.net\/index.php\/wp-json\/wp\/v2\/tags?post=16557"}],"curies":[{"name":"wp","href":"https:\/\/api.w.org\/{rel}","templated":true}]}}