{"id":16560,"date":"2026-01-19T08:53:56","date_gmt":"2026-01-19T05:53:56","guid":{"rendered":"https:\/\/memurunsesi.net\/?p=16560"},"modified":"2026-01-19T08:53:56","modified_gmt":"2026-01-19T05:53:56","slug":"tbmmde-yogun-hafta-tezkere-emekli-maasi-ve-trafik-cezalari-gundemde","status":"publish","type":"post","link":"https:\/\/memurunsesi.net\/index.php\/2026\/01\/19\/tbmmde-yogun-hafta-tezkere-emekli-maasi-ve-trafik-cezalari-gundemde\/","title":{"rendered":"TBMM\u2019de yo\u011fun hafta: Tezkere, emekli maa\u015f\u0131 ve trafik cezalar\u0131 g\u00fcndemde"},"content":{"rendered":"<p data-start=\"226\" data-end=\"503\">\u00a0 \u00a0T\u00fcrkiye B\u00fcy\u00fck Millet Meclisi\u2019nde (TBMM) bu hafta \u00f6nemli ba\u015fl\u0131klar ele al\u0131nacak. Genel Kurul, T\u00fcrk Silahl\u0131 Kuvvetleri\u2019nin deniz g\u00f6revlerine ili\u015fkin tezkereyi, en d\u00fc\u015f\u00fck emekli ayl\u0131\u011f\u0131n\u0131n art\u0131r\u0131lmas\u0131n\u0131 i\u00e7eren d\u00fczenlemeyi ve trafik cezalar\u0131n\u0131 a\u011f\u0131rla\u015ft\u0131ran kanun teklifini g\u00f6r\u00fc\u015fecek.<\/p>\n<p data-start=\"505\" data-end=\"800\">Haftal\u0131k mesaisine 20 Ocak Sal\u0131 g\u00fcn\u00fc ba\u015flayacak Genel Kurul\u2019da ilk olarak, TSK deniz unsurlar\u0131n\u0131n Aden K\u00f6rfezi, Somali karasular\u0131 ve a\u00e7\u0131klar\u0131, Arap Denizi ile \u00e7evre b\u00f6lgelerdeki g\u00f6rev s\u00fcresinin 10 \u015eubat 2026\u2019dan itibaren bir y\u0131l daha uzat\u0131lmas\u0131na ili\u015fkin Cumhurba\u015fkanl\u0131\u011f\u0131 tezkeresi ele al\u0131nacak.<\/p>\n<h3 data-start=\"802\" data-end=\"850\">En d\u00fc\u015f\u00fck emekli ayl\u0131\u011f\u0131 20 bin liraya \u00e7\u0131k\u0131yor<\/h3>\n<p data-start=\"852\" data-end=\"1142\">Genel Kurul\u2019un g\u00fcndemindeki bir di\u011fer \u00f6nemli ba\u015fl\u0131k ise sosyal ve ekonomik d\u00fczenlemeler i\u00e7eren kanun teklifi olacak. Baz\u0131 Kanunlarda ve 375 say\u0131l\u0131 Kanun H\u00fckm\u00fcnde Kararnamede de\u011fi\u015fiklik \u00f6ng\u00f6ren teklife g\u00f6re, en d\u00fc\u015f\u00fck emekli ayl\u0131\u011f\u0131 ocak ay\u0131 \u00f6demelerinden itibaren 20 bin liraya y\u00fckseltilecek.<\/p>\n<p data-start=\"1144\" data-end=\"1475\">D\u00fczenleme kapsam\u0131nda, asgari \u00fccret deste\u011fi de art\u0131r\u0131l\u0131yor. \u0130\u015fverenlere sa\u011flanan destek tutar\u0131 2026 y\u0131l\u0131 itibar\u0131yla ayl\u0131k 1270 liraya \u00e7\u0131kar\u0131lacak. Ayr\u0131ca payla\u015f\u0131ml\u0131 elektrikli skuter hizmeti sunan i\u015fletmelerin denetimi Ula\u015ft\u0131rma ve Altyap\u0131 Bakanl\u0131\u011f\u0131\u2019na verilecek, kurallara ayk\u0131r\u0131 faaliyetler i\u00e7in idari para cezas\u0131 uygulanabilecek.<\/p>\n<h3 data-start=\"1477\" data-end=\"1523\">Trafik cezalar\u0131na sert yapt\u0131r\u0131mlar geliyor<\/h3>\n<p data-start=\"1525\" data-end=\"1846\">Genel Kurul, trafik g\u00fcvenli\u011fini art\u0131rmaya y\u00f6nelik d\u00fczenlemeleri i\u00e7eren Karayollar\u0131 Trafik Kanunu\u2019ndaki de\u011fi\u015fiklik teklifini de g\u00f6r\u00fc\u015fecek. \u0130lk b\u00f6l\u00fcm\u00fc kabul edilen teklife g\u00f6re, plakas\u0131nda bilerek de\u011fi\u015fiklik yaparak okunmas\u0131n\u0131 engelleyen s\u00fcr\u00fcc\u00fclere 140 bin lira para cezas\u0131 verilecek, ara\u00e7lar 30 g\u00fcn trafikten men edilecek.<\/p>\n<p data-start=\"1848\" data-end=\"2079\">Y\u00fck ve yolcu ta\u015f\u0131mac\u0131l\u0131\u011f\u0131 yapan ara\u00e7larda takograf, taksilerde ise taksimetre kullan\u0131m\u0131 zorunlu hale getirilecek. H\u0131z s\u0131n\u0131r\u0131n\u0131 yerle\u015fim yerlerinde ciddi oranda a\u015fan s\u00fcr\u00fcc\u00fclerin ehliyetlerine ise 30 ila 90 g\u00fcn aras\u0131nda el konulacak.<\/p>\n<p data-start=\"2081\" data-end=\"2326\">Ge\u00e7i\u015f \u00fcst\u00fcnl\u00fc\u011f\u00fc bulunan ara\u00e7lara yol vermeyenlere 15 bin lira, ambulans, itfaiye ve yang\u0131n s\u00f6nd\u00fcrme ara\u00e7lar\u0131na ge\u00e7i\u015f imk\u00e2n\u0131 tan\u0131mayanlara ise 46 bin lira idari para cezas\u0131 uygulanacak. Bu ihlallerde s\u00fcr\u00fcc\u00fc belgeleri ge\u00e7ici s\u00fcreyle geri al\u0131nacak.<\/p>\n<h3 data-start=\"2328\" data-end=\"2385\">Sald\u0131rgan s\u00fcr\u00fc\u015f ve cep telefonu kullan\u0131m\u0131na a\u011f\u0131r ceza<\/h3>\n<p data-start=\"2387\" data-end=\"2663\">Trafikte ba\u015fka bir arac\u0131 tehdit veya sald\u0131r\u0131 amac\u0131yla takip eden s\u00fcr\u00fcc\u00fclere 180 bin lira para cezas\u0131 verilmesi, ara\u00e7lar\u0131n\u0131n trafikten men edilmesi ve ehliyetlerine el konulmas\u0131 \u00f6ng\u00f6r\u00fcl\u00fcyor. Seyir halinde cep telefonu kullanan s\u00fcr\u00fcc\u00fclere uygulanacak ceza ise 5 bin lira olacak.<\/p>\n<p data-start=\"2665\" data-end=\"2959\">K\u0131rm\u0131z\u0131 \u0131\u015f\u0131k ihlali sonucu kazaya neden olan s\u00fcr\u00fcc\u00fcler psikoteknik de\u011ferlendirmeye tabi tutulmadan ehliyetlerini geri alamayacak. Yar\u0131\u015f yapan s\u00fcr\u00fcc\u00fclerin ehliyetleri 2 y\u0131l s\u00fcreyle iptal edilecek. \u00d6l\u00fcml\u00fc veya yaralanmal\u0131 kazalarda izinsiz olay yerini terk edenler i\u00e7in ise hapis cezas\u0131 g\u00fcndemde.<\/p>\n<h3 data-start=\"2961\" data-end=\"2997\">Komisyonlar ve grup toplant\u0131lar\u0131<\/h3>\n<p data-start=\"2999\" data-end=\"3357\">Hafta boyunca \u0130nsan Haklar\u0131n\u0131 \u0130nceleme Komisyonu ile Su\u00e7a S\u00fcr\u00fcklenen \u00c7ocuklara \u0130li\u015fkin Ara\u015ft\u0131rma Komisyonu toplant\u0131lar yapacak. Sal\u0131 ve \u00e7ar\u015famba g\u00fcnleri Meclis\u2019te grubu bulunan siyasi partilerin grup toplant\u0131lar\u0131 d\u00fczenlenecek. Cumhurba\u015fkan\u0131 ve AK Parti Genel Ba\u015fkan\u0131 Recep Tayyip Erdo\u011fan da partisinin TBMM Grup Toplant\u0131s\u0131\u2019nda milletvekillerine hitap edecek.<\/p>\n","protected":false},"excerpt":{"rendered":"<p>\u00a0 \u00a0T\u00fcrkiye B\u00fcy\u00fck Millet Meclisi\u2019nde (TBMM) bu hafta \u00f6nemli ba\u015fl\u0131klar ele al\u0131nacak. Genel Kurul, T\u00fcrk Silahl\u0131 Kuvvetleri\u2019nin deniz g\u00f6revlerine ili\u015fkin tezkereyi, en d\u00fc\u015f\u00fck emekli ayl\u0131\u011f\u0131n\u0131n art\u0131r\u0131lmas\u0131n\u0131 i\u00e7eren d\u00fczenlemeyi ve trafik cezalar\u0131n\u0131 a\u011f\u0131rla\u015ft\u0131ran kanun teklifini g\u00f6r\u00fc\u015fecek. Haftal\u0131k mesaisine 20 Ocak Sal\u0131 g\u00fcn\u00fc ba\u015flayacak Genel Kurul\u2019da ilk olarak, TSK deniz unsurlar\u0131n\u0131n Aden K\u00f6rfezi, Somali karasular\u0131 ve a\u00e7\u0131klar\u0131, [&hellip;]<\/p>\n","protected":false},"author":1,"featured_media":16007,"comment_status":"open","ping_status":"open","sticky":false,"template":"","format":"standard","meta":{"footnotes":""},"categories":[1],"tags":[897],"class_list":["post-16560","post","type-post","status-publish","format-standard","has-post-thumbnail","hentry","category-genel","tag-tbmmde-gundem"],"yoast_head":"<!-- This site is optimized with the Yoast SEO plugin v27.4 - https:\/\/yoast.com\/product\/yoast-seo-wordpress\/ -->\n<title>TBMM\u2019de yo\u011fun hafta: Tezkere, emekli maa\u015f\u0131 ve trafik cezalar\u0131 g\u00fcndemde - Memurun Sesi<\/title>\n<meta name=\"description\" content=\"TBMM\u2019de yo\u011fun hafta: Tezkere, emekli maa\u015f\u0131 ve trafik cezalar\u0131 g\u00fcndemde\" \/>\n<meta name=\"robots\" content=\"index, follow, max-snippet:-1, max-image-preview:large, max-video-preview:-1\" \/>\n<link rel=\"canonical\" href=\"https:\/\/memurunsesi.net\/index.php\/2026\/01\/19\/tbmmde-yogun-hafta-tezkere-emekli-maasi-ve-trafik-cezalari-gundemde\/\" \/>\n<meta property=\"og:locale\" content=\"tr_TR\" \/>\n<meta property=\"og:type\" content=\"article\" \/>\n<meta property=\"og:title\" content=\"TBMM\u2019de yo\u011fun hafta: Tezkere, emekli maa\u015f\u0131 ve trafik cezalar\u0131 g\u00fcndemde - Memurun Sesi\" \/>\n<meta property=\"og:description\" content=\"TBMM\u2019de yo\u011fun hafta: Tezkere, emekli maa\u015f\u0131 ve trafik cezalar\u0131 g\u00fcndemde\" \/>\n<meta property=\"og:url\" content=\"https:\/\/memurunsesi.net\/index.php\/2026\/01\/19\/tbmmde-yogun-hafta-tezkere-emekli-maasi-ve-trafik-cezalari-gundemde\/\" \/>\n<meta property=\"og:site_name\" content=\"Memurun Sesi\" \/>\n<meta property=\"article:publisher\" content=\"https:\/\/www.facebook.com\/unipersen\/?locale=tr_TR\" \/>\n<meta property=\"article:published_time\" content=\"2026-01-19T05:53:56+00:00\" \/>\n<meta property=\"og:image\" content=\"https:\/\/memurunsesi.net\/wp-content\/uploads\/2026\/01\/meclis.jpg\" \/>\n\t<meta property=\"og:image:width\" content=\"275\" \/>\n\t<meta property=\"og:image:height\" content=\"183\" \/>\n\t<meta property=\"og:image:type\" content=\"image\/jpeg\" \/>\n<meta name=\"author\" content=\"Memurun Sesi Haber Merkezi\" \/>\n<meta name=\"twitter:card\" content=\"summary_large_image\" \/>\n<meta name=\"twitter:creator\" content=\"@unipersen\" \/>\n<meta name=\"twitter:site\" content=\"@unipersen\" \/>\n<meta name=\"twitter:label1\" content=\"Yazan:\" \/>\n\t<meta name=\"twitter:data1\" content=\"Memurun Sesi Haber Merkezi\" \/>\n\t<meta name=\"twitter:label2\" content=\"Tahmini okuma s\u00fcresi\" \/>\n\t<meta name=\"twitter:data2\" content=\"3 dakika\" \/>\n<script type=\"application\/ld+json\" class=\"yoast-schema-graph\">{\"@context\":\"https:\\\/\\\/schema.org\",\"@graph\":[{\"@type\":\"Article\",\"@id\":\"https:\\\/\\\/memurunsesi.net\\\/index.php\\\/2026\\\/01\\\/19\\\/tbmmde-yogun-hafta-tezkere-emekli-maasi-ve-trafik-cezalari-gundemde\\\/#article\",\"isPartOf\":{\"@id\":\"https:\\\/\\\/memurunsesi.net\\\/index.php\\\/2026\\\/01\\\/19\\\/tbmmde-yogun-hafta-tezkere-emekli-maasi-ve-trafik-cezalari-gundemde\\\/\"},\"author\":{\"name\":\"Memurun Sesi Haber Merkezi\",\"@id\":\"https:\\\/\\\/memurunsesi.net\\\/#\\\/schema\\\/person\\\/f21c2d73b89f6ee1d80b0a1803e38587\"},\"headline\":\"TBMM\u2019de yo\u011fun hafta: Tezkere, emekli maa\u015f\u0131 ve trafik cezalar\u0131 g\u00fcndemde\",\"datePublished\":\"2026-01-19T05:53:56+00:00\",\"mainEntityOfPage\":{\"@id\":\"https:\\\/\\\/memurunsesi.net\\\/index.php\\\/2026\\\/01\\\/19\\\/tbmmde-yogun-hafta-tezkere-emekli-maasi-ve-trafik-cezalari-gundemde\\\/\"},\"wordCount\":591,\"commentCount\":0,\"publisher\":{\"@id\":\"https:\\\/\\\/memurunsesi.net\\\/#organization\"},\"image\":{\"@id\":\"https:\\\/\\\/memurunsesi.net\\\/index.php\\\/2026\\\/01\\\/19\\\/tbmmde-yogun-hafta-tezkere-emekli-maasi-ve-trafik-cezalari-gundemde\\\/#primaryimage\"},\"thumbnailUrl\":\"https:\\\/\\\/memurunsesi.net\\\/wp-content\\\/uploads\\\/2026\\\/01\\\/meclis.jpg\",\"keywords\":[\"TBMM\u2019de g\u00fcndem\"],\"inLanguage\":\"tr\",\"potentialAction\":[{\"@type\":\"CommentAction\",\"name\":\"Comment\",\"target\":[\"https:\\\/\\\/memurunsesi.net\\\/index.php\\\/2026\\\/01\\\/19\\\/tbmmde-yogun-hafta-tezkere-emekli-maasi-ve-trafik-cezalari-gundemde\\\/#respond\"]}]},{\"@type\":\"WebPage\",\"@id\":\"https:\\\/\\\/memurunsesi.net\\\/index.php\\\/2026\\\/01\\\/19\\\/tbmmde-yogun-hafta-tezkere-emekli-maasi-ve-trafik-cezalari-gundemde\\\/\",\"url\":\"https:\\\/\\\/memurunsesi.net\\\/index.php\\\/2026\\\/01\\\/19\\\/tbmmde-yogun-hafta-tezkere-emekli-maasi-ve-trafik-cezalari-gundemde\\\/\",\"name\":\"TBMM\u2019de yo\u011fun hafta: Tezkere, emekli maa\u015f\u0131 ve trafik cezalar\u0131 g\u00fcndemde - Memurun Sesi\",\"isPartOf\":{\"@id\":\"https:\\\/\\\/memurunsesi.net\\\/#website\"},\"primaryImageOfPage\":{\"@id\":\"https:\\\/\\\/memurunsesi.net\\\/index.php\\\/2026\\\/01\\\/19\\\/tbmmde-yogun-hafta-tezkere-emekli-maasi-ve-trafik-cezalari-gundemde\\\/#primaryimage\"},\"image\":{\"@id\":\"https:\\\/\\\/memurunsesi.net\\\/index.php\\\/2026\\\/01\\\/19\\\/tbmmde-yogun-hafta-tezkere-emekli-maasi-ve-trafik-cezalari-gundemde\\\/#primaryimage\"},\"thumbnailUrl\":\"https:\\\/\\\/memurunsesi.net\\\/wp-content\\\/uploads\\\/2026\\\/01\\\/meclis.jpg\",\"datePublished\":\"2026-01-19T05:53:56+00:00\",\"description\":\"TBMM\u2019de yo\u011fun hafta: Tezkere, emekli maa\u015f\u0131 ve trafik cezalar\u0131 g\u00fcndemde\",\"breadcrumb\":{\"@id\":\"https:\\\/\\\/memurunsesi.net\\\/index.php\\\/2026\\\/01\\\/19\\\/tbmmde-yogun-hafta-tezkere-emekli-maasi-ve-trafik-cezalari-gundemde\\\/#breadcrumb\"},\"inLanguage\":\"tr\",\"potentialAction\":[{\"@type\":\"ReadAction\",\"target\":[\"https:\\\/\\\/memurunsesi.net\\\/index.php\\\/2026\\\/01\\\/19\\\/tbmmde-yogun-hafta-tezkere-emekli-maasi-ve-trafik-cezalari-gundemde\\\/\"]}]},{\"@type\":\"ImageObject\",\"inLanguage\":\"tr\",\"@id\":\"https:\\\/\\\/memurunsesi.net\\\/index.php\\\/2026\\\/01\\\/19\\\/tbmmde-yogun-hafta-tezkere-emekli-maasi-ve-trafik-cezalari-gundemde\\\/#primaryimage\",\"url\":\"https:\\\/\\\/memurunsesi.net\\\/wp-content\\\/uploads\\\/2026\\\/01\\\/meclis.jpg\",\"contentUrl\":\"https:\\\/\\\/memurunsesi.net\\\/wp-content\\\/uploads\\\/2026\\\/01\\\/meclis.jpg\",\"width\":275,\"height\":183},{\"@type\":\"BreadcrumbList\",\"@id\":\"https:\\\/\\\/memurunsesi.net\\\/index.php\\\/2026\\\/01\\\/19\\\/tbmmde-yogun-hafta-tezkere-emekli-maasi-ve-trafik-cezalari-gundemde\\\/#breadcrumb\",\"itemListElement\":[{\"@type\":\"ListItem\",\"position\":1,\"name\":\"Anasayfa\",\"item\":\"https:\\\/\\\/memurunsesi.net\\\/\"},{\"@type\":\"ListItem\",\"position\":2,\"name\":\"TBMM\u2019de yo\u011fun hafta: Tezkere, emekli maa\u015f\u0131 ve trafik cezalar\u0131 g\u00fcndemde\"}]},{\"@type\":\"WebSite\",\"@id\":\"https:\\\/\\\/memurunsesi.net\\\/#website\",\"url\":\"https:\\\/\\\/memurunsesi.net\\\/\",\"name\":\"Memurun Sesi\",\"description\":\"G\u00fcncel ve Do\u011fru Haber\",\"publisher\":{\"@id\":\"https:\\\/\\\/memurunsesi.net\\\/#organization\"},\"potentialAction\":[{\"@type\":\"SearchAction\",\"target\":{\"@type\":\"EntryPoint\",\"urlTemplate\":\"https:\\\/\\\/memurunsesi.net\\\/?s={search_term_string}\"},\"query-input\":{\"@type\":\"PropertyValueSpecification\",\"valueRequired\":true,\"valueName\":\"search_term_string\"}}],\"inLanguage\":\"tr\"},{\"@type\":\"Organization\",\"@id\":\"https:\\\/\\\/memurunsesi.net\\\/#organization\",\"name\":\"Memurun Sesi\",\"url\":\"https:\\\/\\\/memurunsesi.net\\\/\",\"logo\":{\"@type\":\"ImageObject\",\"inLanguage\":\"tr\",\"@id\":\"https:\\\/\\\/memurunsesi.net\\\/#\\\/schema\\\/logo\\\/image\\\/\",\"url\":\"https:\\\/\\\/memurunsesi.net\\\/wp-content\\\/uploads\\\/2025\\\/11\\\/cropped-MEMURUN-SESI.png\",\"contentUrl\":\"https:\\\/\\\/memurunsesi.net\\\/wp-content\\\/uploads\\\/2025\\\/11\\\/cropped-MEMURUN-SESI.png\",\"width\":238,\"height\":57,\"caption\":\"Memurun Sesi\"},\"image\":{\"@id\":\"https:\\\/\\\/memurunsesi.net\\\/#\\\/schema\\\/logo\\\/image\\\/\"},\"sameAs\":[\"https:\\\/\\\/www.facebook.com\\\/unipersen\\\/?locale=tr_TR\",\"https:\\\/\\\/x.com\\\/unipersen\"]},{\"@type\":\"Person\",\"@id\":\"https:\\\/\\\/memurunsesi.net\\\/#\\\/schema\\\/person\\\/f21c2d73b89f6ee1d80b0a1803e38587\",\"name\":\"Memurun Sesi Haber Merkezi\",\"image\":{\"@type\":\"ImageObject\",\"inLanguage\":\"tr\",\"@id\":\"https:\\\/\\\/secure.gravatar.com\\\/avatar\\\/6cf0505f452ee753f485014986fab09a434671d2b919ee76fc541025c5876a70?s=96&d=mm&r=g\",\"url\":\"https:\\\/\\\/secure.gravatar.com\\\/avatar\\\/6cf0505f452ee753f485014986fab09a434671d2b919ee76fc541025c5876a70?s=96&d=mm&r=g\",\"contentUrl\":\"https:\\\/\\\/secure.gravatar.com\\\/avatar\\\/6cf0505f452ee753f485014986fab09a434671d2b919ee76fc541025c5876a70?s=96&d=mm&r=g\",\"caption\":\"Memurun Sesi Haber Merkezi\"},\"sameAs\":[\"https:\\\/\\\/memurunsesi.net\"],\"url\":\"https:\\\/\\\/memurunsesi.net\\\/index.php\\\/author\\\/uniper\\\/\"}]}<\/script>\n<!-- \/ Yoast SEO plugin. -->","yoast_head_json":{"title":"TBMM\u2019de yo\u011fun hafta: Tezkere, emekli maa\u015f\u0131 ve trafik cezalar\u0131 g\u00fcndemde - Memurun Sesi","description":"TBMM\u2019de yo\u011fun hafta: Tezkere, emekli maa\u015f\u0131 ve trafik cezalar\u0131 g\u00fcndemde","robots":{"index":"index","follow":"follow","max-snippet":"max-snippet:-1","max-image-preview":"max-image-preview:large","max-video-preview":"max-video-preview:-1"},"canonical":"https:\/\/memurunsesi.net\/index.php\/2026\/01\/19\/tbmmde-yogun-hafta-tezkere-emekli-maasi-ve-trafik-cezalari-gundemde\/","og_locale":"tr_TR","og_type":"article","og_title":"TBMM\u2019de yo\u011fun hafta: Tezkere, emekli maa\u015f\u0131 ve trafik cezalar\u0131 g\u00fcndemde - Memurun Sesi","og_description":"TBMM\u2019de yo\u011fun hafta: Tezkere, emekli maa\u015f\u0131 ve trafik cezalar\u0131 g\u00fcndemde","og_url":"https:\/\/memurunsesi.net\/index.php\/2026\/01\/19\/tbmmde-yogun-hafta-tezkere-emekli-maasi-ve-trafik-cezalari-gundemde\/","og_site_name":"Memurun Sesi","article_publisher":"https:\/\/www.facebook.com\/unipersen\/?locale=tr_TR","article_published_time":"2026-01-19T05:53:56+00:00","og_image":[{"width":275,"height":183,"url":"https:\/\/memurunsesi.net\/wp-content\/uploads\/2026\/01\/meclis.jpg","type":"image\/jpeg"}],"author":"Memurun Sesi Haber Merkezi","twitter_card":"summary_large_image","twitter_creator":"@unipersen","twitter_site":"@unipersen","twitter_misc":{"Yazan:":"Memurun Sesi Haber Merkezi","Tahmini okuma s\u00fcresi":"3 dakika"},"schema":{"@context":"https:\/\/schema.org","@graph":[{"@type":"Article","@id":"https:\/\/memurunsesi.net\/index.php\/2026\/01\/19\/tbmmde-yogun-hafta-tezkere-emekli-maasi-ve-trafik-cezalari-gundemde\/#article","isPartOf":{"@id":"https:\/\/memurunsesi.net\/index.php\/2026\/01\/19\/tbmmde-yogun-hafta-tezkere-emekli-maasi-ve-trafik-cezalari-gundemde\/"},"author":{"name":"Memurun Sesi Haber Merkezi","@id":"https:\/\/memurunsesi.net\/#\/schema\/person\/f21c2d73b89f6ee1d80b0a1803e38587"},"headline":"TBMM\u2019de yo\u011fun hafta: Tezkere, emekli maa\u015f\u0131 ve trafik cezalar\u0131 g\u00fcndemde","datePublished":"2026-01-19T05:53:56+00:00","mainEntityOfPage":{"@id":"https:\/\/memurunsesi.net\/index.php\/2026\/01\/19\/tbmmde-yogun-hafta-tezkere-emekli-maasi-ve-trafik-cezalari-gundemde\/"},"wordCount":591,"commentCount":0,"publisher":{"@id":"https:\/\/memurunsesi.net\/#organization"},"image":{"@id":"https:\/\/memurunsesi.net\/index.php\/2026\/01\/19\/tbmmde-yogun-hafta-tezkere-emekli-maasi-ve-trafik-cezalari-gundemde\/#primaryimage"},"thumbnailUrl":"https:\/\/memurunsesi.net\/wp-content\/uploads\/2026\/01\/meclis.jpg","keywords":["TBMM\u2019de g\u00fcndem"],"inLanguage":"tr","potentialAction":[{"@type":"CommentAction","name":"Comment","target":["https:\/\/memurunsesi.net\/index.php\/2026\/01\/19\/tbmmde-yogun-hafta-tezkere-emekli-maasi-ve-trafik-cezalari-gundemde\/#respond"]}]},{"@type":"WebPage","@id":"https:\/\/memurunsesi.net\/index.php\/2026\/01\/19\/tbmmde-yogun-hafta-tezkere-emekli-maasi-ve-trafik-cezalari-gundemde\/","url":"https:\/\/memurunsesi.net\/index.php\/2026\/01\/19\/tbmmde-yogun-hafta-tezkere-emekli-maasi-ve-trafik-cezalari-gundemde\/","name":"TBMM\u2019de yo\u011fun hafta: Tezkere, emekli maa\u015f\u0131 ve trafik cezalar\u0131 g\u00fcndemde - Memurun Sesi","isPartOf":{"@id":"https:\/\/memurunsesi.net\/#website"},"primaryImageOfPage":{"@id":"https:\/\/memurunsesi.net\/index.php\/2026\/01\/19\/tbmmde-yogun-hafta-tezkere-emekli-maasi-ve-trafik-cezalari-gundemde\/#primaryimage"},"image":{"@id":"https:\/\/memurunsesi.net\/index.php\/2026\/01\/19\/tbmmde-yogun-hafta-tezkere-emekli-maasi-ve-trafik-cezalari-gundemde\/#primaryimage"},"thumbnailUrl":"https:\/\/memurunsesi.net\/wp-content\/uploads\/2026\/01\/meclis.jpg","datePublished":"2026-01-19T05:53:56+00:00","description":"TBMM\u2019de yo\u011fun hafta: Tezkere, emekli maa\u015f\u0131 ve trafik cezalar\u0131 g\u00fcndemde","breadcrumb":{"@id":"https:\/\/memurunsesi.net\/index.php\/2026\/01\/19\/tbmmde-yogun-hafta-tezkere-emekli-maasi-ve-trafik-cezalari-gundemde\/#breadcrumb"},"inLanguage":"tr","potentialAction":[{"@type":"ReadAction","target":["https:\/\/memurunsesi.net\/index.php\/2026\/01\/19\/tbmmde-yogun-hafta-tezkere-emekli-maasi-ve-trafik-cezalari-gundemde\/"]}]},{"@type":"ImageObject","inLanguage":"tr","@id":"https:\/\/memurunsesi.net\/index.php\/2026\/01\/19\/tbmmde-yogun-hafta-tezkere-emekli-maasi-ve-trafik-cezalari-gundemde\/#primaryimage","url":"https:\/\/memurunsesi.net\/wp-content\/uploads\/2026\/01\/meclis.jpg","contentUrl":"https:\/\/memurunsesi.net\/wp-content\/uploads\/2026\/01\/meclis.jpg","width":275,"height":183},{"@type":"BreadcrumbList","@id":"https:\/\/memurunsesi.net\/index.php\/2026\/01\/19\/tbmmde-yogun-hafta-tezkere-emekli-maasi-ve-trafik-cezalari-gundemde\/#breadcrumb","itemListElement":[{"@type":"ListItem","position":1,"name":"Anasayfa","item":"https:\/\/memurunsesi.net\/"},{"@type":"ListItem","position":2,"name":"TBMM\u2019de yo\u011fun hafta: Tezkere, emekli maa\u015f\u0131 ve trafik cezalar\u0131 g\u00fcndemde"}]},{"@type":"WebSite","@id":"https:\/\/memurunsesi.net\/#website","url":"https:\/\/memurunsesi.net\/","name":"Memurun Sesi","description":"G\u00fcncel ve Do\u011fru Haber","publisher":{"@id":"https:\/\/memurunsesi.net\/#organization"},"potentialAction":[{"@type":"SearchAction","target":{"@type":"EntryPoint","urlTemplate":"https:\/\/memurunsesi.net\/?s={search_term_string}"},"query-input":{"@type":"PropertyValueSpecification","valueRequired":true,"valueName":"search_term_string"}}],"inLanguage":"tr"},{"@type":"Organization","@id":"https:\/\/memurunsesi.net\/#organization","name":"Memurun Sesi","url":"https:\/\/memurunsesi.net\/","logo":{"@type":"ImageObject","inLanguage":"tr","@id":"https:\/\/memurunsesi.net\/#\/schema\/logo\/image\/","url":"https:\/\/memurunsesi.net\/wp-content\/uploads\/2025\/11\/cropped-MEMURUN-SESI.png","contentUrl":"https:\/\/memurunsesi.net\/wp-content\/uploads\/2025\/11\/cropped-MEMURUN-SESI.png","width":238,"height":57,"caption":"Memurun Sesi"},"image":{"@id":"https:\/\/memurunsesi.net\/#\/schema\/logo\/image\/"},"sameAs":["https:\/\/www.facebook.com\/unipersen\/?locale=tr_TR","https:\/\/x.com\/unipersen"]},{"@type":"Person","@id":"https:\/\/memurunsesi.net\/#\/schema\/person\/f21c2d73b89f6ee1d80b0a1803e38587","name":"Memurun Sesi Haber Merkezi","image":{"@type":"ImageObject","inLanguage":"tr","@id":"https:\/\/secure.gravatar.com\/avatar\/6cf0505f452ee753f485014986fab09a434671d2b919ee76fc541025c5876a70?s=96&d=mm&r=g","url":"https:\/\/secure.gravatar.com\/avatar\/6cf0505f452ee753f485014986fab09a434671d2b919ee76fc541025c5876a70?s=96&d=mm&r=g","contentUrl":"https:\/\/secure.gravatar.com\/avatar\/6cf0505f452ee753f485014986fab09a434671d2b919ee76fc541025c5876a70?s=96&d=mm&r=g","caption":"Memurun Sesi Haber Merkezi"},"sameAs":["https:\/\/memurunsesi.net"],"url":"https:\/\/memurunsesi.net\/index.php\/author\/uniper\/"}]}},"_links":{"self":[{"href":"https:\/\/memurunsesi.net\/index.php\/wp-json\/wp\/v2\/posts\/16560","targetHints":{"allow":["GET"]}}],"collection":[{"href":"https:\/\/memurunsesi.net\/index.php\/wp-json\/wp\/v2\/posts"}],"about":[{"href":"https:\/\/memurunsesi.net\/index.php\/wp-json\/wp\/v2\/types\/post"}],"author":[{"embeddable":true,"href":"https:\/\/memurunsesi.net\/index.php\/wp-json\/wp\/v2\/users\/1"}],"replies":[{"embeddable":true,"href":"https:\/\/memurunsesi.net\/index.php\/wp-json\/wp\/v2\/comments?post=16560"}],"version-history":[{"count":1,"href":"https:\/\/memurunsesi.net\/index.php\/wp-json\/wp\/v2\/posts\/16560\/revisions"}],"predecessor-version":[{"id":16561,"href":"https:\/\/memurunsesi.net\/index.php\/wp-json\/wp\/v2\/posts\/16560\/revisions\/16561"}],"wp:featuredmedia":[{"embeddable":true,"href":"https:\/\/memurunsesi.net\/index.php\/wp-json\/wp\/v2\/media\/16007"}],"wp:attachment":[{"href":"https:\/\/memurunsesi.net\/index.php\/wp-json\/wp\/v2\/media?parent=16560"}],"wp:term":[{"taxonomy":"category","embeddable":true,"href":"https:\/\/memurunsesi.net\/index.php\/wp-json\/wp\/v2\/categories?post=16560"},{"taxonomy":"post_tag","embeddable":true,"href":"https:\/\/memurunsesi.net\/index.php\/wp-json\/wp\/v2\/tags?post=16560"}],"curies":[{"name":"wp","href":"https:\/\/api.w.org\/{rel}","templated":true}]}}