{"id":16562,"date":"2026-01-19T09:04:13","date_gmt":"2026-01-19T06:04:13","guid":{"rendered":"https:\/\/memurunsesi.net\/?p=16562"},"modified":"2026-01-19T09:04:13","modified_gmt":"2026-01-19T06:04:13","slug":"2026-yili-giyecek-yardimi-genelgesi-yayimlandi-uygulamada-ayni-ve-nakdi-yontem-esaslari-netlesti","status":"publish","type":"post","link":"https:\/\/memurunsesi.net\/index.php\/2026\/01\/19\/2026-yili-giyecek-yardimi-genelgesi-yayimlandi-uygulamada-ayni-ve-nakdi-yontem-esaslari-netlesti\/","title":{"rendered":"2026 Y\u0131l\u0131 Giyecek Yard\u0131m\u0131 Genelgesi yay\u0131mland\u0131: Uygulamada ayn\u00ee ve nakd\u00ee y\u00f6ntem esaslar\u0131 netle\u015fti"},"content":{"rendered":"<p data-start=\"274\" data-end=\"679\">\u00a0 \u00a0 Hazine ve Maliye Bakanl\u0131\u011f\u0131 taraf\u0131ndan yay\u0131mlanan <strong data-start=\"323\" data-end=\"362\">2026 Y\u0131l\u0131 Giyecek Yard\u0131m\u0131 Genelgesi<\/strong> ile kamu personeline yap\u0131lacak giyecek yard\u0131mlar\u0131na ili\u015fkin usul ve esaslar yeniden d\u00fczenlendi. Genelge ile birlikte, uzun s\u00fcredir farkl\u0131 kurumlarda de\u011fi\u015fken \u015fekilde uygulanan giyecek yard\u0131m\u0131 sistemine standart getirilmesi ama\u00e7lan\u0131rken, yard\u0131m\u0131n <strong data-start=\"609\" data-end=\"628\">ayn\u00ee veya nakd\u00ee<\/strong> olarak sa\u011flanaca\u011f\u0131 haller a\u00e7\u0131k bi\u00e7imde tan\u0131mland\u0131.<\/p>\n<p data-start=\"681\" data-end=\"804\">D\u00fczenleme, 657 say\u0131l\u0131 Devlet Memurlar\u0131 Kanunu ve ilgili toplu s\u00f6zle\u015fme h\u00fck\u00fcmleri \u00e7er\u00e7evesinde haz\u0131rlanarak y\u00fcr\u00fcrl\u00fc\u011fe girdi.<\/p>\n<h3 data-start=\"806\" data-end=\"862\">Ayn\u00ee giyecek yard\u0131m\u0131 kapsam\u0131 ve s\u0131n\u0131rlar\u0131 belirlendi<\/h3>\n<p data-start=\"864\" data-end=\"1173\">Genelgeye g\u00f6re, g\u00f6revleri gere\u011fi \u00f6zel k\u0131yafet, i\u015f elbisesi veya koruyucu donan\u0131m kullanmas\u0131 zorunlu olan personel i\u00e7in giyecek yard\u0131m\u0131 <strong data-start=\"999\" data-end=\"1014\">ayn\u00ee olarak<\/strong> sa\u011flanacak. Bu kapsamda ba\u015fta sa\u011fl\u0131k hizmetleri s\u0131n\u0131f\u0131 olmak \u00fczere, teknik hizmetler s\u0131n\u0131f\u0131nda yer alan belirli kadro ve unvanlar ayn\u00ee yard\u0131mdan yararlanacak.<\/p>\n<p data-start=\"1175\" data-end=\"1490\">Ayn\u00ee yard\u0131m kapsam\u0131nda temin edilecek her bir giyecek kalemi i\u00e7in <strong data-start=\"1241\" data-end=\"1265\">azami birim fiyatlar<\/strong> Hazine ve Maliye Bakanl\u0131\u011f\u0131 taraf\u0131ndan belirlenmi\u015f olup, kamu idarelerinin bu tutarlar\u0131 a\u015facak \u015fekilde harcama yapmas\u0131na izin verilmeyecek. Temin s\u00fcre\u00e7lerinde 4734 say\u0131l\u0131 Kamu \u0130hale Kanunu h\u00fck\u00fcmlerine uyulmas\u0131 zorunlu olacak.<\/p>\n<h3 data-start=\"1492\" data-end=\"1529\">Nakd\u00ee giyecek yard\u0131m\u0131 \u00f6deme usul\u00fc<\/h3>\n<p data-start=\"1531\" data-end=\"1788\">Ayn\u00ee yard\u0131m kapsam\u0131 d\u0131\u015f\u0131nda kalan personel i\u00e7in giyecek yard\u0131m\u0131 <strong data-start=\"1595\" data-end=\"1610\">nakd\u00ee \u00f6deme<\/strong> yoluyla ger\u00e7ekle\u015ftirilecek. Nakd\u00ee yard\u0131mlar, ilgili personele ait ayl\u0131k \u00fccret bordrolar\u0131nda \u201cSosyal Haklar\u201d ba\u015fl\u0131\u011f\u0131 alt\u0131nda g\u00f6sterilecek ve prime esas kazanca dahil edilmeyecek.<\/p>\n<p data-start=\"1790\" data-end=\"2102\">Genelgede yer alan \u00f6rnek hesaplamalara g\u00f6re 2026 y\u0131l\u0131 i\u00e7in \u00f6ng\u00f6r\u00fclen nakd\u00ee giyecek yard\u0131m\u0131 tutarlar\u0131 unvan baz\u0131nda farkl\u0131l\u0131k g\u00f6steriyor. \u015eof\u00f6r kadrosunda bulunan personel i\u00e7in yakla\u015f\u0131k <strong data-start=\"1975\" data-end=\"1987\">1.995 TL<\/strong>, yard\u0131mc\u0131 hizmetler s\u0131n\u0131f\u0131nda g\u00f6rev yapanlar i\u00e7in ise yakla\u015f\u0131k <strong data-start=\"2051\" data-end=\"2063\">1.458 TL<\/strong> tutar\u0131nda \u00f6deme yap\u0131lmas\u0131 \u00f6ng\u00f6r\u00fcl\u00fcyor.<\/p>\n<h3 data-start=\"2104\" data-end=\"2148\">Kullan\u0131m s\u00fcresi ve m\u00fckerrer \u00f6deme yasa\u011f\u0131<\/h3>\n<p data-start=\"2150\" data-end=\"2420\">Genelge ile giyecek yard\u0131mlar\u0131nda <strong data-start=\"2184\" data-end=\"2203\">kullan\u0131m s\u00fcresi<\/strong> esas\u0131na dayal\u0131 bir sistem benimsendi. Ayakkab\u0131, mont, ya\u011fmurluk, atk\u0131 ve benzeri giyecekler i\u00e7in belirlenen kullan\u0131m s\u00fcresi dolmadan ayn\u0131 kalem i\u00e7in yeniden ayn\u00ee teslimat veya nakd\u00ee \u00f6deme yap\u0131lmas\u0131 a\u00e7\u0131k\u00e7a yasakland\u0131.<\/p>\n<p data-start=\"2422\" data-end=\"2590\">Bu d\u00fczenleme ile kamu zarar\u0131n\u0131n \u00f6nlenmesi, m\u00fckerrer harcamalar\u0131n engellenmesi ve Say\u0131\u015ftay denetimlerinde kar\u015f\u0131la\u015f\u0131lan usuls\u00fczl\u00fcklerin ortadan kald\u0131r\u0131lmas\u0131 hedefleniyor.<\/p>\n<h3 data-start=\"2592\" data-end=\"2627\">Denetim ve sorumluluk h\u00fck\u00fcmleri<\/h3>\n<p data-start=\"2629\" data-end=\"2856\">Genelge h\u00fck\u00fcmlerinin uygulanmas\u0131ndan \u00fcst y\u00f6neticiler ve harcama yetkilileri sorumlu olacak. Mevzuata ayk\u0131r\u0131 yap\u0131lan \u00f6demeler hakk\u0131nda 5018 say\u0131l\u0131 Kamu Mali Y\u00f6netimi ve Kontrol Kanunu h\u00fck\u00fcmleri \u00e7er\u00e7evesinde i\u015flem tesis edilecek.<\/p>\n<p data-start=\"2858\" data-end=\"3087\">Bakanl\u0131k, uygulamada birlik sa\u011flanmas\u0131 amac\u0131yla t\u00fcm kamu idarelerine, giyecek yard\u0131m\u0131 i\u015flemlerini genelge h\u00fck\u00fcmlerine uygun \u015fekilde y\u00fcr\u00fctmeleri ve teredd\u00fct edilen hususlarda Bakanl\u0131ktan g\u00f6r\u00fc\u015f talep etmeleri y\u00f6n\u00fcnde talimat verdi.<\/p>\n","protected":false},"excerpt":{"rendered":"<p>\u00a0 \u00a0 Hazine ve Maliye Bakanl\u0131\u011f\u0131 taraf\u0131ndan yay\u0131mlanan 2026 Y\u0131l\u0131 Giyecek Yard\u0131m\u0131 Genelgesi ile kamu personeline yap\u0131lacak giyecek yard\u0131mlar\u0131na ili\u015fkin usul ve esaslar yeniden d\u00fczenlendi. Genelge ile birlikte, uzun s\u00fcredir farkl\u0131 kurumlarda de\u011fi\u015fken \u015fekilde uygulanan giyecek yard\u0131m\u0131 sistemine standart getirilmesi ama\u00e7lan\u0131rken, yard\u0131m\u0131n ayn\u00ee veya nakd\u00ee olarak sa\u011flanaca\u011f\u0131 haller a\u00e7\u0131k bi\u00e7imde tan\u0131mland\u0131. D\u00fczenleme, 657 say\u0131l\u0131 Devlet [&hellip;]<\/p>\n","protected":false},"author":1,"featured_media":16563,"comment_status":"open","ping_status":"open","sticky":false,"template":"","format":"standard","meta":{"footnotes":""},"categories":[1],"tags":[898],"class_list":["post-16562","post","type-post","status-publish","format-standard","has-post-thumbnail","hentry","category-genel","tag-giyim-yardimi"],"yoast_head":"<!-- This site is optimized with the Yoast SEO plugin v27.4 - https:\/\/yoast.com\/product\/yoast-seo-wordpress\/ -->\n<title>2026 Y\u0131l\u0131 Giyecek Yard\u0131m\u0131 Genelgesi yay\u0131mland\u0131: Uygulamada ayn\u00ee ve nakd\u00ee y\u00f6ntem esaslar\u0131 netle\u015fti - Memurun Sesi<\/title>\n<meta name=\"robots\" content=\"index, follow, max-snippet:-1, max-image-preview:large, max-video-preview:-1\" \/>\n<link rel=\"canonical\" href=\"https:\/\/memurunsesi.net\/index.php\/2026\/01\/19\/2026-yili-giyecek-yardimi-genelgesi-yayimlandi-uygulamada-ayni-ve-nakdi-yontem-esaslari-netlesti\/\" \/>\n<meta property=\"og:locale\" content=\"tr_TR\" \/>\n<meta property=\"og:type\" content=\"article\" \/>\n<meta property=\"og:title\" content=\"2026 Y\u0131l\u0131 Giyecek Yard\u0131m\u0131 Genelgesi yay\u0131mland\u0131: Uygulamada ayn\u00ee ve nakd\u00ee y\u00f6ntem esaslar\u0131 netle\u015fti - Memurun Sesi\" \/>\n<meta property=\"og:description\" content=\"\u00a0 \u00a0 Hazine ve Maliye Bakanl\u0131\u011f\u0131 taraf\u0131ndan yay\u0131mlanan 2026 Y\u0131l\u0131 Giyecek Yard\u0131m\u0131 Genelgesi ile kamu personeline yap\u0131lacak giyecek yard\u0131mlar\u0131na ili\u015fkin usul ve esaslar yeniden d\u00fczenlendi. Genelge ile birlikte, uzun s\u00fcredir farkl\u0131 kurumlarda de\u011fi\u015fken \u015fekilde uygulanan giyecek yard\u0131m\u0131 sistemine standart getirilmesi ama\u00e7lan\u0131rken, yard\u0131m\u0131n ayn\u00ee veya nakd\u00ee olarak sa\u011flanaca\u011f\u0131 haller a\u00e7\u0131k bi\u00e7imde tan\u0131mland\u0131. D\u00fczenleme, 657 say\u0131l\u0131 Devlet [&hellip;]\" \/>\n<meta property=\"og:url\" content=\"https:\/\/memurunsesi.net\/index.php\/2026\/01\/19\/2026-yili-giyecek-yardimi-genelgesi-yayimlandi-uygulamada-ayni-ve-nakdi-yontem-esaslari-netlesti\/\" \/>\n<meta property=\"og:site_name\" content=\"Memurun Sesi\" \/>\n<meta property=\"article:publisher\" content=\"https:\/\/www.facebook.com\/unipersen\/?locale=tr_TR\" \/>\n<meta property=\"article:published_time\" content=\"2026-01-19T06:04:13+00:00\" \/>\n<meta property=\"og:image\" content=\"https:\/\/memurunsesi.net\/wp-content\/uploads\/2026\/01\/giyim.webp\" \/>\n\t<meta property=\"og:image:width\" content=\"820\" \/>\n\t<meta property=\"og:image:height\" content=\"461\" \/>\n\t<meta property=\"og:image:type\" content=\"image\/webp\" \/>\n<meta name=\"author\" content=\"Memurun Sesi Haber Merkezi\" \/>\n<meta name=\"twitter:card\" content=\"summary_large_image\" \/>\n<meta name=\"twitter:creator\" content=\"@unipersen\" \/>\n<meta name=\"twitter:site\" content=\"@unipersen\" \/>\n<meta name=\"twitter:label1\" content=\"Yazan:\" \/>\n\t<meta name=\"twitter:data1\" content=\"Memurun Sesi Haber Merkezi\" \/>\n\t<meta name=\"twitter:label2\" content=\"Tahmini okuma s\u00fcresi\" \/>\n\t<meta name=\"twitter:data2\" content=\"3 dakika\" \/>\n<script type=\"application\/ld+json\" class=\"yoast-schema-graph\">{\"@context\":\"https:\\\/\\\/schema.org\",\"@graph\":[{\"@type\":\"Article\",\"@id\":\"https:\\\/\\\/memurunsesi.net\\\/index.php\\\/2026\\\/01\\\/19\\\/2026-yili-giyecek-yardimi-genelgesi-yayimlandi-uygulamada-ayni-ve-nakdi-yontem-esaslari-netlesti\\\/#article\",\"isPartOf\":{\"@id\":\"https:\\\/\\\/memurunsesi.net\\\/index.php\\\/2026\\\/01\\\/19\\\/2026-yili-giyecek-yardimi-genelgesi-yayimlandi-uygulamada-ayni-ve-nakdi-yontem-esaslari-netlesti\\\/\"},\"author\":{\"name\":\"Memurun Sesi Haber Merkezi\",\"@id\":\"https:\\\/\\\/memurunsesi.net\\\/#\\\/schema\\\/person\\\/f21c2d73b89f6ee1d80b0a1803e38587\"},\"headline\":\"2026 Y\u0131l\u0131 Giyecek Yard\u0131m\u0131 Genelgesi yay\u0131mland\u0131: Uygulamada ayn\u00ee ve nakd\u00ee y\u00f6ntem esaslar\u0131 netle\u015fti\",\"datePublished\":\"2026-01-19T06:04:13+00:00\",\"mainEntityOfPage\":{\"@id\":\"https:\\\/\\\/memurunsesi.net\\\/index.php\\\/2026\\\/01\\\/19\\\/2026-yili-giyecek-yardimi-genelgesi-yayimlandi-uygulamada-ayni-ve-nakdi-yontem-esaslari-netlesti\\\/\"},\"wordCount\":516,\"commentCount\":0,\"publisher\":{\"@id\":\"https:\\\/\\\/memurunsesi.net\\\/#organization\"},\"image\":{\"@id\":\"https:\\\/\\\/memurunsesi.net\\\/index.php\\\/2026\\\/01\\\/19\\\/2026-yili-giyecek-yardimi-genelgesi-yayimlandi-uygulamada-ayni-ve-nakdi-yontem-esaslari-netlesti\\\/#primaryimage\"},\"thumbnailUrl\":\"https:\\\/\\\/memurunsesi.net\\\/wp-content\\\/uploads\\\/2026\\\/01\\\/giyim.webp\",\"keywords\":[\"giyim yard\u0131m\u0131\"],\"inLanguage\":\"tr\",\"potentialAction\":[{\"@type\":\"CommentAction\",\"name\":\"Comment\",\"target\":[\"https:\\\/\\\/memurunsesi.net\\\/index.php\\\/2026\\\/01\\\/19\\\/2026-yili-giyecek-yardimi-genelgesi-yayimlandi-uygulamada-ayni-ve-nakdi-yontem-esaslari-netlesti\\\/#respond\"]}]},{\"@type\":\"WebPage\",\"@id\":\"https:\\\/\\\/memurunsesi.net\\\/index.php\\\/2026\\\/01\\\/19\\\/2026-yili-giyecek-yardimi-genelgesi-yayimlandi-uygulamada-ayni-ve-nakdi-yontem-esaslari-netlesti\\\/\",\"url\":\"https:\\\/\\\/memurunsesi.net\\\/index.php\\\/2026\\\/01\\\/19\\\/2026-yili-giyecek-yardimi-genelgesi-yayimlandi-uygulamada-ayni-ve-nakdi-yontem-esaslari-netlesti\\\/\",\"name\":\"2026 Y\u0131l\u0131 Giyecek Yard\u0131m\u0131 Genelgesi yay\u0131mland\u0131: Uygulamada ayn\u00ee ve nakd\u00ee y\u00f6ntem esaslar\u0131 netle\u015fti - Memurun Sesi\",\"isPartOf\":{\"@id\":\"https:\\\/\\\/memurunsesi.net\\\/#website\"},\"primaryImageOfPage\":{\"@id\":\"https:\\\/\\\/memurunsesi.net\\\/index.php\\\/2026\\\/01\\\/19\\\/2026-yili-giyecek-yardimi-genelgesi-yayimlandi-uygulamada-ayni-ve-nakdi-yontem-esaslari-netlesti\\\/#primaryimage\"},\"image\":{\"@id\":\"https:\\\/\\\/memurunsesi.net\\\/index.php\\\/2026\\\/01\\\/19\\\/2026-yili-giyecek-yardimi-genelgesi-yayimlandi-uygulamada-ayni-ve-nakdi-yontem-esaslari-netlesti\\\/#primaryimage\"},\"thumbnailUrl\":\"https:\\\/\\\/memurunsesi.net\\\/wp-content\\\/uploads\\\/2026\\\/01\\\/giyim.webp\",\"datePublished\":\"2026-01-19T06:04:13+00:00\",\"breadcrumb\":{\"@id\":\"https:\\\/\\\/memurunsesi.net\\\/index.php\\\/2026\\\/01\\\/19\\\/2026-yili-giyecek-yardimi-genelgesi-yayimlandi-uygulamada-ayni-ve-nakdi-yontem-esaslari-netlesti\\\/#breadcrumb\"},\"inLanguage\":\"tr\",\"potentialAction\":[{\"@type\":\"ReadAction\",\"target\":[\"https:\\\/\\\/memurunsesi.net\\\/index.php\\\/2026\\\/01\\\/19\\\/2026-yili-giyecek-yardimi-genelgesi-yayimlandi-uygulamada-ayni-ve-nakdi-yontem-esaslari-netlesti\\\/\"]}]},{\"@type\":\"ImageObject\",\"inLanguage\":\"tr\",\"@id\":\"https:\\\/\\\/memurunsesi.net\\\/index.php\\\/2026\\\/01\\\/19\\\/2026-yili-giyecek-yardimi-genelgesi-yayimlandi-uygulamada-ayni-ve-nakdi-yontem-esaslari-netlesti\\\/#primaryimage\",\"url\":\"https:\\\/\\\/memurunsesi.net\\\/wp-content\\\/uploads\\\/2026\\\/01\\\/giyim.webp\",\"contentUrl\":\"https:\\\/\\\/memurunsesi.net\\\/wp-content\\\/uploads\\\/2026\\\/01\\\/giyim.webp\",\"width\":820,\"height\":461},{\"@type\":\"BreadcrumbList\",\"@id\":\"https:\\\/\\\/memurunsesi.net\\\/index.php\\\/2026\\\/01\\\/19\\\/2026-yili-giyecek-yardimi-genelgesi-yayimlandi-uygulamada-ayni-ve-nakdi-yontem-esaslari-netlesti\\\/#breadcrumb\",\"itemListElement\":[{\"@type\":\"ListItem\",\"position\":1,\"name\":\"Anasayfa\",\"item\":\"https:\\\/\\\/memurunsesi.net\\\/\"},{\"@type\":\"ListItem\",\"position\":2,\"name\":\"2026 Y\u0131l\u0131 Giyecek Yard\u0131m\u0131 Genelgesi yay\u0131mland\u0131: Uygulamada ayn\u00ee ve nakd\u00ee y\u00f6ntem esaslar\u0131 netle\u015fti\"}]},{\"@type\":\"WebSite\",\"@id\":\"https:\\\/\\\/memurunsesi.net\\\/#website\",\"url\":\"https:\\\/\\\/memurunsesi.net\\\/\",\"name\":\"Memurun Sesi\",\"description\":\"G\u00fcncel ve Do\u011fru Haber\",\"publisher\":{\"@id\":\"https:\\\/\\\/memurunsesi.net\\\/#organization\"},\"potentialAction\":[{\"@type\":\"SearchAction\",\"target\":{\"@type\":\"EntryPoint\",\"urlTemplate\":\"https:\\\/\\\/memurunsesi.net\\\/?s={search_term_string}\"},\"query-input\":{\"@type\":\"PropertyValueSpecification\",\"valueRequired\":true,\"valueName\":\"search_term_string\"}}],\"inLanguage\":\"tr\"},{\"@type\":\"Organization\",\"@id\":\"https:\\\/\\\/memurunsesi.net\\\/#organization\",\"name\":\"Memurun Sesi\",\"url\":\"https:\\\/\\\/memurunsesi.net\\\/\",\"logo\":{\"@type\":\"ImageObject\",\"inLanguage\":\"tr\",\"@id\":\"https:\\\/\\\/memurunsesi.net\\\/#\\\/schema\\\/logo\\\/image\\\/\",\"url\":\"https:\\\/\\\/memurunsesi.net\\\/wp-content\\\/uploads\\\/2025\\\/11\\\/cropped-MEMURUN-SESI.png\",\"contentUrl\":\"https:\\\/\\\/memurunsesi.net\\\/wp-content\\\/uploads\\\/2025\\\/11\\\/cropped-MEMURUN-SESI.png\",\"width\":238,\"height\":57,\"caption\":\"Memurun Sesi\"},\"image\":{\"@id\":\"https:\\\/\\\/memurunsesi.net\\\/#\\\/schema\\\/logo\\\/image\\\/\"},\"sameAs\":[\"https:\\\/\\\/www.facebook.com\\\/unipersen\\\/?locale=tr_TR\",\"https:\\\/\\\/x.com\\\/unipersen\"]},{\"@type\":\"Person\",\"@id\":\"https:\\\/\\\/memurunsesi.net\\\/#\\\/schema\\\/person\\\/f21c2d73b89f6ee1d80b0a1803e38587\",\"name\":\"Memurun Sesi Haber Merkezi\",\"image\":{\"@type\":\"ImageObject\",\"inLanguage\":\"tr\",\"@id\":\"https:\\\/\\\/secure.gravatar.com\\\/avatar\\\/6cf0505f452ee753f485014986fab09a434671d2b919ee76fc541025c5876a70?s=96&d=mm&r=g\",\"url\":\"https:\\\/\\\/secure.gravatar.com\\\/avatar\\\/6cf0505f452ee753f485014986fab09a434671d2b919ee76fc541025c5876a70?s=96&d=mm&r=g\",\"contentUrl\":\"https:\\\/\\\/secure.gravatar.com\\\/avatar\\\/6cf0505f452ee753f485014986fab09a434671d2b919ee76fc541025c5876a70?s=96&d=mm&r=g\",\"caption\":\"Memurun Sesi Haber Merkezi\"},\"sameAs\":[\"https:\\\/\\\/memurunsesi.net\"],\"url\":\"https:\\\/\\\/memurunsesi.net\\\/index.php\\\/author\\\/uniper\\\/\"}]}<\/script>\n<!-- \/ Yoast SEO plugin. -->","yoast_head_json":{"title":"2026 Y\u0131l\u0131 Giyecek Yard\u0131m\u0131 Genelgesi yay\u0131mland\u0131: Uygulamada ayn\u00ee ve nakd\u00ee y\u00f6ntem esaslar\u0131 netle\u015fti - Memurun Sesi","robots":{"index":"index","follow":"follow","max-snippet":"max-snippet:-1","max-image-preview":"max-image-preview:large","max-video-preview":"max-video-preview:-1"},"canonical":"https:\/\/memurunsesi.net\/index.php\/2026\/01\/19\/2026-yili-giyecek-yardimi-genelgesi-yayimlandi-uygulamada-ayni-ve-nakdi-yontem-esaslari-netlesti\/","og_locale":"tr_TR","og_type":"article","og_title":"2026 Y\u0131l\u0131 Giyecek Yard\u0131m\u0131 Genelgesi yay\u0131mland\u0131: Uygulamada ayn\u00ee ve nakd\u00ee y\u00f6ntem esaslar\u0131 netle\u015fti - Memurun Sesi","og_description":"\u00a0 \u00a0 Hazine ve Maliye Bakanl\u0131\u011f\u0131 taraf\u0131ndan yay\u0131mlanan 2026 Y\u0131l\u0131 Giyecek Yard\u0131m\u0131 Genelgesi ile kamu personeline yap\u0131lacak giyecek yard\u0131mlar\u0131na ili\u015fkin usul ve esaslar yeniden d\u00fczenlendi. Genelge ile birlikte, uzun s\u00fcredir farkl\u0131 kurumlarda de\u011fi\u015fken \u015fekilde uygulanan giyecek yard\u0131m\u0131 sistemine standart getirilmesi ama\u00e7lan\u0131rken, yard\u0131m\u0131n ayn\u00ee veya nakd\u00ee olarak sa\u011flanaca\u011f\u0131 haller a\u00e7\u0131k bi\u00e7imde tan\u0131mland\u0131. D\u00fczenleme, 657 say\u0131l\u0131 Devlet [&hellip;]","og_url":"https:\/\/memurunsesi.net\/index.php\/2026\/01\/19\/2026-yili-giyecek-yardimi-genelgesi-yayimlandi-uygulamada-ayni-ve-nakdi-yontem-esaslari-netlesti\/","og_site_name":"Memurun Sesi","article_publisher":"https:\/\/www.facebook.com\/unipersen\/?locale=tr_TR","article_published_time":"2026-01-19T06:04:13+00:00","og_image":[{"width":820,"height":461,"url":"https:\/\/memurunsesi.net\/wp-content\/uploads\/2026\/01\/giyim.webp","type":"image\/webp"}],"author":"Memurun Sesi Haber Merkezi","twitter_card":"summary_large_image","twitter_creator":"@unipersen","twitter_site":"@unipersen","twitter_misc":{"Yazan:":"Memurun Sesi Haber Merkezi","Tahmini okuma s\u00fcresi":"3 dakika"},"schema":{"@context":"https:\/\/schema.org","@graph":[{"@type":"Article","@id":"https:\/\/memurunsesi.net\/index.php\/2026\/01\/19\/2026-yili-giyecek-yardimi-genelgesi-yayimlandi-uygulamada-ayni-ve-nakdi-yontem-esaslari-netlesti\/#article","isPartOf":{"@id":"https:\/\/memurunsesi.net\/index.php\/2026\/01\/19\/2026-yili-giyecek-yardimi-genelgesi-yayimlandi-uygulamada-ayni-ve-nakdi-yontem-esaslari-netlesti\/"},"author":{"name":"Memurun Sesi Haber Merkezi","@id":"https:\/\/memurunsesi.net\/#\/schema\/person\/f21c2d73b89f6ee1d80b0a1803e38587"},"headline":"2026 Y\u0131l\u0131 Giyecek Yard\u0131m\u0131 Genelgesi yay\u0131mland\u0131: Uygulamada ayn\u00ee ve nakd\u00ee y\u00f6ntem esaslar\u0131 netle\u015fti","datePublished":"2026-01-19T06:04:13+00:00","mainEntityOfPage":{"@id":"https:\/\/memurunsesi.net\/index.php\/2026\/01\/19\/2026-yili-giyecek-yardimi-genelgesi-yayimlandi-uygulamada-ayni-ve-nakdi-yontem-esaslari-netlesti\/"},"wordCount":516,"commentCount":0,"publisher":{"@id":"https:\/\/memurunsesi.net\/#organization"},"image":{"@id":"https:\/\/memurunsesi.net\/index.php\/2026\/01\/19\/2026-yili-giyecek-yardimi-genelgesi-yayimlandi-uygulamada-ayni-ve-nakdi-yontem-esaslari-netlesti\/#primaryimage"},"thumbnailUrl":"https:\/\/memurunsesi.net\/wp-content\/uploads\/2026\/01\/giyim.webp","keywords":["giyim yard\u0131m\u0131"],"inLanguage":"tr","potentialAction":[{"@type":"CommentAction","name":"Comment","target":["https:\/\/memurunsesi.net\/index.php\/2026\/01\/19\/2026-yili-giyecek-yardimi-genelgesi-yayimlandi-uygulamada-ayni-ve-nakdi-yontem-esaslari-netlesti\/#respond"]}]},{"@type":"WebPage","@id":"https:\/\/memurunsesi.net\/index.php\/2026\/01\/19\/2026-yili-giyecek-yardimi-genelgesi-yayimlandi-uygulamada-ayni-ve-nakdi-yontem-esaslari-netlesti\/","url":"https:\/\/memurunsesi.net\/index.php\/2026\/01\/19\/2026-yili-giyecek-yardimi-genelgesi-yayimlandi-uygulamada-ayni-ve-nakdi-yontem-esaslari-netlesti\/","name":"2026 Y\u0131l\u0131 Giyecek Yard\u0131m\u0131 Genelgesi yay\u0131mland\u0131: Uygulamada ayn\u00ee ve nakd\u00ee y\u00f6ntem esaslar\u0131 netle\u015fti - Memurun Sesi","isPartOf":{"@id":"https:\/\/memurunsesi.net\/#website"},"primaryImageOfPage":{"@id":"https:\/\/memurunsesi.net\/index.php\/2026\/01\/19\/2026-yili-giyecek-yardimi-genelgesi-yayimlandi-uygulamada-ayni-ve-nakdi-yontem-esaslari-netlesti\/#primaryimage"},"image":{"@id":"https:\/\/memurunsesi.net\/index.php\/2026\/01\/19\/2026-yili-giyecek-yardimi-genelgesi-yayimlandi-uygulamada-ayni-ve-nakdi-yontem-esaslari-netlesti\/#primaryimage"},"thumbnailUrl":"https:\/\/memurunsesi.net\/wp-content\/uploads\/2026\/01\/giyim.webp","datePublished":"2026-01-19T06:04:13+00:00","breadcrumb":{"@id":"https:\/\/memurunsesi.net\/index.php\/2026\/01\/19\/2026-yili-giyecek-yardimi-genelgesi-yayimlandi-uygulamada-ayni-ve-nakdi-yontem-esaslari-netlesti\/#breadcrumb"},"inLanguage":"tr","potentialAction":[{"@type":"ReadAction","target":["https:\/\/memurunsesi.net\/index.php\/2026\/01\/19\/2026-yili-giyecek-yardimi-genelgesi-yayimlandi-uygulamada-ayni-ve-nakdi-yontem-esaslari-netlesti\/"]}]},{"@type":"ImageObject","inLanguage":"tr","@id":"https:\/\/memurunsesi.net\/index.php\/2026\/01\/19\/2026-yili-giyecek-yardimi-genelgesi-yayimlandi-uygulamada-ayni-ve-nakdi-yontem-esaslari-netlesti\/#primaryimage","url":"https:\/\/memurunsesi.net\/wp-content\/uploads\/2026\/01\/giyim.webp","contentUrl":"https:\/\/memurunsesi.net\/wp-content\/uploads\/2026\/01\/giyim.webp","width":820,"height":461},{"@type":"BreadcrumbList","@id":"https:\/\/memurunsesi.net\/index.php\/2026\/01\/19\/2026-yili-giyecek-yardimi-genelgesi-yayimlandi-uygulamada-ayni-ve-nakdi-yontem-esaslari-netlesti\/#breadcrumb","itemListElement":[{"@type":"ListItem","position":1,"name":"Anasayfa","item":"https:\/\/memurunsesi.net\/"},{"@type":"ListItem","position":2,"name":"2026 Y\u0131l\u0131 Giyecek Yard\u0131m\u0131 Genelgesi yay\u0131mland\u0131: Uygulamada ayn\u00ee ve nakd\u00ee y\u00f6ntem esaslar\u0131 netle\u015fti"}]},{"@type":"WebSite","@id":"https:\/\/memurunsesi.net\/#website","url":"https:\/\/memurunsesi.net\/","name":"Memurun Sesi","description":"G\u00fcncel ve Do\u011fru Haber","publisher":{"@id":"https:\/\/memurunsesi.net\/#organization"},"potentialAction":[{"@type":"SearchAction","target":{"@type":"EntryPoint","urlTemplate":"https:\/\/memurunsesi.net\/?s={search_term_string}"},"query-input":{"@type":"PropertyValueSpecification","valueRequired":true,"valueName":"search_term_string"}}],"inLanguage":"tr"},{"@type":"Organization","@id":"https:\/\/memurunsesi.net\/#organization","name":"Memurun Sesi","url":"https:\/\/memurunsesi.net\/","logo":{"@type":"ImageObject","inLanguage":"tr","@id":"https:\/\/memurunsesi.net\/#\/schema\/logo\/image\/","url":"https:\/\/memurunsesi.net\/wp-content\/uploads\/2025\/11\/cropped-MEMURUN-SESI.png","contentUrl":"https:\/\/memurunsesi.net\/wp-content\/uploads\/2025\/11\/cropped-MEMURUN-SESI.png","width":238,"height":57,"caption":"Memurun Sesi"},"image":{"@id":"https:\/\/memurunsesi.net\/#\/schema\/logo\/image\/"},"sameAs":["https:\/\/www.facebook.com\/unipersen\/?locale=tr_TR","https:\/\/x.com\/unipersen"]},{"@type":"Person","@id":"https:\/\/memurunsesi.net\/#\/schema\/person\/f21c2d73b89f6ee1d80b0a1803e38587","name":"Memurun Sesi Haber Merkezi","image":{"@type":"ImageObject","inLanguage":"tr","@id":"https:\/\/secure.gravatar.com\/avatar\/6cf0505f452ee753f485014986fab09a434671d2b919ee76fc541025c5876a70?s=96&d=mm&r=g","url":"https:\/\/secure.gravatar.com\/avatar\/6cf0505f452ee753f485014986fab09a434671d2b919ee76fc541025c5876a70?s=96&d=mm&r=g","contentUrl":"https:\/\/secure.gravatar.com\/avatar\/6cf0505f452ee753f485014986fab09a434671d2b919ee76fc541025c5876a70?s=96&d=mm&r=g","caption":"Memurun Sesi Haber Merkezi"},"sameAs":["https:\/\/memurunsesi.net"],"url":"https:\/\/memurunsesi.net\/index.php\/author\/uniper\/"}]}},"_links":{"self":[{"href":"https:\/\/memurunsesi.net\/index.php\/wp-json\/wp\/v2\/posts\/16562","targetHints":{"allow":["GET"]}}],"collection":[{"href":"https:\/\/memurunsesi.net\/index.php\/wp-json\/wp\/v2\/posts"}],"about":[{"href":"https:\/\/memurunsesi.net\/index.php\/wp-json\/wp\/v2\/types\/post"}],"author":[{"embeddable":true,"href":"https:\/\/memurunsesi.net\/index.php\/wp-json\/wp\/v2\/users\/1"}],"replies":[{"embeddable":true,"href":"https:\/\/memurunsesi.net\/index.php\/wp-json\/wp\/v2\/comments?post=16562"}],"version-history":[{"count":1,"href":"https:\/\/memurunsesi.net\/index.php\/wp-json\/wp\/v2\/posts\/16562\/revisions"}],"predecessor-version":[{"id":16564,"href":"https:\/\/memurunsesi.net\/index.php\/wp-json\/wp\/v2\/posts\/16562\/revisions\/16564"}],"wp:featuredmedia":[{"embeddable":true,"href":"https:\/\/memurunsesi.net\/index.php\/wp-json\/wp\/v2\/media\/16563"}],"wp:attachment":[{"href":"https:\/\/memurunsesi.net\/index.php\/wp-json\/wp\/v2\/media?parent=16562"}],"wp:term":[{"taxonomy":"category","embeddable":true,"href":"https:\/\/memurunsesi.net\/index.php\/wp-json\/wp\/v2\/categories?post=16562"},{"taxonomy":"post_tag","embeddable":true,"href":"https:\/\/memurunsesi.net\/index.php\/wp-json\/wp\/v2\/tags?post=16562"}],"curies":[{"name":"wp","href":"https:\/\/api.w.org\/{rel}","templated":true}]}}