{"id":16566,"date":"2026-01-20T09:06:39","date_gmt":"2026-01-20T06:06:39","guid":{"rendered":"https:\/\/memurunsesi.net\/?p=16566"},"modified":"2026-01-20T09:16:07","modified_gmt":"2026-01-20T06:16:07","slug":"alevlerin-yukseldigi-evde-mahsur-kalan-kediyi-itfaiye-kurtardi","status":"publish","type":"post","link":"https:\/\/memurunsesi.net\/index.php\/2026\/01\/20\/alevlerin-yukseldigi-evde-mahsur-kalan-kediyi-itfaiye-kurtardi\/","title":{"rendered":"Alevlerin y\u00fckseldi\u011fi evde mahsur kalan kediyi itfaiye kurtard\u0131"},"content":{"rendered":"<p>Hatay&#8217;da alevlere teslim olan m\u00fcstakil ev i\u00e7erisinde kalan kediyi itfaiye ekipleri kurtard\u0131.<br \/>\nYang\u0131n, Reyhanl\u0131 il\u00e7esi Bay\u0131r Mahallesi&#8217;nde ya\u015fand\u0131. Mahallede bulunan tek katl\u0131 m\u00fcstakil ev bilinmeyen nedenle alevlere teslim oldu. \u0130hbar \u00fczerine b\u00f6lgeye itfaiye ekipleri sevk edildi. Alevler, Hatay B\u00fcy\u00fck\u015fehir Belediyesi itfaiye ekiplerinin h\u0131zl\u0131 m\u00fcdahalesiyle \u00e7evreye s\u0131\u00e7ramadan kontrol alt\u0131na al\u0131n\u0131rken, alevlerin i\u00e7erisinde kalan bir kedi ise itfaiye ekipleri taraf\u0131ndan kurtar\u0131ld\u0131. Ya\u015fad\u0131\u011f\u0131 tespit edilen kedi, ekipler taraf\u0131ndan ya\u015fama d\u00f6nd\u00fcr\u00fcld\u00fc.<br \/>\nYang\u0131nda, yaralanma ve can kayb\u0131 ya\u015fanmazken ev kullan\u0131lmaz hale geldi.<\/p>\n<p>20.01.2026<\/p>\n","protected":false},"excerpt":{"rendered":"<p>Hatay&#8217;da alevlere teslim olan m\u00fcstakil ev i\u00e7erisinde kalan kediyi itfaiye ekipleri kurtard\u0131. Yang\u0131n, Reyhanl\u0131 il\u00e7esi Bay\u0131r Mahallesi&#8217;nde ya\u015fand\u0131. Mahallede bulunan tek katl\u0131 m\u00fcstakil ev bilinmeyen nedenle alevlere teslim oldu. \u0130hbar \u00fczerine b\u00f6lgeye itfaiye ekipleri sevk edildi. Alevler, Hatay B\u00fcy\u00fck\u015fehir Belediyesi itfaiye ekiplerinin h\u0131zl\u0131 m\u00fcdahalesiyle \u00e7evreye s\u0131\u00e7ramadan kontrol alt\u0131na al\u0131n\u0131rken, alevlerin i\u00e7erisinde kalan bir kedi ise [&hellip;]<\/p>\n","protected":false},"author":1,"featured_media":16571,"comment_status":"open","ping_status":"open","sticky":false,"template":"","format":"standard","meta":{"footnotes":""},"categories":[50],"tags":[511],"class_list":["post-16566","post","type-post","status-publish","format-standard","has-post-thumbnail","hentry","category-tum-haberler","tag-ev-yangini"],"yoast_head":"<!-- This site is optimized with the Yoast SEO plugin v27.4 - https:\/\/yoast.com\/product\/yoast-seo-wordpress\/ -->\n<title>Alevlerin y\u00fckseldi\u011fi evde mahsur kalan kediyi itfaiye kurtard\u0131 - Memurun Sesi<\/title>\n<meta name=\"description\" content=\"Alevlerin y\u00fckseldi\u011fi evde mahsur kalan kediyi itfaiye kurtard\u0131\" \/>\n<meta name=\"robots\" content=\"index, follow, max-snippet:-1, max-image-preview:large, max-video-preview:-1\" \/>\n<link rel=\"canonical\" href=\"https:\/\/memurunsesi.net\/index.php\/2026\/01\/20\/alevlerin-yukseldigi-evde-mahsur-kalan-kediyi-itfaiye-kurtardi\/\" \/>\n<meta property=\"og:locale\" content=\"tr_TR\" \/>\n<meta property=\"og:type\" content=\"article\" \/>\n<meta property=\"og:title\" content=\"Alevlerin y\u00fckseldi\u011fi evde mahsur kalan kediyi itfaiye kurtard\u0131 - Memurun Sesi\" \/>\n<meta property=\"og:description\" content=\"Alevlerin y\u00fckseldi\u011fi evde mahsur kalan kediyi itfaiye kurtard\u0131\" \/>\n<meta property=\"og:url\" content=\"https:\/\/memurunsesi.net\/index.php\/2026\/01\/20\/alevlerin-yukseldigi-evde-mahsur-kalan-kediyi-itfaiye-kurtardi\/\" \/>\n<meta property=\"og:site_name\" content=\"Memurun Sesi\" \/>\n<meta property=\"article:publisher\" content=\"https:\/\/www.facebook.com\/unipersen\/?locale=tr_TR\" \/>\n<meta property=\"article:published_time\" content=\"2026-01-20T06:06:39+00:00\" \/>\n<meta property=\"article:modified_time\" content=\"2026-01-20T06:16:07+00:00\" \/>\n<meta property=\"og:image\" content=\"https:\/\/memurunsesi.net\/wp-content\/uploads\/2026\/01\/ev-yangini-1.jpg\" \/>\n\t<meta property=\"og:image:width\" content=\"1536\" \/>\n\t<meta property=\"og:image:height\" content=\"2048\" \/>\n\t<meta property=\"og:image:type\" content=\"image\/jpeg\" \/>\n<meta name=\"author\" content=\"Memurun Sesi Haber Merkezi\" \/>\n<meta name=\"twitter:card\" content=\"summary_large_image\" \/>\n<meta name=\"twitter:creator\" content=\"@unipersen\" \/>\n<meta name=\"twitter:site\" content=\"@unipersen\" \/>\n<meta name=\"twitter:label1\" content=\"Yazan:\" \/>\n\t<meta name=\"twitter:data1\" content=\"Memurun Sesi Haber Merkezi\" \/>\n\t<meta name=\"twitter:label2\" content=\"Tahmini okuma s\u00fcresi\" \/>\n\t<meta name=\"twitter:data2\" content=\"1 dakika\" \/>\n<script type=\"application\/ld+json\" class=\"yoast-schema-graph\">{\"@context\":\"https:\\\/\\\/schema.org\",\"@graph\":[{\"@type\":\"Article\",\"@id\":\"https:\\\/\\\/memurunsesi.net\\\/index.php\\\/2026\\\/01\\\/20\\\/alevlerin-yukseldigi-evde-mahsur-kalan-kediyi-itfaiye-kurtardi\\\/#article\",\"isPartOf\":{\"@id\":\"https:\\\/\\\/memurunsesi.net\\\/index.php\\\/2026\\\/01\\\/20\\\/alevlerin-yukseldigi-evde-mahsur-kalan-kediyi-itfaiye-kurtardi\\\/\"},\"author\":{\"name\":\"Memurun Sesi Haber Merkezi\",\"@id\":\"https:\\\/\\\/memurunsesi.net\\\/#\\\/schema\\\/person\\\/f21c2d73b89f6ee1d80b0a1803e38587\"},\"headline\":\"Alevlerin y\u00fckseldi\u011fi evde mahsur kalan kediyi itfaiye kurtard\u0131\",\"datePublished\":\"2026-01-20T06:06:39+00:00\",\"dateModified\":\"2026-01-20T06:16:07+00:00\",\"mainEntityOfPage\":{\"@id\":\"https:\\\/\\\/memurunsesi.net\\\/index.php\\\/2026\\\/01\\\/20\\\/alevlerin-yukseldigi-evde-mahsur-kalan-kediyi-itfaiye-kurtardi\\\/\"},\"wordCount\":118,\"commentCount\":0,\"publisher\":{\"@id\":\"https:\\\/\\\/memurunsesi.net\\\/#organization\"},\"image\":{\"@id\":\"https:\\\/\\\/memurunsesi.net\\\/index.php\\\/2026\\\/01\\\/20\\\/alevlerin-yukseldigi-evde-mahsur-kalan-kediyi-itfaiye-kurtardi\\\/#primaryimage\"},\"thumbnailUrl\":\"https:\\\/\\\/memurunsesi.net\\\/wp-content\\\/uploads\\\/2026\\\/01\\\/ev-yangini-1.jpg\",\"keywords\":[\"ev yang\u0131n\u0131\"],\"articleSection\":[\"T\u00fcm Haberler\"],\"inLanguage\":\"tr\",\"potentialAction\":[{\"@type\":\"CommentAction\",\"name\":\"Comment\",\"target\":[\"https:\\\/\\\/memurunsesi.net\\\/index.php\\\/2026\\\/01\\\/20\\\/alevlerin-yukseldigi-evde-mahsur-kalan-kediyi-itfaiye-kurtardi\\\/#respond\"]}]},{\"@type\":\"WebPage\",\"@id\":\"https:\\\/\\\/memurunsesi.net\\\/index.php\\\/2026\\\/01\\\/20\\\/alevlerin-yukseldigi-evde-mahsur-kalan-kediyi-itfaiye-kurtardi\\\/\",\"url\":\"https:\\\/\\\/memurunsesi.net\\\/index.php\\\/2026\\\/01\\\/20\\\/alevlerin-yukseldigi-evde-mahsur-kalan-kediyi-itfaiye-kurtardi\\\/\",\"name\":\"Alevlerin y\u00fckseldi\u011fi evde mahsur kalan kediyi itfaiye kurtard\u0131 - Memurun Sesi\",\"isPartOf\":{\"@id\":\"https:\\\/\\\/memurunsesi.net\\\/#website\"},\"primaryImageOfPage\":{\"@id\":\"https:\\\/\\\/memurunsesi.net\\\/index.php\\\/2026\\\/01\\\/20\\\/alevlerin-yukseldigi-evde-mahsur-kalan-kediyi-itfaiye-kurtardi\\\/#primaryimage\"},\"image\":{\"@id\":\"https:\\\/\\\/memurunsesi.net\\\/index.php\\\/2026\\\/01\\\/20\\\/alevlerin-yukseldigi-evde-mahsur-kalan-kediyi-itfaiye-kurtardi\\\/#primaryimage\"},\"thumbnailUrl\":\"https:\\\/\\\/memurunsesi.net\\\/wp-content\\\/uploads\\\/2026\\\/01\\\/ev-yangini-1.jpg\",\"datePublished\":\"2026-01-20T06:06:39+00:00\",\"dateModified\":\"2026-01-20T06:16:07+00:00\",\"description\":\"Alevlerin y\u00fckseldi\u011fi evde mahsur kalan kediyi itfaiye kurtard\u0131\",\"breadcrumb\":{\"@id\":\"https:\\\/\\\/memurunsesi.net\\\/index.php\\\/2026\\\/01\\\/20\\\/alevlerin-yukseldigi-evde-mahsur-kalan-kediyi-itfaiye-kurtardi\\\/#breadcrumb\"},\"inLanguage\":\"tr\",\"potentialAction\":[{\"@type\":\"ReadAction\",\"target\":[\"https:\\\/\\\/memurunsesi.net\\\/index.php\\\/2026\\\/01\\\/20\\\/alevlerin-yukseldigi-evde-mahsur-kalan-kediyi-itfaiye-kurtardi\\\/\"]}]},{\"@type\":\"ImageObject\",\"inLanguage\":\"tr\",\"@id\":\"https:\\\/\\\/memurunsesi.net\\\/index.php\\\/2026\\\/01\\\/20\\\/alevlerin-yukseldigi-evde-mahsur-kalan-kediyi-itfaiye-kurtardi\\\/#primaryimage\",\"url\":\"https:\\\/\\\/memurunsesi.net\\\/wp-content\\\/uploads\\\/2026\\\/01\\\/ev-yangini-1.jpg\",\"contentUrl\":\"https:\\\/\\\/memurunsesi.net\\\/wp-content\\\/uploads\\\/2026\\\/01\\\/ev-yangini-1.jpg\",\"width\":1536,\"height\":2048,\"caption\":\"HATAY'DA ALEVLERE TESL\u0130M OLAN M\u00dcSTAK\u0130L EV \u0130\u00c7ER\u0130S\u0130NDE KALAN KED\u0130Y\u0130 \u0130TFA\u0130YE EK\u0130PLER\u0130 KURTARDI. (AHMET ARSLAN\\\/HATAY-\u0130HA) Hatay'da alevlere teslim olan m\u00fcstakil ev i\u00e7erisinde kalan kediyi itfaiye ekipleri kurtard\u0131.\"},{\"@type\":\"BreadcrumbList\",\"@id\":\"https:\\\/\\\/memurunsesi.net\\\/index.php\\\/2026\\\/01\\\/20\\\/alevlerin-yukseldigi-evde-mahsur-kalan-kediyi-itfaiye-kurtardi\\\/#breadcrumb\",\"itemListElement\":[{\"@type\":\"ListItem\",\"position\":1,\"name\":\"Anasayfa\",\"item\":\"https:\\\/\\\/memurunsesi.net\\\/\"},{\"@type\":\"ListItem\",\"position\":2,\"name\":\"Alevlerin y\u00fckseldi\u011fi evde mahsur kalan kediyi itfaiye kurtard\u0131\"}]},{\"@type\":\"WebSite\",\"@id\":\"https:\\\/\\\/memurunsesi.net\\\/#website\",\"url\":\"https:\\\/\\\/memurunsesi.net\\\/\",\"name\":\"Memurun Sesi\",\"description\":\"G\u00fcncel ve Do\u011fru Haber\",\"publisher\":{\"@id\":\"https:\\\/\\\/memurunsesi.net\\\/#organization\"},\"potentialAction\":[{\"@type\":\"SearchAction\",\"target\":{\"@type\":\"EntryPoint\",\"urlTemplate\":\"https:\\\/\\\/memurunsesi.net\\\/?s={search_term_string}\"},\"query-input\":{\"@type\":\"PropertyValueSpecification\",\"valueRequired\":true,\"valueName\":\"search_term_string\"}}],\"inLanguage\":\"tr\"},{\"@type\":\"Organization\",\"@id\":\"https:\\\/\\\/memurunsesi.net\\\/#organization\",\"name\":\"Memurun Sesi\",\"url\":\"https:\\\/\\\/memurunsesi.net\\\/\",\"logo\":{\"@type\":\"ImageObject\",\"inLanguage\":\"tr\",\"@id\":\"https:\\\/\\\/memurunsesi.net\\\/#\\\/schema\\\/logo\\\/image\\\/\",\"url\":\"https:\\\/\\\/memurunsesi.net\\\/wp-content\\\/uploads\\\/2025\\\/11\\\/cropped-MEMURUN-SESI.png\",\"contentUrl\":\"https:\\\/\\\/memurunsesi.net\\\/wp-content\\\/uploads\\\/2025\\\/11\\\/cropped-MEMURUN-SESI.png\",\"width\":238,\"height\":57,\"caption\":\"Memurun Sesi\"},\"image\":{\"@id\":\"https:\\\/\\\/memurunsesi.net\\\/#\\\/schema\\\/logo\\\/image\\\/\"},\"sameAs\":[\"https:\\\/\\\/www.facebook.com\\\/unipersen\\\/?locale=tr_TR\",\"https:\\\/\\\/x.com\\\/unipersen\"]},{\"@type\":\"Person\",\"@id\":\"https:\\\/\\\/memurunsesi.net\\\/#\\\/schema\\\/person\\\/f21c2d73b89f6ee1d80b0a1803e38587\",\"name\":\"Memurun Sesi Haber Merkezi\",\"image\":{\"@type\":\"ImageObject\",\"inLanguage\":\"tr\",\"@id\":\"https:\\\/\\\/secure.gravatar.com\\\/avatar\\\/6cf0505f452ee753f485014986fab09a434671d2b919ee76fc541025c5876a70?s=96&d=mm&r=g\",\"url\":\"https:\\\/\\\/secure.gravatar.com\\\/avatar\\\/6cf0505f452ee753f485014986fab09a434671d2b919ee76fc541025c5876a70?s=96&d=mm&r=g\",\"contentUrl\":\"https:\\\/\\\/secure.gravatar.com\\\/avatar\\\/6cf0505f452ee753f485014986fab09a434671d2b919ee76fc541025c5876a70?s=96&d=mm&r=g\",\"caption\":\"Memurun Sesi Haber Merkezi\"},\"sameAs\":[\"https:\\\/\\\/memurunsesi.net\"],\"url\":\"https:\\\/\\\/memurunsesi.net\\\/index.php\\\/author\\\/uniper\\\/\"}]}<\/script>\n<!-- \/ Yoast SEO plugin. -->","yoast_head_json":{"title":"Alevlerin y\u00fckseldi\u011fi evde mahsur kalan kediyi itfaiye kurtard\u0131 - Memurun Sesi","description":"Alevlerin y\u00fckseldi\u011fi evde mahsur kalan kediyi itfaiye kurtard\u0131","robots":{"index":"index","follow":"follow","max-snippet":"max-snippet:-1","max-image-preview":"max-image-preview:large","max-video-preview":"max-video-preview:-1"},"canonical":"https:\/\/memurunsesi.net\/index.php\/2026\/01\/20\/alevlerin-yukseldigi-evde-mahsur-kalan-kediyi-itfaiye-kurtardi\/","og_locale":"tr_TR","og_type":"article","og_title":"Alevlerin y\u00fckseldi\u011fi evde mahsur kalan kediyi itfaiye kurtard\u0131 - Memurun Sesi","og_description":"Alevlerin y\u00fckseldi\u011fi evde mahsur kalan kediyi itfaiye kurtard\u0131","og_url":"https:\/\/memurunsesi.net\/index.php\/2026\/01\/20\/alevlerin-yukseldigi-evde-mahsur-kalan-kediyi-itfaiye-kurtardi\/","og_site_name":"Memurun Sesi","article_publisher":"https:\/\/www.facebook.com\/unipersen\/?locale=tr_TR","article_published_time":"2026-01-20T06:06:39+00:00","article_modified_time":"2026-01-20T06:16:07+00:00","og_image":[{"width":1536,"height":2048,"url":"https:\/\/memurunsesi.net\/wp-content\/uploads\/2026\/01\/ev-yangini-1.jpg","type":"image\/jpeg"}],"author":"Memurun Sesi Haber Merkezi","twitter_card":"summary_large_image","twitter_creator":"@unipersen","twitter_site":"@unipersen","twitter_misc":{"Yazan:":"Memurun Sesi Haber Merkezi","Tahmini okuma s\u00fcresi":"1 dakika"},"schema":{"@context":"https:\/\/schema.org","@graph":[{"@type":"Article","@id":"https:\/\/memurunsesi.net\/index.php\/2026\/01\/20\/alevlerin-yukseldigi-evde-mahsur-kalan-kediyi-itfaiye-kurtardi\/#article","isPartOf":{"@id":"https:\/\/memurunsesi.net\/index.php\/2026\/01\/20\/alevlerin-yukseldigi-evde-mahsur-kalan-kediyi-itfaiye-kurtardi\/"},"author":{"name":"Memurun Sesi Haber Merkezi","@id":"https:\/\/memurunsesi.net\/#\/schema\/person\/f21c2d73b89f6ee1d80b0a1803e38587"},"headline":"Alevlerin y\u00fckseldi\u011fi evde mahsur kalan kediyi itfaiye kurtard\u0131","datePublished":"2026-01-20T06:06:39+00:00","dateModified":"2026-01-20T06:16:07+00:00","mainEntityOfPage":{"@id":"https:\/\/memurunsesi.net\/index.php\/2026\/01\/20\/alevlerin-yukseldigi-evde-mahsur-kalan-kediyi-itfaiye-kurtardi\/"},"wordCount":118,"commentCount":0,"publisher":{"@id":"https:\/\/memurunsesi.net\/#organization"},"image":{"@id":"https:\/\/memurunsesi.net\/index.php\/2026\/01\/20\/alevlerin-yukseldigi-evde-mahsur-kalan-kediyi-itfaiye-kurtardi\/#primaryimage"},"thumbnailUrl":"https:\/\/memurunsesi.net\/wp-content\/uploads\/2026\/01\/ev-yangini-1.jpg","keywords":["ev yang\u0131n\u0131"],"articleSection":["T\u00fcm Haberler"],"inLanguage":"tr","potentialAction":[{"@type":"CommentAction","name":"Comment","target":["https:\/\/memurunsesi.net\/index.php\/2026\/01\/20\/alevlerin-yukseldigi-evde-mahsur-kalan-kediyi-itfaiye-kurtardi\/#respond"]}]},{"@type":"WebPage","@id":"https:\/\/memurunsesi.net\/index.php\/2026\/01\/20\/alevlerin-yukseldigi-evde-mahsur-kalan-kediyi-itfaiye-kurtardi\/","url":"https:\/\/memurunsesi.net\/index.php\/2026\/01\/20\/alevlerin-yukseldigi-evde-mahsur-kalan-kediyi-itfaiye-kurtardi\/","name":"Alevlerin y\u00fckseldi\u011fi evde mahsur kalan kediyi itfaiye kurtard\u0131 - Memurun Sesi","isPartOf":{"@id":"https:\/\/memurunsesi.net\/#website"},"primaryImageOfPage":{"@id":"https:\/\/memurunsesi.net\/index.php\/2026\/01\/20\/alevlerin-yukseldigi-evde-mahsur-kalan-kediyi-itfaiye-kurtardi\/#primaryimage"},"image":{"@id":"https:\/\/memurunsesi.net\/index.php\/2026\/01\/20\/alevlerin-yukseldigi-evde-mahsur-kalan-kediyi-itfaiye-kurtardi\/#primaryimage"},"thumbnailUrl":"https:\/\/memurunsesi.net\/wp-content\/uploads\/2026\/01\/ev-yangini-1.jpg","datePublished":"2026-01-20T06:06:39+00:00","dateModified":"2026-01-20T06:16:07+00:00","description":"Alevlerin y\u00fckseldi\u011fi evde mahsur kalan kediyi itfaiye kurtard\u0131","breadcrumb":{"@id":"https:\/\/memurunsesi.net\/index.php\/2026\/01\/20\/alevlerin-yukseldigi-evde-mahsur-kalan-kediyi-itfaiye-kurtardi\/#breadcrumb"},"inLanguage":"tr","potentialAction":[{"@type":"ReadAction","target":["https:\/\/memurunsesi.net\/index.php\/2026\/01\/20\/alevlerin-yukseldigi-evde-mahsur-kalan-kediyi-itfaiye-kurtardi\/"]}]},{"@type":"ImageObject","inLanguage":"tr","@id":"https:\/\/memurunsesi.net\/index.php\/2026\/01\/20\/alevlerin-yukseldigi-evde-mahsur-kalan-kediyi-itfaiye-kurtardi\/#primaryimage","url":"https:\/\/memurunsesi.net\/wp-content\/uploads\/2026\/01\/ev-yangini-1.jpg","contentUrl":"https:\/\/memurunsesi.net\/wp-content\/uploads\/2026\/01\/ev-yangini-1.jpg","width":1536,"height":2048,"caption":"HATAY'DA ALEVLERE TESL\u0130M OLAN M\u00dcSTAK\u0130L EV \u0130\u00c7ER\u0130S\u0130NDE KALAN KED\u0130Y\u0130 \u0130TFA\u0130YE EK\u0130PLER\u0130 KURTARDI. (AHMET ARSLAN\/HATAY-\u0130HA) Hatay'da alevlere teslim olan m\u00fcstakil ev i\u00e7erisinde kalan kediyi itfaiye ekipleri kurtard\u0131."},{"@type":"BreadcrumbList","@id":"https:\/\/memurunsesi.net\/index.php\/2026\/01\/20\/alevlerin-yukseldigi-evde-mahsur-kalan-kediyi-itfaiye-kurtardi\/#breadcrumb","itemListElement":[{"@type":"ListItem","position":1,"name":"Anasayfa","item":"https:\/\/memurunsesi.net\/"},{"@type":"ListItem","position":2,"name":"Alevlerin y\u00fckseldi\u011fi evde mahsur kalan kediyi itfaiye kurtard\u0131"}]},{"@type":"WebSite","@id":"https:\/\/memurunsesi.net\/#website","url":"https:\/\/memurunsesi.net\/","name":"Memurun Sesi","description":"G\u00fcncel ve Do\u011fru Haber","publisher":{"@id":"https:\/\/memurunsesi.net\/#organization"},"potentialAction":[{"@type":"SearchAction","target":{"@type":"EntryPoint","urlTemplate":"https:\/\/memurunsesi.net\/?s={search_term_string}"},"query-input":{"@type":"PropertyValueSpecification","valueRequired":true,"valueName":"search_term_string"}}],"inLanguage":"tr"},{"@type":"Organization","@id":"https:\/\/memurunsesi.net\/#organization","name":"Memurun Sesi","url":"https:\/\/memurunsesi.net\/","logo":{"@type":"ImageObject","inLanguage":"tr","@id":"https:\/\/memurunsesi.net\/#\/schema\/logo\/image\/","url":"https:\/\/memurunsesi.net\/wp-content\/uploads\/2025\/11\/cropped-MEMURUN-SESI.png","contentUrl":"https:\/\/memurunsesi.net\/wp-content\/uploads\/2025\/11\/cropped-MEMURUN-SESI.png","width":238,"height":57,"caption":"Memurun Sesi"},"image":{"@id":"https:\/\/memurunsesi.net\/#\/schema\/logo\/image\/"},"sameAs":["https:\/\/www.facebook.com\/unipersen\/?locale=tr_TR","https:\/\/x.com\/unipersen"]},{"@type":"Person","@id":"https:\/\/memurunsesi.net\/#\/schema\/person\/f21c2d73b89f6ee1d80b0a1803e38587","name":"Memurun Sesi Haber Merkezi","image":{"@type":"ImageObject","inLanguage":"tr","@id":"https:\/\/secure.gravatar.com\/avatar\/6cf0505f452ee753f485014986fab09a434671d2b919ee76fc541025c5876a70?s=96&d=mm&r=g","url":"https:\/\/secure.gravatar.com\/avatar\/6cf0505f452ee753f485014986fab09a434671d2b919ee76fc541025c5876a70?s=96&d=mm&r=g","contentUrl":"https:\/\/secure.gravatar.com\/avatar\/6cf0505f452ee753f485014986fab09a434671d2b919ee76fc541025c5876a70?s=96&d=mm&r=g","caption":"Memurun Sesi Haber Merkezi"},"sameAs":["https:\/\/memurunsesi.net"],"url":"https:\/\/memurunsesi.net\/index.php\/author\/uniper\/"}]}},"_links":{"self":[{"href":"https:\/\/memurunsesi.net\/index.php\/wp-json\/wp\/v2\/posts\/16566","targetHints":{"allow":["GET"]}}],"collection":[{"href":"https:\/\/memurunsesi.net\/index.php\/wp-json\/wp\/v2\/posts"}],"about":[{"href":"https:\/\/memurunsesi.net\/index.php\/wp-json\/wp\/v2\/types\/post"}],"author":[{"embeddable":true,"href":"https:\/\/memurunsesi.net\/index.php\/wp-json\/wp\/v2\/users\/1"}],"replies":[{"embeddable":true,"href":"https:\/\/memurunsesi.net\/index.php\/wp-json\/wp\/v2\/comments?post=16566"}],"version-history":[{"count":1,"href":"https:\/\/memurunsesi.net\/index.php\/wp-json\/wp\/v2\/posts\/16566\/revisions"}],"predecessor-version":[{"id":16567,"href":"https:\/\/memurunsesi.net\/index.php\/wp-json\/wp\/v2\/posts\/16566\/revisions\/16567"}],"wp:featuredmedia":[{"embeddable":true,"href":"https:\/\/memurunsesi.net\/index.php\/wp-json\/wp\/v2\/media\/16571"}],"wp:attachment":[{"href":"https:\/\/memurunsesi.net\/index.php\/wp-json\/wp\/v2\/media?parent=16566"}],"wp:term":[{"taxonomy":"category","embeddable":true,"href":"https:\/\/memurunsesi.net\/index.php\/wp-json\/wp\/v2\/categories?post=16566"},{"taxonomy":"post_tag","embeddable":true,"href":"https:\/\/memurunsesi.net\/index.php\/wp-json\/wp\/v2\/tags?post=16566"}],"curies":[{"name":"wp","href":"https:\/\/api.w.org\/{rel}","templated":true}]}}