{"id":16568,"date":"2026-01-20T09:15:13","date_gmt":"2026-01-20T06:15:13","guid":{"rendered":"https:\/\/memurunsesi.net\/?p=16568"},"modified":"2026-01-20T09:15:13","modified_gmt":"2026-01-20T06:15:13","slug":"canakkalede-milyonluk-vurgunda-kuyumcu-tutuklandi","status":"publish","type":"post","link":"https:\/\/memurunsesi.net\/index.php\/2026\/01\/20\/canakkalede-milyonluk-vurgunda-kuyumcu-tutuklandi\/","title":{"rendered":"\u00c7anakkale&#8217;de milyonluk vurgunda kuyumcu tutukland\u0131"},"content":{"rendered":"<p>\u00c7anakkale&#8217;de m\u00fc\u015fterilerinden ald\u0131\u011f\u0131 alt\u0131n-paralar\u0131 geri \u00f6deyemeyen kuyumcu tutukland\u0131.<br \/>\nOlay, 31 Aral\u0131k 2025 g\u00fcn\u00fc \u00c7anakkale Merkez \u00c7ar\u015f\u0131 Caddesi&#8217;nde faaliyet y\u00fcr\u00fcten Turan Kuyumculuk&#8217;ta meydana geldi. Turan Kuyumculuk sahibi Hasan Turan (56) ve o\u011flu M.T. (30), m\u00fc\u015fterilerinden kar ya da oldu\u011fu haliyle daha sonra vermek \u00fczere alt\u0131n-para ald\u0131. 31 Aral\u0131k g\u00fcn\u00fc kendisine emanet edilen alt\u0131n veya paray\u0131 talep eden bir m\u00fc\u015fterisine geri \u00f6deyememesi \u00fczerine ortal\u0131k kar\u0131\u015ft\u0131. Ma\u011fdur olan m\u00fc\u015fteri, kuyumcuya polis \u00e7a\u011f\u0131rarak durumu anlatt\u0131. Polisler Hasan Turan ve o\u011flu M.T.&#8217;yi &#8216;nitelikli doland\u0131r\u0131c\u0131l\u0131k&#8217; su\u00e7undan g\u00f6zalt\u0131na ald\u0131. Baba ve o\u011ful \u00e7\u0131kar\u0131ld\u0131\u011f\u0131 mahkemece serbest b\u0131rak\u0131ld\u0131. \u0130ddiaya g\u00f6re, kuyumcu ve o\u011fluna ula\u015famayan ma\u011fdurlar 13 Ocak tarihinde savc\u0131l\u0131\u011fa giderek kuyumcudan \u015fikayet\u00e7i olmu\u015ftu.<br \/>\nOlayla ilgili devam eden soru\u015fturma kapsam\u0131nda \u0130l Emniyet M\u00fcd\u00fcrl\u00fc\u011f\u00fcnde ifadesi al\u0131nan Hasan Turan ve o\u011flu M.T. i\u015flemlerinin ard\u0131ndan adliyeye sevk edildi. Savc\u0131l\u0131ktaki ifadelerinin ard\u0131ndan Turan Kuyumculuk sahibi Hasan Turan \u00e7\u0131kar\u0131ld\u0131\u011f\u0131 mahkemece tutuklan\u0131rken, o\u011flu M.T. adli kontrol \u015fart\u0131yla serbest b\u0131rak\u0131ld\u0131.<\/p>\n<p>20.01.2026<\/p>\n","protected":false},"excerpt":{"rendered":"<p>\u00c7anakkale&#8217;de m\u00fc\u015fterilerinden ald\u0131\u011f\u0131 alt\u0131n-paralar\u0131 geri \u00f6deyemeyen kuyumcu tutukland\u0131. Olay, 31 Aral\u0131k 2025 g\u00fcn\u00fc \u00c7anakkale Merkez \u00c7ar\u015f\u0131 Caddesi&#8217;nde faaliyet y\u00fcr\u00fcten Turan Kuyumculuk&#8217;ta meydana geldi. Turan Kuyumculuk sahibi Hasan Turan (56) ve o\u011flu M.T. (30), m\u00fc\u015fterilerinden kar ya da oldu\u011fu haliyle daha sonra vermek \u00fczere alt\u0131n-para ald\u0131. 31 Aral\u0131k g\u00fcn\u00fc kendisine emanet edilen alt\u0131n veya paray\u0131 talep [&hellip;]<\/p>\n","protected":false},"author":1,"featured_media":16569,"comment_status":"open","ping_status":"open","sticky":false,"template":"","format":"standard","meta":{"footnotes":""},"categories":[45],"tags":[899],"class_list":["post-16568","post","type-post","status-publish","format-standard","has-post-thumbnail","hentry","category-gundem","tag-milyonluk-vurgun"],"yoast_head":"<!-- This site is optimized with the Yoast SEO plugin v27.4 - https:\/\/yoast.com\/product\/yoast-seo-wordpress\/ -->\n<title>\u00c7anakkale&#039;de milyonluk vurgunda kuyumcu tutukland\u0131 - Memurun Sesi<\/title>\n<meta name=\"description\" content=\"\u00c7anakkale&#039;de milyonluk vurgunda kuyumcu tutukland\u0131\" \/>\n<meta name=\"robots\" content=\"index, follow, max-snippet:-1, max-image-preview:large, max-video-preview:-1\" \/>\n<link rel=\"canonical\" href=\"https:\/\/memurunsesi.net\/index.php\/2026\/01\/20\/canakkalede-milyonluk-vurgunda-kuyumcu-tutuklandi\/\" \/>\n<meta property=\"og:locale\" content=\"tr_TR\" \/>\n<meta property=\"og:type\" content=\"article\" \/>\n<meta property=\"og:title\" content=\"\u00c7anakkale&#039;de milyonluk vurgunda kuyumcu tutukland\u0131 - Memurun Sesi\" \/>\n<meta property=\"og:description\" content=\"\u00c7anakkale&#039;de milyonluk vurgunda kuyumcu tutukland\u0131\" \/>\n<meta property=\"og:url\" content=\"https:\/\/memurunsesi.net\/index.php\/2026\/01\/20\/canakkalede-milyonluk-vurgunda-kuyumcu-tutuklandi\/\" \/>\n<meta property=\"og:site_name\" content=\"Memurun Sesi\" \/>\n<meta property=\"article:publisher\" content=\"https:\/\/www.facebook.com\/unipersen\/?locale=tr_TR\" \/>\n<meta property=\"article:published_time\" content=\"2026-01-20T06:15:13+00:00\" \/>\n<meta property=\"og:image\" content=\"https:\/\/memurunsesi.net\/wp-content\/uploads\/2026\/01\/milyonluk-vurgun-scaled.jpg\" \/>\n\t<meta property=\"og:image:width\" content=\"2560\" \/>\n\t<meta property=\"og:image:height\" content=\"1440\" \/>\n\t<meta property=\"og:image:type\" content=\"image\/jpeg\" \/>\n<meta name=\"author\" content=\"Memurun Sesi Haber Merkezi\" \/>\n<meta name=\"twitter:card\" content=\"summary_large_image\" \/>\n<meta name=\"twitter:creator\" content=\"@unipersen\" \/>\n<meta name=\"twitter:site\" content=\"@unipersen\" \/>\n<meta name=\"twitter:label1\" content=\"Yazan:\" \/>\n\t<meta name=\"twitter:data1\" content=\"Memurun Sesi Haber Merkezi\" \/>\n\t<meta name=\"twitter:label2\" content=\"Tahmini okuma s\u00fcresi\" \/>\n\t<meta name=\"twitter:data2\" content=\"2 dakika\" \/>\n<script type=\"application\/ld+json\" class=\"yoast-schema-graph\">{\"@context\":\"https:\\\/\\\/schema.org\",\"@graph\":[{\"@type\":\"Article\",\"@id\":\"https:\\\/\\\/memurunsesi.net\\\/index.php\\\/2026\\\/01\\\/20\\\/canakkalede-milyonluk-vurgunda-kuyumcu-tutuklandi\\\/#article\",\"isPartOf\":{\"@id\":\"https:\\\/\\\/memurunsesi.net\\\/index.php\\\/2026\\\/01\\\/20\\\/canakkalede-milyonluk-vurgunda-kuyumcu-tutuklandi\\\/\"},\"author\":{\"name\":\"Memurun Sesi Haber Merkezi\",\"@id\":\"https:\\\/\\\/memurunsesi.net\\\/#\\\/schema\\\/person\\\/f21c2d73b89f6ee1d80b0a1803e38587\"},\"headline\":\"\u00c7anakkale&#8217;de milyonluk vurgunda kuyumcu tutukland\u0131\",\"datePublished\":\"2026-01-20T06:15:13+00:00\",\"mainEntityOfPage\":{\"@id\":\"https:\\\/\\\/memurunsesi.net\\\/index.php\\\/2026\\\/01\\\/20\\\/canakkalede-milyonluk-vurgunda-kuyumcu-tutuklandi\\\/\"},\"wordCount\":208,\"commentCount\":0,\"publisher\":{\"@id\":\"https:\\\/\\\/memurunsesi.net\\\/#organization\"},\"image\":{\"@id\":\"https:\\\/\\\/memurunsesi.net\\\/index.php\\\/2026\\\/01\\\/20\\\/canakkalede-milyonluk-vurgunda-kuyumcu-tutuklandi\\\/#primaryimage\"},\"thumbnailUrl\":\"https:\\\/\\\/memurunsesi.net\\\/wp-content\\\/uploads\\\/2026\\\/01\\\/milyonluk-vurgun-scaled.jpg\",\"keywords\":[\"milyonluk vurgun\"],\"articleSection\":[\"G\u00fcndem\"],\"inLanguage\":\"tr\",\"potentialAction\":[{\"@type\":\"CommentAction\",\"name\":\"Comment\",\"target\":[\"https:\\\/\\\/memurunsesi.net\\\/index.php\\\/2026\\\/01\\\/20\\\/canakkalede-milyonluk-vurgunda-kuyumcu-tutuklandi\\\/#respond\"]}]},{\"@type\":\"WebPage\",\"@id\":\"https:\\\/\\\/memurunsesi.net\\\/index.php\\\/2026\\\/01\\\/20\\\/canakkalede-milyonluk-vurgunda-kuyumcu-tutuklandi\\\/\",\"url\":\"https:\\\/\\\/memurunsesi.net\\\/index.php\\\/2026\\\/01\\\/20\\\/canakkalede-milyonluk-vurgunda-kuyumcu-tutuklandi\\\/\",\"name\":\"\u00c7anakkale'de milyonluk vurgunda kuyumcu tutukland\u0131 - Memurun Sesi\",\"isPartOf\":{\"@id\":\"https:\\\/\\\/memurunsesi.net\\\/#website\"},\"primaryImageOfPage\":{\"@id\":\"https:\\\/\\\/memurunsesi.net\\\/index.php\\\/2026\\\/01\\\/20\\\/canakkalede-milyonluk-vurgunda-kuyumcu-tutuklandi\\\/#primaryimage\"},\"image\":{\"@id\":\"https:\\\/\\\/memurunsesi.net\\\/index.php\\\/2026\\\/01\\\/20\\\/canakkalede-milyonluk-vurgunda-kuyumcu-tutuklandi\\\/#primaryimage\"},\"thumbnailUrl\":\"https:\\\/\\\/memurunsesi.net\\\/wp-content\\\/uploads\\\/2026\\\/01\\\/milyonluk-vurgun-scaled.jpg\",\"datePublished\":\"2026-01-20T06:15:13+00:00\",\"description\":\"\u00c7anakkale'de milyonluk vurgunda kuyumcu tutukland\u0131\",\"breadcrumb\":{\"@id\":\"https:\\\/\\\/memurunsesi.net\\\/index.php\\\/2026\\\/01\\\/20\\\/canakkalede-milyonluk-vurgunda-kuyumcu-tutuklandi\\\/#breadcrumb\"},\"inLanguage\":\"tr\",\"potentialAction\":[{\"@type\":\"ReadAction\",\"target\":[\"https:\\\/\\\/memurunsesi.net\\\/index.php\\\/2026\\\/01\\\/20\\\/canakkalede-milyonluk-vurgunda-kuyumcu-tutuklandi\\\/\"]}]},{\"@type\":\"ImageObject\",\"inLanguage\":\"tr\",\"@id\":\"https:\\\/\\\/memurunsesi.net\\\/index.php\\\/2026\\\/01\\\/20\\\/canakkalede-milyonluk-vurgunda-kuyumcu-tutuklandi\\\/#primaryimage\",\"url\":\"https:\\\/\\\/memurunsesi.net\\\/wp-content\\\/uploads\\\/2026\\\/01\\\/milyonluk-vurgun-scaled.jpg\",\"contentUrl\":\"https:\\\/\\\/memurunsesi.net\\\/wp-content\\\/uploads\\\/2026\\\/01\\\/milyonluk-vurgun-scaled.jpg\",\"width\":2560,\"height\":1440,\"caption\":\"\u00c7ANAKKALE'DE M\u00dc\u015eTER\u0130LER\u0130NDEN ALDI\u011eI ALTIN-PARALARI GER\u0130 \u00d6DEYEMEYEN KUYUMCU TUTUKLANDI. (AR\u015e\u0130V FOTO) (MUSTAFA SU\u0130\u00c7MEZ\\\/\u00c7ANAKKALE-\u0130HA) \u00c7anakkale'de m\u00fc\u015fterilerinden ald\u0131\u011f\u0131 alt\u0131n-paralar\u0131 geri \u00f6deyemeyen kuyumcu tutukland\u0131.\"},{\"@type\":\"BreadcrumbList\",\"@id\":\"https:\\\/\\\/memurunsesi.net\\\/index.php\\\/2026\\\/01\\\/20\\\/canakkalede-milyonluk-vurgunda-kuyumcu-tutuklandi\\\/#breadcrumb\",\"itemListElement\":[{\"@type\":\"ListItem\",\"position\":1,\"name\":\"Anasayfa\",\"item\":\"https:\\\/\\\/memurunsesi.net\\\/\"},{\"@type\":\"ListItem\",\"position\":2,\"name\":\"\u00c7anakkale&#8217;de milyonluk vurgunda kuyumcu tutukland\u0131\"}]},{\"@type\":\"WebSite\",\"@id\":\"https:\\\/\\\/memurunsesi.net\\\/#website\",\"url\":\"https:\\\/\\\/memurunsesi.net\\\/\",\"name\":\"Memurun Sesi\",\"description\":\"G\u00fcncel ve Do\u011fru Haber\",\"publisher\":{\"@id\":\"https:\\\/\\\/memurunsesi.net\\\/#organization\"},\"potentialAction\":[{\"@type\":\"SearchAction\",\"target\":{\"@type\":\"EntryPoint\",\"urlTemplate\":\"https:\\\/\\\/memurunsesi.net\\\/?s={search_term_string}\"},\"query-input\":{\"@type\":\"PropertyValueSpecification\",\"valueRequired\":true,\"valueName\":\"search_term_string\"}}],\"inLanguage\":\"tr\"},{\"@type\":\"Organization\",\"@id\":\"https:\\\/\\\/memurunsesi.net\\\/#organization\",\"name\":\"Memurun Sesi\",\"url\":\"https:\\\/\\\/memurunsesi.net\\\/\",\"logo\":{\"@type\":\"ImageObject\",\"inLanguage\":\"tr\",\"@id\":\"https:\\\/\\\/memurunsesi.net\\\/#\\\/schema\\\/logo\\\/image\\\/\",\"url\":\"https:\\\/\\\/memurunsesi.net\\\/wp-content\\\/uploads\\\/2025\\\/11\\\/cropped-MEMURUN-SESI.png\",\"contentUrl\":\"https:\\\/\\\/memurunsesi.net\\\/wp-content\\\/uploads\\\/2025\\\/11\\\/cropped-MEMURUN-SESI.png\",\"width\":238,\"height\":57,\"caption\":\"Memurun Sesi\"},\"image\":{\"@id\":\"https:\\\/\\\/memurunsesi.net\\\/#\\\/schema\\\/logo\\\/image\\\/\"},\"sameAs\":[\"https:\\\/\\\/www.facebook.com\\\/unipersen\\\/?locale=tr_TR\",\"https:\\\/\\\/x.com\\\/unipersen\"]},{\"@type\":\"Person\",\"@id\":\"https:\\\/\\\/memurunsesi.net\\\/#\\\/schema\\\/person\\\/f21c2d73b89f6ee1d80b0a1803e38587\",\"name\":\"Memurun Sesi Haber Merkezi\",\"image\":{\"@type\":\"ImageObject\",\"inLanguage\":\"tr\",\"@id\":\"https:\\\/\\\/secure.gravatar.com\\\/avatar\\\/6cf0505f452ee753f485014986fab09a434671d2b919ee76fc541025c5876a70?s=96&d=mm&r=g\",\"url\":\"https:\\\/\\\/secure.gravatar.com\\\/avatar\\\/6cf0505f452ee753f485014986fab09a434671d2b919ee76fc541025c5876a70?s=96&d=mm&r=g\",\"contentUrl\":\"https:\\\/\\\/secure.gravatar.com\\\/avatar\\\/6cf0505f452ee753f485014986fab09a434671d2b919ee76fc541025c5876a70?s=96&d=mm&r=g\",\"caption\":\"Memurun Sesi Haber Merkezi\"},\"sameAs\":[\"https:\\\/\\\/memurunsesi.net\"],\"url\":\"https:\\\/\\\/memurunsesi.net\\\/index.php\\\/author\\\/uniper\\\/\"}]}<\/script>\n<!-- \/ Yoast SEO plugin. -->","yoast_head_json":{"title":"\u00c7anakkale'de milyonluk vurgunda kuyumcu tutukland\u0131 - Memurun Sesi","description":"\u00c7anakkale'de milyonluk vurgunda kuyumcu tutukland\u0131","robots":{"index":"index","follow":"follow","max-snippet":"max-snippet:-1","max-image-preview":"max-image-preview:large","max-video-preview":"max-video-preview:-1"},"canonical":"https:\/\/memurunsesi.net\/index.php\/2026\/01\/20\/canakkalede-milyonluk-vurgunda-kuyumcu-tutuklandi\/","og_locale":"tr_TR","og_type":"article","og_title":"\u00c7anakkale'de milyonluk vurgunda kuyumcu tutukland\u0131 - Memurun Sesi","og_description":"\u00c7anakkale'de milyonluk vurgunda kuyumcu tutukland\u0131","og_url":"https:\/\/memurunsesi.net\/index.php\/2026\/01\/20\/canakkalede-milyonluk-vurgunda-kuyumcu-tutuklandi\/","og_site_name":"Memurun Sesi","article_publisher":"https:\/\/www.facebook.com\/unipersen\/?locale=tr_TR","article_published_time":"2026-01-20T06:15:13+00:00","og_image":[{"width":2560,"height":1440,"url":"https:\/\/memurunsesi.net\/wp-content\/uploads\/2026\/01\/milyonluk-vurgun-scaled.jpg","type":"image\/jpeg"}],"author":"Memurun Sesi Haber Merkezi","twitter_card":"summary_large_image","twitter_creator":"@unipersen","twitter_site":"@unipersen","twitter_misc":{"Yazan:":"Memurun Sesi Haber Merkezi","Tahmini okuma s\u00fcresi":"2 dakika"},"schema":{"@context":"https:\/\/schema.org","@graph":[{"@type":"Article","@id":"https:\/\/memurunsesi.net\/index.php\/2026\/01\/20\/canakkalede-milyonluk-vurgunda-kuyumcu-tutuklandi\/#article","isPartOf":{"@id":"https:\/\/memurunsesi.net\/index.php\/2026\/01\/20\/canakkalede-milyonluk-vurgunda-kuyumcu-tutuklandi\/"},"author":{"name":"Memurun Sesi Haber Merkezi","@id":"https:\/\/memurunsesi.net\/#\/schema\/person\/f21c2d73b89f6ee1d80b0a1803e38587"},"headline":"\u00c7anakkale&#8217;de milyonluk vurgunda kuyumcu tutukland\u0131","datePublished":"2026-01-20T06:15:13+00:00","mainEntityOfPage":{"@id":"https:\/\/memurunsesi.net\/index.php\/2026\/01\/20\/canakkalede-milyonluk-vurgunda-kuyumcu-tutuklandi\/"},"wordCount":208,"commentCount":0,"publisher":{"@id":"https:\/\/memurunsesi.net\/#organization"},"image":{"@id":"https:\/\/memurunsesi.net\/index.php\/2026\/01\/20\/canakkalede-milyonluk-vurgunda-kuyumcu-tutuklandi\/#primaryimage"},"thumbnailUrl":"https:\/\/memurunsesi.net\/wp-content\/uploads\/2026\/01\/milyonluk-vurgun-scaled.jpg","keywords":["milyonluk vurgun"],"articleSection":["G\u00fcndem"],"inLanguage":"tr","potentialAction":[{"@type":"CommentAction","name":"Comment","target":["https:\/\/memurunsesi.net\/index.php\/2026\/01\/20\/canakkalede-milyonluk-vurgunda-kuyumcu-tutuklandi\/#respond"]}]},{"@type":"WebPage","@id":"https:\/\/memurunsesi.net\/index.php\/2026\/01\/20\/canakkalede-milyonluk-vurgunda-kuyumcu-tutuklandi\/","url":"https:\/\/memurunsesi.net\/index.php\/2026\/01\/20\/canakkalede-milyonluk-vurgunda-kuyumcu-tutuklandi\/","name":"\u00c7anakkale'de milyonluk vurgunda kuyumcu tutukland\u0131 - Memurun Sesi","isPartOf":{"@id":"https:\/\/memurunsesi.net\/#website"},"primaryImageOfPage":{"@id":"https:\/\/memurunsesi.net\/index.php\/2026\/01\/20\/canakkalede-milyonluk-vurgunda-kuyumcu-tutuklandi\/#primaryimage"},"image":{"@id":"https:\/\/memurunsesi.net\/index.php\/2026\/01\/20\/canakkalede-milyonluk-vurgunda-kuyumcu-tutuklandi\/#primaryimage"},"thumbnailUrl":"https:\/\/memurunsesi.net\/wp-content\/uploads\/2026\/01\/milyonluk-vurgun-scaled.jpg","datePublished":"2026-01-20T06:15:13+00:00","description":"\u00c7anakkale'de milyonluk vurgunda kuyumcu tutukland\u0131","breadcrumb":{"@id":"https:\/\/memurunsesi.net\/index.php\/2026\/01\/20\/canakkalede-milyonluk-vurgunda-kuyumcu-tutuklandi\/#breadcrumb"},"inLanguage":"tr","potentialAction":[{"@type":"ReadAction","target":["https:\/\/memurunsesi.net\/index.php\/2026\/01\/20\/canakkalede-milyonluk-vurgunda-kuyumcu-tutuklandi\/"]}]},{"@type":"ImageObject","inLanguage":"tr","@id":"https:\/\/memurunsesi.net\/index.php\/2026\/01\/20\/canakkalede-milyonluk-vurgunda-kuyumcu-tutuklandi\/#primaryimage","url":"https:\/\/memurunsesi.net\/wp-content\/uploads\/2026\/01\/milyonluk-vurgun-scaled.jpg","contentUrl":"https:\/\/memurunsesi.net\/wp-content\/uploads\/2026\/01\/milyonluk-vurgun-scaled.jpg","width":2560,"height":1440,"caption":"\u00c7ANAKKALE'DE M\u00dc\u015eTER\u0130LER\u0130NDEN ALDI\u011eI ALTIN-PARALARI GER\u0130 \u00d6DEYEMEYEN KUYUMCU TUTUKLANDI. (AR\u015e\u0130V FOTO) (MUSTAFA SU\u0130\u00c7MEZ\/\u00c7ANAKKALE-\u0130HA) \u00c7anakkale'de m\u00fc\u015fterilerinden ald\u0131\u011f\u0131 alt\u0131n-paralar\u0131 geri \u00f6deyemeyen kuyumcu tutukland\u0131."},{"@type":"BreadcrumbList","@id":"https:\/\/memurunsesi.net\/index.php\/2026\/01\/20\/canakkalede-milyonluk-vurgunda-kuyumcu-tutuklandi\/#breadcrumb","itemListElement":[{"@type":"ListItem","position":1,"name":"Anasayfa","item":"https:\/\/memurunsesi.net\/"},{"@type":"ListItem","position":2,"name":"\u00c7anakkale&#8217;de milyonluk vurgunda kuyumcu tutukland\u0131"}]},{"@type":"WebSite","@id":"https:\/\/memurunsesi.net\/#website","url":"https:\/\/memurunsesi.net\/","name":"Memurun Sesi","description":"G\u00fcncel ve Do\u011fru Haber","publisher":{"@id":"https:\/\/memurunsesi.net\/#organization"},"potentialAction":[{"@type":"SearchAction","target":{"@type":"EntryPoint","urlTemplate":"https:\/\/memurunsesi.net\/?s={search_term_string}"},"query-input":{"@type":"PropertyValueSpecification","valueRequired":true,"valueName":"search_term_string"}}],"inLanguage":"tr"},{"@type":"Organization","@id":"https:\/\/memurunsesi.net\/#organization","name":"Memurun Sesi","url":"https:\/\/memurunsesi.net\/","logo":{"@type":"ImageObject","inLanguage":"tr","@id":"https:\/\/memurunsesi.net\/#\/schema\/logo\/image\/","url":"https:\/\/memurunsesi.net\/wp-content\/uploads\/2025\/11\/cropped-MEMURUN-SESI.png","contentUrl":"https:\/\/memurunsesi.net\/wp-content\/uploads\/2025\/11\/cropped-MEMURUN-SESI.png","width":238,"height":57,"caption":"Memurun Sesi"},"image":{"@id":"https:\/\/memurunsesi.net\/#\/schema\/logo\/image\/"},"sameAs":["https:\/\/www.facebook.com\/unipersen\/?locale=tr_TR","https:\/\/x.com\/unipersen"]},{"@type":"Person","@id":"https:\/\/memurunsesi.net\/#\/schema\/person\/f21c2d73b89f6ee1d80b0a1803e38587","name":"Memurun Sesi Haber Merkezi","image":{"@type":"ImageObject","inLanguage":"tr","@id":"https:\/\/secure.gravatar.com\/avatar\/6cf0505f452ee753f485014986fab09a434671d2b919ee76fc541025c5876a70?s=96&d=mm&r=g","url":"https:\/\/secure.gravatar.com\/avatar\/6cf0505f452ee753f485014986fab09a434671d2b919ee76fc541025c5876a70?s=96&d=mm&r=g","contentUrl":"https:\/\/secure.gravatar.com\/avatar\/6cf0505f452ee753f485014986fab09a434671d2b919ee76fc541025c5876a70?s=96&d=mm&r=g","caption":"Memurun Sesi Haber Merkezi"},"sameAs":["https:\/\/memurunsesi.net"],"url":"https:\/\/memurunsesi.net\/index.php\/author\/uniper\/"}]}},"_links":{"self":[{"href":"https:\/\/memurunsesi.net\/index.php\/wp-json\/wp\/v2\/posts\/16568","targetHints":{"allow":["GET"]}}],"collection":[{"href":"https:\/\/memurunsesi.net\/index.php\/wp-json\/wp\/v2\/posts"}],"about":[{"href":"https:\/\/memurunsesi.net\/index.php\/wp-json\/wp\/v2\/types\/post"}],"author":[{"embeddable":true,"href":"https:\/\/memurunsesi.net\/index.php\/wp-json\/wp\/v2\/users\/1"}],"replies":[{"embeddable":true,"href":"https:\/\/memurunsesi.net\/index.php\/wp-json\/wp\/v2\/comments?post=16568"}],"version-history":[{"count":1,"href":"https:\/\/memurunsesi.net\/index.php\/wp-json\/wp\/v2\/posts\/16568\/revisions"}],"predecessor-version":[{"id":16570,"href":"https:\/\/memurunsesi.net\/index.php\/wp-json\/wp\/v2\/posts\/16568\/revisions\/16570"}],"wp:featuredmedia":[{"embeddable":true,"href":"https:\/\/memurunsesi.net\/index.php\/wp-json\/wp\/v2\/media\/16569"}],"wp:attachment":[{"href":"https:\/\/memurunsesi.net\/index.php\/wp-json\/wp\/v2\/media?parent=16568"}],"wp:term":[{"taxonomy":"category","embeddable":true,"href":"https:\/\/memurunsesi.net\/index.php\/wp-json\/wp\/v2\/categories?post=16568"},{"taxonomy":"post_tag","embeddable":true,"href":"https:\/\/memurunsesi.net\/index.php\/wp-json\/wp\/v2\/tags?post=16568"}],"curies":[{"name":"wp","href":"https:\/\/api.w.org\/{rel}","templated":true}]}}