{"id":16596,"date":"2026-01-20T12:57:48","date_gmt":"2026-01-20T09:57:48","guid":{"rendered":"https:\/\/memurunsesi.net\/?p=16596"},"modified":"2026-01-20T12:57:48","modified_gmt":"2026-01-20T09:57:48","slug":"calisan-ailelere-yeni-destek-paketi-dogum-izni-24-haftaya-cikiyor","status":"publish","type":"post","link":"https:\/\/memurunsesi.net\/index.php\/2026\/01\/20\/calisan-ailelere-yeni-destek-paketi-dogum-izni-24-haftaya-cikiyor\/","title":{"rendered":"\u00c7al\u0131\u015fan Ailelere Yeni Destek Paketi: Do\u011fum \u0130zni 24 Haftaya \u00c7\u0131k\u0131yor"},"content":{"rendered":"<p data-start=\"252\" data-end=\"589\"><strong data-start=\"252\" data-end=\"290\">\u00a0 \u00a0 \u00a0Aile ve Sosyal Hizmetler Bakanl\u0131\u011f\u0131<\/strong>, \u00e7al\u0131\u015fma hayat\u0131nda aile dengesini g\u00fc\u00e7lendirecek \u00f6nemli bir d\u00fczenleme i\u00e7in sona yakla\u015ft\u0131. Haz\u0131rlanan yeni torba yasa tasla\u011f\u0131yla birlikte, t\u00fcm \u00e7al\u0131\u015fan kad\u0131nlar i\u00e7in \u00fccretli anal\u0131k izni s\u00fcresinin 16 haftadan 24 haftaya \u00e7\u0131kar\u0131lmas\u0131 hedefleniyor. D\u00fczenleme, memur ve i\u015f\u00e7i ayr\u0131m\u0131n\u0131 da ortadan kald\u0131r\u0131yor.<\/p>\n<p data-start=\"591\" data-end=\"742\">Bakanl\u0131k kaynaklar\u0131ndan edinilen bilgilere g\u00f6re, hem n\u00fcfus art\u0131\u015f h\u0131z\u0131ndaki d\u00fc\u015f\u00fc\u015f\u00fcn \u00f6n\u00fcne ge\u00e7ilmesi hem de kad\u0131n istihdam\u0131n\u0131n desteklenmesi ama\u00e7lan\u0131yor.<\/p>\n<h2 data-start=\"749\" data-end=\"795\">Yeni Do\u011fum \u0130zni Ne Zaman Y\u00fcr\u00fcrl\u00fc\u011fe Girecek?<\/h2>\n<p data-start=\"797\" data-end=\"1022\">Taslak \u00e7al\u0131\u015fmaya son \u015fekli verilirken, d\u00fczenlemenin k\u0131sa s\u00fcre i\u00e7erisinde <strong data-start=\"870\" data-end=\"902\">TBMM Ba\u015fkanl\u0131\u011f\u0131\u2019na sunulmas\u0131<\/strong> bekleniyor. Meclis takvimine al\u0131nmas\u0131n\u0131n ard\u0131ndan, yasan\u0131n <strong data-start=\"962\" data-end=\"1009\">\u00f6n\u00fcm\u00fczdeki y\u0131l itibar\u0131yla y\u00fcr\u00fcrl\u00fc\u011fe girmesi<\/strong> \u00f6ng\u00f6r\u00fcl\u00fcyor.<\/p>\n<h2 data-start=\"1029\" data-end=\"1061\">D\u00fczenleme Kimleri Kapsayacak?<\/h2>\n<p data-start=\"1063\" data-end=\"1150\">Yeni sistem, \u00e7al\u0131\u015fma stat\u00fcs\u00fcne bak\u0131lmaks\u0131z\u0131n t\u00fcm kad\u0131n \u00e7al\u0131\u015fanlar\u0131 kaps\u0131yor. Buna g\u00f6re;<\/p>\n<ul data-start=\"1152\" data-end=\"1274\">\n<li data-start=\"1152\" data-end=\"1164\">\n<p data-start=\"1154\" data-end=\"1164\">Memurlar<\/p>\n<\/li>\n<li data-start=\"1165\" data-end=\"1189\">\n<p data-start=\"1167\" data-end=\"1189\">\u00d6zel sekt\u00f6r i\u015f\u00e7ileri<\/p>\n<\/li>\n<li data-start=\"1190\" data-end=\"1213\">\n<p data-start=\"1192\" data-end=\"1213\">S\u00f6zle\u015fmeli personel<\/p>\n<\/li>\n<li data-start=\"1214\" data-end=\"1233\">\n<p data-start=\"1216\" data-end=\"1233\">Askeri personel<\/p>\n<\/li>\n<li data-start=\"1234\" data-end=\"1255\">\n<p data-start=\"1236\" data-end=\"1255\">H\u00e2kim ve savc\u0131lar<\/p>\n<\/li>\n<li data-start=\"1256\" data-end=\"1274\">\n<p data-start=\"1258\" data-end=\"1274\">Akademisyenler<\/p>\n<\/li>\n<\/ul>\n<p data-start=\"1276\" data-end=\"1448\">art\u0131r\u0131lan do\u011fum izni hakk\u0131ndan <strong data-start=\"1307\" data-end=\"1336\">e\u015fit \u015fekilde yararlanacak<\/strong>. B\u00f6ylece farkl\u0131 mevzuatlara tabi \u00e7al\u0131\u015fanlar aras\u0131ndaki izin s\u00fcreleri aras\u0131ndaki fark da ortadan kalkm\u0131\u015f olacak.<\/p>\n<h2 data-start=\"1455\" data-end=\"1488\">Anal\u0131k \u0130zni Nas\u0131l Uygulanacak?<\/h2>\n<p data-start=\"1490\" data-end=\"1617\">Mevcut uygulamada anal\u0131k izni, do\u011fumdan \u00f6nce 8 hafta ve do\u011fumdan sonra 8 hafta olmak \u00fczere toplam 16 hafta olarak kullan\u0131l\u0131yor.<\/p>\n<p data-start=\"1619\" data-end=\"1647\">Yeni d\u00fczenleme ile birlikte:<\/p>\n<ul data-start=\"1649\" data-end=\"1710\">\n<li data-start=\"1649\" data-end=\"1678\">\n<p data-start=\"1651\" data-end=\"1678\"><strong data-start=\"1651\" data-end=\"1668\">Do\u011fum \u00f6ncesi:<\/strong> 8 hafta<\/p>\n<\/li>\n<li data-start=\"1679\" data-end=\"1710\">\n<p data-start=\"1681\" data-end=\"1710\"><strong data-start=\"1681\" data-end=\"1699\">Do\u011fum sonras\u0131:<\/strong> 16 hafta<\/p>\n<\/li>\n<\/ul>\n<p data-start=\"1712\" data-end=\"1871\">olmak \u00fczere <strong data-start=\"1724\" data-end=\"1766\">toplam 24 haftal\u0131k \u00fccretli anal\u0131k izni<\/strong> uygulanacak. Bu kapsamda hem <strong data-start=\"1796\" data-end=\"1823\">Devlet Memurlar\u0131 Kanunu<\/strong> hem de <strong data-start=\"1831\" data-end=\"1844\">\u0130\u015f Kanunu<\/strong>\u2019nda de\u011fi\u015fikli\u011fe gidilecek.<\/p>\n<h2 data-start=\"1878\" data-end=\"1904\">Babal\u0131k \u0130zni de Art\u0131yor<\/h2>\n<p data-start=\"1906\" data-end=\"2053\">Torba yasa yaln\u0131zca anneleri de\u011fil, babalar\u0131 da kaps\u0131yor. H\u00e2lihaz\u0131rda \u00f6zel sekt\u00f6rde 5 g\u00fcn olan babal\u0131k izni s\u00fcresi, yeni d\u00fczenleme ile art\u0131r\u0131l\u0131yor.<\/p>\n<p data-start=\"2055\" data-end=\"2069\">Yeni sistemde:<\/p>\n<ul data-start=\"2071\" data-end=\"2124\">\n<li data-start=\"2071\" data-end=\"2124\">\n<p data-start=\"2073\" data-end=\"2124\"><strong data-start=\"2073\" data-end=\"2116\">T\u00fcm \u00e7al\u0131\u015fanlar i\u00e7in babal\u0131k izni 10 g\u00fcn<\/strong> olacak.<\/p>\n<\/li>\n<\/ul>\n<p data-start=\"2126\" data-end=\"2228\">Bu ad\u0131m\u0131n, do\u011fum sonras\u0131 s\u00fcre\u00e7te babalar\u0131n ailelerine daha fazla destek olmas\u0131n\u0131 sa\u011flamas\u0131 bekleniyor.<\/p>\n<h2 data-start=\"2235\" data-end=\"2274\">Koruyucu Ailelere \u0130lk Kez \u0130zin Hakk\u0131<\/h2>\n<p data-start=\"2276\" data-end=\"2435\">D\u00fczenlemede sosyal politikalar a\u00e7\u0131s\u0131ndan dikkat \u00e7eken bir di\u011fer ba\u015fl\u0131k ise koruyucu aileler oldu. \u0130lk kez, koruyucu aile olan \u00e7al\u0131\u015fanlara izin hakk\u0131 tan\u0131n\u0131yor.<\/p>\n<p data-start=\"2437\" data-end=\"2447\">Buna g\u00f6re:<\/p>\n<ul data-start=\"2449\" data-end=\"2579\">\n<li data-start=\"2449\" data-end=\"2534\">\n<p data-start=\"2451\" data-end=\"2534\"><strong data-start=\"2451\" data-end=\"2501\">3 ya\u015f\u0131ndan k\u00fc\u00e7\u00fck bir \u00e7ocu\u011fa koruyucu aile olan<\/strong> memur, i\u015f\u00e7i ve askeri personel<\/p>\n<\/li>\n<li data-start=\"2535\" data-end=\"2579\">\n<p data-start=\"2537\" data-end=\"2579\"><strong data-start=\"2537\" data-end=\"2563\">10 g\u00fcnl\u00fck mazeret izni<\/strong> kullanabilecek.<\/p>\n<\/li>\n<\/ul>\n<h2 data-start=\"2586\" data-end=\"2634\">Anneler \u0130\u00e7in Daha Uzun ve G\u00fcvenceli Bir S\u00fcre\u00e7<\/h2>\n<p data-start=\"2636\" data-end=\"2954\">Mevcut sistemde kad\u0131n \u00e7al\u0131\u015fanlar, 16 haftal\u0131k iznin ard\u0131ndan yar\u0131 zamanl\u0131 \u00e7al\u0131\u015fma ve s\u00fct izni gibi haklardan yararlanabiliyor. Yeni d\u00fczenleme ile birlikte, \u00fccretli iznin do\u011frudan 24 haftaya \u00e7\u0131kar\u0131lmas\u0131 sayesinde annelerin bebekleriyle ge\u00e7irece\u011fi s\u00fcre artarken, i\u015fe d\u00f6n\u00fc\u015f s\u00fcrecinin de daha sa\u011fl\u0131kl\u0131 olmas\u0131 hedefleniyor.<\/p>\n<p data-start=\"2956\" data-end=\"3074\">Yeni torba yasan\u0131n, \u00e7al\u0131\u015fma hayat\u0131nda aile dostu politikalar\u0131n g\u00fc\u00e7lenmesi a\u00e7\u0131s\u0131ndan \u00f6nemli bir ad\u0131m olmas\u0131 bekleniyor.<\/p>\n","protected":false},"excerpt":{"rendered":"<p>\u00a0 \u00a0 \u00a0Aile ve Sosyal Hizmetler Bakanl\u0131\u011f\u0131, \u00e7al\u0131\u015fma hayat\u0131nda aile dengesini g\u00fc\u00e7lendirecek \u00f6nemli bir d\u00fczenleme i\u00e7in sona yakla\u015ft\u0131. Haz\u0131rlanan yeni torba yasa tasla\u011f\u0131yla birlikte, t\u00fcm \u00e7al\u0131\u015fan kad\u0131nlar i\u00e7in \u00fccretli anal\u0131k izni s\u00fcresinin 16 haftadan 24 haftaya \u00e7\u0131kar\u0131lmas\u0131 hedefleniyor. D\u00fczenleme, memur ve i\u015f\u00e7i ayr\u0131m\u0131n\u0131 da ortadan kald\u0131r\u0131yor. Bakanl\u0131k kaynaklar\u0131ndan edinilen bilgilere g\u00f6re, hem n\u00fcfus art\u0131\u015f h\u0131z\u0131ndaki [&hellip;]<\/p>\n","protected":false},"author":1,"featured_media":16597,"comment_status":"open","ping_status":"open","sticky":false,"template":"","format":"standard","meta":{"footnotes":""},"categories":[1],"tags":[906],"class_list":["post-16596","post","type-post","status-publish","format-standard","has-post-thumbnail","hentry","category-genel","tag-ailelere-yeni-destek-paketi"],"yoast_head":"<!-- This site is optimized with the Yoast SEO plugin v27.4 - https:\/\/yoast.com\/product\/yoast-seo-wordpress\/ -->\n<title>\u00c7al\u0131\u015fan Ailelere Yeni Destek Paketi: Do\u011fum \u0130zni 24 Haftaya \u00c7\u0131k\u0131yor - Memurun Sesi<\/title>\n<meta name=\"description\" content=\"\u00c7al\u0131\u015fan Ailelere Yeni Destek Paketi: Do\u011fum \u0130zni 24 Haftaya \u00c7\u0131k\u0131yor\" \/>\n<meta name=\"robots\" content=\"index, follow, max-snippet:-1, max-image-preview:large, max-video-preview:-1\" \/>\n<link rel=\"canonical\" href=\"https:\/\/memurunsesi.net\/index.php\/2026\/01\/20\/calisan-ailelere-yeni-destek-paketi-dogum-izni-24-haftaya-cikiyor\/\" \/>\n<meta property=\"og:locale\" content=\"tr_TR\" \/>\n<meta property=\"og:type\" content=\"article\" \/>\n<meta property=\"og:title\" content=\"\u00c7al\u0131\u015fan Ailelere Yeni Destek Paketi: Do\u011fum \u0130zni 24 Haftaya \u00c7\u0131k\u0131yor - Memurun Sesi\" \/>\n<meta property=\"og:description\" content=\"\u00c7al\u0131\u015fan Ailelere Yeni Destek Paketi: Do\u011fum \u0130zni 24 Haftaya \u00c7\u0131k\u0131yor\" \/>\n<meta property=\"og:url\" content=\"https:\/\/memurunsesi.net\/index.php\/2026\/01\/20\/calisan-ailelere-yeni-destek-paketi-dogum-izni-24-haftaya-cikiyor\/\" \/>\n<meta property=\"og:site_name\" content=\"Memurun Sesi\" \/>\n<meta property=\"article:publisher\" content=\"https:\/\/www.facebook.com\/unipersen\/?locale=tr_TR\" \/>\n<meta property=\"article:published_time\" content=\"2026-01-20T09:57:48+00:00\" \/>\n<meta property=\"og:image\" content=\"https:\/\/memurunsesi.net\/wp-content\/uploads\/2026\/01\/CALISAN-ANNE.webp\" \/>\n\t<meta property=\"og:image:width\" content=\"600\" \/>\n\t<meta property=\"og:image:height\" content=\"400\" \/>\n\t<meta property=\"og:image:type\" content=\"image\/webp\" \/>\n<meta name=\"author\" content=\"Memurun Sesi Haber Merkezi\" \/>\n<meta name=\"twitter:card\" content=\"summary_large_image\" \/>\n<meta name=\"twitter:creator\" content=\"@unipersen\" \/>\n<meta name=\"twitter:site\" content=\"@unipersen\" \/>\n<meta name=\"twitter:label1\" content=\"Yazan:\" \/>\n\t<meta name=\"twitter:data1\" content=\"Memurun Sesi Haber Merkezi\" \/>\n\t<meta name=\"twitter:label2\" content=\"Tahmini okuma s\u00fcresi\" \/>\n\t<meta name=\"twitter:data2\" content=\"3 dakika\" \/>\n<script type=\"application\/ld+json\" class=\"yoast-schema-graph\">{\"@context\":\"https:\\\/\\\/schema.org\",\"@graph\":[{\"@type\":\"Article\",\"@id\":\"https:\\\/\\\/memurunsesi.net\\\/index.php\\\/2026\\\/01\\\/20\\\/calisan-ailelere-yeni-destek-paketi-dogum-izni-24-haftaya-cikiyor\\\/#article\",\"isPartOf\":{\"@id\":\"https:\\\/\\\/memurunsesi.net\\\/index.php\\\/2026\\\/01\\\/20\\\/calisan-ailelere-yeni-destek-paketi-dogum-izni-24-haftaya-cikiyor\\\/\"},\"author\":{\"name\":\"Memurun Sesi Haber Merkezi\",\"@id\":\"https:\\\/\\\/memurunsesi.net\\\/#\\\/schema\\\/person\\\/f21c2d73b89f6ee1d80b0a1803e38587\"},\"headline\":\"\u00c7al\u0131\u015fan Ailelere Yeni Destek Paketi: Do\u011fum \u0130zni 24 Haftaya \u00c7\u0131k\u0131yor\",\"datePublished\":\"2026-01-20T09:57:48+00:00\",\"mainEntityOfPage\":{\"@id\":\"https:\\\/\\\/memurunsesi.net\\\/index.php\\\/2026\\\/01\\\/20\\\/calisan-ailelere-yeni-destek-paketi-dogum-izni-24-haftaya-cikiyor\\\/\"},\"wordCount\":530,\"commentCount\":0,\"publisher\":{\"@id\":\"https:\\\/\\\/memurunsesi.net\\\/#organization\"},\"image\":{\"@id\":\"https:\\\/\\\/memurunsesi.net\\\/index.php\\\/2026\\\/01\\\/20\\\/calisan-ailelere-yeni-destek-paketi-dogum-izni-24-haftaya-cikiyor\\\/#primaryimage\"},\"thumbnailUrl\":\"https:\\\/\\\/memurunsesi.net\\\/wp-content\\\/uploads\\\/2026\\\/01\\\/CALISAN-ANNE.webp\",\"keywords\":[\"Ailelere Yeni Destek Paketi\"],\"inLanguage\":\"tr\",\"potentialAction\":[{\"@type\":\"CommentAction\",\"name\":\"Comment\",\"target\":[\"https:\\\/\\\/memurunsesi.net\\\/index.php\\\/2026\\\/01\\\/20\\\/calisan-ailelere-yeni-destek-paketi-dogum-izni-24-haftaya-cikiyor\\\/#respond\"]}]},{\"@type\":\"WebPage\",\"@id\":\"https:\\\/\\\/memurunsesi.net\\\/index.php\\\/2026\\\/01\\\/20\\\/calisan-ailelere-yeni-destek-paketi-dogum-izni-24-haftaya-cikiyor\\\/\",\"url\":\"https:\\\/\\\/memurunsesi.net\\\/index.php\\\/2026\\\/01\\\/20\\\/calisan-ailelere-yeni-destek-paketi-dogum-izni-24-haftaya-cikiyor\\\/\",\"name\":\"\u00c7al\u0131\u015fan Ailelere Yeni Destek Paketi: Do\u011fum \u0130zni 24 Haftaya \u00c7\u0131k\u0131yor - Memurun Sesi\",\"isPartOf\":{\"@id\":\"https:\\\/\\\/memurunsesi.net\\\/#website\"},\"primaryImageOfPage\":{\"@id\":\"https:\\\/\\\/memurunsesi.net\\\/index.php\\\/2026\\\/01\\\/20\\\/calisan-ailelere-yeni-destek-paketi-dogum-izni-24-haftaya-cikiyor\\\/#primaryimage\"},\"image\":{\"@id\":\"https:\\\/\\\/memurunsesi.net\\\/index.php\\\/2026\\\/01\\\/20\\\/calisan-ailelere-yeni-destek-paketi-dogum-izni-24-haftaya-cikiyor\\\/#primaryimage\"},\"thumbnailUrl\":\"https:\\\/\\\/memurunsesi.net\\\/wp-content\\\/uploads\\\/2026\\\/01\\\/CALISAN-ANNE.webp\",\"datePublished\":\"2026-01-20T09:57:48+00:00\",\"description\":\"\u00c7al\u0131\u015fan Ailelere Yeni Destek Paketi: Do\u011fum \u0130zni 24 Haftaya \u00c7\u0131k\u0131yor\",\"breadcrumb\":{\"@id\":\"https:\\\/\\\/memurunsesi.net\\\/index.php\\\/2026\\\/01\\\/20\\\/calisan-ailelere-yeni-destek-paketi-dogum-izni-24-haftaya-cikiyor\\\/#breadcrumb\"},\"inLanguage\":\"tr\",\"potentialAction\":[{\"@type\":\"ReadAction\",\"target\":[\"https:\\\/\\\/memurunsesi.net\\\/index.php\\\/2026\\\/01\\\/20\\\/calisan-ailelere-yeni-destek-paketi-dogum-izni-24-haftaya-cikiyor\\\/\"]}]},{\"@type\":\"ImageObject\",\"inLanguage\":\"tr\",\"@id\":\"https:\\\/\\\/memurunsesi.net\\\/index.php\\\/2026\\\/01\\\/20\\\/calisan-ailelere-yeni-destek-paketi-dogum-izni-24-haftaya-cikiyor\\\/#primaryimage\",\"url\":\"https:\\\/\\\/memurunsesi.net\\\/wp-content\\\/uploads\\\/2026\\\/01\\\/CALISAN-ANNE.webp\",\"contentUrl\":\"https:\\\/\\\/memurunsesi.net\\\/wp-content\\\/uploads\\\/2026\\\/01\\\/CALISAN-ANNE.webp\",\"width\":600,\"height\":400},{\"@type\":\"BreadcrumbList\",\"@id\":\"https:\\\/\\\/memurunsesi.net\\\/index.php\\\/2026\\\/01\\\/20\\\/calisan-ailelere-yeni-destek-paketi-dogum-izni-24-haftaya-cikiyor\\\/#breadcrumb\",\"itemListElement\":[{\"@type\":\"ListItem\",\"position\":1,\"name\":\"Anasayfa\",\"item\":\"https:\\\/\\\/memurunsesi.net\\\/\"},{\"@type\":\"ListItem\",\"position\":2,\"name\":\"\u00c7al\u0131\u015fan Ailelere Yeni Destek Paketi: Do\u011fum \u0130zni 24 Haftaya \u00c7\u0131k\u0131yor\"}]},{\"@type\":\"WebSite\",\"@id\":\"https:\\\/\\\/memurunsesi.net\\\/#website\",\"url\":\"https:\\\/\\\/memurunsesi.net\\\/\",\"name\":\"Memurun Sesi\",\"description\":\"G\u00fcncel ve Do\u011fru Haber\",\"publisher\":{\"@id\":\"https:\\\/\\\/memurunsesi.net\\\/#organization\"},\"potentialAction\":[{\"@type\":\"SearchAction\",\"target\":{\"@type\":\"EntryPoint\",\"urlTemplate\":\"https:\\\/\\\/memurunsesi.net\\\/?s={search_term_string}\"},\"query-input\":{\"@type\":\"PropertyValueSpecification\",\"valueRequired\":true,\"valueName\":\"search_term_string\"}}],\"inLanguage\":\"tr\"},{\"@type\":\"Organization\",\"@id\":\"https:\\\/\\\/memurunsesi.net\\\/#organization\",\"name\":\"Memurun Sesi\",\"url\":\"https:\\\/\\\/memurunsesi.net\\\/\",\"logo\":{\"@type\":\"ImageObject\",\"inLanguage\":\"tr\",\"@id\":\"https:\\\/\\\/memurunsesi.net\\\/#\\\/schema\\\/logo\\\/image\\\/\",\"url\":\"https:\\\/\\\/memurunsesi.net\\\/wp-content\\\/uploads\\\/2025\\\/11\\\/cropped-MEMURUN-SESI.png\",\"contentUrl\":\"https:\\\/\\\/memurunsesi.net\\\/wp-content\\\/uploads\\\/2025\\\/11\\\/cropped-MEMURUN-SESI.png\",\"width\":238,\"height\":57,\"caption\":\"Memurun Sesi\"},\"image\":{\"@id\":\"https:\\\/\\\/memurunsesi.net\\\/#\\\/schema\\\/logo\\\/image\\\/\"},\"sameAs\":[\"https:\\\/\\\/www.facebook.com\\\/unipersen\\\/?locale=tr_TR\",\"https:\\\/\\\/x.com\\\/unipersen\"]},{\"@type\":\"Person\",\"@id\":\"https:\\\/\\\/memurunsesi.net\\\/#\\\/schema\\\/person\\\/f21c2d73b89f6ee1d80b0a1803e38587\",\"name\":\"Memurun Sesi Haber Merkezi\",\"image\":{\"@type\":\"ImageObject\",\"inLanguage\":\"tr\",\"@id\":\"https:\\\/\\\/secure.gravatar.com\\\/avatar\\\/6cf0505f452ee753f485014986fab09a434671d2b919ee76fc541025c5876a70?s=96&d=mm&r=g\",\"url\":\"https:\\\/\\\/secure.gravatar.com\\\/avatar\\\/6cf0505f452ee753f485014986fab09a434671d2b919ee76fc541025c5876a70?s=96&d=mm&r=g\",\"contentUrl\":\"https:\\\/\\\/secure.gravatar.com\\\/avatar\\\/6cf0505f452ee753f485014986fab09a434671d2b919ee76fc541025c5876a70?s=96&d=mm&r=g\",\"caption\":\"Memurun Sesi Haber Merkezi\"},\"sameAs\":[\"https:\\\/\\\/memurunsesi.net\"],\"url\":\"https:\\\/\\\/memurunsesi.net\\\/index.php\\\/author\\\/uniper\\\/\"}]}<\/script>\n<!-- \/ Yoast SEO plugin. -->","yoast_head_json":{"title":"\u00c7al\u0131\u015fan Ailelere Yeni Destek Paketi: Do\u011fum \u0130zni 24 Haftaya \u00c7\u0131k\u0131yor - Memurun Sesi","description":"\u00c7al\u0131\u015fan Ailelere Yeni Destek Paketi: Do\u011fum \u0130zni 24 Haftaya \u00c7\u0131k\u0131yor","robots":{"index":"index","follow":"follow","max-snippet":"max-snippet:-1","max-image-preview":"max-image-preview:large","max-video-preview":"max-video-preview:-1"},"canonical":"https:\/\/memurunsesi.net\/index.php\/2026\/01\/20\/calisan-ailelere-yeni-destek-paketi-dogum-izni-24-haftaya-cikiyor\/","og_locale":"tr_TR","og_type":"article","og_title":"\u00c7al\u0131\u015fan Ailelere Yeni Destek Paketi: Do\u011fum \u0130zni 24 Haftaya \u00c7\u0131k\u0131yor - Memurun Sesi","og_description":"\u00c7al\u0131\u015fan Ailelere Yeni Destek Paketi: Do\u011fum \u0130zni 24 Haftaya \u00c7\u0131k\u0131yor","og_url":"https:\/\/memurunsesi.net\/index.php\/2026\/01\/20\/calisan-ailelere-yeni-destek-paketi-dogum-izni-24-haftaya-cikiyor\/","og_site_name":"Memurun Sesi","article_publisher":"https:\/\/www.facebook.com\/unipersen\/?locale=tr_TR","article_published_time":"2026-01-20T09:57:48+00:00","og_image":[{"width":600,"height":400,"url":"https:\/\/memurunsesi.net\/wp-content\/uploads\/2026\/01\/CALISAN-ANNE.webp","type":"image\/webp"}],"author":"Memurun Sesi Haber Merkezi","twitter_card":"summary_large_image","twitter_creator":"@unipersen","twitter_site":"@unipersen","twitter_misc":{"Yazan:":"Memurun Sesi Haber Merkezi","Tahmini okuma s\u00fcresi":"3 dakika"},"schema":{"@context":"https:\/\/schema.org","@graph":[{"@type":"Article","@id":"https:\/\/memurunsesi.net\/index.php\/2026\/01\/20\/calisan-ailelere-yeni-destek-paketi-dogum-izni-24-haftaya-cikiyor\/#article","isPartOf":{"@id":"https:\/\/memurunsesi.net\/index.php\/2026\/01\/20\/calisan-ailelere-yeni-destek-paketi-dogum-izni-24-haftaya-cikiyor\/"},"author":{"name":"Memurun Sesi Haber Merkezi","@id":"https:\/\/memurunsesi.net\/#\/schema\/person\/f21c2d73b89f6ee1d80b0a1803e38587"},"headline":"\u00c7al\u0131\u015fan Ailelere Yeni Destek Paketi: Do\u011fum \u0130zni 24 Haftaya \u00c7\u0131k\u0131yor","datePublished":"2026-01-20T09:57:48+00:00","mainEntityOfPage":{"@id":"https:\/\/memurunsesi.net\/index.php\/2026\/01\/20\/calisan-ailelere-yeni-destek-paketi-dogum-izni-24-haftaya-cikiyor\/"},"wordCount":530,"commentCount":0,"publisher":{"@id":"https:\/\/memurunsesi.net\/#organization"},"image":{"@id":"https:\/\/memurunsesi.net\/index.php\/2026\/01\/20\/calisan-ailelere-yeni-destek-paketi-dogum-izni-24-haftaya-cikiyor\/#primaryimage"},"thumbnailUrl":"https:\/\/memurunsesi.net\/wp-content\/uploads\/2026\/01\/CALISAN-ANNE.webp","keywords":["Ailelere Yeni Destek Paketi"],"inLanguage":"tr","potentialAction":[{"@type":"CommentAction","name":"Comment","target":["https:\/\/memurunsesi.net\/index.php\/2026\/01\/20\/calisan-ailelere-yeni-destek-paketi-dogum-izni-24-haftaya-cikiyor\/#respond"]}]},{"@type":"WebPage","@id":"https:\/\/memurunsesi.net\/index.php\/2026\/01\/20\/calisan-ailelere-yeni-destek-paketi-dogum-izni-24-haftaya-cikiyor\/","url":"https:\/\/memurunsesi.net\/index.php\/2026\/01\/20\/calisan-ailelere-yeni-destek-paketi-dogum-izni-24-haftaya-cikiyor\/","name":"\u00c7al\u0131\u015fan Ailelere Yeni Destek Paketi: Do\u011fum \u0130zni 24 Haftaya \u00c7\u0131k\u0131yor - Memurun Sesi","isPartOf":{"@id":"https:\/\/memurunsesi.net\/#website"},"primaryImageOfPage":{"@id":"https:\/\/memurunsesi.net\/index.php\/2026\/01\/20\/calisan-ailelere-yeni-destek-paketi-dogum-izni-24-haftaya-cikiyor\/#primaryimage"},"image":{"@id":"https:\/\/memurunsesi.net\/index.php\/2026\/01\/20\/calisan-ailelere-yeni-destek-paketi-dogum-izni-24-haftaya-cikiyor\/#primaryimage"},"thumbnailUrl":"https:\/\/memurunsesi.net\/wp-content\/uploads\/2026\/01\/CALISAN-ANNE.webp","datePublished":"2026-01-20T09:57:48+00:00","description":"\u00c7al\u0131\u015fan Ailelere Yeni Destek Paketi: Do\u011fum \u0130zni 24 Haftaya \u00c7\u0131k\u0131yor","breadcrumb":{"@id":"https:\/\/memurunsesi.net\/index.php\/2026\/01\/20\/calisan-ailelere-yeni-destek-paketi-dogum-izni-24-haftaya-cikiyor\/#breadcrumb"},"inLanguage":"tr","potentialAction":[{"@type":"ReadAction","target":["https:\/\/memurunsesi.net\/index.php\/2026\/01\/20\/calisan-ailelere-yeni-destek-paketi-dogum-izni-24-haftaya-cikiyor\/"]}]},{"@type":"ImageObject","inLanguage":"tr","@id":"https:\/\/memurunsesi.net\/index.php\/2026\/01\/20\/calisan-ailelere-yeni-destek-paketi-dogum-izni-24-haftaya-cikiyor\/#primaryimage","url":"https:\/\/memurunsesi.net\/wp-content\/uploads\/2026\/01\/CALISAN-ANNE.webp","contentUrl":"https:\/\/memurunsesi.net\/wp-content\/uploads\/2026\/01\/CALISAN-ANNE.webp","width":600,"height":400},{"@type":"BreadcrumbList","@id":"https:\/\/memurunsesi.net\/index.php\/2026\/01\/20\/calisan-ailelere-yeni-destek-paketi-dogum-izni-24-haftaya-cikiyor\/#breadcrumb","itemListElement":[{"@type":"ListItem","position":1,"name":"Anasayfa","item":"https:\/\/memurunsesi.net\/"},{"@type":"ListItem","position":2,"name":"\u00c7al\u0131\u015fan Ailelere Yeni Destek Paketi: Do\u011fum \u0130zni 24 Haftaya \u00c7\u0131k\u0131yor"}]},{"@type":"WebSite","@id":"https:\/\/memurunsesi.net\/#website","url":"https:\/\/memurunsesi.net\/","name":"Memurun Sesi","description":"G\u00fcncel ve Do\u011fru Haber","publisher":{"@id":"https:\/\/memurunsesi.net\/#organization"},"potentialAction":[{"@type":"SearchAction","target":{"@type":"EntryPoint","urlTemplate":"https:\/\/memurunsesi.net\/?s={search_term_string}"},"query-input":{"@type":"PropertyValueSpecification","valueRequired":true,"valueName":"search_term_string"}}],"inLanguage":"tr"},{"@type":"Organization","@id":"https:\/\/memurunsesi.net\/#organization","name":"Memurun Sesi","url":"https:\/\/memurunsesi.net\/","logo":{"@type":"ImageObject","inLanguage":"tr","@id":"https:\/\/memurunsesi.net\/#\/schema\/logo\/image\/","url":"https:\/\/memurunsesi.net\/wp-content\/uploads\/2025\/11\/cropped-MEMURUN-SESI.png","contentUrl":"https:\/\/memurunsesi.net\/wp-content\/uploads\/2025\/11\/cropped-MEMURUN-SESI.png","width":238,"height":57,"caption":"Memurun Sesi"},"image":{"@id":"https:\/\/memurunsesi.net\/#\/schema\/logo\/image\/"},"sameAs":["https:\/\/www.facebook.com\/unipersen\/?locale=tr_TR","https:\/\/x.com\/unipersen"]},{"@type":"Person","@id":"https:\/\/memurunsesi.net\/#\/schema\/person\/f21c2d73b89f6ee1d80b0a1803e38587","name":"Memurun Sesi Haber Merkezi","image":{"@type":"ImageObject","inLanguage":"tr","@id":"https:\/\/secure.gravatar.com\/avatar\/6cf0505f452ee753f485014986fab09a434671d2b919ee76fc541025c5876a70?s=96&d=mm&r=g","url":"https:\/\/secure.gravatar.com\/avatar\/6cf0505f452ee753f485014986fab09a434671d2b919ee76fc541025c5876a70?s=96&d=mm&r=g","contentUrl":"https:\/\/secure.gravatar.com\/avatar\/6cf0505f452ee753f485014986fab09a434671d2b919ee76fc541025c5876a70?s=96&d=mm&r=g","caption":"Memurun Sesi Haber Merkezi"},"sameAs":["https:\/\/memurunsesi.net"],"url":"https:\/\/memurunsesi.net\/index.php\/author\/uniper\/"}]}},"_links":{"self":[{"href":"https:\/\/memurunsesi.net\/index.php\/wp-json\/wp\/v2\/posts\/16596","targetHints":{"allow":["GET"]}}],"collection":[{"href":"https:\/\/memurunsesi.net\/index.php\/wp-json\/wp\/v2\/posts"}],"about":[{"href":"https:\/\/memurunsesi.net\/index.php\/wp-json\/wp\/v2\/types\/post"}],"author":[{"embeddable":true,"href":"https:\/\/memurunsesi.net\/index.php\/wp-json\/wp\/v2\/users\/1"}],"replies":[{"embeddable":true,"href":"https:\/\/memurunsesi.net\/index.php\/wp-json\/wp\/v2\/comments?post=16596"}],"version-history":[{"count":1,"href":"https:\/\/memurunsesi.net\/index.php\/wp-json\/wp\/v2\/posts\/16596\/revisions"}],"predecessor-version":[{"id":16598,"href":"https:\/\/memurunsesi.net\/index.php\/wp-json\/wp\/v2\/posts\/16596\/revisions\/16598"}],"wp:featuredmedia":[{"embeddable":true,"href":"https:\/\/memurunsesi.net\/index.php\/wp-json\/wp\/v2\/media\/16597"}],"wp:attachment":[{"href":"https:\/\/memurunsesi.net\/index.php\/wp-json\/wp\/v2\/media?parent=16596"}],"wp:term":[{"taxonomy":"category","embeddable":true,"href":"https:\/\/memurunsesi.net\/index.php\/wp-json\/wp\/v2\/categories?post=16596"},{"taxonomy":"post_tag","embeddable":true,"href":"https:\/\/memurunsesi.net\/index.php\/wp-json\/wp\/v2\/tags?post=16596"}],"curies":[{"name":"wp","href":"https:\/\/api.w.org\/{rel}","templated":true}]}}