{"id":16599,"date":"2026-01-20T13:06:44","date_gmt":"2026-01-20T10:06:44","guid":{"rendered":"https:\/\/memurunsesi.net\/?p=16599"},"modified":"2026-01-20T13:06:44","modified_gmt":"2026-01-20T10:06:44","slug":"tamamlayici-emeklilik-sistemi-nisanda-zorunlu-oluyor-maaslardan-yuzde-3-kesinti","status":"publish","type":"post","link":"https:\/\/memurunsesi.net\/index.php\/2026\/01\/20\/tamamlayici-emeklilik-sistemi-nisanda-zorunlu-oluyor-maaslardan-yuzde-3-kesinti\/","title":{"rendered":"Tamamlay\u0131c\u0131 Emeklilik Sistemi Nisan\u2019da Zorunlu Oluyor: Maa\u015flardan Y\u00fczde 3 Kesinti"},"content":{"rendered":"<p data-start=\"252\" data-end=\"536\"><strong data-start=\"252\" data-end=\"266\">\u00a0 \u00a0 \u00a0<\/strong>\u00a0\u00c7al\u0131\u015fma ya\u015fam\u0131n\u0131 do\u011frudan etkileyecek yeni <strong data-start=\"310\" data-end=\"349\">Tamamlay\u0131c\u0131 Emeklilik Sistemi (TES)<\/strong> ile ilgili detaylar netle\u015fmeye ba\u015flad\u0131. \u00c7al\u0131\u015fma ya\u015fam\u0131 uzman\u0131 <strong data-start=\"412\" data-end=\"435\">H\u00fcseyin \u0130rfan F\u0131rat<\/strong>, sisteme ili\u015fkin a\u00e7\u0131klamas\u0131nda, TES\u2019in <strong data-start=\"475\" data-end=\"527\">Nisan ay\u0131nda zorunlu olarak y\u00fcr\u00fcrl\u00fc\u011fe girece\u011fini<\/strong> duyurdu.<\/p>\n<p data-start=\"538\" data-end=\"784\">Yeni uygulama ile birlikte \u00e7al\u0131\u015fanlar\u0131n br\u00fct maa\u015flar\u0131ndan mevcut kesintilere ek olarak <strong data-start=\"625\" data-end=\"671\">y\u00fczde 3 oran\u0131nda ek bir kesinti yap\u0131laca\u011f\u0131<\/strong> bildirildi. Kesinti, Sosyal G\u00fcvenlik Kurumu (SGK) primlerine ve vergi paylar\u0131na ek olarak bordrolara yans\u0131yacak.<\/p>\n<h3 data-start=\"791\" data-end=\"821\">TES Nedir, Neyi Ama\u00e7l\u0131yor?<\/h3>\n<p data-start=\"823\" data-end=\"1038\">Tamamlay\u0131c\u0131 Emeklilik Sistemi, mevcut sosyal g\u00fcvenlik d\u00fczenine ek bir katman olarak tasarlan\u0131yor. Sistem, geleneksel emeklilik gelirini tamamlayarak bireylerin emeklilik d\u00f6nemindeki gelirlerini art\u0131rmay\u0131 hedefliyor.<\/p>\n<p data-start=\"1040\" data-end=\"1269\">\u00c7al\u0131\u015fma ya\u015fam\u0131 uzmanlar\u0131, sistemin uzun vadede finansal g\u00fcvence sa\u011flama potansiyeline i\u015faret ederken, k\u0131sa vadede ise \u00fccretlerden yap\u0131lan kesintinin \u00e7al\u0131\u015fanlar\u0131n mevcut gelirleri \u00fczerinde ek y\u00fck olu\u015fturabilece\u011fine dikkat \u00e7ekiyor.<\/p>\n<h3 data-start=\"1276\" data-end=\"1310\">BES ile TES Aras\u0131ndaki Farklar<\/h3>\n<p data-start=\"1312\" data-end=\"1588\">F\u0131rat, <strong data-start=\"1319\" data-end=\"1332\">Birg\u00fcn TV<\/strong>\u2019de yapt\u0131\u011f\u0131 a\u00e7\u0131klamada, TES\u2019in mevcut <strong data-start=\"1370\" data-end=\"1406\">Bireysel Emeklilik Sistemi (BES)<\/strong> ile kar\u0131\u015ft\u0131r\u0131lmamas\u0131 gerekti\u011fini belirtti. BES\u2019in tamamen iste\u011fe ba\u011fl\u0131 bir sistem oldu\u011funu hat\u0131rlatan F\u0131rat, TES\u2019in ise <strong data-start=\"1527\" data-end=\"1577\">t\u00fcm \u00e7al\u0131\u015fanlar i\u00e7in zorunlu hale getirildi\u011fini<\/strong> vurgulad\u0131.<\/p>\n<p data-start=\"1590\" data-end=\"1712\">Bu yeni zorunluluk, i\u015f g\u00fcvencesi, gelir seviyesi veya istihdam stat\u00fcs\u00fcne bak\u0131lmaks\u0131z\u0131n \u00e7al\u0131\u015fan herkes i\u00e7in ge\u00e7erli olacak.<\/p>\n<h3 data-start=\"1719\" data-end=\"1753\">Maa\u015flardan Ne Kadar Kesilecek?<\/h3>\n<p data-start=\"1755\" data-end=\"1990\">Yeni sisteme g\u00f6re \u00e7al\u0131\u015fanlar\u0131n br\u00fct \u00fccretlerinden <strong data-start=\"1805\" data-end=\"1836\">y\u00fczde 3 oran\u0131nda ek kesinti<\/strong> yap\u0131lacak. Uzmanlar, \u00f6zellikle d\u00fc\u015f\u00fck gelirli \u00e7al\u0131\u015fanlar i\u00e7in bu kesintinin mevcut b\u00fct\u00e7eler \u00fczerinde daha belirgin bir etki yaratabilece\u011fini ifade ediyor.<\/p>\n<p data-start=\"1992\" data-end=\"2121\">Y\u0131ll\u0131k bazda yap\u0131lacak kesintilerin tutar\u0131n\u0131n, \u00f6zellikle asgari \u00fccret seviyesinde bile \u00f6nemli bir mebla\u011fa ula\u015faca\u011f\u0131 belirtiliyor.<\/p>\n<h3 data-start=\"2128\" data-end=\"2177\">K\u0131dem Tazminat\u0131 Yap\u0131s\u0131nda D\u00f6n\u00fc\u015f\u00fcm Planlan\u0131yor<\/h3>\n<p data-start=\"2179\" data-end=\"2523\">D\u00fczenlemenin bir di\u011fer \u00f6nemli aya\u011f\u0131n\u0131 ise <strong data-start=\"2221\" data-end=\"2264\">k\u0131dem tazminat\u0131 sistemi ile entegrasyon<\/strong> olu\u015fturuyor. Yeni uygulama kapsam\u0131nda k\u0131dem tazminat\u0131 fonunun TES ile birle\u015ftirilmesi planlan\u0131yor. Bu d\u00f6n\u00fc\u015f\u00fcm\u00fcn, k\u0131dem tazminat\u0131 haklar\u0131n\u0131n nas\u0131l de\u011ferlendirilece\u011fi ve emeklilik s\u00fcrecine nas\u0131l aktar\u0131laca\u011f\u0131 gibi kritik sorular\u0131 g\u00fcndeme getirdi\u011fi kaydediliyor.<\/p>\n<p data-start=\"2525\" data-end=\"2624\">\u0130\u015f\u00e7i ve i\u015fveren temsilcileri, bu yeni modelin haklar \u00fczerindeki etkilerini tart\u0131\u015fmaya devam ediyor.<\/p>\n<h3 data-start=\"2631\" data-end=\"2661\">Uygulama Nisan\u2019da Ba\u015fl\u0131yor<\/h3>\n<p data-start=\"2663\" data-end=\"2943\">Yetkililer, Tamamlay\u0131c\u0131 Emeklilik Sistemi\u2019nin <strong data-start=\"2709\" data-end=\"2767\">Nisan ay\u0131 itibar\u0131yla zorunlu olarak devreye girece\u011fini<\/strong> belirtiyor. Yeni sistemin, \u00e7al\u0131\u015fanlar\u0131n uzun vadeli gelir g\u00fcvenli\u011fini art\u0131rma hedefiyle hayata ge\u00e7irildi\u011fi ifade edilirken, ilk bordrolarda bu kesintinin g\u00f6r\u00fcnmesi bekleniyor.<\/p>\n<p data-start=\"2945\" data-end=\"3077\">Kamuoyu, sistemin hem \u00e7al\u0131\u015fan \u00fczerindeki mali etkilerini hem de emeklilik d\u00f6nemindeki potansiyel getirilerini yak\u0131ndan takip ediyor.<\/p>\n","protected":false},"excerpt":{"rendered":"<p>\u00a0 \u00a0 \u00a0\u00a0\u00c7al\u0131\u015fma ya\u015fam\u0131n\u0131 do\u011frudan etkileyecek yeni Tamamlay\u0131c\u0131 Emeklilik Sistemi (TES) ile ilgili detaylar netle\u015fmeye ba\u015flad\u0131. \u00c7al\u0131\u015fma ya\u015fam\u0131 uzman\u0131 H\u00fcseyin \u0130rfan F\u0131rat, sisteme ili\u015fkin a\u00e7\u0131klamas\u0131nda, TES\u2019in Nisan ay\u0131nda zorunlu olarak y\u00fcr\u00fcrl\u00fc\u011fe girece\u011fini duyurdu. Yeni uygulama ile birlikte \u00e7al\u0131\u015fanlar\u0131n br\u00fct maa\u015flar\u0131ndan mevcut kesintilere ek olarak y\u00fczde 3 oran\u0131nda ek bir kesinti yap\u0131laca\u011f\u0131 bildirildi. Kesinti, Sosyal G\u00fcvenlik [&hellip;]<\/p>\n","protected":false},"author":1,"featured_media":16600,"comment_status":"open","ping_status":"open","sticky":false,"template":"","format":"standard","meta":{"footnotes":""},"categories":[1],"tags":[907],"class_list":["post-16599","post","type-post","status-publish","format-standard","has-post-thumbnail","hentry","category-genel","tag-memura-ek-kulfet"],"yoast_head":"<!-- This site is optimized with the Yoast SEO plugin v27.4 - https:\/\/yoast.com\/product\/yoast-seo-wordpress\/ -->\n<title>Tamamlay\u0131c\u0131 Emeklilik Sistemi Nisan\u2019da Zorunlu Oluyor: Maa\u015flardan Y\u00fczde 3 Kesinti - Memurun Sesi<\/title>\n<meta name=\"description\" content=\"Tamamlay\u0131c\u0131 Emeklilik Sistemi Nisan\u2019da Zorunlu Oluyor: Maa\u015flardan Y\u00fczde 3 Kesinti\" \/>\n<meta name=\"robots\" content=\"index, follow, max-snippet:-1, max-image-preview:large, max-video-preview:-1\" \/>\n<link rel=\"canonical\" href=\"https:\/\/memurunsesi.net\/index.php\/2026\/01\/20\/tamamlayici-emeklilik-sistemi-nisanda-zorunlu-oluyor-maaslardan-yuzde-3-kesinti\/\" \/>\n<meta property=\"og:locale\" content=\"tr_TR\" \/>\n<meta property=\"og:type\" content=\"article\" \/>\n<meta property=\"og:title\" content=\"Tamamlay\u0131c\u0131 Emeklilik Sistemi Nisan\u2019da Zorunlu Oluyor: Maa\u015flardan Y\u00fczde 3 Kesinti - Memurun Sesi\" \/>\n<meta property=\"og:description\" content=\"Tamamlay\u0131c\u0131 Emeklilik Sistemi Nisan\u2019da Zorunlu Oluyor: Maa\u015flardan Y\u00fczde 3 Kesinti\" \/>\n<meta property=\"og:url\" content=\"https:\/\/memurunsesi.net\/index.php\/2026\/01\/20\/tamamlayici-emeklilik-sistemi-nisanda-zorunlu-oluyor-maaslardan-yuzde-3-kesinti\/\" \/>\n<meta property=\"og:site_name\" content=\"Memurun Sesi\" \/>\n<meta property=\"article:publisher\" content=\"https:\/\/www.facebook.com\/unipersen\/?locale=tr_TR\" \/>\n<meta property=\"article:published_time\" content=\"2026-01-20T10:06:44+00:00\" \/>\n<meta property=\"og:image\" content=\"https:\/\/memurunsesi.net\/wp-content\/uploads\/2026\/01\/TES-1.webp\" \/>\n\t<meta property=\"og:image:width\" content=\"1280\" \/>\n\t<meta property=\"og:image:height\" content=\"720\" \/>\n\t<meta property=\"og:image:type\" content=\"image\/webp\" \/>\n<meta name=\"author\" content=\"Memurun Sesi Haber Merkezi\" \/>\n<meta name=\"twitter:card\" content=\"summary_large_image\" \/>\n<meta name=\"twitter:creator\" content=\"@unipersen\" \/>\n<meta name=\"twitter:site\" content=\"@unipersen\" \/>\n<meta name=\"twitter:label1\" content=\"Yazan:\" \/>\n\t<meta name=\"twitter:data1\" content=\"Memurun Sesi Haber Merkezi\" \/>\n\t<meta name=\"twitter:label2\" content=\"Tahmini okuma s\u00fcresi\" \/>\n\t<meta name=\"twitter:data2\" content=\"2 dakika\" \/>\n<script type=\"application\/ld+json\" class=\"yoast-schema-graph\">{\"@context\":\"https:\\\/\\\/schema.org\",\"@graph\":[{\"@type\":\"Article\",\"@id\":\"https:\\\/\\\/memurunsesi.net\\\/index.php\\\/2026\\\/01\\\/20\\\/tamamlayici-emeklilik-sistemi-nisanda-zorunlu-oluyor-maaslardan-yuzde-3-kesinti\\\/#article\",\"isPartOf\":{\"@id\":\"https:\\\/\\\/memurunsesi.net\\\/index.php\\\/2026\\\/01\\\/20\\\/tamamlayici-emeklilik-sistemi-nisanda-zorunlu-oluyor-maaslardan-yuzde-3-kesinti\\\/\"},\"author\":{\"name\":\"Memurun Sesi Haber Merkezi\",\"@id\":\"https:\\\/\\\/memurunsesi.net\\\/#\\\/schema\\\/person\\\/f21c2d73b89f6ee1d80b0a1803e38587\"},\"headline\":\"Tamamlay\u0131c\u0131 Emeklilik Sistemi Nisan\u2019da Zorunlu Oluyor: Maa\u015flardan Y\u00fczde 3 Kesinti\",\"datePublished\":\"2026-01-20T10:06:44+00:00\",\"mainEntityOfPage\":{\"@id\":\"https:\\\/\\\/memurunsesi.net\\\/index.php\\\/2026\\\/01\\\/20\\\/tamamlayici-emeklilik-sistemi-nisanda-zorunlu-oluyor-maaslardan-yuzde-3-kesinti\\\/\"},\"wordCount\":491,\"commentCount\":0,\"publisher\":{\"@id\":\"https:\\\/\\\/memurunsesi.net\\\/#organization\"},\"image\":{\"@id\":\"https:\\\/\\\/memurunsesi.net\\\/index.php\\\/2026\\\/01\\\/20\\\/tamamlayici-emeklilik-sistemi-nisanda-zorunlu-oluyor-maaslardan-yuzde-3-kesinti\\\/#primaryimage\"},\"thumbnailUrl\":\"https:\\\/\\\/memurunsesi.net\\\/wp-content\\\/uploads\\\/2026\\\/01\\\/TES-1.webp\",\"keywords\":[\"Memura ek k\u00fclfet\"],\"inLanguage\":\"tr\",\"potentialAction\":[{\"@type\":\"CommentAction\",\"name\":\"Comment\",\"target\":[\"https:\\\/\\\/memurunsesi.net\\\/index.php\\\/2026\\\/01\\\/20\\\/tamamlayici-emeklilik-sistemi-nisanda-zorunlu-oluyor-maaslardan-yuzde-3-kesinti\\\/#respond\"]}]},{\"@type\":\"WebPage\",\"@id\":\"https:\\\/\\\/memurunsesi.net\\\/index.php\\\/2026\\\/01\\\/20\\\/tamamlayici-emeklilik-sistemi-nisanda-zorunlu-oluyor-maaslardan-yuzde-3-kesinti\\\/\",\"url\":\"https:\\\/\\\/memurunsesi.net\\\/index.php\\\/2026\\\/01\\\/20\\\/tamamlayici-emeklilik-sistemi-nisanda-zorunlu-oluyor-maaslardan-yuzde-3-kesinti\\\/\",\"name\":\"Tamamlay\u0131c\u0131 Emeklilik Sistemi Nisan\u2019da Zorunlu Oluyor: Maa\u015flardan Y\u00fczde 3 Kesinti - Memurun Sesi\",\"isPartOf\":{\"@id\":\"https:\\\/\\\/memurunsesi.net\\\/#website\"},\"primaryImageOfPage\":{\"@id\":\"https:\\\/\\\/memurunsesi.net\\\/index.php\\\/2026\\\/01\\\/20\\\/tamamlayici-emeklilik-sistemi-nisanda-zorunlu-oluyor-maaslardan-yuzde-3-kesinti\\\/#primaryimage\"},\"image\":{\"@id\":\"https:\\\/\\\/memurunsesi.net\\\/index.php\\\/2026\\\/01\\\/20\\\/tamamlayici-emeklilik-sistemi-nisanda-zorunlu-oluyor-maaslardan-yuzde-3-kesinti\\\/#primaryimage\"},\"thumbnailUrl\":\"https:\\\/\\\/memurunsesi.net\\\/wp-content\\\/uploads\\\/2026\\\/01\\\/TES-1.webp\",\"datePublished\":\"2026-01-20T10:06:44+00:00\",\"description\":\"Tamamlay\u0131c\u0131 Emeklilik Sistemi Nisan\u2019da Zorunlu Oluyor: Maa\u015flardan Y\u00fczde 3 Kesinti\",\"breadcrumb\":{\"@id\":\"https:\\\/\\\/memurunsesi.net\\\/index.php\\\/2026\\\/01\\\/20\\\/tamamlayici-emeklilik-sistemi-nisanda-zorunlu-oluyor-maaslardan-yuzde-3-kesinti\\\/#breadcrumb\"},\"inLanguage\":\"tr\",\"potentialAction\":[{\"@type\":\"ReadAction\",\"target\":[\"https:\\\/\\\/memurunsesi.net\\\/index.php\\\/2026\\\/01\\\/20\\\/tamamlayici-emeklilik-sistemi-nisanda-zorunlu-oluyor-maaslardan-yuzde-3-kesinti\\\/\"]}]},{\"@type\":\"ImageObject\",\"inLanguage\":\"tr\",\"@id\":\"https:\\\/\\\/memurunsesi.net\\\/index.php\\\/2026\\\/01\\\/20\\\/tamamlayici-emeklilik-sistemi-nisanda-zorunlu-oluyor-maaslardan-yuzde-3-kesinti\\\/#primaryimage\",\"url\":\"https:\\\/\\\/memurunsesi.net\\\/wp-content\\\/uploads\\\/2026\\\/01\\\/TES-1.webp\",\"contentUrl\":\"https:\\\/\\\/memurunsesi.net\\\/wp-content\\\/uploads\\\/2026\\\/01\\\/TES-1.webp\",\"width\":1280,\"height\":720},{\"@type\":\"BreadcrumbList\",\"@id\":\"https:\\\/\\\/memurunsesi.net\\\/index.php\\\/2026\\\/01\\\/20\\\/tamamlayici-emeklilik-sistemi-nisanda-zorunlu-oluyor-maaslardan-yuzde-3-kesinti\\\/#breadcrumb\",\"itemListElement\":[{\"@type\":\"ListItem\",\"position\":1,\"name\":\"Anasayfa\",\"item\":\"https:\\\/\\\/memurunsesi.net\\\/\"},{\"@type\":\"ListItem\",\"position\":2,\"name\":\"Tamamlay\u0131c\u0131 Emeklilik Sistemi Nisan\u2019da Zorunlu Oluyor: Maa\u015flardan Y\u00fczde 3 Kesinti\"}]},{\"@type\":\"WebSite\",\"@id\":\"https:\\\/\\\/memurunsesi.net\\\/#website\",\"url\":\"https:\\\/\\\/memurunsesi.net\\\/\",\"name\":\"Memurun Sesi\",\"description\":\"G\u00fcncel ve Do\u011fru Haber\",\"publisher\":{\"@id\":\"https:\\\/\\\/memurunsesi.net\\\/#organization\"},\"potentialAction\":[{\"@type\":\"SearchAction\",\"target\":{\"@type\":\"EntryPoint\",\"urlTemplate\":\"https:\\\/\\\/memurunsesi.net\\\/?s={search_term_string}\"},\"query-input\":{\"@type\":\"PropertyValueSpecification\",\"valueRequired\":true,\"valueName\":\"search_term_string\"}}],\"inLanguage\":\"tr\"},{\"@type\":\"Organization\",\"@id\":\"https:\\\/\\\/memurunsesi.net\\\/#organization\",\"name\":\"Memurun Sesi\",\"url\":\"https:\\\/\\\/memurunsesi.net\\\/\",\"logo\":{\"@type\":\"ImageObject\",\"inLanguage\":\"tr\",\"@id\":\"https:\\\/\\\/memurunsesi.net\\\/#\\\/schema\\\/logo\\\/image\\\/\",\"url\":\"https:\\\/\\\/memurunsesi.net\\\/wp-content\\\/uploads\\\/2025\\\/11\\\/cropped-MEMURUN-SESI.png\",\"contentUrl\":\"https:\\\/\\\/memurunsesi.net\\\/wp-content\\\/uploads\\\/2025\\\/11\\\/cropped-MEMURUN-SESI.png\",\"width\":238,\"height\":57,\"caption\":\"Memurun Sesi\"},\"image\":{\"@id\":\"https:\\\/\\\/memurunsesi.net\\\/#\\\/schema\\\/logo\\\/image\\\/\"},\"sameAs\":[\"https:\\\/\\\/www.facebook.com\\\/unipersen\\\/?locale=tr_TR\",\"https:\\\/\\\/x.com\\\/unipersen\"]},{\"@type\":\"Person\",\"@id\":\"https:\\\/\\\/memurunsesi.net\\\/#\\\/schema\\\/person\\\/f21c2d73b89f6ee1d80b0a1803e38587\",\"name\":\"Memurun Sesi Haber Merkezi\",\"image\":{\"@type\":\"ImageObject\",\"inLanguage\":\"tr\",\"@id\":\"https:\\\/\\\/secure.gravatar.com\\\/avatar\\\/6cf0505f452ee753f485014986fab09a434671d2b919ee76fc541025c5876a70?s=96&d=mm&r=g\",\"url\":\"https:\\\/\\\/secure.gravatar.com\\\/avatar\\\/6cf0505f452ee753f485014986fab09a434671d2b919ee76fc541025c5876a70?s=96&d=mm&r=g\",\"contentUrl\":\"https:\\\/\\\/secure.gravatar.com\\\/avatar\\\/6cf0505f452ee753f485014986fab09a434671d2b919ee76fc541025c5876a70?s=96&d=mm&r=g\",\"caption\":\"Memurun Sesi Haber Merkezi\"},\"sameAs\":[\"https:\\\/\\\/memurunsesi.net\"],\"url\":\"https:\\\/\\\/memurunsesi.net\\\/index.php\\\/author\\\/uniper\\\/\"}]}<\/script>\n<!-- \/ Yoast SEO plugin. -->","yoast_head_json":{"title":"Tamamlay\u0131c\u0131 Emeklilik Sistemi Nisan\u2019da Zorunlu Oluyor: Maa\u015flardan Y\u00fczde 3 Kesinti - Memurun Sesi","description":"Tamamlay\u0131c\u0131 Emeklilik Sistemi Nisan\u2019da Zorunlu Oluyor: Maa\u015flardan Y\u00fczde 3 Kesinti","robots":{"index":"index","follow":"follow","max-snippet":"max-snippet:-1","max-image-preview":"max-image-preview:large","max-video-preview":"max-video-preview:-1"},"canonical":"https:\/\/memurunsesi.net\/index.php\/2026\/01\/20\/tamamlayici-emeklilik-sistemi-nisanda-zorunlu-oluyor-maaslardan-yuzde-3-kesinti\/","og_locale":"tr_TR","og_type":"article","og_title":"Tamamlay\u0131c\u0131 Emeklilik Sistemi Nisan\u2019da Zorunlu Oluyor: Maa\u015flardan Y\u00fczde 3 Kesinti - Memurun Sesi","og_description":"Tamamlay\u0131c\u0131 Emeklilik Sistemi Nisan\u2019da Zorunlu Oluyor: Maa\u015flardan Y\u00fczde 3 Kesinti","og_url":"https:\/\/memurunsesi.net\/index.php\/2026\/01\/20\/tamamlayici-emeklilik-sistemi-nisanda-zorunlu-oluyor-maaslardan-yuzde-3-kesinti\/","og_site_name":"Memurun Sesi","article_publisher":"https:\/\/www.facebook.com\/unipersen\/?locale=tr_TR","article_published_time":"2026-01-20T10:06:44+00:00","og_image":[{"width":1280,"height":720,"url":"https:\/\/memurunsesi.net\/wp-content\/uploads\/2026\/01\/TES-1.webp","type":"image\/webp"}],"author":"Memurun Sesi Haber Merkezi","twitter_card":"summary_large_image","twitter_creator":"@unipersen","twitter_site":"@unipersen","twitter_misc":{"Yazan:":"Memurun Sesi Haber Merkezi","Tahmini okuma s\u00fcresi":"2 dakika"},"schema":{"@context":"https:\/\/schema.org","@graph":[{"@type":"Article","@id":"https:\/\/memurunsesi.net\/index.php\/2026\/01\/20\/tamamlayici-emeklilik-sistemi-nisanda-zorunlu-oluyor-maaslardan-yuzde-3-kesinti\/#article","isPartOf":{"@id":"https:\/\/memurunsesi.net\/index.php\/2026\/01\/20\/tamamlayici-emeklilik-sistemi-nisanda-zorunlu-oluyor-maaslardan-yuzde-3-kesinti\/"},"author":{"name":"Memurun Sesi Haber Merkezi","@id":"https:\/\/memurunsesi.net\/#\/schema\/person\/f21c2d73b89f6ee1d80b0a1803e38587"},"headline":"Tamamlay\u0131c\u0131 Emeklilik Sistemi Nisan\u2019da Zorunlu Oluyor: Maa\u015flardan Y\u00fczde 3 Kesinti","datePublished":"2026-01-20T10:06:44+00:00","mainEntityOfPage":{"@id":"https:\/\/memurunsesi.net\/index.php\/2026\/01\/20\/tamamlayici-emeklilik-sistemi-nisanda-zorunlu-oluyor-maaslardan-yuzde-3-kesinti\/"},"wordCount":491,"commentCount":0,"publisher":{"@id":"https:\/\/memurunsesi.net\/#organization"},"image":{"@id":"https:\/\/memurunsesi.net\/index.php\/2026\/01\/20\/tamamlayici-emeklilik-sistemi-nisanda-zorunlu-oluyor-maaslardan-yuzde-3-kesinti\/#primaryimage"},"thumbnailUrl":"https:\/\/memurunsesi.net\/wp-content\/uploads\/2026\/01\/TES-1.webp","keywords":["Memura ek k\u00fclfet"],"inLanguage":"tr","potentialAction":[{"@type":"CommentAction","name":"Comment","target":["https:\/\/memurunsesi.net\/index.php\/2026\/01\/20\/tamamlayici-emeklilik-sistemi-nisanda-zorunlu-oluyor-maaslardan-yuzde-3-kesinti\/#respond"]}]},{"@type":"WebPage","@id":"https:\/\/memurunsesi.net\/index.php\/2026\/01\/20\/tamamlayici-emeklilik-sistemi-nisanda-zorunlu-oluyor-maaslardan-yuzde-3-kesinti\/","url":"https:\/\/memurunsesi.net\/index.php\/2026\/01\/20\/tamamlayici-emeklilik-sistemi-nisanda-zorunlu-oluyor-maaslardan-yuzde-3-kesinti\/","name":"Tamamlay\u0131c\u0131 Emeklilik Sistemi Nisan\u2019da Zorunlu Oluyor: Maa\u015flardan Y\u00fczde 3 Kesinti - Memurun Sesi","isPartOf":{"@id":"https:\/\/memurunsesi.net\/#website"},"primaryImageOfPage":{"@id":"https:\/\/memurunsesi.net\/index.php\/2026\/01\/20\/tamamlayici-emeklilik-sistemi-nisanda-zorunlu-oluyor-maaslardan-yuzde-3-kesinti\/#primaryimage"},"image":{"@id":"https:\/\/memurunsesi.net\/index.php\/2026\/01\/20\/tamamlayici-emeklilik-sistemi-nisanda-zorunlu-oluyor-maaslardan-yuzde-3-kesinti\/#primaryimage"},"thumbnailUrl":"https:\/\/memurunsesi.net\/wp-content\/uploads\/2026\/01\/TES-1.webp","datePublished":"2026-01-20T10:06:44+00:00","description":"Tamamlay\u0131c\u0131 Emeklilik Sistemi Nisan\u2019da Zorunlu Oluyor: Maa\u015flardan Y\u00fczde 3 Kesinti","breadcrumb":{"@id":"https:\/\/memurunsesi.net\/index.php\/2026\/01\/20\/tamamlayici-emeklilik-sistemi-nisanda-zorunlu-oluyor-maaslardan-yuzde-3-kesinti\/#breadcrumb"},"inLanguage":"tr","potentialAction":[{"@type":"ReadAction","target":["https:\/\/memurunsesi.net\/index.php\/2026\/01\/20\/tamamlayici-emeklilik-sistemi-nisanda-zorunlu-oluyor-maaslardan-yuzde-3-kesinti\/"]}]},{"@type":"ImageObject","inLanguage":"tr","@id":"https:\/\/memurunsesi.net\/index.php\/2026\/01\/20\/tamamlayici-emeklilik-sistemi-nisanda-zorunlu-oluyor-maaslardan-yuzde-3-kesinti\/#primaryimage","url":"https:\/\/memurunsesi.net\/wp-content\/uploads\/2026\/01\/TES-1.webp","contentUrl":"https:\/\/memurunsesi.net\/wp-content\/uploads\/2026\/01\/TES-1.webp","width":1280,"height":720},{"@type":"BreadcrumbList","@id":"https:\/\/memurunsesi.net\/index.php\/2026\/01\/20\/tamamlayici-emeklilik-sistemi-nisanda-zorunlu-oluyor-maaslardan-yuzde-3-kesinti\/#breadcrumb","itemListElement":[{"@type":"ListItem","position":1,"name":"Anasayfa","item":"https:\/\/memurunsesi.net\/"},{"@type":"ListItem","position":2,"name":"Tamamlay\u0131c\u0131 Emeklilik Sistemi Nisan\u2019da Zorunlu Oluyor: Maa\u015flardan Y\u00fczde 3 Kesinti"}]},{"@type":"WebSite","@id":"https:\/\/memurunsesi.net\/#website","url":"https:\/\/memurunsesi.net\/","name":"Memurun Sesi","description":"G\u00fcncel ve Do\u011fru Haber","publisher":{"@id":"https:\/\/memurunsesi.net\/#organization"},"potentialAction":[{"@type":"SearchAction","target":{"@type":"EntryPoint","urlTemplate":"https:\/\/memurunsesi.net\/?s={search_term_string}"},"query-input":{"@type":"PropertyValueSpecification","valueRequired":true,"valueName":"search_term_string"}}],"inLanguage":"tr"},{"@type":"Organization","@id":"https:\/\/memurunsesi.net\/#organization","name":"Memurun Sesi","url":"https:\/\/memurunsesi.net\/","logo":{"@type":"ImageObject","inLanguage":"tr","@id":"https:\/\/memurunsesi.net\/#\/schema\/logo\/image\/","url":"https:\/\/memurunsesi.net\/wp-content\/uploads\/2025\/11\/cropped-MEMURUN-SESI.png","contentUrl":"https:\/\/memurunsesi.net\/wp-content\/uploads\/2025\/11\/cropped-MEMURUN-SESI.png","width":238,"height":57,"caption":"Memurun Sesi"},"image":{"@id":"https:\/\/memurunsesi.net\/#\/schema\/logo\/image\/"},"sameAs":["https:\/\/www.facebook.com\/unipersen\/?locale=tr_TR","https:\/\/x.com\/unipersen"]},{"@type":"Person","@id":"https:\/\/memurunsesi.net\/#\/schema\/person\/f21c2d73b89f6ee1d80b0a1803e38587","name":"Memurun Sesi Haber Merkezi","image":{"@type":"ImageObject","inLanguage":"tr","@id":"https:\/\/secure.gravatar.com\/avatar\/6cf0505f452ee753f485014986fab09a434671d2b919ee76fc541025c5876a70?s=96&d=mm&r=g","url":"https:\/\/secure.gravatar.com\/avatar\/6cf0505f452ee753f485014986fab09a434671d2b919ee76fc541025c5876a70?s=96&d=mm&r=g","contentUrl":"https:\/\/secure.gravatar.com\/avatar\/6cf0505f452ee753f485014986fab09a434671d2b919ee76fc541025c5876a70?s=96&d=mm&r=g","caption":"Memurun Sesi Haber Merkezi"},"sameAs":["https:\/\/memurunsesi.net"],"url":"https:\/\/memurunsesi.net\/index.php\/author\/uniper\/"}]}},"_links":{"self":[{"href":"https:\/\/memurunsesi.net\/index.php\/wp-json\/wp\/v2\/posts\/16599","targetHints":{"allow":["GET"]}}],"collection":[{"href":"https:\/\/memurunsesi.net\/index.php\/wp-json\/wp\/v2\/posts"}],"about":[{"href":"https:\/\/memurunsesi.net\/index.php\/wp-json\/wp\/v2\/types\/post"}],"author":[{"embeddable":true,"href":"https:\/\/memurunsesi.net\/index.php\/wp-json\/wp\/v2\/users\/1"}],"replies":[{"embeddable":true,"href":"https:\/\/memurunsesi.net\/index.php\/wp-json\/wp\/v2\/comments?post=16599"}],"version-history":[{"count":1,"href":"https:\/\/memurunsesi.net\/index.php\/wp-json\/wp\/v2\/posts\/16599\/revisions"}],"predecessor-version":[{"id":16601,"href":"https:\/\/memurunsesi.net\/index.php\/wp-json\/wp\/v2\/posts\/16599\/revisions\/16601"}],"wp:featuredmedia":[{"embeddable":true,"href":"https:\/\/memurunsesi.net\/index.php\/wp-json\/wp\/v2\/media\/16600"}],"wp:attachment":[{"href":"https:\/\/memurunsesi.net\/index.php\/wp-json\/wp\/v2\/media?parent=16599"}],"wp:term":[{"taxonomy":"category","embeddable":true,"href":"https:\/\/memurunsesi.net\/index.php\/wp-json\/wp\/v2\/categories?post=16599"},{"taxonomy":"post_tag","embeddable":true,"href":"https:\/\/memurunsesi.net\/index.php\/wp-json\/wp\/v2\/tags?post=16599"}],"curies":[{"name":"wp","href":"https:\/\/api.w.org\/{rel}","templated":true}]}}