{"id":16607,"date":"2026-01-21T08:26:10","date_gmt":"2026-01-21T05:26:10","guid":{"rendered":"https:\/\/memurunsesi.net\/?p=16607"},"modified":"2026-01-21T08:26:10","modified_gmt":"2026-01-21T05:26:10","slug":"kartalkaya-yangin-faciasinin-birinci-yildonumunde-acili-aileler-otel-onunde-bir-araya-geldi","status":"publish","type":"post","link":"https:\/\/memurunsesi.net\/index.php\/2026\/01\/21\/kartalkaya-yangin-faciasinin-birinci-yildonumunde-acili-aileler-otel-onunde-bir-araya-geldi\/","title":{"rendered":"Kartalkaya yang\u0131n facias\u0131n\u0131n birinci y\u0131ld\u00f6n\u00fcm\u00fcnde ac\u0131l\u0131 aileler otel \u00f6n\u00fcnde bir araya geldi"},"content":{"rendered":"<p>78 can i\u00e7in g\u00f6ky\u00fcz\u00fcne fener b\u0131rakt\u0131lar<\/p>\n<p>Bolu\u2019da Grand Kartal Otel\u2019de ge\u00e7en y\u0131l \u00e7\u0131kan ve 34\u2019\u00fc \u00e7ocuk 78 ki\u015finin ya\u015fam\u0131n\u0131 yitirdi\u011fi yang\u0131n facias\u0131n\u0131n birinci y\u0131ld\u00f6n\u00fcm\u00fcnde, ac\u0131l\u0131 aileler otel \u00f6n\u00fcnde bir araya geldi. Facian\u0131n ya\u015fand\u0131\u011f\u0131 saat 03.17\u2019de g\u00f6ky\u00fcz\u00fcne dilek fenerleri b\u0131rakan aileler, kaybettikleri yak\u0131nlar\u0131n\u0131 g\u00f6zya\u015flar\u0131yla and\u0131.<br \/>\nT\u00fcrkiye\u2019yi yasa bo\u011fan yang\u0131n facias\u0131n\u0131n \u00fczerinden tam 1 y\u0131l ge\u00e7ti. Kartalkaya\u2019daki Grand Kartal Otel\u2019de meydana gelen yang\u0131nda 34\u2019\u00fc \u00e7ocuk toplam 78 ki\u015fi hayat\u0131n\u0131 kaybetmi\u015fti. Olay\u0131n ard\u0131ndan ba\u015flat\u0131lan yarg\u0131 s\u00fcrecinde, aralar\u0131nda otel sahipleri ve y\u00f6neticilerin de bulundu\u011fu san\u0131klar hakk\u0131nda &#8220;olas\u0131 kast&#8221; ve &#8220;bilin\u00e7li taksir&#8221; su\u00e7lar\u0131ndan rekor hapis cezalar\u0131 verilmi\u015fti. Ancak ac\u0131lar\u0131n dinmedi\u011fi facian\u0131n y\u0131ld\u00f6n\u00fcm\u00fcnde, geride kalanlar bir kez daha olay yerindeydi.<\/p>\n<p>Yanan otele \u2018Melek\u2019 sembolleri yans\u0131t\u0131ld\u0131<br \/>\nGece yar\u0131s\u0131 hava s\u0131cakl\u0131\u011f\u0131n\u0131n s\u0131f\u0131r\u0131n alt\u0131na d\u00fc\u015ft\u00fc\u011f\u00fc Kartalkaya\u2019da, aileler saatler 03.17\u2019yi g\u00f6sterdi\u011finde otel binas\u0131n\u0131n \u00f6n\u00fcnde topland\u0131. Duygusal anlar\u0131n ya\u015fand\u0131\u011f\u0131 anmada, hayat\u0131n\u0131 kaybedenlerin isimleri ve onlar\u0131 temsilen \u2018Melek\u2019 sembolleri projeksiyonla otelin duvar\u0131na yans\u0131t\u0131ld\u0131. Aileler, kaybettikleri \u00e7ocuklar\u0131, e\u015fleri ve karde\u015fleri i\u00e7in g\u00f6ky\u00fcz\u00fcne dilek fenerleri b\u0131rakt\u0131.<\/p>\n<p>&#8220;Maalesef ki kocam o cehennemi ya\u015fad\u0131&#8221;<br \/>\nYang\u0131n facias\u0131nda manevi k\u0131z\u0131 Mina, e\u015fi \u015eenol Aki\u015fli\u2019yi kaybeden Men\u015fure Aki\u015fli, &#8220;\u00c7ok ac\u0131 bir gece. Buraya ayaklar\u0131m geri gide gide geldim. Ama hi\u00e7bir \u00e7aresizlik kocam\u0131n ya\u015fad\u0131\u011f\u0131 \u00e7aresizlikten daha b\u00fcy\u00fck olamaz. \u00c7\u00fcnk\u00fc benim kocam uyand\u0131 ve defalarca itfaiyeyi aram\u0131\u015f. Hi\u00e7 uyanmad\u0131\u011f\u0131n\u0131 d\u00fc\u015f\u00fcnerek bir nebze olsun kendimi avuttum. \u2018Ac\u0131 \u00e7ekmedi, annesini, o\u011flunu, k\u0131z\u0131n\u0131,kar\u0131s\u0131n\u0131 d\u00fc\u015f\u00fcnmedi\u2019 diye d\u00fc\u015f\u00fcnd\u00fcm. Maalesef ki kocam o cehennemi ya\u015fad\u0131&#8221; ifadelerine yer verdi.<\/p>\n<p>&#8220;Yani her \u015feyini kaybetmi\u015f bir insan var burada&#8221;<br \/>\nYang\u0131n facias\u0131nda abisi \u015eenol Aki\u015fli, ye\u011feni Mina Aki\u015fli ve annesi G\u00fcl\u00e7in Aki\u015fli\u2019yi kaybeden Oktay Aki\u015fli, &#8220;Annemi, abimi ve ye\u011fenimi kaybettim bu yang\u0131nda. Olaydan 78 g\u00fcn sonra da babam\u0131 kaybettim. Yani her \u015feyini kaybetmi\u015f bir insan var burada. Onlarca ailenin oca\u011f\u0131 s\u00f6nd\u00fc. Onlarca insan\u0131n hayallerini umutlar\u0131n\u0131 ellerinden ald\u0131lar&#8221; dedi.<\/p>\n<p>21.01.2026<\/p>\n","protected":false},"excerpt":{"rendered":"<p>78 can i\u00e7in g\u00f6ky\u00fcz\u00fcne fener b\u0131rakt\u0131lar Bolu\u2019da Grand Kartal Otel\u2019de ge\u00e7en y\u0131l \u00e7\u0131kan ve 34\u2019\u00fc \u00e7ocuk 78 ki\u015finin ya\u015fam\u0131n\u0131 yitirdi\u011fi yang\u0131n facias\u0131n\u0131n birinci y\u0131ld\u00f6n\u00fcm\u00fcnde, ac\u0131l\u0131 aileler otel \u00f6n\u00fcnde bir araya geldi. Facian\u0131n ya\u015fand\u0131\u011f\u0131 saat 03.17\u2019de g\u00f6ky\u00fcz\u00fcne dilek fenerleri b\u0131rakan aileler, kaybettikleri yak\u0131nlar\u0131n\u0131 g\u00f6zya\u015flar\u0131yla and\u0131. T\u00fcrkiye\u2019yi yasa bo\u011fan yang\u0131n facias\u0131n\u0131n \u00fczerinden tam 1 y\u0131l ge\u00e7ti. Kartalkaya\u2019daki [&hellip;]<\/p>\n","protected":false},"author":1,"featured_media":16608,"comment_status":"open","ping_status":"open","sticky":false,"template":"","format":"standard","meta":{"footnotes":""},"categories":[45],"tags":[911],"class_list":["post-16607","post","type-post","status-publish","format-standard","has-post-thumbnail","hentry","category-gundem","tag-otel-yangini"],"yoast_head":"<!-- This site is optimized with the Yoast SEO plugin v27.4 - https:\/\/yoast.com\/product\/yoast-seo-wordpress\/ -->\n<title>Kartalkaya yang\u0131n facias\u0131n\u0131n birinci y\u0131ld\u00f6n\u00fcm\u00fcnde ac\u0131l\u0131 aileler otel \u00f6n\u00fcnde bir araya geldi - Memurun Sesi<\/title>\n<meta name=\"description\" content=\"Kartalkaya yang\u0131n facias\u0131n\u0131n birinci y\u0131ld\u00f6n\u00fcm\u00fcnde ac\u0131l\u0131 aileler otel \u00f6n\u00fcnde bir araya geldi\" \/>\n<meta name=\"robots\" content=\"index, follow, max-snippet:-1, max-image-preview:large, max-video-preview:-1\" \/>\n<link rel=\"canonical\" href=\"https:\/\/memurunsesi.net\/index.php\/2026\/01\/21\/kartalkaya-yangin-faciasinin-birinci-yildonumunde-acili-aileler-otel-onunde-bir-araya-geldi\/\" \/>\n<meta property=\"og:locale\" content=\"tr_TR\" \/>\n<meta property=\"og:type\" content=\"article\" \/>\n<meta property=\"og:title\" content=\"Kartalkaya yang\u0131n facias\u0131n\u0131n birinci y\u0131ld\u00f6n\u00fcm\u00fcnde ac\u0131l\u0131 aileler otel \u00f6n\u00fcnde bir araya geldi - Memurun Sesi\" \/>\n<meta property=\"og:description\" content=\"Kartalkaya yang\u0131n facias\u0131n\u0131n birinci y\u0131ld\u00f6n\u00fcm\u00fcnde ac\u0131l\u0131 aileler otel \u00f6n\u00fcnde bir araya geldi\" \/>\n<meta property=\"og:url\" content=\"https:\/\/memurunsesi.net\/index.php\/2026\/01\/21\/kartalkaya-yangin-faciasinin-birinci-yildonumunde-acili-aileler-otel-onunde-bir-araya-geldi\/\" \/>\n<meta property=\"og:site_name\" content=\"Memurun Sesi\" \/>\n<meta property=\"article:publisher\" content=\"https:\/\/www.facebook.com\/unipersen\/?locale=tr_TR\" \/>\n<meta property=\"article:published_time\" content=\"2026-01-21T05:26:10+00:00\" \/>\n<meta property=\"og:image\" content=\"https:\/\/memurunsesi.net\/wp-content\/uploads\/2026\/01\/OTEL-3-scaled.jpg\" \/>\n\t<meta property=\"og:image:width\" content=\"2560\" \/>\n\t<meta property=\"og:image:height\" content=\"1440\" \/>\n\t<meta property=\"og:image:type\" content=\"image\/jpeg\" \/>\n<meta name=\"author\" content=\"Memurun Sesi Haber Merkezi\" \/>\n<meta name=\"twitter:card\" content=\"summary_large_image\" \/>\n<meta name=\"twitter:creator\" content=\"@unipersen\" \/>\n<meta name=\"twitter:site\" content=\"@unipersen\" \/>\n<meta name=\"twitter:label1\" content=\"Yazan:\" \/>\n\t<meta name=\"twitter:data1\" content=\"Memurun Sesi Haber Merkezi\" \/>\n\t<meta name=\"twitter:label2\" content=\"Tahmini okuma s\u00fcresi\" \/>\n\t<meta name=\"twitter:data2\" content=\"2 dakika\" \/>\n<script type=\"application\/ld+json\" class=\"yoast-schema-graph\">{\"@context\":\"https:\\\/\\\/schema.org\",\"@graph\":[{\"@type\":\"Article\",\"@id\":\"https:\\\/\\\/memurunsesi.net\\\/index.php\\\/2026\\\/01\\\/21\\\/kartalkaya-yangin-faciasinin-birinci-yildonumunde-acili-aileler-otel-onunde-bir-araya-geldi\\\/#article\",\"isPartOf\":{\"@id\":\"https:\\\/\\\/memurunsesi.net\\\/index.php\\\/2026\\\/01\\\/21\\\/kartalkaya-yangin-faciasinin-birinci-yildonumunde-acili-aileler-otel-onunde-bir-araya-geldi\\\/\"},\"author\":{\"name\":\"Memurun Sesi Haber Merkezi\",\"@id\":\"https:\\\/\\\/memurunsesi.net\\\/#\\\/schema\\\/person\\\/f21c2d73b89f6ee1d80b0a1803e38587\"},\"headline\":\"Kartalkaya yang\u0131n facias\u0131n\u0131n birinci y\u0131ld\u00f6n\u00fcm\u00fcnde ac\u0131l\u0131 aileler otel \u00f6n\u00fcnde bir araya geldi\",\"datePublished\":\"2026-01-21T05:26:10+00:00\",\"mainEntityOfPage\":{\"@id\":\"https:\\\/\\\/memurunsesi.net\\\/index.php\\\/2026\\\/01\\\/21\\\/kartalkaya-yangin-faciasinin-birinci-yildonumunde-acili-aileler-otel-onunde-bir-araya-geldi\\\/\"},\"wordCount\":435,\"commentCount\":0,\"publisher\":{\"@id\":\"https:\\\/\\\/memurunsesi.net\\\/#organization\"},\"image\":{\"@id\":\"https:\\\/\\\/memurunsesi.net\\\/index.php\\\/2026\\\/01\\\/21\\\/kartalkaya-yangin-faciasinin-birinci-yildonumunde-acili-aileler-otel-onunde-bir-araya-geldi\\\/#primaryimage\"},\"thumbnailUrl\":\"https:\\\/\\\/memurunsesi.net\\\/wp-content\\\/uploads\\\/2026\\\/01\\\/OTEL-3-scaled.jpg\",\"keywords\":[\"OTEL YANGINI\"],\"articleSection\":[\"G\u00fcndem\"],\"inLanguage\":\"tr\",\"potentialAction\":[{\"@type\":\"CommentAction\",\"name\":\"Comment\",\"target\":[\"https:\\\/\\\/memurunsesi.net\\\/index.php\\\/2026\\\/01\\\/21\\\/kartalkaya-yangin-faciasinin-birinci-yildonumunde-acili-aileler-otel-onunde-bir-araya-geldi\\\/#respond\"]}]},{\"@type\":\"WebPage\",\"@id\":\"https:\\\/\\\/memurunsesi.net\\\/index.php\\\/2026\\\/01\\\/21\\\/kartalkaya-yangin-faciasinin-birinci-yildonumunde-acili-aileler-otel-onunde-bir-araya-geldi\\\/\",\"url\":\"https:\\\/\\\/memurunsesi.net\\\/index.php\\\/2026\\\/01\\\/21\\\/kartalkaya-yangin-faciasinin-birinci-yildonumunde-acili-aileler-otel-onunde-bir-araya-geldi\\\/\",\"name\":\"Kartalkaya yang\u0131n facias\u0131n\u0131n birinci y\u0131ld\u00f6n\u00fcm\u00fcnde ac\u0131l\u0131 aileler otel \u00f6n\u00fcnde bir araya geldi - Memurun Sesi\",\"isPartOf\":{\"@id\":\"https:\\\/\\\/memurunsesi.net\\\/#website\"},\"primaryImageOfPage\":{\"@id\":\"https:\\\/\\\/memurunsesi.net\\\/index.php\\\/2026\\\/01\\\/21\\\/kartalkaya-yangin-faciasinin-birinci-yildonumunde-acili-aileler-otel-onunde-bir-araya-geldi\\\/#primaryimage\"},\"image\":{\"@id\":\"https:\\\/\\\/memurunsesi.net\\\/index.php\\\/2026\\\/01\\\/21\\\/kartalkaya-yangin-faciasinin-birinci-yildonumunde-acili-aileler-otel-onunde-bir-araya-geldi\\\/#primaryimage\"},\"thumbnailUrl\":\"https:\\\/\\\/memurunsesi.net\\\/wp-content\\\/uploads\\\/2026\\\/01\\\/OTEL-3-scaled.jpg\",\"datePublished\":\"2026-01-21T05:26:10+00:00\",\"description\":\"Kartalkaya yang\u0131n facias\u0131n\u0131n birinci y\u0131ld\u00f6n\u00fcm\u00fcnde ac\u0131l\u0131 aileler otel \u00f6n\u00fcnde bir araya geldi\",\"breadcrumb\":{\"@id\":\"https:\\\/\\\/memurunsesi.net\\\/index.php\\\/2026\\\/01\\\/21\\\/kartalkaya-yangin-faciasinin-birinci-yildonumunde-acili-aileler-otel-onunde-bir-araya-geldi\\\/#breadcrumb\"},\"inLanguage\":\"tr\",\"potentialAction\":[{\"@type\":\"ReadAction\",\"target\":[\"https:\\\/\\\/memurunsesi.net\\\/index.php\\\/2026\\\/01\\\/21\\\/kartalkaya-yangin-faciasinin-birinci-yildonumunde-acili-aileler-otel-onunde-bir-araya-geldi\\\/\"]}]},{\"@type\":\"ImageObject\",\"inLanguage\":\"tr\",\"@id\":\"https:\\\/\\\/memurunsesi.net\\\/index.php\\\/2026\\\/01\\\/21\\\/kartalkaya-yangin-faciasinin-birinci-yildonumunde-acili-aileler-otel-onunde-bir-araya-geldi\\\/#primaryimage\",\"url\":\"https:\\\/\\\/memurunsesi.net\\\/wp-content\\\/uploads\\\/2026\\\/01\\\/OTEL-3-scaled.jpg\",\"contentUrl\":\"https:\\\/\\\/memurunsesi.net\\\/wp-content\\\/uploads\\\/2026\\\/01\\\/OTEL-3-scaled.jpg\",\"width\":2560,\"height\":1440,\"caption\":\"BOLU'DA GRAND KARTAL OTEL'DE GE\u00c7EN YIL \u00c7IKAN VE 34'\u00dc \u00c7OCUK 78 K\u0130\u015e\u0130N\u0130N YA\u015eAMINI Y\u0130T\u0130RD\u0130\u011e\u0130 YANGIN FAC\u0130ASININ B\u0130R\u0130NC\u0130 YILD\u00d6N\u00dcM\u00dcNDE, ACILI A\u0130LELER OTEL \u00d6N\u00dcNDE B\u0130R ARAYA GELD\u0130. FAC\u0130ANIN YA\u015eANDI\u011eI SAAT 03.17'DE G\u00d6KY\u00dcZ\u00dcNE D\u0130LEK FENERLER\u0130 BIRAKAN A\u0130LELER, KAYBETT\u0130KLER\u0130 YAKINLARINI G\u00d6ZYA\u015eLARIYLA ANDI. (ENES \u00d6ZKAN - YA\u011eIZ EKMEN\\\/BOLU-\u0130HA) Bolu'da Grand Kartal Otel'de ge\u00e7en y\u0131l \u00e7\u0131kan ve 34'\u00fc \u00e7ocuk 78 ki\u015finin ya\u015fam\u0131n\u0131 yitirdi\u011fi yang\u0131n facias\u0131n\u0131n birinci y\u0131ld\u00f6n\u00fcm\u00fcnde, ac\u0131l\u0131 aileler otel \u00f6n\u00fcnde bir araya geldi. Facian\u0131n ya\u015fand\u0131\u011f\u0131 saat 03.17'de g\u00f6ky\u00fcz\u00fcne dilek fenerleri b\u0131rakan aileler, kaybettikleri yak\u0131nlar\u0131n\u0131 g\u00f6zya\u015flar\u0131yla and\u0131.\"},{\"@type\":\"BreadcrumbList\",\"@id\":\"https:\\\/\\\/memurunsesi.net\\\/index.php\\\/2026\\\/01\\\/21\\\/kartalkaya-yangin-faciasinin-birinci-yildonumunde-acili-aileler-otel-onunde-bir-araya-geldi\\\/#breadcrumb\",\"itemListElement\":[{\"@type\":\"ListItem\",\"position\":1,\"name\":\"Anasayfa\",\"item\":\"https:\\\/\\\/memurunsesi.net\\\/\"},{\"@type\":\"ListItem\",\"position\":2,\"name\":\"Kartalkaya yang\u0131n facias\u0131n\u0131n birinci y\u0131ld\u00f6n\u00fcm\u00fcnde ac\u0131l\u0131 aileler otel \u00f6n\u00fcnde bir araya geldi\"}]},{\"@type\":\"WebSite\",\"@id\":\"https:\\\/\\\/memurunsesi.net\\\/#website\",\"url\":\"https:\\\/\\\/memurunsesi.net\\\/\",\"name\":\"Memurun Sesi\",\"description\":\"G\u00fcncel ve Do\u011fru Haber\",\"publisher\":{\"@id\":\"https:\\\/\\\/memurunsesi.net\\\/#organization\"},\"potentialAction\":[{\"@type\":\"SearchAction\",\"target\":{\"@type\":\"EntryPoint\",\"urlTemplate\":\"https:\\\/\\\/memurunsesi.net\\\/?s={search_term_string}\"},\"query-input\":{\"@type\":\"PropertyValueSpecification\",\"valueRequired\":true,\"valueName\":\"search_term_string\"}}],\"inLanguage\":\"tr\"},{\"@type\":\"Organization\",\"@id\":\"https:\\\/\\\/memurunsesi.net\\\/#organization\",\"name\":\"Memurun Sesi\",\"url\":\"https:\\\/\\\/memurunsesi.net\\\/\",\"logo\":{\"@type\":\"ImageObject\",\"inLanguage\":\"tr\",\"@id\":\"https:\\\/\\\/memurunsesi.net\\\/#\\\/schema\\\/logo\\\/image\\\/\",\"url\":\"https:\\\/\\\/memurunsesi.net\\\/wp-content\\\/uploads\\\/2025\\\/11\\\/cropped-MEMURUN-SESI.png\",\"contentUrl\":\"https:\\\/\\\/memurunsesi.net\\\/wp-content\\\/uploads\\\/2025\\\/11\\\/cropped-MEMURUN-SESI.png\",\"width\":238,\"height\":57,\"caption\":\"Memurun Sesi\"},\"image\":{\"@id\":\"https:\\\/\\\/memurunsesi.net\\\/#\\\/schema\\\/logo\\\/image\\\/\"},\"sameAs\":[\"https:\\\/\\\/www.facebook.com\\\/unipersen\\\/?locale=tr_TR\",\"https:\\\/\\\/x.com\\\/unipersen\"]},{\"@type\":\"Person\",\"@id\":\"https:\\\/\\\/memurunsesi.net\\\/#\\\/schema\\\/person\\\/f21c2d73b89f6ee1d80b0a1803e38587\",\"name\":\"Memurun Sesi Haber Merkezi\",\"image\":{\"@type\":\"ImageObject\",\"inLanguage\":\"tr\",\"@id\":\"https:\\\/\\\/secure.gravatar.com\\\/avatar\\\/6cf0505f452ee753f485014986fab09a434671d2b919ee76fc541025c5876a70?s=96&d=mm&r=g\",\"url\":\"https:\\\/\\\/secure.gravatar.com\\\/avatar\\\/6cf0505f452ee753f485014986fab09a434671d2b919ee76fc541025c5876a70?s=96&d=mm&r=g\",\"contentUrl\":\"https:\\\/\\\/secure.gravatar.com\\\/avatar\\\/6cf0505f452ee753f485014986fab09a434671d2b919ee76fc541025c5876a70?s=96&d=mm&r=g\",\"caption\":\"Memurun Sesi Haber Merkezi\"},\"sameAs\":[\"https:\\\/\\\/memurunsesi.net\"],\"url\":\"https:\\\/\\\/memurunsesi.net\\\/index.php\\\/author\\\/uniper\\\/\"}]}<\/script>\n<!-- \/ Yoast SEO plugin. -->","yoast_head_json":{"title":"Kartalkaya yang\u0131n facias\u0131n\u0131n birinci y\u0131ld\u00f6n\u00fcm\u00fcnde ac\u0131l\u0131 aileler otel \u00f6n\u00fcnde bir araya geldi - Memurun Sesi","description":"Kartalkaya yang\u0131n facias\u0131n\u0131n birinci y\u0131ld\u00f6n\u00fcm\u00fcnde ac\u0131l\u0131 aileler otel \u00f6n\u00fcnde bir araya geldi","robots":{"index":"index","follow":"follow","max-snippet":"max-snippet:-1","max-image-preview":"max-image-preview:large","max-video-preview":"max-video-preview:-1"},"canonical":"https:\/\/memurunsesi.net\/index.php\/2026\/01\/21\/kartalkaya-yangin-faciasinin-birinci-yildonumunde-acili-aileler-otel-onunde-bir-araya-geldi\/","og_locale":"tr_TR","og_type":"article","og_title":"Kartalkaya yang\u0131n facias\u0131n\u0131n birinci y\u0131ld\u00f6n\u00fcm\u00fcnde ac\u0131l\u0131 aileler otel \u00f6n\u00fcnde bir araya geldi - Memurun Sesi","og_description":"Kartalkaya yang\u0131n facias\u0131n\u0131n birinci y\u0131ld\u00f6n\u00fcm\u00fcnde ac\u0131l\u0131 aileler otel \u00f6n\u00fcnde bir araya geldi","og_url":"https:\/\/memurunsesi.net\/index.php\/2026\/01\/21\/kartalkaya-yangin-faciasinin-birinci-yildonumunde-acili-aileler-otel-onunde-bir-araya-geldi\/","og_site_name":"Memurun Sesi","article_publisher":"https:\/\/www.facebook.com\/unipersen\/?locale=tr_TR","article_published_time":"2026-01-21T05:26:10+00:00","og_image":[{"width":2560,"height":1440,"url":"https:\/\/memurunsesi.net\/wp-content\/uploads\/2026\/01\/OTEL-3-scaled.jpg","type":"image\/jpeg"}],"author":"Memurun Sesi Haber Merkezi","twitter_card":"summary_large_image","twitter_creator":"@unipersen","twitter_site":"@unipersen","twitter_misc":{"Yazan:":"Memurun Sesi Haber Merkezi","Tahmini okuma s\u00fcresi":"2 dakika"},"schema":{"@context":"https:\/\/schema.org","@graph":[{"@type":"Article","@id":"https:\/\/memurunsesi.net\/index.php\/2026\/01\/21\/kartalkaya-yangin-faciasinin-birinci-yildonumunde-acili-aileler-otel-onunde-bir-araya-geldi\/#article","isPartOf":{"@id":"https:\/\/memurunsesi.net\/index.php\/2026\/01\/21\/kartalkaya-yangin-faciasinin-birinci-yildonumunde-acili-aileler-otel-onunde-bir-araya-geldi\/"},"author":{"name":"Memurun Sesi Haber Merkezi","@id":"https:\/\/memurunsesi.net\/#\/schema\/person\/f21c2d73b89f6ee1d80b0a1803e38587"},"headline":"Kartalkaya yang\u0131n facias\u0131n\u0131n birinci y\u0131ld\u00f6n\u00fcm\u00fcnde ac\u0131l\u0131 aileler otel \u00f6n\u00fcnde bir araya geldi","datePublished":"2026-01-21T05:26:10+00:00","mainEntityOfPage":{"@id":"https:\/\/memurunsesi.net\/index.php\/2026\/01\/21\/kartalkaya-yangin-faciasinin-birinci-yildonumunde-acili-aileler-otel-onunde-bir-araya-geldi\/"},"wordCount":435,"commentCount":0,"publisher":{"@id":"https:\/\/memurunsesi.net\/#organization"},"image":{"@id":"https:\/\/memurunsesi.net\/index.php\/2026\/01\/21\/kartalkaya-yangin-faciasinin-birinci-yildonumunde-acili-aileler-otel-onunde-bir-araya-geldi\/#primaryimage"},"thumbnailUrl":"https:\/\/memurunsesi.net\/wp-content\/uploads\/2026\/01\/OTEL-3-scaled.jpg","keywords":["OTEL YANGINI"],"articleSection":["G\u00fcndem"],"inLanguage":"tr","potentialAction":[{"@type":"CommentAction","name":"Comment","target":["https:\/\/memurunsesi.net\/index.php\/2026\/01\/21\/kartalkaya-yangin-faciasinin-birinci-yildonumunde-acili-aileler-otel-onunde-bir-araya-geldi\/#respond"]}]},{"@type":"WebPage","@id":"https:\/\/memurunsesi.net\/index.php\/2026\/01\/21\/kartalkaya-yangin-faciasinin-birinci-yildonumunde-acili-aileler-otel-onunde-bir-araya-geldi\/","url":"https:\/\/memurunsesi.net\/index.php\/2026\/01\/21\/kartalkaya-yangin-faciasinin-birinci-yildonumunde-acili-aileler-otel-onunde-bir-araya-geldi\/","name":"Kartalkaya yang\u0131n facias\u0131n\u0131n birinci y\u0131ld\u00f6n\u00fcm\u00fcnde ac\u0131l\u0131 aileler otel \u00f6n\u00fcnde bir araya geldi - Memurun Sesi","isPartOf":{"@id":"https:\/\/memurunsesi.net\/#website"},"primaryImageOfPage":{"@id":"https:\/\/memurunsesi.net\/index.php\/2026\/01\/21\/kartalkaya-yangin-faciasinin-birinci-yildonumunde-acili-aileler-otel-onunde-bir-araya-geldi\/#primaryimage"},"image":{"@id":"https:\/\/memurunsesi.net\/index.php\/2026\/01\/21\/kartalkaya-yangin-faciasinin-birinci-yildonumunde-acili-aileler-otel-onunde-bir-araya-geldi\/#primaryimage"},"thumbnailUrl":"https:\/\/memurunsesi.net\/wp-content\/uploads\/2026\/01\/OTEL-3-scaled.jpg","datePublished":"2026-01-21T05:26:10+00:00","description":"Kartalkaya yang\u0131n facias\u0131n\u0131n birinci y\u0131ld\u00f6n\u00fcm\u00fcnde ac\u0131l\u0131 aileler otel \u00f6n\u00fcnde bir araya geldi","breadcrumb":{"@id":"https:\/\/memurunsesi.net\/index.php\/2026\/01\/21\/kartalkaya-yangin-faciasinin-birinci-yildonumunde-acili-aileler-otel-onunde-bir-araya-geldi\/#breadcrumb"},"inLanguage":"tr","potentialAction":[{"@type":"ReadAction","target":["https:\/\/memurunsesi.net\/index.php\/2026\/01\/21\/kartalkaya-yangin-faciasinin-birinci-yildonumunde-acili-aileler-otel-onunde-bir-araya-geldi\/"]}]},{"@type":"ImageObject","inLanguage":"tr","@id":"https:\/\/memurunsesi.net\/index.php\/2026\/01\/21\/kartalkaya-yangin-faciasinin-birinci-yildonumunde-acili-aileler-otel-onunde-bir-araya-geldi\/#primaryimage","url":"https:\/\/memurunsesi.net\/wp-content\/uploads\/2026\/01\/OTEL-3-scaled.jpg","contentUrl":"https:\/\/memurunsesi.net\/wp-content\/uploads\/2026\/01\/OTEL-3-scaled.jpg","width":2560,"height":1440,"caption":"BOLU'DA GRAND KARTAL OTEL'DE GE\u00c7EN YIL \u00c7IKAN VE 34'\u00dc \u00c7OCUK 78 K\u0130\u015e\u0130N\u0130N YA\u015eAMINI Y\u0130T\u0130RD\u0130\u011e\u0130 YANGIN FAC\u0130ASININ B\u0130R\u0130NC\u0130 YILD\u00d6N\u00dcM\u00dcNDE, ACILI A\u0130LELER OTEL \u00d6N\u00dcNDE B\u0130R ARAYA GELD\u0130. FAC\u0130ANIN YA\u015eANDI\u011eI SAAT 03.17'DE G\u00d6KY\u00dcZ\u00dcNE D\u0130LEK FENERLER\u0130 BIRAKAN A\u0130LELER, KAYBETT\u0130KLER\u0130 YAKINLARINI G\u00d6ZYA\u015eLARIYLA ANDI. (ENES \u00d6ZKAN - YA\u011eIZ EKMEN\/BOLU-\u0130HA) Bolu'da Grand Kartal Otel'de ge\u00e7en y\u0131l \u00e7\u0131kan ve 34'\u00fc \u00e7ocuk 78 ki\u015finin ya\u015fam\u0131n\u0131 yitirdi\u011fi yang\u0131n facias\u0131n\u0131n birinci y\u0131ld\u00f6n\u00fcm\u00fcnde, ac\u0131l\u0131 aileler otel \u00f6n\u00fcnde bir araya geldi. Facian\u0131n ya\u015fand\u0131\u011f\u0131 saat 03.17'de g\u00f6ky\u00fcz\u00fcne dilek fenerleri b\u0131rakan aileler, kaybettikleri yak\u0131nlar\u0131n\u0131 g\u00f6zya\u015flar\u0131yla and\u0131."},{"@type":"BreadcrumbList","@id":"https:\/\/memurunsesi.net\/index.php\/2026\/01\/21\/kartalkaya-yangin-faciasinin-birinci-yildonumunde-acili-aileler-otel-onunde-bir-araya-geldi\/#breadcrumb","itemListElement":[{"@type":"ListItem","position":1,"name":"Anasayfa","item":"https:\/\/memurunsesi.net\/"},{"@type":"ListItem","position":2,"name":"Kartalkaya yang\u0131n facias\u0131n\u0131n birinci y\u0131ld\u00f6n\u00fcm\u00fcnde ac\u0131l\u0131 aileler otel \u00f6n\u00fcnde bir araya geldi"}]},{"@type":"WebSite","@id":"https:\/\/memurunsesi.net\/#website","url":"https:\/\/memurunsesi.net\/","name":"Memurun Sesi","description":"G\u00fcncel ve Do\u011fru Haber","publisher":{"@id":"https:\/\/memurunsesi.net\/#organization"},"potentialAction":[{"@type":"SearchAction","target":{"@type":"EntryPoint","urlTemplate":"https:\/\/memurunsesi.net\/?s={search_term_string}"},"query-input":{"@type":"PropertyValueSpecification","valueRequired":true,"valueName":"search_term_string"}}],"inLanguage":"tr"},{"@type":"Organization","@id":"https:\/\/memurunsesi.net\/#organization","name":"Memurun Sesi","url":"https:\/\/memurunsesi.net\/","logo":{"@type":"ImageObject","inLanguage":"tr","@id":"https:\/\/memurunsesi.net\/#\/schema\/logo\/image\/","url":"https:\/\/memurunsesi.net\/wp-content\/uploads\/2025\/11\/cropped-MEMURUN-SESI.png","contentUrl":"https:\/\/memurunsesi.net\/wp-content\/uploads\/2025\/11\/cropped-MEMURUN-SESI.png","width":238,"height":57,"caption":"Memurun Sesi"},"image":{"@id":"https:\/\/memurunsesi.net\/#\/schema\/logo\/image\/"},"sameAs":["https:\/\/www.facebook.com\/unipersen\/?locale=tr_TR","https:\/\/x.com\/unipersen"]},{"@type":"Person","@id":"https:\/\/memurunsesi.net\/#\/schema\/person\/f21c2d73b89f6ee1d80b0a1803e38587","name":"Memurun Sesi Haber Merkezi","image":{"@type":"ImageObject","inLanguage":"tr","@id":"https:\/\/secure.gravatar.com\/avatar\/6cf0505f452ee753f485014986fab09a434671d2b919ee76fc541025c5876a70?s=96&d=mm&r=g","url":"https:\/\/secure.gravatar.com\/avatar\/6cf0505f452ee753f485014986fab09a434671d2b919ee76fc541025c5876a70?s=96&d=mm&r=g","contentUrl":"https:\/\/secure.gravatar.com\/avatar\/6cf0505f452ee753f485014986fab09a434671d2b919ee76fc541025c5876a70?s=96&d=mm&r=g","caption":"Memurun Sesi Haber Merkezi"},"sameAs":["https:\/\/memurunsesi.net"],"url":"https:\/\/memurunsesi.net\/index.php\/author\/uniper\/"}]}},"_links":{"self":[{"href":"https:\/\/memurunsesi.net\/index.php\/wp-json\/wp\/v2\/posts\/16607","targetHints":{"allow":["GET"]}}],"collection":[{"href":"https:\/\/memurunsesi.net\/index.php\/wp-json\/wp\/v2\/posts"}],"about":[{"href":"https:\/\/memurunsesi.net\/index.php\/wp-json\/wp\/v2\/types\/post"}],"author":[{"embeddable":true,"href":"https:\/\/memurunsesi.net\/index.php\/wp-json\/wp\/v2\/users\/1"}],"replies":[{"embeddable":true,"href":"https:\/\/memurunsesi.net\/index.php\/wp-json\/wp\/v2\/comments?post=16607"}],"version-history":[{"count":1,"href":"https:\/\/memurunsesi.net\/index.php\/wp-json\/wp\/v2\/posts\/16607\/revisions"}],"predecessor-version":[{"id":16609,"href":"https:\/\/memurunsesi.net\/index.php\/wp-json\/wp\/v2\/posts\/16607\/revisions\/16609"}],"wp:featuredmedia":[{"embeddable":true,"href":"https:\/\/memurunsesi.net\/index.php\/wp-json\/wp\/v2\/media\/16608"}],"wp:attachment":[{"href":"https:\/\/memurunsesi.net\/index.php\/wp-json\/wp\/v2\/media?parent=16607"}],"wp:term":[{"taxonomy":"category","embeddable":true,"href":"https:\/\/memurunsesi.net\/index.php\/wp-json\/wp\/v2\/categories?post=16607"},{"taxonomy":"post_tag","embeddable":true,"href":"https:\/\/memurunsesi.net\/index.php\/wp-json\/wp\/v2\/tags?post=16607"}],"curies":[{"name":"wp","href":"https:\/\/api.w.org\/{rel}","templated":true}]}}