{"id":16613,"date":"2026-01-21T08:29:23","date_gmt":"2026-01-21T05:29:23","guid":{"rendered":"https:\/\/memurunsesi.net\/?p=16613"},"modified":"2026-01-21T08:29:23","modified_gmt":"2026-01-21T05:29:23","slug":"malatyada-mustakil-evde-yangin-mahsur-kalan-kadin-kurtarildi","status":"publish","type":"post","link":"https:\/\/memurunsesi.net\/index.php\/2026\/01\/21\/malatyada-mustakil-evde-yangin-mahsur-kalan-kadin-kurtarildi\/","title":{"rendered":"Malatya&#8217;da m\u00fcstakil evde yang\u0131n: Mahsur kalan kad\u0131n kurtar\u0131ld\u0131"},"content":{"rendered":"<p>Malatya&#8217;da m\u00fcstakil bir evde \u00e7\u0131kan yang\u0131n pani\u011fe neden olurken, evde mahsur kalan bir kad\u0131n itfaiye ekipleri taraf\u0131ndan kurtar\u0131ld\u0131.<br \/>\nOlay, saat 02.30 s\u0131ralar\u0131nda Battalgazi il\u00e7esi F\u0131rat Mahallesi Gelibolu Sokak&#8217;ta meydana geldi. Edinilen bilgilere g\u00f6re, tek katl\u0131 m\u00fcstakil bir evde hen\u00fcz bilinmeyen bir nedenle yang\u0131n \u00e7\u0131kt\u0131. \u0130hbar \u00fczerine olay yerine polis, itfaiye ve sa\u011fl\u0131k ekipleri sevk edildi. Evde bulunan S.A., itfaiye ekiplerinin \u00e7al\u0131\u015fmas\u0131 sonucu kurtar\u0131larak sa\u011fl\u0131k ekiplerine teslim edildi. S.A.&#8217;n\u0131n evde bir ki\u015finin daha bulundu\u011funu belirtmesi \u00fczerine ekipler taraf\u0131ndan evde kapsaml\u0131 arama yap\u0131ld\u0131 ancak ba\u015fka bir ki\u015fiye rastlanmad\u0131. Hastaneye gitmeyi reddeden S.A.&#8217;ya olay yerinde m\u00fcdahale edildi.<br \/>\nYang\u0131nda ev kullan\u0131lamaz hale gelirken, olayla ilgili inceleme ba\u015flat\u0131ld\u0131.<\/p>\n<p>21.01.2026<\/p>\n","protected":false},"excerpt":{"rendered":"<p>Malatya&#8217;da m\u00fcstakil bir evde \u00e7\u0131kan yang\u0131n pani\u011fe neden olurken, evde mahsur kalan bir kad\u0131n itfaiye ekipleri taraf\u0131ndan kurtar\u0131ld\u0131. Olay, saat 02.30 s\u0131ralar\u0131nda Battalgazi il\u00e7esi F\u0131rat Mahallesi Gelibolu Sokak&#8217;ta meydana geldi. Edinilen bilgilere g\u00f6re, tek katl\u0131 m\u00fcstakil bir evde hen\u00fcz bilinmeyen bir nedenle yang\u0131n \u00e7\u0131kt\u0131. \u0130hbar \u00fczerine olay yerine polis, itfaiye ve sa\u011fl\u0131k ekipleri sevk edildi. [&hellip;]<\/p>\n","protected":false},"author":1,"featured_media":16614,"comment_status":"open","ping_status":"open","sticky":false,"template":"","format":"standard","meta":{"footnotes":""},"categories":[50],"tags":[913],"class_list":["post-16613","post","type-post","status-publish","format-standard","has-post-thumbnail","hentry","category-tum-haberler","tag-mustakil-evde-yangin"],"yoast_head":"<!-- This site is optimized with the Yoast SEO plugin v27.4 - https:\/\/yoast.com\/product\/yoast-seo-wordpress\/ -->\n<title>Malatya&#039;da m\u00fcstakil evde yang\u0131n: Mahsur kalan kad\u0131n kurtar\u0131ld\u0131 - Memurun Sesi<\/title>\n<meta name=\"description\" content=\"Malatya&#039;da m\u00fcstakil evde yang\u0131n: Mahsur kalan kad\u0131n kurtar\u0131ld\u0131\" \/>\n<meta name=\"robots\" content=\"index, follow, max-snippet:-1, max-image-preview:large, max-video-preview:-1\" \/>\n<link rel=\"canonical\" href=\"https:\/\/memurunsesi.net\/index.php\/2026\/01\/21\/malatyada-mustakil-evde-yangin-mahsur-kalan-kadin-kurtarildi\/\" \/>\n<meta property=\"og:locale\" content=\"tr_TR\" \/>\n<meta property=\"og:type\" content=\"article\" \/>\n<meta property=\"og:title\" content=\"Malatya&#039;da m\u00fcstakil evde yang\u0131n: Mahsur kalan kad\u0131n kurtar\u0131ld\u0131 - Memurun Sesi\" \/>\n<meta property=\"og:description\" content=\"Malatya&#039;da m\u00fcstakil evde yang\u0131n: Mahsur kalan kad\u0131n kurtar\u0131ld\u0131\" \/>\n<meta property=\"og:url\" content=\"https:\/\/memurunsesi.net\/index.php\/2026\/01\/21\/malatyada-mustakil-evde-yangin-mahsur-kalan-kadin-kurtarildi\/\" \/>\n<meta property=\"og:site_name\" content=\"Memurun Sesi\" \/>\n<meta property=\"article:publisher\" content=\"https:\/\/www.facebook.com\/unipersen\/?locale=tr_TR\" \/>\n<meta property=\"article:published_time\" content=\"2026-01-21T05:29:23+00:00\" \/>\n<meta property=\"og:image\" content=\"https:\/\/memurunsesi.net\/wp-content\/uploads\/2026\/01\/mustakil-evde-yangin-scaled.jpg\" \/>\n\t<meta property=\"og:image:width\" content=\"2560\" \/>\n\t<meta property=\"og:image:height\" content=\"1440\" \/>\n\t<meta property=\"og:image:type\" content=\"image\/jpeg\" \/>\n<meta name=\"author\" content=\"Memurun Sesi Haber Merkezi\" \/>\n<meta name=\"twitter:card\" content=\"summary_large_image\" \/>\n<meta name=\"twitter:creator\" content=\"@unipersen\" \/>\n<meta name=\"twitter:site\" content=\"@unipersen\" \/>\n<meta name=\"twitter:label1\" content=\"Yazan:\" \/>\n\t<meta name=\"twitter:data1\" content=\"Memurun Sesi Haber Merkezi\" \/>\n\t<meta name=\"twitter:label2\" content=\"Tahmini okuma s\u00fcresi\" \/>\n\t<meta name=\"twitter:data2\" content=\"1 dakika\" \/>\n<script type=\"application\/ld+json\" class=\"yoast-schema-graph\">{\"@context\":\"https:\\\/\\\/schema.org\",\"@graph\":[{\"@type\":\"Article\",\"@id\":\"https:\\\/\\\/memurunsesi.net\\\/index.php\\\/2026\\\/01\\\/21\\\/malatyada-mustakil-evde-yangin-mahsur-kalan-kadin-kurtarildi\\\/#article\",\"isPartOf\":{\"@id\":\"https:\\\/\\\/memurunsesi.net\\\/index.php\\\/2026\\\/01\\\/21\\\/malatyada-mustakil-evde-yangin-mahsur-kalan-kadin-kurtarildi\\\/\"},\"author\":{\"name\":\"Memurun Sesi Haber Merkezi\",\"@id\":\"https:\\\/\\\/memurunsesi.net\\\/#\\\/schema\\\/person\\\/f21c2d73b89f6ee1d80b0a1803e38587\"},\"headline\":\"Malatya&#8217;da m\u00fcstakil evde yang\u0131n: Mahsur kalan kad\u0131n kurtar\u0131ld\u0131\",\"datePublished\":\"2026-01-21T05:29:23+00:00\",\"mainEntityOfPage\":{\"@id\":\"https:\\\/\\\/memurunsesi.net\\\/index.php\\\/2026\\\/01\\\/21\\\/malatyada-mustakil-evde-yangin-mahsur-kalan-kadin-kurtarildi\\\/\"},\"wordCount\":154,\"commentCount\":0,\"publisher\":{\"@id\":\"https:\\\/\\\/memurunsesi.net\\\/#organization\"},\"image\":{\"@id\":\"https:\\\/\\\/memurunsesi.net\\\/index.php\\\/2026\\\/01\\\/21\\\/malatyada-mustakil-evde-yangin-mahsur-kalan-kadin-kurtarildi\\\/#primaryimage\"},\"thumbnailUrl\":\"https:\\\/\\\/memurunsesi.net\\\/wp-content\\\/uploads\\\/2026\\\/01\\\/mustakil-evde-yangin-scaled.jpg\",\"keywords\":[\"m\u00fcstakil evde yang\u0131n\"],\"articleSection\":[\"T\u00fcm Haberler\"],\"inLanguage\":\"tr\",\"potentialAction\":[{\"@type\":\"CommentAction\",\"name\":\"Comment\",\"target\":[\"https:\\\/\\\/memurunsesi.net\\\/index.php\\\/2026\\\/01\\\/21\\\/malatyada-mustakil-evde-yangin-mahsur-kalan-kadin-kurtarildi\\\/#respond\"]}]},{\"@type\":\"WebPage\",\"@id\":\"https:\\\/\\\/memurunsesi.net\\\/index.php\\\/2026\\\/01\\\/21\\\/malatyada-mustakil-evde-yangin-mahsur-kalan-kadin-kurtarildi\\\/\",\"url\":\"https:\\\/\\\/memurunsesi.net\\\/index.php\\\/2026\\\/01\\\/21\\\/malatyada-mustakil-evde-yangin-mahsur-kalan-kadin-kurtarildi\\\/\",\"name\":\"Malatya'da m\u00fcstakil evde yang\u0131n: Mahsur kalan kad\u0131n kurtar\u0131ld\u0131 - Memurun Sesi\",\"isPartOf\":{\"@id\":\"https:\\\/\\\/memurunsesi.net\\\/#website\"},\"primaryImageOfPage\":{\"@id\":\"https:\\\/\\\/memurunsesi.net\\\/index.php\\\/2026\\\/01\\\/21\\\/malatyada-mustakil-evde-yangin-mahsur-kalan-kadin-kurtarildi\\\/#primaryimage\"},\"image\":{\"@id\":\"https:\\\/\\\/memurunsesi.net\\\/index.php\\\/2026\\\/01\\\/21\\\/malatyada-mustakil-evde-yangin-mahsur-kalan-kadin-kurtarildi\\\/#primaryimage\"},\"thumbnailUrl\":\"https:\\\/\\\/memurunsesi.net\\\/wp-content\\\/uploads\\\/2026\\\/01\\\/mustakil-evde-yangin-scaled.jpg\",\"datePublished\":\"2026-01-21T05:29:23+00:00\",\"description\":\"Malatya'da m\u00fcstakil evde yang\u0131n: Mahsur kalan kad\u0131n kurtar\u0131ld\u0131\",\"breadcrumb\":{\"@id\":\"https:\\\/\\\/memurunsesi.net\\\/index.php\\\/2026\\\/01\\\/21\\\/malatyada-mustakil-evde-yangin-mahsur-kalan-kadin-kurtarildi\\\/#breadcrumb\"},\"inLanguage\":\"tr\",\"potentialAction\":[{\"@type\":\"ReadAction\",\"target\":[\"https:\\\/\\\/memurunsesi.net\\\/index.php\\\/2026\\\/01\\\/21\\\/malatyada-mustakil-evde-yangin-mahsur-kalan-kadin-kurtarildi\\\/\"]}]},{\"@type\":\"ImageObject\",\"inLanguage\":\"tr\",\"@id\":\"https:\\\/\\\/memurunsesi.net\\\/index.php\\\/2026\\\/01\\\/21\\\/malatyada-mustakil-evde-yangin-mahsur-kalan-kadin-kurtarildi\\\/#primaryimage\",\"url\":\"https:\\\/\\\/memurunsesi.net\\\/wp-content\\\/uploads\\\/2026\\\/01\\\/mustakil-evde-yangin-scaled.jpg\",\"contentUrl\":\"https:\\\/\\\/memurunsesi.net\\\/wp-content\\\/uploads\\\/2026\\\/01\\\/mustakil-evde-yangin-scaled.jpg\",\"width\":2560,\"height\":1440,\"caption\":\"MALATYA'DA EV YANGINI: MAHSUR KALAN KADIN KURTARILDI (HASAN ERYILMAZ\\\/MALATYA-\u0130HA) Malatya'da m\u00fcstakil bir evde \u00e7\u0131kan yang\u0131n pani\u011fe neden olurken, evde mahsur kalan bir kad\u0131n itfaiye ekipleri taraf\u0131ndan kurtar\u0131ld\u0131.\"},{\"@type\":\"BreadcrumbList\",\"@id\":\"https:\\\/\\\/memurunsesi.net\\\/index.php\\\/2026\\\/01\\\/21\\\/malatyada-mustakil-evde-yangin-mahsur-kalan-kadin-kurtarildi\\\/#breadcrumb\",\"itemListElement\":[{\"@type\":\"ListItem\",\"position\":1,\"name\":\"Anasayfa\",\"item\":\"https:\\\/\\\/memurunsesi.net\\\/\"},{\"@type\":\"ListItem\",\"position\":2,\"name\":\"Malatya&#8217;da m\u00fcstakil evde yang\u0131n: Mahsur kalan kad\u0131n kurtar\u0131ld\u0131\"}]},{\"@type\":\"WebSite\",\"@id\":\"https:\\\/\\\/memurunsesi.net\\\/#website\",\"url\":\"https:\\\/\\\/memurunsesi.net\\\/\",\"name\":\"Memurun Sesi\",\"description\":\"G\u00fcncel ve Do\u011fru Haber\",\"publisher\":{\"@id\":\"https:\\\/\\\/memurunsesi.net\\\/#organization\"},\"potentialAction\":[{\"@type\":\"SearchAction\",\"target\":{\"@type\":\"EntryPoint\",\"urlTemplate\":\"https:\\\/\\\/memurunsesi.net\\\/?s={search_term_string}\"},\"query-input\":{\"@type\":\"PropertyValueSpecification\",\"valueRequired\":true,\"valueName\":\"search_term_string\"}}],\"inLanguage\":\"tr\"},{\"@type\":\"Organization\",\"@id\":\"https:\\\/\\\/memurunsesi.net\\\/#organization\",\"name\":\"Memurun Sesi\",\"url\":\"https:\\\/\\\/memurunsesi.net\\\/\",\"logo\":{\"@type\":\"ImageObject\",\"inLanguage\":\"tr\",\"@id\":\"https:\\\/\\\/memurunsesi.net\\\/#\\\/schema\\\/logo\\\/image\\\/\",\"url\":\"https:\\\/\\\/memurunsesi.net\\\/wp-content\\\/uploads\\\/2025\\\/11\\\/cropped-MEMURUN-SESI.png\",\"contentUrl\":\"https:\\\/\\\/memurunsesi.net\\\/wp-content\\\/uploads\\\/2025\\\/11\\\/cropped-MEMURUN-SESI.png\",\"width\":238,\"height\":57,\"caption\":\"Memurun Sesi\"},\"image\":{\"@id\":\"https:\\\/\\\/memurunsesi.net\\\/#\\\/schema\\\/logo\\\/image\\\/\"},\"sameAs\":[\"https:\\\/\\\/www.facebook.com\\\/unipersen\\\/?locale=tr_TR\",\"https:\\\/\\\/x.com\\\/unipersen\"]},{\"@type\":\"Person\",\"@id\":\"https:\\\/\\\/memurunsesi.net\\\/#\\\/schema\\\/person\\\/f21c2d73b89f6ee1d80b0a1803e38587\",\"name\":\"Memurun Sesi Haber Merkezi\",\"image\":{\"@type\":\"ImageObject\",\"inLanguage\":\"tr\",\"@id\":\"https:\\\/\\\/secure.gravatar.com\\\/avatar\\\/6cf0505f452ee753f485014986fab09a434671d2b919ee76fc541025c5876a70?s=96&d=mm&r=g\",\"url\":\"https:\\\/\\\/secure.gravatar.com\\\/avatar\\\/6cf0505f452ee753f485014986fab09a434671d2b919ee76fc541025c5876a70?s=96&d=mm&r=g\",\"contentUrl\":\"https:\\\/\\\/secure.gravatar.com\\\/avatar\\\/6cf0505f452ee753f485014986fab09a434671d2b919ee76fc541025c5876a70?s=96&d=mm&r=g\",\"caption\":\"Memurun Sesi Haber Merkezi\"},\"sameAs\":[\"https:\\\/\\\/memurunsesi.net\"],\"url\":\"https:\\\/\\\/memurunsesi.net\\\/index.php\\\/author\\\/uniper\\\/\"}]}<\/script>\n<!-- \/ Yoast SEO plugin. -->","yoast_head_json":{"title":"Malatya'da m\u00fcstakil evde yang\u0131n: Mahsur kalan kad\u0131n kurtar\u0131ld\u0131 - Memurun Sesi","description":"Malatya'da m\u00fcstakil evde yang\u0131n: Mahsur kalan kad\u0131n kurtar\u0131ld\u0131","robots":{"index":"index","follow":"follow","max-snippet":"max-snippet:-1","max-image-preview":"max-image-preview:large","max-video-preview":"max-video-preview:-1"},"canonical":"https:\/\/memurunsesi.net\/index.php\/2026\/01\/21\/malatyada-mustakil-evde-yangin-mahsur-kalan-kadin-kurtarildi\/","og_locale":"tr_TR","og_type":"article","og_title":"Malatya'da m\u00fcstakil evde yang\u0131n: Mahsur kalan kad\u0131n kurtar\u0131ld\u0131 - Memurun Sesi","og_description":"Malatya'da m\u00fcstakil evde yang\u0131n: Mahsur kalan kad\u0131n kurtar\u0131ld\u0131","og_url":"https:\/\/memurunsesi.net\/index.php\/2026\/01\/21\/malatyada-mustakil-evde-yangin-mahsur-kalan-kadin-kurtarildi\/","og_site_name":"Memurun Sesi","article_publisher":"https:\/\/www.facebook.com\/unipersen\/?locale=tr_TR","article_published_time":"2026-01-21T05:29:23+00:00","og_image":[{"width":2560,"height":1440,"url":"https:\/\/memurunsesi.net\/wp-content\/uploads\/2026\/01\/mustakil-evde-yangin-scaled.jpg","type":"image\/jpeg"}],"author":"Memurun Sesi Haber Merkezi","twitter_card":"summary_large_image","twitter_creator":"@unipersen","twitter_site":"@unipersen","twitter_misc":{"Yazan:":"Memurun Sesi Haber Merkezi","Tahmini okuma s\u00fcresi":"1 dakika"},"schema":{"@context":"https:\/\/schema.org","@graph":[{"@type":"Article","@id":"https:\/\/memurunsesi.net\/index.php\/2026\/01\/21\/malatyada-mustakil-evde-yangin-mahsur-kalan-kadin-kurtarildi\/#article","isPartOf":{"@id":"https:\/\/memurunsesi.net\/index.php\/2026\/01\/21\/malatyada-mustakil-evde-yangin-mahsur-kalan-kadin-kurtarildi\/"},"author":{"name":"Memurun Sesi Haber Merkezi","@id":"https:\/\/memurunsesi.net\/#\/schema\/person\/f21c2d73b89f6ee1d80b0a1803e38587"},"headline":"Malatya&#8217;da m\u00fcstakil evde yang\u0131n: Mahsur kalan kad\u0131n kurtar\u0131ld\u0131","datePublished":"2026-01-21T05:29:23+00:00","mainEntityOfPage":{"@id":"https:\/\/memurunsesi.net\/index.php\/2026\/01\/21\/malatyada-mustakil-evde-yangin-mahsur-kalan-kadin-kurtarildi\/"},"wordCount":154,"commentCount":0,"publisher":{"@id":"https:\/\/memurunsesi.net\/#organization"},"image":{"@id":"https:\/\/memurunsesi.net\/index.php\/2026\/01\/21\/malatyada-mustakil-evde-yangin-mahsur-kalan-kadin-kurtarildi\/#primaryimage"},"thumbnailUrl":"https:\/\/memurunsesi.net\/wp-content\/uploads\/2026\/01\/mustakil-evde-yangin-scaled.jpg","keywords":["m\u00fcstakil evde yang\u0131n"],"articleSection":["T\u00fcm Haberler"],"inLanguage":"tr","potentialAction":[{"@type":"CommentAction","name":"Comment","target":["https:\/\/memurunsesi.net\/index.php\/2026\/01\/21\/malatyada-mustakil-evde-yangin-mahsur-kalan-kadin-kurtarildi\/#respond"]}]},{"@type":"WebPage","@id":"https:\/\/memurunsesi.net\/index.php\/2026\/01\/21\/malatyada-mustakil-evde-yangin-mahsur-kalan-kadin-kurtarildi\/","url":"https:\/\/memurunsesi.net\/index.php\/2026\/01\/21\/malatyada-mustakil-evde-yangin-mahsur-kalan-kadin-kurtarildi\/","name":"Malatya'da m\u00fcstakil evde yang\u0131n: Mahsur kalan kad\u0131n kurtar\u0131ld\u0131 - Memurun Sesi","isPartOf":{"@id":"https:\/\/memurunsesi.net\/#website"},"primaryImageOfPage":{"@id":"https:\/\/memurunsesi.net\/index.php\/2026\/01\/21\/malatyada-mustakil-evde-yangin-mahsur-kalan-kadin-kurtarildi\/#primaryimage"},"image":{"@id":"https:\/\/memurunsesi.net\/index.php\/2026\/01\/21\/malatyada-mustakil-evde-yangin-mahsur-kalan-kadin-kurtarildi\/#primaryimage"},"thumbnailUrl":"https:\/\/memurunsesi.net\/wp-content\/uploads\/2026\/01\/mustakil-evde-yangin-scaled.jpg","datePublished":"2026-01-21T05:29:23+00:00","description":"Malatya'da m\u00fcstakil evde yang\u0131n: Mahsur kalan kad\u0131n kurtar\u0131ld\u0131","breadcrumb":{"@id":"https:\/\/memurunsesi.net\/index.php\/2026\/01\/21\/malatyada-mustakil-evde-yangin-mahsur-kalan-kadin-kurtarildi\/#breadcrumb"},"inLanguage":"tr","potentialAction":[{"@type":"ReadAction","target":["https:\/\/memurunsesi.net\/index.php\/2026\/01\/21\/malatyada-mustakil-evde-yangin-mahsur-kalan-kadin-kurtarildi\/"]}]},{"@type":"ImageObject","inLanguage":"tr","@id":"https:\/\/memurunsesi.net\/index.php\/2026\/01\/21\/malatyada-mustakil-evde-yangin-mahsur-kalan-kadin-kurtarildi\/#primaryimage","url":"https:\/\/memurunsesi.net\/wp-content\/uploads\/2026\/01\/mustakil-evde-yangin-scaled.jpg","contentUrl":"https:\/\/memurunsesi.net\/wp-content\/uploads\/2026\/01\/mustakil-evde-yangin-scaled.jpg","width":2560,"height":1440,"caption":"MALATYA'DA EV YANGINI: MAHSUR KALAN KADIN KURTARILDI (HASAN ERYILMAZ\/MALATYA-\u0130HA) Malatya'da m\u00fcstakil bir evde \u00e7\u0131kan yang\u0131n pani\u011fe neden olurken, evde mahsur kalan bir kad\u0131n itfaiye ekipleri taraf\u0131ndan kurtar\u0131ld\u0131."},{"@type":"BreadcrumbList","@id":"https:\/\/memurunsesi.net\/index.php\/2026\/01\/21\/malatyada-mustakil-evde-yangin-mahsur-kalan-kadin-kurtarildi\/#breadcrumb","itemListElement":[{"@type":"ListItem","position":1,"name":"Anasayfa","item":"https:\/\/memurunsesi.net\/"},{"@type":"ListItem","position":2,"name":"Malatya&#8217;da m\u00fcstakil evde yang\u0131n: Mahsur kalan kad\u0131n kurtar\u0131ld\u0131"}]},{"@type":"WebSite","@id":"https:\/\/memurunsesi.net\/#website","url":"https:\/\/memurunsesi.net\/","name":"Memurun Sesi","description":"G\u00fcncel ve Do\u011fru Haber","publisher":{"@id":"https:\/\/memurunsesi.net\/#organization"},"potentialAction":[{"@type":"SearchAction","target":{"@type":"EntryPoint","urlTemplate":"https:\/\/memurunsesi.net\/?s={search_term_string}"},"query-input":{"@type":"PropertyValueSpecification","valueRequired":true,"valueName":"search_term_string"}}],"inLanguage":"tr"},{"@type":"Organization","@id":"https:\/\/memurunsesi.net\/#organization","name":"Memurun Sesi","url":"https:\/\/memurunsesi.net\/","logo":{"@type":"ImageObject","inLanguage":"tr","@id":"https:\/\/memurunsesi.net\/#\/schema\/logo\/image\/","url":"https:\/\/memurunsesi.net\/wp-content\/uploads\/2025\/11\/cropped-MEMURUN-SESI.png","contentUrl":"https:\/\/memurunsesi.net\/wp-content\/uploads\/2025\/11\/cropped-MEMURUN-SESI.png","width":238,"height":57,"caption":"Memurun Sesi"},"image":{"@id":"https:\/\/memurunsesi.net\/#\/schema\/logo\/image\/"},"sameAs":["https:\/\/www.facebook.com\/unipersen\/?locale=tr_TR","https:\/\/x.com\/unipersen"]},{"@type":"Person","@id":"https:\/\/memurunsesi.net\/#\/schema\/person\/f21c2d73b89f6ee1d80b0a1803e38587","name":"Memurun Sesi Haber Merkezi","image":{"@type":"ImageObject","inLanguage":"tr","@id":"https:\/\/secure.gravatar.com\/avatar\/6cf0505f452ee753f485014986fab09a434671d2b919ee76fc541025c5876a70?s=96&d=mm&r=g","url":"https:\/\/secure.gravatar.com\/avatar\/6cf0505f452ee753f485014986fab09a434671d2b919ee76fc541025c5876a70?s=96&d=mm&r=g","contentUrl":"https:\/\/secure.gravatar.com\/avatar\/6cf0505f452ee753f485014986fab09a434671d2b919ee76fc541025c5876a70?s=96&d=mm&r=g","caption":"Memurun Sesi Haber Merkezi"},"sameAs":["https:\/\/memurunsesi.net"],"url":"https:\/\/memurunsesi.net\/index.php\/author\/uniper\/"}]}},"_links":{"self":[{"href":"https:\/\/memurunsesi.net\/index.php\/wp-json\/wp\/v2\/posts\/16613","targetHints":{"allow":["GET"]}}],"collection":[{"href":"https:\/\/memurunsesi.net\/index.php\/wp-json\/wp\/v2\/posts"}],"about":[{"href":"https:\/\/memurunsesi.net\/index.php\/wp-json\/wp\/v2\/types\/post"}],"author":[{"embeddable":true,"href":"https:\/\/memurunsesi.net\/index.php\/wp-json\/wp\/v2\/users\/1"}],"replies":[{"embeddable":true,"href":"https:\/\/memurunsesi.net\/index.php\/wp-json\/wp\/v2\/comments?post=16613"}],"version-history":[{"count":1,"href":"https:\/\/memurunsesi.net\/index.php\/wp-json\/wp\/v2\/posts\/16613\/revisions"}],"predecessor-version":[{"id":16615,"href":"https:\/\/memurunsesi.net\/index.php\/wp-json\/wp\/v2\/posts\/16613\/revisions\/16615"}],"wp:featuredmedia":[{"embeddable":true,"href":"https:\/\/memurunsesi.net\/index.php\/wp-json\/wp\/v2\/media\/16614"}],"wp:attachment":[{"href":"https:\/\/memurunsesi.net\/index.php\/wp-json\/wp\/v2\/media?parent=16613"}],"wp:term":[{"taxonomy":"category","embeddable":true,"href":"https:\/\/memurunsesi.net\/index.php\/wp-json\/wp\/v2\/categories?post=16613"},{"taxonomy":"post_tag","embeddable":true,"href":"https:\/\/memurunsesi.net\/index.php\/wp-json\/wp\/v2\/tags?post=16613"}],"curies":[{"name":"wp","href":"https:\/\/api.w.org\/{rel}","templated":true}]}}