{"id":16643,"date":"2026-01-22T08:55:42","date_gmt":"2026-01-22T05:55:42","guid":{"rendered":"https:\/\/memurunsesi.net\/?p=16643"},"modified":"2026-01-22T08:55:42","modified_gmt":"2026-01-22T05:55:42","slug":"kastamonuda-uc-katli-tarihi-konak-yanginda-kule-dondu","status":"publish","type":"post","link":"https:\/\/memurunsesi.net\/index.php\/2026\/01\/22\/kastamonuda-uc-katli-tarihi-konak-yanginda-kule-dondu\/","title":{"rendered":"Kastamonu\u2019da \u00fc\u00e7 katl\u0131 tarihi konak yang\u0131nda k\u00fcle d\u00f6nd\u00fc"},"content":{"rendered":"<p>Kastamonu\u2019nun tadilat halindeki tarihi \u00fc\u00e7 katl\u0131 konak, \u00e7\u0131kan yang\u0131nda k\u00fcle d\u00f6nd\u00fc. Konakta \u00e7\u0131kan yang\u0131n nedeniyle hemen biti\u015fi\u011finde bulunan iki evinde \u00e7at\u0131s\u0131 zarar g\u00f6rd\u00fc.<br \/>\nYang\u0131n, merkeze ba\u011fl\u0131 Akmescit Mahallesi Yeni Sokak \u00fczerinde bulunan \u00fc\u00e7 katl\u0131 tarihi konakta \u00e7\u0131kt\u0131. Edinilen bilgiye g\u00f6re, hen\u00fcz bilinmeyen bir sebepten \u00f6t\u00fcr\u00fc tarihi konakta \u00e7\u0131kan yang\u0131n, k\u0131sa s\u00fcrede b\u00fcy\u00fcd\u00fc. Tadilat halinde oldu\u011fu \u00f6\u011frenilen konakta \u00e7\u0131kan yang\u0131n, hemen biti\u015fi\u011finde bulunan iki evin \u00e7at\u0131s\u0131na da s\u0131\u00e7rad\u0131. \u00c7evredeki vatanda\u015flar\u0131n ihbar\u0131 \u00fczerine yang\u0131n yerine Kastamonu itfaiye ekipleri sevk edildi. \u0130tfaiye ekiplerinin m\u00fcdahalesi sonucunda yang\u0131n, kontrol alt\u0131na al\u0131narak s\u00f6nd\u00fcr\u00fcld\u00fc. Yang\u0131nda \u00fc\u00e7 katl\u0131 tarihi konak tamamen yanarak kullan\u0131lamaz hale gelirken, iki evinde \u00e7at\u0131s\u0131nda b\u00fcy\u00fck oranda hasar olu\u015ftu.<\/p>\n<p>22.01.2026<\/p>\n","protected":false},"excerpt":{"rendered":"<p>Kastamonu\u2019nun tadilat halindeki tarihi \u00fc\u00e7 katl\u0131 konak, \u00e7\u0131kan yang\u0131nda k\u00fcle d\u00f6nd\u00fc. Konakta \u00e7\u0131kan yang\u0131n nedeniyle hemen biti\u015fi\u011finde bulunan iki evinde \u00e7at\u0131s\u0131 zarar g\u00f6rd\u00fc. Yang\u0131n, merkeze ba\u011fl\u0131 Akmescit Mahallesi Yeni Sokak \u00fczerinde bulunan \u00fc\u00e7 katl\u0131 tarihi konakta \u00e7\u0131kt\u0131. Edinilen bilgiye g\u00f6re, hen\u00fcz bilinmeyen bir sebepten \u00f6t\u00fcr\u00fc tarihi konakta \u00e7\u0131kan yang\u0131n, k\u0131sa s\u00fcrede b\u00fcy\u00fcd\u00fc. Tadilat halinde oldu\u011fu [&hellip;]<\/p>\n","protected":false},"author":1,"featured_media":0,"comment_status":"open","ping_status":"open","sticky":false,"template":"","format":"standard","meta":{"footnotes":""},"categories":[50],"tags":[924],"class_list":["post-16643","post","type-post","status-publish","format-standard","hentry","category-tum-haberler","tag-konak-yanginda-kule-dondu"],"yoast_head":"<!-- This site is optimized with the Yoast SEO plugin v27.4 - https:\/\/yoast.com\/product\/yoast-seo-wordpress\/ -->\n<title>Kastamonu\u2019da \u00fc\u00e7 katl\u0131 tarihi konak yang\u0131nda k\u00fcle d\u00f6nd\u00fc - Memurun Sesi<\/title>\n<meta name=\"description\" content=\"Kastamonu\u2019da \u00fc\u00e7 katl\u0131 tarihi konak yang\u0131nda k\u00fcle d\u00f6nd\u00fc\" \/>\n<meta name=\"robots\" content=\"index, follow, max-snippet:-1, max-image-preview:large, max-video-preview:-1\" \/>\n<link rel=\"canonical\" href=\"https:\/\/memurunsesi.net\/index.php\/2026\/01\/22\/kastamonuda-uc-katli-tarihi-konak-yanginda-kule-dondu\/\" \/>\n<meta property=\"og:locale\" content=\"tr_TR\" \/>\n<meta property=\"og:type\" content=\"article\" \/>\n<meta property=\"og:title\" content=\"Kastamonu\u2019da \u00fc\u00e7 katl\u0131 tarihi konak yang\u0131nda k\u00fcle d\u00f6nd\u00fc - Memurun Sesi\" \/>\n<meta property=\"og:description\" content=\"Kastamonu\u2019da \u00fc\u00e7 katl\u0131 tarihi konak yang\u0131nda k\u00fcle d\u00f6nd\u00fc\" \/>\n<meta property=\"og:url\" content=\"https:\/\/memurunsesi.net\/index.php\/2026\/01\/22\/kastamonuda-uc-katli-tarihi-konak-yanginda-kule-dondu\/\" \/>\n<meta property=\"og:site_name\" content=\"Memurun Sesi\" \/>\n<meta property=\"article:publisher\" content=\"https:\/\/www.facebook.com\/unipersen\/?locale=tr_TR\" \/>\n<meta property=\"article:published_time\" content=\"2026-01-22T05:55:42+00:00\" \/>\n<meta name=\"author\" content=\"Memurun Sesi Haber Merkezi\" \/>\n<meta name=\"twitter:card\" content=\"summary_large_image\" \/>\n<meta name=\"twitter:creator\" content=\"@unipersen\" \/>\n<meta name=\"twitter:site\" content=\"@unipersen\" \/>\n<meta name=\"twitter:label1\" content=\"Yazan:\" \/>\n\t<meta name=\"twitter:data1\" content=\"Memurun Sesi Haber Merkezi\" \/>\n\t<meta name=\"twitter:label2\" content=\"Tahmini okuma s\u00fcresi\" \/>\n\t<meta name=\"twitter:data2\" content=\"1 dakika\" \/>\n<script type=\"application\/ld+json\" class=\"yoast-schema-graph\">{\"@context\":\"https:\\\/\\\/schema.org\",\"@graph\":[{\"@type\":\"Article\",\"@id\":\"https:\\\/\\\/memurunsesi.net\\\/index.php\\\/2026\\\/01\\\/22\\\/kastamonuda-uc-katli-tarihi-konak-yanginda-kule-dondu\\\/#article\",\"isPartOf\":{\"@id\":\"https:\\\/\\\/memurunsesi.net\\\/index.php\\\/2026\\\/01\\\/22\\\/kastamonuda-uc-katli-tarihi-konak-yanginda-kule-dondu\\\/\"},\"author\":{\"name\":\"Memurun Sesi Haber Merkezi\",\"@id\":\"https:\\\/\\\/memurunsesi.net\\\/#\\\/schema\\\/person\\\/f21c2d73b89f6ee1d80b0a1803e38587\"},\"headline\":\"Kastamonu\u2019da \u00fc\u00e7 katl\u0131 tarihi konak yang\u0131nda k\u00fcle d\u00f6nd\u00fc\",\"datePublished\":\"2026-01-22T05:55:42+00:00\",\"mainEntityOfPage\":{\"@id\":\"https:\\\/\\\/memurunsesi.net\\\/index.php\\\/2026\\\/01\\\/22\\\/kastamonuda-uc-katli-tarihi-konak-yanginda-kule-dondu\\\/\"},\"wordCount\":155,\"commentCount\":0,\"publisher\":{\"@id\":\"https:\\\/\\\/memurunsesi.net\\\/#organization\"},\"keywords\":[\"konak yang\u0131nda k\u00fcle d\u00f6nd\u00fc\"],\"articleSection\":[\"T\u00fcm Haberler\"],\"inLanguage\":\"tr\",\"potentialAction\":[{\"@type\":\"CommentAction\",\"name\":\"Comment\",\"target\":[\"https:\\\/\\\/memurunsesi.net\\\/index.php\\\/2026\\\/01\\\/22\\\/kastamonuda-uc-katli-tarihi-konak-yanginda-kule-dondu\\\/#respond\"]}]},{\"@type\":\"WebPage\",\"@id\":\"https:\\\/\\\/memurunsesi.net\\\/index.php\\\/2026\\\/01\\\/22\\\/kastamonuda-uc-katli-tarihi-konak-yanginda-kule-dondu\\\/\",\"url\":\"https:\\\/\\\/memurunsesi.net\\\/index.php\\\/2026\\\/01\\\/22\\\/kastamonuda-uc-katli-tarihi-konak-yanginda-kule-dondu\\\/\",\"name\":\"Kastamonu\u2019da \u00fc\u00e7 katl\u0131 tarihi konak yang\u0131nda k\u00fcle d\u00f6nd\u00fc - Memurun Sesi\",\"isPartOf\":{\"@id\":\"https:\\\/\\\/memurunsesi.net\\\/#website\"},\"datePublished\":\"2026-01-22T05:55:42+00:00\",\"description\":\"Kastamonu\u2019da \u00fc\u00e7 katl\u0131 tarihi konak yang\u0131nda k\u00fcle d\u00f6nd\u00fc\",\"breadcrumb\":{\"@id\":\"https:\\\/\\\/memurunsesi.net\\\/index.php\\\/2026\\\/01\\\/22\\\/kastamonuda-uc-katli-tarihi-konak-yanginda-kule-dondu\\\/#breadcrumb\"},\"inLanguage\":\"tr\",\"potentialAction\":[{\"@type\":\"ReadAction\",\"target\":[\"https:\\\/\\\/memurunsesi.net\\\/index.php\\\/2026\\\/01\\\/22\\\/kastamonuda-uc-katli-tarihi-konak-yanginda-kule-dondu\\\/\"]}]},{\"@type\":\"BreadcrumbList\",\"@id\":\"https:\\\/\\\/memurunsesi.net\\\/index.php\\\/2026\\\/01\\\/22\\\/kastamonuda-uc-katli-tarihi-konak-yanginda-kule-dondu\\\/#breadcrumb\",\"itemListElement\":[{\"@type\":\"ListItem\",\"position\":1,\"name\":\"Anasayfa\",\"item\":\"https:\\\/\\\/memurunsesi.net\\\/\"},{\"@type\":\"ListItem\",\"position\":2,\"name\":\"Kastamonu\u2019da \u00fc\u00e7 katl\u0131 tarihi konak yang\u0131nda k\u00fcle d\u00f6nd\u00fc\"}]},{\"@type\":\"WebSite\",\"@id\":\"https:\\\/\\\/memurunsesi.net\\\/#website\",\"url\":\"https:\\\/\\\/memurunsesi.net\\\/\",\"name\":\"Memurun Sesi\",\"description\":\"G\u00fcncel ve Do\u011fru Haber\",\"publisher\":{\"@id\":\"https:\\\/\\\/memurunsesi.net\\\/#organization\"},\"potentialAction\":[{\"@type\":\"SearchAction\",\"target\":{\"@type\":\"EntryPoint\",\"urlTemplate\":\"https:\\\/\\\/memurunsesi.net\\\/?s={search_term_string}\"},\"query-input\":{\"@type\":\"PropertyValueSpecification\",\"valueRequired\":true,\"valueName\":\"search_term_string\"}}],\"inLanguage\":\"tr\"},{\"@type\":\"Organization\",\"@id\":\"https:\\\/\\\/memurunsesi.net\\\/#organization\",\"name\":\"Memurun Sesi\",\"url\":\"https:\\\/\\\/memurunsesi.net\\\/\",\"logo\":{\"@type\":\"ImageObject\",\"inLanguage\":\"tr\",\"@id\":\"https:\\\/\\\/memurunsesi.net\\\/#\\\/schema\\\/logo\\\/image\\\/\",\"url\":\"https:\\\/\\\/memurunsesi.net\\\/wp-content\\\/uploads\\\/2025\\\/11\\\/cropped-MEMURUN-SESI.png\",\"contentUrl\":\"https:\\\/\\\/memurunsesi.net\\\/wp-content\\\/uploads\\\/2025\\\/11\\\/cropped-MEMURUN-SESI.png\",\"width\":238,\"height\":57,\"caption\":\"Memurun Sesi\"},\"image\":{\"@id\":\"https:\\\/\\\/memurunsesi.net\\\/#\\\/schema\\\/logo\\\/image\\\/\"},\"sameAs\":[\"https:\\\/\\\/www.facebook.com\\\/unipersen\\\/?locale=tr_TR\",\"https:\\\/\\\/x.com\\\/unipersen\"]},{\"@type\":\"Person\",\"@id\":\"https:\\\/\\\/memurunsesi.net\\\/#\\\/schema\\\/person\\\/f21c2d73b89f6ee1d80b0a1803e38587\",\"name\":\"Memurun Sesi Haber Merkezi\",\"image\":{\"@type\":\"ImageObject\",\"inLanguage\":\"tr\",\"@id\":\"https:\\\/\\\/secure.gravatar.com\\\/avatar\\\/6cf0505f452ee753f485014986fab09a434671d2b919ee76fc541025c5876a70?s=96&d=mm&r=g\",\"url\":\"https:\\\/\\\/secure.gravatar.com\\\/avatar\\\/6cf0505f452ee753f485014986fab09a434671d2b919ee76fc541025c5876a70?s=96&d=mm&r=g\",\"contentUrl\":\"https:\\\/\\\/secure.gravatar.com\\\/avatar\\\/6cf0505f452ee753f485014986fab09a434671d2b919ee76fc541025c5876a70?s=96&d=mm&r=g\",\"caption\":\"Memurun Sesi Haber Merkezi\"},\"sameAs\":[\"https:\\\/\\\/memurunsesi.net\"],\"url\":\"https:\\\/\\\/memurunsesi.net\\\/index.php\\\/author\\\/uniper\\\/\"}]}<\/script>\n<!-- \/ Yoast SEO plugin. -->","yoast_head_json":{"title":"Kastamonu\u2019da \u00fc\u00e7 katl\u0131 tarihi konak yang\u0131nda k\u00fcle d\u00f6nd\u00fc - Memurun Sesi","description":"Kastamonu\u2019da \u00fc\u00e7 katl\u0131 tarihi konak yang\u0131nda k\u00fcle d\u00f6nd\u00fc","robots":{"index":"index","follow":"follow","max-snippet":"max-snippet:-1","max-image-preview":"max-image-preview:large","max-video-preview":"max-video-preview:-1"},"canonical":"https:\/\/memurunsesi.net\/index.php\/2026\/01\/22\/kastamonuda-uc-katli-tarihi-konak-yanginda-kule-dondu\/","og_locale":"tr_TR","og_type":"article","og_title":"Kastamonu\u2019da \u00fc\u00e7 katl\u0131 tarihi konak yang\u0131nda k\u00fcle d\u00f6nd\u00fc - Memurun Sesi","og_description":"Kastamonu\u2019da \u00fc\u00e7 katl\u0131 tarihi konak yang\u0131nda k\u00fcle d\u00f6nd\u00fc","og_url":"https:\/\/memurunsesi.net\/index.php\/2026\/01\/22\/kastamonuda-uc-katli-tarihi-konak-yanginda-kule-dondu\/","og_site_name":"Memurun Sesi","article_publisher":"https:\/\/www.facebook.com\/unipersen\/?locale=tr_TR","article_published_time":"2026-01-22T05:55:42+00:00","author":"Memurun Sesi Haber Merkezi","twitter_card":"summary_large_image","twitter_creator":"@unipersen","twitter_site":"@unipersen","twitter_misc":{"Yazan:":"Memurun Sesi Haber Merkezi","Tahmini okuma s\u00fcresi":"1 dakika"},"schema":{"@context":"https:\/\/schema.org","@graph":[{"@type":"Article","@id":"https:\/\/memurunsesi.net\/index.php\/2026\/01\/22\/kastamonuda-uc-katli-tarihi-konak-yanginda-kule-dondu\/#article","isPartOf":{"@id":"https:\/\/memurunsesi.net\/index.php\/2026\/01\/22\/kastamonuda-uc-katli-tarihi-konak-yanginda-kule-dondu\/"},"author":{"name":"Memurun Sesi Haber Merkezi","@id":"https:\/\/memurunsesi.net\/#\/schema\/person\/f21c2d73b89f6ee1d80b0a1803e38587"},"headline":"Kastamonu\u2019da \u00fc\u00e7 katl\u0131 tarihi konak yang\u0131nda k\u00fcle d\u00f6nd\u00fc","datePublished":"2026-01-22T05:55:42+00:00","mainEntityOfPage":{"@id":"https:\/\/memurunsesi.net\/index.php\/2026\/01\/22\/kastamonuda-uc-katli-tarihi-konak-yanginda-kule-dondu\/"},"wordCount":155,"commentCount":0,"publisher":{"@id":"https:\/\/memurunsesi.net\/#organization"},"keywords":["konak yang\u0131nda k\u00fcle d\u00f6nd\u00fc"],"articleSection":["T\u00fcm Haberler"],"inLanguage":"tr","potentialAction":[{"@type":"CommentAction","name":"Comment","target":["https:\/\/memurunsesi.net\/index.php\/2026\/01\/22\/kastamonuda-uc-katli-tarihi-konak-yanginda-kule-dondu\/#respond"]}]},{"@type":"WebPage","@id":"https:\/\/memurunsesi.net\/index.php\/2026\/01\/22\/kastamonuda-uc-katli-tarihi-konak-yanginda-kule-dondu\/","url":"https:\/\/memurunsesi.net\/index.php\/2026\/01\/22\/kastamonuda-uc-katli-tarihi-konak-yanginda-kule-dondu\/","name":"Kastamonu\u2019da \u00fc\u00e7 katl\u0131 tarihi konak yang\u0131nda k\u00fcle d\u00f6nd\u00fc - Memurun Sesi","isPartOf":{"@id":"https:\/\/memurunsesi.net\/#website"},"datePublished":"2026-01-22T05:55:42+00:00","description":"Kastamonu\u2019da \u00fc\u00e7 katl\u0131 tarihi konak yang\u0131nda k\u00fcle d\u00f6nd\u00fc","breadcrumb":{"@id":"https:\/\/memurunsesi.net\/index.php\/2026\/01\/22\/kastamonuda-uc-katli-tarihi-konak-yanginda-kule-dondu\/#breadcrumb"},"inLanguage":"tr","potentialAction":[{"@type":"ReadAction","target":["https:\/\/memurunsesi.net\/index.php\/2026\/01\/22\/kastamonuda-uc-katli-tarihi-konak-yanginda-kule-dondu\/"]}]},{"@type":"BreadcrumbList","@id":"https:\/\/memurunsesi.net\/index.php\/2026\/01\/22\/kastamonuda-uc-katli-tarihi-konak-yanginda-kule-dondu\/#breadcrumb","itemListElement":[{"@type":"ListItem","position":1,"name":"Anasayfa","item":"https:\/\/memurunsesi.net\/"},{"@type":"ListItem","position":2,"name":"Kastamonu\u2019da \u00fc\u00e7 katl\u0131 tarihi konak yang\u0131nda k\u00fcle d\u00f6nd\u00fc"}]},{"@type":"WebSite","@id":"https:\/\/memurunsesi.net\/#website","url":"https:\/\/memurunsesi.net\/","name":"Memurun Sesi","description":"G\u00fcncel ve Do\u011fru Haber","publisher":{"@id":"https:\/\/memurunsesi.net\/#organization"},"potentialAction":[{"@type":"SearchAction","target":{"@type":"EntryPoint","urlTemplate":"https:\/\/memurunsesi.net\/?s={search_term_string}"},"query-input":{"@type":"PropertyValueSpecification","valueRequired":true,"valueName":"search_term_string"}}],"inLanguage":"tr"},{"@type":"Organization","@id":"https:\/\/memurunsesi.net\/#organization","name":"Memurun Sesi","url":"https:\/\/memurunsesi.net\/","logo":{"@type":"ImageObject","inLanguage":"tr","@id":"https:\/\/memurunsesi.net\/#\/schema\/logo\/image\/","url":"https:\/\/memurunsesi.net\/wp-content\/uploads\/2025\/11\/cropped-MEMURUN-SESI.png","contentUrl":"https:\/\/memurunsesi.net\/wp-content\/uploads\/2025\/11\/cropped-MEMURUN-SESI.png","width":238,"height":57,"caption":"Memurun Sesi"},"image":{"@id":"https:\/\/memurunsesi.net\/#\/schema\/logo\/image\/"},"sameAs":["https:\/\/www.facebook.com\/unipersen\/?locale=tr_TR","https:\/\/x.com\/unipersen"]},{"@type":"Person","@id":"https:\/\/memurunsesi.net\/#\/schema\/person\/f21c2d73b89f6ee1d80b0a1803e38587","name":"Memurun Sesi Haber Merkezi","image":{"@type":"ImageObject","inLanguage":"tr","@id":"https:\/\/secure.gravatar.com\/avatar\/6cf0505f452ee753f485014986fab09a434671d2b919ee76fc541025c5876a70?s=96&d=mm&r=g","url":"https:\/\/secure.gravatar.com\/avatar\/6cf0505f452ee753f485014986fab09a434671d2b919ee76fc541025c5876a70?s=96&d=mm&r=g","contentUrl":"https:\/\/secure.gravatar.com\/avatar\/6cf0505f452ee753f485014986fab09a434671d2b919ee76fc541025c5876a70?s=96&d=mm&r=g","caption":"Memurun Sesi Haber Merkezi"},"sameAs":["https:\/\/memurunsesi.net"],"url":"https:\/\/memurunsesi.net\/index.php\/author\/uniper\/"}]}},"_links":{"self":[{"href":"https:\/\/memurunsesi.net\/index.php\/wp-json\/wp\/v2\/posts\/16643","targetHints":{"allow":["GET"]}}],"collection":[{"href":"https:\/\/memurunsesi.net\/index.php\/wp-json\/wp\/v2\/posts"}],"about":[{"href":"https:\/\/memurunsesi.net\/index.php\/wp-json\/wp\/v2\/types\/post"}],"author":[{"embeddable":true,"href":"https:\/\/memurunsesi.net\/index.php\/wp-json\/wp\/v2\/users\/1"}],"replies":[{"embeddable":true,"href":"https:\/\/memurunsesi.net\/index.php\/wp-json\/wp\/v2\/comments?post=16643"}],"version-history":[{"count":1,"href":"https:\/\/memurunsesi.net\/index.php\/wp-json\/wp\/v2\/posts\/16643\/revisions"}],"predecessor-version":[{"id":16645,"href":"https:\/\/memurunsesi.net\/index.php\/wp-json\/wp\/v2\/posts\/16643\/revisions\/16645"}],"wp:attachment":[{"href":"https:\/\/memurunsesi.net\/index.php\/wp-json\/wp\/v2\/media?parent=16643"}],"wp:term":[{"taxonomy":"category","embeddable":true,"href":"https:\/\/memurunsesi.net\/index.php\/wp-json\/wp\/v2\/categories?post=16643"},{"taxonomy":"post_tag","embeddable":true,"href":"https:\/\/memurunsesi.net\/index.php\/wp-json\/wp\/v2\/tags?post=16643"}],"curies":[{"name":"wp","href":"https:\/\/api.w.org\/{rel}","templated":true}]}}