{"id":16646,"date":"2026-01-22T08:58:00","date_gmt":"2026-01-22T05:58:00","guid":{"rendered":"https:\/\/memurunsesi.net\/?p=16646"},"modified":"2026-01-22T08:58:00","modified_gmt":"2026-01-22T05:58:00","slug":"vanda-2026nin-ilk-hilal-ay-gorsel-solen-sundu","status":"publish","type":"post","link":"https:\/\/memurunsesi.net\/index.php\/2026\/01\/22\/vanda-2026nin-ilk-hilal-ay-gorsel-solen-sundu\/","title":{"rendered":"Van\u2019da 2026\u2019n\u0131n ilk hilal ay g\u00f6rsel \u015f\u00f6len sundu"},"content":{"rendered":"<p>Van\u2019da 2026 y\u0131l\u0131n\u0131n ilk hilal ay\u0131, ak\u015fam saatlerinde g\u00f6ky\u00fcz\u00fcnde beliren zarif g\u00f6r\u00fcnt\u00fcs\u00fcyle g\u00f6rsel \u015f\u00f6len olu\u015fturdu. G\u00fcn bat\u0131m\u0131n\u0131n ard\u0131ndan bat\u0131 ufkunda ince bir yay \u015feklinde g\u00f6r\u00fcnen hilal, \u00f6n\u00fcnden ge\u00e7en u\u00e7aklarla g\u00fczel manzaralar\u0131n ortaya \u00e7\u0131kmas\u0131na neden oldu.<br \/>\n2026 y\u0131l\u0131n\u0131n ilk hilal ay\u0131, ak\u015fam saatlerinde Van semalar\u0131nda etkileyici bir manzara olu\u015fturdu. G\u00fcn bat\u0131m\u0131ndan k\u0131sa s\u00fcre sonra y\u00fckselen hilal ay, parlak ve net g\u00f6r\u00fcn\u00fcm\u00fcyle kentin bir\u00e7ok noktas\u0131nda dikkat \u00e7ekti. Hava s\u0131cakl\u0131\u011f\u0131n\u0131n s\u0131f\u0131r\u0131n alt\u0131na d\u00fc\u015ft\u00fc\u011f\u00fc berrak k\u0131\u015f gecesinde, ay\u0131n en zarif hali olan hilal formu, Van G\u00f6l\u00fc \u00fczerinde s\u00fcz\u00fclerek izleyenleri b\u00fcy\u00fcledi. Van Ferit Havaliman\u0131&#8217;ndan kalkan iki u\u00e7a\u011f\u0131n g\u00fcn bat\u0131m\u0131n\u0131n ard\u0131ndan bat\u0131 ufkunda ince bir yay \u015feklinde g\u00f6r\u00fcnen hilal ay\u0131n \u00f6n\u00fcnden ge\u00e7mesi g\u00fczel manzaralar\u0131n ortaya \u00e7\u0131kmas\u0131na neden oldu.<\/p>\n<p>22.01.2026<\/p>\n","protected":false},"excerpt":{"rendered":"<p>Van\u2019da 2026 y\u0131l\u0131n\u0131n ilk hilal ay\u0131, ak\u015fam saatlerinde g\u00f6ky\u00fcz\u00fcnde beliren zarif g\u00f6r\u00fcnt\u00fcs\u00fcyle g\u00f6rsel \u015f\u00f6len olu\u015fturdu. G\u00fcn bat\u0131m\u0131n\u0131n ard\u0131ndan bat\u0131 ufkunda ince bir yay \u015feklinde g\u00f6r\u00fcnen hilal, \u00f6n\u00fcnden ge\u00e7en u\u00e7aklarla g\u00fczel manzaralar\u0131n ortaya \u00e7\u0131kmas\u0131na neden oldu. 2026 y\u0131l\u0131n\u0131n ilk hilal ay\u0131, ak\u015fam saatlerinde Van semalar\u0131nda etkileyici bir manzara olu\u015fturdu. G\u00fcn bat\u0131m\u0131ndan k\u0131sa s\u00fcre sonra y\u00fckselen hilal [&hellip;]<\/p>\n","protected":false},"author":1,"featured_media":16647,"comment_status":"open","ping_status":"open","sticky":false,"template":"","format":"standard","meta":{"footnotes":""},"categories":[45],"tags":[925],"class_list":["post-16646","post","type-post","status-publish","format-standard","has-post-thumbnail","hentry","category-gundem","tag-gorsel-solen"],"yoast_head":"<!-- This site is optimized with the Yoast SEO plugin v27.4 - https:\/\/yoast.com\/product\/yoast-seo-wordpress\/ -->\n<title>Van\u2019da 2026\u2019n\u0131n ilk hilal ay g\u00f6rsel \u015f\u00f6len sundu - Memurun Sesi<\/title>\n<meta name=\"description\" content=\"Van\u2019da 2026\u2019n\u0131n ilk hilal ay g\u00f6rsel \u015f\u00f6len sundu\" \/>\n<meta name=\"robots\" content=\"index, follow, max-snippet:-1, max-image-preview:large, max-video-preview:-1\" \/>\n<link rel=\"canonical\" href=\"https:\/\/memurunsesi.net\/index.php\/2026\/01\/22\/vanda-2026nin-ilk-hilal-ay-gorsel-solen-sundu\/\" \/>\n<meta property=\"og:locale\" content=\"tr_TR\" \/>\n<meta property=\"og:type\" content=\"article\" \/>\n<meta property=\"og:title\" content=\"Van\u2019da 2026\u2019n\u0131n ilk hilal ay g\u00f6rsel \u015f\u00f6len sundu - Memurun Sesi\" \/>\n<meta property=\"og:description\" content=\"Van\u2019da 2026\u2019n\u0131n ilk hilal ay g\u00f6rsel \u015f\u00f6len sundu\" \/>\n<meta property=\"og:url\" content=\"https:\/\/memurunsesi.net\/index.php\/2026\/01\/22\/vanda-2026nin-ilk-hilal-ay-gorsel-solen-sundu\/\" \/>\n<meta property=\"og:site_name\" content=\"Memurun Sesi\" \/>\n<meta property=\"article:publisher\" content=\"https:\/\/www.facebook.com\/unipersen\/?locale=tr_TR\" \/>\n<meta property=\"article:published_time\" content=\"2026-01-22T05:58:00+00:00\" \/>\n<meta property=\"og:image\" content=\"https:\/\/memurunsesi.net\/wp-content\/uploads\/2026\/01\/gorsel-solen--scaled.jpg\" \/>\n\t<meta property=\"og:image:width\" content=\"2560\" \/>\n\t<meta property=\"og:image:height\" content=\"1440\" \/>\n\t<meta property=\"og:image:type\" content=\"image\/jpeg\" \/>\n<meta name=\"author\" content=\"Memurun Sesi Haber Merkezi\" \/>\n<meta name=\"twitter:card\" content=\"summary_large_image\" \/>\n<meta name=\"twitter:creator\" content=\"@unipersen\" \/>\n<meta name=\"twitter:site\" content=\"@unipersen\" \/>\n<meta name=\"twitter:label1\" content=\"Yazan:\" \/>\n\t<meta name=\"twitter:data1\" content=\"Memurun Sesi Haber Merkezi\" \/>\n\t<meta name=\"twitter:label2\" content=\"Tahmini okuma s\u00fcresi\" \/>\n\t<meta name=\"twitter:data2\" content=\"1 dakika\" \/>\n<script type=\"application\/ld+json\" class=\"yoast-schema-graph\">{\"@context\":\"https:\\\/\\\/schema.org\",\"@graph\":[{\"@type\":\"Article\",\"@id\":\"https:\\\/\\\/memurunsesi.net\\\/index.php\\\/2026\\\/01\\\/22\\\/vanda-2026nin-ilk-hilal-ay-gorsel-solen-sundu\\\/#article\",\"isPartOf\":{\"@id\":\"https:\\\/\\\/memurunsesi.net\\\/index.php\\\/2026\\\/01\\\/22\\\/vanda-2026nin-ilk-hilal-ay-gorsel-solen-sundu\\\/\"},\"author\":{\"name\":\"Memurun Sesi Haber Merkezi\",\"@id\":\"https:\\\/\\\/memurunsesi.net\\\/#\\\/schema\\\/person\\\/f21c2d73b89f6ee1d80b0a1803e38587\"},\"headline\":\"Van\u2019da 2026\u2019n\u0131n ilk hilal ay g\u00f6rsel \u015f\u00f6len sundu\",\"datePublished\":\"2026-01-22T05:58:00+00:00\",\"mainEntityOfPage\":{\"@id\":\"https:\\\/\\\/memurunsesi.net\\\/index.php\\\/2026\\\/01\\\/22\\\/vanda-2026nin-ilk-hilal-ay-gorsel-solen-sundu\\\/\"},\"wordCount\":196,\"commentCount\":0,\"publisher\":{\"@id\":\"https:\\\/\\\/memurunsesi.net\\\/#organization\"},\"image\":{\"@id\":\"https:\\\/\\\/memurunsesi.net\\\/index.php\\\/2026\\\/01\\\/22\\\/vanda-2026nin-ilk-hilal-ay-gorsel-solen-sundu\\\/#primaryimage\"},\"thumbnailUrl\":\"https:\\\/\\\/memurunsesi.net\\\/wp-content\\\/uploads\\\/2026\\\/01\\\/gorsel-solen--scaled.jpg\",\"keywords\":[\"g\u00f6rsel \u015f\u00f6len\"],\"articleSection\":[\"G\u00fcndem\"],\"inLanguage\":\"tr\",\"potentialAction\":[{\"@type\":\"CommentAction\",\"name\":\"Comment\",\"target\":[\"https:\\\/\\\/memurunsesi.net\\\/index.php\\\/2026\\\/01\\\/22\\\/vanda-2026nin-ilk-hilal-ay-gorsel-solen-sundu\\\/#respond\"]}]},{\"@type\":\"WebPage\",\"@id\":\"https:\\\/\\\/memurunsesi.net\\\/index.php\\\/2026\\\/01\\\/22\\\/vanda-2026nin-ilk-hilal-ay-gorsel-solen-sundu\\\/\",\"url\":\"https:\\\/\\\/memurunsesi.net\\\/index.php\\\/2026\\\/01\\\/22\\\/vanda-2026nin-ilk-hilal-ay-gorsel-solen-sundu\\\/\",\"name\":\"Van\u2019da 2026\u2019n\u0131n ilk hilal ay g\u00f6rsel \u015f\u00f6len sundu - Memurun Sesi\",\"isPartOf\":{\"@id\":\"https:\\\/\\\/memurunsesi.net\\\/#website\"},\"primaryImageOfPage\":{\"@id\":\"https:\\\/\\\/memurunsesi.net\\\/index.php\\\/2026\\\/01\\\/22\\\/vanda-2026nin-ilk-hilal-ay-gorsel-solen-sundu\\\/#primaryimage\"},\"image\":{\"@id\":\"https:\\\/\\\/memurunsesi.net\\\/index.php\\\/2026\\\/01\\\/22\\\/vanda-2026nin-ilk-hilal-ay-gorsel-solen-sundu\\\/#primaryimage\"},\"thumbnailUrl\":\"https:\\\/\\\/memurunsesi.net\\\/wp-content\\\/uploads\\\/2026\\\/01\\\/gorsel-solen--scaled.jpg\",\"datePublished\":\"2026-01-22T05:58:00+00:00\",\"description\":\"Van\u2019da 2026\u2019n\u0131n ilk hilal ay g\u00f6rsel \u015f\u00f6len sundu\",\"breadcrumb\":{\"@id\":\"https:\\\/\\\/memurunsesi.net\\\/index.php\\\/2026\\\/01\\\/22\\\/vanda-2026nin-ilk-hilal-ay-gorsel-solen-sundu\\\/#breadcrumb\"},\"inLanguage\":\"tr\",\"potentialAction\":[{\"@type\":\"ReadAction\",\"target\":[\"https:\\\/\\\/memurunsesi.net\\\/index.php\\\/2026\\\/01\\\/22\\\/vanda-2026nin-ilk-hilal-ay-gorsel-solen-sundu\\\/\"]}]},{\"@type\":\"ImageObject\",\"inLanguage\":\"tr\",\"@id\":\"https:\\\/\\\/memurunsesi.net\\\/index.php\\\/2026\\\/01\\\/22\\\/vanda-2026nin-ilk-hilal-ay-gorsel-solen-sundu\\\/#primaryimage\",\"url\":\"https:\\\/\\\/memurunsesi.net\\\/wp-content\\\/uploads\\\/2026\\\/01\\\/gorsel-solen--scaled.jpg\",\"contentUrl\":\"https:\\\/\\\/memurunsesi.net\\\/wp-content\\\/uploads\\\/2026\\\/01\\\/gorsel-solen--scaled.jpg\",\"width\":2560,\"height\":1440,\"caption\":\"VAN'DA 2026 YILININ \u0130LK H\u0130LAL AYI, AK\u015eAM SAATLER\u0130NDE G\u00d6KY\u00dcZ\u00dcNDE BEL\u0130REN ZAR\u0130F G\u00d6R\u00dcNT\u00dcS\u00dcYLE G\u00d6RSEL \u015e\u00d6LEN OLU\u015eTURDU. G\u00dcN BATIMININ ARDINDAN BATI UFKUNDA \u0130NCE B\u0130R YAY \u015eEKL\u0130NDE G\u00d6R\u00dcNEN H\u0130LAL, \u00d6N\u00dcNDEN GE\u00c7EN U\u00c7AKLARLA G\u00dcZEL MANZARALARIN ORTAYA \u00c7IKMASINA NEDEN OLDU. (AHMET KAVAK - \u015e\u00dcKR\u00dc AKY\u00dcZ\\\/VAN-\u0130HA) Van'da 2026 y\u0131l\u0131n\u0131n ilk hilal ay\u0131, ak\u015fam saatlerinde g\u00f6ky\u00fcz\u00fcnde beliren zarif g\u00f6r\u00fcnt\u00fcs\u00fcyle g\u00f6rsel \u015f\u00f6len olu\u015fturdu. G\u00fcn bat\u0131m\u0131n\u0131n ard\u0131ndan bat\u0131 ufkunda ince bir yay \u015feklinde g\u00f6r\u00fcnen hilal, \u00f6n\u00fcnden ge\u00e7en u\u00e7aklarla g\u00fczel manzaralar\u0131n ortaya \u00e7\u0131kmas\u0131na neden oldu.\"},{\"@type\":\"BreadcrumbList\",\"@id\":\"https:\\\/\\\/memurunsesi.net\\\/index.php\\\/2026\\\/01\\\/22\\\/vanda-2026nin-ilk-hilal-ay-gorsel-solen-sundu\\\/#breadcrumb\",\"itemListElement\":[{\"@type\":\"ListItem\",\"position\":1,\"name\":\"Anasayfa\",\"item\":\"https:\\\/\\\/memurunsesi.net\\\/\"},{\"@type\":\"ListItem\",\"position\":2,\"name\":\"Van\u2019da 2026\u2019n\u0131n ilk hilal ay g\u00f6rsel \u015f\u00f6len sundu\"}]},{\"@type\":\"WebSite\",\"@id\":\"https:\\\/\\\/memurunsesi.net\\\/#website\",\"url\":\"https:\\\/\\\/memurunsesi.net\\\/\",\"name\":\"Memurun Sesi\",\"description\":\"G\u00fcncel ve Do\u011fru Haber\",\"publisher\":{\"@id\":\"https:\\\/\\\/memurunsesi.net\\\/#organization\"},\"potentialAction\":[{\"@type\":\"SearchAction\",\"target\":{\"@type\":\"EntryPoint\",\"urlTemplate\":\"https:\\\/\\\/memurunsesi.net\\\/?s={search_term_string}\"},\"query-input\":{\"@type\":\"PropertyValueSpecification\",\"valueRequired\":true,\"valueName\":\"search_term_string\"}}],\"inLanguage\":\"tr\"},{\"@type\":\"Organization\",\"@id\":\"https:\\\/\\\/memurunsesi.net\\\/#organization\",\"name\":\"Memurun Sesi\",\"url\":\"https:\\\/\\\/memurunsesi.net\\\/\",\"logo\":{\"@type\":\"ImageObject\",\"inLanguage\":\"tr\",\"@id\":\"https:\\\/\\\/memurunsesi.net\\\/#\\\/schema\\\/logo\\\/image\\\/\",\"url\":\"https:\\\/\\\/memurunsesi.net\\\/wp-content\\\/uploads\\\/2025\\\/11\\\/cropped-MEMURUN-SESI.png\",\"contentUrl\":\"https:\\\/\\\/memurunsesi.net\\\/wp-content\\\/uploads\\\/2025\\\/11\\\/cropped-MEMURUN-SESI.png\",\"width\":238,\"height\":57,\"caption\":\"Memurun Sesi\"},\"image\":{\"@id\":\"https:\\\/\\\/memurunsesi.net\\\/#\\\/schema\\\/logo\\\/image\\\/\"},\"sameAs\":[\"https:\\\/\\\/www.facebook.com\\\/unipersen\\\/?locale=tr_TR\",\"https:\\\/\\\/x.com\\\/unipersen\"]},{\"@type\":\"Person\",\"@id\":\"https:\\\/\\\/memurunsesi.net\\\/#\\\/schema\\\/person\\\/f21c2d73b89f6ee1d80b0a1803e38587\",\"name\":\"Memurun Sesi Haber Merkezi\",\"image\":{\"@type\":\"ImageObject\",\"inLanguage\":\"tr\",\"@id\":\"https:\\\/\\\/secure.gravatar.com\\\/avatar\\\/6cf0505f452ee753f485014986fab09a434671d2b919ee76fc541025c5876a70?s=96&d=mm&r=g\",\"url\":\"https:\\\/\\\/secure.gravatar.com\\\/avatar\\\/6cf0505f452ee753f485014986fab09a434671d2b919ee76fc541025c5876a70?s=96&d=mm&r=g\",\"contentUrl\":\"https:\\\/\\\/secure.gravatar.com\\\/avatar\\\/6cf0505f452ee753f485014986fab09a434671d2b919ee76fc541025c5876a70?s=96&d=mm&r=g\",\"caption\":\"Memurun Sesi Haber Merkezi\"},\"sameAs\":[\"https:\\\/\\\/memurunsesi.net\"],\"url\":\"https:\\\/\\\/memurunsesi.net\\\/index.php\\\/author\\\/uniper\\\/\"}]}<\/script>\n<!-- \/ Yoast SEO plugin. -->","yoast_head_json":{"title":"Van\u2019da 2026\u2019n\u0131n ilk hilal ay g\u00f6rsel \u015f\u00f6len sundu - Memurun Sesi","description":"Van\u2019da 2026\u2019n\u0131n ilk hilal ay g\u00f6rsel \u015f\u00f6len sundu","robots":{"index":"index","follow":"follow","max-snippet":"max-snippet:-1","max-image-preview":"max-image-preview:large","max-video-preview":"max-video-preview:-1"},"canonical":"https:\/\/memurunsesi.net\/index.php\/2026\/01\/22\/vanda-2026nin-ilk-hilal-ay-gorsel-solen-sundu\/","og_locale":"tr_TR","og_type":"article","og_title":"Van\u2019da 2026\u2019n\u0131n ilk hilal ay g\u00f6rsel \u015f\u00f6len sundu - Memurun Sesi","og_description":"Van\u2019da 2026\u2019n\u0131n ilk hilal ay g\u00f6rsel \u015f\u00f6len sundu","og_url":"https:\/\/memurunsesi.net\/index.php\/2026\/01\/22\/vanda-2026nin-ilk-hilal-ay-gorsel-solen-sundu\/","og_site_name":"Memurun Sesi","article_publisher":"https:\/\/www.facebook.com\/unipersen\/?locale=tr_TR","article_published_time":"2026-01-22T05:58:00+00:00","og_image":[{"width":2560,"height":1440,"url":"https:\/\/memurunsesi.net\/wp-content\/uploads\/2026\/01\/gorsel-solen--scaled.jpg","type":"image\/jpeg"}],"author":"Memurun Sesi Haber Merkezi","twitter_card":"summary_large_image","twitter_creator":"@unipersen","twitter_site":"@unipersen","twitter_misc":{"Yazan:":"Memurun Sesi Haber Merkezi","Tahmini okuma s\u00fcresi":"1 dakika"},"schema":{"@context":"https:\/\/schema.org","@graph":[{"@type":"Article","@id":"https:\/\/memurunsesi.net\/index.php\/2026\/01\/22\/vanda-2026nin-ilk-hilal-ay-gorsel-solen-sundu\/#article","isPartOf":{"@id":"https:\/\/memurunsesi.net\/index.php\/2026\/01\/22\/vanda-2026nin-ilk-hilal-ay-gorsel-solen-sundu\/"},"author":{"name":"Memurun Sesi Haber Merkezi","@id":"https:\/\/memurunsesi.net\/#\/schema\/person\/f21c2d73b89f6ee1d80b0a1803e38587"},"headline":"Van\u2019da 2026\u2019n\u0131n ilk hilal ay g\u00f6rsel \u015f\u00f6len sundu","datePublished":"2026-01-22T05:58:00+00:00","mainEntityOfPage":{"@id":"https:\/\/memurunsesi.net\/index.php\/2026\/01\/22\/vanda-2026nin-ilk-hilal-ay-gorsel-solen-sundu\/"},"wordCount":196,"commentCount":0,"publisher":{"@id":"https:\/\/memurunsesi.net\/#organization"},"image":{"@id":"https:\/\/memurunsesi.net\/index.php\/2026\/01\/22\/vanda-2026nin-ilk-hilal-ay-gorsel-solen-sundu\/#primaryimage"},"thumbnailUrl":"https:\/\/memurunsesi.net\/wp-content\/uploads\/2026\/01\/gorsel-solen--scaled.jpg","keywords":["g\u00f6rsel \u015f\u00f6len"],"articleSection":["G\u00fcndem"],"inLanguage":"tr","potentialAction":[{"@type":"CommentAction","name":"Comment","target":["https:\/\/memurunsesi.net\/index.php\/2026\/01\/22\/vanda-2026nin-ilk-hilal-ay-gorsel-solen-sundu\/#respond"]}]},{"@type":"WebPage","@id":"https:\/\/memurunsesi.net\/index.php\/2026\/01\/22\/vanda-2026nin-ilk-hilal-ay-gorsel-solen-sundu\/","url":"https:\/\/memurunsesi.net\/index.php\/2026\/01\/22\/vanda-2026nin-ilk-hilal-ay-gorsel-solen-sundu\/","name":"Van\u2019da 2026\u2019n\u0131n ilk hilal ay g\u00f6rsel \u015f\u00f6len sundu - Memurun Sesi","isPartOf":{"@id":"https:\/\/memurunsesi.net\/#website"},"primaryImageOfPage":{"@id":"https:\/\/memurunsesi.net\/index.php\/2026\/01\/22\/vanda-2026nin-ilk-hilal-ay-gorsel-solen-sundu\/#primaryimage"},"image":{"@id":"https:\/\/memurunsesi.net\/index.php\/2026\/01\/22\/vanda-2026nin-ilk-hilal-ay-gorsel-solen-sundu\/#primaryimage"},"thumbnailUrl":"https:\/\/memurunsesi.net\/wp-content\/uploads\/2026\/01\/gorsel-solen--scaled.jpg","datePublished":"2026-01-22T05:58:00+00:00","description":"Van\u2019da 2026\u2019n\u0131n ilk hilal ay g\u00f6rsel \u015f\u00f6len sundu","breadcrumb":{"@id":"https:\/\/memurunsesi.net\/index.php\/2026\/01\/22\/vanda-2026nin-ilk-hilal-ay-gorsel-solen-sundu\/#breadcrumb"},"inLanguage":"tr","potentialAction":[{"@type":"ReadAction","target":["https:\/\/memurunsesi.net\/index.php\/2026\/01\/22\/vanda-2026nin-ilk-hilal-ay-gorsel-solen-sundu\/"]}]},{"@type":"ImageObject","inLanguage":"tr","@id":"https:\/\/memurunsesi.net\/index.php\/2026\/01\/22\/vanda-2026nin-ilk-hilal-ay-gorsel-solen-sundu\/#primaryimage","url":"https:\/\/memurunsesi.net\/wp-content\/uploads\/2026\/01\/gorsel-solen--scaled.jpg","contentUrl":"https:\/\/memurunsesi.net\/wp-content\/uploads\/2026\/01\/gorsel-solen--scaled.jpg","width":2560,"height":1440,"caption":"VAN'DA 2026 YILININ \u0130LK H\u0130LAL AYI, AK\u015eAM SAATLER\u0130NDE G\u00d6KY\u00dcZ\u00dcNDE BEL\u0130REN ZAR\u0130F G\u00d6R\u00dcNT\u00dcS\u00dcYLE G\u00d6RSEL \u015e\u00d6LEN OLU\u015eTURDU. G\u00dcN BATIMININ ARDINDAN BATI UFKUNDA \u0130NCE B\u0130R YAY \u015eEKL\u0130NDE G\u00d6R\u00dcNEN H\u0130LAL, \u00d6N\u00dcNDEN GE\u00c7EN U\u00c7AKLARLA G\u00dcZEL MANZARALARIN ORTAYA \u00c7IKMASINA NEDEN OLDU. (AHMET KAVAK - \u015e\u00dcKR\u00dc AKY\u00dcZ\/VAN-\u0130HA) Van'da 2026 y\u0131l\u0131n\u0131n ilk hilal ay\u0131, ak\u015fam saatlerinde g\u00f6ky\u00fcz\u00fcnde beliren zarif g\u00f6r\u00fcnt\u00fcs\u00fcyle g\u00f6rsel \u015f\u00f6len olu\u015fturdu. G\u00fcn bat\u0131m\u0131n\u0131n ard\u0131ndan bat\u0131 ufkunda ince bir yay \u015feklinde g\u00f6r\u00fcnen hilal, \u00f6n\u00fcnden ge\u00e7en u\u00e7aklarla g\u00fczel manzaralar\u0131n ortaya \u00e7\u0131kmas\u0131na neden oldu."},{"@type":"BreadcrumbList","@id":"https:\/\/memurunsesi.net\/index.php\/2026\/01\/22\/vanda-2026nin-ilk-hilal-ay-gorsel-solen-sundu\/#breadcrumb","itemListElement":[{"@type":"ListItem","position":1,"name":"Anasayfa","item":"https:\/\/memurunsesi.net\/"},{"@type":"ListItem","position":2,"name":"Van\u2019da 2026\u2019n\u0131n ilk hilal ay g\u00f6rsel \u015f\u00f6len sundu"}]},{"@type":"WebSite","@id":"https:\/\/memurunsesi.net\/#website","url":"https:\/\/memurunsesi.net\/","name":"Memurun Sesi","description":"G\u00fcncel ve Do\u011fru Haber","publisher":{"@id":"https:\/\/memurunsesi.net\/#organization"},"potentialAction":[{"@type":"SearchAction","target":{"@type":"EntryPoint","urlTemplate":"https:\/\/memurunsesi.net\/?s={search_term_string}"},"query-input":{"@type":"PropertyValueSpecification","valueRequired":true,"valueName":"search_term_string"}}],"inLanguage":"tr"},{"@type":"Organization","@id":"https:\/\/memurunsesi.net\/#organization","name":"Memurun Sesi","url":"https:\/\/memurunsesi.net\/","logo":{"@type":"ImageObject","inLanguage":"tr","@id":"https:\/\/memurunsesi.net\/#\/schema\/logo\/image\/","url":"https:\/\/memurunsesi.net\/wp-content\/uploads\/2025\/11\/cropped-MEMURUN-SESI.png","contentUrl":"https:\/\/memurunsesi.net\/wp-content\/uploads\/2025\/11\/cropped-MEMURUN-SESI.png","width":238,"height":57,"caption":"Memurun Sesi"},"image":{"@id":"https:\/\/memurunsesi.net\/#\/schema\/logo\/image\/"},"sameAs":["https:\/\/www.facebook.com\/unipersen\/?locale=tr_TR","https:\/\/x.com\/unipersen"]},{"@type":"Person","@id":"https:\/\/memurunsesi.net\/#\/schema\/person\/f21c2d73b89f6ee1d80b0a1803e38587","name":"Memurun Sesi Haber Merkezi","image":{"@type":"ImageObject","inLanguage":"tr","@id":"https:\/\/secure.gravatar.com\/avatar\/6cf0505f452ee753f485014986fab09a434671d2b919ee76fc541025c5876a70?s=96&d=mm&r=g","url":"https:\/\/secure.gravatar.com\/avatar\/6cf0505f452ee753f485014986fab09a434671d2b919ee76fc541025c5876a70?s=96&d=mm&r=g","contentUrl":"https:\/\/secure.gravatar.com\/avatar\/6cf0505f452ee753f485014986fab09a434671d2b919ee76fc541025c5876a70?s=96&d=mm&r=g","caption":"Memurun Sesi Haber Merkezi"},"sameAs":["https:\/\/memurunsesi.net"],"url":"https:\/\/memurunsesi.net\/index.php\/author\/uniper\/"}]}},"_links":{"self":[{"href":"https:\/\/memurunsesi.net\/index.php\/wp-json\/wp\/v2\/posts\/16646","targetHints":{"allow":["GET"]}}],"collection":[{"href":"https:\/\/memurunsesi.net\/index.php\/wp-json\/wp\/v2\/posts"}],"about":[{"href":"https:\/\/memurunsesi.net\/index.php\/wp-json\/wp\/v2\/types\/post"}],"author":[{"embeddable":true,"href":"https:\/\/memurunsesi.net\/index.php\/wp-json\/wp\/v2\/users\/1"}],"replies":[{"embeddable":true,"href":"https:\/\/memurunsesi.net\/index.php\/wp-json\/wp\/v2\/comments?post=16646"}],"version-history":[{"count":1,"href":"https:\/\/memurunsesi.net\/index.php\/wp-json\/wp\/v2\/posts\/16646\/revisions"}],"predecessor-version":[{"id":16648,"href":"https:\/\/memurunsesi.net\/index.php\/wp-json\/wp\/v2\/posts\/16646\/revisions\/16648"}],"wp:featuredmedia":[{"embeddable":true,"href":"https:\/\/memurunsesi.net\/index.php\/wp-json\/wp\/v2\/media\/16647"}],"wp:attachment":[{"href":"https:\/\/memurunsesi.net\/index.php\/wp-json\/wp\/v2\/media?parent=16646"}],"wp:term":[{"taxonomy":"category","embeddable":true,"href":"https:\/\/memurunsesi.net\/index.php\/wp-json\/wp\/v2\/categories?post=16646"},{"taxonomy":"post_tag","embeddable":true,"href":"https:\/\/memurunsesi.net\/index.php\/wp-json\/wp\/v2\/tags?post=16646"}],"curies":[{"name":"wp","href":"https:\/\/api.w.org\/{rel}","templated":true}]}}