{"id":16649,"date":"2026-01-22T09:00:00","date_gmt":"2026-01-22T06:00:00","guid":{"rendered":"https:\/\/memurunsesi.net\/?p=16649"},"modified":"2026-01-22T09:00:00","modified_gmt":"2026-01-22T06:00:00","slug":"siirtte-iki-kitap-bir-gonul-projesi-tanitildi","status":"publish","type":"post","link":"https:\/\/memurunsesi.net\/index.php\/2026\/01\/22\/siirtte-iki-kitap-bir-gonul-projesi-tanitildi\/","title":{"rendered":"Siirt&#8217;te &#8216;\u0130ki Kitap Bir G\u00f6n\u00fcl Projesi&#8217; tan\u0131t\u0131ld\u0131"},"content":{"rendered":"<p>Siirt&#8217;te Gen\u00e7lik ve Spor Bakanl\u0131\u011f\u0131 taraf\u0131ndan finanse edilen, \u0130l Gen\u00e7lik ve Spor M\u00fcd\u00fcrl\u00fc\u011f\u00fcnce y\u00fcr\u00fct\u00fclen &#8220;\u0130ki Kitap Bir G\u00f6n\u00fcl Projesi&#8221; tan\u0131t\u0131ld\u0131.<br \/>\n\u0130l Milli E\u011fitim M\u00fcd\u00fcrl\u00fc\u011f\u00fc Konferans Salonu&#8217;nda d\u00fczenlenen program, Gen\u00e7lik ve Spor \u0130l M\u00fcd\u00fcrl\u00fc\u011f\u00fc b\u00fcnyesindeki \u00e7al\u0131\u015fmalar\u0131 kapsayan ve yeni hizmete giren Spor M\u00fczesi&#8217;nin tan\u0131t\u0131m videosunun izlenmesiyle ba\u015flad\u0131. Programda konu\u015fan Vali Kemal K\u0131z\u0131lkaya, bilginin g\u00f6n\u00fclle, okuman\u0131n sorumlulukla, sporun dayan\u0131\u015fmayla bulu\u015ftu\u011fu son derece anlaml\u0131 bir proje vesilesiyle bir araya gelmi\u015f bulunmakta olduklar\u0131n\u0131 s\u00f6yledi.<br \/>\n&#8220;\u0130ki Kitap Bir G\u00f6n\u00fcl&#8221; Projesi&#8217;nin, gen\u00e7lerin yaln\u0131zca akademik de\u011fil; insani, ahlaki ve sosyal y\u00f6nleriyle de geli\u015fimini hedefleyen \u00e7ok k\u0131ymetli bir yolculuk oldu\u011funu belirten K\u0131z\u0131lkaya, &#8220;Valili\u011fimizin himayelerinde hayata ge\u00e7irilecek bu \u00e7al\u0131\u015fma; yurtlar\u0131m\u0131zda kalan \u00fcniversite \u00f6\u011frencilerimizin okumayla d\u00fc\u015f\u00fcnce d\u00fcnyalar\u0131n\u0131 geli\u015ftirmelerini, g\u00f6n\u00fcll\u00fcl\u00fck faaliyetleriyle toplumsal duyarl\u0131l\u0131k kazanmalar\u0131n\u0131 ve spor arac\u0131l\u0131\u011f\u0131yla aktif bir ya\u015fam al\u0131\u015fkanl\u0131\u011f\u0131 edinmelerini ama\u00e7layan \u00f6nemli bir gen\u00e7lik projesidir. Proje kapsam\u0131nda gen\u00e7lerimizin kitaplar arac\u0131l\u0131\u011f\u0131yla d\u00fc\u015f\u00fcnce d\u00fcnyalar\u0131n\u0131 zenginle\u015ftirirken; \u00e7evre \u00e7al\u0131\u015fmalar\u0131ndan sevgi evlerine, kan ba\u011f\u0131\u015f\u0131ndan a\u011fa\u00e7 dikimine kadar bir\u00e7ok g\u00f6n\u00fcll\u00fcl\u00fck faaliyetinde aktif rol almalar\u0131 bizler i\u00e7in son derece k\u0131ymetlidir. Spor faaliyetleriyle de desteklenen bu proje, gen\u00e7lerimizin mill\u00ee ve manevi de\u011ferler do\u011frultusunda yeti\u015fmelerine \u00f6nemli katk\u0131lar sa\u011flamaktad\u0131r&#8221; dedi.<br \/>\nGen\u00e7lik ve Spor \u0130l M\u00fcd\u00fcr\u00fc \u0130smail \u00c7algan da, birlikte durmak ve ayn\u0131 duyguda bulu\u015fmak i\u00e7in bir arada olduklar\u0131n\u0131 ifade ederek, &#8220;Bu proje bir slogan\u0131n de\u011fil, insan\u0131 insan yapan derin bir ihtiyac\u0131n \u00fcr\u00fcn\u00fcd\u00fcr&#8221; dedi.<br \/>\nProgram, sanat\u00e7\u0131 Sedat Anar&#8217;\u0131n konseriyle sona erdi.<br \/>\nEtkinli\u011fe, kurum m\u00fcd\u00fcrleri, sivil toplum kurulu\u015flar\u0131n\u0131n temsilcileri, sporcu ve \u00f6\u011frenciler kat\u0131ld\u0131.<\/p>\n<p>22.01.2026<\/p>\n","protected":false},"excerpt":{"rendered":"<p>Siirt&#8217;te Gen\u00e7lik ve Spor Bakanl\u0131\u011f\u0131 taraf\u0131ndan finanse edilen, \u0130l Gen\u00e7lik ve Spor M\u00fcd\u00fcrl\u00fc\u011f\u00fcnce y\u00fcr\u00fct\u00fclen &#8220;\u0130ki Kitap Bir G\u00f6n\u00fcl Projesi&#8221; tan\u0131t\u0131ld\u0131. \u0130l Milli E\u011fitim M\u00fcd\u00fcrl\u00fc\u011f\u00fc Konferans Salonu&#8217;nda d\u00fczenlenen program, Gen\u00e7lik ve Spor \u0130l M\u00fcd\u00fcrl\u00fc\u011f\u00fc b\u00fcnyesindeki \u00e7al\u0131\u015fmalar\u0131 kapsayan ve yeni hizmete giren Spor M\u00fczesi&#8217;nin tan\u0131t\u0131m videosunun izlenmesiyle ba\u015flad\u0131. Programda konu\u015fan Vali Kemal K\u0131z\u0131lkaya, bilginin g\u00f6n\u00fclle, okuman\u0131n sorumlulukla, [&hellip;]<\/p>\n","protected":false},"author":1,"featured_media":16650,"comment_status":"open","ping_status":"open","sticky":false,"template":"","format":"standard","meta":{"footnotes":""},"categories":[45],"tags":[],"class_list":["post-16649","post","type-post","status-publish","format-standard","has-post-thumbnail","hentry","category-gundem"],"yoast_head":"<!-- This site is optimized with the Yoast SEO plugin v27.4 - https:\/\/yoast.com\/product\/yoast-seo-wordpress\/ -->\n<title>Siirt&#039;te &#039;\u0130ki Kitap Bir G\u00f6n\u00fcl Projesi&#039; tan\u0131t\u0131ld\u0131 - Memurun Sesi<\/title>\n<meta name=\"description\" content=\"Siirt&#039;te &#039;\u0130ki Kitap Bir G\u00f6n\u00fcl Projesi&#039; tan\u0131t\u0131ld\u0131\" \/>\n<meta name=\"robots\" content=\"index, follow, max-snippet:-1, max-image-preview:large, max-video-preview:-1\" \/>\n<link rel=\"canonical\" href=\"https:\/\/memurunsesi.net\/index.php\/2026\/01\/22\/siirtte-iki-kitap-bir-gonul-projesi-tanitildi\/\" \/>\n<meta property=\"og:locale\" content=\"tr_TR\" \/>\n<meta property=\"og:type\" content=\"article\" \/>\n<meta property=\"og:title\" content=\"Siirt&#039;te &#039;\u0130ki Kitap Bir G\u00f6n\u00fcl Projesi&#039; tan\u0131t\u0131ld\u0131 - Memurun Sesi\" \/>\n<meta property=\"og:description\" content=\"Siirt&#039;te &#039;\u0130ki Kitap Bir G\u00f6n\u00fcl Projesi&#039; tan\u0131t\u0131ld\u0131\" \/>\n<meta property=\"og:url\" content=\"https:\/\/memurunsesi.net\/index.php\/2026\/01\/22\/siirtte-iki-kitap-bir-gonul-projesi-tanitildi\/\" \/>\n<meta property=\"og:site_name\" content=\"Memurun Sesi\" \/>\n<meta property=\"article:publisher\" content=\"https:\/\/www.facebook.com\/unipersen\/?locale=tr_TR\" \/>\n<meta property=\"article:published_time\" content=\"2026-01-22T06:00:00+00:00\" \/>\n<meta property=\"og:image\" content=\"https:\/\/memurunsesi.net\/wp-content\/uploads\/2026\/01\/Siirtte-Iki-Kitap-Bir-Gonul-Projesi-tanitildi.jpg\" \/>\n\t<meta property=\"og:image:width\" content=\"1600\" \/>\n\t<meta property=\"og:image:height\" content=\"1066\" \/>\n\t<meta property=\"og:image:type\" content=\"image\/jpeg\" \/>\n<meta name=\"author\" content=\"Memurun Sesi Haber Merkezi\" \/>\n<meta name=\"twitter:card\" content=\"summary_large_image\" \/>\n<meta name=\"twitter:creator\" content=\"@unipersen\" \/>\n<meta name=\"twitter:site\" content=\"@unipersen\" \/>\n<meta name=\"twitter:label1\" content=\"Yazan:\" \/>\n\t<meta name=\"twitter:data1\" content=\"Memurun Sesi Haber Merkezi\" \/>\n\t<meta name=\"twitter:label2\" content=\"Tahmini okuma s\u00fcresi\" \/>\n\t<meta name=\"twitter:data2\" content=\"2 dakika\" \/>\n<script type=\"application\/ld+json\" class=\"yoast-schema-graph\">{\"@context\":\"https:\\\/\\\/schema.org\",\"@graph\":[{\"@type\":\"Article\",\"@id\":\"https:\\\/\\\/memurunsesi.net\\\/index.php\\\/2026\\\/01\\\/22\\\/siirtte-iki-kitap-bir-gonul-projesi-tanitildi\\\/#article\",\"isPartOf\":{\"@id\":\"https:\\\/\\\/memurunsesi.net\\\/index.php\\\/2026\\\/01\\\/22\\\/siirtte-iki-kitap-bir-gonul-projesi-tanitildi\\\/\"},\"author\":{\"name\":\"Memurun Sesi Haber Merkezi\",\"@id\":\"https:\\\/\\\/memurunsesi.net\\\/#\\\/schema\\\/person\\\/f21c2d73b89f6ee1d80b0a1803e38587\"},\"headline\":\"Siirt&#8217;te &#8216;\u0130ki Kitap Bir G\u00f6n\u00fcl Projesi&#8217; tan\u0131t\u0131ld\u0131\",\"datePublished\":\"2026-01-22T06:00:00+00:00\",\"mainEntityOfPage\":{\"@id\":\"https:\\\/\\\/memurunsesi.net\\\/index.php\\\/2026\\\/01\\\/22\\\/siirtte-iki-kitap-bir-gonul-projesi-tanitildi\\\/\"},\"wordCount\":354,\"commentCount\":0,\"publisher\":{\"@id\":\"https:\\\/\\\/memurunsesi.net\\\/#organization\"},\"image\":{\"@id\":\"https:\\\/\\\/memurunsesi.net\\\/index.php\\\/2026\\\/01\\\/22\\\/siirtte-iki-kitap-bir-gonul-projesi-tanitildi\\\/#primaryimage\"},\"thumbnailUrl\":\"https:\\\/\\\/memurunsesi.net\\\/wp-content\\\/uploads\\\/2026\\\/01\\\/Siirtte-Iki-Kitap-Bir-Gonul-Projesi-tanitildi.jpg\",\"articleSection\":[\"G\u00fcndem\"],\"inLanguage\":\"tr\",\"potentialAction\":[{\"@type\":\"CommentAction\",\"name\":\"Comment\",\"target\":[\"https:\\\/\\\/memurunsesi.net\\\/index.php\\\/2026\\\/01\\\/22\\\/siirtte-iki-kitap-bir-gonul-projesi-tanitildi\\\/#respond\"]}]},{\"@type\":\"WebPage\",\"@id\":\"https:\\\/\\\/memurunsesi.net\\\/index.php\\\/2026\\\/01\\\/22\\\/siirtte-iki-kitap-bir-gonul-projesi-tanitildi\\\/\",\"url\":\"https:\\\/\\\/memurunsesi.net\\\/index.php\\\/2026\\\/01\\\/22\\\/siirtte-iki-kitap-bir-gonul-projesi-tanitildi\\\/\",\"name\":\"Siirt'te '\u0130ki Kitap Bir G\u00f6n\u00fcl Projesi' tan\u0131t\u0131ld\u0131 - Memurun Sesi\",\"isPartOf\":{\"@id\":\"https:\\\/\\\/memurunsesi.net\\\/#website\"},\"primaryImageOfPage\":{\"@id\":\"https:\\\/\\\/memurunsesi.net\\\/index.php\\\/2026\\\/01\\\/22\\\/siirtte-iki-kitap-bir-gonul-projesi-tanitildi\\\/#primaryimage\"},\"image\":{\"@id\":\"https:\\\/\\\/memurunsesi.net\\\/index.php\\\/2026\\\/01\\\/22\\\/siirtte-iki-kitap-bir-gonul-projesi-tanitildi\\\/#primaryimage\"},\"thumbnailUrl\":\"https:\\\/\\\/memurunsesi.net\\\/wp-content\\\/uploads\\\/2026\\\/01\\\/Siirtte-Iki-Kitap-Bir-Gonul-Projesi-tanitildi.jpg\",\"datePublished\":\"2026-01-22T06:00:00+00:00\",\"description\":\"Siirt'te '\u0130ki Kitap Bir G\u00f6n\u00fcl Projesi' tan\u0131t\u0131ld\u0131\",\"breadcrumb\":{\"@id\":\"https:\\\/\\\/memurunsesi.net\\\/index.php\\\/2026\\\/01\\\/22\\\/siirtte-iki-kitap-bir-gonul-projesi-tanitildi\\\/#breadcrumb\"},\"inLanguage\":\"tr\",\"potentialAction\":[{\"@type\":\"ReadAction\",\"target\":[\"https:\\\/\\\/memurunsesi.net\\\/index.php\\\/2026\\\/01\\\/22\\\/siirtte-iki-kitap-bir-gonul-projesi-tanitildi\\\/\"]}]},{\"@type\":\"ImageObject\",\"inLanguage\":\"tr\",\"@id\":\"https:\\\/\\\/memurunsesi.net\\\/index.php\\\/2026\\\/01\\\/22\\\/siirtte-iki-kitap-bir-gonul-projesi-tanitildi\\\/#primaryimage\",\"url\":\"https:\\\/\\\/memurunsesi.net\\\/wp-content\\\/uploads\\\/2026\\\/01\\\/Siirtte-Iki-Kitap-Bir-Gonul-Projesi-tanitildi.jpg\",\"contentUrl\":\"https:\\\/\\\/memurunsesi.net\\\/wp-content\\\/uploads\\\/2026\\\/01\\\/Siirtte-Iki-Kitap-Bir-Gonul-Projesi-tanitildi.jpg\",\"width\":1600,\"height\":1066,\"caption\":\"S\u0130\u0130RT'TE GEN\u00c7L\u0130K VE SPOR BAKANLI\u011eI TARAFINDAN F\u0130NANSE ED\u0130LEN, \u0130L GEN\u00c7L\u0130K VE SPOR M\u00dcD\u00dcRL\u00dc\u011e\u00dcNCE Y\u00dcR\u00dcT\u00dcLEN \\\"\u0130K\u0130 K\u0130TAP B\u0130R G\u00d6N\u00dcL PROJES\u0130\\\" TANITILDI. (ZEHRA GAYRETL\u0130\\\/S\u0130\u0130RT-\u0130HA) Siirt'te Gen\u00e7lik ve Spor Bakanl\u0131\u011f\u0131 taraf\u0131ndan finanse edilen, \u0130l Gen\u00e7lik ve Spor M\u00fcd\u00fcrl\u00fc\u011f\u00fcnce y\u00fcr\u00fct\u00fclen \\\"\u0130ki Kitap Bir G\u00f6n\u00fcl Projesi\\\" tan\u0131t\u0131ld\u0131.\"},{\"@type\":\"BreadcrumbList\",\"@id\":\"https:\\\/\\\/memurunsesi.net\\\/index.php\\\/2026\\\/01\\\/22\\\/siirtte-iki-kitap-bir-gonul-projesi-tanitildi\\\/#breadcrumb\",\"itemListElement\":[{\"@type\":\"ListItem\",\"position\":1,\"name\":\"Anasayfa\",\"item\":\"https:\\\/\\\/memurunsesi.net\\\/\"},{\"@type\":\"ListItem\",\"position\":2,\"name\":\"Siirt&#8217;te &#8216;\u0130ki Kitap Bir G\u00f6n\u00fcl Projesi&#8217; tan\u0131t\u0131ld\u0131\"}]},{\"@type\":\"WebSite\",\"@id\":\"https:\\\/\\\/memurunsesi.net\\\/#website\",\"url\":\"https:\\\/\\\/memurunsesi.net\\\/\",\"name\":\"Memurun Sesi\",\"description\":\"G\u00fcncel ve Do\u011fru Haber\",\"publisher\":{\"@id\":\"https:\\\/\\\/memurunsesi.net\\\/#organization\"},\"potentialAction\":[{\"@type\":\"SearchAction\",\"target\":{\"@type\":\"EntryPoint\",\"urlTemplate\":\"https:\\\/\\\/memurunsesi.net\\\/?s={search_term_string}\"},\"query-input\":{\"@type\":\"PropertyValueSpecification\",\"valueRequired\":true,\"valueName\":\"search_term_string\"}}],\"inLanguage\":\"tr\"},{\"@type\":\"Organization\",\"@id\":\"https:\\\/\\\/memurunsesi.net\\\/#organization\",\"name\":\"Memurun Sesi\",\"url\":\"https:\\\/\\\/memurunsesi.net\\\/\",\"logo\":{\"@type\":\"ImageObject\",\"inLanguage\":\"tr\",\"@id\":\"https:\\\/\\\/memurunsesi.net\\\/#\\\/schema\\\/logo\\\/image\\\/\",\"url\":\"https:\\\/\\\/memurunsesi.net\\\/wp-content\\\/uploads\\\/2025\\\/11\\\/cropped-MEMURUN-SESI.png\",\"contentUrl\":\"https:\\\/\\\/memurunsesi.net\\\/wp-content\\\/uploads\\\/2025\\\/11\\\/cropped-MEMURUN-SESI.png\",\"width\":238,\"height\":57,\"caption\":\"Memurun Sesi\"},\"image\":{\"@id\":\"https:\\\/\\\/memurunsesi.net\\\/#\\\/schema\\\/logo\\\/image\\\/\"},\"sameAs\":[\"https:\\\/\\\/www.facebook.com\\\/unipersen\\\/?locale=tr_TR\",\"https:\\\/\\\/x.com\\\/unipersen\"]},{\"@type\":\"Person\",\"@id\":\"https:\\\/\\\/memurunsesi.net\\\/#\\\/schema\\\/person\\\/f21c2d73b89f6ee1d80b0a1803e38587\",\"name\":\"Memurun Sesi Haber Merkezi\",\"image\":{\"@type\":\"ImageObject\",\"inLanguage\":\"tr\",\"@id\":\"https:\\\/\\\/secure.gravatar.com\\\/avatar\\\/6cf0505f452ee753f485014986fab09a434671d2b919ee76fc541025c5876a70?s=96&d=mm&r=g\",\"url\":\"https:\\\/\\\/secure.gravatar.com\\\/avatar\\\/6cf0505f452ee753f485014986fab09a434671d2b919ee76fc541025c5876a70?s=96&d=mm&r=g\",\"contentUrl\":\"https:\\\/\\\/secure.gravatar.com\\\/avatar\\\/6cf0505f452ee753f485014986fab09a434671d2b919ee76fc541025c5876a70?s=96&d=mm&r=g\",\"caption\":\"Memurun Sesi Haber Merkezi\"},\"sameAs\":[\"https:\\\/\\\/memurunsesi.net\"],\"url\":\"https:\\\/\\\/memurunsesi.net\\\/index.php\\\/author\\\/uniper\\\/\"}]}<\/script>\n<!-- \/ Yoast SEO plugin. -->","yoast_head_json":{"title":"Siirt'te '\u0130ki Kitap Bir G\u00f6n\u00fcl Projesi' tan\u0131t\u0131ld\u0131 - Memurun Sesi","description":"Siirt'te '\u0130ki Kitap Bir G\u00f6n\u00fcl Projesi' tan\u0131t\u0131ld\u0131","robots":{"index":"index","follow":"follow","max-snippet":"max-snippet:-1","max-image-preview":"max-image-preview:large","max-video-preview":"max-video-preview:-1"},"canonical":"https:\/\/memurunsesi.net\/index.php\/2026\/01\/22\/siirtte-iki-kitap-bir-gonul-projesi-tanitildi\/","og_locale":"tr_TR","og_type":"article","og_title":"Siirt'te '\u0130ki Kitap Bir G\u00f6n\u00fcl Projesi' tan\u0131t\u0131ld\u0131 - Memurun Sesi","og_description":"Siirt'te '\u0130ki Kitap Bir G\u00f6n\u00fcl Projesi' tan\u0131t\u0131ld\u0131","og_url":"https:\/\/memurunsesi.net\/index.php\/2026\/01\/22\/siirtte-iki-kitap-bir-gonul-projesi-tanitildi\/","og_site_name":"Memurun Sesi","article_publisher":"https:\/\/www.facebook.com\/unipersen\/?locale=tr_TR","article_published_time":"2026-01-22T06:00:00+00:00","og_image":[{"width":1600,"height":1066,"url":"https:\/\/memurunsesi.net\/wp-content\/uploads\/2026\/01\/Siirtte-Iki-Kitap-Bir-Gonul-Projesi-tanitildi.jpg","type":"image\/jpeg"}],"author":"Memurun Sesi Haber Merkezi","twitter_card":"summary_large_image","twitter_creator":"@unipersen","twitter_site":"@unipersen","twitter_misc":{"Yazan:":"Memurun Sesi Haber Merkezi","Tahmini okuma s\u00fcresi":"2 dakika"},"schema":{"@context":"https:\/\/schema.org","@graph":[{"@type":"Article","@id":"https:\/\/memurunsesi.net\/index.php\/2026\/01\/22\/siirtte-iki-kitap-bir-gonul-projesi-tanitildi\/#article","isPartOf":{"@id":"https:\/\/memurunsesi.net\/index.php\/2026\/01\/22\/siirtte-iki-kitap-bir-gonul-projesi-tanitildi\/"},"author":{"name":"Memurun Sesi Haber Merkezi","@id":"https:\/\/memurunsesi.net\/#\/schema\/person\/f21c2d73b89f6ee1d80b0a1803e38587"},"headline":"Siirt&#8217;te &#8216;\u0130ki Kitap Bir G\u00f6n\u00fcl Projesi&#8217; tan\u0131t\u0131ld\u0131","datePublished":"2026-01-22T06:00:00+00:00","mainEntityOfPage":{"@id":"https:\/\/memurunsesi.net\/index.php\/2026\/01\/22\/siirtte-iki-kitap-bir-gonul-projesi-tanitildi\/"},"wordCount":354,"commentCount":0,"publisher":{"@id":"https:\/\/memurunsesi.net\/#organization"},"image":{"@id":"https:\/\/memurunsesi.net\/index.php\/2026\/01\/22\/siirtte-iki-kitap-bir-gonul-projesi-tanitildi\/#primaryimage"},"thumbnailUrl":"https:\/\/memurunsesi.net\/wp-content\/uploads\/2026\/01\/Siirtte-Iki-Kitap-Bir-Gonul-Projesi-tanitildi.jpg","articleSection":["G\u00fcndem"],"inLanguage":"tr","potentialAction":[{"@type":"CommentAction","name":"Comment","target":["https:\/\/memurunsesi.net\/index.php\/2026\/01\/22\/siirtte-iki-kitap-bir-gonul-projesi-tanitildi\/#respond"]}]},{"@type":"WebPage","@id":"https:\/\/memurunsesi.net\/index.php\/2026\/01\/22\/siirtte-iki-kitap-bir-gonul-projesi-tanitildi\/","url":"https:\/\/memurunsesi.net\/index.php\/2026\/01\/22\/siirtte-iki-kitap-bir-gonul-projesi-tanitildi\/","name":"Siirt'te '\u0130ki Kitap Bir G\u00f6n\u00fcl Projesi' tan\u0131t\u0131ld\u0131 - Memurun Sesi","isPartOf":{"@id":"https:\/\/memurunsesi.net\/#website"},"primaryImageOfPage":{"@id":"https:\/\/memurunsesi.net\/index.php\/2026\/01\/22\/siirtte-iki-kitap-bir-gonul-projesi-tanitildi\/#primaryimage"},"image":{"@id":"https:\/\/memurunsesi.net\/index.php\/2026\/01\/22\/siirtte-iki-kitap-bir-gonul-projesi-tanitildi\/#primaryimage"},"thumbnailUrl":"https:\/\/memurunsesi.net\/wp-content\/uploads\/2026\/01\/Siirtte-Iki-Kitap-Bir-Gonul-Projesi-tanitildi.jpg","datePublished":"2026-01-22T06:00:00+00:00","description":"Siirt'te '\u0130ki Kitap Bir G\u00f6n\u00fcl Projesi' tan\u0131t\u0131ld\u0131","breadcrumb":{"@id":"https:\/\/memurunsesi.net\/index.php\/2026\/01\/22\/siirtte-iki-kitap-bir-gonul-projesi-tanitildi\/#breadcrumb"},"inLanguage":"tr","potentialAction":[{"@type":"ReadAction","target":["https:\/\/memurunsesi.net\/index.php\/2026\/01\/22\/siirtte-iki-kitap-bir-gonul-projesi-tanitildi\/"]}]},{"@type":"ImageObject","inLanguage":"tr","@id":"https:\/\/memurunsesi.net\/index.php\/2026\/01\/22\/siirtte-iki-kitap-bir-gonul-projesi-tanitildi\/#primaryimage","url":"https:\/\/memurunsesi.net\/wp-content\/uploads\/2026\/01\/Siirtte-Iki-Kitap-Bir-Gonul-Projesi-tanitildi.jpg","contentUrl":"https:\/\/memurunsesi.net\/wp-content\/uploads\/2026\/01\/Siirtte-Iki-Kitap-Bir-Gonul-Projesi-tanitildi.jpg","width":1600,"height":1066,"caption":"S\u0130\u0130RT'TE GEN\u00c7L\u0130K VE SPOR BAKANLI\u011eI TARAFINDAN F\u0130NANSE ED\u0130LEN, \u0130L GEN\u00c7L\u0130K VE SPOR M\u00dcD\u00dcRL\u00dc\u011e\u00dcNCE Y\u00dcR\u00dcT\u00dcLEN \"\u0130K\u0130 K\u0130TAP B\u0130R G\u00d6N\u00dcL PROJES\u0130\" TANITILDI. (ZEHRA GAYRETL\u0130\/S\u0130\u0130RT-\u0130HA) Siirt'te Gen\u00e7lik ve Spor Bakanl\u0131\u011f\u0131 taraf\u0131ndan finanse edilen, \u0130l Gen\u00e7lik ve Spor M\u00fcd\u00fcrl\u00fc\u011f\u00fcnce y\u00fcr\u00fct\u00fclen \"\u0130ki Kitap Bir G\u00f6n\u00fcl Projesi\" tan\u0131t\u0131ld\u0131."},{"@type":"BreadcrumbList","@id":"https:\/\/memurunsesi.net\/index.php\/2026\/01\/22\/siirtte-iki-kitap-bir-gonul-projesi-tanitildi\/#breadcrumb","itemListElement":[{"@type":"ListItem","position":1,"name":"Anasayfa","item":"https:\/\/memurunsesi.net\/"},{"@type":"ListItem","position":2,"name":"Siirt&#8217;te &#8216;\u0130ki Kitap Bir G\u00f6n\u00fcl Projesi&#8217; tan\u0131t\u0131ld\u0131"}]},{"@type":"WebSite","@id":"https:\/\/memurunsesi.net\/#website","url":"https:\/\/memurunsesi.net\/","name":"Memurun Sesi","description":"G\u00fcncel ve Do\u011fru Haber","publisher":{"@id":"https:\/\/memurunsesi.net\/#organization"},"potentialAction":[{"@type":"SearchAction","target":{"@type":"EntryPoint","urlTemplate":"https:\/\/memurunsesi.net\/?s={search_term_string}"},"query-input":{"@type":"PropertyValueSpecification","valueRequired":true,"valueName":"search_term_string"}}],"inLanguage":"tr"},{"@type":"Organization","@id":"https:\/\/memurunsesi.net\/#organization","name":"Memurun Sesi","url":"https:\/\/memurunsesi.net\/","logo":{"@type":"ImageObject","inLanguage":"tr","@id":"https:\/\/memurunsesi.net\/#\/schema\/logo\/image\/","url":"https:\/\/memurunsesi.net\/wp-content\/uploads\/2025\/11\/cropped-MEMURUN-SESI.png","contentUrl":"https:\/\/memurunsesi.net\/wp-content\/uploads\/2025\/11\/cropped-MEMURUN-SESI.png","width":238,"height":57,"caption":"Memurun Sesi"},"image":{"@id":"https:\/\/memurunsesi.net\/#\/schema\/logo\/image\/"},"sameAs":["https:\/\/www.facebook.com\/unipersen\/?locale=tr_TR","https:\/\/x.com\/unipersen"]},{"@type":"Person","@id":"https:\/\/memurunsesi.net\/#\/schema\/person\/f21c2d73b89f6ee1d80b0a1803e38587","name":"Memurun Sesi Haber Merkezi","image":{"@type":"ImageObject","inLanguage":"tr","@id":"https:\/\/secure.gravatar.com\/avatar\/6cf0505f452ee753f485014986fab09a434671d2b919ee76fc541025c5876a70?s=96&d=mm&r=g","url":"https:\/\/secure.gravatar.com\/avatar\/6cf0505f452ee753f485014986fab09a434671d2b919ee76fc541025c5876a70?s=96&d=mm&r=g","contentUrl":"https:\/\/secure.gravatar.com\/avatar\/6cf0505f452ee753f485014986fab09a434671d2b919ee76fc541025c5876a70?s=96&d=mm&r=g","caption":"Memurun Sesi Haber Merkezi"},"sameAs":["https:\/\/memurunsesi.net"],"url":"https:\/\/memurunsesi.net\/index.php\/author\/uniper\/"}]}},"_links":{"self":[{"href":"https:\/\/memurunsesi.net\/index.php\/wp-json\/wp\/v2\/posts\/16649","targetHints":{"allow":["GET"]}}],"collection":[{"href":"https:\/\/memurunsesi.net\/index.php\/wp-json\/wp\/v2\/posts"}],"about":[{"href":"https:\/\/memurunsesi.net\/index.php\/wp-json\/wp\/v2\/types\/post"}],"author":[{"embeddable":true,"href":"https:\/\/memurunsesi.net\/index.php\/wp-json\/wp\/v2\/users\/1"}],"replies":[{"embeddable":true,"href":"https:\/\/memurunsesi.net\/index.php\/wp-json\/wp\/v2\/comments?post=16649"}],"version-history":[{"count":1,"href":"https:\/\/memurunsesi.net\/index.php\/wp-json\/wp\/v2\/posts\/16649\/revisions"}],"predecessor-version":[{"id":16651,"href":"https:\/\/memurunsesi.net\/index.php\/wp-json\/wp\/v2\/posts\/16649\/revisions\/16651"}],"wp:featuredmedia":[{"embeddable":true,"href":"https:\/\/memurunsesi.net\/index.php\/wp-json\/wp\/v2\/media\/16650"}],"wp:attachment":[{"href":"https:\/\/memurunsesi.net\/index.php\/wp-json\/wp\/v2\/media?parent=16649"}],"wp:term":[{"taxonomy":"category","embeddable":true,"href":"https:\/\/memurunsesi.net\/index.php\/wp-json\/wp\/v2\/categories?post=16649"},{"taxonomy":"post_tag","embeddable":true,"href":"https:\/\/memurunsesi.net\/index.php\/wp-json\/wp\/v2\/tags?post=16649"}],"curies":[{"name":"wp","href":"https:\/\/api.w.org\/{rel}","templated":true}]}}