{"id":16655,"date":"2026-01-23T08:44:10","date_gmt":"2026-01-23T05:44:10","guid":{"rendered":"https:\/\/memurunsesi.net\/?p=16655"},"modified":"2026-01-23T08:44:10","modified_gmt":"2026-01-23T05:44:10","slug":"16655","status":"publish","type":"post","link":"https:\/\/memurunsesi.net\/index.php\/2026\/01\/23\/16655\/","title":{"rendered":""},"content":{"rendered":"<p>U\u015fak\u2019\u0131n Banaz il\u00e7esine ba\u011fl\u0131 Pa\u015fac\u0131k k\u00f6y\u00fcnde meydana gelen ev yang\u0131n\u0131nda iki katl\u0131 ev kullan\u0131lamaz hale gelirken, kar\u0131-koca dumandan etkilenerek hastaneye kald\u0131r\u0131ld\u0131.<br \/>\nYang\u0131n, U\u015fak\u2019\u0131n Banaz il\u00e7esine ba\u011fl\u0131 Pa\u015fac\u0131k k\u00f6y\u00fcnde meydana geldi. Edinilen bilgilere g\u00f6re, M.O. ve B.O.\u2019nun ya\u015fad\u0131\u011f\u0131 iki katl\u0131 evde hen\u00fcz bilinmeyen bir nedenle alevler y\u00fckselmeye ba\u015flad\u0131. K\u0131sa s\u00fcrede b\u00fcy\u00fcyen alevler t\u00fcm evi sard\u0131. Alevleri fark eden vatanda\u015flar\u0131n durumu 112 Acil \u00c7a\u011fr\u0131 Merkezi\u2019ne bildirmesi \u00fczerine b\u00f6lgeye 112 Sa\u011fl\u0131k ekipleri, jandarma, Banaz ve U\u015fak Belediyesi\u2019ne ba\u011fl\u0131 itfaiye ekipleri ile Banaz Orman \u0130\u015fletme M\u00fcd\u00fcrl\u00fc\u011f\u00fc\u2019ne ait araz\u00f6zler sevk edildi. Ekiplerin m\u00fcdahalesiyle yang\u0131n, \u00e7evredeki evlere s\u0131\u00e7ramadan kontrol alt\u0131na al\u0131narak s\u00f6nd\u00fcr\u00fcld\u00fc. Yang\u0131n s\u0131ras\u0131nda kendi imk\u00e2nlar\u0131yla evden \u00e7\u0131kan kar\u0131-koca B.O. ile M.O., dumandan etkilenmeleri nedeniyle 112 Sa\u011fl\u0131k ekiplerince Banaz Devlet Hastanesi\u2019ne kald\u0131r\u0131ld\u0131.<br \/>\n\u00d6te yandan yang\u0131nla ilgili inceleme ba\u015flat\u0131l\u0131rken, yang\u0131n sonucu ev tamamen kullan\u0131lamaz hale geldi.<\/p>\n<p>23.01.2026<\/p>\n","protected":false},"excerpt":{"rendered":"<p>U\u015fak\u2019\u0131n Banaz il\u00e7esine ba\u011fl\u0131 Pa\u015fac\u0131k k\u00f6y\u00fcnde meydana gelen ev yang\u0131n\u0131nda iki katl\u0131 ev kullan\u0131lamaz hale gelirken, kar\u0131-koca dumandan etkilenerek hastaneye kald\u0131r\u0131ld\u0131. Yang\u0131n, U\u015fak\u2019\u0131n Banaz il\u00e7esine ba\u011fl\u0131 Pa\u015fac\u0131k k\u00f6y\u00fcnde meydana geldi. Edinilen bilgilere g\u00f6re, M.O. ve B.O.\u2019nun ya\u015fad\u0131\u011f\u0131 iki katl\u0131 evde hen\u00fcz bilinmeyen bir nedenle alevler y\u00fckselmeye ba\u015flad\u0131. K\u0131sa s\u00fcrede b\u00fcy\u00fcyen alevler t\u00fcm evi sard\u0131. Alevleri [&hellip;]<\/p>\n","protected":false},"author":1,"featured_media":16656,"comment_status":"open","ping_status":"open","sticky":false,"template":"","format":"standard","meta":{"footnotes":""},"categories":[50],"tags":[926],"class_list":["post-16655","post","type-post","status-publish","format-standard","has-post-thumbnail","hentry","category-tum-haberler","tag-iki-katli-ev-yanginda-kule-dondu"],"yoast_head":"<!-- This site is optimized with the Yoast SEO plugin v27.4 - https:\/\/yoast.com\/product\/yoast-seo-wordpress\/ -->\n<title>- Memurun Sesi<\/title>\n<meta name=\"description\" content=\"U\u015fak\u2019ta iki katl\u0131 ev yang\u0131nda k\u00fcle d\u00f6nd\u00fc: Kar\u0131-koca dumandan etkilendi\" \/>\n<meta name=\"robots\" content=\"index, follow, max-snippet:-1, max-image-preview:large, max-video-preview:-1\" \/>\n<link rel=\"canonical\" href=\"https:\/\/memurunsesi.net\/index.php\/2026\/01\/23\/16655\/\" \/>\n<meta property=\"og:locale\" content=\"tr_TR\" \/>\n<meta property=\"og:type\" content=\"article\" \/>\n<meta property=\"og:title\" content=\"- Memurun Sesi\" \/>\n<meta property=\"og:description\" content=\"U\u015fak\u2019ta iki katl\u0131 ev yang\u0131nda k\u00fcle d\u00f6nd\u00fc: Kar\u0131-koca dumandan etkilendi\" \/>\n<meta property=\"og:url\" content=\"https:\/\/memurunsesi.net\/index.php\/2026\/01\/23\/16655\/\" \/>\n<meta property=\"og:site_name\" content=\"Memurun Sesi\" \/>\n<meta property=\"article:publisher\" content=\"https:\/\/www.facebook.com\/unipersen\/?locale=tr_TR\" \/>\n<meta property=\"article:published_time\" content=\"2026-01-23T05:44:10+00:00\" \/>\n<meta property=\"og:image\" content=\"https:\/\/memurunsesi.net\/wp-content\/uploads\/2026\/01\/iki-katli-ev-yanginda-kule-dondu.jpg\" \/>\n\t<meta property=\"og:image:width\" content=\"1600\" \/>\n\t<meta property=\"og:image:height\" content=\"1200\" \/>\n\t<meta property=\"og:image:type\" content=\"image\/jpeg\" \/>\n<meta name=\"author\" content=\"Memurun Sesi Haber Merkezi\" \/>\n<meta name=\"twitter:card\" content=\"summary_large_image\" \/>\n<meta name=\"twitter:creator\" content=\"@unipersen\" \/>\n<meta name=\"twitter:site\" content=\"@unipersen\" \/>\n<meta name=\"twitter:label1\" content=\"Yazan:\" \/>\n\t<meta name=\"twitter:data1\" content=\"Memurun Sesi Haber Merkezi\" \/>\n\t<meta name=\"twitter:label2\" content=\"Tahmini okuma s\u00fcresi\" \/>\n\t<meta name=\"twitter:data2\" content=\"1 dakika\" \/>\n<script type=\"application\/ld+json\" class=\"yoast-schema-graph\">{\"@context\":\"https:\\\/\\\/schema.org\",\"@graph\":[{\"@type\":\"Article\",\"@id\":\"https:\\\/\\\/memurunsesi.net\\\/index.php\\\/2026\\\/01\\\/23\\\/16655\\\/#article\",\"isPartOf\":{\"@id\":\"https:\\\/\\\/memurunsesi.net\\\/index.php\\\/2026\\\/01\\\/23\\\/16655\\\/\"},\"author\":{\"name\":\"Memurun Sesi Haber Merkezi\",\"@id\":\"https:\\\/\\\/memurunsesi.net\\\/#\\\/schema\\\/person\\\/f21c2d73b89f6ee1d80b0a1803e38587\"},\"headline\":\"Ba\u015fl\u0131k yok\",\"datePublished\":\"2026-01-23T05:44:10+00:00\",\"mainEntityOfPage\":{\"@id\":\"https:\\\/\\\/memurunsesi.net\\\/index.php\\\/2026\\\/01\\\/23\\\/16655\\\/\"},\"wordCount\":203,\"commentCount\":0,\"publisher\":{\"@id\":\"https:\\\/\\\/memurunsesi.net\\\/#organization\"},\"image\":{\"@id\":\"https:\\\/\\\/memurunsesi.net\\\/index.php\\\/2026\\\/01\\\/23\\\/16655\\\/#primaryimage\"},\"thumbnailUrl\":\"https:\\\/\\\/memurunsesi.net\\\/wp-content\\\/uploads\\\/2026\\\/01\\\/iki-katli-ev-yanginda-kule-dondu.jpg\",\"keywords\":[\"iki katl\u0131 ev yang\u0131nda k\u00fcle d\u00f6nd\u00fc\"],\"articleSection\":[\"T\u00fcm Haberler\"],\"inLanguage\":\"tr\",\"potentialAction\":[{\"@type\":\"CommentAction\",\"name\":\"Comment\",\"target\":[\"https:\\\/\\\/memurunsesi.net\\\/index.php\\\/2026\\\/01\\\/23\\\/16655\\\/#respond\"]}]},{\"@type\":\"WebPage\",\"@id\":\"https:\\\/\\\/memurunsesi.net\\\/index.php\\\/2026\\\/01\\\/23\\\/16655\\\/\",\"url\":\"https:\\\/\\\/memurunsesi.net\\\/index.php\\\/2026\\\/01\\\/23\\\/16655\\\/\",\"name\":\"- Memurun Sesi\",\"isPartOf\":{\"@id\":\"https:\\\/\\\/memurunsesi.net\\\/#website\"},\"primaryImageOfPage\":{\"@id\":\"https:\\\/\\\/memurunsesi.net\\\/index.php\\\/2026\\\/01\\\/23\\\/16655\\\/#primaryimage\"},\"image\":{\"@id\":\"https:\\\/\\\/memurunsesi.net\\\/index.php\\\/2026\\\/01\\\/23\\\/16655\\\/#primaryimage\"},\"thumbnailUrl\":\"https:\\\/\\\/memurunsesi.net\\\/wp-content\\\/uploads\\\/2026\\\/01\\\/iki-katli-ev-yanginda-kule-dondu.jpg\",\"datePublished\":\"2026-01-23T05:44:10+00:00\",\"description\":\"U\u015fak\u2019ta iki katl\u0131 ev yang\u0131nda k\u00fcle d\u00f6nd\u00fc: Kar\u0131-koca dumandan etkilendi\",\"inLanguage\":\"tr\",\"potentialAction\":[{\"@type\":\"ReadAction\",\"target\":[\"https:\\\/\\\/memurunsesi.net\\\/index.php\\\/2026\\\/01\\\/23\\\/16655\\\/\"]}]},{\"@type\":\"ImageObject\",\"inLanguage\":\"tr\",\"@id\":\"https:\\\/\\\/memurunsesi.net\\\/index.php\\\/2026\\\/01\\\/23\\\/16655\\\/#primaryimage\",\"url\":\"https:\\\/\\\/memurunsesi.net\\\/wp-content\\\/uploads\\\/2026\\\/01\\\/iki-katli-ev-yanginda-kule-dondu.jpg\",\"contentUrl\":\"https:\\\/\\\/memurunsesi.net\\\/wp-content\\\/uploads\\\/2026\\\/01\\\/iki-katli-ev-yanginda-kule-dondu.jpg\",\"width\":1600,\"height\":1200,\"caption\":\"U\u015eAK'IN BANAZ \u0130L\u00c7ES\u0130NE BA\u011eLI PA\u015eACIK K\u00d6Y\u00dcNDE MEYDANA GELEN EV YANGININDA \u0130K\u0130 KATLI EV KULLANILAMAZ HALE GEL\u0130RKEN, KARI-KOCA DUMANDAN ETK\u0130LENEREK HASTANEYE KALDIRILDI. (\u00d6MER AKKOYUN\\\/U\u015eAK-\u0130HA) U\u015fak'\u0131n Banaz il\u00e7esine ba\u011fl\u0131 Pa\u015fac\u0131k k\u00f6y\u00fcnde meydana gelen ev yang\u0131n\u0131nda iki katl\u0131 ev kullan\u0131lamaz hale gelirken, kar\u0131-koca dumandan etkilenerek hastaneye kald\u0131r\u0131ld\u0131.\"},{\"@type\":\"WebSite\",\"@id\":\"https:\\\/\\\/memurunsesi.net\\\/#website\",\"url\":\"https:\\\/\\\/memurunsesi.net\\\/\",\"name\":\"Memurun Sesi\",\"description\":\"G\u00fcncel ve Do\u011fru Haber\",\"publisher\":{\"@id\":\"https:\\\/\\\/memurunsesi.net\\\/#organization\"},\"potentialAction\":[{\"@type\":\"SearchAction\",\"target\":{\"@type\":\"EntryPoint\",\"urlTemplate\":\"https:\\\/\\\/memurunsesi.net\\\/?s={search_term_string}\"},\"query-input\":{\"@type\":\"PropertyValueSpecification\",\"valueRequired\":true,\"valueName\":\"search_term_string\"}}],\"inLanguage\":\"tr\"},{\"@type\":\"Organization\",\"@id\":\"https:\\\/\\\/memurunsesi.net\\\/#organization\",\"name\":\"Memurun Sesi\",\"url\":\"https:\\\/\\\/memurunsesi.net\\\/\",\"logo\":{\"@type\":\"ImageObject\",\"inLanguage\":\"tr\",\"@id\":\"https:\\\/\\\/memurunsesi.net\\\/#\\\/schema\\\/logo\\\/image\\\/\",\"url\":\"https:\\\/\\\/memurunsesi.net\\\/wp-content\\\/uploads\\\/2025\\\/11\\\/cropped-MEMURUN-SESI.png\",\"contentUrl\":\"https:\\\/\\\/memurunsesi.net\\\/wp-content\\\/uploads\\\/2025\\\/11\\\/cropped-MEMURUN-SESI.png\",\"width\":238,\"height\":57,\"caption\":\"Memurun Sesi\"},\"image\":{\"@id\":\"https:\\\/\\\/memurunsesi.net\\\/#\\\/schema\\\/logo\\\/image\\\/\"},\"sameAs\":[\"https:\\\/\\\/www.facebook.com\\\/unipersen\\\/?locale=tr_TR\",\"https:\\\/\\\/x.com\\\/unipersen\"]},{\"@type\":\"Person\",\"@id\":\"https:\\\/\\\/memurunsesi.net\\\/#\\\/schema\\\/person\\\/f21c2d73b89f6ee1d80b0a1803e38587\",\"name\":\"Memurun Sesi Haber Merkezi\",\"image\":{\"@type\":\"ImageObject\",\"inLanguage\":\"tr\",\"@id\":\"https:\\\/\\\/secure.gravatar.com\\\/avatar\\\/6cf0505f452ee753f485014986fab09a434671d2b919ee76fc541025c5876a70?s=96&d=mm&r=g\",\"url\":\"https:\\\/\\\/secure.gravatar.com\\\/avatar\\\/6cf0505f452ee753f485014986fab09a434671d2b919ee76fc541025c5876a70?s=96&d=mm&r=g\",\"contentUrl\":\"https:\\\/\\\/secure.gravatar.com\\\/avatar\\\/6cf0505f452ee753f485014986fab09a434671d2b919ee76fc541025c5876a70?s=96&d=mm&r=g\",\"caption\":\"Memurun Sesi Haber Merkezi\"},\"sameAs\":[\"https:\\\/\\\/memurunsesi.net\"],\"url\":\"https:\\\/\\\/memurunsesi.net\\\/index.php\\\/author\\\/uniper\\\/\"}]}<\/script>\n<!-- \/ Yoast SEO plugin. -->","yoast_head_json":{"title":"- Memurun Sesi","description":"U\u015fak\u2019ta iki katl\u0131 ev yang\u0131nda k\u00fcle d\u00f6nd\u00fc: Kar\u0131-koca dumandan etkilendi","robots":{"index":"index","follow":"follow","max-snippet":"max-snippet:-1","max-image-preview":"max-image-preview:large","max-video-preview":"max-video-preview:-1"},"canonical":"https:\/\/memurunsesi.net\/index.php\/2026\/01\/23\/16655\/","og_locale":"tr_TR","og_type":"article","og_title":"- Memurun Sesi","og_description":"U\u015fak\u2019ta iki katl\u0131 ev yang\u0131nda k\u00fcle d\u00f6nd\u00fc: Kar\u0131-koca dumandan etkilendi","og_url":"https:\/\/memurunsesi.net\/index.php\/2026\/01\/23\/16655\/","og_site_name":"Memurun Sesi","article_publisher":"https:\/\/www.facebook.com\/unipersen\/?locale=tr_TR","article_published_time":"2026-01-23T05:44:10+00:00","og_image":[{"width":1600,"height":1200,"url":"https:\/\/memurunsesi.net\/wp-content\/uploads\/2026\/01\/iki-katli-ev-yanginda-kule-dondu.jpg","type":"image\/jpeg"}],"author":"Memurun Sesi Haber Merkezi","twitter_card":"summary_large_image","twitter_creator":"@unipersen","twitter_site":"@unipersen","twitter_misc":{"Yazan:":"Memurun Sesi Haber Merkezi","Tahmini okuma s\u00fcresi":"1 dakika"},"schema":{"@context":"https:\/\/schema.org","@graph":[{"@type":"Article","@id":"https:\/\/memurunsesi.net\/index.php\/2026\/01\/23\/16655\/#article","isPartOf":{"@id":"https:\/\/memurunsesi.net\/index.php\/2026\/01\/23\/16655\/"},"author":{"name":"Memurun Sesi Haber Merkezi","@id":"https:\/\/memurunsesi.net\/#\/schema\/person\/f21c2d73b89f6ee1d80b0a1803e38587"},"headline":"Ba\u015fl\u0131k yok","datePublished":"2026-01-23T05:44:10+00:00","mainEntityOfPage":{"@id":"https:\/\/memurunsesi.net\/index.php\/2026\/01\/23\/16655\/"},"wordCount":203,"commentCount":0,"publisher":{"@id":"https:\/\/memurunsesi.net\/#organization"},"image":{"@id":"https:\/\/memurunsesi.net\/index.php\/2026\/01\/23\/16655\/#primaryimage"},"thumbnailUrl":"https:\/\/memurunsesi.net\/wp-content\/uploads\/2026\/01\/iki-katli-ev-yanginda-kule-dondu.jpg","keywords":["iki katl\u0131 ev yang\u0131nda k\u00fcle d\u00f6nd\u00fc"],"articleSection":["T\u00fcm Haberler"],"inLanguage":"tr","potentialAction":[{"@type":"CommentAction","name":"Comment","target":["https:\/\/memurunsesi.net\/index.php\/2026\/01\/23\/16655\/#respond"]}]},{"@type":"WebPage","@id":"https:\/\/memurunsesi.net\/index.php\/2026\/01\/23\/16655\/","url":"https:\/\/memurunsesi.net\/index.php\/2026\/01\/23\/16655\/","name":"- Memurun Sesi","isPartOf":{"@id":"https:\/\/memurunsesi.net\/#website"},"primaryImageOfPage":{"@id":"https:\/\/memurunsesi.net\/index.php\/2026\/01\/23\/16655\/#primaryimage"},"image":{"@id":"https:\/\/memurunsesi.net\/index.php\/2026\/01\/23\/16655\/#primaryimage"},"thumbnailUrl":"https:\/\/memurunsesi.net\/wp-content\/uploads\/2026\/01\/iki-katli-ev-yanginda-kule-dondu.jpg","datePublished":"2026-01-23T05:44:10+00:00","description":"U\u015fak\u2019ta iki katl\u0131 ev yang\u0131nda k\u00fcle d\u00f6nd\u00fc: Kar\u0131-koca dumandan etkilendi","inLanguage":"tr","potentialAction":[{"@type":"ReadAction","target":["https:\/\/memurunsesi.net\/index.php\/2026\/01\/23\/16655\/"]}]},{"@type":"ImageObject","inLanguage":"tr","@id":"https:\/\/memurunsesi.net\/index.php\/2026\/01\/23\/16655\/#primaryimage","url":"https:\/\/memurunsesi.net\/wp-content\/uploads\/2026\/01\/iki-katli-ev-yanginda-kule-dondu.jpg","contentUrl":"https:\/\/memurunsesi.net\/wp-content\/uploads\/2026\/01\/iki-katli-ev-yanginda-kule-dondu.jpg","width":1600,"height":1200,"caption":"U\u015eAK'IN BANAZ \u0130L\u00c7ES\u0130NE BA\u011eLI PA\u015eACIK K\u00d6Y\u00dcNDE MEYDANA GELEN EV YANGININDA \u0130K\u0130 KATLI EV KULLANILAMAZ HALE GEL\u0130RKEN, KARI-KOCA DUMANDAN ETK\u0130LENEREK HASTANEYE KALDIRILDI. (\u00d6MER AKKOYUN\/U\u015eAK-\u0130HA) U\u015fak'\u0131n Banaz il\u00e7esine ba\u011fl\u0131 Pa\u015fac\u0131k k\u00f6y\u00fcnde meydana gelen ev yang\u0131n\u0131nda iki katl\u0131 ev kullan\u0131lamaz hale gelirken, kar\u0131-koca dumandan etkilenerek hastaneye kald\u0131r\u0131ld\u0131."},{"@type":"WebSite","@id":"https:\/\/memurunsesi.net\/#website","url":"https:\/\/memurunsesi.net\/","name":"Memurun Sesi","description":"G\u00fcncel ve Do\u011fru Haber","publisher":{"@id":"https:\/\/memurunsesi.net\/#organization"},"potentialAction":[{"@type":"SearchAction","target":{"@type":"EntryPoint","urlTemplate":"https:\/\/memurunsesi.net\/?s={search_term_string}"},"query-input":{"@type":"PropertyValueSpecification","valueRequired":true,"valueName":"search_term_string"}}],"inLanguage":"tr"},{"@type":"Organization","@id":"https:\/\/memurunsesi.net\/#organization","name":"Memurun Sesi","url":"https:\/\/memurunsesi.net\/","logo":{"@type":"ImageObject","inLanguage":"tr","@id":"https:\/\/memurunsesi.net\/#\/schema\/logo\/image\/","url":"https:\/\/memurunsesi.net\/wp-content\/uploads\/2025\/11\/cropped-MEMURUN-SESI.png","contentUrl":"https:\/\/memurunsesi.net\/wp-content\/uploads\/2025\/11\/cropped-MEMURUN-SESI.png","width":238,"height":57,"caption":"Memurun Sesi"},"image":{"@id":"https:\/\/memurunsesi.net\/#\/schema\/logo\/image\/"},"sameAs":["https:\/\/www.facebook.com\/unipersen\/?locale=tr_TR","https:\/\/x.com\/unipersen"]},{"@type":"Person","@id":"https:\/\/memurunsesi.net\/#\/schema\/person\/f21c2d73b89f6ee1d80b0a1803e38587","name":"Memurun Sesi Haber Merkezi","image":{"@type":"ImageObject","inLanguage":"tr","@id":"https:\/\/secure.gravatar.com\/avatar\/6cf0505f452ee753f485014986fab09a434671d2b919ee76fc541025c5876a70?s=96&d=mm&r=g","url":"https:\/\/secure.gravatar.com\/avatar\/6cf0505f452ee753f485014986fab09a434671d2b919ee76fc541025c5876a70?s=96&d=mm&r=g","contentUrl":"https:\/\/secure.gravatar.com\/avatar\/6cf0505f452ee753f485014986fab09a434671d2b919ee76fc541025c5876a70?s=96&d=mm&r=g","caption":"Memurun Sesi Haber Merkezi"},"sameAs":["https:\/\/memurunsesi.net"],"url":"https:\/\/memurunsesi.net\/index.php\/author\/uniper\/"}]}},"_links":{"self":[{"href":"https:\/\/memurunsesi.net\/index.php\/wp-json\/wp\/v2\/posts\/16655","targetHints":{"allow":["GET"]}}],"collection":[{"href":"https:\/\/memurunsesi.net\/index.php\/wp-json\/wp\/v2\/posts"}],"about":[{"href":"https:\/\/memurunsesi.net\/index.php\/wp-json\/wp\/v2\/types\/post"}],"author":[{"embeddable":true,"href":"https:\/\/memurunsesi.net\/index.php\/wp-json\/wp\/v2\/users\/1"}],"replies":[{"embeddable":true,"href":"https:\/\/memurunsesi.net\/index.php\/wp-json\/wp\/v2\/comments?post=16655"}],"version-history":[{"count":1,"href":"https:\/\/memurunsesi.net\/index.php\/wp-json\/wp\/v2\/posts\/16655\/revisions"}],"predecessor-version":[{"id":16657,"href":"https:\/\/memurunsesi.net\/index.php\/wp-json\/wp\/v2\/posts\/16655\/revisions\/16657"}],"wp:featuredmedia":[{"embeddable":true,"href":"https:\/\/memurunsesi.net\/index.php\/wp-json\/wp\/v2\/media\/16656"}],"wp:attachment":[{"href":"https:\/\/memurunsesi.net\/index.php\/wp-json\/wp\/v2\/media?parent=16655"}],"wp:term":[{"taxonomy":"category","embeddable":true,"href":"https:\/\/memurunsesi.net\/index.php\/wp-json\/wp\/v2\/categories?post=16655"},{"taxonomy":"post_tag","embeddable":true,"href":"https:\/\/memurunsesi.net\/index.php\/wp-json\/wp\/v2\/tags?post=16655"}],"curies":[{"name":"wp","href":"https:\/\/api.w.org\/{rel}","templated":true}]}}