{"id":16712,"date":"2026-01-23T16:47:42","date_gmt":"2026-01-23T13:47:42","guid":{"rendered":"https:\/\/memurunsesi.net\/?p=16712"},"modified":"2026-01-23T16:47:42","modified_gmt":"2026-01-23T13:47:42","slug":"kahramanmarasta-bebege-siddet-uygulayan-hemsire-tutuklandi","status":"publish","type":"post","link":"https:\/\/memurunsesi.net\/index.php\/2026\/01\/23\/kahramanmarasta-bebege-siddet-uygulayan-hemsire-tutuklandi\/","title":{"rendered":"Kahramanmara\u015f&#8217;ta bebe\u011fe \u015fiddet uygulayan hem\u015fire tutukland\u0131"},"content":{"rendered":"<p>Kahramanmara\u015f&#8217;ta 5 g\u00fcnl\u00fck bebe\u011fe \u015fiddet uygulad\u0131\u011f\u0131 iddias\u0131yla yarg\u0131lanan hem\u015fire hakk\u0131nda mahkeme tutuklama karar\u0131 verdi. Adli kontrol \u015fart\u0131yla yarg\u0131lanan san\u0131k, g\u00f6r\u00fclen son duru\u015fmada tutuklanarak cezaevine g\u00f6nderildi.<br \/>\nOlay, iddiaya g\u00f6re 26 May\u0131s 2021 tarihinde Kahramanmara\u015f S\u00fct\u00e7\u00fc \u0130mam \u00dcniversitesi Sa\u011fl\u0131k Uygulama ve Ara\u015ft\u0131rma Hastanesi Yenido\u011fan Bak\u0131m \u00dcnitesi&#8217;nde meydana geldi. Tedavi alt\u0131ndaki bir bebe\u011fe y\u00f6nelik \u015fiddet uyguland\u0131\u011f\u0131 iddialar\u0131 \u00fczerine ba\u015flat\u0131lan adli s\u00fcre\u00e7te, hem\u015fire H.D.B. hakk\u0131nda g\u00f6r\u00fcnt\u00fclerin ortaya \u00e7\u0131kmas\u0131n\u0131n ard\u0131ndan soru\u015fturma y\u00fcr\u00fct\u00fcld\u00fc.<br \/>\nKahramanmara\u015f 10. Asliye Ceza Mahkemesi&#8217;nde g\u00f6r\u00fclen duru\u015fmaya taraf avukatlar\u0131 kat\u0131ld\u0131. M\u00fc\u015fteki ailenin avukat\u0131, san\u0131k hakk\u0131ndaki \u015fikayetlerinin s\u00fcrd\u00fc\u011f\u00fcn\u00fc yineledi.<br \/>\nSan\u0131k avukat\u0131 ise baz\u0131 bas\u0131n organlar\u0131nda haberlerin yeniden servis edilmesinin yarg\u0131 s\u00fcrecini olumsuz etkiledi\u011fini ileri s\u00fcrd\u00fc. Ayr\u0131ca san\u0131\u011f\u0131n sosyal medya \u00fczerinden tehditler ald\u0131\u011f\u0131n\u0131, bu nedenle adres de\u011fi\u015ftirmek zorunda kald\u0131\u011f\u0131n\u0131 ifade etti.<br \/>\nAra karar\u0131n\u0131 a\u00e7\u0131klayan mahkeme heyeti, san\u0131k H.D.B. hakk\u0131nda uygulanan adli kontrol tedbirinin yetersiz kald\u0131\u011f\u0131na h\u00fckmederek tutuklanmas\u0131na karar verdi. Duru\u015fma, dosyadaki eksikliklerin giderilmesi amac\u0131yla 19 \u015eubat tarihine ertelendi.<\/p>\n<p>23.01.2026<\/p>\n","protected":false},"excerpt":{"rendered":"<p>Kahramanmara\u015f&#8217;ta 5 g\u00fcnl\u00fck bebe\u011fe \u015fiddet uygulad\u0131\u011f\u0131 iddias\u0131yla yarg\u0131lanan hem\u015fire hakk\u0131nda mahkeme tutuklama karar\u0131 verdi. Adli kontrol \u015fart\u0131yla yarg\u0131lanan san\u0131k, g\u00f6r\u00fclen son duru\u015fmada tutuklanarak cezaevine g\u00f6nderildi. Olay, iddiaya g\u00f6re 26 May\u0131s 2021 tarihinde Kahramanmara\u015f S\u00fct\u00e7\u00fc \u0130mam \u00dcniversitesi Sa\u011fl\u0131k Uygulama ve Ara\u015ft\u0131rma Hastanesi Yenido\u011fan Bak\u0131m \u00dcnitesi&#8217;nde meydana geldi. Tedavi alt\u0131ndaki bir bebe\u011fe y\u00f6nelik \u015fiddet uyguland\u0131\u011f\u0131 iddialar\u0131 \u00fczerine [&hellip;]<\/p>\n","protected":false},"author":1,"featured_media":16713,"comment_status":"open","ping_status":"open","sticky":false,"template":"","format":"standard","meta":{"footnotes":""},"categories":[1],"tags":[942],"class_list":["post-16712","post","type-post","status-publish","format-standard","has-post-thumbnail","hentry","category-genel","tag-bebege-siddet"],"yoast_head":"<!-- This site is optimized with the Yoast SEO plugin v27.4 - https:\/\/yoast.com\/product\/yoast-seo-wordpress\/ -->\n<title>Kahramanmara\u015f&#039;ta bebe\u011fe \u015fiddet uygulayan hem\u015fire tutukland\u0131 - Memurun Sesi<\/title>\n<meta name=\"description\" content=\"\u00a0Kahramanmara\u015f&#039;ta 5 g\u00fcnl\u00fck bebe\u011fe \u015fiddet uygulad\u0131\u011f\u0131 iddias\u0131yla yarg\u0131lanan hem\u015fire hakk\u0131nda mahkeme tutuklama karar\u0131 verdi. Adli kontrol \u015fart\u0131yla yarg\u0131lanan san\u0131k, g\u00f6r\u00fclen son duru\u015fmada tutuklanarak cezaevine g\u00f6nderildi.\" \/>\n<meta name=\"robots\" content=\"index, follow, max-snippet:-1, max-image-preview:large, max-video-preview:-1\" \/>\n<link rel=\"canonical\" href=\"https:\/\/memurunsesi.net\/index.php\/2026\/01\/23\/kahramanmarasta-bebege-siddet-uygulayan-hemsire-tutuklandi\/\" \/>\n<meta property=\"og:locale\" content=\"tr_TR\" \/>\n<meta property=\"og:type\" content=\"article\" \/>\n<meta property=\"og:title\" content=\"Kahramanmara\u015f&#039;ta bebe\u011fe \u015fiddet uygulayan hem\u015fire tutukland\u0131 - Memurun Sesi\" \/>\n<meta property=\"og:description\" content=\"\u00a0Kahramanmara\u015f&#039;ta 5 g\u00fcnl\u00fck bebe\u011fe \u015fiddet uygulad\u0131\u011f\u0131 iddias\u0131yla yarg\u0131lanan hem\u015fire hakk\u0131nda mahkeme tutuklama karar\u0131 verdi. Adli kontrol \u015fart\u0131yla yarg\u0131lanan san\u0131k, g\u00f6r\u00fclen son duru\u015fmada tutuklanarak cezaevine g\u00f6nderildi.\" \/>\n<meta property=\"og:url\" content=\"https:\/\/memurunsesi.net\/index.php\/2026\/01\/23\/kahramanmarasta-bebege-siddet-uygulayan-hemsire-tutuklandi\/\" \/>\n<meta property=\"og:site_name\" content=\"Memurun Sesi\" \/>\n<meta property=\"article:publisher\" content=\"https:\/\/www.facebook.com\/unipersen\/?locale=tr_TR\" \/>\n<meta property=\"article:published_time\" content=\"2026-01-23T13:47:42+00:00\" \/>\n<meta property=\"og:image\" content=\"https:\/\/memurunsesi.net\/wp-content\/uploads\/2026\/01\/bebege-siddet.jpg\" \/>\n\t<meta property=\"og:image:width\" content=\"1136\" \/>\n\t<meta property=\"og:image:height\" content=\"640\" \/>\n\t<meta property=\"og:image:type\" content=\"image\/jpeg\" \/>\n<meta name=\"author\" content=\"Memurun Sesi Haber Merkezi\" \/>\n<meta name=\"twitter:card\" content=\"summary_large_image\" \/>\n<meta name=\"twitter:creator\" content=\"@unipersen\" \/>\n<meta name=\"twitter:site\" content=\"@unipersen\" \/>\n<meta name=\"twitter:label1\" content=\"Yazan:\" \/>\n\t<meta name=\"twitter:data1\" content=\"Memurun Sesi Haber Merkezi\" \/>\n\t<meta name=\"twitter:label2\" content=\"Tahmini okuma s\u00fcresi\" \/>\n\t<meta name=\"twitter:data2\" content=\"2 dakika\" \/>\n<script type=\"application\/ld+json\" class=\"yoast-schema-graph\">{\"@context\":\"https:\\\/\\\/schema.org\",\"@graph\":[{\"@type\":\"Article\",\"@id\":\"https:\\\/\\\/memurunsesi.net\\\/index.php\\\/2026\\\/01\\\/23\\\/kahramanmarasta-bebege-siddet-uygulayan-hemsire-tutuklandi\\\/#article\",\"isPartOf\":{\"@id\":\"https:\\\/\\\/memurunsesi.net\\\/index.php\\\/2026\\\/01\\\/23\\\/kahramanmarasta-bebege-siddet-uygulayan-hemsire-tutuklandi\\\/\"},\"author\":{\"name\":\"Memurun Sesi Haber Merkezi\",\"@id\":\"https:\\\/\\\/memurunsesi.net\\\/#\\\/schema\\\/person\\\/f21c2d73b89f6ee1d80b0a1803e38587\"},\"headline\":\"Kahramanmara\u015f&#8217;ta bebe\u011fe \u015fiddet uygulayan hem\u015fire tutukland\u0131\",\"datePublished\":\"2026-01-23T13:47:42+00:00\",\"mainEntityOfPage\":{\"@id\":\"https:\\\/\\\/memurunsesi.net\\\/index.php\\\/2026\\\/01\\\/23\\\/kahramanmarasta-bebege-siddet-uygulayan-hemsire-tutuklandi\\\/\"},\"wordCount\":226,\"commentCount\":0,\"publisher\":{\"@id\":\"https:\\\/\\\/memurunsesi.net\\\/#organization\"},\"image\":{\"@id\":\"https:\\\/\\\/memurunsesi.net\\\/index.php\\\/2026\\\/01\\\/23\\\/kahramanmarasta-bebege-siddet-uygulayan-hemsire-tutuklandi\\\/#primaryimage\"},\"thumbnailUrl\":\"https:\\\/\\\/memurunsesi.net\\\/wp-content\\\/uploads\\\/2026\\\/01\\\/bebege-siddet.jpg\",\"keywords\":[\"bebe\u011fe \u015fiddet\"],\"inLanguage\":\"tr\",\"potentialAction\":[{\"@type\":\"CommentAction\",\"name\":\"Comment\",\"target\":[\"https:\\\/\\\/memurunsesi.net\\\/index.php\\\/2026\\\/01\\\/23\\\/kahramanmarasta-bebege-siddet-uygulayan-hemsire-tutuklandi\\\/#respond\"]}]},{\"@type\":\"WebPage\",\"@id\":\"https:\\\/\\\/memurunsesi.net\\\/index.php\\\/2026\\\/01\\\/23\\\/kahramanmarasta-bebege-siddet-uygulayan-hemsire-tutuklandi\\\/\",\"url\":\"https:\\\/\\\/memurunsesi.net\\\/index.php\\\/2026\\\/01\\\/23\\\/kahramanmarasta-bebege-siddet-uygulayan-hemsire-tutuklandi\\\/\",\"name\":\"Kahramanmara\u015f'ta bebe\u011fe \u015fiddet uygulayan hem\u015fire tutukland\u0131 - Memurun Sesi\",\"isPartOf\":{\"@id\":\"https:\\\/\\\/memurunsesi.net\\\/#website\"},\"primaryImageOfPage\":{\"@id\":\"https:\\\/\\\/memurunsesi.net\\\/index.php\\\/2026\\\/01\\\/23\\\/kahramanmarasta-bebege-siddet-uygulayan-hemsire-tutuklandi\\\/#primaryimage\"},\"image\":{\"@id\":\"https:\\\/\\\/memurunsesi.net\\\/index.php\\\/2026\\\/01\\\/23\\\/kahramanmarasta-bebege-siddet-uygulayan-hemsire-tutuklandi\\\/#primaryimage\"},\"thumbnailUrl\":\"https:\\\/\\\/memurunsesi.net\\\/wp-content\\\/uploads\\\/2026\\\/01\\\/bebege-siddet.jpg\",\"datePublished\":\"2026-01-23T13:47:42+00:00\",\"description\":\"\u00a0Kahramanmara\u015f'ta 5 g\u00fcnl\u00fck bebe\u011fe \u015fiddet uygulad\u0131\u011f\u0131 iddias\u0131yla yarg\u0131lanan hem\u015fire hakk\u0131nda mahkeme tutuklama karar\u0131 verdi. Adli kontrol \u015fart\u0131yla yarg\u0131lanan san\u0131k, g\u00f6r\u00fclen son duru\u015fmada tutuklanarak cezaevine g\u00f6nderildi.\",\"breadcrumb\":{\"@id\":\"https:\\\/\\\/memurunsesi.net\\\/index.php\\\/2026\\\/01\\\/23\\\/kahramanmarasta-bebege-siddet-uygulayan-hemsire-tutuklandi\\\/#breadcrumb\"},\"inLanguage\":\"tr\",\"potentialAction\":[{\"@type\":\"ReadAction\",\"target\":[\"https:\\\/\\\/memurunsesi.net\\\/index.php\\\/2026\\\/01\\\/23\\\/kahramanmarasta-bebege-siddet-uygulayan-hemsire-tutuklandi\\\/\"]}]},{\"@type\":\"ImageObject\",\"inLanguage\":\"tr\",\"@id\":\"https:\\\/\\\/memurunsesi.net\\\/index.php\\\/2026\\\/01\\\/23\\\/kahramanmarasta-bebege-siddet-uygulayan-hemsire-tutuklandi\\\/#primaryimage\",\"url\":\"https:\\\/\\\/memurunsesi.net\\\/wp-content\\\/uploads\\\/2026\\\/01\\\/bebege-siddet.jpg\",\"contentUrl\":\"https:\\\/\\\/memurunsesi.net\\\/wp-content\\\/uploads\\\/2026\\\/01\\\/bebege-siddet.jpg\",\"width\":1136,\"height\":640,\"caption\":\"KAHRAMANMARA\u015e'TA 5 G\u00dcNL\u00dcK BEBE\u011eE \u015e\u0130DDET UYGULADI\u011eI \u0130DD\u0130ASIYLA YARGILANAN HEM\u015e\u0130RE HAKKINDA MAHKEME TUTUKLAMA KARARI VERD\u0130. ADL\u0130 KONTROL \u015eARTIYLA YARGILANAN SANIK, G\u00d6R\u00dcLEN SON DURU\u015eMADA TUTUKLANARAK CEZAEV\u0130NE G\u00d6NDER\u0130LD\u0130. (\u0130HA\\\/KAHRAMANMARA\u015e-\u0130HA) Kahramanmara\u015f'ta 5 g\u00fcnl\u00fck bebe\u011fe \u015fiddet uygulad\u0131\u011f\u0131 iddias\u0131yla yarg\u0131lanan hem\u015fire hakk\u0131nda mahkeme tutuklama karar\u0131 verdi. Adli kontrol \u015fart\u0131yla yarg\u0131lanan san\u0131k, g\u00f6r\u00fclen son duru\u015fmada tutuklanarak cezaevine g\u00f6nderildi.\"},{\"@type\":\"BreadcrumbList\",\"@id\":\"https:\\\/\\\/memurunsesi.net\\\/index.php\\\/2026\\\/01\\\/23\\\/kahramanmarasta-bebege-siddet-uygulayan-hemsire-tutuklandi\\\/#breadcrumb\",\"itemListElement\":[{\"@type\":\"ListItem\",\"position\":1,\"name\":\"Anasayfa\",\"item\":\"https:\\\/\\\/memurunsesi.net\\\/\"},{\"@type\":\"ListItem\",\"position\":2,\"name\":\"Kahramanmara\u015f&#8217;ta bebe\u011fe \u015fiddet uygulayan hem\u015fire tutukland\u0131\"}]},{\"@type\":\"WebSite\",\"@id\":\"https:\\\/\\\/memurunsesi.net\\\/#website\",\"url\":\"https:\\\/\\\/memurunsesi.net\\\/\",\"name\":\"Memurun Sesi\",\"description\":\"G\u00fcncel ve Do\u011fru Haber\",\"publisher\":{\"@id\":\"https:\\\/\\\/memurunsesi.net\\\/#organization\"},\"potentialAction\":[{\"@type\":\"SearchAction\",\"target\":{\"@type\":\"EntryPoint\",\"urlTemplate\":\"https:\\\/\\\/memurunsesi.net\\\/?s={search_term_string}\"},\"query-input\":{\"@type\":\"PropertyValueSpecification\",\"valueRequired\":true,\"valueName\":\"search_term_string\"}}],\"inLanguage\":\"tr\"},{\"@type\":\"Organization\",\"@id\":\"https:\\\/\\\/memurunsesi.net\\\/#organization\",\"name\":\"Memurun Sesi\",\"url\":\"https:\\\/\\\/memurunsesi.net\\\/\",\"logo\":{\"@type\":\"ImageObject\",\"inLanguage\":\"tr\",\"@id\":\"https:\\\/\\\/memurunsesi.net\\\/#\\\/schema\\\/logo\\\/image\\\/\",\"url\":\"https:\\\/\\\/memurunsesi.net\\\/wp-content\\\/uploads\\\/2025\\\/11\\\/cropped-MEMURUN-SESI.png\",\"contentUrl\":\"https:\\\/\\\/memurunsesi.net\\\/wp-content\\\/uploads\\\/2025\\\/11\\\/cropped-MEMURUN-SESI.png\",\"width\":238,\"height\":57,\"caption\":\"Memurun Sesi\"},\"image\":{\"@id\":\"https:\\\/\\\/memurunsesi.net\\\/#\\\/schema\\\/logo\\\/image\\\/\"},\"sameAs\":[\"https:\\\/\\\/www.facebook.com\\\/unipersen\\\/?locale=tr_TR\",\"https:\\\/\\\/x.com\\\/unipersen\"]},{\"@type\":\"Person\",\"@id\":\"https:\\\/\\\/memurunsesi.net\\\/#\\\/schema\\\/person\\\/f21c2d73b89f6ee1d80b0a1803e38587\",\"name\":\"Memurun Sesi Haber Merkezi\",\"image\":{\"@type\":\"ImageObject\",\"inLanguage\":\"tr\",\"@id\":\"https:\\\/\\\/secure.gravatar.com\\\/avatar\\\/6cf0505f452ee753f485014986fab09a434671d2b919ee76fc541025c5876a70?s=96&d=mm&r=g\",\"url\":\"https:\\\/\\\/secure.gravatar.com\\\/avatar\\\/6cf0505f452ee753f485014986fab09a434671d2b919ee76fc541025c5876a70?s=96&d=mm&r=g\",\"contentUrl\":\"https:\\\/\\\/secure.gravatar.com\\\/avatar\\\/6cf0505f452ee753f485014986fab09a434671d2b919ee76fc541025c5876a70?s=96&d=mm&r=g\",\"caption\":\"Memurun Sesi Haber Merkezi\"},\"sameAs\":[\"https:\\\/\\\/memurunsesi.net\"],\"url\":\"https:\\\/\\\/memurunsesi.net\\\/index.php\\\/author\\\/uniper\\\/\"}]}<\/script>\n<!-- \/ Yoast SEO plugin. -->","yoast_head_json":{"title":"Kahramanmara\u015f'ta bebe\u011fe \u015fiddet uygulayan hem\u015fire tutukland\u0131 - Memurun Sesi","description":"\u00a0Kahramanmara\u015f'ta 5 g\u00fcnl\u00fck bebe\u011fe \u015fiddet uygulad\u0131\u011f\u0131 iddias\u0131yla yarg\u0131lanan hem\u015fire hakk\u0131nda mahkeme tutuklama karar\u0131 verdi. Adli kontrol \u015fart\u0131yla yarg\u0131lanan san\u0131k, g\u00f6r\u00fclen son duru\u015fmada tutuklanarak cezaevine g\u00f6nderildi.","robots":{"index":"index","follow":"follow","max-snippet":"max-snippet:-1","max-image-preview":"max-image-preview:large","max-video-preview":"max-video-preview:-1"},"canonical":"https:\/\/memurunsesi.net\/index.php\/2026\/01\/23\/kahramanmarasta-bebege-siddet-uygulayan-hemsire-tutuklandi\/","og_locale":"tr_TR","og_type":"article","og_title":"Kahramanmara\u015f'ta bebe\u011fe \u015fiddet uygulayan hem\u015fire tutukland\u0131 - Memurun Sesi","og_description":"\u00a0Kahramanmara\u015f'ta 5 g\u00fcnl\u00fck bebe\u011fe \u015fiddet uygulad\u0131\u011f\u0131 iddias\u0131yla yarg\u0131lanan hem\u015fire hakk\u0131nda mahkeme tutuklama karar\u0131 verdi. Adli kontrol \u015fart\u0131yla yarg\u0131lanan san\u0131k, g\u00f6r\u00fclen son duru\u015fmada tutuklanarak cezaevine g\u00f6nderildi.","og_url":"https:\/\/memurunsesi.net\/index.php\/2026\/01\/23\/kahramanmarasta-bebege-siddet-uygulayan-hemsire-tutuklandi\/","og_site_name":"Memurun Sesi","article_publisher":"https:\/\/www.facebook.com\/unipersen\/?locale=tr_TR","article_published_time":"2026-01-23T13:47:42+00:00","og_image":[{"width":1136,"height":640,"url":"https:\/\/memurunsesi.net\/wp-content\/uploads\/2026\/01\/bebege-siddet.jpg","type":"image\/jpeg"}],"author":"Memurun Sesi Haber Merkezi","twitter_card":"summary_large_image","twitter_creator":"@unipersen","twitter_site":"@unipersen","twitter_misc":{"Yazan:":"Memurun Sesi Haber Merkezi","Tahmini okuma s\u00fcresi":"2 dakika"},"schema":{"@context":"https:\/\/schema.org","@graph":[{"@type":"Article","@id":"https:\/\/memurunsesi.net\/index.php\/2026\/01\/23\/kahramanmarasta-bebege-siddet-uygulayan-hemsire-tutuklandi\/#article","isPartOf":{"@id":"https:\/\/memurunsesi.net\/index.php\/2026\/01\/23\/kahramanmarasta-bebege-siddet-uygulayan-hemsire-tutuklandi\/"},"author":{"name":"Memurun Sesi Haber Merkezi","@id":"https:\/\/memurunsesi.net\/#\/schema\/person\/f21c2d73b89f6ee1d80b0a1803e38587"},"headline":"Kahramanmara\u015f&#8217;ta bebe\u011fe \u015fiddet uygulayan hem\u015fire tutukland\u0131","datePublished":"2026-01-23T13:47:42+00:00","mainEntityOfPage":{"@id":"https:\/\/memurunsesi.net\/index.php\/2026\/01\/23\/kahramanmarasta-bebege-siddet-uygulayan-hemsire-tutuklandi\/"},"wordCount":226,"commentCount":0,"publisher":{"@id":"https:\/\/memurunsesi.net\/#organization"},"image":{"@id":"https:\/\/memurunsesi.net\/index.php\/2026\/01\/23\/kahramanmarasta-bebege-siddet-uygulayan-hemsire-tutuklandi\/#primaryimage"},"thumbnailUrl":"https:\/\/memurunsesi.net\/wp-content\/uploads\/2026\/01\/bebege-siddet.jpg","keywords":["bebe\u011fe \u015fiddet"],"inLanguage":"tr","potentialAction":[{"@type":"CommentAction","name":"Comment","target":["https:\/\/memurunsesi.net\/index.php\/2026\/01\/23\/kahramanmarasta-bebege-siddet-uygulayan-hemsire-tutuklandi\/#respond"]}]},{"@type":"WebPage","@id":"https:\/\/memurunsesi.net\/index.php\/2026\/01\/23\/kahramanmarasta-bebege-siddet-uygulayan-hemsire-tutuklandi\/","url":"https:\/\/memurunsesi.net\/index.php\/2026\/01\/23\/kahramanmarasta-bebege-siddet-uygulayan-hemsire-tutuklandi\/","name":"Kahramanmara\u015f'ta bebe\u011fe \u015fiddet uygulayan hem\u015fire tutukland\u0131 - Memurun Sesi","isPartOf":{"@id":"https:\/\/memurunsesi.net\/#website"},"primaryImageOfPage":{"@id":"https:\/\/memurunsesi.net\/index.php\/2026\/01\/23\/kahramanmarasta-bebege-siddet-uygulayan-hemsire-tutuklandi\/#primaryimage"},"image":{"@id":"https:\/\/memurunsesi.net\/index.php\/2026\/01\/23\/kahramanmarasta-bebege-siddet-uygulayan-hemsire-tutuklandi\/#primaryimage"},"thumbnailUrl":"https:\/\/memurunsesi.net\/wp-content\/uploads\/2026\/01\/bebege-siddet.jpg","datePublished":"2026-01-23T13:47:42+00:00","description":"\u00a0Kahramanmara\u015f'ta 5 g\u00fcnl\u00fck bebe\u011fe \u015fiddet uygulad\u0131\u011f\u0131 iddias\u0131yla yarg\u0131lanan hem\u015fire hakk\u0131nda mahkeme tutuklama karar\u0131 verdi. Adli kontrol \u015fart\u0131yla yarg\u0131lanan san\u0131k, g\u00f6r\u00fclen son duru\u015fmada tutuklanarak cezaevine g\u00f6nderildi.","breadcrumb":{"@id":"https:\/\/memurunsesi.net\/index.php\/2026\/01\/23\/kahramanmarasta-bebege-siddet-uygulayan-hemsire-tutuklandi\/#breadcrumb"},"inLanguage":"tr","potentialAction":[{"@type":"ReadAction","target":["https:\/\/memurunsesi.net\/index.php\/2026\/01\/23\/kahramanmarasta-bebege-siddet-uygulayan-hemsire-tutuklandi\/"]}]},{"@type":"ImageObject","inLanguage":"tr","@id":"https:\/\/memurunsesi.net\/index.php\/2026\/01\/23\/kahramanmarasta-bebege-siddet-uygulayan-hemsire-tutuklandi\/#primaryimage","url":"https:\/\/memurunsesi.net\/wp-content\/uploads\/2026\/01\/bebege-siddet.jpg","contentUrl":"https:\/\/memurunsesi.net\/wp-content\/uploads\/2026\/01\/bebege-siddet.jpg","width":1136,"height":640,"caption":"KAHRAMANMARA\u015e'TA 5 G\u00dcNL\u00dcK BEBE\u011eE \u015e\u0130DDET UYGULADI\u011eI \u0130DD\u0130ASIYLA YARGILANAN HEM\u015e\u0130RE HAKKINDA MAHKEME TUTUKLAMA KARARI VERD\u0130. ADL\u0130 KONTROL \u015eARTIYLA YARGILANAN SANIK, G\u00d6R\u00dcLEN SON DURU\u015eMADA TUTUKLANARAK CEZAEV\u0130NE G\u00d6NDER\u0130LD\u0130. (\u0130HA\/KAHRAMANMARA\u015e-\u0130HA) Kahramanmara\u015f'ta 5 g\u00fcnl\u00fck bebe\u011fe \u015fiddet uygulad\u0131\u011f\u0131 iddias\u0131yla yarg\u0131lanan hem\u015fire hakk\u0131nda mahkeme tutuklama karar\u0131 verdi. Adli kontrol \u015fart\u0131yla yarg\u0131lanan san\u0131k, g\u00f6r\u00fclen son duru\u015fmada tutuklanarak cezaevine g\u00f6nderildi."},{"@type":"BreadcrumbList","@id":"https:\/\/memurunsesi.net\/index.php\/2026\/01\/23\/kahramanmarasta-bebege-siddet-uygulayan-hemsire-tutuklandi\/#breadcrumb","itemListElement":[{"@type":"ListItem","position":1,"name":"Anasayfa","item":"https:\/\/memurunsesi.net\/"},{"@type":"ListItem","position":2,"name":"Kahramanmara\u015f&#8217;ta bebe\u011fe \u015fiddet uygulayan hem\u015fire tutukland\u0131"}]},{"@type":"WebSite","@id":"https:\/\/memurunsesi.net\/#website","url":"https:\/\/memurunsesi.net\/","name":"Memurun Sesi","description":"G\u00fcncel ve Do\u011fru Haber","publisher":{"@id":"https:\/\/memurunsesi.net\/#organization"},"potentialAction":[{"@type":"SearchAction","target":{"@type":"EntryPoint","urlTemplate":"https:\/\/memurunsesi.net\/?s={search_term_string}"},"query-input":{"@type":"PropertyValueSpecification","valueRequired":true,"valueName":"search_term_string"}}],"inLanguage":"tr"},{"@type":"Organization","@id":"https:\/\/memurunsesi.net\/#organization","name":"Memurun Sesi","url":"https:\/\/memurunsesi.net\/","logo":{"@type":"ImageObject","inLanguage":"tr","@id":"https:\/\/memurunsesi.net\/#\/schema\/logo\/image\/","url":"https:\/\/memurunsesi.net\/wp-content\/uploads\/2025\/11\/cropped-MEMURUN-SESI.png","contentUrl":"https:\/\/memurunsesi.net\/wp-content\/uploads\/2025\/11\/cropped-MEMURUN-SESI.png","width":238,"height":57,"caption":"Memurun Sesi"},"image":{"@id":"https:\/\/memurunsesi.net\/#\/schema\/logo\/image\/"},"sameAs":["https:\/\/www.facebook.com\/unipersen\/?locale=tr_TR","https:\/\/x.com\/unipersen"]},{"@type":"Person","@id":"https:\/\/memurunsesi.net\/#\/schema\/person\/f21c2d73b89f6ee1d80b0a1803e38587","name":"Memurun Sesi Haber Merkezi","image":{"@type":"ImageObject","inLanguage":"tr","@id":"https:\/\/secure.gravatar.com\/avatar\/6cf0505f452ee753f485014986fab09a434671d2b919ee76fc541025c5876a70?s=96&d=mm&r=g","url":"https:\/\/secure.gravatar.com\/avatar\/6cf0505f452ee753f485014986fab09a434671d2b919ee76fc541025c5876a70?s=96&d=mm&r=g","contentUrl":"https:\/\/secure.gravatar.com\/avatar\/6cf0505f452ee753f485014986fab09a434671d2b919ee76fc541025c5876a70?s=96&d=mm&r=g","caption":"Memurun Sesi Haber Merkezi"},"sameAs":["https:\/\/memurunsesi.net"],"url":"https:\/\/memurunsesi.net\/index.php\/author\/uniper\/"}]}},"_links":{"self":[{"href":"https:\/\/memurunsesi.net\/index.php\/wp-json\/wp\/v2\/posts\/16712","targetHints":{"allow":["GET"]}}],"collection":[{"href":"https:\/\/memurunsesi.net\/index.php\/wp-json\/wp\/v2\/posts"}],"about":[{"href":"https:\/\/memurunsesi.net\/index.php\/wp-json\/wp\/v2\/types\/post"}],"author":[{"embeddable":true,"href":"https:\/\/memurunsesi.net\/index.php\/wp-json\/wp\/v2\/users\/1"}],"replies":[{"embeddable":true,"href":"https:\/\/memurunsesi.net\/index.php\/wp-json\/wp\/v2\/comments?post=16712"}],"version-history":[{"count":2,"href":"https:\/\/memurunsesi.net\/index.php\/wp-json\/wp\/v2\/posts\/16712\/revisions"}],"predecessor-version":[{"id":16715,"href":"https:\/\/memurunsesi.net\/index.php\/wp-json\/wp\/v2\/posts\/16712\/revisions\/16715"}],"wp:featuredmedia":[{"embeddable":true,"href":"https:\/\/memurunsesi.net\/index.php\/wp-json\/wp\/v2\/media\/16713"}],"wp:attachment":[{"href":"https:\/\/memurunsesi.net\/index.php\/wp-json\/wp\/v2\/media?parent=16712"}],"wp:term":[{"taxonomy":"category","embeddable":true,"href":"https:\/\/memurunsesi.net\/index.php\/wp-json\/wp\/v2\/categories?post=16712"},{"taxonomy":"post_tag","embeddable":true,"href":"https:\/\/memurunsesi.net\/index.php\/wp-json\/wp\/v2\/tags?post=16712"}],"curies":[{"name":"wp","href":"https:\/\/api.w.org\/{rel}","templated":true}]}}