{"id":16716,"date":"2026-01-24T08:47:54","date_gmt":"2026-01-24T05:47:54","guid":{"rendered":"https:\/\/memurunsesi.net\/?p=16716"},"modified":"2026-01-24T08:47:54","modified_gmt":"2026-01-24T05:47:54","slug":"bursada-arac-alev-aldi-esnaf-yangin-tupleriyle-kostu","status":"publish","type":"post","link":"https:\/\/memurunsesi.net\/index.php\/2026\/01\/24\/bursada-arac-alev-aldi-esnaf-yangin-tupleriyle-kostu\/","title":{"rendered":"Bursa&#8217;da ara\u00e7 alev ald\u0131, esnaf yang\u0131n t\u00fcpleriyle ko\u015ftu"},"content":{"rendered":"<p>&#8211; Bursa&#8217;da ak\u015fam saatlerinde ara\u00e7 yang\u0131n\u0131<\/p>\n<p>Bursa&#8217;n\u0131n Osmangazi il\u00e7esine ba\u011fl\u0131 So\u011fanl\u0131 Mahallesi&#8217;nde ak\u015fam saatlerinde park halindeki bir ara\u00e7ta yang\u0131n \u00e7\u0131kt\u0131. Hen\u00fcz belirlenemeyen bir nedenle \u00e7\u0131kan yang\u0131n, mahallede k\u0131sa s\u00fcreli pani\u011fe neden oldu.<br \/>\nYang\u0131n\u0131 fark eden \u00e7evredeki esnaf ve vatanda\u015flar, yang\u0131n t\u00fcpleriyle alevlere m\u00fcdahale ederek s\u00f6nd\u00fcrme \u00e7al\u0131\u015fmalar\u0131na destek verdi. \u0130hbar \u00fczerine olay yerine sevk edilen itfaiye ekipleri, yang\u0131n\u0131 tamamen kontrol alt\u0131na alarak s\u00f6nd\u00fcrme ve so\u011futma \u00e7al\u0131\u015fmas\u0131 ger\u00e7ekle\u015ftirdi.<br \/>\nYang\u0131nda ara\u00e7ta maddi hasar meydana gelirken, olayda can kayb\u0131 ya da yaralanma ya\u015fanmad\u0131. Polis ekipleri, ara\u00e7 yang\u0131n\u0131n\u0131n \u00e7\u0131k\u0131\u015f nedeninin belirlenmesi i\u00e7in inceleme ba\u015flatt\u0131.<\/p>\n<p>24.01.2026<\/p>\n","protected":false},"excerpt":{"rendered":"<p>&#8211; Bursa&#8217;da ak\u015fam saatlerinde ara\u00e7 yang\u0131n\u0131 Bursa&#8217;n\u0131n Osmangazi il\u00e7esine ba\u011fl\u0131 So\u011fanl\u0131 Mahallesi&#8217;nde ak\u015fam saatlerinde park halindeki bir ara\u00e7ta yang\u0131n \u00e7\u0131kt\u0131. Hen\u00fcz belirlenemeyen bir nedenle \u00e7\u0131kan yang\u0131n, mahallede k\u0131sa s\u00fcreli pani\u011fe neden oldu. Yang\u0131n\u0131 fark eden \u00e7evredeki esnaf ve vatanda\u015flar, yang\u0131n t\u00fcpleriyle alevlere m\u00fcdahale ederek s\u00f6nd\u00fcrme \u00e7al\u0131\u015fmalar\u0131na destek verdi. \u0130hbar \u00fczerine olay yerine sevk edilen itfaiye [&hellip;]<\/p>\n","protected":false},"author":1,"featured_media":16717,"comment_status":"open","ping_status":"open","sticky":false,"template":"","format":"standard","meta":{"footnotes":""},"categories":[50],"tags":[943],"class_list":["post-16716","post","type-post","status-publish","format-standard","has-post-thumbnail","hentry","category-tum-haberler","tag-arac-yandi"],"yoast_head":"<!-- This site is optimized with the Yoast SEO plugin v27.4 - https:\/\/yoast.com\/product\/yoast-seo-wordpress\/ -->\n<title>Bursa&#039;da ara\u00e7 alev ald\u0131, esnaf yang\u0131n t\u00fcpleriyle ko\u015ftu - Memurun Sesi<\/title>\n<meta name=\"description\" content=\"\u00a0Bursa&#039;n\u0131n Osmangazi il\u00e7esine ba\u011fl\u0131 So\u011fanl\u0131 Mahallesi&#039;nde ak\u015fam saatlerinde park halindeki bir ara\u00e7ta yang\u0131n \u00e7\u0131kt\u0131. Hen\u00fcz belirlenemeyen bir nedenle \u00e7\u0131kan yang\u0131n, mahallede k\u0131sa s\u00fcreli pani\u011fe neden oldu.\" \/>\n<meta name=\"robots\" content=\"index, follow, max-snippet:-1, max-image-preview:large, max-video-preview:-1\" \/>\n<link rel=\"canonical\" href=\"https:\/\/memurunsesi.net\/index.php\/2026\/01\/24\/bursada-arac-alev-aldi-esnaf-yangin-tupleriyle-kostu\/\" \/>\n<meta property=\"og:locale\" content=\"tr_TR\" \/>\n<meta property=\"og:type\" content=\"article\" \/>\n<meta property=\"og:title\" content=\"Bursa&#039;da ara\u00e7 alev ald\u0131, esnaf yang\u0131n t\u00fcpleriyle ko\u015ftu - Memurun Sesi\" \/>\n<meta property=\"og:description\" content=\"\u00a0Bursa&#039;n\u0131n Osmangazi il\u00e7esine ba\u011fl\u0131 So\u011fanl\u0131 Mahallesi&#039;nde ak\u015fam saatlerinde park halindeki bir ara\u00e7ta yang\u0131n \u00e7\u0131kt\u0131. Hen\u00fcz belirlenemeyen bir nedenle \u00e7\u0131kan yang\u0131n, mahallede k\u0131sa s\u00fcreli pani\u011fe neden oldu.\" \/>\n<meta property=\"og:url\" content=\"https:\/\/memurunsesi.net\/index.php\/2026\/01\/24\/bursada-arac-alev-aldi-esnaf-yangin-tupleriyle-kostu\/\" \/>\n<meta property=\"og:site_name\" content=\"Memurun Sesi\" \/>\n<meta property=\"article:publisher\" content=\"https:\/\/www.facebook.com\/unipersen\/?locale=tr_TR\" \/>\n<meta property=\"article:published_time\" content=\"2026-01-24T05:47:54+00:00\" \/>\n<meta property=\"og:image\" content=\"https:\/\/memurunsesi.net\/wp-content\/uploads\/2026\/01\/arac-yandi.jpg\" \/>\n\t<meta property=\"og:image:width\" content=\"1014\" \/>\n\t<meta property=\"og:image:height\" content=\"1806\" \/>\n\t<meta property=\"og:image:type\" content=\"image\/jpeg\" \/>\n<meta name=\"author\" content=\"Memurun Sesi Haber Merkezi\" \/>\n<meta name=\"twitter:card\" content=\"summary_large_image\" \/>\n<meta name=\"twitter:creator\" content=\"@unipersen\" \/>\n<meta name=\"twitter:site\" content=\"@unipersen\" \/>\n<meta name=\"twitter:label1\" content=\"Yazan:\" \/>\n\t<meta name=\"twitter:data1\" content=\"Memurun Sesi Haber Merkezi\" \/>\n\t<meta name=\"twitter:label2\" content=\"Tahmini okuma s\u00fcresi\" \/>\n\t<meta name=\"twitter:data2\" content=\"1 dakika\" \/>\n<script type=\"application\/ld+json\" class=\"yoast-schema-graph\">{\"@context\":\"https:\\\/\\\/schema.org\",\"@graph\":[{\"@type\":\"Article\",\"@id\":\"https:\\\/\\\/memurunsesi.net\\\/index.php\\\/2026\\\/01\\\/24\\\/bursada-arac-alev-aldi-esnaf-yangin-tupleriyle-kostu\\\/#article\",\"isPartOf\":{\"@id\":\"https:\\\/\\\/memurunsesi.net\\\/index.php\\\/2026\\\/01\\\/24\\\/bursada-arac-alev-aldi-esnaf-yangin-tupleriyle-kostu\\\/\"},\"author\":{\"name\":\"Memurun Sesi Haber Merkezi\",\"@id\":\"https:\\\/\\\/memurunsesi.net\\\/#\\\/schema\\\/person\\\/f21c2d73b89f6ee1d80b0a1803e38587\"},\"headline\":\"Bursa&#8217;da ara\u00e7 alev ald\u0131, esnaf yang\u0131n t\u00fcpleriyle ko\u015ftu\",\"datePublished\":\"2026-01-24T05:47:54+00:00\",\"mainEntityOfPage\":{\"@id\":\"https:\\\/\\\/memurunsesi.net\\\/index.php\\\/2026\\\/01\\\/24\\\/bursada-arac-alev-aldi-esnaf-yangin-tupleriyle-kostu\\\/\"},\"wordCount\":143,\"commentCount\":0,\"publisher\":{\"@id\":\"https:\\\/\\\/memurunsesi.net\\\/#organization\"},\"image\":{\"@id\":\"https:\\\/\\\/memurunsesi.net\\\/index.php\\\/2026\\\/01\\\/24\\\/bursada-arac-alev-aldi-esnaf-yangin-tupleriyle-kostu\\\/#primaryimage\"},\"thumbnailUrl\":\"https:\\\/\\\/memurunsesi.net\\\/wp-content\\\/uploads\\\/2026\\\/01\\\/arac-yandi.jpg\",\"keywords\":[\"ara\u00e7 yand\u0131\"],\"articleSection\":[\"T\u00fcm Haberler\"],\"inLanguage\":\"tr\",\"potentialAction\":[{\"@type\":\"CommentAction\",\"name\":\"Comment\",\"target\":[\"https:\\\/\\\/memurunsesi.net\\\/index.php\\\/2026\\\/01\\\/24\\\/bursada-arac-alev-aldi-esnaf-yangin-tupleriyle-kostu\\\/#respond\"]}]},{\"@type\":\"WebPage\",\"@id\":\"https:\\\/\\\/memurunsesi.net\\\/index.php\\\/2026\\\/01\\\/24\\\/bursada-arac-alev-aldi-esnaf-yangin-tupleriyle-kostu\\\/\",\"url\":\"https:\\\/\\\/memurunsesi.net\\\/index.php\\\/2026\\\/01\\\/24\\\/bursada-arac-alev-aldi-esnaf-yangin-tupleriyle-kostu\\\/\",\"name\":\"Bursa'da ara\u00e7 alev ald\u0131, esnaf yang\u0131n t\u00fcpleriyle ko\u015ftu - Memurun Sesi\",\"isPartOf\":{\"@id\":\"https:\\\/\\\/memurunsesi.net\\\/#website\"},\"primaryImageOfPage\":{\"@id\":\"https:\\\/\\\/memurunsesi.net\\\/index.php\\\/2026\\\/01\\\/24\\\/bursada-arac-alev-aldi-esnaf-yangin-tupleriyle-kostu\\\/#primaryimage\"},\"image\":{\"@id\":\"https:\\\/\\\/memurunsesi.net\\\/index.php\\\/2026\\\/01\\\/24\\\/bursada-arac-alev-aldi-esnaf-yangin-tupleriyle-kostu\\\/#primaryimage\"},\"thumbnailUrl\":\"https:\\\/\\\/memurunsesi.net\\\/wp-content\\\/uploads\\\/2026\\\/01\\\/arac-yandi.jpg\",\"datePublished\":\"2026-01-24T05:47:54+00:00\",\"description\":\"\u00a0Bursa'n\u0131n Osmangazi il\u00e7esine ba\u011fl\u0131 So\u011fanl\u0131 Mahallesi'nde ak\u015fam saatlerinde park halindeki bir ara\u00e7ta yang\u0131n \u00e7\u0131kt\u0131. Hen\u00fcz belirlenemeyen bir nedenle \u00e7\u0131kan yang\u0131n, mahallede k\u0131sa s\u00fcreli pani\u011fe neden oldu.\",\"breadcrumb\":{\"@id\":\"https:\\\/\\\/memurunsesi.net\\\/index.php\\\/2026\\\/01\\\/24\\\/bursada-arac-alev-aldi-esnaf-yangin-tupleriyle-kostu\\\/#breadcrumb\"},\"inLanguage\":\"tr\",\"potentialAction\":[{\"@type\":\"ReadAction\",\"target\":[\"https:\\\/\\\/memurunsesi.net\\\/index.php\\\/2026\\\/01\\\/24\\\/bursada-arac-alev-aldi-esnaf-yangin-tupleriyle-kostu\\\/\"]}]},{\"@type\":\"ImageObject\",\"inLanguage\":\"tr\",\"@id\":\"https:\\\/\\\/memurunsesi.net\\\/index.php\\\/2026\\\/01\\\/24\\\/bursada-arac-alev-aldi-esnaf-yangin-tupleriyle-kostu\\\/#primaryimage\",\"url\":\"https:\\\/\\\/memurunsesi.net\\\/wp-content\\\/uploads\\\/2026\\\/01\\\/arac-yandi.jpg\",\"contentUrl\":\"https:\\\/\\\/memurunsesi.net\\\/wp-content\\\/uploads\\\/2026\\\/01\\\/arac-yandi.jpg\",\"width\":1014,\"height\":1806,\"caption\":\"BURSA'NIN OSMANGAZ\u0130 \u0130L\u00c7ES\u0130NE BA\u011eLI SO\u011eANLI MAHALLES\u0130'NDE AK\u015eAM SAATLER\u0130NDE PARK HAL\u0130NDEK\u0130 B\u0130R ARA\u00c7TA YANGIN \u00c7IKTI. HEN\u00dcZ BEL\u0130RLENEMEYEN B\u0130R NEDENLE \u00c7IKAN YANGIN, MAHALLEDE KISA S\u00dcREL\u0130 PAN\u0130\u011eE NEDEN OLDU. G\u00d6K\u00c7\u0130N \u00d6D\u00dcL\\\/BURSA-\u0130HA (G\u00d6K\u00c7\u0130N \u00d6D\u00dcL\\\/BURSA-\u0130HA) Bursa'n\u0131n Osmangazi il\u00e7esine ba\u011fl\u0131 So\u011fanl\u0131 Mahallesi'nde ak\u015fam saatlerinde park halindeki bir ara\u00e7ta yang\u0131n \u00e7\u0131kt\u0131. Hen\u00fcz belirlenemeyen bir nedenle \u00e7\u0131kan yang\u0131n, mahallede k\u0131sa s\u00fcreli pani\u011fe neden oldu.\"},{\"@type\":\"BreadcrumbList\",\"@id\":\"https:\\\/\\\/memurunsesi.net\\\/index.php\\\/2026\\\/01\\\/24\\\/bursada-arac-alev-aldi-esnaf-yangin-tupleriyle-kostu\\\/#breadcrumb\",\"itemListElement\":[{\"@type\":\"ListItem\",\"position\":1,\"name\":\"Anasayfa\",\"item\":\"https:\\\/\\\/memurunsesi.net\\\/\"},{\"@type\":\"ListItem\",\"position\":2,\"name\":\"Bursa&#8217;da ara\u00e7 alev ald\u0131, esnaf yang\u0131n t\u00fcpleriyle ko\u015ftu\"}]},{\"@type\":\"WebSite\",\"@id\":\"https:\\\/\\\/memurunsesi.net\\\/#website\",\"url\":\"https:\\\/\\\/memurunsesi.net\\\/\",\"name\":\"Memurun Sesi\",\"description\":\"G\u00fcncel ve Do\u011fru Haber\",\"publisher\":{\"@id\":\"https:\\\/\\\/memurunsesi.net\\\/#organization\"},\"potentialAction\":[{\"@type\":\"SearchAction\",\"target\":{\"@type\":\"EntryPoint\",\"urlTemplate\":\"https:\\\/\\\/memurunsesi.net\\\/?s={search_term_string}\"},\"query-input\":{\"@type\":\"PropertyValueSpecification\",\"valueRequired\":true,\"valueName\":\"search_term_string\"}}],\"inLanguage\":\"tr\"},{\"@type\":\"Organization\",\"@id\":\"https:\\\/\\\/memurunsesi.net\\\/#organization\",\"name\":\"Memurun Sesi\",\"url\":\"https:\\\/\\\/memurunsesi.net\\\/\",\"logo\":{\"@type\":\"ImageObject\",\"inLanguage\":\"tr\",\"@id\":\"https:\\\/\\\/memurunsesi.net\\\/#\\\/schema\\\/logo\\\/image\\\/\",\"url\":\"https:\\\/\\\/memurunsesi.net\\\/wp-content\\\/uploads\\\/2025\\\/11\\\/cropped-MEMURUN-SESI.png\",\"contentUrl\":\"https:\\\/\\\/memurunsesi.net\\\/wp-content\\\/uploads\\\/2025\\\/11\\\/cropped-MEMURUN-SESI.png\",\"width\":238,\"height\":57,\"caption\":\"Memurun Sesi\"},\"image\":{\"@id\":\"https:\\\/\\\/memurunsesi.net\\\/#\\\/schema\\\/logo\\\/image\\\/\"},\"sameAs\":[\"https:\\\/\\\/www.facebook.com\\\/unipersen\\\/?locale=tr_TR\",\"https:\\\/\\\/x.com\\\/unipersen\"]},{\"@type\":\"Person\",\"@id\":\"https:\\\/\\\/memurunsesi.net\\\/#\\\/schema\\\/person\\\/f21c2d73b89f6ee1d80b0a1803e38587\",\"name\":\"Memurun Sesi Haber Merkezi\",\"image\":{\"@type\":\"ImageObject\",\"inLanguage\":\"tr\",\"@id\":\"https:\\\/\\\/secure.gravatar.com\\\/avatar\\\/6cf0505f452ee753f485014986fab09a434671d2b919ee76fc541025c5876a70?s=96&d=mm&r=g\",\"url\":\"https:\\\/\\\/secure.gravatar.com\\\/avatar\\\/6cf0505f452ee753f485014986fab09a434671d2b919ee76fc541025c5876a70?s=96&d=mm&r=g\",\"contentUrl\":\"https:\\\/\\\/secure.gravatar.com\\\/avatar\\\/6cf0505f452ee753f485014986fab09a434671d2b919ee76fc541025c5876a70?s=96&d=mm&r=g\",\"caption\":\"Memurun Sesi Haber Merkezi\"},\"sameAs\":[\"https:\\\/\\\/memurunsesi.net\"],\"url\":\"https:\\\/\\\/memurunsesi.net\\\/index.php\\\/author\\\/uniper\\\/\"}]}<\/script>\n<!-- \/ Yoast SEO plugin. -->","yoast_head_json":{"title":"Bursa'da ara\u00e7 alev ald\u0131, esnaf yang\u0131n t\u00fcpleriyle ko\u015ftu - Memurun Sesi","description":"\u00a0Bursa'n\u0131n Osmangazi il\u00e7esine ba\u011fl\u0131 So\u011fanl\u0131 Mahallesi'nde ak\u015fam saatlerinde park halindeki bir ara\u00e7ta yang\u0131n \u00e7\u0131kt\u0131. Hen\u00fcz belirlenemeyen bir nedenle \u00e7\u0131kan yang\u0131n, mahallede k\u0131sa s\u00fcreli pani\u011fe neden oldu.","robots":{"index":"index","follow":"follow","max-snippet":"max-snippet:-1","max-image-preview":"max-image-preview:large","max-video-preview":"max-video-preview:-1"},"canonical":"https:\/\/memurunsesi.net\/index.php\/2026\/01\/24\/bursada-arac-alev-aldi-esnaf-yangin-tupleriyle-kostu\/","og_locale":"tr_TR","og_type":"article","og_title":"Bursa'da ara\u00e7 alev ald\u0131, esnaf yang\u0131n t\u00fcpleriyle ko\u015ftu - Memurun Sesi","og_description":"\u00a0Bursa'n\u0131n Osmangazi il\u00e7esine ba\u011fl\u0131 So\u011fanl\u0131 Mahallesi'nde ak\u015fam saatlerinde park halindeki bir ara\u00e7ta yang\u0131n \u00e7\u0131kt\u0131. Hen\u00fcz belirlenemeyen bir nedenle \u00e7\u0131kan yang\u0131n, mahallede k\u0131sa s\u00fcreli pani\u011fe neden oldu.","og_url":"https:\/\/memurunsesi.net\/index.php\/2026\/01\/24\/bursada-arac-alev-aldi-esnaf-yangin-tupleriyle-kostu\/","og_site_name":"Memurun Sesi","article_publisher":"https:\/\/www.facebook.com\/unipersen\/?locale=tr_TR","article_published_time":"2026-01-24T05:47:54+00:00","og_image":[{"width":1014,"height":1806,"url":"https:\/\/memurunsesi.net\/wp-content\/uploads\/2026\/01\/arac-yandi.jpg","type":"image\/jpeg"}],"author":"Memurun Sesi Haber Merkezi","twitter_card":"summary_large_image","twitter_creator":"@unipersen","twitter_site":"@unipersen","twitter_misc":{"Yazan:":"Memurun Sesi Haber Merkezi","Tahmini okuma s\u00fcresi":"1 dakika"},"schema":{"@context":"https:\/\/schema.org","@graph":[{"@type":"Article","@id":"https:\/\/memurunsesi.net\/index.php\/2026\/01\/24\/bursada-arac-alev-aldi-esnaf-yangin-tupleriyle-kostu\/#article","isPartOf":{"@id":"https:\/\/memurunsesi.net\/index.php\/2026\/01\/24\/bursada-arac-alev-aldi-esnaf-yangin-tupleriyle-kostu\/"},"author":{"name":"Memurun Sesi Haber Merkezi","@id":"https:\/\/memurunsesi.net\/#\/schema\/person\/f21c2d73b89f6ee1d80b0a1803e38587"},"headline":"Bursa&#8217;da ara\u00e7 alev ald\u0131, esnaf yang\u0131n t\u00fcpleriyle ko\u015ftu","datePublished":"2026-01-24T05:47:54+00:00","mainEntityOfPage":{"@id":"https:\/\/memurunsesi.net\/index.php\/2026\/01\/24\/bursada-arac-alev-aldi-esnaf-yangin-tupleriyle-kostu\/"},"wordCount":143,"commentCount":0,"publisher":{"@id":"https:\/\/memurunsesi.net\/#organization"},"image":{"@id":"https:\/\/memurunsesi.net\/index.php\/2026\/01\/24\/bursada-arac-alev-aldi-esnaf-yangin-tupleriyle-kostu\/#primaryimage"},"thumbnailUrl":"https:\/\/memurunsesi.net\/wp-content\/uploads\/2026\/01\/arac-yandi.jpg","keywords":["ara\u00e7 yand\u0131"],"articleSection":["T\u00fcm Haberler"],"inLanguage":"tr","potentialAction":[{"@type":"CommentAction","name":"Comment","target":["https:\/\/memurunsesi.net\/index.php\/2026\/01\/24\/bursada-arac-alev-aldi-esnaf-yangin-tupleriyle-kostu\/#respond"]}]},{"@type":"WebPage","@id":"https:\/\/memurunsesi.net\/index.php\/2026\/01\/24\/bursada-arac-alev-aldi-esnaf-yangin-tupleriyle-kostu\/","url":"https:\/\/memurunsesi.net\/index.php\/2026\/01\/24\/bursada-arac-alev-aldi-esnaf-yangin-tupleriyle-kostu\/","name":"Bursa'da ara\u00e7 alev ald\u0131, esnaf yang\u0131n t\u00fcpleriyle ko\u015ftu - Memurun Sesi","isPartOf":{"@id":"https:\/\/memurunsesi.net\/#website"},"primaryImageOfPage":{"@id":"https:\/\/memurunsesi.net\/index.php\/2026\/01\/24\/bursada-arac-alev-aldi-esnaf-yangin-tupleriyle-kostu\/#primaryimage"},"image":{"@id":"https:\/\/memurunsesi.net\/index.php\/2026\/01\/24\/bursada-arac-alev-aldi-esnaf-yangin-tupleriyle-kostu\/#primaryimage"},"thumbnailUrl":"https:\/\/memurunsesi.net\/wp-content\/uploads\/2026\/01\/arac-yandi.jpg","datePublished":"2026-01-24T05:47:54+00:00","description":"\u00a0Bursa'n\u0131n Osmangazi il\u00e7esine ba\u011fl\u0131 So\u011fanl\u0131 Mahallesi'nde ak\u015fam saatlerinde park halindeki bir ara\u00e7ta yang\u0131n \u00e7\u0131kt\u0131. Hen\u00fcz belirlenemeyen bir nedenle \u00e7\u0131kan yang\u0131n, mahallede k\u0131sa s\u00fcreli pani\u011fe neden oldu.","breadcrumb":{"@id":"https:\/\/memurunsesi.net\/index.php\/2026\/01\/24\/bursada-arac-alev-aldi-esnaf-yangin-tupleriyle-kostu\/#breadcrumb"},"inLanguage":"tr","potentialAction":[{"@type":"ReadAction","target":["https:\/\/memurunsesi.net\/index.php\/2026\/01\/24\/bursada-arac-alev-aldi-esnaf-yangin-tupleriyle-kostu\/"]}]},{"@type":"ImageObject","inLanguage":"tr","@id":"https:\/\/memurunsesi.net\/index.php\/2026\/01\/24\/bursada-arac-alev-aldi-esnaf-yangin-tupleriyle-kostu\/#primaryimage","url":"https:\/\/memurunsesi.net\/wp-content\/uploads\/2026\/01\/arac-yandi.jpg","contentUrl":"https:\/\/memurunsesi.net\/wp-content\/uploads\/2026\/01\/arac-yandi.jpg","width":1014,"height":1806,"caption":"BURSA'NIN OSMANGAZ\u0130 \u0130L\u00c7ES\u0130NE BA\u011eLI SO\u011eANLI MAHALLES\u0130'NDE AK\u015eAM SAATLER\u0130NDE PARK HAL\u0130NDEK\u0130 B\u0130R ARA\u00c7TA YANGIN \u00c7IKTI. HEN\u00dcZ BEL\u0130RLENEMEYEN B\u0130R NEDENLE \u00c7IKAN YANGIN, MAHALLEDE KISA S\u00dcREL\u0130 PAN\u0130\u011eE NEDEN OLDU. G\u00d6K\u00c7\u0130N \u00d6D\u00dcL\/BURSA-\u0130HA (G\u00d6K\u00c7\u0130N \u00d6D\u00dcL\/BURSA-\u0130HA) Bursa'n\u0131n Osmangazi il\u00e7esine ba\u011fl\u0131 So\u011fanl\u0131 Mahallesi'nde ak\u015fam saatlerinde park halindeki bir ara\u00e7ta yang\u0131n \u00e7\u0131kt\u0131. Hen\u00fcz belirlenemeyen bir nedenle \u00e7\u0131kan yang\u0131n, mahallede k\u0131sa s\u00fcreli pani\u011fe neden oldu."},{"@type":"BreadcrumbList","@id":"https:\/\/memurunsesi.net\/index.php\/2026\/01\/24\/bursada-arac-alev-aldi-esnaf-yangin-tupleriyle-kostu\/#breadcrumb","itemListElement":[{"@type":"ListItem","position":1,"name":"Anasayfa","item":"https:\/\/memurunsesi.net\/"},{"@type":"ListItem","position":2,"name":"Bursa&#8217;da ara\u00e7 alev ald\u0131, esnaf yang\u0131n t\u00fcpleriyle ko\u015ftu"}]},{"@type":"WebSite","@id":"https:\/\/memurunsesi.net\/#website","url":"https:\/\/memurunsesi.net\/","name":"Memurun Sesi","description":"G\u00fcncel ve Do\u011fru Haber","publisher":{"@id":"https:\/\/memurunsesi.net\/#organization"},"potentialAction":[{"@type":"SearchAction","target":{"@type":"EntryPoint","urlTemplate":"https:\/\/memurunsesi.net\/?s={search_term_string}"},"query-input":{"@type":"PropertyValueSpecification","valueRequired":true,"valueName":"search_term_string"}}],"inLanguage":"tr"},{"@type":"Organization","@id":"https:\/\/memurunsesi.net\/#organization","name":"Memurun Sesi","url":"https:\/\/memurunsesi.net\/","logo":{"@type":"ImageObject","inLanguage":"tr","@id":"https:\/\/memurunsesi.net\/#\/schema\/logo\/image\/","url":"https:\/\/memurunsesi.net\/wp-content\/uploads\/2025\/11\/cropped-MEMURUN-SESI.png","contentUrl":"https:\/\/memurunsesi.net\/wp-content\/uploads\/2025\/11\/cropped-MEMURUN-SESI.png","width":238,"height":57,"caption":"Memurun Sesi"},"image":{"@id":"https:\/\/memurunsesi.net\/#\/schema\/logo\/image\/"},"sameAs":["https:\/\/www.facebook.com\/unipersen\/?locale=tr_TR","https:\/\/x.com\/unipersen"]},{"@type":"Person","@id":"https:\/\/memurunsesi.net\/#\/schema\/person\/f21c2d73b89f6ee1d80b0a1803e38587","name":"Memurun Sesi Haber Merkezi","image":{"@type":"ImageObject","inLanguage":"tr","@id":"https:\/\/secure.gravatar.com\/avatar\/6cf0505f452ee753f485014986fab09a434671d2b919ee76fc541025c5876a70?s=96&d=mm&r=g","url":"https:\/\/secure.gravatar.com\/avatar\/6cf0505f452ee753f485014986fab09a434671d2b919ee76fc541025c5876a70?s=96&d=mm&r=g","contentUrl":"https:\/\/secure.gravatar.com\/avatar\/6cf0505f452ee753f485014986fab09a434671d2b919ee76fc541025c5876a70?s=96&d=mm&r=g","caption":"Memurun Sesi Haber Merkezi"},"sameAs":["https:\/\/memurunsesi.net"],"url":"https:\/\/memurunsesi.net\/index.php\/author\/uniper\/"}]}},"_links":{"self":[{"href":"https:\/\/memurunsesi.net\/index.php\/wp-json\/wp\/v2\/posts\/16716","targetHints":{"allow":["GET"]}}],"collection":[{"href":"https:\/\/memurunsesi.net\/index.php\/wp-json\/wp\/v2\/posts"}],"about":[{"href":"https:\/\/memurunsesi.net\/index.php\/wp-json\/wp\/v2\/types\/post"}],"author":[{"embeddable":true,"href":"https:\/\/memurunsesi.net\/index.php\/wp-json\/wp\/v2\/users\/1"}],"replies":[{"embeddable":true,"href":"https:\/\/memurunsesi.net\/index.php\/wp-json\/wp\/v2\/comments?post=16716"}],"version-history":[{"count":1,"href":"https:\/\/memurunsesi.net\/index.php\/wp-json\/wp\/v2\/posts\/16716\/revisions"}],"predecessor-version":[{"id":16718,"href":"https:\/\/memurunsesi.net\/index.php\/wp-json\/wp\/v2\/posts\/16716\/revisions\/16718"}],"wp:featuredmedia":[{"embeddable":true,"href":"https:\/\/memurunsesi.net\/index.php\/wp-json\/wp\/v2\/media\/16717"}],"wp:attachment":[{"href":"https:\/\/memurunsesi.net\/index.php\/wp-json\/wp\/v2\/media?parent=16716"}],"wp:term":[{"taxonomy":"category","embeddable":true,"href":"https:\/\/memurunsesi.net\/index.php\/wp-json\/wp\/v2\/categories?post=16716"},{"taxonomy":"post_tag","embeddable":true,"href":"https:\/\/memurunsesi.net\/index.php\/wp-json\/wp\/v2\/tags?post=16716"}],"curies":[{"name":"wp","href":"https:\/\/api.w.org\/{rel}","templated":true}]}}