{"id":16726,"date":"2026-01-24T08:57:16","date_gmt":"2026-01-24T05:57:16","guid":{"rendered":"https:\/\/memurunsesi.net\/?p=16726"},"modified":"2026-01-24T08:57:16","modified_gmt":"2026-01-24T05:57:16","slug":"sancaktepede-ahsap-baraka-yangini-korkuttu","status":"publish","type":"post","link":"https:\/\/memurunsesi.net\/index.php\/2026\/01\/24\/sancaktepede-ahsap-baraka-yangini-korkuttu\/","title":{"rendered":"Sancaktepe&#8217;de ah\u015fap baraka yang\u0131n\u0131 korkuttu"},"content":{"rendered":"<p>\u0130stanbul Sancaktepe\u2019de gece saatlerinde y\u00fckselen alevler mahallede hareketli dakikalara neden oldu. \u0130ki katl\u0131 ah\u015fap bir barakada \u00e7\u0131kan yang\u0131n, ekiplerin zaman\u0131nda m\u00fcdahalesiyle b\u00fcy\u00fcmeden s\u00f6nd\u00fcr\u00fcld\u00fc.<\/p>\n<p>Olay, saat 05.30 s\u0131ralar\u0131nda Sancaktepe Ey\u00fcpsultan Mahallesi T\u00fcrkan Sokak \u00fczerinde meydana geldi. Hen\u00fcz bilinmeyen bir sebeple ah\u015fap barakada ba\u015flayan yang\u0131n, malzemenin yan\u0131c\u0131 olmas\u0131 nedeniyle k\u0131sa s\u00fcrede t\u00fcm yap\u0131ya yay\u0131ld\u0131. \u0130hbar \u00fczerine adrese \u00e7ok say\u0131da itfaiye, polis ve sa\u011fl\u0131k ekibi sevk edildi. \u0130tfaiye ekiplerinin yo\u011fun \u00e7abas\u0131 sonucu yang\u0131n kontrol alt\u0131na al\u0131narak s\u00f6nd\u00fcr\u00fcld\u00fc. Yang\u0131n sonucunda iki katl\u0131 ah\u015fap baraka tamamen kullan\u0131lamaz hale gelirken, olayda herhangi bir can kayb\u0131 ya da yaralanma ya\u015fanmamas\u0131 teselli kayna\u011f\u0131 oldu. Polis ve itfaiye ekipleri olayla ilgili inceleme ba\u015flatt\u0131.<\/p>\n<p>24.01.2026<\/p>\n","protected":false},"excerpt":{"rendered":"<p>\u0130stanbul Sancaktepe\u2019de gece saatlerinde y\u00fckselen alevler mahallede hareketli dakikalara neden oldu. \u0130ki katl\u0131 ah\u015fap bir barakada \u00e7\u0131kan yang\u0131n, ekiplerin zaman\u0131nda m\u00fcdahalesiyle b\u00fcy\u00fcmeden s\u00f6nd\u00fcr\u00fcld\u00fc. Olay, saat 05.30 s\u0131ralar\u0131nda Sancaktepe Ey\u00fcpsultan Mahallesi T\u00fcrkan Sokak \u00fczerinde meydana geldi. Hen\u00fcz bilinmeyen bir sebeple ah\u015fap barakada ba\u015flayan yang\u0131n, malzemenin yan\u0131c\u0131 olmas\u0131 nedeniyle k\u0131sa s\u00fcrede t\u00fcm yap\u0131ya yay\u0131ld\u0131. \u0130hbar \u00fczerine adrese [&hellip;]<\/p>\n","protected":false},"author":1,"featured_media":16727,"comment_status":"open","ping_status":"open","sticky":false,"template":"","format":"standard","meta":{"footnotes":""},"categories":[45],"tags":[108],"class_list":["post-16726","post","type-post","status-publish","format-standard","has-post-thumbnail","hentry","category-gundem","tag-yangin"],"yoast_head":"<!-- This site is optimized with the Yoast SEO plugin v27.4 - https:\/\/yoast.com\/product\/yoast-seo-wordpress\/ -->\n<title>Sancaktepe&#039;de ah\u015fap baraka yang\u0131n\u0131 korkuttu - Memurun Sesi<\/title>\n<meta name=\"description\" content=\"\u00a0 \u00a0\u0130stanbul Sancaktepe\u2019de gece saatlerinde y\u00fckselen alevler mahallede hareketli dakikalara neden oldu. \u0130ki katl\u0131 ah\u015fap bir barakada \u00e7\u0131kan yang\u0131n, ekiplerin zaman\u0131nda m\u00fcdahalesiyle b\u00fcy\u00fcmeden s\u00f6nd\u00fcr\u00fcld\u00fc.\" \/>\n<meta name=\"robots\" content=\"index, follow, max-snippet:-1, max-image-preview:large, max-video-preview:-1\" \/>\n<link rel=\"canonical\" href=\"https:\/\/memurunsesi.net\/index.php\/2026\/01\/24\/sancaktepede-ahsap-baraka-yangini-korkuttu\/\" \/>\n<meta property=\"og:locale\" content=\"tr_TR\" \/>\n<meta property=\"og:type\" content=\"article\" \/>\n<meta property=\"og:title\" content=\"Sancaktepe&#039;de ah\u015fap baraka yang\u0131n\u0131 korkuttu - Memurun Sesi\" \/>\n<meta property=\"og:description\" content=\"\u00a0 \u00a0\u0130stanbul Sancaktepe\u2019de gece saatlerinde y\u00fckselen alevler mahallede hareketli dakikalara neden oldu. \u0130ki katl\u0131 ah\u015fap bir barakada \u00e7\u0131kan yang\u0131n, ekiplerin zaman\u0131nda m\u00fcdahalesiyle b\u00fcy\u00fcmeden s\u00f6nd\u00fcr\u00fcld\u00fc.\" \/>\n<meta property=\"og:url\" content=\"https:\/\/memurunsesi.net\/index.php\/2026\/01\/24\/sancaktepede-ahsap-baraka-yangini-korkuttu\/\" \/>\n<meta property=\"og:site_name\" content=\"Memurun Sesi\" \/>\n<meta property=\"article:publisher\" content=\"https:\/\/www.facebook.com\/unipersen\/?locale=tr_TR\" \/>\n<meta property=\"article:published_time\" content=\"2026-01-24T05:57:16+00:00\" \/>\n<meta property=\"og:image\" content=\"https:\/\/memurunsesi.net\/wp-content\/uploads\/2026\/01\/yangin-6-1.jpg\" \/>\n\t<meta property=\"og:image:width\" content=\"1080\" \/>\n\t<meta property=\"og:image:height\" content=\"2408\" \/>\n\t<meta property=\"og:image:type\" content=\"image\/jpeg\" \/>\n<meta name=\"author\" content=\"Memurun Sesi Haber Merkezi\" \/>\n<meta name=\"twitter:card\" content=\"summary_large_image\" \/>\n<meta name=\"twitter:creator\" content=\"@unipersen\" \/>\n<meta name=\"twitter:site\" content=\"@unipersen\" \/>\n<meta name=\"twitter:label1\" content=\"Yazan:\" \/>\n\t<meta name=\"twitter:data1\" content=\"Memurun Sesi Haber Merkezi\" \/>\n\t<meta name=\"twitter:label2\" content=\"Tahmini okuma s\u00fcresi\" \/>\n\t<meta name=\"twitter:data2\" content=\"1 dakika\" \/>\n<script type=\"application\/ld+json\" class=\"yoast-schema-graph\">{\"@context\":\"https:\\\/\\\/schema.org\",\"@graph\":[{\"@type\":\"Article\",\"@id\":\"https:\\\/\\\/memurunsesi.net\\\/index.php\\\/2026\\\/01\\\/24\\\/sancaktepede-ahsap-baraka-yangini-korkuttu\\\/#article\",\"isPartOf\":{\"@id\":\"https:\\\/\\\/memurunsesi.net\\\/index.php\\\/2026\\\/01\\\/24\\\/sancaktepede-ahsap-baraka-yangini-korkuttu\\\/\"},\"author\":{\"name\":\"Memurun Sesi Haber Merkezi\",\"@id\":\"https:\\\/\\\/memurunsesi.net\\\/#\\\/schema\\\/person\\\/f21c2d73b89f6ee1d80b0a1803e38587\"},\"headline\":\"Sancaktepe&#8217;de ah\u015fap baraka yang\u0131n\u0131 korkuttu\",\"datePublished\":\"2026-01-24T05:57:16+00:00\",\"mainEntityOfPage\":{\"@id\":\"https:\\\/\\\/memurunsesi.net\\\/index.php\\\/2026\\\/01\\\/24\\\/sancaktepede-ahsap-baraka-yangini-korkuttu\\\/\"},\"wordCount\":151,\"commentCount\":0,\"publisher\":{\"@id\":\"https:\\\/\\\/memurunsesi.net\\\/#organization\"},\"image\":{\"@id\":\"https:\\\/\\\/memurunsesi.net\\\/index.php\\\/2026\\\/01\\\/24\\\/sancaktepede-ahsap-baraka-yangini-korkuttu\\\/#primaryimage\"},\"thumbnailUrl\":\"https:\\\/\\\/memurunsesi.net\\\/wp-content\\\/uploads\\\/2026\\\/01\\\/yangin-6-1.jpg\",\"keywords\":[\"yang\u0131n\"],\"articleSection\":[\"G\u00fcndem\"],\"inLanguage\":\"tr\",\"potentialAction\":[{\"@type\":\"CommentAction\",\"name\":\"Comment\",\"target\":[\"https:\\\/\\\/memurunsesi.net\\\/index.php\\\/2026\\\/01\\\/24\\\/sancaktepede-ahsap-baraka-yangini-korkuttu\\\/#respond\"]}]},{\"@type\":\"WebPage\",\"@id\":\"https:\\\/\\\/memurunsesi.net\\\/index.php\\\/2026\\\/01\\\/24\\\/sancaktepede-ahsap-baraka-yangini-korkuttu\\\/\",\"url\":\"https:\\\/\\\/memurunsesi.net\\\/index.php\\\/2026\\\/01\\\/24\\\/sancaktepede-ahsap-baraka-yangini-korkuttu\\\/\",\"name\":\"Sancaktepe'de ah\u015fap baraka yang\u0131n\u0131 korkuttu - Memurun Sesi\",\"isPartOf\":{\"@id\":\"https:\\\/\\\/memurunsesi.net\\\/#website\"},\"primaryImageOfPage\":{\"@id\":\"https:\\\/\\\/memurunsesi.net\\\/index.php\\\/2026\\\/01\\\/24\\\/sancaktepede-ahsap-baraka-yangini-korkuttu\\\/#primaryimage\"},\"image\":{\"@id\":\"https:\\\/\\\/memurunsesi.net\\\/index.php\\\/2026\\\/01\\\/24\\\/sancaktepede-ahsap-baraka-yangini-korkuttu\\\/#primaryimage\"},\"thumbnailUrl\":\"https:\\\/\\\/memurunsesi.net\\\/wp-content\\\/uploads\\\/2026\\\/01\\\/yangin-6-1.jpg\",\"datePublished\":\"2026-01-24T05:57:16+00:00\",\"description\":\"\u00a0 \u00a0\u0130stanbul Sancaktepe\u2019de gece saatlerinde y\u00fckselen alevler mahallede hareketli dakikalara neden oldu. \u0130ki katl\u0131 ah\u015fap bir barakada \u00e7\u0131kan yang\u0131n, ekiplerin zaman\u0131nda m\u00fcdahalesiyle b\u00fcy\u00fcmeden s\u00f6nd\u00fcr\u00fcld\u00fc.\",\"breadcrumb\":{\"@id\":\"https:\\\/\\\/memurunsesi.net\\\/index.php\\\/2026\\\/01\\\/24\\\/sancaktepede-ahsap-baraka-yangini-korkuttu\\\/#breadcrumb\"},\"inLanguage\":\"tr\",\"potentialAction\":[{\"@type\":\"ReadAction\",\"target\":[\"https:\\\/\\\/memurunsesi.net\\\/index.php\\\/2026\\\/01\\\/24\\\/sancaktepede-ahsap-baraka-yangini-korkuttu\\\/\"]}]},{\"@type\":\"ImageObject\",\"inLanguage\":\"tr\",\"@id\":\"https:\\\/\\\/memurunsesi.net\\\/index.php\\\/2026\\\/01\\\/24\\\/sancaktepede-ahsap-baraka-yangini-korkuttu\\\/#primaryimage\",\"url\":\"https:\\\/\\\/memurunsesi.net\\\/wp-content\\\/uploads\\\/2026\\\/01\\\/yangin-6-1.jpg\",\"contentUrl\":\"https:\\\/\\\/memurunsesi.net\\\/wp-content\\\/uploads\\\/2026\\\/01\\\/yangin-6-1.jpg\",\"width\":1080,\"height\":2408},{\"@type\":\"BreadcrumbList\",\"@id\":\"https:\\\/\\\/memurunsesi.net\\\/index.php\\\/2026\\\/01\\\/24\\\/sancaktepede-ahsap-baraka-yangini-korkuttu\\\/#breadcrumb\",\"itemListElement\":[{\"@type\":\"ListItem\",\"position\":1,\"name\":\"Anasayfa\",\"item\":\"https:\\\/\\\/memurunsesi.net\\\/\"},{\"@type\":\"ListItem\",\"position\":2,\"name\":\"Sancaktepe&#8217;de ah\u015fap baraka yang\u0131n\u0131 korkuttu\"}]},{\"@type\":\"WebSite\",\"@id\":\"https:\\\/\\\/memurunsesi.net\\\/#website\",\"url\":\"https:\\\/\\\/memurunsesi.net\\\/\",\"name\":\"Memurun Sesi\",\"description\":\"G\u00fcncel ve Do\u011fru Haber\",\"publisher\":{\"@id\":\"https:\\\/\\\/memurunsesi.net\\\/#organization\"},\"potentialAction\":[{\"@type\":\"SearchAction\",\"target\":{\"@type\":\"EntryPoint\",\"urlTemplate\":\"https:\\\/\\\/memurunsesi.net\\\/?s={search_term_string}\"},\"query-input\":{\"@type\":\"PropertyValueSpecification\",\"valueRequired\":true,\"valueName\":\"search_term_string\"}}],\"inLanguage\":\"tr\"},{\"@type\":\"Organization\",\"@id\":\"https:\\\/\\\/memurunsesi.net\\\/#organization\",\"name\":\"Memurun Sesi\",\"url\":\"https:\\\/\\\/memurunsesi.net\\\/\",\"logo\":{\"@type\":\"ImageObject\",\"inLanguage\":\"tr\",\"@id\":\"https:\\\/\\\/memurunsesi.net\\\/#\\\/schema\\\/logo\\\/image\\\/\",\"url\":\"https:\\\/\\\/memurunsesi.net\\\/wp-content\\\/uploads\\\/2025\\\/11\\\/cropped-MEMURUN-SESI.png\",\"contentUrl\":\"https:\\\/\\\/memurunsesi.net\\\/wp-content\\\/uploads\\\/2025\\\/11\\\/cropped-MEMURUN-SESI.png\",\"width\":238,\"height\":57,\"caption\":\"Memurun Sesi\"},\"image\":{\"@id\":\"https:\\\/\\\/memurunsesi.net\\\/#\\\/schema\\\/logo\\\/image\\\/\"},\"sameAs\":[\"https:\\\/\\\/www.facebook.com\\\/unipersen\\\/?locale=tr_TR\",\"https:\\\/\\\/x.com\\\/unipersen\"]},{\"@type\":\"Person\",\"@id\":\"https:\\\/\\\/memurunsesi.net\\\/#\\\/schema\\\/person\\\/f21c2d73b89f6ee1d80b0a1803e38587\",\"name\":\"Memurun Sesi Haber Merkezi\",\"image\":{\"@type\":\"ImageObject\",\"inLanguage\":\"tr\",\"@id\":\"https:\\\/\\\/secure.gravatar.com\\\/avatar\\\/6cf0505f452ee753f485014986fab09a434671d2b919ee76fc541025c5876a70?s=96&d=mm&r=g\",\"url\":\"https:\\\/\\\/secure.gravatar.com\\\/avatar\\\/6cf0505f452ee753f485014986fab09a434671d2b919ee76fc541025c5876a70?s=96&d=mm&r=g\",\"contentUrl\":\"https:\\\/\\\/secure.gravatar.com\\\/avatar\\\/6cf0505f452ee753f485014986fab09a434671d2b919ee76fc541025c5876a70?s=96&d=mm&r=g\",\"caption\":\"Memurun Sesi Haber Merkezi\"},\"sameAs\":[\"https:\\\/\\\/memurunsesi.net\"],\"url\":\"https:\\\/\\\/memurunsesi.net\\\/index.php\\\/author\\\/uniper\\\/\"}]}<\/script>\n<!-- \/ Yoast SEO plugin. -->","yoast_head_json":{"title":"Sancaktepe'de ah\u015fap baraka yang\u0131n\u0131 korkuttu - Memurun Sesi","description":"\u00a0 \u00a0\u0130stanbul Sancaktepe\u2019de gece saatlerinde y\u00fckselen alevler mahallede hareketli dakikalara neden oldu. \u0130ki katl\u0131 ah\u015fap bir barakada \u00e7\u0131kan yang\u0131n, ekiplerin zaman\u0131nda m\u00fcdahalesiyle b\u00fcy\u00fcmeden s\u00f6nd\u00fcr\u00fcld\u00fc.","robots":{"index":"index","follow":"follow","max-snippet":"max-snippet:-1","max-image-preview":"max-image-preview:large","max-video-preview":"max-video-preview:-1"},"canonical":"https:\/\/memurunsesi.net\/index.php\/2026\/01\/24\/sancaktepede-ahsap-baraka-yangini-korkuttu\/","og_locale":"tr_TR","og_type":"article","og_title":"Sancaktepe'de ah\u015fap baraka yang\u0131n\u0131 korkuttu - Memurun Sesi","og_description":"\u00a0 \u00a0\u0130stanbul Sancaktepe\u2019de gece saatlerinde y\u00fckselen alevler mahallede hareketli dakikalara neden oldu. \u0130ki katl\u0131 ah\u015fap bir barakada \u00e7\u0131kan yang\u0131n, ekiplerin zaman\u0131nda m\u00fcdahalesiyle b\u00fcy\u00fcmeden s\u00f6nd\u00fcr\u00fcld\u00fc.","og_url":"https:\/\/memurunsesi.net\/index.php\/2026\/01\/24\/sancaktepede-ahsap-baraka-yangini-korkuttu\/","og_site_name":"Memurun Sesi","article_publisher":"https:\/\/www.facebook.com\/unipersen\/?locale=tr_TR","article_published_time":"2026-01-24T05:57:16+00:00","og_image":[{"width":1080,"height":2408,"url":"https:\/\/memurunsesi.net\/wp-content\/uploads\/2026\/01\/yangin-6-1.jpg","type":"image\/jpeg"}],"author":"Memurun Sesi Haber Merkezi","twitter_card":"summary_large_image","twitter_creator":"@unipersen","twitter_site":"@unipersen","twitter_misc":{"Yazan:":"Memurun Sesi Haber Merkezi","Tahmini okuma s\u00fcresi":"1 dakika"},"schema":{"@context":"https:\/\/schema.org","@graph":[{"@type":"Article","@id":"https:\/\/memurunsesi.net\/index.php\/2026\/01\/24\/sancaktepede-ahsap-baraka-yangini-korkuttu\/#article","isPartOf":{"@id":"https:\/\/memurunsesi.net\/index.php\/2026\/01\/24\/sancaktepede-ahsap-baraka-yangini-korkuttu\/"},"author":{"name":"Memurun Sesi Haber Merkezi","@id":"https:\/\/memurunsesi.net\/#\/schema\/person\/f21c2d73b89f6ee1d80b0a1803e38587"},"headline":"Sancaktepe&#8217;de ah\u015fap baraka yang\u0131n\u0131 korkuttu","datePublished":"2026-01-24T05:57:16+00:00","mainEntityOfPage":{"@id":"https:\/\/memurunsesi.net\/index.php\/2026\/01\/24\/sancaktepede-ahsap-baraka-yangini-korkuttu\/"},"wordCount":151,"commentCount":0,"publisher":{"@id":"https:\/\/memurunsesi.net\/#organization"},"image":{"@id":"https:\/\/memurunsesi.net\/index.php\/2026\/01\/24\/sancaktepede-ahsap-baraka-yangini-korkuttu\/#primaryimage"},"thumbnailUrl":"https:\/\/memurunsesi.net\/wp-content\/uploads\/2026\/01\/yangin-6-1.jpg","keywords":["yang\u0131n"],"articleSection":["G\u00fcndem"],"inLanguage":"tr","potentialAction":[{"@type":"CommentAction","name":"Comment","target":["https:\/\/memurunsesi.net\/index.php\/2026\/01\/24\/sancaktepede-ahsap-baraka-yangini-korkuttu\/#respond"]}]},{"@type":"WebPage","@id":"https:\/\/memurunsesi.net\/index.php\/2026\/01\/24\/sancaktepede-ahsap-baraka-yangini-korkuttu\/","url":"https:\/\/memurunsesi.net\/index.php\/2026\/01\/24\/sancaktepede-ahsap-baraka-yangini-korkuttu\/","name":"Sancaktepe'de ah\u015fap baraka yang\u0131n\u0131 korkuttu - Memurun Sesi","isPartOf":{"@id":"https:\/\/memurunsesi.net\/#website"},"primaryImageOfPage":{"@id":"https:\/\/memurunsesi.net\/index.php\/2026\/01\/24\/sancaktepede-ahsap-baraka-yangini-korkuttu\/#primaryimage"},"image":{"@id":"https:\/\/memurunsesi.net\/index.php\/2026\/01\/24\/sancaktepede-ahsap-baraka-yangini-korkuttu\/#primaryimage"},"thumbnailUrl":"https:\/\/memurunsesi.net\/wp-content\/uploads\/2026\/01\/yangin-6-1.jpg","datePublished":"2026-01-24T05:57:16+00:00","description":"\u00a0 \u00a0\u0130stanbul Sancaktepe\u2019de gece saatlerinde y\u00fckselen alevler mahallede hareketli dakikalara neden oldu. \u0130ki katl\u0131 ah\u015fap bir barakada \u00e7\u0131kan yang\u0131n, ekiplerin zaman\u0131nda m\u00fcdahalesiyle b\u00fcy\u00fcmeden s\u00f6nd\u00fcr\u00fcld\u00fc.","breadcrumb":{"@id":"https:\/\/memurunsesi.net\/index.php\/2026\/01\/24\/sancaktepede-ahsap-baraka-yangini-korkuttu\/#breadcrumb"},"inLanguage":"tr","potentialAction":[{"@type":"ReadAction","target":["https:\/\/memurunsesi.net\/index.php\/2026\/01\/24\/sancaktepede-ahsap-baraka-yangini-korkuttu\/"]}]},{"@type":"ImageObject","inLanguage":"tr","@id":"https:\/\/memurunsesi.net\/index.php\/2026\/01\/24\/sancaktepede-ahsap-baraka-yangini-korkuttu\/#primaryimage","url":"https:\/\/memurunsesi.net\/wp-content\/uploads\/2026\/01\/yangin-6-1.jpg","contentUrl":"https:\/\/memurunsesi.net\/wp-content\/uploads\/2026\/01\/yangin-6-1.jpg","width":1080,"height":2408},{"@type":"BreadcrumbList","@id":"https:\/\/memurunsesi.net\/index.php\/2026\/01\/24\/sancaktepede-ahsap-baraka-yangini-korkuttu\/#breadcrumb","itemListElement":[{"@type":"ListItem","position":1,"name":"Anasayfa","item":"https:\/\/memurunsesi.net\/"},{"@type":"ListItem","position":2,"name":"Sancaktepe&#8217;de ah\u015fap baraka yang\u0131n\u0131 korkuttu"}]},{"@type":"WebSite","@id":"https:\/\/memurunsesi.net\/#website","url":"https:\/\/memurunsesi.net\/","name":"Memurun Sesi","description":"G\u00fcncel ve Do\u011fru Haber","publisher":{"@id":"https:\/\/memurunsesi.net\/#organization"},"potentialAction":[{"@type":"SearchAction","target":{"@type":"EntryPoint","urlTemplate":"https:\/\/memurunsesi.net\/?s={search_term_string}"},"query-input":{"@type":"PropertyValueSpecification","valueRequired":true,"valueName":"search_term_string"}}],"inLanguage":"tr"},{"@type":"Organization","@id":"https:\/\/memurunsesi.net\/#organization","name":"Memurun Sesi","url":"https:\/\/memurunsesi.net\/","logo":{"@type":"ImageObject","inLanguage":"tr","@id":"https:\/\/memurunsesi.net\/#\/schema\/logo\/image\/","url":"https:\/\/memurunsesi.net\/wp-content\/uploads\/2025\/11\/cropped-MEMURUN-SESI.png","contentUrl":"https:\/\/memurunsesi.net\/wp-content\/uploads\/2025\/11\/cropped-MEMURUN-SESI.png","width":238,"height":57,"caption":"Memurun Sesi"},"image":{"@id":"https:\/\/memurunsesi.net\/#\/schema\/logo\/image\/"},"sameAs":["https:\/\/www.facebook.com\/unipersen\/?locale=tr_TR","https:\/\/x.com\/unipersen"]},{"@type":"Person","@id":"https:\/\/memurunsesi.net\/#\/schema\/person\/f21c2d73b89f6ee1d80b0a1803e38587","name":"Memurun Sesi Haber Merkezi","image":{"@type":"ImageObject","inLanguage":"tr","@id":"https:\/\/secure.gravatar.com\/avatar\/6cf0505f452ee753f485014986fab09a434671d2b919ee76fc541025c5876a70?s=96&d=mm&r=g","url":"https:\/\/secure.gravatar.com\/avatar\/6cf0505f452ee753f485014986fab09a434671d2b919ee76fc541025c5876a70?s=96&d=mm&r=g","contentUrl":"https:\/\/secure.gravatar.com\/avatar\/6cf0505f452ee753f485014986fab09a434671d2b919ee76fc541025c5876a70?s=96&d=mm&r=g","caption":"Memurun Sesi Haber Merkezi"},"sameAs":["https:\/\/memurunsesi.net"],"url":"https:\/\/memurunsesi.net\/index.php\/author\/uniper\/"}]}},"_links":{"self":[{"href":"https:\/\/memurunsesi.net\/index.php\/wp-json\/wp\/v2\/posts\/16726","targetHints":{"allow":["GET"]}}],"collection":[{"href":"https:\/\/memurunsesi.net\/index.php\/wp-json\/wp\/v2\/posts"}],"about":[{"href":"https:\/\/memurunsesi.net\/index.php\/wp-json\/wp\/v2\/types\/post"}],"author":[{"embeddable":true,"href":"https:\/\/memurunsesi.net\/index.php\/wp-json\/wp\/v2\/users\/1"}],"replies":[{"embeddable":true,"href":"https:\/\/memurunsesi.net\/index.php\/wp-json\/wp\/v2\/comments?post=16726"}],"version-history":[{"count":1,"href":"https:\/\/memurunsesi.net\/index.php\/wp-json\/wp\/v2\/posts\/16726\/revisions"}],"predecessor-version":[{"id":16728,"href":"https:\/\/memurunsesi.net\/index.php\/wp-json\/wp\/v2\/posts\/16726\/revisions\/16728"}],"wp:featuredmedia":[{"embeddable":true,"href":"https:\/\/memurunsesi.net\/index.php\/wp-json\/wp\/v2\/media\/16727"}],"wp:attachment":[{"href":"https:\/\/memurunsesi.net\/index.php\/wp-json\/wp\/v2\/media?parent=16726"}],"wp:term":[{"taxonomy":"category","embeddable":true,"href":"https:\/\/memurunsesi.net\/index.php\/wp-json\/wp\/v2\/categories?post=16726"},{"taxonomy":"post_tag","embeddable":true,"href":"https:\/\/memurunsesi.net\/index.php\/wp-json\/wp\/v2\/tags?post=16726"}],"curies":[{"name":"wp","href":"https:\/\/api.w.org\/{rel}","templated":true}]}}